{"id":4953,"date":"2024-12-26T11:17:14","date_gmt":"2024-12-26T14:17:14","guid":{"rendered":"https:\/\/redelitoralrs.com\/?p=4953"},"modified":"2024-12-26T11:17:15","modified_gmt":"2024-12-26T14:17:15","slug":"morre-ney-latorraca-aos-80-anos-icone-da-tv-brasileira","status":"publish","type":"post","link":"https:\/\/redelitoralrs.com\/index.php\/2024\/12\/26\/morre-ney-latorraca-aos-80-anos-icone-da-tv-brasileira\/","title":{"rendered":"Morre Ney Latorraca aos 80 anos, \u00edcone da TV brasileira"},"content":{"rendered":"\n<p>O ator e diretor Ney Latorraca faleceu nesta quinta-feira (26), aos 80 anos, na zona sul do Rio de Janeiro. A Cl\u00ednica S\u00e3o Vicente, onde estava internado, confirmou o falecimento. A causa da morte n\u00e3o foi divulgada. Latorraca, natural de Santos (SP), iniciou sua carreira na televis\u00e3o em 1975, na novela <em>Escalada<\/em>, e se destacou com personagens como o vampiro Vlad, em <em>Vamp<\/em> (1991), e o irreverente Barbosa, em <em>TV Pirata<\/em>. Seu talento e trajet\u00f3ria marcaram a hist\u00f3ria da teledramaturgia brasileira.<\/p>\n\n\n\n<p>Ney Latorraca era filho de artistas e teve uma vida marcada pela luta e supera\u00e7\u00e3o. Em depoimento ao programa <em>Mem\u00f3ria Globo<\/em>, revelou as dificuldades de sua inf\u00e2ncia, quando a arte foi sua forma de sobreviv\u00eancia. Come\u00e7ou sua carreira em teatro, em Santos, e ap\u00f3s se mudar para S\u00e3o Paulo, trabalhou com grandes nomes do teatro e da TV. Em sua trajet\u00f3ria, passou por diversas emissoras, mas foi na Rede Globo que alcan\u00e7ou notoriedade, tornando-se um dos artistas mais amados do pa\u00eds.<\/p>\n\n\n\n<p>Durante sua carreira, Latorraca se destacou n\u00e3o apenas pelo talento, mas pela versatilidade em interpretar diferentes personagens, deixando uma marca indel\u00e9vel na hist\u00f3ria da televis\u00e3o brasileira. Seu legado ser\u00e1 lembrado com carinho por todos que acompanharam sua trajet\u00f3ria art\u00edstica.<\/p>\n\n\n\n<p>Descanse em paz, Ney.<\/p>\n\n\n\n<p><em>Laura Pires Haendchen<\/em><\/p>\n\n\n\n<p><\/p>\n","protected":false},"excerpt":{"rendered":"<p>O ator e diretor Ney Latorraca faleceu nesta quinta-feira (26), aos 80 anos, na zona sul do Rio de Janeiro. A Cl\u00ednica S\u00e3o Vicente, onde estava internado, confirmou o falecimento. A causa da morte n\u00e3o foi divulgada. Latorraca, natural de Santos (SP), iniciou sua carreira na televis\u00e3o em 1975, na novela Escalada, e se destacou [&hellip;]<\/p>\n","protected":false},"author":2,"featured_media":4954,"comment_status":"open","ping_status":"open","sticky":false,"template":"","format":"standard","meta":{"_themeisle_gutenberg_block_has_review":false,"footnotes":""},"categories":[15],"tags":[92],"class_list":["post-4953","post","type-post","status-publish","format-standard","has-post-thumbnail","hentry","category-noticias","tag-noticia"],"yoast_head":"<!-- This site is optimized with the Yoast SEO plugin v27.4 - https:\/\/yoast.com\/product\/yoast-seo-wordpress\/ -->\n<title>Morre Ney Latorraca aos 80 anos, \u00edcone da TV brasileira - Rede Litoral RS<\/title>\n<meta name=\"robots\" content=\"index, follow, max-snippet:-1, max-image-preview:large, max-video-preview:-1\" \/>\n<link rel=\"canonical\" href=\"https:\/\/redelitoralrs.com\/index.php\/2024\/12\/26\/morre-ney-latorraca-aos-80-anos-icone-da-tv-brasileira\/\" \/>\n<meta property=\"og:locale\" content=\"pt_BR\" \/>\n<meta property=\"og:type\" content=\"article\" \/>\n<meta property=\"og:title\" content=\"Morre Ney Latorraca aos 80 anos, \u00edcone da TV brasileira - Rede Litoral RS\" \/>\n<meta property=\"og:description\" content=\"O ator e diretor Ney Latorraca faleceu nesta quinta-feira (26), aos 80 anos, na zona sul do Rio de Janeiro. A Cl\u00ednica S\u00e3o Vicente, onde estava internado, confirmou o falecimento. A causa da morte n\u00e3o foi divulgada. Latorraca, natural de Santos (SP), iniciou sua carreira na televis\u00e3o em 1975, na novela Escalada, e se destacou [&hellip;]\" \/>\n<meta property=\"og:url\" content=\"https:\/\/redelitoralrs.com\/index.php\/2024\/12\/26\/morre-ney-latorraca-aos-80-anos-icone-da-tv-brasileira\/\" \/>\n<meta property=\"og:site_name\" content=\"Rede Litoral RS\" \/>\n<meta property=\"article:publisher\" content=\"https:\/\/www.facebook.com\/tvlitoralrsoficial\" \/>\n<meta property=\"article:published_time\" content=\"2024-12-26T14:17:14+00:00\" \/>\n<meta property=\"article:modified_time\" content=\"2024-12-26T14:17:15+00:00\" \/>\n<meta property=\"og:image\" content=\"https:\/\/redelitoralrs.com\/wp-content\/uploads\/2024\/12\/ney-latorraca1.jpg\" \/>\n\t<meta property=\"og:image:width\" content=\"920\" \/>\n\t<meta property=\"og:image:height\" content=\"613\" \/>\n\t<meta property=\"og:image:type\" content=\"image\/jpeg\" \/>\n<meta name=\"author\" content=\"Reda\u00e7\u00e3o TV Litoral\" \/>\n<meta name=\"twitter:card\" content=\"summary_large_image\" \/>\n<meta name=\"twitter:label1\" content=\"Escrito por\" \/>\n\t<meta name=\"twitter:data1\" content=\"Reda\u00e7\u00e3o TV Litoral\" \/>\n\t<meta name=\"twitter:label2\" content=\"Est. tempo de leitura\" \/>\n\t<meta name=\"twitter:data2\" content=\"2 minutos\" \/>\n<script type=\"application\/ld+json\" class=\"yoast-schema-graph\">{\"@context\":\"https:\\\/\\\/schema.org\",\"@graph\":[{\"@type\":\"Article\",\"@id\":\"https:\\\/\\\/redelitoralrs.com\\\/index.php\\\/2024\\\/12\\\/26\\\/morre-ney-latorraca-aos-80-anos-icone-da-tv-brasileira\\\/#article\",\"isPartOf\":{\"@id\":\"https:\\\/\\\/redelitoralrs.com\\\/index.php\\\/2024\\\/12\\\/26\\\/morre-ney-latorraca-aos-80-anos-icone-da-tv-brasileira\\\/\"},\"author\":{\"name\":\"Reda\u00e7\u00e3o TV Litoral\",\"@id\":\"https:\\\/\\\/redelitoralrs.com\\\/#\\\/schema\\\/person\\\/9f8181f2a7359dd3986f05ebaf5bd68a\"},\"headline\":\"Morre Ney Latorraca aos 80 anos, \u00edcone da TV brasileira\",\"datePublished\":\"2024-12-26T14:17:14+00:00\",\"dateModified\":\"2024-12-26T14:17:15+00:00\",\"mainEntityOfPage\":{\"@id\":\"https:\\\/\\\/redelitoralrs.com\\\/index.php\\\/2024\\\/12\\\/26\\\/morre-ney-latorraca-aos-80-anos-icone-da-tv-brasileira\\\/\"},\"wordCount\":235,\"commentCount\":0,\"publisher\":{\"@id\":\"https:\\\/\\\/redelitoralrs.com\\\/#organization\"},\"image\":{\"@id\":\"https:\\\/\\\/redelitoralrs.com\\\/index.php\\\/2024\\\/12\\\/26\\\/morre-ney-latorraca-aos-80-anos-icone-da-tv-brasileira\\\/#primaryimage\"},\"thumbnailUrl\":\"https:\\\/\\\/redelitoralrs.com\\\/wp-content\\\/uploads\\\/2024\\\/12\\\/ney-latorraca1.jpg\",\"keywords\":[\"not\u00edcia\"],\"articleSection\":[\"\u00daltimas not\u00edcias\"],\"inLanguage\":\"pt-BR\",\"potentialAction\":[{\"@type\":\"CommentAction\",\"name\":\"Comment\",\"target\":[\"https:\\\/\\\/redelitoralrs.com\\\/index.php\\\/2024\\\/12\\\/26\\\/morre-ney-latorraca-aos-80-anos-icone-da-tv-brasileira\\\/#respond\"]}]},{\"@type\":\"WebPage\",\"@id\":\"https:\\\/\\\/redelitoralrs.com\\\/index.php\\\/2024\\\/12\\\/26\\\/morre-ney-latorraca-aos-80-anos-icone-da-tv-brasileira\\\/\",\"url\":\"https:\\\/\\\/redelitoralrs.com\\\/index.php\\\/2024\\\/12\\\/26\\\/morre-ney-latorraca-aos-80-anos-icone-da-tv-brasileira\\\/\",\"name\":\"Morre Ney Latorraca aos 80 anos, \u00edcone da TV brasileira - Rede Litoral RS\",\"isPartOf\":{\"@id\":\"https:\\\/\\\/redelitoralrs.com\\\/#website\"},\"primaryImageOfPage\":{\"@id\":\"https:\\\/\\\/redelitoralrs.com\\\/index.php\\\/2024\\\/12\\\/26\\\/morre-ney-latorraca-aos-80-anos-icone-da-tv-brasileira\\\/#primaryimage\"},\"image\":{\"@id\":\"https:\\\/\\\/redelitoralrs.com\\\/index.php\\\/2024\\\/12\\\/26\\\/morre-ney-latorraca-aos-80-anos-icone-da-tv-brasileira\\\/#primaryimage\"},\"thumbnailUrl\":\"https:\\\/\\\/redelitoralrs.com\\\/wp-content\\\/uploads\\\/2024\\\/12\\\/ney-latorraca1.jpg\",\"datePublished\":\"2024-12-26T14:17:14+00:00\",\"dateModified\":\"2024-12-26T14:17:15+00:00\",\"breadcrumb\":{\"@id\":\"https:\\\/\\\/redelitoralrs.com\\\/index.php\\\/2024\\\/12\\\/26\\\/morre-ney-latorraca-aos-80-anos-icone-da-tv-brasileira\\\/#breadcrumb\"},\"inLanguage\":\"pt-BR\",\"potentialAction\":[{\"@type\":\"ReadAction\",\"target\":[\"https:\\\/\\\/redelitoralrs.com\\\/index.php\\\/2024\\\/12\\\/26\\\/morre-ney-latorraca-aos-80-anos-icone-da-tv-brasileira\\\/\"]}]},{\"@type\":\"ImageObject\",\"inLanguage\":\"pt-BR\",\"@id\":\"https:\\\/\\\/redelitoralrs.com\\\/index.php\\\/2024\\\/12\\\/26\\\/morre-ney-latorraca-aos-80-anos-icone-da-tv-brasileira\\\/#primaryimage\",\"url\":\"https:\\\/\\\/redelitoralrs.com\\\/wp-content\\\/uploads\\\/2024\\\/12\\\/ney-latorraca1.jpg\",\"contentUrl\":\"https:\\\/\\\/redelitoralrs.com\\\/wp-content\\\/uploads\\\/2024\\\/12\\\/ney-latorraca1.jpg\",\"width\":920,\"height\":613},{\"@type\":\"BreadcrumbList\",\"@id\":\"https:\\\/\\\/redelitoralrs.com\\\/index.php\\\/2024\\\/12\\\/26\\\/morre-ney-latorraca-aos-80-anos-icone-da-tv-brasileira\\\/#breadcrumb\",\"itemListElement\":[{\"@type\":\"ListItem\",\"position\":1,\"name\":\"In\u00edcio\",\"item\":\"https:\\\/\\\/redelitoralrs.com\\\/\"},{\"@type\":\"ListItem\",\"position\":2,\"name\":\"Morre Ney Latorraca aos 80 anos, \u00edcone da TV brasileira\"}]},{\"@type\":\"WebSite\",\"@id\":\"https:\\\/\\\/redelitoralrs.com\\\/#website\",\"url\":\"https:\\\/\\\/redelitoralrs.com\\\/\",\"name\":\"TV Litoral\",\"description\":\"Acompanhe tudo do litoral ga\u00facho com a cobertura completa e atualizada da Rede Litoral RS. Nossos jornalistas trazem as \u00faltimas not\u00edcias, os acontecimentos mais quentes e as hist\u00f3rias que importam sobre nosso amado litoral.\",\"publisher\":{\"@id\":\"https:\\\/\\\/redelitoralrs.com\\\/#organization\"},\"potentialAction\":[{\"@type\":\"SearchAction\",\"target\":{\"@type\":\"EntryPoint\",\"urlTemplate\":\"https:\\\/\\\/redelitoralrs.com\\\/?s={search_term_string}\"},\"query-input\":{\"@type\":\"PropertyValueSpecification\",\"valueRequired\":true,\"valueName\":\"search_term_string\"}}],\"inLanguage\":\"pt-BR\"},{\"@type\":\"Organization\",\"@id\":\"https:\\\/\\\/redelitoralrs.com\\\/#organization\",\"name\":\"TV Litoral\",\"url\":\"https:\\\/\\\/redelitoralrs.com\\\/\",\"logo\":{\"@type\":\"ImageObject\",\"inLanguage\":\"pt-BR\",\"@id\":\"https:\\\/\\\/redelitoralrs.com\\\/#\\\/schema\\\/logo\\\/image\\\/\",\"url\":\"https:\\\/\\\/redelitoralrs.com\\\/wp-content\\\/uploads\\\/2024\\\/01\\\/faviconicon-1-1.png\",\"contentUrl\":\"https:\\\/\\\/redelitoralrs.com\\\/wp-content\\\/uploads\\\/2024\\\/01\\\/faviconicon-1-1.png\",\"width\":454,\"height\":454,\"caption\":\"TV Litoral\"},\"image\":{\"@id\":\"https:\\\/\\\/redelitoralrs.com\\\/#\\\/schema\\\/logo\\\/image\\\/\"},\"sameAs\":[\"https:\\\/\\\/www.facebook.com\\\/tvlitoralrsoficial\",\"https:\\\/\\\/www.instagram.com\\\/tvlitoral.rs\"]},{\"@type\":\"Person\",\"@id\":\"https:\\\/\\\/redelitoralrs.com\\\/#\\\/schema\\\/person\\\/9f8181f2a7359dd3986f05ebaf5bd68a\",\"name\":\"Reda\u00e7\u00e3o TV Litoral\",\"image\":{\"@type\":\"ImageObject\",\"inLanguage\":\"pt-BR\",\"@id\":\"https:\\\/\\\/redelitoralrs.com\\\/wp-content\\\/litespeed\\\/avatar\\\/779aafbb45e66c7f82733e21abb48259.jpg?ver=1777561602\",\"url\":\"https:\\\/\\\/redelitoralrs.com\\\/wp-content\\\/litespeed\\\/avatar\\\/779aafbb45e66c7f82733e21abb48259.jpg?ver=1777561602\",\"contentUrl\":\"https:\\\/\\\/redelitoralrs.com\\\/wp-content\\\/litespeed\\\/avatar\\\/779aafbb45e66c7f82733e21abb48259.jpg?ver=1777561602\",\"caption\":\"Reda\u00e7\u00e3o TV Litoral\"},\"description\":\"A Rede Litoral de Comunica\u00e7\u00e3o \u00e9 um grupo de m\u00eddia multiplataforma do Litoral Norte do RS. Com atua\u00e7\u00e3o em TV, r\u00e1dio, portal e redes sociais, levamos informa\u00e7\u00e3o, conte\u00fado e entretenimento \u00e0 comunidade, fortalecendo a comunica\u00e7\u00e3o local e impulsionando o desenvolvimento regional. Acompanhe atrav\u00e9s de @redelitoralrs.\",\"sameAs\":[\"https:\\\/\\\/redelitoralrs.com\",\"https:\\\/\\\/www.instagram.com\\\/redelitoralrs\",\"https:\\\/\\\/www.youtube.com\\\/@redelitoralrs\"],\"url\":\"https:\\\/\\\/redelitoralrs.com\\\/index.php\\\/author\\\/redacaotvlitoral\\\/\"}]}<\/script>\n<!-- \/ Yoast SEO plugin. -->","yoast_head_json":{"title":"Morre Ney Latorraca aos 80 anos, \u00edcone da TV brasileira - Rede Litoral RS","robots":{"index":"index","follow":"follow","max-snippet":"max-snippet:-1","max-image-preview":"max-image-preview:large","max-video-preview":"max-video-preview:-1"},"canonical":"https:\/\/redelitoralrs.com\/index.php\/2024\/12\/26\/morre-ney-latorraca-aos-80-anos-icone-da-tv-brasileira\/","og_locale":"pt_BR","og_type":"article","og_title":"Morre Ney Latorraca aos 80 anos, \u00edcone da TV brasileira - Rede Litoral RS","og_description":"O ator e diretor Ney Latorraca faleceu nesta quinta-feira (26), aos 80 anos, na zona sul do Rio de Janeiro. A Cl\u00ednica S\u00e3o Vicente, onde estava internado, confirmou o falecimento. A causa da morte n\u00e3o foi divulgada. Latorraca, natural de Santos (SP), iniciou sua carreira na televis\u00e3o em 1975, na novela Escalada, e se destacou [&hellip;]","og_url":"https:\/\/redelitoralrs.com\/index.php\/2024\/12\/26\/morre-ney-latorraca-aos-80-anos-icone-da-tv-brasileira\/","og_site_name":"Rede Litoral RS","article_publisher":"https:\/\/www.facebook.com\/tvlitoralrsoficial","article_published_time":"2024-12-26T14:17:14+00:00","article_modified_time":"2024-12-26T14:17:15+00:00","og_image":[{"width":920,"height":613,"url":"https:\/\/redelitoralrs.com\/wp-content\/uploads\/2024\/12\/ney-latorraca1.jpg","type":"image\/jpeg"}],"author":"Reda\u00e7\u00e3o TV Litoral","twitter_card":"summary_large_image","twitter_misc":{"Escrito por":"Reda\u00e7\u00e3o TV Litoral","Est. tempo de leitura":"2 minutos"},"schema":{"@context":"https:\/\/schema.org","@graph":[{"@type":"Article","@id":"https:\/\/redelitoralrs.com\/index.php\/2024\/12\/26\/morre-ney-latorraca-aos-80-anos-icone-da-tv-brasileira\/#article","isPartOf":{"@id":"https:\/\/redelitoralrs.com\/index.php\/2024\/12\/26\/morre-ney-latorraca-aos-80-anos-icone-da-tv-brasileira\/"},"author":{"name":"Reda\u00e7\u00e3o TV Litoral","@id":"https:\/\/redelitoralrs.com\/#\/schema\/person\/9f8181f2a7359dd3986f05ebaf5bd68a"},"headline":"Morre Ney Latorraca aos 80 anos, \u00edcone da TV brasileira","datePublished":"2024-12-26T14:17:14+00:00","dateModified":"2024-12-26T14:17:15+00:00","mainEntityOfPage":{"@id":"https:\/\/redelitoralrs.com\/index.php\/2024\/12\/26\/morre-ney-latorraca-aos-80-anos-icone-da-tv-brasileira\/"},"wordCount":235,"commentCount":0,"publisher":{"@id":"https:\/\/redelitoralrs.com\/#organization"},"image":{"@id":"https:\/\/redelitoralrs.com\/index.php\/2024\/12\/26\/morre-ney-latorraca-aos-80-anos-icone-da-tv-brasileira\/#primaryimage"},"thumbnailUrl":"https:\/\/redelitoralrs.com\/wp-content\/uploads\/2024\/12\/ney-latorraca1.jpg","keywords":["not\u00edcia"],"articleSection":["\u00daltimas not\u00edcias"],"inLanguage":"pt-BR","potentialAction":[{"@type":"CommentAction","name":"Comment","target":["https:\/\/redelitoralrs.com\/index.php\/2024\/12\/26\/morre-ney-latorraca-aos-80-anos-icone-da-tv-brasileira\/#respond"]}]},{"@type":"WebPage","@id":"https:\/\/redelitoralrs.com\/index.php\/2024\/12\/26\/morre-ney-latorraca-aos-80-anos-icone-da-tv-brasileira\/","url":"https:\/\/redelitoralrs.com\/index.php\/2024\/12\/26\/morre-ney-latorraca-aos-80-anos-icone-da-tv-brasileira\/","name":"Morre Ney Latorraca aos 80 anos, \u00edcone da TV brasileira - Rede Litoral RS","isPartOf":{"@id":"https:\/\/redelitoralrs.com\/#website"},"primaryImageOfPage":{"@id":"https:\/\/redelitoralrs.com\/index.php\/2024\/12\/26\/morre-ney-latorraca-aos-80-anos-icone-da-tv-brasileira\/#primaryimage"},"image":{"@id":"https:\/\/redelitoralrs.com\/index.php\/2024\/12\/26\/morre-ney-latorraca-aos-80-anos-icone-da-tv-brasileira\/#primaryimage"},"thumbnailUrl":"https:\/\/redelitoralrs.com\/wp-content\/uploads\/2024\/12\/ney-latorraca1.jpg","datePublished":"2024-12-26T14:17:14+00:00","dateModified":"2024-12-26T14:17:15+00:00","breadcrumb":{"@id":"https:\/\/redelitoralrs.com\/index.php\/2024\/12\/26\/morre-ney-latorraca-aos-80-anos-icone-da-tv-brasileira\/#breadcrumb"},"inLanguage":"pt-BR","potentialAction":[{"@type":"ReadAction","target":["https:\/\/redelitoralrs.com\/index.php\/2024\/12\/26\/morre-ney-latorraca-aos-80-anos-icone-da-tv-brasileira\/"]}]},{"@type":"ImageObject","inLanguage":"pt-BR","@id":"https:\/\/redelitoralrs.com\/index.php\/2024\/12\/26\/morre-ney-latorraca-aos-80-anos-icone-da-tv-brasileira\/#primaryimage","url":"https:\/\/redelitoralrs.com\/wp-content\/uploads\/2024\/12\/ney-latorraca1.jpg","contentUrl":"https:\/\/redelitoralrs.com\/wp-content\/uploads\/2024\/12\/ney-latorraca1.jpg","width":920,"height":613},{"@type":"BreadcrumbList","@id":"https:\/\/redelitoralrs.com\/index.php\/2024\/12\/26\/morre-ney-latorraca-aos-80-anos-icone-da-tv-brasileira\/#breadcrumb","itemListElement":[{"@type":"ListItem","position":1,"name":"In\u00edcio","item":"https:\/\/redelitoralrs.com\/"},{"@type":"ListItem","position":2,"name":"Morre Ney Latorraca aos 80 anos, \u00edcone da TV brasileira"}]},{"@type":"WebSite","@id":"https:\/\/redelitoralrs.com\/#website","url":"https:\/\/redelitoralrs.com\/","name":"TV Litoral","description":"Acompanhe tudo do litoral ga\u00facho com a cobertura completa e atualizada da Rede Litoral RS. Nossos jornalistas trazem as \u00faltimas not\u00edcias, os acontecimentos mais quentes e as hist\u00f3rias que importam sobre nosso amado litoral.","publisher":{"@id":"https:\/\/redelitoralrs.com\/#organization"},"potentialAction":[{"@type":"SearchAction","target":{"@type":"EntryPoint","urlTemplate":"https:\/\/redelitoralrs.com\/?s={search_term_string}"},"query-input":{"@type":"PropertyValueSpecification","valueRequired":true,"valueName":"search_term_string"}}],"inLanguage":"pt-BR"},{"@type":"Organization","@id":"https:\/\/redelitoralrs.com\/#organization","name":"TV Litoral","url":"https:\/\/redelitoralrs.com\/","logo":{"@type":"ImageObject","inLanguage":"pt-BR","@id":"https:\/\/redelitoralrs.com\/#\/schema\/logo\/image\/","url":"https:\/\/redelitoralrs.com\/wp-content\/uploads\/2024\/01\/faviconicon-1-1.png","contentUrl":"https:\/\/redelitoralrs.com\/wp-content\/uploads\/2024\/01\/faviconicon-1-1.png","width":454,"height":454,"caption":"TV Litoral"},"image":{"@id":"https:\/\/redelitoralrs.com\/#\/schema\/logo\/image\/"},"sameAs":["https:\/\/www.facebook.com\/tvlitoralrsoficial","https:\/\/www.instagram.com\/tvlitoral.rs"]},{"@type":"Person","@id":"https:\/\/redelitoralrs.com\/#\/schema\/person\/9f8181f2a7359dd3986f05ebaf5bd68a","name":"Reda\u00e7\u00e3o TV Litoral","image":{"@type":"ImageObject","inLanguage":"pt-BR","@id":"https:\/\/redelitoralrs.com\/wp-content\/litespeed\/avatar\/779aafbb45e66c7f82733e21abb48259.jpg?ver=1777561602","url":"https:\/\/redelitoralrs.com\/wp-content\/litespeed\/avatar\/779aafbb45e66c7f82733e21abb48259.jpg?ver=1777561602","contentUrl":"https:\/\/redelitoralrs.com\/wp-content\/litespeed\/avatar\/779aafbb45e66c7f82733e21abb48259.jpg?ver=1777561602","caption":"Reda\u00e7\u00e3o TV Litoral"},"description":"A Rede Litoral de Comunica\u00e7\u00e3o \u00e9 um grupo de m\u00eddia multiplataforma do Litoral Norte do RS. Com atua\u00e7\u00e3o em TV, r\u00e1dio, portal e redes sociais, levamos informa\u00e7\u00e3o, conte\u00fado e entretenimento \u00e0 comunidade, fortalecendo a comunica\u00e7\u00e3o local e impulsionando o desenvolvimento regional. Acompanhe atrav\u00e9s de @redelitoralrs.","sameAs":["https:\/\/redelitoralrs.com","https:\/\/www.instagram.com\/redelitoralrs","https:\/\/www.youtube.com\/@redelitoralrs"],"url":"https:\/\/redelitoralrs.com\/index.php\/author\/redacaotvlitoral\/"}]}},"_links":{"self":[{"href":"https:\/\/redelitoralrs.com\/index.php\/wp-json\/wp\/v2\/posts\/4953","targetHints":{"allow":["GET"]}}],"collection":[{"href":"https:\/\/redelitoralrs.com\/index.php\/wp-json\/wp\/v2\/posts"}],"about":[{"href":"https:\/\/redelitoralrs.com\/index.php\/wp-json\/wp\/v2\/types\/post"}],"author":[{"embeddable":true,"href":"https:\/\/redelitoralrs.com\/index.php\/wp-json\/wp\/v2\/users\/2"}],"replies":[{"embeddable":true,"href":"https:\/\/redelitoralrs.com\/index.php\/wp-json\/wp\/v2\/comments?post=4953"}],"version-history":[{"count":1,"href":"https:\/\/redelitoralrs.com\/index.php\/wp-json\/wp\/v2\/posts\/4953\/revisions"}],"predecessor-version":[{"id":4955,"href":"https:\/\/redelitoralrs.com\/index.php\/wp-json\/wp\/v2\/posts\/4953\/revisions\/4955"}],"wp:featuredmedia":[{"embeddable":true,"href":"https:\/\/redelitoralrs.com\/index.php\/wp-json\/wp\/v2\/media\/4954"}],"wp:attachment":[{"href":"https:\/\/redelitoralrs.com\/index.php\/wp-json\/wp\/v2\/media?parent=4953"}],"wp:term":[{"taxonomy":"category","embeddable":true,"href":"https:\/\/redelitoralrs.com\/index.php\/wp-json\/wp\/v2\/categories?post=4953"},{"taxonomy":"post_tag","embeddable":true,"href":"https:\/\/redelitoralrs.com\/index.php\/wp-json\/wp\/v2\/tags?post=4953"}],"curies":[{"name":"wp","href":"https:\/\/api.w.org\/{rel}","templated":true}]}}