{"id":4880,"date":"2024-12-20T16:41:24","date_gmt":"2024-12-20T19:41:24","guid":{"rendered":"https:\/\/redelitoralrs.com\/?p=4880"},"modified":"2024-12-21T11:43:59","modified_gmt":"2024-12-21T14:43:59","slug":"passando-a-limpo-a-temporada-de-2024-para-gremio-juventude-e-inter-o-que-esperar-para-2025","status":"publish","type":"post","link":"https:\/\/redelitoralrs.com\/index.php\/2024\/12\/20\/passando-a-limpo-a-temporada-de-2024-para-gremio-juventude-e-inter-o-que-esperar-para-2025\/","title":{"rendered":"Passando a limpo a temporada de 2024, para Gr\u00eamio, Juventude e Inter. O que esperar para 2025!"},"content":{"rendered":"\n<p>A temporada de 2024 acabou para os times ga\u00fachos, ap\u00f3s tudo que aconteceu aqui no RS, essa temporada lembrou uma &#8220;hist\u00f3ria sem fim&#8221;. Individualmente cada um dos tr\u00eas times da serie &#8220;A&#8221; viveu de forma \u00fanica as dificuldades deste ano. Sem sombra de d\u00favidas o Gr\u00eamio foi o que mais teve dificuldades com as enchentes, Inter e Juventude sofreram, mas com uma intensidade menor e por tanto com uma resolu\u00e7\u00e3o diferente.<\/p>\n\n\n\n<p>O Juventude, dos tr\u00eas gauchos foi o que teve  menos preju\u00edzos, j\u00e1 que seu est\u00e1dio ou mesmo o CT n\u00e3o foram alagados, a maior dificuldade do time da serra foi mesmo a log\u00edstica, j\u00e1 que o principal Aeroporto do Estado, o Salgado Filho, acabou interditado. Mas ainda assim o Ju ajustou seus deslocamentos, partindo de Caxias do Sul, via terrestre, na pratica essa foi a \u00fanica dificuldade. Claro que a quest\u00e3o psicol\u00f3gica afetou a todos, afinal essa foi a maior cat\u00e1strofe clim\u00e1tica da historia do RS. O alviverde passou o segundo semestre com altos e baixos, lutando contra o rebaixamento, mas podendo sonhar at\u00e9 mesmo com uma Sul-Americana, a maior dificuldade foi perder o seu treinador para o Inter e ter que recome\u00e7ar o trabalho que vinha bem.<\/p>\n\n\n\n<p>O Internacional teve o in\u00edcio da temporada de 2024 como um dos anos mais promissores, em algum momento a sua torcida e a imprensa afirmaram de forma quase un\u00e2nime que a janela de transfer\u00eancias foi a melhor dos \u00faltimos 20 anos no colorado. Uma expectativa que foi criada logo na primeira entrevista do seu presidente, Alessandro Barcellos afirmou que o Inter seria o grande time do Brasil e que o seu primeiro t\u00edtulo ja seria o gauch\u00e3o de 2024. Al\u00e9m disso sua principal obsess\u00e3o seria a conquista do Campeonato Brasileiro, algo que o torcedor colorado n\u00e3o comemora a 45 anos. As competi\u00e7\u00f5es foram passando, o time sendo eliminado de em todas, Gauch\u00e3o, Sul-americana e por fim o Campeonato brasileiro. O colorado teve a mudan\u00e7a no comando t\u00e9cnico, saiu Chacho Coudet e chegou Roger Machado. O time reagiu, e disputou o titulo nacional, o grande objetivo da temporada, mas faltou &#8220;g\u00e1s&#8221;  e mais uma vez n\u00e3o foi poss\u00edvel levantar ta\u00e7a na temporada, o que deixou seu torcedor frustrado novamente. <\/p>\n\n\n\n<p>O Gr\u00eamio, por sua vez, foi dos gauchos o que mais teve problemas a resolver devido as enchentes. o tricolor passou praticamente um turno jogando longe de seus dom\u00ednios. A sua casa, a Arena ficou completamente submersa, o bairro Humait\u00e1, onde est\u00e1 localizado o est\u00e1dio foi um dos lugares mais atingidos da cidade, o que fez o tricolor perder tamb\u00e9m o seu CT que fica no mesmo local praticamente. Al\u00e9m do CT de Eldorado do Sul, cidade da regi\u00e3o metropolitana, que teve 95% do seu territ\u00f3rio debaixo d&#8217;agua. O clube precisou sair totalmente do estado, foram jogos no: Paran\u00e1, S\u00e3o Paulo, Espirito Santo, Distrito Federal, Santa Catarina e Caxias do Sul, um clube &#8220;cigano&#8221; na temporada. Al\u00e9m de contrata\u00e7\u00f5es duvidosas, o time teve que brigar contra a quest\u00e3o f\u00edsica e psicol\u00f3gica dos atletas que precisaram ficar longos per\u00edodos longe de suas fam\u00edlias. Com tudo isso os tricolores foram eliminados pouco a pouco das competi\u00e7\u00f5es, Libertadores, Copa do Brasil e lutou at\u00e9 a rodada 36 para afastar o rebaixamento a serie &#8220;B&#8221; do brasileiro. Restou apenas o t\u00edtulo ga\u00facho, conquistado no primeiro semestre ainda antes das enchentes. <\/p>\n\n\n\n<p><\/p>\n\n\n\n<p>O ano de 2025 n\u00e3o ser\u00e1 moleza para os gauchos, pois os reflexos disso tudo ainda vai estar presente de alguma forma, ser\u00e1 necess\u00e1rio muita criatividade aos seus dirigentes para obter resultados melhores do que em 2024. <\/p>\n\n\n\n<p>O Juventude revelou alguns bons jogadores e como consequ\u00eancia ser\u00e1 dif\u00edcil manter o mesmo elenco, vai precisar repor nomes como Lucas Barbosa, destaque que ja esta acertado com RB Bragantino, mas sem muitos recursos n\u00e3o ser\u00e1 tarefa f\u00e1cil. <\/p>\n\n\n\n<p>O Gr\u00eamio vai precisar encontrar um substituto para o seu maior \u00eddolo, Renato Portaluppi, que n\u00e3o ficou no clube e ao que tudo indica ser\u00e1 Pedro caixinha, o portugu\u00eas teve passagens por alguns clubes, como Vasco da Gama e RB Bragantino, mas com certeza o Gr\u00eamio \u00e9 o seu maior desafio da carreira. O presidente Alberto Guerra deu in\u00edcio a uma &#8220;faxina&#8221; no clube, trocou todo o departamento de futebol, a prepara\u00e7\u00e3o f\u00edsica tamb\u00e9m teve mudan\u00e7as, e ao menos 4 jogadores n\u00e3o ter\u00e3o seus contratos renovados, casos do lateral esquerdo Reinaldo e do atacante Soteldo. O Trabalho ser\u00e1 pesado, vale lembrar que 2025 \u00e9 ano de elei\u00e7\u00f5es no Gr\u00eamio, o que por si s\u00f3 complica qualquer planejamento.<\/p>\n\n\n\n<p>O Inter vai precisar de muita resili\u00eancia para superar as derrotas do ano de 2024, pois todas foram muito duras com seu torcedor e com a dire\u00e7\u00e3o colorada. O time terminou em alta mais uma vez, como ja vem acontecendo nos \u00faltimos anos. Classificado de forma direta para maior competi\u00e7\u00e3o do continente, a Libertadores, o presidente Barcellos vai precisar fazer ginastica para ter sucesso em 2025. O Caixa colorado n\u00e3o teve o mesmo desempenho do time, e em seu ato final, o presidente foi derrotado desta vez pelo seu CD(Conselho Deliberativo), que n\u00e3o aprovou o seu plano de transformar a divida que passa dos R$ 100.000.000,00 (cem milh\u00f5es de reais) em deb\u00eantures. Al\u00e9m disso, o Inter vai precisar repor a sa\u00edda de jogadores importantes como: Vit\u00e3o, Alario, Wesley e possivelmente  Bernabei, eleito a revela\u00e7\u00e3o do campeonato brasileiro.  <\/p>\n\n\n\n<p>Certeza mesmo \u00e9 que os clubes do Sul, em especial Gr\u00eamio e Inter, est\u00e3o cada vez mais distantes do n\u00edvel dos clubes do eixo Rio S\u00e3o Paulo, o que aproxima a Dupla do projeto de uma SAF para voltar a sonhar com grandes conquistas. <\/p>\n","protected":false},"excerpt":{"rendered":"<p>A temporada de 2024 acabou para os times ga\u00fachos, ap\u00f3s tudo que aconteceu aqui no RS, essa temporada lembrou uma &#8220;hist\u00f3ria sem fim&#8221;. Individualmente cada um dos tr\u00eas times da serie &#8220;A&#8221; viveu de forma \u00fanica as dificuldades deste ano. Sem sombra de d\u00favidas o Gr\u00eamio foi o que mais teve dificuldades com as enchentes, [&hellip;]<\/p>\n","protected":false},"author":3,"featured_media":4881,"comment_status":"open","ping_status":"open","sticky":false,"template":"","format":"standard","meta":{"_themeisle_gutenberg_block_has_review":false,"footnotes":""},"categories":[52,105,14,46,50,51,15],"tags":[53,88,43,61,128],"class_list":["post-4880","post","type-post","status-publish","format-standard","has-post-thumbnail","hentry","category-brasileirao-2025","category-enchentes","category-esportes","category-gremio","category-inter","category-juventude","category-noticias","tag-brasileirao2024","tag-enchentes","tag-gremio","tag-inter","tag-rio-grande-do-sul"],"yoast_head":"<!-- This site is optimized with the Yoast SEO plugin v27.4 - https:\/\/yoast.com\/product\/yoast-seo-wordpress\/ -->\n<title>Passando a limpo a temporada de 2024, para Gr\u00eamio, Juventude e Inter. O que esperar para 2025! - Rede Litoral RS<\/title>\n<meta name=\"robots\" content=\"index, follow, max-snippet:-1, max-image-preview:large, max-video-preview:-1\" \/>\n<link rel=\"canonical\" href=\"https:\/\/redelitoralrs.com\/index.php\/2024\/12\/20\/passando-a-limpo-a-temporada-de-2024-para-gremio-juventude-e-inter-o-que-esperar-para-2025\/\" \/>\n<meta property=\"og:locale\" content=\"pt_BR\" \/>\n<meta property=\"og:type\" content=\"article\" \/>\n<meta property=\"og:title\" content=\"Passando a limpo a temporada de 2024, para Gr\u00eamio, Juventude e Inter. O que esperar para 2025! - Rede Litoral RS\" \/>\n<meta property=\"og:description\" content=\"A temporada de 2024 acabou para os times ga\u00fachos, ap\u00f3s tudo que aconteceu aqui no RS, essa temporada lembrou uma &#8220;hist\u00f3ria sem fim&#8221;. Individualmente cada um dos tr\u00eas times da serie &#8220;A&#8221; viveu de forma \u00fanica as dificuldades deste ano. Sem sombra de d\u00favidas o Gr\u00eamio foi o que mais teve dificuldades com as enchentes, [&hellip;]\" \/>\n<meta property=\"og:url\" content=\"https:\/\/redelitoralrs.com\/index.php\/2024\/12\/20\/passando-a-limpo-a-temporada-de-2024-para-gremio-juventude-e-inter-o-que-esperar-para-2025\/\" \/>\n<meta property=\"og:site_name\" content=\"Rede Litoral RS\" \/>\n<meta property=\"article:publisher\" content=\"https:\/\/www.facebook.com\/tvlitoralrsoficial\" \/>\n<meta property=\"article:author\" content=\"https:\/\/www.facebook.com\/marcio.lima.14473\/\" \/>\n<meta property=\"article:published_time\" content=\"2024-12-20T19:41:24+00:00\" \/>\n<meta property=\"article:modified_time\" content=\"2024-12-21T14:43:59+00:00\" \/>\n<meta property=\"og:image\" content=\"https:\/\/redelitoralrs.com\/wp-content\/uploads\/2024\/12\/Temporada-de-2024.jpeg\" \/>\n\t<meta property=\"og:image:width\" content=\"1599\" \/>\n\t<meta property=\"og:image:height\" content=\"1326\" \/>\n\t<meta property=\"og:image:type\" content=\"image\/jpeg\" \/>\n<meta name=\"author\" content=\"M\u00e1rcio Lima\" \/>\n<meta name=\"twitter:card\" content=\"summary_large_image\" \/>\n<meta name=\"twitter:creator\" content=\"@https:\/\/x.com\/mhlimalima\" \/>\n<meta name=\"twitter:label1\" content=\"Escrito por\" \/>\n\t<meta name=\"twitter:data1\" content=\"M\u00e1rcio Lima\" \/>\n\t<meta name=\"twitter:label2\" content=\"Est. tempo de leitura\" \/>\n\t<meta name=\"twitter:data2\" content=\"6 minutos\" \/>\n<script type=\"application\/ld+json\" class=\"yoast-schema-graph\">{\"@context\":\"https:\\\/\\\/schema.org\",\"@graph\":[{\"@type\":\"Article\",\"@id\":\"https:\\\/\\\/redelitoralrs.com\\\/index.php\\\/2024\\\/12\\\/20\\\/passando-a-limpo-a-temporada-de-2024-para-gremio-juventude-e-inter-o-que-esperar-para-2025\\\/#article\",\"isPartOf\":{\"@id\":\"https:\\\/\\\/redelitoralrs.com\\\/index.php\\\/2024\\\/12\\\/20\\\/passando-a-limpo-a-temporada-de-2024-para-gremio-juventude-e-inter-o-que-esperar-para-2025\\\/\"},\"author\":{\"name\":\"M\u00e1rcio Lima\",\"@id\":\"https:\\\/\\\/redelitoralrs.com\\\/#\\\/schema\\\/person\\\/9f12fab0e2eaa9767fa8ba6d64c1edba\"},\"headline\":\"Passando a limpo a temporada de 2024, para Gr\u00eamio, Juventude e Inter. O que esperar para 2025!\",\"datePublished\":\"2024-12-20T19:41:24+00:00\",\"dateModified\":\"2024-12-21T14:43:59+00:00\",\"mainEntityOfPage\":{\"@id\":\"https:\\\/\\\/redelitoralrs.com\\\/index.php\\\/2024\\\/12\\\/20\\\/passando-a-limpo-a-temporada-de-2024-para-gremio-juventude-e-inter-o-que-esperar-para-2025\\\/\"},\"wordCount\":1012,\"commentCount\":0,\"publisher\":{\"@id\":\"https:\\\/\\\/redelitoralrs.com\\\/#organization\"},\"image\":{\"@id\":\"https:\\\/\\\/redelitoralrs.com\\\/index.php\\\/2024\\\/12\\\/20\\\/passando-a-limpo-a-temporada-de-2024-para-gremio-juventude-e-inter-o-que-esperar-para-2025\\\/#primaryimage\"},\"thumbnailUrl\":\"https:\\\/\\\/redelitoralrs.com\\\/wp-content\\\/uploads\\\/2024\\\/12\\\/Temporada-de-2024.jpeg\",\"keywords\":[\"brasileirao2024\",\"Enchentes\",\"gremio\",\"inter\",\"rio grande do sul\"],\"articleSection\":[\"Brasileir\u00e3o 2025\",\"Enchentes\",\"Esportes\",\"Gr\u00eamio\",\"Inter\",\"Juventude\",\"\u00daltimas not\u00edcias\"],\"inLanguage\":\"pt-BR\",\"potentialAction\":[{\"@type\":\"CommentAction\",\"name\":\"Comment\",\"target\":[\"https:\\\/\\\/redelitoralrs.com\\\/index.php\\\/2024\\\/12\\\/20\\\/passando-a-limpo-a-temporada-de-2024-para-gremio-juventude-e-inter-o-que-esperar-para-2025\\\/#respond\"]}]},{\"@type\":\"WebPage\",\"@id\":\"https:\\\/\\\/redelitoralrs.com\\\/index.php\\\/2024\\\/12\\\/20\\\/passando-a-limpo-a-temporada-de-2024-para-gremio-juventude-e-inter-o-que-esperar-para-2025\\\/\",\"url\":\"https:\\\/\\\/redelitoralrs.com\\\/index.php\\\/2024\\\/12\\\/20\\\/passando-a-limpo-a-temporada-de-2024-para-gremio-juventude-e-inter-o-que-esperar-para-2025\\\/\",\"name\":\"Passando a limpo a temporada de 2024, para Gr\u00eamio, Juventude e Inter. O que esperar para 2025! - Rede Litoral RS\",\"isPartOf\":{\"@id\":\"https:\\\/\\\/redelitoralrs.com\\\/#website\"},\"primaryImageOfPage\":{\"@id\":\"https:\\\/\\\/redelitoralrs.com\\\/index.php\\\/2024\\\/12\\\/20\\\/passando-a-limpo-a-temporada-de-2024-para-gremio-juventude-e-inter-o-que-esperar-para-2025\\\/#primaryimage\"},\"image\":{\"@id\":\"https:\\\/\\\/redelitoralrs.com\\\/index.php\\\/2024\\\/12\\\/20\\\/passando-a-limpo-a-temporada-de-2024-para-gremio-juventude-e-inter-o-que-esperar-para-2025\\\/#primaryimage\"},\"thumbnailUrl\":\"https:\\\/\\\/redelitoralrs.com\\\/wp-content\\\/uploads\\\/2024\\\/12\\\/Temporada-de-2024.jpeg\",\"datePublished\":\"2024-12-20T19:41:24+00:00\",\"dateModified\":\"2024-12-21T14:43:59+00:00\",\"breadcrumb\":{\"@id\":\"https:\\\/\\\/redelitoralrs.com\\\/index.php\\\/2024\\\/12\\\/20\\\/passando-a-limpo-a-temporada-de-2024-para-gremio-juventude-e-inter-o-que-esperar-para-2025\\\/#breadcrumb\"},\"inLanguage\":\"pt-BR\",\"potentialAction\":[{\"@type\":\"ReadAction\",\"target\":[\"https:\\\/\\\/redelitoralrs.com\\\/index.php\\\/2024\\\/12\\\/20\\\/passando-a-limpo-a-temporada-de-2024-para-gremio-juventude-e-inter-o-que-esperar-para-2025\\\/\"]}]},{\"@type\":\"ImageObject\",\"inLanguage\":\"pt-BR\",\"@id\":\"https:\\\/\\\/redelitoralrs.com\\\/index.php\\\/2024\\\/12\\\/20\\\/passando-a-limpo-a-temporada-de-2024-para-gremio-juventude-e-inter-o-que-esperar-para-2025\\\/#primaryimage\",\"url\":\"https:\\\/\\\/redelitoralrs.com\\\/wp-content\\\/uploads\\\/2024\\\/12\\\/Temporada-de-2024.jpeg\",\"contentUrl\":\"https:\\\/\\\/redelitoralrs.com\\\/wp-content\\\/uploads\\\/2024\\\/12\\\/Temporada-de-2024.jpeg\",\"width\":1599,\"height\":1326,\"caption\":\"As dificuldades da temporada. Foto: Divulga\u00e7\u00e3o RS\"},{\"@type\":\"BreadcrumbList\",\"@id\":\"https:\\\/\\\/redelitoralrs.com\\\/index.php\\\/2024\\\/12\\\/20\\\/passando-a-limpo-a-temporada-de-2024-para-gremio-juventude-e-inter-o-que-esperar-para-2025\\\/#breadcrumb\",\"itemListElement\":[{\"@type\":\"ListItem\",\"position\":1,\"name\":\"In\u00edcio\",\"item\":\"https:\\\/\\\/redelitoralrs.com\\\/\"},{\"@type\":\"ListItem\",\"position\":2,\"name\":\"Passando a limpo a temporada de 2024, para Gr\u00eamio, Juventude e Inter. O que esperar para 2025!\"}]},{\"@type\":\"WebSite\",\"@id\":\"https:\\\/\\\/redelitoralrs.com\\\/#website\",\"url\":\"https:\\\/\\\/redelitoralrs.com\\\/\",\"name\":\"TV Litoral\",\"description\":\"Acompanhe tudo do litoral ga\u00facho com a cobertura completa e atualizada da Rede Litoral RS. Nossos jornalistas trazem as \u00faltimas not\u00edcias, os acontecimentos mais quentes e as hist\u00f3rias que importam sobre nosso amado litoral.\",\"publisher\":{\"@id\":\"https:\\\/\\\/redelitoralrs.com\\\/#organization\"},\"potentialAction\":[{\"@type\":\"SearchAction\",\"target\":{\"@type\":\"EntryPoint\",\"urlTemplate\":\"https:\\\/\\\/redelitoralrs.com\\\/?s={search_term_string}\"},\"query-input\":{\"@type\":\"PropertyValueSpecification\",\"valueRequired\":true,\"valueName\":\"search_term_string\"}}],\"inLanguage\":\"pt-BR\"},{\"@type\":\"Organization\",\"@id\":\"https:\\\/\\\/redelitoralrs.com\\\/#organization\",\"name\":\"TV Litoral\",\"url\":\"https:\\\/\\\/redelitoralrs.com\\\/\",\"logo\":{\"@type\":\"ImageObject\",\"inLanguage\":\"pt-BR\",\"@id\":\"https:\\\/\\\/redelitoralrs.com\\\/#\\\/schema\\\/logo\\\/image\\\/\",\"url\":\"https:\\\/\\\/redelitoralrs.com\\\/wp-content\\\/uploads\\\/2024\\\/01\\\/faviconicon-1-1.png\",\"contentUrl\":\"https:\\\/\\\/redelitoralrs.com\\\/wp-content\\\/uploads\\\/2024\\\/01\\\/faviconicon-1-1.png\",\"width\":454,\"height\":454,\"caption\":\"TV Litoral\"},\"image\":{\"@id\":\"https:\\\/\\\/redelitoralrs.com\\\/#\\\/schema\\\/logo\\\/image\\\/\"},\"sameAs\":[\"https:\\\/\\\/www.facebook.com\\\/tvlitoralrsoficial\",\"https:\\\/\\\/www.instagram.com\\\/tvlitoral.rs\"]},{\"@type\":\"Person\",\"@id\":\"https:\\\/\\\/redelitoralrs.com\\\/#\\\/schema\\\/person\\\/9f12fab0e2eaa9767fa8ba6d64c1edba\",\"name\":\"M\u00e1rcio Lima\",\"image\":{\"@type\":\"ImageObject\",\"inLanguage\":\"pt-BR\",\"@id\":\"https:\\\/\\\/redelitoralrs.com\\\/wp-content\\\/litespeed\\\/avatar\\\/e9a7bfbc14b6a3c2ca4d9e68074fb8dc.jpg?ver=1777562287\",\"url\":\"https:\\\/\\\/redelitoralrs.com\\\/wp-content\\\/litespeed\\\/avatar\\\/e9a7bfbc14b6a3c2ca4d9e68074fb8dc.jpg?ver=1777562287\",\"contentUrl\":\"https:\\\/\\\/redelitoralrs.com\\\/wp-content\\\/litespeed\\\/avatar\\\/e9a7bfbc14b6a3c2ca4d9e68074fb8dc.jpg?ver=1777562287\",\"caption\":\"M\u00e1rcio Lima\"},\"description\":\"Formado em Gest\u00e3o Comercial e Ingl\u00eas pela Faculdade de Letras da UFRGS. Atualmente estudante de Jornalismo pela Faculdade Est\u00e1cio. Gremista participante do Grupo de Conselheiros CIA(Conselheiros Independentes da Associados). Em seu curr\u00edculo como jornalista esta a Radio Pachola, e a RDCTV de Porto Alegre. Comentarista, rep\u00f3rter e \u00e2ncora de programas e jornadas esportivas.\",\"sameAs\":[\"https:\\\/\\\/redelitoralrs.com\",\"https:\\\/\\\/www.facebook.com\\\/marcio.lima.14473\\\/\",\"https:\\\/\\\/www.instagram.com\\\/marciolima.jornalista\\\/\",\"https:\\\/\\\/x.com\\\/https:\\\/\\\/x.com\\\/mhlimalima\"],\"url\":\"https:\\\/\\\/redelitoralrs.com\\\/index.php\\\/author\\\/marciolima\\\/\"}]}<\/script>\n<!-- \/ Yoast SEO plugin. -->","yoast_head_json":{"title":"Passando a limpo a temporada de 2024, para Gr\u00eamio, Juventude e Inter. O que esperar para 2025! - Rede Litoral RS","robots":{"index":"index","follow":"follow","max-snippet":"max-snippet:-1","max-image-preview":"max-image-preview:large","max-video-preview":"max-video-preview:-1"},"canonical":"https:\/\/redelitoralrs.com\/index.php\/2024\/12\/20\/passando-a-limpo-a-temporada-de-2024-para-gremio-juventude-e-inter-o-que-esperar-para-2025\/","og_locale":"pt_BR","og_type":"article","og_title":"Passando a limpo a temporada de 2024, para Gr\u00eamio, Juventude e Inter. O que esperar para 2025! - Rede Litoral RS","og_description":"A temporada de 2024 acabou para os times ga\u00fachos, ap\u00f3s tudo que aconteceu aqui no RS, essa temporada lembrou uma &#8220;hist\u00f3ria sem fim&#8221;. Individualmente cada um dos tr\u00eas times da serie &#8220;A&#8221; viveu de forma \u00fanica as dificuldades deste ano. Sem sombra de d\u00favidas o Gr\u00eamio foi o que mais teve dificuldades com as enchentes, [&hellip;]","og_url":"https:\/\/redelitoralrs.com\/index.php\/2024\/12\/20\/passando-a-limpo-a-temporada-de-2024-para-gremio-juventude-e-inter-o-que-esperar-para-2025\/","og_site_name":"Rede Litoral RS","article_publisher":"https:\/\/www.facebook.com\/tvlitoralrsoficial","article_author":"https:\/\/www.facebook.com\/marcio.lima.14473\/","article_published_time":"2024-12-20T19:41:24+00:00","article_modified_time":"2024-12-21T14:43:59+00:00","og_image":[{"width":1599,"height":1326,"url":"https:\/\/redelitoralrs.com\/wp-content\/uploads\/2024\/12\/Temporada-de-2024.jpeg","type":"image\/jpeg"}],"author":"M\u00e1rcio Lima","twitter_card":"summary_large_image","twitter_creator":"@https:\/\/x.com\/mhlimalima","twitter_misc":{"Escrito por":"M\u00e1rcio Lima","Est. tempo de leitura":"6 minutos"},"schema":{"@context":"https:\/\/schema.org","@graph":[{"@type":"Article","@id":"https:\/\/redelitoralrs.com\/index.php\/2024\/12\/20\/passando-a-limpo-a-temporada-de-2024-para-gremio-juventude-e-inter-o-que-esperar-para-2025\/#article","isPartOf":{"@id":"https:\/\/redelitoralrs.com\/index.php\/2024\/12\/20\/passando-a-limpo-a-temporada-de-2024-para-gremio-juventude-e-inter-o-que-esperar-para-2025\/"},"author":{"name":"M\u00e1rcio Lima","@id":"https:\/\/redelitoralrs.com\/#\/schema\/person\/9f12fab0e2eaa9767fa8ba6d64c1edba"},"headline":"Passando a limpo a temporada de 2024, para Gr\u00eamio, Juventude e Inter. O que esperar para 2025!","datePublished":"2024-12-20T19:41:24+00:00","dateModified":"2024-12-21T14:43:59+00:00","mainEntityOfPage":{"@id":"https:\/\/redelitoralrs.com\/index.php\/2024\/12\/20\/passando-a-limpo-a-temporada-de-2024-para-gremio-juventude-e-inter-o-que-esperar-para-2025\/"},"wordCount":1012,"commentCount":0,"publisher":{"@id":"https:\/\/redelitoralrs.com\/#organization"},"image":{"@id":"https:\/\/redelitoralrs.com\/index.php\/2024\/12\/20\/passando-a-limpo-a-temporada-de-2024-para-gremio-juventude-e-inter-o-que-esperar-para-2025\/#primaryimage"},"thumbnailUrl":"https:\/\/redelitoralrs.com\/wp-content\/uploads\/2024\/12\/Temporada-de-2024.jpeg","keywords":["brasileirao2024","Enchentes","gremio","inter","rio grande do sul"],"articleSection":["Brasileir\u00e3o 2025","Enchentes","Esportes","Gr\u00eamio","Inter","Juventude","\u00daltimas not\u00edcias"],"inLanguage":"pt-BR","potentialAction":[{"@type":"CommentAction","name":"Comment","target":["https:\/\/redelitoralrs.com\/index.php\/2024\/12\/20\/passando-a-limpo-a-temporada-de-2024-para-gremio-juventude-e-inter-o-que-esperar-para-2025\/#respond"]}]},{"@type":"WebPage","@id":"https:\/\/redelitoralrs.com\/index.php\/2024\/12\/20\/passando-a-limpo-a-temporada-de-2024-para-gremio-juventude-e-inter-o-que-esperar-para-2025\/","url":"https:\/\/redelitoralrs.com\/index.php\/2024\/12\/20\/passando-a-limpo-a-temporada-de-2024-para-gremio-juventude-e-inter-o-que-esperar-para-2025\/","name":"Passando a limpo a temporada de 2024, para Gr\u00eamio, Juventude e Inter. O que esperar para 2025! - Rede Litoral RS","isPartOf":{"@id":"https:\/\/redelitoralrs.com\/#website"},"primaryImageOfPage":{"@id":"https:\/\/redelitoralrs.com\/index.php\/2024\/12\/20\/passando-a-limpo-a-temporada-de-2024-para-gremio-juventude-e-inter-o-que-esperar-para-2025\/#primaryimage"},"image":{"@id":"https:\/\/redelitoralrs.com\/index.php\/2024\/12\/20\/passando-a-limpo-a-temporada-de-2024-para-gremio-juventude-e-inter-o-que-esperar-para-2025\/#primaryimage"},"thumbnailUrl":"https:\/\/redelitoralrs.com\/wp-content\/uploads\/2024\/12\/Temporada-de-2024.jpeg","datePublished":"2024-12-20T19:41:24+00:00","dateModified":"2024-12-21T14:43:59+00:00","breadcrumb":{"@id":"https:\/\/redelitoralrs.com\/index.php\/2024\/12\/20\/passando-a-limpo-a-temporada-de-2024-para-gremio-juventude-e-inter-o-que-esperar-para-2025\/#breadcrumb"},"inLanguage":"pt-BR","potentialAction":[{"@type":"ReadAction","target":["https:\/\/redelitoralrs.com\/index.php\/2024\/12\/20\/passando-a-limpo-a-temporada-de-2024-para-gremio-juventude-e-inter-o-que-esperar-para-2025\/"]}]},{"@type":"ImageObject","inLanguage":"pt-BR","@id":"https:\/\/redelitoralrs.com\/index.php\/2024\/12\/20\/passando-a-limpo-a-temporada-de-2024-para-gremio-juventude-e-inter-o-que-esperar-para-2025\/#primaryimage","url":"https:\/\/redelitoralrs.com\/wp-content\/uploads\/2024\/12\/Temporada-de-2024.jpeg","contentUrl":"https:\/\/redelitoralrs.com\/wp-content\/uploads\/2024\/12\/Temporada-de-2024.jpeg","width":1599,"height":1326,"caption":"As dificuldades da temporada. Foto: Divulga\u00e7\u00e3o RS"},{"@type":"BreadcrumbList","@id":"https:\/\/redelitoralrs.com\/index.php\/2024\/12\/20\/passando-a-limpo-a-temporada-de-2024-para-gremio-juventude-e-inter-o-que-esperar-para-2025\/#breadcrumb","itemListElement":[{"@type":"ListItem","position":1,"name":"In\u00edcio","item":"https:\/\/redelitoralrs.com\/"},{"@type":"ListItem","position":2,"name":"Passando a limpo a temporada de 2024, para Gr\u00eamio, Juventude e Inter. O que esperar para 2025!"}]},{"@type":"WebSite","@id":"https:\/\/redelitoralrs.com\/#website","url":"https:\/\/redelitoralrs.com\/","name":"TV Litoral","description":"Acompanhe tudo do litoral ga\u00facho com a cobertura completa e atualizada da Rede Litoral RS. Nossos jornalistas trazem as \u00faltimas not\u00edcias, os acontecimentos mais quentes e as hist\u00f3rias que importam sobre nosso amado litoral.","publisher":{"@id":"https:\/\/redelitoralrs.com\/#organization"},"potentialAction":[{"@type":"SearchAction","target":{"@type":"EntryPoint","urlTemplate":"https:\/\/redelitoralrs.com\/?s={search_term_string}"},"query-input":{"@type":"PropertyValueSpecification","valueRequired":true,"valueName":"search_term_string"}}],"inLanguage":"pt-BR"},{"@type":"Organization","@id":"https:\/\/redelitoralrs.com\/#organization","name":"TV Litoral","url":"https:\/\/redelitoralrs.com\/","logo":{"@type":"ImageObject","inLanguage":"pt-BR","@id":"https:\/\/redelitoralrs.com\/#\/schema\/logo\/image\/","url":"https:\/\/redelitoralrs.com\/wp-content\/uploads\/2024\/01\/faviconicon-1-1.png","contentUrl":"https:\/\/redelitoralrs.com\/wp-content\/uploads\/2024\/01\/faviconicon-1-1.png","width":454,"height":454,"caption":"TV Litoral"},"image":{"@id":"https:\/\/redelitoralrs.com\/#\/schema\/logo\/image\/"},"sameAs":["https:\/\/www.facebook.com\/tvlitoralrsoficial","https:\/\/www.instagram.com\/tvlitoral.rs"]},{"@type":"Person","@id":"https:\/\/redelitoralrs.com\/#\/schema\/person\/9f12fab0e2eaa9767fa8ba6d64c1edba","name":"M\u00e1rcio Lima","image":{"@type":"ImageObject","inLanguage":"pt-BR","@id":"https:\/\/redelitoralrs.com\/wp-content\/litespeed\/avatar\/e9a7bfbc14b6a3c2ca4d9e68074fb8dc.jpg?ver=1777562287","url":"https:\/\/redelitoralrs.com\/wp-content\/litespeed\/avatar\/e9a7bfbc14b6a3c2ca4d9e68074fb8dc.jpg?ver=1777562287","contentUrl":"https:\/\/redelitoralrs.com\/wp-content\/litespeed\/avatar\/e9a7bfbc14b6a3c2ca4d9e68074fb8dc.jpg?ver=1777562287","caption":"M\u00e1rcio Lima"},"description":"Formado em Gest\u00e3o Comercial e Ingl\u00eas pela Faculdade de Letras da UFRGS. Atualmente estudante de Jornalismo pela Faculdade Est\u00e1cio. Gremista participante do Grupo de Conselheiros CIA(Conselheiros Independentes da Associados). Em seu curr\u00edculo como jornalista esta a Radio Pachola, e a RDCTV de Porto Alegre. Comentarista, rep\u00f3rter e \u00e2ncora de programas e jornadas esportivas.","sameAs":["https:\/\/redelitoralrs.com","https:\/\/www.facebook.com\/marcio.lima.14473\/","https:\/\/www.instagram.com\/marciolima.jornalista\/","https:\/\/x.com\/https:\/\/x.com\/mhlimalima"],"url":"https:\/\/redelitoralrs.com\/index.php\/author\/marciolima\/"}]}},"_links":{"self":[{"href":"https:\/\/redelitoralrs.com\/index.php\/wp-json\/wp\/v2\/posts\/4880","targetHints":{"allow":["GET"]}}],"collection":[{"href":"https:\/\/redelitoralrs.com\/index.php\/wp-json\/wp\/v2\/posts"}],"about":[{"href":"https:\/\/redelitoralrs.com\/index.php\/wp-json\/wp\/v2\/types\/post"}],"author":[{"embeddable":true,"href":"https:\/\/redelitoralrs.com\/index.php\/wp-json\/wp\/v2\/users\/3"}],"replies":[{"embeddable":true,"href":"https:\/\/redelitoralrs.com\/index.php\/wp-json\/wp\/v2\/comments?post=4880"}],"version-history":[{"count":5,"href":"https:\/\/redelitoralrs.com\/index.php\/wp-json\/wp\/v2\/posts\/4880\/revisions"}],"predecessor-version":[{"id":4896,"href":"https:\/\/redelitoralrs.com\/index.php\/wp-json\/wp\/v2\/posts\/4880\/revisions\/4896"}],"wp:featuredmedia":[{"embeddable":true,"href":"https:\/\/redelitoralrs.com\/index.php\/wp-json\/wp\/v2\/media\/4881"}],"wp:attachment":[{"href":"https:\/\/redelitoralrs.com\/index.php\/wp-json\/wp\/v2\/media?parent=4880"}],"wp:term":[{"taxonomy":"category","embeddable":true,"href":"https:\/\/redelitoralrs.com\/index.php\/wp-json\/wp\/v2\/categories?post=4880"},{"taxonomy":"post_tag","embeddable":true,"href":"https:\/\/redelitoralrs.com\/index.php\/wp-json\/wp\/v2\/tags?post=4880"}],"curies":[{"name":"wp","href":"https:\/\/api.w.org\/{rel}","templated":true}]}}