{"id":4854,"date":"2024-12-18T16:44:55","date_gmt":"2024-12-18T19:44:55","guid":{"rendered":"https:\/\/redelitoralrs.com\/?p=4854"},"modified":"2024-12-18T16:55:37","modified_gmt":"2024-12-18T19:55:37","slug":"tramandai-anuncia-programacao-especial-para-o-reveillon-2025","status":"publish","type":"post","link":"https:\/\/redelitoralrs.com\/index.php\/2024\/12\/18\/tramandai-anuncia-programacao-especial-para-o-reveillon-2025\/","title":{"rendered":"Tramanda\u00ed anuncia programa\u00e7\u00e3o especial para o R\u00e9veillon 2025 &#8211; programa\u00e7\u00e3o"},"content":{"rendered":"\n<p>A Prefeitura de Tramanda\u00ed, por meio da Secretaria Municipal de Turismo, anunciou uma programa\u00e7\u00e3o especial para celebrar a chegada de 2025. O evento acontecer\u00e1 na beira-mar, pr\u00f3ximo \u00e0 Plataforma Mar\u00edtima, e promete reunir um grande p\u00fablico com muita m\u00fasica, divers\u00e3o e um show piromusical com fogos silenciosos, em respeito \u00e0 legisla\u00e7\u00e3o vigente.<\/p>\n\n\n\n<h3 class=\"wp-block-heading\">Programa\u00e7\u00e3o<\/h3>\n\n\n\n<p>A <strong>Festa da Virada<\/strong> come\u00e7ar\u00e1 \u00e0s 21h, com atra\u00e7\u00f5es que prometem animar moradores e turistas:<\/p>\n\n\n\n<ul class=\"wp-block-list\">\n<li><strong>21h30<\/strong>: Grupo Doce Desejo<\/li>\n\n\n\n<li><strong>23h30<\/strong>: DJ Jeff Graciano<\/li>\n\n\n\n<li><strong>00h30<\/strong>: Banda Portal New<\/li>\n<\/ul>\n\n\n\n<p>\u00c0 meia-noite, o tradicional show de fogos ser\u00e1 sincronizado com m\u00fasicas, garantindo um espet\u00e1culo visual e sonoro que iluminar\u00e1 a &#8220;Capital das Praias&#8221;.<\/p>\n\n\n\n<h3 class=\"wp-block-heading\">Expectativa de p\u00fablico<\/h3>\n\n\n\n<p>A cidade espera receber cerca de <strong>500 mil pessoas<\/strong> entre os dias 31 de dezembro e 1\u00ba de janeiro, marcando um dos maiores p\u00fablicos dos \u00faltimos anos.<\/p>\n\n\n\n<h3 class=\"wp-block-heading\">Seguran\u00e7a e organiza\u00e7\u00e3o<\/h3>\n\n\n\n<p>Para garantir a tranquilidade e alegria dos participantes, a Prefeitura est\u00e1 preparando um amplo esquema de seguran\u00e7a, envolvendo equipes especializadas para atender a todos os presentes.<\/p>\n\n\n\n<p>Tramanda\u00ed promete come\u00e7ar 2025 em grande estilo, consolidando-se como um dos destinos mais procurados do Litoral Norte para as celebra\u00e7\u00f5es de Ano Novo.<\/p>\n\n\n\n<p><em>Laura Pires Haendchen<\/em><\/p>\n\n\n\n<figure class=\"wp-block-image size-large is-resized\"><img fetchpriority=\"high\" decoding=\"async\" width=\"1024\" height=\"1024\" src=\"https:\/\/redelitoralrs.com\/wp-content\/uploads\/2024\/12\/09abac30f56ff72b5fee902a46eb1db4-1024x1024.jpg\" alt=\"\" class=\"wp-image-4856\" style=\"width:415px;height:auto\" srcset=\"https:\/\/redelitoralrs.com\/wp-content\/uploads\/2024\/12\/09abac30f56ff72b5fee902a46eb1db4-1024x1024.jpg 1024w, https:\/\/redelitoralrs.com\/wp-content\/uploads\/2024\/12\/09abac30f56ff72b5fee902a46eb1db4-300x300.jpg 300w, https:\/\/redelitoralrs.com\/wp-content\/uploads\/2024\/12\/09abac30f56ff72b5fee902a46eb1db4-150x150.jpg 150w, https:\/\/redelitoralrs.com\/wp-content\/uploads\/2024\/12\/09abac30f56ff72b5fee902a46eb1db4-768x768.jpg 768w, https:\/\/redelitoralrs.com\/wp-content\/uploads\/2024\/12\/09abac30f56ff72b5fee902a46eb1db4.jpg 1080w\" sizes=\"(max-width: 1024px) 100vw, 1024px\" \/><\/figure>\n\n\n\n<p>Foto\/imagem: Caroline Oliveira (ASCOM)<\/p>\n","protected":false},"excerpt":{"rendered":"<p>A Prefeitura de Tramanda\u00ed, por meio da Secretaria Municipal de Turismo, anunciou uma programa\u00e7\u00e3o especial para celebrar a chegada de 2025. O evento acontecer\u00e1 na beira-mar, pr\u00f3ximo \u00e0 Plataforma Mar\u00edtima, e promete reunir um grande p\u00fablico com muita m\u00fasica, divers\u00e3o e um show piromusical com fogos silenciosos, em respeito \u00e0 legisla\u00e7\u00e3o vigente. Programa\u00e7\u00e3o A Festa [&hellip;]<\/p>\n","protected":false},"author":2,"featured_media":4855,"comment_status":"open","ping_status":"open","sticky":false,"template":"","format":"standard","meta":{"_themeisle_gutenberg_block_has_review":false,"footnotes":""},"categories":[20,25,15],"tags":[103,92,128],"class_list":["post-4854","post","type-post","status-publish","format-standard","has-post-thumbnail","hentry","category-litoral_norte","category-tramandai","category-noticias","tag-litoral-norte","tag-noticia","tag-rio-grande-do-sul"],"yoast_head":"<!-- This site is optimized with the Yoast SEO plugin v27.4 - https:\/\/yoast.com\/product\/yoast-seo-wordpress\/ -->\n<title>Tramanda\u00ed anuncia programa\u00e7\u00e3o especial para o R\u00e9veillon 2025 - programa\u00e7\u00e3o - Rede Litoral RS<\/title>\n<meta name=\"robots\" content=\"index, follow, max-snippet:-1, max-image-preview:large, max-video-preview:-1\" \/>\n<link rel=\"canonical\" href=\"https:\/\/redelitoralrs.com\/index.php\/2024\/12\/18\/tramandai-anuncia-programacao-especial-para-o-reveillon-2025\/\" \/>\n<meta property=\"og:locale\" content=\"pt_BR\" \/>\n<meta property=\"og:type\" content=\"article\" \/>\n<meta property=\"og:title\" content=\"Tramanda\u00ed anuncia programa\u00e7\u00e3o especial para o R\u00e9veillon 2025 - programa\u00e7\u00e3o - Rede Litoral RS\" \/>\n<meta property=\"og:description\" content=\"A Prefeitura de Tramanda\u00ed, por meio da Secretaria Municipal de Turismo, anunciou uma programa\u00e7\u00e3o especial para celebrar a chegada de 2025. O evento acontecer\u00e1 na beira-mar, pr\u00f3ximo \u00e0 Plataforma Mar\u00edtima, e promete reunir um grande p\u00fablico com muita m\u00fasica, divers\u00e3o e um show piromusical com fogos silenciosos, em respeito \u00e0 legisla\u00e7\u00e3o vigente. Programa\u00e7\u00e3o A Festa [&hellip;]\" \/>\n<meta property=\"og:url\" content=\"https:\/\/redelitoralrs.com\/index.php\/2024\/12\/18\/tramandai-anuncia-programacao-especial-para-o-reveillon-2025\/\" \/>\n<meta property=\"og:site_name\" content=\"Rede Litoral RS\" \/>\n<meta property=\"article:publisher\" content=\"https:\/\/www.facebook.com\/tvlitoralrsoficial\" \/>\n<meta property=\"article:published_time\" content=\"2024-12-18T19:44:55+00:00\" \/>\n<meta property=\"article:modified_time\" content=\"2024-12-18T19:55:37+00:00\" \/>\n<meta property=\"og:image\" content=\"https:\/\/redelitoralrs.com\/wp-content\/uploads\/2024\/12\/0c66bf8e7a830267d04ce657b370d640.jpeg\" \/>\n\t<meta property=\"og:image:width\" content=\"1000\" \/>\n\t<meta property=\"og:image:height\" content=\"605\" \/>\n\t<meta property=\"og:image:type\" content=\"image\/jpeg\" \/>\n<meta name=\"author\" content=\"Reda\u00e7\u00e3o TV Litoral\" \/>\n<meta name=\"twitter:card\" content=\"summary_large_image\" \/>\n<meta name=\"twitter:label1\" content=\"Escrito por\" \/>\n\t<meta name=\"twitter:data1\" content=\"Reda\u00e7\u00e3o TV Litoral\" \/>\n\t<meta name=\"twitter:label2\" content=\"Est. tempo de leitura\" \/>\n\t<meta name=\"twitter:data2\" content=\"2 minutos\" \/>\n<script type=\"application\/ld+json\" class=\"yoast-schema-graph\">{\"@context\":\"https:\\\/\\\/schema.org\",\"@graph\":[{\"@type\":\"Article\",\"@id\":\"https:\\\/\\\/redelitoralrs.com\\\/index.php\\\/2024\\\/12\\\/18\\\/tramandai-anuncia-programacao-especial-para-o-reveillon-2025\\\/#article\",\"isPartOf\":{\"@id\":\"https:\\\/\\\/redelitoralrs.com\\\/index.php\\\/2024\\\/12\\\/18\\\/tramandai-anuncia-programacao-especial-para-o-reveillon-2025\\\/\"},\"author\":{\"name\":\"Reda\u00e7\u00e3o TV Litoral\",\"@id\":\"https:\\\/\\\/redelitoralrs.com\\\/#\\\/schema\\\/person\\\/9f8181f2a7359dd3986f05ebaf5bd68a\"},\"headline\":\"Tramanda\u00ed anuncia programa\u00e7\u00e3o especial para o R\u00e9veillon 2025 &#8211; programa\u00e7\u00e3o\",\"datePublished\":\"2024-12-18T19:44:55+00:00\",\"dateModified\":\"2024-12-18T19:55:37+00:00\",\"mainEntityOfPage\":{\"@id\":\"https:\\\/\\\/redelitoralrs.com\\\/index.php\\\/2024\\\/12\\\/18\\\/tramandai-anuncia-programacao-especial-para-o-reveillon-2025\\\/\"},\"wordCount\":216,\"commentCount\":0,\"publisher\":{\"@id\":\"https:\\\/\\\/redelitoralrs.com\\\/#organization\"},\"image\":{\"@id\":\"https:\\\/\\\/redelitoralrs.com\\\/index.php\\\/2024\\\/12\\\/18\\\/tramandai-anuncia-programacao-especial-para-o-reveillon-2025\\\/#primaryimage\"},\"thumbnailUrl\":\"https:\\\/\\\/redelitoralrs.com\\\/wp-content\\\/uploads\\\/2024\\\/12\\\/0c66bf8e7a830267d04ce657b370d640.jpeg\",\"keywords\":[\"litoral norte\",\"not\u00edcia\",\"rio grande do sul\"],\"articleSection\":[\"Litoral Norte\",\"Tramanda\u00ed\",\"\u00daltimas not\u00edcias\"],\"inLanguage\":\"pt-BR\",\"potentialAction\":[{\"@type\":\"CommentAction\",\"name\":\"Comment\",\"target\":[\"https:\\\/\\\/redelitoralrs.com\\\/index.php\\\/2024\\\/12\\\/18\\\/tramandai-anuncia-programacao-especial-para-o-reveillon-2025\\\/#respond\"]}]},{\"@type\":\"WebPage\",\"@id\":\"https:\\\/\\\/redelitoralrs.com\\\/index.php\\\/2024\\\/12\\\/18\\\/tramandai-anuncia-programacao-especial-para-o-reveillon-2025\\\/\",\"url\":\"https:\\\/\\\/redelitoralrs.com\\\/index.php\\\/2024\\\/12\\\/18\\\/tramandai-anuncia-programacao-especial-para-o-reveillon-2025\\\/\",\"name\":\"Tramanda\u00ed anuncia programa\u00e7\u00e3o especial para o R\u00e9veillon 2025 - programa\u00e7\u00e3o - Rede Litoral RS\",\"isPartOf\":{\"@id\":\"https:\\\/\\\/redelitoralrs.com\\\/#website\"},\"primaryImageOfPage\":{\"@id\":\"https:\\\/\\\/redelitoralrs.com\\\/index.php\\\/2024\\\/12\\\/18\\\/tramandai-anuncia-programacao-especial-para-o-reveillon-2025\\\/#primaryimage\"},\"image\":{\"@id\":\"https:\\\/\\\/redelitoralrs.com\\\/index.php\\\/2024\\\/12\\\/18\\\/tramandai-anuncia-programacao-especial-para-o-reveillon-2025\\\/#primaryimage\"},\"thumbnailUrl\":\"https:\\\/\\\/redelitoralrs.com\\\/wp-content\\\/uploads\\\/2024\\\/12\\\/0c66bf8e7a830267d04ce657b370d640.jpeg\",\"datePublished\":\"2024-12-18T19:44:55+00:00\",\"dateModified\":\"2024-12-18T19:55:37+00:00\",\"breadcrumb\":{\"@id\":\"https:\\\/\\\/redelitoralrs.com\\\/index.php\\\/2024\\\/12\\\/18\\\/tramandai-anuncia-programacao-especial-para-o-reveillon-2025\\\/#breadcrumb\"},\"inLanguage\":\"pt-BR\",\"potentialAction\":[{\"@type\":\"ReadAction\",\"target\":[\"https:\\\/\\\/redelitoralrs.com\\\/index.php\\\/2024\\\/12\\\/18\\\/tramandai-anuncia-programacao-especial-para-o-reveillon-2025\\\/\"]}]},{\"@type\":\"ImageObject\",\"inLanguage\":\"pt-BR\",\"@id\":\"https:\\\/\\\/redelitoralrs.com\\\/index.php\\\/2024\\\/12\\\/18\\\/tramandai-anuncia-programacao-especial-para-o-reveillon-2025\\\/#primaryimage\",\"url\":\"https:\\\/\\\/redelitoralrs.com\\\/wp-content\\\/uploads\\\/2024\\\/12\\\/0c66bf8e7a830267d04ce657b370d640.jpeg\",\"contentUrl\":\"https:\\\/\\\/redelitoralrs.com\\\/wp-content\\\/uploads\\\/2024\\\/12\\\/0c66bf8e7a830267d04ce657b370d640.jpeg\",\"width\":1000,\"height\":605},{\"@type\":\"BreadcrumbList\",\"@id\":\"https:\\\/\\\/redelitoralrs.com\\\/index.php\\\/2024\\\/12\\\/18\\\/tramandai-anuncia-programacao-especial-para-o-reveillon-2025\\\/#breadcrumb\",\"itemListElement\":[{\"@type\":\"ListItem\",\"position\":1,\"name\":\"In\u00edcio\",\"item\":\"https:\\\/\\\/redelitoralrs.com\\\/\"},{\"@type\":\"ListItem\",\"position\":2,\"name\":\"Tramanda\u00ed anuncia programa\u00e7\u00e3o especial para o R\u00e9veillon 2025 &#8211; programa\u00e7\u00e3o\"}]},{\"@type\":\"WebSite\",\"@id\":\"https:\\\/\\\/redelitoralrs.com\\\/#website\",\"url\":\"https:\\\/\\\/redelitoralrs.com\\\/\",\"name\":\"TV Litoral\",\"description\":\"Acompanhe tudo do litoral ga\u00facho com a cobertura completa e atualizada da Rede Litoral RS. Nossos jornalistas trazem as \u00faltimas not\u00edcias, os acontecimentos mais quentes e as hist\u00f3rias que importam sobre nosso amado litoral.\",\"publisher\":{\"@id\":\"https:\\\/\\\/redelitoralrs.com\\\/#organization\"},\"potentialAction\":[{\"@type\":\"SearchAction\",\"target\":{\"@type\":\"EntryPoint\",\"urlTemplate\":\"https:\\\/\\\/redelitoralrs.com\\\/?s={search_term_string}\"},\"query-input\":{\"@type\":\"PropertyValueSpecification\",\"valueRequired\":true,\"valueName\":\"search_term_string\"}}],\"inLanguage\":\"pt-BR\"},{\"@type\":\"Organization\",\"@id\":\"https:\\\/\\\/redelitoralrs.com\\\/#organization\",\"name\":\"TV Litoral\",\"url\":\"https:\\\/\\\/redelitoralrs.com\\\/\",\"logo\":{\"@type\":\"ImageObject\",\"inLanguage\":\"pt-BR\",\"@id\":\"https:\\\/\\\/redelitoralrs.com\\\/#\\\/schema\\\/logo\\\/image\\\/\",\"url\":\"https:\\\/\\\/redelitoralrs.com\\\/wp-content\\\/uploads\\\/2024\\\/01\\\/faviconicon-1-1.png\",\"contentUrl\":\"https:\\\/\\\/redelitoralrs.com\\\/wp-content\\\/uploads\\\/2024\\\/01\\\/faviconicon-1-1.png\",\"width\":454,\"height\":454,\"caption\":\"TV Litoral\"},\"image\":{\"@id\":\"https:\\\/\\\/redelitoralrs.com\\\/#\\\/schema\\\/logo\\\/image\\\/\"},\"sameAs\":[\"https:\\\/\\\/www.facebook.com\\\/tvlitoralrsoficial\",\"https:\\\/\\\/www.instagram.com\\\/tvlitoral.rs\"]},{\"@type\":\"Person\",\"@id\":\"https:\\\/\\\/redelitoralrs.com\\\/#\\\/schema\\\/person\\\/9f8181f2a7359dd3986f05ebaf5bd68a\",\"name\":\"Reda\u00e7\u00e3o TV Litoral\",\"image\":{\"@type\":\"ImageObject\",\"inLanguage\":\"pt-BR\",\"@id\":\"https:\\\/\\\/redelitoralrs.com\\\/wp-content\\\/litespeed\\\/avatar\\\/779aafbb45e66c7f82733e21abb48259.jpg?ver=1776956734\",\"url\":\"https:\\\/\\\/redelitoralrs.com\\\/wp-content\\\/litespeed\\\/avatar\\\/779aafbb45e66c7f82733e21abb48259.jpg?ver=1776956734\",\"contentUrl\":\"https:\\\/\\\/redelitoralrs.com\\\/wp-content\\\/litespeed\\\/avatar\\\/779aafbb45e66c7f82733e21abb48259.jpg?ver=1776956734\",\"caption\":\"Reda\u00e7\u00e3o TV Litoral\"},\"description\":\"A Rede Litoral de Comunica\u00e7\u00e3o \u00e9 um grupo de m\u00eddia multiplataforma do Litoral Norte do RS. Com atua\u00e7\u00e3o em TV, r\u00e1dio, portal e redes sociais, levamos informa\u00e7\u00e3o, conte\u00fado e entretenimento \u00e0 comunidade, fortalecendo a comunica\u00e7\u00e3o local e impulsionando o desenvolvimento regional. Acompanhe atrav\u00e9s de @redelitoralrs.\",\"sameAs\":[\"https:\\\/\\\/redelitoralrs.com\",\"https:\\\/\\\/www.instagram.com\\\/redelitoralrs\",\"https:\\\/\\\/www.youtube.com\\\/@redelitoralrs\"],\"url\":\"https:\\\/\\\/redelitoralrs.com\\\/index.php\\\/author\\\/redacaotvlitoral\\\/\"}]}<\/script>\n<!-- \/ Yoast SEO plugin. -->","yoast_head_json":{"title":"Tramanda\u00ed anuncia programa\u00e7\u00e3o especial para o R\u00e9veillon 2025 - programa\u00e7\u00e3o - Rede Litoral RS","robots":{"index":"index","follow":"follow","max-snippet":"max-snippet:-1","max-image-preview":"max-image-preview:large","max-video-preview":"max-video-preview:-1"},"canonical":"https:\/\/redelitoralrs.com\/index.php\/2024\/12\/18\/tramandai-anuncia-programacao-especial-para-o-reveillon-2025\/","og_locale":"pt_BR","og_type":"article","og_title":"Tramanda\u00ed anuncia programa\u00e7\u00e3o especial para o R\u00e9veillon 2025 - programa\u00e7\u00e3o - Rede Litoral RS","og_description":"A Prefeitura de Tramanda\u00ed, por meio da Secretaria Municipal de Turismo, anunciou uma programa\u00e7\u00e3o especial para celebrar a chegada de 2025. O evento acontecer\u00e1 na beira-mar, pr\u00f3ximo \u00e0 Plataforma Mar\u00edtima, e promete reunir um grande p\u00fablico com muita m\u00fasica, divers\u00e3o e um show piromusical com fogos silenciosos, em respeito \u00e0 legisla\u00e7\u00e3o vigente. Programa\u00e7\u00e3o A Festa [&hellip;]","og_url":"https:\/\/redelitoralrs.com\/index.php\/2024\/12\/18\/tramandai-anuncia-programacao-especial-para-o-reveillon-2025\/","og_site_name":"Rede Litoral RS","article_publisher":"https:\/\/www.facebook.com\/tvlitoralrsoficial","article_published_time":"2024-12-18T19:44:55+00:00","article_modified_time":"2024-12-18T19:55:37+00:00","og_image":[{"width":1000,"height":605,"url":"https:\/\/redelitoralrs.com\/wp-content\/uploads\/2024\/12\/0c66bf8e7a830267d04ce657b370d640.jpeg","type":"image\/jpeg"}],"author":"Reda\u00e7\u00e3o TV Litoral","twitter_card":"summary_large_image","twitter_misc":{"Escrito por":"Reda\u00e7\u00e3o TV Litoral","Est. tempo de leitura":"2 minutos"},"schema":{"@context":"https:\/\/schema.org","@graph":[{"@type":"Article","@id":"https:\/\/redelitoralrs.com\/index.php\/2024\/12\/18\/tramandai-anuncia-programacao-especial-para-o-reveillon-2025\/#article","isPartOf":{"@id":"https:\/\/redelitoralrs.com\/index.php\/2024\/12\/18\/tramandai-anuncia-programacao-especial-para-o-reveillon-2025\/"},"author":{"name":"Reda\u00e7\u00e3o TV Litoral","@id":"https:\/\/redelitoralrs.com\/#\/schema\/person\/9f8181f2a7359dd3986f05ebaf5bd68a"},"headline":"Tramanda\u00ed anuncia programa\u00e7\u00e3o especial para o R\u00e9veillon 2025 &#8211; programa\u00e7\u00e3o","datePublished":"2024-12-18T19:44:55+00:00","dateModified":"2024-12-18T19:55:37+00:00","mainEntityOfPage":{"@id":"https:\/\/redelitoralrs.com\/index.php\/2024\/12\/18\/tramandai-anuncia-programacao-especial-para-o-reveillon-2025\/"},"wordCount":216,"commentCount":0,"publisher":{"@id":"https:\/\/redelitoralrs.com\/#organization"},"image":{"@id":"https:\/\/redelitoralrs.com\/index.php\/2024\/12\/18\/tramandai-anuncia-programacao-especial-para-o-reveillon-2025\/#primaryimage"},"thumbnailUrl":"https:\/\/redelitoralrs.com\/wp-content\/uploads\/2024\/12\/0c66bf8e7a830267d04ce657b370d640.jpeg","keywords":["litoral norte","not\u00edcia","rio grande do sul"],"articleSection":["Litoral Norte","Tramanda\u00ed","\u00daltimas not\u00edcias"],"inLanguage":"pt-BR","potentialAction":[{"@type":"CommentAction","name":"Comment","target":["https:\/\/redelitoralrs.com\/index.php\/2024\/12\/18\/tramandai-anuncia-programacao-especial-para-o-reveillon-2025\/#respond"]}]},{"@type":"WebPage","@id":"https:\/\/redelitoralrs.com\/index.php\/2024\/12\/18\/tramandai-anuncia-programacao-especial-para-o-reveillon-2025\/","url":"https:\/\/redelitoralrs.com\/index.php\/2024\/12\/18\/tramandai-anuncia-programacao-especial-para-o-reveillon-2025\/","name":"Tramanda\u00ed anuncia programa\u00e7\u00e3o especial para o R\u00e9veillon 2025 - programa\u00e7\u00e3o - Rede Litoral RS","isPartOf":{"@id":"https:\/\/redelitoralrs.com\/#website"},"primaryImageOfPage":{"@id":"https:\/\/redelitoralrs.com\/index.php\/2024\/12\/18\/tramandai-anuncia-programacao-especial-para-o-reveillon-2025\/#primaryimage"},"image":{"@id":"https:\/\/redelitoralrs.com\/index.php\/2024\/12\/18\/tramandai-anuncia-programacao-especial-para-o-reveillon-2025\/#primaryimage"},"thumbnailUrl":"https:\/\/redelitoralrs.com\/wp-content\/uploads\/2024\/12\/0c66bf8e7a830267d04ce657b370d640.jpeg","datePublished":"2024-12-18T19:44:55+00:00","dateModified":"2024-12-18T19:55:37+00:00","breadcrumb":{"@id":"https:\/\/redelitoralrs.com\/index.php\/2024\/12\/18\/tramandai-anuncia-programacao-especial-para-o-reveillon-2025\/#breadcrumb"},"inLanguage":"pt-BR","potentialAction":[{"@type":"ReadAction","target":["https:\/\/redelitoralrs.com\/index.php\/2024\/12\/18\/tramandai-anuncia-programacao-especial-para-o-reveillon-2025\/"]}]},{"@type":"ImageObject","inLanguage":"pt-BR","@id":"https:\/\/redelitoralrs.com\/index.php\/2024\/12\/18\/tramandai-anuncia-programacao-especial-para-o-reveillon-2025\/#primaryimage","url":"https:\/\/redelitoralrs.com\/wp-content\/uploads\/2024\/12\/0c66bf8e7a830267d04ce657b370d640.jpeg","contentUrl":"https:\/\/redelitoralrs.com\/wp-content\/uploads\/2024\/12\/0c66bf8e7a830267d04ce657b370d640.jpeg","width":1000,"height":605},{"@type":"BreadcrumbList","@id":"https:\/\/redelitoralrs.com\/index.php\/2024\/12\/18\/tramandai-anuncia-programacao-especial-para-o-reveillon-2025\/#breadcrumb","itemListElement":[{"@type":"ListItem","position":1,"name":"In\u00edcio","item":"https:\/\/redelitoralrs.com\/"},{"@type":"ListItem","position":2,"name":"Tramanda\u00ed anuncia programa\u00e7\u00e3o especial para o R\u00e9veillon 2025 &#8211; programa\u00e7\u00e3o"}]},{"@type":"WebSite","@id":"https:\/\/redelitoralrs.com\/#website","url":"https:\/\/redelitoralrs.com\/","name":"TV Litoral","description":"Acompanhe tudo do litoral ga\u00facho com a cobertura completa e atualizada da Rede Litoral RS. Nossos jornalistas trazem as \u00faltimas not\u00edcias, os acontecimentos mais quentes e as hist\u00f3rias que importam sobre nosso amado litoral.","publisher":{"@id":"https:\/\/redelitoralrs.com\/#organization"},"potentialAction":[{"@type":"SearchAction","target":{"@type":"EntryPoint","urlTemplate":"https:\/\/redelitoralrs.com\/?s={search_term_string}"},"query-input":{"@type":"PropertyValueSpecification","valueRequired":true,"valueName":"search_term_string"}}],"inLanguage":"pt-BR"},{"@type":"Organization","@id":"https:\/\/redelitoralrs.com\/#organization","name":"TV Litoral","url":"https:\/\/redelitoralrs.com\/","logo":{"@type":"ImageObject","inLanguage":"pt-BR","@id":"https:\/\/redelitoralrs.com\/#\/schema\/logo\/image\/","url":"https:\/\/redelitoralrs.com\/wp-content\/uploads\/2024\/01\/faviconicon-1-1.png","contentUrl":"https:\/\/redelitoralrs.com\/wp-content\/uploads\/2024\/01\/faviconicon-1-1.png","width":454,"height":454,"caption":"TV Litoral"},"image":{"@id":"https:\/\/redelitoralrs.com\/#\/schema\/logo\/image\/"},"sameAs":["https:\/\/www.facebook.com\/tvlitoralrsoficial","https:\/\/www.instagram.com\/tvlitoral.rs"]},{"@type":"Person","@id":"https:\/\/redelitoralrs.com\/#\/schema\/person\/9f8181f2a7359dd3986f05ebaf5bd68a","name":"Reda\u00e7\u00e3o TV Litoral","image":{"@type":"ImageObject","inLanguage":"pt-BR","@id":"https:\/\/redelitoralrs.com\/wp-content\/litespeed\/avatar\/779aafbb45e66c7f82733e21abb48259.jpg?ver=1776956734","url":"https:\/\/redelitoralrs.com\/wp-content\/litespeed\/avatar\/779aafbb45e66c7f82733e21abb48259.jpg?ver=1776956734","contentUrl":"https:\/\/redelitoralrs.com\/wp-content\/litespeed\/avatar\/779aafbb45e66c7f82733e21abb48259.jpg?ver=1776956734","caption":"Reda\u00e7\u00e3o TV Litoral"},"description":"A Rede Litoral de Comunica\u00e7\u00e3o \u00e9 um grupo de m\u00eddia multiplataforma do Litoral Norte do RS. Com atua\u00e7\u00e3o em TV, r\u00e1dio, portal e redes sociais, levamos informa\u00e7\u00e3o, conte\u00fado e entretenimento \u00e0 comunidade, fortalecendo a comunica\u00e7\u00e3o local e impulsionando o desenvolvimento regional. Acompanhe atrav\u00e9s de @redelitoralrs.","sameAs":["https:\/\/redelitoralrs.com","https:\/\/www.instagram.com\/redelitoralrs","https:\/\/www.youtube.com\/@redelitoralrs"],"url":"https:\/\/redelitoralrs.com\/index.php\/author\/redacaotvlitoral\/"}]}},"_links":{"self":[{"href":"https:\/\/redelitoralrs.com\/index.php\/wp-json\/wp\/v2\/posts\/4854","targetHints":{"allow":["GET"]}}],"collection":[{"href":"https:\/\/redelitoralrs.com\/index.php\/wp-json\/wp\/v2\/posts"}],"about":[{"href":"https:\/\/redelitoralrs.com\/index.php\/wp-json\/wp\/v2\/types\/post"}],"author":[{"embeddable":true,"href":"https:\/\/redelitoralrs.com\/index.php\/wp-json\/wp\/v2\/users\/2"}],"replies":[{"embeddable":true,"href":"https:\/\/redelitoralrs.com\/index.php\/wp-json\/wp\/v2\/comments?post=4854"}],"version-history":[{"count":2,"href":"https:\/\/redelitoralrs.com\/index.php\/wp-json\/wp\/v2\/posts\/4854\/revisions"}],"predecessor-version":[{"id":4861,"href":"https:\/\/redelitoralrs.com\/index.php\/wp-json\/wp\/v2\/posts\/4854\/revisions\/4861"}],"wp:featuredmedia":[{"embeddable":true,"href":"https:\/\/redelitoralrs.com\/index.php\/wp-json\/wp\/v2\/media\/4855"}],"wp:attachment":[{"href":"https:\/\/redelitoralrs.com\/index.php\/wp-json\/wp\/v2\/media?parent=4854"}],"wp:term":[{"taxonomy":"category","embeddable":true,"href":"https:\/\/redelitoralrs.com\/index.php\/wp-json\/wp\/v2\/categories?post=4854"},{"taxonomy":"post_tag","embeddable":true,"href":"https:\/\/redelitoralrs.com\/index.php\/wp-json\/wp\/v2\/tags?post=4854"}],"curies":[{"name":"wp","href":"https:\/\/api.w.org\/{rel}","templated":true}]}}