{"id":4811,"date":"2024-12-16T11:01:15","date_gmt":"2024-12-16T14:01:15","guid":{"rendered":"https:\/\/redelitoralrs.com\/?p=4811"},"modified":"2024-12-16T11:01:17","modified_gmt":"2024-12-16T14:01:17","slug":"eleicao-para-novos-diretores-e-vice-diretores-das-escolas-estaduais-ocorre-na-segunda-feira","status":"publish","type":"post","link":"https:\/\/redelitoralrs.com\/index.php\/2024\/12\/16\/eleicao-para-novos-diretores-e-vice-diretores-das-escolas-estaduais-ocorre-na-segunda-feira\/","title":{"rendered":"Elei\u00e7\u00e3o para novos diretores e vice-diretores das escolas estaduais ocorre na segunda-feira"},"content":{"rendered":"\n<p>Na pr\u00f3xima segunda-feira, <strong>16 de dezembro<\/strong>, as escolas da Rede Estadual do Rio Grande do Sul realizar\u00e3o elei\u00e7\u00f5es para escolha dos novos diretores e vice-diretores. O pleito envolver\u00e1 <strong>professores, servidores, estudantes, pais e respons\u00e1veis<\/strong>, e os gestores eleitos ter\u00e3o mandato de <strong>tr\u00eas anos (2025-2027)<\/strong>.<\/p>\n\n\n\n<h3 class=\"wp-block-heading\"><strong>Como ser\u00e1 o processo eleitoral?<\/strong><\/h3>\n\n\n\n<ul class=\"wp-block-list\">\n<li>A vota\u00e7\u00e3o ser\u00e1 em <strong>formato eletr\u00f4nico<\/strong>, utilizando um aplicativo desenvolvido pela <strong>Secretaria da Educa\u00e7\u00e3o (Seduc)<\/strong>.<\/li>\n\n\n\n<li>A contagem dos votos ocorrer\u00e1 em at\u00e9 <strong>24 horas<\/strong>, com os resultados divulgados at\u00e9 <strong>quarta-feira (18\/12)<\/strong>.<\/li>\n\n\n\n<li>Se houver <strong>segundo turno<\/strong>, as vota\u00e7\u00f5es ocorrer\u00e3o na <strong>sexta-feira (20\/12)<\/strong>, com homologa\u00e7\u00e3o at\u00e9 <strong>23 de dezembro<\/strong>.<\/li>\n<\/ul>\n\n\n\n<p>Os <strong>estudantes maiores de 12 anos<\/strong> poder\u00e3o votar, enquanto pais e respons\u00e1veis legais de alunos menores de idade ter\u00e3o direito a <strong>um voto<\/strong> por institui\u00e7\u00e3o, independentemente do n\u00famero de filhos matriculados.<\/p>\n\n\n\n<p>Para participar, os eleitores devem apresentar um <strong>documento oficial com foto<\/strong> no momento da vota\u00e7\u00e3o. Professores e servidores com dois v\u00ednculos poder\u00e3o votar em <strong>duas escolas diferentes<\/strong>, e aqueles com um \u00fanico v\u00ednculo votar\u00e3o na escola de maior carga hor\u00e1ria.<\/p>\n\n\n\n<h3 class=\"wp-block-heading\"><strong>Escolas quilombolas e ind\u00edgenas<\/strong><\/h3>\n\n\n\n<p>Nas <strong>escolas quilombolas<\/strong>, membros de associa\u00e7\u00f5es comunit\u00e1rias e lideran\u00e7as t\u00eam direito ao voto. J\u00e1 nas <strong>escolas ind\u00edgenas<\/strong>, <strong>todos os moradores da terra maiores de 12 anos<\/strong> podem votar.<\/p>\n\n\n\n<hr class=\"wp-block-separator has-alpha-channel-opacity\"\/>\n\n\n\n<h3 class=\"wp-block-heading\"><strong>Mudan\u00e7as e crit\u00e9rios t\u00e9cnicos<\/strong><\/h3>\n\n\n\n<p>As elei\u00e7\u00f5es deste ano incluem altera\u00e7\u00f5es na <strong>Lei de Gest\u00e3o Democr\u00e1tica das Escolas<\/strong>, aprovadas pela Assembleia Legislativa em 2023. O processo agora exige:<\/p>\n\n\n\n<ol class=\"wp-block-list\">\n<li><strong>Curso de 60 horas com certifica\u00e7\u00e3o<\/strong>;<\/li>\n\n\n\n<li><strong>Prova de conhecimentos espec\u00edficos<\/strong>;<\/li>\n\n\n\n<li><strong>Candidatura formalizada e elei\u00e7\u00e3o<\/strong>.<\/li>\n<\/ol>\n\n\n\n<p>Essas mudan\u00e7as atendem \u00e0s exig\u00eancias do <strong>Fundeb<\/strong> (Fundo de Manuten\u00e7\u00e3o e Desenvolvimento da Educa\u00e7\u00e3o B\u00e1sica), garantindo crit\u00e9rios de avalia\u00e7\u00e3o baseados no <strong>m\u00e9rito e desempenho dos gestores<\/strong>.<\/p>\n\n\n\n<p>Al\u00e9m disso, a partir de 2027, os mandatos ser\u00e3o de <strong>quatro anos<\/strong> e n\u00e3o haver\u00e1 mais <strong>limite de recondu\u00e7\u00f5es<\/strong>, desde que os requisitos sejam cumpridos.<\/p>\n\n\n\n<hr class=\"wp-block-separator has-alpha-channel-opacity\"\/>\n\n\n\n<h3 class=\"wp-block-heading\"><strong>Escolas participantes na 11\u00aa Coordenadoria Estadual de Educa\u00e7\u00e3o<\/strong><\/h3>\n\n\n\n<p>Na \u00e1rea da 11\u00aa CRE, as elei\u00e7\u00f5es ocorrer\u00e3o nas seguintes escolas:<\/p>\n\n\n\n<h4 class=\"wp-block-heading\"><strong>Arroio do Sal<\/strong><\/h4>\n\n\n\n<ul class=\"wp-block-list\">\n<li>ESC EST ENS MED JOSE DE QUADROS<\/li>\n<\/ul>\n\n\n\n<h4 class=\"wp-block-heading\"><strong>Balne\u00e1rio Pinhal<\/strong><\/h4>\n\n\n\n<ul class=\"wp-block-list\">\n<li>ESC EST ENS MED DIOGO PENHA<\/li>\n<\/ul>\n\n\n\n<h4 class=\"wp-block-heading\"><strong>Cap\u00e3o da Canoa<\/strong><\/h4>\n\n\n\n<ul class=\"wp-block-list\">\n<li>ESC EST ENS MED LUIZ MOSCHETTI<\/li>\n\n\n\n<li>ESC EST ENS FUN EMILIO TARRAGO ASSUMPCAO<\/li>\n\n\n\n<li>ESC EST ENS MED CAPAO NOVO<\/li>\n\n\n\n<li>INST ESTADUAL RIACHUELO<\/li>\n<\/ul>\n\n\n\n<h4 class=\"wp-block-heading\"><strong>Capivari do Sul<\/strong><\/h4>\n\n\n\n<ul class=\"wp-block-list\">\n<li>ESC EST ENS MED ARTHUR DA COSTA E SILVA<\/li>\n\n\n\n<li>E E IND ENS FUN ARANDUA<\/li>\n<\/ul>\n\n\n\n<h4 class=\"wp-block-heading\"><strong>Cara\u00e1<\/strong><\/h4>\n\n\n\n<ul class=\"wp-block-list\">\n<li>ESC EST ENS MED MARCAL RAMOS<\/li>\n\n\n\n<li>E E IND ENS FUN YAKA NHENDU<\/li>\n<\/ul>\n\n\n\n<h4 class=\"wp-block-heading\"><strong>Cidreira<\/strong><\/h4>\n\n\n\n<ul class=\"wp-block-list\">\n<li>ESC EST ED BAS RAUL PILLA<\/li>\n\n\n\n<li>ESC EST ENS FUN HERLITA SILVEIRA TEIXEIRA CIEP<\/li>\n<\/ul>\n\n\n\n<h4 class=\"wp-block-heading\"><strong>Dom Pedro de Alc\u00e2ntara<\/strong><\/h4>\n\n\n\n<ul class=\"wp-block-list\">\n<li>ESC EST ENS MED DOM PEDRO DE ALCANTARA<\/li>\n\n\n\n<li>ESC EST ENS FUN JOSE ANTONIO ROLIM<\/li>\n<\/ul>\n\n\n\n<h4 class=\"wp-block-heading\"><strong>Imb\u00e9<\/strong><\/h4>\n\n\n\n<ul class=\"wp-block-list\">\n<li>ESC EST ENS MED REINALDO VACCARI<\/li>\n\n\n\n<li>ESC EST ENS MED NOVE DE MAIO<\/li>\n<\/ul>\n\n\n\n<h4 class=\"wp-block-heading\"><strong>Itati<\/strong><\/h4>\n\n\n\n<ul class=\"wp-block-list\">\n<li>ESC EST ENS MED PASTOR VOGES<\/li>\n\n\n\n<li>ESC EST ENS FUN GUILHERME SCHMITT<\/li>\n<\/ul>\n\n\n\n<h4 class=\"wp-block-heading\"><strong>Mampituba<\/strong><\/h4>\n\n\n\n<ul class=\"wp-block-list\">\n<li>ESC EST ENS FUN MARTIMIANO FERREIRA ALVES<\/li>\n\n\n\n<li>ESC EST ENS MED ELIO DE FARIAS MATOS<\/li>\n<\/ul>\n\n\n\n<h4 class=\"wp-block-heading\"><strong>Maquin\u00e9<\/strong><\/h4>\n\n\n\n<ul class=\"wp-block-list\">\n<li>E.E.Q.ENS.MED. SANTA TERESINHA<\/li>\n\n\n\n<li>E E IND ENS FUN KURITY<\/li>\n\n\n\n<li>ESC EST ENS MED HILARIO RIBEIRO<\/li>\n\n\n\n<li>ESC EST ED BAS LOURENCO LEON VON LANGENDONCK<\/li>\n<\/ul>\n\n\n\n<h4 class=\"wp-block-heading\"><strong>Morrinhos do Sul<\/strong><\/h4>\n\n\n\n<ul class=\"wp-block-list\">\n<li>ESC EST ENS FUN SAO JORGE<\/li>\n\n\n\n<li>ESC EST BASICA SAGRADA FAMILIA<\/li>\n<\/ul>\n\n\n\n<h4 class=\"wp-block-heading\"><strong>Mostardas<\/strong><\/h4>\n\n\n\n<ul class=\"wp-block-list\">\n<li>ESC EST ENS MED MARIO QUINTANA<\/li>\n\n\n\n<li>ESC EST ENS FUN 11 DE ABRIL<\/li>\n\n\n\n<li>ESC EST ENS MED PE SIMAO MOSER<\/li>\n<\/ul>\n\n\n\n<h4 class=\"wp-block-heading\"><strong>Os\u00f3rio<\/strong><\/h4>\n\n\n\n<ul class=\"wp-block-list\">\n<li>ESC EST ENS FUN CONEGO PEDRO JACOBS<\/li>\n\n\n\n<li>ESC EST ENS FUN GAL OSORIO<\/li>\n\n\n\n<li>ESC EST ED BAS PRUDENTE DE MORAIS<\/li>\n\n\n\n<li>ESC EST ENS MED MARIA TERESA V CASTILHOS<\/li>\n\n\n\n<li>ESC EST ENS MED ALBATROZ<\/li>\n\n\n\n<li>ESC EST ENS MED ILDEFONSO SIMOES LOPES<\/li>\n\n\n\n<li>ESC EST ENS FUN PROF MILTON PACHECO<\/li>\n\n\n\n<li>NEEJA NOVOS VENTOS<\/li>\n\n\n\n<li>ESC EST ENS MED CARLOS ROBERTO CORTESE DIHL<\/li>\n<\/ul>\n\n\n\n<h4 class=\"wp-block-heading\"><strong>Palmares do Sul<\/strong><\/h4>\n\n\n\n<ul class=\"wp-block-list\">\n<li>ESC EST ENS FUN PADRE LUIS FISCHER<\/li>\n\n\n\n<li>ESC EST ENS MED PROFESSOR ALBANO ALVES PEREIRA<\/li>\n\n\n\n<li>ESC EST ENS FUN MANOEL LUIZ<\/li>\n\n\n\n<li>E E IND ENS FUN KUARAY MIMBI<\/li>\n<\/ul>\n\n\n\n<h4 class=\"wp-block-heading\"><strong>Santo Ant\u00f4nio da Patrulha<\/strong><\/h4>\n\n\n\n<p><em>(Lista completa com as 21 escolas mencionadas)<\/em><\/p>\n\n\n\n<h4 class=\"wp-block-heading\"><strong>Tavares<\/strong><\/h4>\n\n\n\n<ul class=\"wp-block-list\">\n<li>ESC EST ENS MED EDGARDO PEREIRA VELHO<\/li>\n<\/ul>\n\n\n\n<h4 class=\"wp-block-heading\"><strong>Terra de Areia<\/strong><\/h4>\n\n\n\n<ul class=\"wp-block-list\">\n<li>ESC EST BASICA PROFESSORA ERICA MARQUES<\/li>\n\n\n\n<li>E E IND ENS FUN JEDY MIRIM<\/li>\n<\/ul>\n\n\n\n<h4 class=\"wp-block-heading\"><strong>Torres<\/strong><\/h4>\n\n\n\n<p><em>(Lista completa das 8 escolas citadas)<\/em><\/p>\n\n\n\n<h4 class=\"wp-block-heading\"><strong>Tramanda\u00ed<\/strong><\/h4>\n\n\n\n<p><em>(Lista completa das 6 escolas citadas)<\/em><\/p>\n\n\n\n<h4 class=\"wp-block-heading\"><strong>Tr\u00eas Cachoeiras<\/strong><\/h4>\n\n\n\n<p><em>(Lista completa das 4 escolas citadas)<\/em><\/p>\n\n\n\n<h4 class=\"wp-block-heading\"><strong>Tr\u00eas Forquilhas<\/strong><\/h4>\n\n\n\n<ul class=\"wp-block-list\">\n<li>ESC EST ED BAS PROFESSOR HERMENEGILDO<\/li>\n<\/ul>\n\n\n\n<h4 class=\"wp-block-heading\"><strong>Xangri-L\u00e1<\/strong><\/h4>\n\n\n\n<ul class=\"wp-block-list\">\n<li>ESC EST ENS MED XANGRI LA<\/li>\n<\/ul>\n\n\n\n<hr class=\"wp-block-separator has-alpha-channel-opacity\"\/>\n\n\n\n<p>A elei\u00e7\u00e3o refor\u00e7a o compromisso com a <strong>gest\u00e3o democr\u00e1tica<\/strong> e o aprimoramento da educa\u00e7\u00e3o nas institui\u00e7\u00f5es p\u00fablicas do estado. <strong>Com informa\u00e7\u00f5es do Governo do Estado.<\/strong><\/p>\n\n\n\n<p><em>Laura Pires Haendchen<\/em><\/p>\n\n\n\n<p><\/p>\n","protected":false},"excerpt":{"rendered":"<p>Na pr\u00f3xima segunda-feira, 16 de dezembro, as escolas da Rede Estadual do Rio Grande do Sul realizar\u00e3o elei\u00e7\u00f5es para escolha dos novos diretores e vice-diretores. O pleito envolver\u00e1 professores, servidores, estudantes, pais e respons\u00e1veis, e os gestores eleitos ter\u00e3o mandato de tr\u00eas anos (2025-2027). Como ser\u00e1 o processo eleitoral? Os estudantes maiores de 12 anos [&hellip;]<\/p>\n","protected":false},"author":2,"featured_media":4812,"comment_status":"open","ping_status":"open","sticky":false,"template":"","format":"standard","meta":{"_themeisle_gutenberg_block_has_review":false,"footnotes":""},"categories":[20,15],"tags":[103,92,128],"class_list":["post-4811","post","type-post","status-publish","format-standard","has-post-thumbnail","hentry","category-litoral_norte","category-noticias","tag-litoral-norte","tag-noticia","tag-rio-grande-do-sul"],"yoast_head":"<!-- This site is optimized with the Yoast SEO plugin v27.4 - https:\/\/yoast.com\/product\/yoast-seo-wordpress\/ -->\n<title>Elei\u00e7\u00e3o para novos diretores e vice-diretores das escolas estaduais ocorre na segunda-feira - Rede Litoral RS<\/title>\n<meta name=\"robots\" content=\"index, follow, max-snippet:-1, max-image-preview:large, max-video-preview:-1\" \/>\n<link rel=\"canonical\" href=\"https:\/\/redelitoralrs.com\/index.php\/2024\/12\/16\/eleicao-para-novos-diretores-e-vice-diretores-das-escolas-estaduais-ocorre-na-segunda-feira\/\" \/>\n<meta property=\"og:locale\" content=\"pt_BR\" \/>\n<meta property=\"og:type\" content=\"article\" \/>\n<meta property=\"og:title\" content=\"Elei\u00e7\u00e3o para novos diretores e vice-diretores das escolas estaduais ocorre na segunda-feira - Rede Litoral RS\" \/>\n<meta property=\"og:description\" content=\"Na pr\u00f3xima segunda-feira, 16 de dezembro, as escolas da Rede Estadual do Rio Grande do Sul realizar\u00e3o elei\u00e7\u00f5es para escolha dos novos diretores e vice-diretores. O pleito envolver\u00e1 professores, servidores, estudantes, pais e respons\u00e1veis, e os gestores eleitos ter\u00e3o mandato de tr\u00eas anos (2025-2027). Como ser\u00e1 o processo eleitoral? Os estudantes maiores de 12 anos [&hellip;]\" \/>\n<meta property=\"og:url\" content=\"https:\/\/redelitoralrs.com\/index.php\/2024\/12\/16\/eleicao-para-novos-diretores-e-vice-diretores-das-escolas-estaduais-ocorre-na-segunda-feira\/\" \/>\n<meta property=\"og:site_name\" content=\"Rede Litoral RS\" \/>\n<meta property=\"article:publisher\" content=\"https:\/\/www.facebook.com\/tvlitoralrsoficial\" \/>\n<meta property=\"article:published_time\" content=\"2024-12-16T14:01:15+00:00\" \/>\n<meta property=\"article:modified_time\" content=\"2024-12-16T14:01:17+00:00\" \/>\n<meta property=\"og:image\" content=\"https:\/\/redelitoralrs.com\/wp-content\/uploads\/2024\/12\/crbmsfru-1.png\" \/>\n\t<meta property=\"og:image:width\" content=\"429\" \/>\n\t<meta property=\"og:image:height\" content=\"240\" \/>\n\t<meta property=\"og:image:type\" content=\"image\/png\" \/>\n<meta name=\"author\" content=\"Reda\u00e7\u00e3o TV Litoral\" \/>\n<meta name=\"twitter:card\" content=\"summary_large_image\" \/>\n<meta name=\"twitter:label1\" content=\"Escrito por\" \/>\n\t<meta name=\"twitter:data1\" content=\"Reda\u00e7\u00e3o TV Litoral\" \/>\n\t<meta name=\"twitter:label2\" content=\"Est. tempo de leitura\" \/>\n\t<meta name=\"twitter:data2\" content=\"5 minutos\" \/>\n<script type=\"application\/ld+json\" class=\"yoast-schema-graph\">{\"@context\":\"https:\\\/\\\/schema.org\",\"@graph\":[{\"@type\":\"Article\",\"@id\":\"https:\\\/\\\/redelitoralrs.com\\\/index.php\\\/2024\\\/12\\\/16\\\/eleicao-para-novos-diretores-e-vice-diretores-das-escolas-estaduais-ocorre-na-segunda-feira\\\/#article\",\"isPartOf\":{\"@id\":\"https:\\\/\\\/redelitoralrs.com\\\/index.php\\\/2024\\\/12\\\/16\\\/eleicao-para-novos-diretores-e-vice-diretores-das-escolas-estaduais-ocorre-na-segunda-feira\\\/\"},\"author\":{\"name\":\"Reda\u00e7\u00e3o TV Litoral\",\"@id\":\"https:\\\/\\\/redelitoralrs.com\\\/#\\\/schema\\\/person\\\/9f8181f2a7359dd3986f05ebaf5bd68a\"},\"headline\":\"Elei\u00e7\u00e3o para novos diretores e vice-diretores das escolas estaduais ocorre na segunda-feira\",\"datePublished\":\"2024-12-16T14:01:15+00:00\",\"dateModified\":\"2024-12-16T14:01:17+00:00\",\"mainEntityOfPage\":{\"@id\":\"https:\\\/\\\/redelitoralrs.com\\\/index.php\\\/2024\\\/12\\\/16\\\/eleicao-para-novos-diretores-e-vice-diretores-das-escolas-estaduais-ocorre-na-segunda-feira\\\/\"},\"wordCount\":780,\"commentCount\":0,\"publisher\":{\"@id\":\"https:\\\/\\\/redelitoralrs.com\\\/#organization\"},\"image\":{\"@id\":\"https:\\\/\\\/redelitoralrs.com\\\/index.php\\\/2024\\\/12\\\/16\\\/eleicao-para-novos-diretores-e-vice-diretores-das-escolas-estaduais-ocorre-na-segunda-feira\\\/#primaryimage\"},\"thumbnailUrl\":\"https:\\\/\\\/redelitoralrs.com\\\/wp-content\\\/uploads\\\/2024\\\/12\\\/crbmsfru-1.png\",\"keywords\":[\"litoral norte\",\"not\u00edcia\",\"rio grande do sul\"],\"articleSection\":[\"Litoral Norte\",\"\u00daltimas not\u00edcias\"],\"inLanguage\":\"pt-BR\",\"potentialAction\":[{\"@type\":\"CommentAction\",\"name\":\"Comment\",\"target\":[\"https:\\\/\\\/redelitoralrs.com\\\/index.php\\\/2024\\\/12\\\/16\\\/eleicao-para-novos-diretores-e-vice-diretores-das-escolas-estaduais-ocorre-na-segunda-feira\\\/#respond\"]}]},{\"@type\":\"WebPage\",\"@id\":\"https:\\\/\\\/redelitoralrs.com\\\/index.php\\\/2024\\\/12\\\/16\\\/eleicao-para-novos-diretores-e-vice-diretores-das-escolas-estaduais-ocorre-na-segunda-feira\\\/\",\"url\":\"https:\\\/\\\/redelitoralrs.com\\\/index.php\\\/2024\\\/12\\\/16\\\/eleicao-para-novos-diretores-e-vice-diretores-das-escolas-estaduais-ocorre-na-segunda-feira\\\/\",\"name\":\"Elei\u00e7\u00e3o para novos diretores e vice-diretores das escolas estaduais ocorre na segunda-feira - Rede Litoral RS\",\"isPartOf\":{\"@id\":\"https:\\\/\\\/redelitoralrs.com\\\/#website\"},\"primaryImageOfPage\":{\"@id\":\"https:\\\/\\\/redelitoralrs.com\\\/index.php\\\/2024\\\/12\\\/16\\\/eleicao-para-novos-diretores-e-vice-diretores-das-escolas-estaduais-ocorre-na-segunda-feira\\\/#primaryimage\"},\"image\":{\"@id\":\"https:\\\/\\\/redelitoralrs.com\\\/index.php\\\/2024\\\/12\\\/16\\\/eleicao-para-novos-diretores-e-vice-diretores-das-escolas-estaduais-ocorre-na-segunda-feira\\\/#primaryimage\"},\"thumbnailUrl\":\"https:\\\/\\\/redelitoralrs.com\\\/wp-content\\\/uploads\\\/2024\\\/12\\\/crbmsfru-1.png\",\"datePublished\":\"2024-12-16T14:01:15+00:00\",\"dateModified\":\"2024-12-16T14:01:17+00:00\",\"breadcrumb\":{\"@id\":\"https:\\\/\\\/redelitoralrs.com\\\/index.php\\\/2024\\\/12\\\/16\\\/eleicao-para-novos-diretores-e-vice-diretores-das-escolas-estaduais-ocorre-na-segunda-feira\\\/#breadcrumb\"},\"inLanguage\":\"pt-BR\",\"potentialAction\":[{\"@type\":\"ReadAction\",\"target\":[\"https:\\\/\\\/redelitoralrs.com\\\/index.php\\\/2024\\\/12\\\/16\\\/eleicao-para-novos-diretores-e-vice-diretores-das-escolas-estaduais-ocorre-na-segunda-feira\\\/\"]}]},{\"@type\":\"ImageObject\",\"inLanguage\":\"pt-BR\",\"@id\":\"https:\\\/\\\/redelitoralrs.com\\\/index.php\\\/2024\\\/12\\\/16\\\/eleicao-para-novos-diretores-e-vice-diretores-das-escolas-estaduais-ocorre-na-segunda-feira\\\/#primaryimage\",\"url\":\"https:\\\/\\\/redelitoralrs.com\\\/wp-content\\\/uploads\\\/2024\\\/12\\\/crbmsfru-1.png\",\"contentUrl\":\"https:\\\/\\\/redelitoralrs.com\\\/wp-content\\\/uploads\\\/2024\\\/12\\\/crbmsfru-1.png\",\"width\":429,\"height\":240},{\"@type\":\"BreadcrumbList\",\"@id\":\"https:\\\/\\\/redelitoralrs.com\\\/index.php\\\/2024\\\/12\\\/16\\\/eleicao-para-novos-diretores-e-vice-diretores-das-escolas-estaduais-ocorre-na-segunda-feira\\\/#breadcrumb\",\"itemListElement\":[{\"@type\":\"ListItem\",\"position\":1,\"name\":\"In\u00edcio\",\"item\":\"https:\\\/\\\/redelitoralrs.com\\\/\"},{\"@type\":\"ListItem\",\"position\":2,\"name\":\"Elei\u00e7\u00e3o para novos diretores e vice-diretores das escolas estaduais ocorre na segunda-feira\"}]},{\"@type\":\"WebSite\",\"@id\":\"https:\\\/\\\/redelitoralrs.com\\\/#website\",\"url\":\"https:\\\/\\\/redelitoralrs.com\\\/\",\"name\":\"TV Litoral\",\"description\":\"Acompanhe tudo do litoral ga\u00facho com a cobertura completa e atualizada da Rede Litoral RS. Nossos jornalistas trazem as \u00faltimas not\u00edcias, os acontecimentos mais quentes e as hist\u00f3rias que importam sobre nosso amado litoral.\",\"publisher\":{\"@id\":\"https:\\\/\\\/redelitoralrs.com\\\/#organization\"},\"potentialAction\":[{\"@type\":\"SearchAction\",\"target\":{\"@type\":\"EntryPoint\",\"urlTemplate\":\"https:\\\/\\\/redelitoralrs.com\\\/?s={search_term_string}\"},\"query-input\":{\"@type\":\"PropertyValueSpecification\",\"valueRequired\":true,\"valueName\":\"search_term_string\"}}],\"inLanguage\":\"pt-BR\"},{\"@type\":\"Organization\",\"@id\":\"https:\\\/\\\/redelitoralrs.com\\\/#organization\",\"name\":\"TV Litoral\",\"url\":\"https:\\\/\\\/redelitoralrs.com\\\/\",\"logo\":{\"@type\":\"ImageObject\",\"inLanguage\":\"pt-BR\",\"@id\":\"https:\\\/\\\/redelitoralrs.com\\\/#\\\/schema\\\/logo\\\/image\\\/\",\"url\":\"https:\\\/\\\/redelitoralrs.com\\\/wp-content\\\/uploads\\\/2024\\\/01\\\/faviconicon-1-1.png\",\"contentUrl\":\"https:\\\/\\\/redelitoralrs.com\\\/wp-content\\\/uploads\\\/2024\\\/01\\\/faviconicon-1-1.png\",\"width\":454,\"height\":454,\"caption\":\"TV Litoral\"},\"image\":{\"@id\":\"https:\\\/\\\/redelitoralrs.com\\\/#\\\/schema\\\/logo\\\/image\\\/\"},\"sameAs\":[\"https:\\\/\\\/www.facebook.com\\\/tvlitoralrsoficial\",\"https:\\\/\\\/www.instagram.com\\\/tvlitoral.rs\"]},{\"@type\":\"Person\",\"@id\":\"https:\\\/\\\/redelitoralrs.com\\\/#\\\/schema\\\/person\\\/9f8181f2a7359dd3986f05ebaf5bd68a\",\"name\":\"Reda\u00e7\u00e3o TV Litoral\",\"image\":{\"@type\":\"ImageObject\",\"inLanguage\":\"pt-BR\",\"@id\":\"https:\\\/\\\/redelitoralrs.com\\\/wp-content\\\/litespeed\\\/avatar\\\/779aafbb45e66c7f82733e21abb48259.jpg?ver=1776956734\",\"url\":\"https:\\\/\\\/redelitoralrs.com\\\/wp-content\\\/litespeed\\\/avatar\\\/779aafbb45e66c7f82733e21abb48259.jpg?ver=1776956734\",\"contentUrl\":\"https:\\\/\\\/redelitoralrs.com\\\/wp-content\\\/litespeed\\\/avatar\\\/779aafbb45e66c7f82733e21abb48259.jpg?ver=1776956734\",\"caption\":\"Reda\u00e7\u00e3o TV Litoral\"},\"description\":\"A Rede Litoral de Comunica\u00e7\u00e3o \u00e9 um grupo de m\u00eddia multiplataforma do Litoral Norte do RS. Com atua\u00e7\u00e3o em TV, r\u00e1dio, portal e redes sociais, levamos informa\u00e7\u00e3o, conte\u00fado e entretenimento \u00e0 comunidade, fortalecendo a comunica\u00e7\u00e3o local e impulsionando o desenvolvimento regional. Acompanhe atrav\u00e9s de @redelitoralrs.\",\"sameAs\":[\"https:\\\/\\\/redelitoralrs.com\",\"https:\\\/\\\/www.instagram.com\\\/redelitoralrs\",\"https:\\\/\\\/www.youtube.com\\\/@redelitoralrs\"],\"url\":\"https:\\\/\\\/redelitoralrs.com\\\/index.php\\\/author\\\/redacaotvlitoral\\\/\"}]}<\/script>\n<!-- \/ Yoast SEO plugin. -->","yoast_head_json":{"title":"Elei\u00e7\u00e3o para novos diretores e vice-diretores das escolas estaduais ocorre na segunda-feira - Rede Litoral RS","robots":{"index":"index","follow":"follow","max-snippet":"max-snippet:-1","max-image-preview":"max-image-preview:large","max-video-preview":"max-video-preview:-1"},"canonical":"https:\/\/redelitoralrs.com\/index.php\/2024\/12\/16\/eleicao-para-novos-diretores-e-vice-diretores-das-escolas-estaduais-ocorre-na-segunda-feira\/","og_locale":"pt_BR","og_type":"article","og_title":"Elei\u00e7\u00e3o para novos diretores e vice-diretores das escolas estaduais ocorre na segunda-feira - Rede Litoral RS","og_description":"Na pr\u00f3xima segunda-feira, 16 de dezembro, as escolas da Rede Estadual do Rio Grande do Sul realizar\u00e3o elei\u00e7\u00f5es para escolha dos novos diretores e vice-diretores. O pleito envolver\u00e1 professores, servidores, estudantes, pais e respons\u00e1veis, e os gestores eleitos ter\u00e3o mandato de tr\u00eas anos (2025-2027). Como ser\u00e1 o processo eleitoral? Os estudantes maiores de 12 anos [&hellip;]","og_url":"https:\/\/redelitoralrs.com\/index.php\/2024\/12\/16\/eleicao-para-novos-diretores-e-vice-diretores-das-escolas-estaduais-ocorre-na-segunda-feira\/","og_site_name":"Rede Litoral RS","article_publisher":"https:\/\/www.facebook.com\/tvlitoralrsoficial","article_published_time":"2024-12-16T14:01:15+00:00","article_modified_time":"2024-12-16T14:01:17+00:00","og_image":[{"width":429,"height":240,"url":"https:\/\/redelitoralrs.com\/wp-content\/uploads\/2024\/12\/crbmsfru-1.png","type":"image\/png"}],"author":"Reda\u00e7\u00e3o TV Litoral","twitter_card":"summary_large_image","twitter_misc":{"Escrito por":"Reda\u00e7\u00e3o TV Litoral","Est. tempo de leitura":"5 minutos"},"schema":{"@context":"https:\/\/schema.org","@graph":[{"@type":"Article","@id":"https:\/\/redelitoralrs.com\/index.php\/2024\/12\/16\/eleicao-para-novos-diretores-e-vice-diretores-das-escolas-estaduais-ocorre-na-segunda-feira\/#article","isPartOf":{"@id":"https:\/\/redelitoralrs.com\/index.php\/2024\/12\/16\/eleicao-para-novos-diretores-e-vice-diretores-das-escolas-estaduais-ocorre-na-segunda-feira\/"},"author":{"name":"Reda\u00e7\u00e3o TV Litoral","@id":"https:\/\/redelitoralrs.com\/#\/schema\/person\/9f8181f2a7359dd3986f05ebaf5bd68a"},"headline":"Elei\u00e7\u00e3o para novos diretores e vice-diretores das escolas estaduais ocorre na segunda-feira","datePublished":"2024-12-16T14:01:15+00:00","dateModified":"2024-12-16T14:01:17+00:00","mainEntityOfPage":{"@id":"https:\/\/redelitoralrs.com\/index.php\/2024\/12\/16\/eleicao-para-novos-diretores-e-vice-diretores-das-escolas-estaduais-ocorre-na-segunda-feira\/"},"wordCount":780,"commentCount":0,"publisher":{"@id":"https:\/\/redelitoralrs.com\/#organization"},"image":{"@id":"https:\/\/redelitoralrs.com\/index.php\/2024\/12\/16\/eleicao-para-novos-diretores-e-vice-diretores-das-escolas-estaduais-ocorre-na-segunda-feira\/#primaryimage"},"thumbnailUrl":"https:\/\/redelitoralrs.com\/wp-content\/uploads\/2024\/12\/crbmsfru-1.png","keywords":["litoral norte","not\u00edcia","rio grande do sul"],"articleSection":["Litoral Norte","\u00daltimas not\u00edcias"],"inLanguage":"pt-BR","potentialAction":[{"@type":"CommentAction","name":"Comment","target":["https:\/\/redelitoralrs.com\/index.php\/2024\/12\/16\/eleicao-para-novos-diretores-e-vice-diretores-das-escolas-estaduais-ocorre-na-segunda-feira\/#respond"]}]},{"@type":"WebPage","@id":"https:\/\/redelitoralrs.com\/index.php\/2024\/12\/16\/eleicao-para-novos-diretores-e-vice-diretores-das-escolas-estaduais-ocorre-na-segunda-feira\/","url":"https:\/\/redelitoralrs.com\/index.php\/2024\/12\/16\/eleicao-para-novos-diretores-e-vice-diretores-das-escolas-estaduais-ocorre-na-segunda-feira\/","name":"Elei\u00e7\u00e3o para novos diretores e vice-diretores das escolas estaduais ocorre na segunda-feira - Rede Litoral RS","isPartOf":{"@id":"https:\/\/redelitoralrs.com\/#website"},"primaryImageOfPage":{"@id":"https:\/\/redelitoralrs.com\/index.php\/2024\/12\/16\/eleicao-para-novos-diretores-e-vice-diretores-das-escolas-estaduais-ocorre-na-segunda-feira\/#primaryimage"},"image":{"@id":"https:\/\/redelitoralrs.com\/index.php\/2024\/12\/16\/eleicao-para-novos-diretores-e-vice-diretores-das-escolas-estaduais-ocorre-na-segunda-feira\/#primaryimage"},"thumbnailUrl":"https:\/\/redelitoralrs.com\/wp-content\/uploads\/2024\/12\/crbmsfru-1.png","datePublished":"2024-12-16T14:01:15+00:00","dateModified":"2024-12-16T14:01:17+00:00","breadcrumb":{"@id":"https:\/\/redelitoralrs.com\/index.php\/2024\/12\/16\/eleicao-para-novos-diretores-e-vice-diretores-das-escolas-estaduais-ocorre-na-segunda-feira\/#breadcrumb"},"inLanguage":"pt-BR","potentialAction":[{"@type":"ReadAction","target":["https:\/\/redelitoralrs.com\/index.php\/2024\/12\/16\/eleicao-para-novos-diretores-e-vice-diretores-das-escolas-estaduais-ocorre-na-segunda-feira\/"]}]},{"@type":"ImageObject","inLanguage":"pt-BR","@id":"https:\/\/redelitoralrs.com\/index.php\/2024\/12\/16\/eleicao-para-novos-diretores-e-vice-diretores-das-escolas-estaduais-ocorre-na-segunda-feira\/#primaryimage","url":"https:\/\/redelitoralrs.com\/wp-content\/uploads\/2024\/12\/crbmsfru-1.png","contentUrl":"https:\/\/redelitoralrs.com\/wp-content\/uploads\/2024\/12\/crbmsfru-1.png","width":429,"height":240},{"@type":"BreadcrumbList","@id":"https:\/\/redelitoralrs.com\/index.php\/2024\/12\/16\/eleicao-para-novos-diretores-e-vice-diretores-das-escolas-estaduais-ocorre-na-segunda-feira\/#breadcrumb","itemListElement":[{"@type":"ListItem","position":1,"name":"In\u00edcio","item":"https:\/\/redelitoralrs.com\/"},{"@type":"ListItem","position":2,"name":"Elei\u00e7\u00e3o para novos diretores e vice-diretores das escolas estaduais ocorre na segunda-feira"}]},{"@type":"WebSite","@id":"https:\/\/redelitoralrs.com\/#website","url":"https:\/\/redelitoralrs.com\/","name":"TV Litoral","description":"Acompanhe tudo do litoral ga\u00facho com a cobertura completa e atualizada da Rede Litoral RS. Nossos jornalistas trazem as \u00faltimas not\u00edcias, os acontecimentos mais quentes e as hist\u00f3rias que importam sobre nosso amado litoral.","publisher":{"@id":"https:\/\/redelitoralrs.com\/#organization"},"potentialAction":[{"@type":"SearchAction","target":{"@type":"EntryPoint","urlTemplate":"https:\/\/redelitoralrs.com\/?s={search_term_string}"},"query-input":{"@type":"PropertyValueSpecification","valueRequired":true,"valueName":"search_term_string"}}],"inLanguage":"pt-BR"},{"@type":"Organization","@id":"https:\/\/redelitoralrs.com\/#organization","name":"TV Litoral","url":"https:\/\/redelitoralrs.com\/","logo":{"@type":"ImageObject","inLanguage":"pt-BR","@id":"https:\/\/redelitoralrs.com\/#\/schema\/logo\/image\/","url":"https:\/\/redelitoralrs.com\/wp-content\/uploads\/2024\/01\/faviconicon-1-1.png","contentUrl":"https:\/\/redelitoralrs.com\/wp-content\/uploads\/2024\/01\/faviconicon-1-1.png","width":454,"height":454,"caption":"TV Litoral"},"image":{"@id":"https:\/\/redelitoralrs.com\/#\/schema\/logo\/image\/"},"sameAs":["https:\/\/www.facebook.com\/tvlitoralrsoficial","https:\/\/www.instagram.com\/tvlitoral.rs"]},{"@type":"Person","@id":"https:\/\/redelitoralrs.com\/#\/schema\/person\/9f8181f2a7359dd3986f05ebaf5bd68a","name":"Reda\u00e7\u00e3o TV Litoral","image":{"@type":"ImageObject","inLanguage":"pt-BR","@id":"https:\/\/redelitoralrs.com\/wp-content\/litespeed\/avatar\/779aafbb45e66c7f82733e21abb48259.jpg?ver=1776956734","url":"https:\/\/redelitoralrs.com\/wp-content\/litespeed\/avatar\/779aafbb45e66c7f82733e21abb48259.jpg?ver=1776956734","contentUrl":"https:\/\/redelitoralrs.com\/wp-content\/litespeed\/avatar\/779aafbb45e66c7f82733e21abb48259.jpg?ver=1776956734","caption":"Reda\u00e7\u00e3o TV Litoral"},"description":"A Rede Litoral de Comunica\u00e7\u00e3o \u00e9 um grupo de m\u00eddia multiplataforma do Litoral Norte do RS. Com atua\u00e7\u00e3o em TV, r\u00e1dio, portal e redes sociais, levamos informa\u00e7\u00e3o, conte\u00fado e entretenimento \u00e0 comunidade, fortalecendo a comunica\u00e7\u00e3o local e impulsionando o desenvolvimento regional. Acompanhe atrav\u00e9s de @redelitoralrs.","sameAs":["https:\/\/redelitoralrs.com","https:\/\/www.instagram.com\/redelitoralrs","https:\/\/www.youtube.com\/@redelitoralrs"],"url":"https:\/\/redelitoralrs.com\/index.php\/author\/redacaotvlitoral\/"}]}},"_links":{"self":[{"href":"https:\/\/redelitoralrs.com\/index.php\/wp-json\/wp\/v2\/posts\/4811","targetHints":{"allow":["GET"]}}],"collection":[{"href":"https:\/\/redelitoralrs.com\/index.php\/wp-json\/wp\/v2\/posts"}],"about":[{"href":"https:\/\/redelitoralrs.com\/index.php\/wp-json\/wp\/v2\/types\/post"}],"author":[{"embeddable":true,"href":"https:\/\/redelitoralrs.com\/index.php\/wp-json\/wp\/v2\/users\/2"}],"replies":[{"embeddable":true,"href":"https:\/\/redelitoralrs.com\/index.php\/wp-json\/wp\/v2\/comments?post=4811"}],"version-history":[{"count":1,"href":"https:\/\/redelitoralrs.com\/index.php\/wp-json\/wp\/v2\/posts\/4811\/revisions"}],"predecessor-version":[{"id":4813,"href":"https:\/\/redelitoralrs.com\/index.php\/wp-json\/wp\/v2\/posts\/4811\/revisions\/4813"}],"wp:featuredmedia":[{"embeddable":true,"href":"https:\/\/redelitoralrs.com\/index.php\/wp-json\/wp\/v2\/media\/4812"}],"wp:attachment":[{"href":"https:\/\/redelitoralrs.com\/index.php\/wp-json\/wp\/v2\/media?parent=4811"}],"wp:term":[{"taxonomy":"category","embeddable":true,"href":"https:\/\/redelitoralrs.com\/index.php\/wp-json\/wp\/v2\/categories?post=4811"},{"taxonomy":"post_tag","embeddable":true,"href":"https:\/\/redelitoralrs.com\/index.php\/wp-json\/wp\/v2\/tags?post=4811"}],"curies":[{"name":"wp","href":"https:\/\/api.w.org\/{rel}","templated":true}]}}