{"id":4797,"date":"2024-12-12T16:28:59","date_gmt":"2024-12-12T19:28:59","guid":{"rendered":"https:\/\/redelitoralrs.com\/?p=4797"},"modified":"2024-12-12T16:28:59","modified_gmt":"2024-12-12T19:28:59","slug":"incendio-destroi-residencia-na-praia-do-magisterio-em-balneario-pinhal","status":"publish","type":"post","link":"https:\/\/redelitoralrs.com\/index.php\/2024\/12\/12\/incendio-destroi-residencia-na-praia-do-magisterio-em-balneario-pinhal\/","title":{"rendered":"Inc\u00eandio destr\u00f3i resid\u00eancia na Praia do Magist\u00e9rio, em Balne\u00e1rio Pinhal"},"content":{"rendered":"\n<p>Um inc\u00eandio de grandes propor\u00e7\u00f5es destruiu uma casa na noite desta segunda-feira (9), na Praia do Magist\u00e9rio, em Balne\u00e1rio Pinhal. O im\u00f3vel, localizado na Rua Carazinho, come\u00e7ou a ser consumido pelas chamas por volta das 21h30.<\/p>\n\n\n\n<p>Os bombeiros comunit\u00e1rios de Balne\u00e1rio Pinhal atuaram rapidamente, recebendo apoio dos bombeiros militares de Cidreira para combater o fogo. Segundo informa\u00e7\u00f5es da corpora\u00e7\u00e3o, a resid\u00eancia, constru\u00edda em madeira, tinha cerca de 60 metros quadrados. Durante o combate \u00e0s chamas, foram utilizados aproximadamente 3,5 mil litros de \u00e1gua, e o trabalho s\u00f3 foi finalizado pouco antes das 23h, ap\u00f3s a realiza\u00e7\u00e3o do rescaldo, que serve para extinguir poss\u00edveis focos remanescentes e evitar o retorno do inc\u00eandio.<\/p>\n\n\n\n<p>Apesar da intensidade das chamas e da perda total do im\u00f3vel, a moradora conseguiu escapar sem ferimentos. Vizinhos da regi\u00e3o acolheram a mulher, que perdeu todos os seus pertences no incidente.<\/p>\n\n\n\n<p>Ainda n\u00e3o se sabe o que provocou o inc\u00eandio. A corpora\u00e7\u00e3o segue analisando as circunst\u00e2ncias para tentar identificar as causas.<\/p>\n\n\n\n<p>O epis\u00f3dio mobilizou a comunidade local e refor\u00e7ou a import\u00e2ncia da solidariedade em momentos de adversidade, j\u00e1 que vizinhos prestaram suporte imediato \u00e0 v\u00edtima.<\/p>\n\n\n\n<p><em>Laura Pires Haendchen<\/em><\/p>\n","protected":false},"excerpt":{"rendered":"<p>Um inc\u00eandio de grandes propor\u00e7\u00f5es destruiu uma casa na noite desta segunda-feira (9), na Praia do Magist\u00e9rio, em Balne\u00e1rio Pinhal. O im\u00f3vel, localizado na Rua Carazinho, come\u00e7ou a ser consumido pelas chamas por volta das 21h30. Os bombeiros comunit\u00e1rios de Balne\u00e1rio Pinhal atuaram rapidamente, recebendo apoio dos bombeiros militares de Cidreira para combater o fogo. [&hellip;]<\/p>\n","protected":false},"author":2,"featured_media":4798,"comment_status":"open","ping_status":"open","sticky":false,"template":"","format":"standard","meta":{"_themeisle_gutenberg_block_has_review":false,"footnotes":""},"categories":[187,15],"tags":[103,92,128],"class_list":["post-4797","post","type-post","status-publish","format-standard","has-post-thumbnail","hentry","category-balneario-pinhal","category-noticias","tag-litoral-norte","tag-noticia","tag-rio-grande-do-sul"],"yoast_head":"<!-- This site is optimized with the Yoast SEO plugin v27.4 - https:\/\/yoast.com\/product\/yoast-seo-wordpress\/ -->\n<title>Inc\u00eandio destr\u00f3i resid\u00eancia na Praia do Magist\u00e9rio, em Balne\u00e1rio Pinhal - Rede Litoral RS<\/title>\n<meta name=\"robots\" content=\"index, follow, max-snippet:-1, max-image-preview:large, max-video-preview:-1\" \/>\n<link rel=\"canonical\" href=\"https:\/\/redelitoralrs.com\/index.php\/2024\/12\/12\/incendio-destroi-residencia-na-praia-do-magisterio-em-balneario-pinhal\/\" \/>\n<meta property=\"og:locale\" content=\"pt_BR\" \/>\n<meta property=\"og:type\" content=\"article\" \/>\n<meta property=\"og:title\" content=\"Inc\u00eandio destr\u00f3i resid\u00eancia na Praia do Magist\u00e9rio, em Balne\u00e1rio Pinhal - Rede Litoral RS\" \/>\n<meta property=\"og:description\" content=\"Um inc\u00eandio de grandes propor\u00e7\u00f5es destruiu uma casa na noite desta segunda-feira (9), na Praia do Magist\u00e9rio, em Balne\u00e1rio Pinhal. O im\u00f3vel, localizado na Rua Carazinho, come\u00e7ou a ser consumido pelas chamas por volta das 21h30. Os bombeiros comunit\u00e1rios de Balne\u00e1rio Pinhal atuaram rapidamente, recebendo apoio dos bombeiros militares de Cidreira para combater o fogo. [&hellip;]\" \/>\n<meta property=\"og:url\" content=\"https:\/\/redelitoralrs.com\/index.php\/2024\/12\/12\/incendio-destroi-residencia-na-praia-do-magisterio-em-balneario-pinhal\/\" \/>\n<meta property=\"og:site_name\" content=\"Rede Litoral RS\" \/>\n<meta property=\"article:publisher\" content=\"https:\/\/www.facebook.com\/tvlitoralrsoficial\" \/>\n<meta property=\"article:published_time\" content=\"2024-12-12T19:28:59+00:00\" \/>\n<meta property=\"og:image\" content=\"https:\/\/redelitoralrs.com\/wp-content\/uploads\/2024\/12\/incendio.png\" \/>\n\t<meta property=\"og:image:width\" content=\"435\" \/>\n\t<meta property=\"og:image:height\" content=\"264\" \/>\n\t<meta property=\"og:image:type\" content=\"image\/png\" \/>\n<meta name=\"author\" content=\"Reda\u00e7\u00e3o TV Litoral\" \/>\n<meta name=\"twitter:card\" content=\"summary_large_image\" \/>\n<meta name=\"twitter:label1\" content=\"Escrito por\" \/>\n\t<meta name=\"twitter:data1\" content=\"Reda\u00e7\u00e3o TV Litoral\" \/>\n\t<meta name=\"twitter:label2\" content=\"Est. tempo de leitura\" \/>\n\t<meta name=\"twitter:data2\" content=\"2 minutos\" \/>\n<script type=\"application\/ld+json\" class=\"yoast-schema-graph\">{\"@context\":\"https:\\\/\\\/schema.org\",\"@graph\":[{\"@type\":\"Article\",\"@id\":\"https:\\\/\\\/redelitoralrs.com\\\/index.php\\\/2024\\\/12\\\/12\\\/incendio-destroi-residencia-na-praia-do-magisterio-em-balneario-pinhal\\\/#article\",\"isPartOf\":{\"@id\":\"https:\\\/\\\/redelitoralrs.com\\\/index.php\\\/2024\\\/12\\\/12\\\/incendio-destroi-residencia-na-praia-do-magisterio-em-balneario-pinhal\\\/\"},\"author\":{\"name\":\"Reda\u00e7\u00e3o TV Litoral\",\"@id\":\"https:\\\/\\\/redelitoralrs.com\\\/#\\\/schema\\\/person\\\/9f8181f2a7359dd3986f05ebaf5bd68a\"},\"headline\":\"Inc\u00eandio destr\u00f3i resid\u00eancia na Praia do Magist\u00e9rio, em Balne\u00e1rio Pinhal\",\"datePublished\":\"2024-12-12T19:28:59+00:00\",\"mainEntityOfPage\":{\"@id\":\"https:\\\/\\\/redelitoralrs.com\\\/index.php\\\/2024\\\/12\\\/12\\\/incendio-destroi-residencia-na-praia-do-magisterio-em-balneario-pinhal\\\/\"},\"wordCount\":226,\"commentCount\":0,\"publisher\":{\"@id\":\"https:\\\/\\\/redelitoralrs.com\\\/#organization\"},\"image\":{\"@id\":\"https:\\\/\\\/redelitoralrs.com\\\/index.php\\\/2024\\\/12\\\/12\\\/incendio-destroi-residencia-na-praia-do-magisterio-em-balneario-pinhal\\\/#primaryimage\"},\"thumbnailUrl\":\"https:\\\/\\\/redelitoralrs.com\\\/wp-content\\\/uploads\\\/2024\\\/12\\\/incendio.png\",\"keywords\":[\"litoral norte\",\"not\u00edcia\",\"rio grande do sul\"],\"articleSection\":[\"Balne\u00e1rio Pinhal\",\"\u00daltimas not\u00edcias\"],\"inLanguage\":\"pt-BR\",\"potentialAction\":[{\"@type\":\"CommentAction\",\"name\":\"Comment\",\"target\":[\"https:\\\/\\\/redelitoralrs.com\\\/index.php\\\/2024\\\/12\\\/12\\\/incendio-destroi-residencia-na-praia-do-magisterio-em-balneario-pinhal\\\/#respond\"]}]},{\"@type\":\"WebPage\",\"@id\":\"https:\\\/\\\/redelitoralrs.com\\\/index.php\\\/2024\\\/12\\\/12\\\/incendio-destroi-residencia-na-praia-do-magisterio-em-balneario-pinhal\\\/\",\"url\":\"https:\\\/\\\/redelitoralrs.com\\\/index.php\\\/2024\\\/12\\\/12\\\/incendio-destroi-residencia-na-praia-do-magisterio-em-balneario-pinhal\\\/\",\"name\":\"Inc\u00eandio destr\u00f3i resid\u00eancia na Praia do Magist\u00e9rio, em Balne\u00e1rio Pinhal - Rede Litoral RS\",\"isPartOf\":{\"@id\":\"https:\\\/\\\/redelitoralrs.com\\\/#website\"},\"primaryImageOfPage\":{\"@id\":\"https:\\\/\\\/redelitoralrs.com\\\/index.php\\\/2024\\\/12\\\/12\\\/incendio-destroi-residencia-na-praia-do-magisterio-em-balneario-pinhal\\\/#primaryimage\"},\"image\":{\"@id\":\"https:\\\/\\\/redelitoralrs.com\\\/index.php\\\/2024\\\/12\\\/12\\\/incendio-destroi-residencia-na-praia-do-magisterio-em-balneario-pinhal\\\/#primaryimage\"},\"thumbnailUrl\":\"https:\\\/\\\/redelitoralrs.com\\\/wp-content\\\/uploads\\\/2024\\\/12\\\/incendio.png\",\"datePublished\":\"2024-12-12T19:28:59+00:00\",\"breadcrumb\":{\"@id\":\"https:\\\/\\\/redelitoralrs.com\\\/index.php\\\/2024\\\/12\\\/12\\\/incendio-destroi-residencia-na-praia-do-magisterio-em-balneario-pinhal\\\/#breadcrumb\"},\"inLanguage\":\"pt-BR\",\"potentialAction\":[{\"@type\":\"ReadAction\",\"target\":[\"https:\\\/\\\/redelitoralrs.com\\\/index.php\\\/2024\\\/12\\\/12\\\/incendio-destroi-residencia-na-praia-do-magisterio-em-balneario-pinhal\\\/\"]}]},{\"@type\":\"ImageObject\",\"inLanguage\":\"pt-BR\",\"@id\":\"https:\\\/\\\/redelitoralrs.com\\\/index.php\\\/2024\\\/12\\\/12\\\/incendio-destroi-residencia-na-praia-do-magisterio-em-balneario-pinhal\\\/#primaryimage\",\"url\":\"https:\\\/\\\/redelitoralrs.com\\\/wp-content\\\/uploads\\\/2024\\\/12\\\/incendio.png\",\"contentUrl\":\"https:\\\/\\\/redelitoralrs.com\\\/wp-content\\\/uploads\\\/2024\\\/12\\\/incendio.png\",\"width\":435,\"height\":264},{\"@type\":\"BreadcrumbList\",\"@id\":\"https:\\\/\\\/redelitoralrs.com\\\/index.php\\\/2024\\\/12\\\/12\\\/incendio-destroi-residencia-na-praia-do-magisterio-em-balneario-pinhal\\\/#breadcrumb\",\"itemListElement\":[{\"@type\":\"ListItem\",\"position\":1,\"name\":\"In\u00edcio\",\"item\":\"https:\\\/\\\/redelitoralrs.com\\\/\"},{\"@type\":\"ListItem\",\"position\":2,\"name\":\"Inc\u00eandio destr\u00f3i resid\u00eancia na Praia do Magist\u00e9rio, em Balne\u00e1rio Pinhal\"}]},{\"@type\":\"WebSite\",\"@id\":\"https:\\\/\\\/redelitoralrs.com\\\/#website\",\"url\":\"https:\\\/\\\/redelitoralrs.com\\\/\",\"name\":\"TV Litoral\",\"description\":\"Acompanhe tudo do litoral ga\u00facho com a cobertura completa e atualizada da Rede Litoral RS. Nossos jornalistas trazem as \u00faltimas not\u00edcias, os acontecimentos mais quentes e as hist\u00f3rias que importam sobre nosso amado litoral.\",\"publisher\":{\"@id\":\"https:\\\/\\\/redelitoralrs.com\\\/#organization\"},\"potentialAction\":[{\"@type\":\"SearchAction\",\"target\":{\"@type\":\"EntryPoint\",\"urlTemplate\":\"https:\\\/\\\/redelitoralrs.com\\\/?s={search_term_string}\"},\"query-input\":{\"@type\":\"PropertyValueSpecification\",\"valueRequired\":true,\"valueName\":\"search_term_string\"}}],\"inLanguage\":\"pt-BR\"},{\"@type\":\"Organization\",\"@id\":\"https:\\\/\\\/redelitoralrs.com\\\/#organization\",\"name\":\"TV Litoral\",\"url\":\"https:\\\/\\\/redelitoralrs.com\\\/\",\"logo\":{\"@type\":\"ImageObject\",\"inLanguage\":\"pt-BR\",\"@id\":\"https:\\\/\\\/redelitoralrs.com\\\/#\\\/schema\\\/logo\\\/image\\\/\",\"url\":\"https:\\\/\\\/redelitoralrs.com\\\/wp-content\\\/uploads\\\/2024\\\/01\\\/faviconicon-1-1.png\",\"contentUrl\":\"https:\\\/\\\/redelitoralrs.com\\\/wp-content\\\/uploads\\\/2024\\\/01\\\/faviconicon-1-1.png\",\"width\":454,\"height\":454,\"caption\":\"TV Litoral\"},\"image\":{\"@id\":\"https:\\\/\\\/redelitoralrs.com\\\/#\\\/schema\\\/logo\\\/image\\\/\"},\"sameAs\":[\"https:\\\/\\\/www.facebook.com\\\/tvlitoralrsoficial\",\"https:\\\/\\\/www.instagram.com\\\/tvlitoral.rs\"]},{\"@type\":\"Person\",\"@id\":\"https:\\\/\\\/redelitoralrs.com\\\/#\\\/schema\\\/person\\\/9f8181f2a7359dd3986f05ebaf5bd68a\",\"name\":\"Reda\u00e7\u00e3o TV Litoral\",\"image\":{\"@type\":\"ImageObject\",\"inLanguage\":\"pt-BR\",\"@id\":\"https:\\\/\\\/redelitoralrs.com\\\/wp-content\\\/litespeed\\\/avatar\\\/779aafbb45e66c7f82733e21abb48259.jpg?ver=1777561602\",\"url\":\"https:\\\/\\\/redelitoralrs.com\\\/wp-content\\\/litespeed\\\/avatar\\\/779aafbb45e66c7f82733e21abb48259.jpg?ver=1777561602\",\"contentUrl\":\"https:\\\/\\\/redelitoralrs.com\\\/wp-content\\\/litespeed\\\/avatar\\\/779aafbb45e66c7f82733e21abb48259.jpg?ver=1777561602\",\"caption\":\"Reda\u00e7\u00e3o TV Litoral\"},\"description\":\"A Rede Litoral de Comunica\u00e7\u00e3o \u00e9 um grupo de m\u00eddia multiplataforma do Litoral Norte do RS. Com atua\u00e7\u00e3o em TV, r\u00e1dio, portal e redes sociais, levamos informa\u00e7\u00e3o, conte\u00fado e entretenimento \u00e0 comunidade, fortalecendo a comunica\u00e7\u00e3o local e impulsionando o desenvolvimento regional. Acompanhe atrav\u00e9s de @redelitoralrs.\",\"sameAs\":[\"https:\\\/\\\/redelitoralrs.com\",\"https:\\\/\\\/www.instagram.com\\\/redelitoralrs\",\"https:\\\/\\\/www.youtube.com\\\/@redelitoralrs\"],\"url\":\"https:\\\/\\\/redelitoralrs.com\\\/index.php\\\/author\\\/redacaotvlitoral\\\/\"}]}<\/script>\n<!-- \/ Yoast SEO plugin. -->","yoast_head_json":{"title":"Inc\u00eandio destr\u00f3i resid\u00eancia na Praia do Magist\u00e9rio, em Balne\u00e1rio Pinhal - Rede Litoral RS","robots":{"index":"index","follow":"follow","max-snippet":"max-snippet:-1","max-image-preview":"max-image-preview:large","max-video-preview":"max-video-preview:-1"},"canonical":"https:\/\/redelitoralrs.com\/index.php\/2024\/12\/12\/incendio-destroi-residencia-na-praia-do-magisterio-em-balneario-pinhal\/","og_locale":"pt_BR","og_type":"article","og_title":"Inc\u00eandio destr\u00f3i resid\u00eancia na Praia do Magist\u00e9rio, em Balne\u00e1rio Pinhal - Rede Litoral RS","og_description":"Um inc\u00eandio de grandes propor\u00e7\u00f5es destruiu uma casa na noite desta segunda-feira (9), na Praia do Magist\u00e9rio, em Balne\u00e1rio Pinhal. O im\u00f3vel, localizado na Rua Carazinho, come\u00e7ou a ser consumido pelas chamas por volta das 21h30. Os bombeiros comunit\u00e1rios de Balne\u00e1rio Pinhal atuaram rapidamente, recebendo apoio dos bombeiros militares de Cidreira para combater o fogo. [&hellip;]","og_url":"https:\/\/redelitoralrs.com\/index.php\/2024\/12\/12\/incendio-destroi-residencia-na-praia-do-magisterio-em-balneario-pinhal\/","og_site_name":"Rede Litoral RS","article_publisher":"https:\/\/www.facebook.com\/tvlitoralrsoficial","article_published_time":"2024-12-12T19:28:59+00:00","og_image":[{"width":435,"height":264,"url":"https:\/\/redelitoralrs.com\/wp-content\/uploads\/2024\/12\/incendio.png","type":"image\/png"}],"author":"Reda\u00e7\u00e3o TV Litoral","twitter_card":"summary_large_image","twitter_misc":{"Escrito por":"Reda\u00e7\u00e3o TV Litoral","Est. tempo de leitura":"2 minutos"},"schema":{"@context":"https:\/\/schema.org","@graph":[{"@type":"Article","@id":"https:\/\/redelitoralrs.com\/index.php\/2024\/12\/12\/incendio-destroi-residencia-na-praia-do-magisterio-em-balneario-pinhal\/#article","isPartOf":{"@id":"https:\/\/redelitoralrs.com\/index.php\/2024\/12\/12\/incendio-destroi-residencia-na-praia-do-magisterio-em-balneario-pinhal\/"},"author":{"name":"Reda\u00e7\u00e3o TV Litoral","@id":"https:\/\/redelitoralrs.com\/#\/schema\/person\/9f8181f2a7359dd3986f05ebaf5bd68a"},"headline":"Inc\u00eandio destr\u00f3i resid\u00eancia na Praia do Magist\u00e9rio, em Balne\u00e1rio Pinhal","datePublished":"2024-12-12T19:28:59+00:00","mainEntityOfPage":{"@id":"https:\/\/redelitoralrs.com\/index.php\/2024\/12\/12\/incendio-destroi-residencia-na-praia-do-magisterio-em-balneario-pinhal\/"},"wordCount":226,"commentCount":0,"publisher":{"@id":"https:\/\/redelitoralrs.com\/#organization"},"image":{"@id":"https:\/\/redelitoralrs.com\/index.php\/2024\/12\/12\/incendio-destroi-residencia-na-praia-do-magisterio-em-balneario-pinhal\/#primaryimage"},"thumbnailUrl":"https:\/\/redelitoralrs.com\/wp-content\/uploads\/2024\/12\/incendio.png","keywords":["litoral norte","not\u00edcia","rio grande do sul"],"articleSection":["Balne\u00e1rio Pinhal","\u00daltimas not\u00edcias"],"inLanguage":"pt-BR","potentialAction":[{"@type":"CommentAction","name":"Comment","target":["https:\/\/redelitoralrs.com\/index.php\/2024\/12\/12\/incendio-destroi-residencia-na-praia-do-magisterio-em-balneario-pinhal\/#respond"]}]},{"@type":"WebPage","@id":"https:\/\/redelitoralrs.com\/index.php\/2024\/12\/12\/incendio-destroi-residencia-na-praia-do-magisterio-em-balneario-pinhal\/","url":"https:\/\/redelitoralrs.com\/index.php\/2024\/12\/12\/incendio-destroi-residencia-na-praia-do-magisterio-em-balneario-pinhal\/","name":"Inc\u00eandio destr\u00f3i resid\u00eancia na Praia do Magist\u00e9rio, em Balne\u00e1rio Pinhal - Rede Litoral RS","isPartOf":{"@id":"https:\/\/redelitoralrs.com\/#website"},"primaryImageOfPage":{"@id":"https:\/\/redelitoralrs.com\/index.php\/2024\/12\/12\/incendio-destroi-residencia-na-praia-do-magisterio-em-balneario-pinhal\/#primaryimage"},"image":{"@id":"https:\/\/redelitoralrs.com\/index.php\/2024\/12\/12\/incendio-destroi-residencia-na-praia-do-magisterio-em-balneario-pinhal\/#primaryimage"},"thumbnailUrl":"https:\/\/redelitoralrs.com\/wp-content\/uploads\/2024\/12\/incendio.png","datePublished":"2024-12-12T19:28:59+00:00","breadcrumb":{"@id":"https:\/\/redelitoralrs.com\/index.php\/2024\/12\/12\/incendio-destroi-residencia-na-praia-do-magisterio-em-balneario-pinhal\/#breadcrumb"},"inLanguage":"pt-BR","potentialAction":[{"@type":"ReadAction","target":["https:\/\/redelitoralrs.com\/index.php\/2024\/12\/12\/incendio-destroi-residencia-na-praia-do-magisterio-em-balneario-pinhal\/"]}]},{"@type":"ImageObject","inLanguage":"pt-BR","@id":"https:\/\/redelitoralrs.com\/index.php\/2024\/12\/12\/incendio-destroi-residencia-na-praia-do-magisterio-em-balneario-pinhal\/#primaryimage","url":"https:\/\/redelitoralrs.com\/wp-content\/uploads\/2024\/12\/incendio.png","contentUrl":"https:\/\/redelitoralrs.com\/wp-content\/uploads\/2024\/12\/incendio.png","width":435,"height":264},{"@type":"BreadcrumbList","@id":"https:\/\/redelitoralrs.com\/index.php\/2024\/12\/12\/incendio-destroi-residencia-na-praia-do-magisterio-em-balneario-pinhal\/#breadcrumb","itemListElement":[{"@type":"ListItem","position":1,"name":"In\u00edcio","item":"https:\/\/redelitoralrs.com\/"},{"@type":"ListItem","position":2,"name":"Inc\u00eandio destr\u00f3i resid\u00eancia na Praia do Magist\u00e9rio, em Balne\u00e1rio Pinhal"}]},{"@type":"WebSite","@id":"https:\/\/redelitoralrs.com\/#website","url":"https:\/\/redelitoralrs.com\/","name":"TV Litoral","description":"Acompanhe tudo do litoral ga\u00facho com a cobertura completa e atualizada da Rede Litoral RS. Nossos jornalistas trazem as \u00faltimas not\u00edcias, os acontecimentos mais quentes e as hist\u00f3rias que importam sobre nosso amado litoral.","publisher":{"@id":"https:\/\/redelitoralrs.com\/#organization"},"potentialAction":[{"@type":"SearchAction","target":{"@type":"EntryPoint","urlTemplate":"https:\/\/redelitoralrs.com\/?s={search_term_string}"},"query-input":{"@type":"PropertyValueSpecification","valueRequired":true,"valueName":"search_term_string"}}],"inLanguage":"pt-BR"},{"@type":"Organization","@id":"https:\/\/redelitoralrs.com\/#organization","name":"TV Litoral","url":"https:\/\/redelitoralrs.com\/","logo":{"@type":"ImageObject","inLanguage":"pt-BR","@id":"https:\/\/redelitoralrs.com\/#\/schema\/logo\/image\/","url":"https:\/\/redelitoralrs.com\/wp-content\/uploads\/2024\/01\/faviconicon-1-1.png","contentUrl":"https:\/\/redelitoralrs.com\/wp-content\/uploads\/2024\/01\/faviconicon-1-1.png","width":454,"height":454,"caption":"TV Litoral"},"image":{"@id":"https:\/\/redelitoralrs.com\/#\/schema\/logo\/image\/"},"sameAs":["https:\/\/www.facebook.com\/tvlitoralrsoficial","https:\/\/www.instagram.com\/tvlitoral.rs"]},{"@type":"Person","@id":"https:\/\/redelitoralrs.com\/#\/schema\/person\/9f8181f2a7359dd3986f05ebaf5bd68a","name":"Reda\u00e7\u00e3o TV Litoral","image":{"@type":"ImageObject","inLanguage":"pt-BR","@id":"https:\/\/redelitoralrs.com\/wp-content\/litespeed\/avatar\/779aafbb45e66c7f82733e21abb48259.jpg?ver=1777561602","url":"https:\/\/redelitoralrs.com\/wp-content\/litespeed\/avatar\/779aafbb45e66c7f82733e21abb48259.jpg?ver=1777561602","contentUrl":"https:\/\/redelitoralrs.com\/wp-content\/litespeed\/avatar\/779aafbb45e66c7f82733e21abb48259.jpg?ver=1777561602","caption":"Reda\u00e7\u00e3o TV Litoral"},"description":"A Rede Litoral de Comunica\u00e7\u00e3o \u00e9 um grupo de m\u00eddia multiplataforma do Litoral Norte do RS. Com atua\u00e7\u00e3o em TV, r\u00e1dio, portal e redes sociais, levamos informa\u00e7\u00e3o, conte\u00fado e entretenimento \u00e0 comunidade, fortalecendo a comunica\u00e7\u00e3o local e impulsionando o desenvolvimento regional. Acompanhe atrav\u00e9s de @redelitoralrs.","sameAs":["https:\/\/redelitoralrs.com","https:\/\/www.instagram.com\/redelitoralrs","https:\/\/www.youtube.com\/@redelitoralrs"],"url":"https:\/\/redelitoralrs.com\/index.php\/author\/redacaotvlitoral\/"}]}},"_links":{"self":[{"href":"https:\/\/redelitoralrs.com\/index.php\/wp-json\/wp\/v2\/posts\/4797","targetHints":{"allow":["GET"]}}],"collection":[{"href":"https:\/\/redelitoralrs.com\/index.php\/wp-json\/wp\/v2\/posts"}],"about":[{"href":"https:\/\/redelitoralrs.com\/index.php\/wp-json\/wp\/v2\/types\/post"}],"author":[{"embeddable":true,"href":"https:\/\/redelitoralrs.com\/index.php\/wp-json\/wp\/v2\/users\/2"}],"replies":[{"embeddable":true,"href":"https:\/\/redelitoralrs.com\/index.php\/wp-json\/wp\/v2\/comments?post=4797"}],"version-history":[{"count":1,"href":"https:\/\/redelitoralrs.com\/index.php\/wp-json\/wp\/v2\/posts\/4797\/revisions"}],"predecessor-version":[{"id":4799,"href":"https:\/\/redelitoralrs.com\/index.php\/wp-json\/wp\/v2\/posts\/4797\/revisions\/4799"}],"wp:featuredmedia":[{"embeddable":true,"href":"https:\/\/redelitoralrs.com\/index.php\/wp-json\/wp\/v2\/media\/4798"}],"wp:attachment":[{"href":"https:\/\/redelitoralrs.com\/index.php\/wp-json\/wp\/v2\/media?parent=4797"}],"wp:term":[{"taxonomy":"category","embeddable":true,"href":"https:\/\/redelitoralrs.com\/index.php\/wp-json\/wp\/v2\/categories?post=4797"},{"taxonomy":"post_tag","embeddable":true,"href":"https:\/\/redelitoralrs.com\/index.php\/wp-json\/wp\/v2\/tags?post=4797"}],"curies":[{"name":"wp","href":"https:\/\/api.w.org\/{rel}","templated":true}]}}