{"id":4791,"date":"2024-12-10T15:34:58","date_gmt":"2024-12-10T18:34:58","guid":{"rendered":"https:\/\/redelitoralrs.com\/?p=4791"},"modified":"2024-12-10T15:34:59","modified_gmt":"2024-12-10T18:34:59","slug":"presidente-lula-passa-por-cirurgia-para-tratar-hemorragia-intracraniana","status":"publish","type":"post","link":"https:\/\/redelitoralrs.com\/index.php\/2024\/12\/10\/presidente-lula-passa-por-cirurgia-para-tratar-hemorragia-intracraniana\/","title":{"rendered":"Presidente Lula passa por cirurgia para tratar hemorragia intracraniana"},"content":{"rendered":"\n<p>O presidente Luiz In\u00e1cio Lula da Silva, de 79 anos, foi submetido a uma cirurgia de emerg\u00eancia na madrugada desta ter\u00e7a-feira (10), no Hospital S\u00edrio-Liban\u00eas, em S\u00e3o Paulo. O procedimento foi realizado para tratar uma hemorragia intracraniana decorrente de um acidente dom\u00e9stico ocorrido em 19 de outubro, quando Lula sofreu uma queda no banheiro do Pal\u00e1cio da Alvorada e bateu a cabe\u00e7a, causando um hematoma na regi\u00e3o da nuca.<\/p>\n\n\n\n<h3 class=\"wp-block-heading\"><strong>Sintomas e diagn\u00f3stico<\/strong><\/h3>\n\n\n\n<p>Na \u00faltima segunda-feira (9), o presidente come\u00e7ou a relatar desconforto e dores de cabe\u00e7a intensas. Ap\u00f3s altera\u00e7\u00f5es em sua agenda oficial, foi levado ao Hospital S\u00edrio-Liban\u00eas, em Bras\u00edlia, onde exames detectaram um aumento no ac\u00famulo de l\u00edquido intracraniano. Por volta das 22h, Lula foi transferido para S\u00e3o Paulo para realizar a cirurgia.<\/p>\n\n\n\n<h3 class=\"wp-block-heading\"><strong>Detalhes do procedimento<\/strong><\/h3>\n\n\n\n<p>De acordo com a equipe m\u00e9dica, liderada pelo cardiologista Roberto Kalil Filho e pela neurologista Angela Helena Germoglio, o presidente passou por uma trepana\u00e7\u00e3o, t\u00e9cnica que consiste na perfura\u00e7\u00e3o do cr\u00e2nio para drenagem do hematoma. A cirurgia foi bem-sucedida e, segundo os m\u00e9dicos, n\u00e3o houve les\u00e3o cerebral, e todas as fun\u00e7\u00f5es neurol\u00f3gicas de Lula est\u00e3o preservadas.<\/p>\n\n\n\n<p>O neurocirurgi\u00e3o Ricardo Oliveira destacou que a condi\u00e7\u00e3o \u00e9 comum em idosos, devido \u00e0 maior fragilidade dos vasos sangu\u00edneos. Pequenos sangramentos podem se formar ap\u00f3s traumas leves e, ao longo do tempo, acumular sangue e pressionar o c\u00e9rebro, exigindo interven\u00e7\u00e3o.<\/p>\n\n\n\n<h3 class=\"wp-block-heading\"><strong>Estado de sa\u00fade e recupera\u00e7\u00e3o<\/strong><\/h3>\n\n\n\n<p>Lula est\u00e1 internado na Unidade de Terapia Intensiva (UTI), onde permanecer\u00e1 em observa\u00e7\u00e3o pelas pr\u00f3ximas 48 horas, seguindo o protocolo. Ele est\u00e1 consciente, se alimenta normalmente e n\u00e3o apresenta altera\u00e7\u00f5es neurol\u00f3gicas. A previs\u00e3o \u00e9 que ele tenha alta na pr\u00f3xima semana e retorne a Bras\u00edlia.<\/p>\n\n\n\n<p>A equipe m\u00e9dica alertou que o presidente deve evitar viagens longas e atividades que exijam esfor\u00e7o durante o per\u00edodo de recupera\u00e7\u00e3o. Desde o acidente em outubro, Lula havia cancelado compromissos internacionais, como a participa\u00e7\u00e3o na c\u00fapula do Brics na R\u00fassia.<\/p>\n\n\n\n<h3 class=\"wp-block-heading\"><strong>Pr\u00f3ximos passos<\/strong><\/h3>\n\n\n\n<p>A primeira-dama, Janja, acompanha Lula durante a interna\u00e7\u00e3o. Por recomenda\u00e7\u00e3o m\u00e9dica, ele n\u00e3o receber\u00e1 visitas de trabalho at\u00e9 estar completamente recuperado. O presidente agradeceu as manifesta\u00e7\u00f5es de apoio e deve retomar as atividades de forma gradual ap\u00f3s alta hospitalar.<\/p>\n\n\n\n<p>A hemorragia intracraniana \u00e9 uma condi\u00e7\u00e3o grave que exige tratamento imediato. Felizmente, o caso de Lula foi tratado com rapidez e sem complica\u00e7\u00f5es maiores, garantindo uma boa recupera\u00e7\u00e3o.<\/p>\n\n\n\n<p><em>Laura Pires Haendchen<\/em><\/p>\n","protected":false},"excerpt":{"rendered":"<p>O presidente Luiz In\u00e1cio Lula da Silva, de 79 anos, foi submetido a uma cirurgia de emerg\u00eancia na madrugada desta ter\u00e7a-feira (10), no Hospital S\u00edrio-Liban\u00eas, em S\u00e3o Paulo. O procedimento foi realizado para tratar uma hemorragia intracraniana decorrente de um acidente dom\u00e9stico ocorrido em 19 de outubro, quando Lula sofreu uma queda no banheiro do [&hellip;]<\/p>\n","protected":false},"author":2,"featured_media":4787,"comment_status":"open","ping_status":"open","sticky":false,"template":"","format":"standard","meta":{"_themeisle_gutenberg_block_has_review":false,"footnotes":""},"categories":[16,15],"tags":[103,92],"class_list":["post-4791","post","type-post","status-publish","format-standard","has-post-thumbnail","hentry","category-politica","category-noticias","tag-litoral-norte","tag-noticia"],"yoast_head":"<!-- This site is optimized with the Yoast SEO plugin v27.4 - https:\/\/yoast.com\/product\/yoast-seo-wordpress\/ -->\n<title>Presidente Lula passa por cirurgia para tratar hemorragia intracraniana - Rede Litoral RS<\/title>\n<meta name=\"robots\" content=\"index, follow, max-snippet:-1, max-image-preview:large, max-video-preview:-1\" \/>\n<link rel=\"canonical\" href=\"https:\/\/redelitoralrs.com\/index.php\/2024\/12\/10\/presidente-lula-passa-por-cirurgia-para-tratar-hemorragia-intracraniana\/\" \/>\n<meta property=\"og:locale\" content=\"pt_BR\" \/>\n<meta property=\"og:type\" content=\"article\" \/>\n<meta property=\"og:title\" content=\"Presidente Lula passa por cirurgia para tratar hemorragia intracraniana - Rede Litoral RS\" \/>\n<meta property=\"og:description\" content=\"O presidente Luiz In\u00e1cio Lula da Silva, de 79 anos, foi submetido a uma cirurgia de emerg\u00eancia na madrugada desta ter\u00e7a-feira (10), no Hospital S\u00edrio-Liban\u00eas, em S\u00e3o Paulo. O procedimento foi realizado para tratar uma hemorragia intracraniana decorrente de um acidente dom\u00e9stico ocorrido em 19 de outubro, quando Lula sofreu uma queda no banheiro do [&hellip;]\" \/>\n<meta property=\"og:url\" content=\"https:\/\/redelitoralrs.com\/index.php\/2024\/12\/10\/presidente-lula-passa-por-cirurgia-para-tratar-hemorragia-intracraniana\/\" \/>\n<meta property=\"og:site_name\" content=\"Rede Litoral RS\" \/>\n<meta property=\"article:publisher\" content=\"https:\/\/www.facebook.com\/tvlitoralrsoficial\" \/>\n<meta property=\"article:published_time\" content=\"2024-12-10T18:34:58+00:00\" \/>\n<meta property=\"article:modified_time\" content=\"2024-12-10T18:34:59+00:00\" \/>\n<meta property=\"og:image\" content=\"https:\/\/redelitoralrs.com\/wp-content\/uploads\/2024\/12\/pontos-na-cabeca-de-lula-2476917-article.webp\" \/>\n\t<meta property=\"og:image:width\" content=\"1200\" \/>\n\t<meta property=\"og:image:height\" content=\"800\" \/>\n\t<meta property=\"og:image:type\" content=\"image\/webp\" \/>\n<meta name=\"author\" content=\"Reda\u00e7\u00e3o TV Litoral\" \/>\n<meta name=\"twitter:card\" content=\"summary_large_image\" \/>\n<meta name=\"twitter:label1\" content=\"Escrito por\" \/>\n\t<meta name=\"twitter:data1\" content=\"Reda\u00e7\u00e3o TV Litoral\" \/>\n\t<meta name=\"twitter:label2\" content=\"Est. tempo de leitura\" \/>\n\t<meta name=\"twitter:data2\" content=\"3 minutos\" \/>\n<script type=\"application\/ld+json\" class=\"yoast-schema-graph\">{\"@context\":\"https:\\\/\\\/schema.org\",\"@graph\":[{\"@type\":\"Article\",\"@id\":\"https:\\\/\\\/redelitoralrs.com\\\/index.php\\\/2024\\\/12\\\/10\\\/presidente-lula-passa-por-cirurgia-para-tratar-hemorragia-intracraniana\\\/#article\",\"isPartOf\":{\"@id\":\"https:\\\/\\\/redelitoralrs.com\\\/index.php\\\/2024\\\/12\\\/10\\\/presidente-lula-passa-por-cirurgia-para-tratar-hemorragia-intracraniana\\\/\"},\"author\":{\"name\":\"Reda\u00e7\u00e3o TV Litoral\",\"@id\":\"https:\\\/\\\/redelitoralrs.com\\\/#\\\/schema\\\/person\\\/9f8181f2a7359dd3986f05ebaf5bd68a\"},\"headline\":\"Presidente Lula passa por cirurgia para tratar hemorragia intracraniana\",\"datePublished\":\"2024-12-10T18:34:58+00:00\",\"dateModified\":\"2024-12-10T18:34:59+00:00\",\"mainEntityOfPage\":{\"@id\":\"https:\\\/\\\/redelitoralrs.com\\\/index.php\\\/2024\\\/12\\\/10\\\/presidente-lula-passa-por-cirurgia-para-tratar-hemorragia-intracraniana\\\/\"},\"wordCount\":450,\"commentCount\":0,\"publisher\":{\"@id\":\"https:\\\/\\\/redelitoralrs.com\\\/#organization\"},\"image\":{\"@id\":\"https:\\\/\\\/redelitoralrs.com\\\/index.php\\\/2024\\\/12\\\/10\\\/presidente-lula-passa-por-cirurgia-para-tratar-hemorragia-intracraniana\\\/#primaryimage\"},\"thumbnailUrl\":\"https:\\\/\\\/redelitoralrs.com\\\/wp-content\\\/uploads\\\/2024\\\/12\\\/pontos-na-cabeca-de-lula-2476917-article.webp\",\"keywords\":[\"litoral norte\",\"not\u00edcia\"],\"articleSection\":[\"Pol\u00edtica\",\"\u00daltimas not\u00edcias\"],\"inLanguage\":\"pt-BR\",\"potentialAction\":[{\"@type\":\"CommentAction\",\"name\":\"Comment\",\"target\":[\"https:\\\/\\\/redelitoralrs.com\\\/index.php\\\/2024\\\/12\\\/10\\\/presidente-lula-passa-por-cirurgia-para-tratar-hemorragia-intracraniana\\\/#respond\"]}]},{\"@type\":\"WebPage\",\"@id\":\"https:\\\/\\\/redelitoralrs.com\\\/index.php\\\/2024\\\/12\\\/10\\\/presidente-lula-passa-por-cirurgia-para-tratar-hemorragia-intracraniana\\\/\",\"url\":\"https:\\\/\\\/redelitoralrs.com\\\/index.php\\\/2024\\\/12\\\/10\\\/presidente-lula-passa-por-cirurgia-para-tratar-hemorragia-intracraniana\\\/\",\"name\":\"Presidente Lula passa por cirurgia para tratar hemorragia intracraniana - Rede Litoral RS\",\"isPartOf\":{\"@id\":\"https:\\\/\\\/redelitoralrs.com\\\/#website\"},\"primaryImageOfPage\":{\"@id\":\"https:\\\/\\\/redelitoralrs.com\\\/index.php\\\/2024\\\/12\\\/10\\\/presidente-lula-passa-por-cirurgia-para-tratar-hemorragia-intracraniana\\\/#primaryimage\"},\"image\":{\"@id\":\"https:\\\/\\\/redelitoralrs.com\\\/index.php\\\/2024\\\/12\\\/10\\\/presidente-lula-passa-por-cirurgia-para-tratar-hemorragia-intracraniana\\\/#primaryimage\"},\"thumbnailUrl\":\"https:\\\/\\\/redelitoralrs.com\\\/wp-content\\\/uploads\\\/2024\\\/12\\\/pontos-na-cabeca-de-lula-2476917-article.webp\",\"datePublished\":\"2024-12-10T18:34:58+00:00\",\"dateModified\":\"2024-12-10T18:34:59+00:00\",\"breadcrumb\":{\"@id\":\"https:\\\/\\\/redelitoralrs.com\\\/index.php\\\/2024\\\/12\\\/10\\\/presidente-lula-passa-por-cirurgia-para-tratar-hemorragia-intracraniana\\\/#breadcrumb\"},\"inLanguage\":\"pt-BR\",\"potentialAction\":[{\"@type\":\"ReadAction\",\"target\":[\"https:\\\/\\\/redelitoralrs.com\\\/index.php\\\/2024\\\/12\\\/10\\\/presidente-lula-passa-por-cirurgia-para-tratar-hemorragia-intracraniana\\\/\"]}]},{\"@type\":\"ImageObject\",\"inLanguage\":\"pt-BR\",\"@id\":\"https:\\\/\\\/redelitoralrs.com\\\/index.php\\\/2024\\\/12\\\/10\\\/presidente-lula-passa-por-cirurgia-para-tratar-hemorragia-intracraniana\\\/#primaryimage\",\"url\":\"https:\\\/\\\/redelitoralrs.com\\\/wp-content\\\/uploads\\\/2024\\\/12\\\/pontos-na-cabeca-de-lula-2476917-article.webp\",\"contentUrl\":\"https:\\\/\\\/redelitoralrs.com\\\/wp-content\\\/uploads\\\/2024\\\/12\\\/pontos-na-cabeca-de-lula-2476917-article.webp\",\"width\":1200,\"height\":800},{\"@type\":\"BreadcrumbList\",\"@id\":\"https:\\\/\\\/redelitoralrs.com\\\/index.php\\\/2024\\\/12\\\/10\\\/presidente-lula-passa-por-cirurgia-para-tratar-hemorragia-intracraniana\\\/#breadcrumb\",\"itemListElement\":[{\"@type\":\"ListItem\",\"position\":1,\"name\":\"In\u00edcio\",\"item\":\"https:\\\/\\\/redelitoralrs.com\\\/\"},{\"@type\":\"ListItem\",\"position\":2,\"name\":\"Presidente Lula passa por cirurgia para tratar hemorragia intracraniana\"}]},{\"@type\":\"WebSite\",\"@id\":\"https:\\\/\\\/redelitoralrs.com\\\/#website\",\"url\":\"https:\\\/\\\/redelitoralrs.com\\\/\",\"name\":\"TV Litoral\",\"description\":\"Acompanhe tudo do litoral ga\u00facho com a cobertura completa e atualizada da Rede Litoral RS. Nossos jornalistas trazem as \u00faltimas not\u00edcias, os acontecimentos mais quentes e as hist\u00f3rias que importam sobre nosso amado litoral.\",\"publisher\":{\"@id\":\"https:\\\/\\\/redelitoralrs.com\\\/#organization\"},\"potentialAction\":[{\"@type\":\"SearchAction\",\"target\":{\"@type\":\"EntryPoint\",\"urlTemplate\":\"https:\\\/\\\/redelitoralrs.com\\\/?s={search_term_string}\"},\"query-input\":{\"@type\":\"PropertyValueSpecification\",\"valueRequired\":true,\"valueName\":\"search_term_string\"}}],\"inLanguage\":\"pt-BR\"},{\"@type\":\"Organization\",\"@id\":\"https:\\\/\\\/redelitoralrs.com\\\/#organization\",\"name\":\"TV Litoral\",\"url\":\"https:\\\/\\\/redelitoralrs.com\\\/\",\"logo\":{\"@type\":\"ImageObject\",\"inLanguage\":\"pt-BR\",\"@id\":\"https:\\\/\\\/redelitoralrs.com\\\/#\\\/schema\\\/logo\\\/image\\\/\",\"url\":\"https:\\\/\\\/redelitoralrs.com\\\/wp-content\\\/uploads\\\/2024\\\/01\\\/faviconicon-1-1.png\",\"contentUrl\":\"https:\\\/\\\/redelitoralrs.com\\\/wp-content\\\/uploads\\\/2024\\\/01\\\/faviconicon-1-1.png\",\"width\":454,\"height\":454,\"caption\":\"TV Litoral\"},\"image\":{\"@id\":\"https:\\\/\\\/redelitoralrs.com\\\/#\\\/schema\\\/logo\\\/image\\\/\"},\"sameAs\":[\"https:\\\/\\\/www.facebook.com\\\/tvlitoralrsoficial\",\"https:\\\/\\\/www.instagram.com\\\/tvlitoral.rs\"]},{\"@type\":\"Person\",\"@id\":\"https:\\\/\\\/redelitoralrs.com\\\/#\\\/schema\\\/person\\\/9f8181f2a7359dd3986f05ebaf5bd68a\",\"name\":\"Reda\u00e7\u00e3o TV Litoral\",\"image\":{\"@type\":\"ImageObject\",\"inLanguage\":\"pt-BR\",\"@id\":\"https:\\\/\\\/redelitoralrs.com\\\/wp-content\\\/litespeed\\\/avatar\\\/779aafbb45e66c7f82733e21abb48259.jpg?ver=1777561602\",\"url\":\"https:\\\/\\\/redelitoralrs.com\\\/wp-content\\\/litespeed\\\/avatar\\\/779aafbb45e66c7f82733e21abb48259.jpg?ver=1777561602\",\"contentUrl\":\"https:\\\/\\\/redelitoralrs.com\\\/wp-content\\\/litespeed\\\/avatar\\\/779aafbb45e66c7f82733e21abb48259.jpg?ver=1777561602\",\"caption\":\"Reda\u00e7\u00e3o TV Litoral\"},\"description\":\"A Rede Litoral de Comunica\u00e7\u00e3o \u00e9 um grupo de m\u00eddia multiplataforma do Litoral Norte do RS. Com atua\u00e7\u00e3o em TV, r\u00e1dio, portal e redes sociais, levamos informa\u00e7\u00e3o, conte\u00fado e entretenimento \u00e0 comunidade, fortalecendo a comunica\u00e7\u00e3o local e impulsionando o desenvolvimento regional. Acompanhe atrav\u00e9s de @redelitoralrs.\",\"sameAs\":[\"https:\\\/\\\/redelitoralrs.com\",\"https:\\\/\\\/www.instagram.com\\\/redelitoralrs\",\"https:\\\/\\\/www.youtube.com\\\/@redelitoralrs\"],\"url\":\"https:\\\/\\\/redelitoralrs.com\\\/index.php\\\/author\\\/redacaotvlitoral\\\/\"}]}<\/script>\n<!-- \/ Yoast SEO plugin. -->","yoast_head_json":{"title":"Presidente Lula passa por cirurgia para tratar hemorragia intracraniana - Rede Litoral RS","robots":{"index":"index","follow":"follow","max-snippet":"max-snippet:-1","max-image-preview":"max-image-preview:large","max-video-preview":"max-video-preview:-1"},"canonical":"https:\/\/redelitoralrs.com\/index.php\/2024\/12\/10\/presidente-lula-passa-por-cirurgia-para-tratar-hemorragia-intracraniana\/","og_locale":"pt_BR","og_type":"article","og_title":"Presidente Lula passa por cirurgia para tratar hemorragia intracraniana - Rede Litoral RS","og_description":"O presidente Luiz In\u00e1cio Lula da Silva, de 79 anos, foi submetido a uma cirurgia de emerg\u00eancia na madrugada desta ter\u00e7a-feira (10), no Hospital S\u00edrio-Liban\u00eas, em S\u00e3o Paulo. O procedimento foi realizado para tratar uma hemorragia intracraniana decorrente de um acidente dom\u00e9stico ocorrido em 19 de outubro, quando Lula sofreu uma queda no banheiro do [&hellip;]","og_url":"https:\/\/redelitoralrs.com\/index.php\/2024\/12\/10\/presidente-lula-passa-por-cirurgia-para-tratar-hemorragia-intracraniana\/","og_site_name":"Rede Litoral RS","article_publisher":"https:\/\/www.facebook.com\/tvlitoralrsoficial","article_published_time":"2024-12-10T18:34:58+00:00","article_modified_time":"2024-12-10T18:34:59+00:00","og_image":[{"width":1200,"height":800,"url":"https:\/\/redelitoralrs.com\/wp-content\/uploads\/2024\/12\/pontos-na-cabeca-de-lula-2476917-article.webp","type":"image\/webp"}],"author":"Reda\u00e7\u00e3o TV Litoral","twitter_card":"summary_large_image","twitter_misc":{"Escrito por":"Reda\u00e7\u00e3o TV Litoral","Est. tempo de leitura":"3 minutos"},"schema":{"@context":"https:\/\/schema.org","@graph":[{"@type":"Article","@id":"https:\/\/redelitoralrs.com\/index.php\/2024\/12\/10\/presidente-lula-passa-por-cirurgia-para-tratar-hemorragia-intracraniana\/#article","isPartOf":{"@id":"https:\/\/redelitoralrs.com\/index.php\/2024\/12\/10\/presidente-lula-passa-por-cirurgia-para-tratar-hemorragia-intracraniana\/"},"author":{"name":"Reda\u00e7\u00e3o TV Litoral","@id":"https:\/\/redelitoralrs.com\/#\/schema\/person\/9f8181f2a7359dd3986f05ebaf5bd68a"},"headline":"Presidente Lula passa por cirurgia para tratar hemorragia intracraniana","datePublished":"2024-12-10T18:34:58+00:00","dateModified":"2024-12-10T18:34:59+00:00","mainEntityOfPage":{"@id":"https:\/\/redelitoralrs.com\/index.php\/2024\/12\/10\/presidente-lula-passa-por-cirurgia-para-tratar-hemorragia-intracraniana\/"},"wordCount":450,"commentCount":0,"publisher":{"@id":"https:\/\/redelitoralrs.com\/#organization"},"image":{"@id":"https:\/\/redelitoralrs.com\/index.php\/2024\/12\/10\/presidente-lula-passa-por-cirurgia-para-tratar-hemorragia-intracraniana\/#primaryimage"},"thumbnailUrl":"https:\/\/redelitoralrs.com\/wp-content\/uploads\/2024\/12\/pontos-na-cabeca-de-lula-2476917-article.webp","keywords":["litoral norte","not\u00edcia"],"articleSection":["Pol\u00edtica","\u00daltimas not\u00edcias"],"inLanguage":"pt-BR","potentialAction":[{"@type":"CommentAction","name":"Comment","target":["https:\/\/redelitoralrs.com\/index.php\/2024\/12\/10\/presidente-lula-passa-por-cirurgia-para-tratar-hemorragia-intracraniana\/#respond"]}]},{"@type":"WebPage","@id":"https:\/\/redelitoralrs.com\/index.php\/2024\/12\/10\/presidente-lula-passa-por-cirurgia-para-tratar-hemorragia-intracraniana\/","url":"https:\/\/redelitoralrs.com\/index.php\/2024\/12\/10\/presidente-lula-passa-por-cirurgia-para-tratar-hemorragia-intracraniana\/","name":"Presidente Lula passa por cirurgia para tratar hemorragia intracraniana - Rede Litoral RS","isPartOf":{"@id":"https:\/\/redelitoralrs.com\/#website"},"primaryImageOfPage":{"@id":"https:\/\/redelitoralrs.com\/index.php\/2024\/12\/10\/presidente-lula-passa-por-cirurgia-para-tratar-hemorragia-intracraniana\/#primaryimage"},"image":{"@id":"https:\/\/redelitoralrs.com\/index.php\/2024\/12\/10\/presidente-lula-passa-por-cirurgia-para-tratar-hemorragia-intracraniana\/#primaryimage"},"thumbnailUrl":"https:\/\/redelitoralrs.com\/wp-content\/uploads\/2024\/12\/pontos-na-cabeca-de-lula-2476917-article.webp","datePublished":"2024-12-10T18:34:58+00:00","dateModified":"2024-12-10T18:34:59+00:00","breadcrumb":{"@id":"https:\/\/redelitoralrs.com\/index.php\/2024\/12\/10\/presidente-lula-passa-por-cirurgia-para-tratar-hemorragia-intracraniana\/#breadcrumb"},"inLanguage":"pt-BR","potentialAction":[{"@type":"ReadAction","target":["https:\/\/redelitoralrs.com\/index.php\/2024\/12\/10\/presidente-lula-passa-por-cirurgia-para-tratar-hemorragia-intracraniana\/"]}]},{"@type":"ImageObject","inLanguage":"pt-BR","@id":"https:\/\/redelitoralrs.com\/index.php\/2024\/12\/10\/presidente-lula-passa-por-cirurgia-para-tratar-hemorragia-intracraniana\/#primaryimage","url":"https:\/\/redelitoralrs.com\/wp-content\/uploads\/2024\/12\/pontos-na-cabeca-de-lula-2476917-article.webp","contentUrl":"https:\/\/redelitoralrs.com\/wp-content\/uploads\/2024\/12\/pontos-na-cabeca-de-lula-2476917-article.webp","width":1200,"height":800},{"@type":"BreadcrumbList","@id":"https:\/\/redelitoralrs.com\/index.php\/2024\/12\/10\/presidente-lula-passa-por-cirurgia-para-tratar-hemorragia-intracraniana\/#breadcrumb","itemListElement":[{"@type":"ListItem","position":1,"name":"In\u00edcio","item":"https:\/\/redelitoralrs.com\/"},{"@type":"ListItem","position":2,"name":"Presidente Lula passa por cirurgia para tratar hemorragia intracraniana"}]},{"@type":"WebSite","@id":"https:\/\/redelitoralrs.com\/#website","url":"https:\/\/redelitoralrs.com\/","name":"TV Litoral","description":"Acompanhe tudo do litoral ga\u00facho com a cobertura completa e atualizada da Rede Litoral RS. Nossos jornalistas trazem as \u00faltimas not\u00edcias, os acontecimentos mais quentes e as hist\u00f3rias que importam sobre nosso amado litoral.","publisher":{"@id":"https:\/\/redelitoralrs.com\/#organization"},"potentialAction":[{"@type":"SearchAction","target":{"@type":"EntryPoint","urlTemplate":"https:\/\/redelitoralrs.com\/?s={search_term_string}"},"query-input":{"@type":"PropertyValueSpecification","valueRequired":true,"valueName":"search_term_string"}}],"inLanguage":"pt-BR"},{"@type":"Organization","@id":"https:\/\/redelitoralrs.com\/#organization","name":"TV Litoral","url":"https:\/\/redelitoralrs.com\/","logo":{"@type":"ImageObject","inLanguage":"pt-BR","@id":"https:\/\/redelitoralrs.com\/#\/schema\/logo\/image\/","url":"https:\/\/redelitoralrs.com\/wp-content\/uploads\/2024\/01\/faviconicon-1-1.png","contentUrl":"https:\/\/redelitoralrs.com\/wp-content\/uploads\/2024\/01\/faviconicon-1-1.png","width":454,"height":454,"caption":"TV Litoral"},"image":{"@id":"https:\/\/redelitoralrs.com\/#\/schema\/logo\/image\/"},"sameAs":["https:\/\/www.facebook.com\/tvlitoralrsoficial","https:\/\/www.instagram.com\/tvlitoral.rs"]},{"@type":"Person","@id":"https:\/\/redelitoralrs.com\/#\/schema\/person\/9f8181f2a7359dd3986f05ebaf5bd68a","name":"Reda\u00e7\u00e3o TV Litoral","image":{"@type":"ImageObject","inLanguage":"pt-BR","@id":"https:\/\/redelitoralrs.com\/wp-content\/litespeed\/avatar\/779aafbb45e66c7f82733e21abb48259.jpg?ver=1777561602","url":"https:\/\/redelitoralrs.com\/wp-content\/litespeed\/avatar\/779aafbb45e66c7f82733e21abb48259.jpg?ver=1777561602","contentUrl":"https:\/\/redelitoralrs.com\/wp-content\/litespeed\/avatar\/779aafbb45e66c7f82733e21abb48259.jpg?ver=1777561602","caption":"Reda\u00e7\u00e3o TV Litoral"},"description":"A Rede Litoral de Comunica\u00e7\u00e3o \u00e9 um grupo de m\u00eddia multiplataforma do Litoral Norte do RS. Com atua\u00e7\u00e3o em TV, r\u00e1dio, portal e redes sociais, levamos informa\u00e7\u00e3o, conte\u00fado e entretenimento \u00e0 comunidade, fortalecendo a comunica\u00e7\u00e3o local e impulsionando o desenvolvimento regional. Acompanhe atrav\u00e9s de @redelitoralrs.","sameAs":["https:\/\/redelitoralrs.com","https:\/\/www.instagram.com\/redelitoralrs","https:\/\/www.youtube.com\/@redelitoralrs"],"url":"https:\/\/redelitoralrs.com\/index.php\/author\/redacaotvlitoral\/"}]}},"_links":{"self":[{"href":"https:\/\/redelitoralrs.com\/index.php\/wp-json\/wp\/v2\/posts\/4791","targetHints":{"allow":["GET"]}}],"collection":[{"href":"https:\/\/redelitoralrs.com\/index.php\/wp-json\/wp\/v2\/posts"}],"about":[{"href":"https:\/\/redelitoralrs.com\/index.php\/wp-json\/wp\/v2\/types\/post"}],"author":[{"embeddable":true,"href":"https:\/\/redelitoralrs.com\/index.php\/wp-json\/wp\/v2\/users\/2"}],"replies":[{"embeddable":true,"href":"https:\/\/redelitoralrs.com\/index.php\/wp-json\/wp\/v2\/comments?post=4791"}],"version-history":[{"count":1,"href":"https:\/\/redelitoralrs.com\/index.php\/wp-json\/wp\/v2\/posts\/4791\/revisions"}],"predecessor-version":[{"id":4792,"href":"https:\/\/redelitoralrs.com\/index.php\/wp-json\/wp\/v2\/posts\/4791\/revisions\/4792"}],"wp:featuredmedia":[{"embeddable":true,"href":"https:\/\/redelitoralrs.com\/index.php\/wp-json\/wp\/v2\/media\/4787"}],"wp:attachment":[{"href":"https:\/\/redelitoralrs.com\/index.php\/wp-json\/wp\/v2\/media?parent=4791"}],"wp:term":[{"taxonomy":"category","embeddable":true,"href":"https:\/\/redelitoralrs.com\/index.php\/wp-json\/wp\/v2\/categories?post=4791"},{"taxonomy":"post_tag","embeddable":true,"href":"https:\/\/redelitoralrs.com\/index.php\/wp-json\/wp\/v2\/tags?post=4791"}],"curies":[{"name":"wp","href":"https:\/\/api.w.org\/{rel}","templated":true}]}}