{"id":4629,"date":"2024-11-26T11:40:25","date_gmt":"2024-11-26T14:40:25","guid":{"rendered":"https:\/\/redelitoralrs.com\/?p=4629"},"modified":"2024-11-26T11:40:29","modified_gmt":"2024-11-26T14:40:29","slug":"prefeitura-de-santo-antonio-da-patrulha-abre-inscricoes-para-processos-seletivos","status":"publish","type":"post","link":"https:\/\/redelitoralrs.com\/index.php\/2024\/11\/26\/prefeitura-de-santo-antonio-da-patrulha-abre-inscricoes-para-processos-seletivos\/","title":{"rendered":"Prefeitura de Santo Ant\u00f4nio da Patrulha abre inscri\u00e7\u00f5es para processos seletivos"},"content":{"rendered":"\n<p>As inscri\u00e7\u00f5es para dois processos seletivos simplificados da Prefeitura de Santo Ant\u00f4nio da Patrulha est\u00e3o abertas e v\u00e3o at\u00e9 sexta-feira, 29 de novembro. Ambos s\u00e3o para forma\u00e7\u00e3o de cadastro reserva:<\/p>\n\n\n\n<ul class=\"wp-block-list\">\n<li><strong>Edital 36\/2024:<\/strong><br>Inclui vagas para instrutor de jiu-jitsu, regente de banda, instrutor de inform\u00e1tica e letramento em programa\u00e7\u00e3o, instrutor de braile, professor de artes e professor de ensino religioso.<\/li>\n\n\n\n<li><strong>Edital 37\/2024:<\/strong><br>Destina-se \u00e0 fun\u00e7\u00e3o de professor de educa\u00e7\u00e3o infantil para a Escola Doze de Outubro, na localidade de Imbiru\u00e7\u00fa.<\/li>\n<\/ul>\n\n\n\n<p>A taxa de inscri\u00e7\u00e3o varia entre R$ 30 e R$ 40, conforme o cargo. Os interessados devem possuir conta no GOV.BR e consultar os editais dispon\u00edveis no site da prefeitura para informa\u00e7\u00f5es detalhadas, como carga hor\u00e1ria, remunera\u00e7\u00e3o e links de inscri\u00e7\u00e3o.<\/p>\n\n\n\n<p><em>Laura Pires Haendchen<\/em><\/p>\n","protected":false},"excerpt":{"rendered":"<p>As inscri\u00e7\u00f5es para dois processos seletivos simplificados da Prefeitura de Santo Ant\u00f4nio da Patrulha est\u00e3o abertas e v\u00e3o at\u00e9 sexta-feira, 29 de novembro. Ambos s\u00e3o para forma\u00e7\u00e3o de cadastro reserva: A taxa de inscri\u00e7\u00e3o varia entre R$ 30 e R$ 40, conforme o cargo. Os interessados devem possuir conta no GOV.BR e consultar os editais [&hellip;]<\/p>\n","protected":false},"author":2,"featured_media":4630,"comment_status":"open","ping_status":"open","sticky":false,"template":"","format":"standard","meta":{"_themeisle_gutenberg_block_has_review":false,"footnotes":""},"categories":[186,15],"tags":[103,92,128],"class_list":["post-4629","post","type-post","status-publish","format-standard","has-post-thumbnail","hentry","category-santo-antonio-da-patrulha","category-noticias","tag-litoral-norte","tag-noticia","tag-rio-grande-do-sul"],"yoast_head":"<!-- This site is optimized with the Yoast SEO plugin v27.4 - https:\/\/yoast.com\/product\/yoast-seo-wordpress\/ -->\n<title>Prefeitura de Santo Ant\u00f4nio da Patrulha abre inscri\u00e7\u00f5es para processos seletivos - Rede Litoral RS<\/title>\n<meta name=\"robots\" content=\"index, follow, max-snippet:-1, max-image-preview:large, max-video-preview:-1\" \/>\n<link rel=\"canonical\" href=\"https:\/\/redelitoralrs.com\/index.php\/2024\/11\/26\/prefeitura-de-santo-antonio-da-patrulha-abre-inscricoes-para-processos-seletivos\/\" \/>\n<meta property=\"og:locale\" content=\"pt_BR\" \/>\n<meta property=\"og:type\" content=\"article\" \/>\n<meta property=\"og:title\" content=\"Prefeitura de Santo Ant\u00f4nio da Patrulha abre inscri\u00e7\u00f5es para processos seletivos - Rede Litoral RS\" \/>\n<meta property=\"og:description\" content=\"As inscri\u00e7\u00f5es para dois processos seletivos simplificados da Prefeitura de Santo Ant\u00f4nio da Patrulha est\u00e3o abertas e v\u00e3o at\u00e9 sexta-feira, 29 de novembro. Ambos s\u00e3o para forma\u00e7\u00e3o de cadastro reserva: A taxa de inscri\u00e7\u00e3o varia entre R$ 30 e R$ 40, conforme o cargo. Os interessados devem possuir conta no GOV.BR e consultar os editais [&hellip;]\" \/>\n<meta property=\"og:url\" content=\"https:\/\/redelitoralrs.com\/index.php\/2024\/11\/26\/prefeitura-de-santo-antonio-da-patrulha-abre-inscricoes-para-processos-seletivos\/\" \/>\n<meta property=\"og:site_name\" content=\"Rede Litoral RS\" \/>\n<meta property=\"article:publisher\" content=\"https:\/\/www.facebook.com\/tvlitoralrsoficial\" \/>\n<meta property=\"article:published_time\" content=\"2024-11-26T14:40:25+00:00\" \/>\n<meta property=\"article:modified_time\" content=\"2024-11-26T14:40:29+00:00\" \/>\n<meta property=\"og:image\" content=\"https:\/\/redelitoralrs.com\/wp-content\/uploads\/2024\/11\/Sem-titulo-13.png\" \/>\n\t<meta property=\"og:image:width\" content=\"362\" \/>\n\t<meta property=\"og:image:height\" content=\"219\" \/>\n\t<meta property=\"og:image:type\" content=\"image\/png\" \/>\n<meta name=\"author\" content=\"Reda\u00e7\u00e3o TV Litoral\" \/>\n<meta name=\"twitter:card\" content=\"summary_large_image\" \/>\n<meta name=\"twitter:label1\" content=\"Escrito por\" \/>\n\t<meta name=\"twitter:data1\" content=\"Reda\u00e7\u00e3o TV Litoral\" \/>\n\t<meta name=\"twitter:label2\" content=\"Est. tempo de leitura\" \/>\n\t<meta name=\"twitter:data2\" content=\"1 minuto\" \/>\n<script type=\"application\/ld+json\" class=\"yoast-schema-graph\">{\"@context\":\"https:\\\/\\\/schema.org\",\"@graph\":[{\"@type\":\"Article\",\"@id\":\"https:\\\/\\\/redelitoralrs.com\\\/index.php\\\/2024\\\/11\\\/26\\\/prefeitura-de-santo-antonio-da-patrulha-abre-inscricoes-para-processos-seletivos\\\/#article\",\"isPartOf\":{\"@id\":\"https:\\\/\\\/redelitoralrs.com\\\/index.php\\\/2024\\\/11\\\/26\\\/prefeitura-de-santo-antonio-da-patrulha-abre-inscricoes-para-processos-seletivos\\\/\"},\"author\":{\"name\":\"Reda\u00e7\u00e3o TV Litoral\",\"@id\":\"https:\\\/\\\/redelitoralrs.com\\\/#\\\/schema\\\/person\\\/9f8181f2a7359dd3986f05ebaf5bd68a\"},\"headline\":\"Prefeitura de Santo Ant\u00f4nio da Patrulha abre inscri\u00e7\u00f5es para processos seletivos\",\"datePublished\":\"2024-11-26T14:40:25+00:00\",\"dateModified\":\"2024-11-26T14:40:29+00:00\",\"mainEntityOfPage\":{\"@id\":\"https:\\\/\\\/redelitoralrs.com\\\/index.php\\\/2024\\\/11\\\/26\\\/prefeitura-de-santo-antonio-da-patrulha-abre-inscricoes-para-processos-seletivos\\\/\"},\"wordCount\":147,\"commentCount\":0,\"publisher\":{\"@id\":\"https:\\\/\\\/redelitoralrs.com\\\/#organization\"},\"image\":{\"@id\":\"https:\\\/\\\/redelitoralrs.com\\\/index.php\\\/2024\\\/11\\\/26\\\/prefeitura-de-santo-antonio-da-patrulha-abre-inscricoes-para-processos-seletivos\\\/#primaryimage\"},\"thumbnailUrl\":\"https:\\\/\\\/redelitoralrs.com\\\/wp-content\\\/uploads\\\/2024\\\/11\\\/Sem-titulo-13.png\",\"keywords\":[\"litoral norte\",\"not\u00edcia\",\"rio grande do sul\"],\"articleSection\":[\"Santo Ant\u00f4nio da Patrulha\",\"\u00daltimas not\u00edcias\"],\"inLanguage\":\"pt-BR\",\"potentialAction\":[{\"@type\":\"CommentAction\",\"name\":\"Comment\",\"target\":[\"https:\\\/\\\/redelitoralrs.com\\\/index.php\\\/2024\\\/11\\\/26\\\/prefeitura-de-santo-antonio-da-patrulha-abre-inscricoes-para-processos-seletivos\\\/#respond\"]}]},{\"@type\":\"WebPage\",\"@id\":\"https:\\\/\\\/redelitoralrs.com\\\/index.php\\\/2024\\\/11\\\/26\\\/prefeitura-de-santo-antonio-da-patrulha-abre-inscricoes-para-processos-seletivos\\\/\",\"url\":\"https:\\\/\\\/redelitoralrs.com\\\/index.php\\\/2024\\\/11\\\/26\\\/prefeitura-de-santo-antonio-da-patrulha-abre-inscricoes-para-processos-seletivos\\\/\",\"name\":\"Prefeitura de Santo Ant\u00f4nio da Patrulha abre inscri\u00e7\u00f5es para processos seletivos - Rede Litoral RS\",\"isPartOf\":{\"@id\":\"https:\\\/\\\/redelitoralrs.com\\\/#website\"},\"primaryImageOfPage\":{\"@id\":\"https:\\\/\\\/redelitoralrs.com\\\/index.php\\\/2024\\\/11\\\/26\\\/prefeitura-de-santo-antonio-da-patrulha-abre-inscricoes-para-processos-seletivos\\\/#primaryimage\"},\"image\":{\"@id\":\"https:\\\/\\\/redelitoralrs.com\\\/index.php\\\/2024\\\/11\\\/26\\\/prefeitura-de-santo-antonio-da-patrulha-abre-inscricoes-para-processos-seletivos\\\/#primaryimage\"},\"thumbnailUrl\":\"https:\\\/\\\/redelitoralrs.com\\\/wp-content\\\/uploads\\\/2024\\\/11\\\/Sem-titulo-13.png\",\"datePublished\":\"2024-11-26T14:40:25+00:00\",\"dateModified\":\"2024-11-26T14:40:29+00:00\",\"breadcrumb\":{\"@id\":\"https:\\\/\\\/redelitoralrs.com\\\/index.php\\\/2024\\\/11\\\/26\\\/prefeitura-de-santo-antonio-da-patrulha-abre-inscricoes-para-processos-seletivos\\\/#breadcrumb\"},\"inLanguage\":\"pt-BR\",\"potentialAction\":[{\"@type\":\"ReadAction\",\"target\":[\"https:\\\/\\\/redelitoralrs.com\\\/index.php\\\/2024\\\/11\\\/26\\\/prefeitura-de-santo-antonio-da-patrulha-abre-inscricoes-para-processos-seletivos\\\/\"]}]},{\"@type\":\"ImageObject\",\"inLanguage\":\"pt-BR\",\"@id\":\"https:\\\/\\\/redelitoralrs.com\\\/index.php\\\/2024\\\/11\\\/26\\\/prefeitura-de-santo-antonio-da-patrulha-abre-inscricoes-para-processos-seletivos\\\/#primaryimage\",\"url\":\"https:\\\/\\\/redelitoralrs.com\\\/wp-content\\\/uploads\\\/2024\\\/11\\\/Sem-titulo-13.png\",\"contentUrl\":\"https:\\\/\\\/redelitoralrs.com\\\/wp-content\\\/uploads\\\/2024\\\/11\\\/Sem-titulo-13.png\",\"width\":362,\"height\":219},{\"@type\":\"BreadcrumbList\",\"@id\":\"https:\\\/\\\/redelitoralrs.com\\\/index.php\\\/2024\\\/11\\\/26\\\/prefeitura-de-santo-antonio-da-patrulha-abre-inscricoes-para-processos-seletivos\\\/#breadcrumb\",\"itemListElement\":[{\"@type\":\"ListItem\",\"position\":1,\"name\":\"In\u00edcio\",\"item\":\"https:\\\/\\\/redelitoralrs.com\\\/\"},{\"@type\":\"ListItem\",\"position\":2,\"name\":\"Prefeitura de Santo Ant\u00f4nio da Patrulha abre inscri\u00e7\u00f5es para processos seletivos\"}]},{\"@type\":\"WebSite\",\"@id\":\"https:\\\/\\\/redelitoralrs.com\\\/#website\",\"url\":\"https:\\\/\\\/redelitoralrs.com\\\/\",\"name\":\"TV Litoral\",\"description\":\"Acompanhe tudo do litoral ga\u00facho com a cobertura completa e atualizada da Rede Litoral RS. Nossos jornalistas trazem as \u00faltimas not\u00edcias, os acontecimentos mais quentes e as hist\u00f3rias que importam sobre nosso amado litoral.\",\"publisher\":{\"@id\":\"https:\\\/\\\/redelitoralrs.com\\\/#organization\"},\"potentialAction\":[{\"@type\":\"SearchAction\",\"target\":{\"@type\":\"EntryPoint\",\"urlTemplate\":\"https:\\\/\\\/redelitoralrs.com\\\/?s={search_term_string}\"},\"query-input\":{\"@type\":\"PropertyValueSpecification\",\"valueRequired\":true,\"valueName\":\"search_term_string\"}}],\"inLanguage\":\"pt-BR\"},{\"@type\":\"Organization\",\"@id\":\"https:\\\/\\\/redelitoralrs.com\\\/#organization\",\"name\":\"TV Litoral\",\"url\":\"https:\\\/\\\/redelitoralrs.com\\\/\",\"logo\":{\"@type\":\"ImageObject\",\"inLanguage\":\"pt-BR\",\"@id\":\"https:\\\/\\\/redelitoralrs.com\\\/#\\\/schema\\\/logo\\\/image\\\/\",\"url\":\"https:\\\/\\\/redelitoralrs.com\\\/wp-content\\\/uploads\\\/2024\\\/01\\\/faviconicon-1-1.png\",\"contentUrl\":\"https:\\\/\\\/redelitoralrs.com\\\/wp-content\\\/uploads\\\/2024\\\/01\\\/faviconicon-1-1.png\",\"width\":454,\"height\":454,\"caption\":\"TV Litoral\"},\"image\":{\"@id\":\"https:\\\/\\\/redelitoralrs.com\\\/#\\\/schema\\\/logo\\\/image\\\/\"},\"sameAs\":[\"https:\\\/\\\/www.facebook.com\\\/tvlitoralrsoficial\",\"https:\\\/\\\/www.instagram.com\\\/tvlitoral.rs\"]},{\"@type\":\"Person\",\"@id\":\"https:\\\/\\\/redelitoralrs.com\\\/#\\\/schema\\\/person\\\/9f8181f2a7359dd3986f05ebaf5bd68a\",\"name\":\"Reda\u00e7\u00e3o TV Litoral\",\"image\":{\"@type\":\"ImageObject\",\"inLanguage\":\"pt-BR\",\"@id\":\"https:\\\/\\\/redelitoralrs.com\\\/wp-content\\\/litespeed\\\/avatar\\\/779aafbb45e66c7f82733e21abb48259.jpg?ver=1777561602\",\"url\":\"https:\\\/\\\/redelitoralrs.com\\\/wp-content\\\/litespeed\\\/avatar\\\/779aafbb45e66c7f82733e21abb48259.jpg?ver=1777561602\",\"contentUrl\":\"https:\\\/\\\/redelitoralrs.com\\\/wp-content\\\/litespeed\\\/avatar\\\/779aafbb45e66c7f82733e21abb48259.jpg?ver=1777561602\",\"caption\":\"Reda\u00e7\u00e3o TV Litoral\"},\"description\":\"A Rede Litoral de Comunica\u00e7\u00e3o \u00e9 um grupo de m\u00eddia multiplataforma do Litoral Norte do RS. Com atua\u00e7\u00e3o em TV, r\u00e1dio, portal e redes sociais, levamos informa\u00e7\u00e3o, conte\u00fado e entretenimento \u00e0 comunidade, fortalecendo a comunica\u00e7\u00e3o local e impulsionando o desenvolvimento regional. Acompanhe atrav\u00e9s de @redelitoralrs.\",\"sameAs\":[\"https:\\\/\\\/redelitoralrs.com\",\"https:\\\/\\\/www.instagram.com\\\/redelitoralrs\",\"https:\\\/\\\/www.youtube.com\\\/@redelitoralrs\"],\"url\":\"https:\\\/\\\/redelitoralrs.com\\\/index.php\\\/author\\\/redacaotvlitoral\\\/\"}]}<\/script>\n<!-- \/ Yoast SEO plugin. -->","yoast_head_json":{"title":"Prefeitura de Santo Ant\u00f4nio da Patrulha abre inscri\u00e7\u00f5es para processos seletivos - Rede Litoral RS","robots":{"index":"index","follow":"follow","max-snippet":"max-snippet:-1","max-image-preview":"max-image-preview:large","max-video-preview":"max-video-preview:-1"},"canonical":"https:\/\/redelitoralrs.com\/index.php\/2024\/11\/26\/prefeitura-de-santo-antonio-da-patrulha-abre-inscricoes-para-processos-seletivos\/","og_locale":"pt_BR","og_type":"article","og_title":"Prefeitura de Santo Ant\u00f4nio da Patrulha abre inscri\u00e7\u00f5es para processos seletivos - Rede Litoral RS","og_description":"As inscri\u00e7\u00f5es para dois processos seletivos simplificados da Prefeitura de Santo Ant\u00f4nio da Patrulha est\u00e3o abertas e v\u00e3o at\u00e9 sexta-feira, 29 de novembro. Ambos s\u00e3o para forma\u00e7\u00e3o de cadastro reserva: A taxa de inscri\u00e7\u00e3o varia entre R$ 30 e R$ 40, conforme o cargo. Os interessados devem possuir conta no GOV.BR e consultar os editais [&hellip;]","og_url":"https:\/\/redelitoralrs.com\/index.php\/2024\/11\/26\/prefeitura-de-santo-antonio-da-patrulha-abre-inscricoes-para-processos-seletivos\/","og_site_name":"Rede Litoral RS","article_publisher":"https:\/\/www.facebook.com\/tvlitoralrsoficial","article_published_time":"2024-11-26T14:40:25+00:00","article_modified_time":"2024-11-26T14:40:29+00:00","og_image":[{"width":362,"height":219,"url":"https:\/\/redelitoralrs.com\/wp-content\/uploads\/2024\/11\/Sem-titulo-13.png","type":"image\/png"}],"author":"Reda\u00e7\u00e3o TV Litoral","twitter_card":"summary_large_image","twitter_misc":{"Escrito por":"Reda\u00e7\u00e3o TV Litoral","Est. tempo de leitura":"1 minuto"},"schema":{"@context":"https:\/\/schema.org","@graph":[{"@type":"Article","@id":"https:\/\/redelitoralrs.com\/index.php\/2024\/11\/26\/prefeitura-de-santo-antonio-da-patrulha-abre-inscricoes-para-processos-seletivos\/#article","isPartOf":{"@id":"https:\/\/redelitoralrs.com\/index.php\/2024\/11\/26\/prefeitura-de-santo-antonio-da-patrulha-abre-inscricoes-para-processos-seletivos\/"},"author":{"name":"Reda\u00e7\u00e3o TV Litoral","@id":"https:\/\/redelitoralrs.com\/#\/schema\/person\/9f8181f2a7359dd3986f05ebaf5bd68a"},"headline":"Prefeitura de Santo Ant\u00f4nio da Patrulha abre inscri\u00e7\u00f5es para processos seletivos","datePublished":"2024-11-26T14:40:25+00:00","dateModified":"2024-11-26T14:40:29+00:00","mainEntityOfPage":{"@id":"https:\/\/redelitoralrs.com\/index.php\/2024\/11\/26\/prefeitura-de-santo-antonio-da-patrulha-abre-inscricoes-para-processos-seletivos\/"},"wordCount":147,"commentCount":0,"publisher":{"@id":"https:\/\/redelitoralrs.com\/#organization"},"image":{"@id":"https:\/\/redelitoralrs.com\/index.php\/2024\/11\/26\/prefeitura-de-santo-antonio-da-patrulha-abre-inscricoes-para-processos-seletivos\/#primaryimage"},"thumbnailUrl":"https:\/\/redelitoralrs.com\/wp-content\/uploads\/2024\/11\/Sem-titulo-13.png","keywords":["litoral norte","not\u00edcia","rio grande do sul"],"articleSection":["Santo Ant\u00f4nio da Patrulha","\u00daltimas not\u00edcias"],"inLanguage":"pt-BR","potentialAction":[{"@type":"CommentAction","name":"Comment","target":["https:\/\/redelitoralrs.com\/index.php\/2024\/11\/26\/prefeitura-de-santo-antonio-da-patrulha-abre-inscricoes-para-processos-seletivos\/#respond"]}]},{"@type":"WebPage","@id":"https:\/\/redelitoralrs.com\/index.php\/2024\/11\/26\/prefeitura-de-santo-antonio-da-patrulha-abre-inscricoes-para-processos-seletivos\/","url":"https:\/\/redelitoralrs.com\/index.php\/2024\/11\/26\/prefeitura-de-santo-antonio-da-patrulha-abre-inscricoes-para-processos-seletivos\/","name":"Prefeitura de Santo Ant\u00f4nio da Patrulha abre inscri\u00e7\u00f5es para processos seletivos - Rede Litoral RS","isPartOf":{"@id":"https:\/\/redelitoralrs.com\/#website"},"primaryImageOfPage":{"@id":"https:\/\/redelitoralrs.com\/index.php\/2024\/11\/26\/prefeitura-de-santo-antonio-da-patrulha-abre-inscricoes-para-processos-seletivos\/#primaryimage"},"image":{"@id":"https:\/\/redelitoralrs.com\/index.php\/2024\/11\/26\/prefeitura-de-santo-antonio-da-patrulha-abre-inscricoes-para-processos-seletivos\/#primaryimage"},"thumbnailUrl":"https:\/\/redelitoralrs.com\/wp-content\/uploads\/2024\/11\/Sem-titulo-13.png","datePublished":"2024-11-26T14:40:25+00:00","dateModified":"2024-11-26T14:40:29+00:00","breadcrumb":{"@id":"https:\/\/redelitoralrs.com\/index.php\/2024\/11\/26\/prefeitura-de-santo-antonio-da-patrulha-abre-inscricoes-para-processos-seletivos\/#breadcrumb"},"inLanguage":"pt-BR","potentialAction":[{"@type":"ReadAction","target":["https:\/\/redelitoralrs.com\/index.php\/2024\/11\/26\/prefeitura-de-santo-antonio-da-patrulha-abre-inscricoes-para-processos-seletivos\/"]}]},{"@type":"ImageObject","inLanguage":"pt-BR","@id":"https:\/\/redelitoralrs.com\/index.php\/2024\/11\/26\/prefeitura-de-santo-antonio-da-patrulha-abre-inscricoes-para-processos-seletivos\/#primaryimage","url":"https:\/\/redelitoralrs.com\/wp-content\/uploads\/2024\/11\/Sem-titulo-13.png","contentUrl":"https:\/\/redelitoralrs.com\/wp-content\/uploads\/2024\/11\/Sem-titulo-13.png","width":362,"height":219},{"@type":"BreadcrumbList","@id":"https:\/\/redelitoralrs.com\/index.php\/2024\/11\/26\/prefeitura-de-santo-antonio-da-patrulha-abre-inscricoes-para-processos-seletivos\/#breadcrumb","itemListElement":[{"@type":"ListItem","position":1,"name":"In\u00edcio","item":"https:\/\/redelitoralrs.com\/"},{"@type":"ListItem","position":2,"name":"Prefeitura de Santo Ant\u00f4nio da Patrulha abre inscri\u00e7\u00f5es para processos seletivos"}]},{"@type":"WebSite","@id":"https:\/\/redelitoralrs.com\/#website","url":"https:\/\/redelitoralrs.com\/","name":"TV Litoral","description":"Acompanhe tudo do litoral ga\u00facho com a cobertura completa e atualizada da Rede Litoral RS. Nossos jornalistas trazem as \u00faltimas not\u00edcias, os acontecimentos mais quentes e as hist\u00f3rias que importam sobre nosso amado litoral.","publisher":{"@id":"https:\/\/redelitoralrs.com\/#organization"},"potentialAction":[{"@type":"SearchAction","target":{"@type":"EntryPoint","urlTemplate":"https:\/\/redelitoralrs.com\/?s={search_term_string}"},"query-input":{"@type":"PropertyValueSpecification","valueRequired":true,"valueName":"search_term_string"}}],"inLanguage":"pt-BR"},{"@type":"Organization","@id":"https:\/\/redelitoralrs.com\/#organization","name":"TV Litoral","url":"https:\/\/redelitoralrs.com\/","logo":{"@type":"ImageObject","inLanguage":"pt-BR","@id":"https:\/\/redelitoralrs.com\/#\/schema\/logo\/image\/","url":"https:\/\/redelitoralrs.com\/wp-content\/uploads\/2024\/01\/faviconicon-1-1.png","contentUrl":"https:\/\/redelitoralrs.com\/wp-content\/uploads\/2024\/01\/faviconicon-1-1.png","width":454,"height":454,"caption":"TV Litoral"},"image":{"@id":"https:\/\/redelitoralrs.com\/#\/schema\/logo\/image\/"},"sameAs":["https:\/\/www.facebook.com\/tvlitoralrsoficial","https:\/\/www.instagram.com\/tvlitoral.rs"]},{"@type":"Person","@id":"https:\/\/redelitoralrs.com\/#\/schema\/person\/9f8181f2a7359dd3986f05ebaf5bd68a","name":"Reda\u00e7\u00e3o TV Litoral","image":{"@type":"ImageObject","inLanguage":"pt-BR","@id":"https:\/\/redelitoralrs.com\/wp-content\/litespeed\/avatar\/779aafbb45e66c7f82733e21abb48259.jpg?ver=1777561602","url":"https:\/\/redelitoralrs.com\/wp-content\/litespeed\/avatar\/779aafbb45e66c7f82733e21abb48259.jpg?ver=1777561602","contentUrl":"https:\/\/redelitoralrs.com\/wp-content\/litespeed\/avatar\/779aafbb45e66c7f82733e21abb48259.jpg?ver=1777561602","caption":"Reda\u00e7\u00e3o TV Litoral"},"description":"A Rede Litoral de Comunica\u00e7\u00e3o \u00e9 um grupo de m\u00eddia multiplataforma do Litoral Norte do RS. Com atua\u00e7\u00e3o em TV, r\u00e1dio, portal e redes sociais, levamos informa\u00e7\u00e3o, conte\u00fado e entretenimento \u00e0 comunidade, fortalecendo a comunica\u00e7\u00e3o local e impulsionando o desenvolvimento regional. Acompanhe atrav\u00e9s de @redelitoralrs.","sameAs":["https:\/\/redelitoralrs.com","https:\/\/www.instagram.com\/redelitoralrs","https:\/\/www.youtube.com\/@redelitoralrs"],"url":"https:\/\/redelitoralrs.com\/index.php\/author\/redacaotvlitoral\/"}]}},"_links":{"self":[{"href":"https:\/\/redelitoralrs.com\/index.php\/wp-json\/wp\/v2\/posts\/4629","targetHints":{"allow":["GET"]}}],"collection":[{"href":"https:\/\/redelitoralrs.com\/index.php\/wp-json\/wp\/v2\/posts"}],"about":[{"href":"https:\/\/redelitoralrs.com\/index.php\/wp-json\/wp\/v2\/types\/post"}],"author":[{"embeddable":true,"href":"https:\/\/redelitoralrs.com\/index.php\/wp-json\/wp\/v2\/users\/2"}],"replies":[{"embeddable":true,"href":"https:\/\/redelitoralrs.com\/index.php\/wp-json\/wp\/v2\/comments?post=4629"}],"version-history":[{"count":1,"href":"https:\/\/redelitoralrs.com\/index.php\/wp-json\/wp\/v2\/posts\/4629\/revisions"}],"predecessor-version":[{"id":4631,"href":"https:\/\/redelitoralrs.com\/index.php\/wp-json\/wp\/v2\/posts\/4629\/revisions\/4631"}],"wp:featuredmedia":[{"embeddable":true,"href":"https:\/\/redelitoralrs.com\/index.php\/wp-json\/wp\/v2\/media\/4630"}],"wp:attachment":[{"href":"https:\/\/redelitoralrs.com\/index.php\/wp-json\/wp\/v2\/media?parent=4629"}],"wp:term":[{"taxonomy":"category","embeddable":true,"href":"https:\/\/redelitoralrs.com\/index.php\/wp-json\/wp\/v2\/categories?post=4629"},{"taxonomy":"post_tag","embeddable":true,"href":"https:\/\/redelitoralrs.com\/index.php\/wp-json\/wp\/v2\/tags?post=4629"}],"curies":[{"name":"wp","href":"https:\/\/api.w.org\/{rel}","templated":true}]}}