{"id":4484,"date":"2024-11-20T13:12:40","date_gmt":"2024-11-20T16:12:40","guid":{"rendered":"https:\/\/redelitoralrs.com\/?p=4484"},"modified":"2024-11-20T13:12:40","modified_gmt":"2024-11-20T16:12:40","slug":"adolescente-ataca-familia-com-oleo-quente-em-imbe-mae-esta-em-estado-grave","status":"publish","type":"post","link":"https:\/\/redelitoralrs.com\/index.php\/2024\/11\/20\/adolescente-ataca-familia-com-oleo-quente-em-imbe-mae-esta-em-estado-grave\/","title":{"rendered":"Adolescente ataca fam\u00edlia com \u00f3leo quente em Imb\u00e9; m\u00e3e est\u00e1 em estado grave"},"content":{"rendered":"\n<p>Uma adolescente atacou a pr\u00f3pria fam\u00edlia com \u00f3leo quente na noite de ter\u00e7a-feira (19), em <strong>Imb\u00e9<\/strong>, no Litoral Norte do Rio Grande do Sul. O caso deixou a m\u00e3e da jovem, de 36 anos, em estado grave, al\u00e9m de ferir o padrasto e a irm\u00e3 ca\u00e7ula, de apenas 4 anos.<\/p>\n\n\n\n<h4 class=\"wp-block-heading\"><strong>Detalhes do ataque<\/strong><\/h4>\n\n\n\n<p>O ataque ocorreu por volta das 22h30, quando a adolescente teria aquecido \u00f3leo de cozinha e o arremessado contra os familiares, que estavam reunidos assistindo televis\u00e3o. Segundo testemunhas:<\/p>\n\n\n\n<ul class=\"wp-block-list\">\n<li>O padrasto tamb\u00e9m foi golpeado com uma faca, sofrendo ferimentos no t\u00f3rax, abd\u00f4men e um corte na c\u00f3rnea.<\/li>\n\n\n\n<li>A m\u00e3e sofreu queimaduras em <strong>90% do corpo<\/strong> e foi levada ao <strong>Hospital de Tramanda\u00ed<\/strong>, onde est\u00e1 <strong>entubada em estado grave<\/strong>.<\/li>\n\n\n\n<li>A irm\u00e3, de 4 anos, tamb\u00e9m sofreu queimaduras e foi transferida para o mesmo hospital.<\/li>\n<\/ul>\n\n\n\n<p>Ap\u00f3s o ataque, a adolescente foi encontrada na <strong>ERS-786<\/strong>, a cerca de 300 metros da resid\u00eancia, com queimaduras no bra\u00e7o direito.<\/p>\n\n\n\n<h4 class=\"wp-block-heading\"><strong>Atua\u00e7\u00e3o das autoridades<\/strong><\/h4>\n\n\n\n<p>A <strong>Brigada Militar (BM)<\/strong> e a <strong>Guarda Municipal<\/strong> atenderam a ocorr\u00eancia. Al\u00e9m disso, o <strong>Conselho Tutelar<\/strong> esteve no local para verificar a situa\u00e7\u00e3o de outras crian\u00e7as na casa:<\/p>\n\n\n\n<ul class=\"wp-block-list\">\n<li>Um beb\u00ea de 10 meses.<\/li>\n\n\n\n<li>Duas crian\u00e7as de 7 e 11 anos, que n\u00e3o ficaram feridas.<\/li>\n<\/ul>\n\n\n\n<p>A Pol\u00edcia Civil investiga as motiva\u00e7\u00f5es do ataque, enquanto o <strong>Instituto-Geral de Per\u00edcias (IGP)<\/strong> realizou o levantamento t\u00e9cnico no local. A adolescente foi conduzida \u00e0 <strong>Delegacia de Pol\u00edcia de Pronto Atendimento (DPPA)<\/strong>, onde foi registrado o ato infracional.<\/p>\n\n\n\n<h4 class=\"wp-block-heading\"><strong>Situa\u00e7\u00e3o dos feridos<\/strong><\/h4>\n\n\n\n<ul class=\"wp-block-list\">\n<li><strong>Padrasto<\/strong>: Transferido do <strong>Pronto Atendimento de Imb\u00e9<\/strong> para o <strong>Hospital de Pronto Socorro de Porto Alegre<\/strong> devido \u00e0 gravidade das les\u00f5es.<\/li>\n\n\n\n<li><strong>M\u00e3e e irm\u00e3<\/strong>: Continuam internadas no <strong>Hospital de Tramanda\u00ed<\/strong>.<\/li>\n<\/ul>\n\n\n\n<p>A pol\u00edcia segue apurando os fatos para esclarecer o que motivou o ataque.<\/p>\n\n\n\n<p><em>Laura Pires Haendchen<\/em><\/p>\n\n\n\n<figure class=\"wp-block-image size-full is-resized\"><img fetchpriority=\"high\" decoding=\"async\" width=\"1000\" height=\"683\" src=\"https:\/\/redelitoralrs.com\/wp-content\/uploads\/2024\/11\/20112024-FAMILIA-ATACADA-OLEO-QUENTE-IMBE.jpg\" alt=\"\" class=\"wp-image-4485\" style=\"width:574px;height:auto\" srcset=\"https:\/\/redelitoralrs.com\/wp-content\/uploads\/2024\/11\/20112024-FAMILIA-ATACADA-OLEO-QUENTE-IMBE.jpg 1000w, https:\/\/redelitoralrs.com\/wp-content\/uploads\/2024\/11\/20112024-FAMILIA-ATACADA-OLEO-QUENTE-IMBE-300x205.jpg 300w, https:\/\/redelitoralrs.com\/wp-content\/uploads\/2024\/11\/20112024-FAMILIA-ATACADA-OLEO-QUENTE-IMBE-768x525.jpg 768w\" sizes=\"(max-width: 1000px) 100vw, 1000px\" \/><figcaption class=\"wp-element-caption\">. Foto: Divulga\u00e7\u00e3o \/ Guarda Municipal de Imb\u00e9<\/figcaption><\/figure>\n","protected":false},"excerpt":{"rendered":"<p>Uma adolescente atacou a pr\u00f3pria fam\u00edlia com \u00f3leo quente na noite de ter\u00e7a-feira (19), em Imb\u00e9, no Litoral Norte do Rio Grande do Sul. O caso deixou a m\u00e3e da jovem, de 36 anos, em estado grave, al\u00e9m de ferir o padrasto e a irm\u00e3 ca\u00e7ula, de apenas 4 anos. Detalhes do ataque O ataque [&hellip;]<\/p>\n","protected":false},"author":2,"featured_media":4485,"comment_status":"open","ping_status":"open","sticky":false,"template":"","format":"standard","meta":{"_themeisle_gutenberg_block_has_review":false,"footnotes":""},"categories":[30,15],"tags":[],"class_list":["post-4484","post","type-post","status-publish","format-standard","has-post-thumbnail","hentry","category-imbe","category-noticias"],"yoast_head":"<!-- This site is optimized with the Yoast SEO plugin v27.4 - https:\/\/yoast.com\/product\/yoast-seo-wordpress\/ -->\n<title>Adolescente ataca fam\u00edlia com \u00f3leo quente em Imb\u00e9; m\u00e3e est\u00e1 em estado grave - Rede Litoral RS<\/title>\n<meta name=\"robots\" content=\"index, follow, max-snippet:-1, max-image-preview:large, max-video-preview:-1\" \/>\n<link rel=\"canonical\" href=\"https:\/\/redelitoralrs.com\/index.php\/2024\/11\/20\/adolescente-ataca-familia-com-oleo-quente-em-imbe-mae-esta-em-estado-grave\/\" \/>\n<meta property=\"og:locale\" content=\"pt_BR\" \/>\n<meta property=\"og:type\" content=\"article\" \/>\n<meta property=\"og:title\" content=\"Adolescente ataca fam\u00edlia com \u00f3leo quente em Imb\u00e9; m\u00e3e est\u00e1 em estado grave - Rede Litoral RS\" \/>\n<meta property=\"og:description\" content=\"Uma adolescente atacou a pr\u00f3pria fam\u00edlia com \u00f3leo quente na noite de ter\u00e7a-feira (19), em Imb\u00e9, no Litoral Norte do Rio Grande do Sul. O caso deixou a m\u00e3e da jovem, de 36 anos, em estado grave, al\u00e9m de ferir o padrasto e a irm\u00e3 ca\u00e7ula, de apenas 4 anos. Detalhes do ataque O ataque [&hellip;]\" \/>\n<meta property=\"og:url\" content=\"https:\/\/redelitoralrs.com\/index.php\/2024\/11\/20\/adolescente-ataca-familia-com-oleo-quente-em-imbe-mae-esta-em-estado-grave\/\" \/>\n<meta property=\"og:site_name\" content=\"Rede Litoral RS\" \/>\n<meta property=\"article:publisher\" content=\"https:\/\/www.facebook.com\/tvlitoralrsoficial\" \/>\n<meta property=\"article:published_time\" content=\"2024-11-20T16:12:40+00:00\" \/>\n<meta property=\"og:image\" content=\"https:\/\/redelitoralrs.com\/wp-content\/uploads\/2024\/11\/20112024-FAMILIA-ATACADA-OLEO-QUENTE-IMBE.jpg\" \/>\n\t<meta property=\"og:image:width\" content=\"1000\" \/>\n\t<meta property=\"og:image:height\" content=\"683\" \/>\n\t<meta property=\"og:image:type\" content=\"image\/jpeg\" \/>\n<meta name=\"author\" content=\"Reda\u00e7\u00e3o TV Litoral\" \/>\n<meta name=\"twitter:card\" content=\"summary_large_image\" \/>\n<meta name=\"twitter:label1\" content=\"Escrito por\" \/>\n\t<meta name=\"twitter:data1\" content=\"Reda\u00e7\u00e3o TV Litoral\" \/>\n\t<meta name=\"twitter:label2\" content=\"Est. tempo de leitura\" \/>\n\t<meta name=\"twitter:data2\" content=\"3 minutos\" \/>\n<script type=\"application\/ld+json\" class=\"yoast-schema-graph\">{\"@context\":\"https:\\\/\\\/schema.org\",\"@graph\":[{\"@type\":\"Article\",\"@id\":\"https:\\\/\\\/redelitoralrs.com\\\/index.php\\\/2024\\\/11\\\/20\\\/adolescente-ataca-familia-com-oleo-quente-em-imbe-mae-esta-em-estado-grave\\\/#article\",\"isPartOf\":{\"@id\":\"https:\\\/\\\/redelitoralrs.com\\\/index.php\\\/2024\\\/11\\\/20\\\/adolescente-ataca-familia-com-oleo-quente-em-imbe-mae-esta-em-estado-grave\\\/\"},\"author\":{\"name\":\"Reda\u00e7\u00e3o TV Litoral\",\"@id\":\"https:\\\/\\\/redelitoralrs.com\\\/#\\\/schema\\\/person\\\/9f8181f2a7359dd3986f05ebaf5bd68a\"},\"headline\":\"Adolescente ataca fam\u00edlia com \u00f3leo quente em Imb\u00e9; m\u00e3e est\u00e1 em estado grave\",\"datePublished\":\"2024-11-20T16:12:40+00:00\",\"mainEntityOfPage\":{\"@id\":\"https:\\\/\\\/redelitoralrs.com\\\/index.php\\\/2024\\\/11\\\/20\\\/adolescente-ataca-familia-com-oleo-quente-em-imbe-mae-esta-em-estado-grave\\\/\"},\"wordCount\":333,\"commentCount\":0,\"publisher\":{\"@id\":\"https:\\\/\\\/redelitoralrs.com\\\/#organization\"},\"image\":{\"@id\":\"https:\\\/\\\/redelitoralrs.com\\\/index.php\\\/2024\\\/11\\\/20\\\/adolescente-ataca-familia-com-oleo-quente-em-imbe-mae-esta-em-estado-grave\\\/#primaryimage\"},\"thumbnailUrl\":\"https:\\\/\\\/redelitoralrs.com\\\/wp-content\\\/uploads\\\/2024\\\/11\\\/20112024-FAMILIA-ATACADA-OLEO-QUENTE-IMBE.jpg\",\"articleSection\":[\"Imb\u00e9\",\"\u00daltimas not\u00edcias\"],\"inLanguage\":\"pt-BR\",\"potentialAction\":[{\"@type\":\"CommentAction\",\"name\":\"Comment\",\"target\":[\"https:\\\/\\\/redelitoralrs.com\\\/index.php\\\/2024\\\/11\\\/20\\\/adolescente-ataca-familia-com-oleo-quente-em-imbe-mae-esta-em-estado-grave\\\/#respond\"]}]},{\"@type\":\"WebPage\",\"@id\":\"https:\\\/\\\/redelitoralrs.com\\\/index.php\\\/2024\\\/11\\\/20\\\/adolescente-ataca-familia-com-oleo-quente-em-imbe-mae-esta-em-estado-grave\\\/\",\"url\":\"https:\\\/\\\/redelitoralrs.com\\\/index.php\\\/2024\\\/11\\\/20\\\/adolescente-ataca-familia-com-oleo-quente-em-imbe-mae-esta-em-estado-grave\\\/\",\"name\":\"Adolescente ataca fam\u00edlia com \u00f3leo quente em Imb\u00e9; m\u00e3e est\u00e1 em estado grave - Rede Litoral RS\",\"isPartOf\":{\"@id\":\"https:\\\/\\\/redelitoralrs.com\\\/#website\"},\"primaryImageOfPage\":{\"@id\":\"https:\\\/\\\/redelitoralrs.com\\\/index.php\\\/2024\\\/11\\\/20\\\/adolescente-ataca-familia-com-oleo-quente-em-imbe-mae-esta-em-estado-grave\\\/#primaryimage\"},\"image\":{\"@id\":\"https:\\\/\\\/redelitoralrs.com\\\/index.php\\\/2024\\\/11\\\/20\\\/adolescente-ataca-familia-com-oleo-quente-em-imbe-mae-esta-em-estado-grave\\\/#primaryimage\"},\"thumbnailUrl\":\"https:\\\/\\\/redelitoralrs.com\\\/wp-content\\\/uploads\\\/2024\\\/11\\\/20112024-FAMILIA-ATACADA-OLEO-QUENTE-IMBE.jpg\",\"datePublished\":\"2024-11-20T16:12:40+00:00\",\"breadcrumb\":{\"@id\":\"https:\\\/\\\/redelitoralrs.com\\\/index.php\\\/2024\\\/11\\\/20\\\/adolescente-ataca-familia-com-oleo-quente-em-imbe-mae-esta-em-estado-grave\\\/#breadcrumb\"},\"inLanguage\":\"pt-BR\",\"potentialAction\":[{\"@type\":\"ReadAction\",\"target\":[\"https:\\\/\\\/redelitoralrs.com\\\/index.php\\\/2024\\\/11\\\/20\\\/adolescente-ataca-familia-com-oleo-quente-em-imbe-mae-esta-em-estado-grave\\\/\"]}]},{\"@type\":\"ImageObject\",\"inLanguage\":\"pt-BR\",\"@id\":\"https:\\\/\\\/redelitoralrs.com\\\/index.php\\\/2024\\\/11\\\/20\\\/adolescente-ataca-familia-com-oleo-quente-em-imbe-mae-esta-em-estado-grave\\\/#primaryimage\",\"url\":\"https:\\\/\\\/redelitoralrs.com\\\/wp-content\\\/uploads\\\/2024\\\/11\\\/20112024-FAMILIA-ATACADA-OLEO-QUENTE-IMBE.jpg\",\"contentUrl\":\"https:\\\/\\\/redelitoralrs.com\\\/wp-content\\\/uploads\\\/2024\\\/11\\\/20112024-FAMILIA-ATACADA-OLEO-QUENTE-IMBE.jpg\",\"width\":1000,\"height\":683,\"caption\":\". Foto: Divulga\u00e7\u00e3o \\\/ Guarda Municipal de Imb\u00e9\"},{\"@type\":\"BreadcrumbList\",\"@id\":\"https:\\\/\\\/redelitoralrs.com\\\/index.php\\\/2024\\\/11\\\/20\\\/adolescente-ataca-familia-com-oleo-quente-em-imbe-mae-esta-em-estado-grave\\\/#breadcrumb\",\"itemListElement\":[{\"@type\":\"ListItem\",\"position\":1,\"name\":\"In\u00edcio\",\"item\":\"https:\\\/\\\/redelitoralrs.com\\\/\"},{\"@type\":\"ListItem\",\"position\":2,\"name\":\"Adolescente ataca fam\u00edlia com \u00f3leo quente em Imb\u00e9; m\u00e3e est\u00e1 em estado grave\"}]},{\"@type\":\"WebSite\",\"@id\":\"https:\\\/\\\/redelitoralrs.com\\\/#website\",\"url\":\"https:\\\/\\\/redelitoralrs.com\\\/\",\"name\":\"TV Litoral\",\"description\":\"Acompanhe tudo do litoral ga\u00facho com a cobertura completa e atualizada da Rede Litoral RS. Nossos jornalistas trazem as \u00faltimas not\u00edcias, os acontecimentos mais quentes e as hist\u00f3rias que importam sobre nosso amado litoral.\",\"publisher\":{\"@id\":\"https:\\\/\\\/redelitoralrs.com\\\/#organization\"},\"potentialAction\":[{\"@type\":\"SearchAction\",\"target\":{\"@type\":\"EntryPoint\",\"urlTemplate\":\"https:\\\/\\\/redelitoralrs.com\\\/?s={search_term_string}\"},\"query-input\":{\"@type\":\"PropertyValueSpecification\",\"valueRequired\":true,\"valueName\":\"search_term_string\"}}],\"inLanguage\":\"pt-BR\"},{\"@type\":\"Organization\",\"@id\":\"https:\\\/\\\/redelitoralrs.com\\\/#organization\",\"name\":\"TV Litoral\",\"url\":\"https:\\\/\\\/redelitoralrs.com\\\/\",\"logo\":{\"@type\":\"ImageObject\",\"inLanguage\":\"pt-BR\",\"@id\":\"https:\\\/\\\/redelitoralrs.com\\\/#\\\/schema\\\/logo\\\/image\\\/\",\"url\":\"https:\\\/\\\/redelitoralrs.com\\\/wp-content\\\/uploads\\\/2024\\\/01\\\/faviconicon-1-1.png\",\"contentUrl\":\"https:\\\/\\\/redelitoralrs.com\\\/wp-content\\\/uploads\\\/2024\\\/01\\\/faviconicon-1-1.png\",\"width\":454,\"height\":454,\"caption\":\"TV Litoral\"},\"image\":{\"@id\":\"https:\\\/\\\/redelitoralrs.com\\\/#\\\/schema\\\/logo\\\/image\\\/\"},\"sameAs\":[\"https:\\\/\\\/www.facebook.com\\\/tvlitoralrsoficial\",\"https:\\\/\\\/www.instagram.com\\\/tvlitoral.rs\"]},{\"@type\":\"Person\",\"@id\":\"https:\\\/\\\/redelitoralrs.com\\\/#\\\/schema\\\/person\\\/9f8181f2a7359dd3986f05ebaf5bd68a\",\"name\":\"Reda\u00e7\u00e3o TV Litoral\",\"image\":{\"@type\":\"ImageObject\",\"inLanguage\":\"pt-BR\",\"@id\":\"https:\\\/\\\/redelitoralrs.com\\\/wp-content\\\/litespeed\\\/avatar\\\/779aafbb45e66c7f82733e21abb48259.jpg?ver=1777561602\",\"url\":\"https:\\\/\\\/redelitoralrs.com\\\/wp-content\\\/litespeed\\\/avatar\\\/779aafbb45e66c7f82733e21abb48259.jpg?ver=1777561602\",\"contentUrl\":\"https:\\\/\\\/redelitoralrs.com\\\/wp-content\\\/litespeed\\\/avatar\\\/779aafbb45e66c7f82733e21abb48259.jpg?ver=1777561602\",\"caption\":\"Reda\u00e7\u00e3o TV Litoral\"},\"description\":\"A Rede Litoral de Comunica\u00e7\u00e3o \u00e9 um grupo de m\u00eddia multiplataforma do Litoral Norte do RS. Com atua\u00e7\u00e3o em TV, r\u00e1dio, portal e redes sociais, levamos informa\u00e7\u00e3o, conte\u00fado e entretenimento \u00e0 comunidade, fortalecendo a comunica\u00e7\u00e3o local e impulsionando o desenvolvimento regional. Acompanhe atrav\u00e9s de @redelitoralrs.\",\"sameAs\":[\"https:\\\/\\\/redelitoralrs.com\",\"https:\\\/\\\/www.instagram.com\\\/redelitoralrs\",\"https:\\\/\\\/www.youtube.com\\\/@redelitoralrs\"],\"url\":\"https:\\\/\\\/redelitoralrs.com\\\/index.php\\\/author\\\/redacaotvlitoral\\\/\"}]}<\/script>\n<!-- \/ Yoast SEO plugin. -->","yoast_head_json":{"title":"Adolescente ataca fam\u00edlia com \u00f3leo quente em Imb\u00e9; m\u00e3e est\u00e1 em estado grave - Rede Litoral RS","robots":{"index":"index","follow":"follow","max-snippet":"max-snippet:-1","max-image-preview":"max-image-preview:large","max-video-preview":"max-video-preview:-1"},"canonical":"https:\/\/redelitoralrs.com\/index.php\/2024\/11\/20\/adolescente-ataca-familia-com-oleo-quente-em-imbe-mae-esta-em-estado-grave\/","og_locale":"pt_BR","og_type":"article","og_title":"Adolescente ataca fam\u00edlia com \u00f3leo quente em Imb\u00e9; m\u00e3e est\u00e1 em estado grave - Rede Litoral RS","og_description":"Uma adolescente atacou a pr\u00f3pria fam\u00edlia com \u00f3leo quente na noite de ter\u00e7a-feira (19), em Imb\u00e9, no Litoral Norte do Rio Grande do Sul. O caso deixou a m\u00e3e da jovem, de 36 anos, em estado grave, al\u00e9m de ferir o padrasto e a irm\u00e3 ca\u00e7ula, de apenas 4 anos. Detalhes do ataque O ataque [&hellip;]","og_url":"https:\/\/redelitoralrs.com\/index.php\/2024\/11\/20\/adolescente-ataca-familia-com-oleo-quente-em-imbe-mae-esta-em-estado-grave\/","og_site_name":"Rede Litoral RS","article_publisher":"https:\/\/www.facebook.com\/tvlitoralrsoficial","article_published_time":"2024-11-20T16:12:40+00:00","og_image":[{"width":1000,"height":683,"url":"https:\/\/redelitoralrs.com\/wp-content\/uploads\/2024\/11\/20112024-FAMILIA-ATACADA-OLEO-QUENTE-IMBE.jpg","type":"image\/jpeg"}],"author":"Reda\u00e7\u00e3o TV Litoral","twitter_card":"summary_large_image","twitter_misc":{"Escrito por":"Reda\u00e7\u00e3o TV Litoral","Est. tempo de leitura":"3 minutos"},"schema":{"@context":"https:\/\/schema.org","@graph":[{"@type":"Article","@id":"https:\/\/redelitoralrs.com\/index.php\/2024\/11\/20\/adolescente-ataca-familia-com-oleo-quente-em-imbe-mae-esta-em-estado-grave\/#article","isPartOf":{"@id":"https:\/\/redelitoralrs.com\/index.php\/2024\/11\/20\/adolescente-ataca-familia-com-oleo-quente-em-imbe-mae-esta-em-estado-grave\/"},"author":{"name":"Reda\u00e7\u00e3o TV Litoral","@id":"https:\/\/redelitoralrs.com\/#\/schema\/person\/9f8181f2a7359dd3986f05ebaf5bd68a"},"headline":"Adolescente ataca fam\u00edlia com \u00f3leo quente em Imb\u00e9; m\u00e3e est\u00e1 em estado grave","datePublished":"2024-11-20T16:12:40+00:00","mainEntityOfPage":{"@id":"https:\/\/redelitoralrs.com\/index.php\/2024\/11\/20\/adolescente-ataca-familia-com-oleo-quente-em-imbe-mae-esta-em-estado-grave\/"},"wordCount":333,"commentCount":0,"publisher":{"@id":"https:\/\/redelitoralrs.com\/#organization"},"image":{"@id":"https:\/\/redelitoralrs.com\/index.php\/2024\/11\/20\/adolescente-ataca-familia-com-oleo-quente-em-imbe-mae-esta-em-estado-grave\/#primaryimage"},"thumbnailUrl":"https:\/\/redelitoralrs.com\/wp-content\/uploads\/2024\/11\/20112024-FAMILIA-ATACADA-OLEO-QUENTE-IMBE.jpg","articleSection":["Imb\u00e9","\u00daltimas not\u00edcias"],"inLanguage":"pt-BR","potentialAction":[{"@type":"CommentAction","name":"Comment","target":["https:\/\/redelitoralrs.com\/index.php\/2024\/11\/20\/adolescente-ataca-familia-com-oleo-quente-em-imbe-mae-esta-em-estado-grave\/#respond"]}]},{"@type":"WebPage","@id":"https:\/\/redelitoralrs.com\/index.php\/2024\/11\/20\/adolescente-ataca-familia-com-oleo-quente-em-imbe-mae-esta-em-estado-grave\/","url":"https:\/\/redelitoralrs.com\/index.php\/2024\/11\/20\/adolescente-ataca-familia-com-oleo-quente-em-imbe-mae-esta-em-estado-grave\/","name":"Adolescente ataca fam\u00edlia com \u00f3leo quente em Imb\u00e9; m\u00e3e est\u00e1 em estado grave - Rede Litoral RS","isPartOf":{"@id":"https:\/\/redelitoralrs.com\/#website"},"primaryImageOfPage":{"@id":"https:\/\/redelitoralrs.com\/index.php\/2024\/11\/20\/adolescente-ataca-familia-com-oleo-quente-em-imbe-mae-esta-em-estado-grave\/#primaryimage"},"image":{"@id":"https:\/\/redelitoralrs.com\/index.php\/2024\/11\/20\/adolescente-ataca-familia-com-oleo-quente-em-imbe-mae-esta-em-estado-grave\/#primaryimage"},"thumbnailUrl":"https:\/\/redelitoralrs.com\/wp-content\/uploads\/2024\/11\/20112024-FAMILIA-ATACADA-OLEO-QUENTE-IMBE.jpg","datePublished":"2024-11-20T16:12:40+00:00","breadcrumb":{"@id":"https:\/\/redelitoralrs.com\/index.php\/2024\/11\/20\/adolescente-ataca-familia-com-oleo-quente-em-imbe-mae-esta-em-estado-grave\/#breadcrumb"},"inLanguage":"pt-BR","potentialAction":[{"@type":"ReadAction","target":["https:\/\/redelitoralrs.com\/index.php\/2024\/11\/20\/adolescente-ataca-familia-com-oleo-quente-em-imbe-mae-esta-em-estado-grave\/"]}]},{"@type":"ImageObject","inLanguage":"pt-BR","@id":"https:\/\/redelitoralrs.com\/index.php\/2024\/11\/20\/adolescente-ataca-familia-com-oleo-quente-em-imbe-mae-esta-em-estado-grave\/#primaryimage","url":"https:\/\/redelitoralrs.com\/wp-content\/uploads\/2024\/11\/20112024-FAMILIA-ATACADA-OLEO-QUENTE-IMBE.jpg","contentUrl":"https:\/\/redelitoralrs.com\/wp-content\/uploads\/2024\/11\/20112024-FAMILIA-ATACADA-OLEO-QUENTE-IMBE.jpg","width":1000,"height":683,"caption":". Foto: Divulga\u00e7\u00e3o \/ Guarda Municipal de Imb\u00e9"},{"@type":"BreadcrumbList","@id":"https:\/\/redelitoralrs.com\/index.php\/2024\/11\/20\/adolescente-ataca-familia-com-oleo-quente-em-imbe-mae-esta-em-estado-grave\/#breadcrumb","itemListElement":[{"@type":"ListItem","position":1,"name":"In\u00edcio","item":"https:\/\/redelitoralrs.com\/"},{"@type":"ListItem","position":2,"name":"Adolescente ataca fam\u00edlia com \u00f3leo quente em Imb\u00e9; m\u00e3e est\u00e1 em estado grave"}]},{"@type":"WebSite","@id":"https:\/\/redelitoralrs.com\/#website","url":"https:\/\/redelitoralrs.com\/","name":"TV Litoral","description":"Acompanhe tudo do litoral ga\u00facho com a cobertura completa e atualizada da Rede Litoral RS. Nossos jornalistas trazem as \u00faltimas not\u00edcias, os acontecimentos mais quentes e as hist\u00f3rias que importam sobre nosso amado litoral.","publisher":{"@id":"https:\/\/redelitoralrs.com\/#organization"},"potentialAction":[{"@type":"SearchAction","target":{"@type":"EntryPoint","urlTemplate":"https:\/\/redelitoralrs.com\/?s={search_term_string}"},"query-input":{"@type":"PropertyValueSpecification","valueRequired":true,"valueName":"search_term_string"}}],"inLanguage":"pt-BR"},{"@type":"Organization","@id":"https:\/\/redelitoralrs.com\/#organization","name":"TV Litoral","url":"https:\/\/redelitoralrs.com\/","logo":{"@type":"ImageObject","inLanguage":"pt-BR","@id":"https:\/\/redelitoralrs.com\/#\/schema\/logo\/image\/","url":"https:\/\/redelitoralrs.com\/wp-content\/uploads\/2024\/01\/faviconicon-1-1.png","contentUrl":"https:\/\/redelitoralrs.com\/wp-content\/uploads\/2024\/01\/faviconicon-1-1.png","width":454,"height":454,"caption":"TV Litoral"},"image":{"@id":"https:\/\/redelitoralrs.com\/#\/schema\/logo\/image\/"},"sameAs":["https:\/\/www.facebook.com\/tvlitoralrsoficial","https:\/\/www.instagram.com\/tvlitoral.rs"]},{"@type":"Person","@id":"https:\/\/redelitoralrs.com\/#\/schema\/person\/9f8181f2a7359dd3986f05ebaf5bd68a","name":"Reda\u00e7\u00e3o TV Litoral","image":{"@type":"ImageObject","inLanguage":"pt-BR","@id":"https:\/\/redelitoralrs.com\/wp-content\/litespeed\/avatar\/779aafbb45e66c7f82733e21abb48259.jpg?ver=1777561602","url":"https:\/\/redelitoralrs.com\/wp-content\/litespeed\/avatar\/779aafbb45e66c7f82733e21abb48259.jpg?ver=1777561602","contentUrl":"https:\/\/redelitoralrs.com\/wp-content\/litespeed\/avatar\/779aafbb45e66c7f82733e21abb48259.jpg?ver=1777561602","caption":"Reda\u00e7\u00e3o TV Litoral"},"description":"A Rede Litoral de Comunica\u00e7\u00e3o \u00e9 um grupo de m\u00eddia multiplataforma do Litoral Norte do RS. Com atua\u00e7\u00e3o em TV, r\u00e1dio, portal e redes sociais, levamos informa\u00e7\u00e3o, conte\u00fado e entretenimento \u00e0 comunidade, fortalecendo a comunica\u00e7\u00e3o local e impulsionando o desenvolvimento regional. Acompanhe atrav\u00e9s de @redelitoralrs.","sameAs":["https:\/\/redelitoralrs.com","https:\/\/www.instagram.com\/redelitoralrs","https:\/\/www.youtube.com\/@redelitoralrs"],"url":"https:\/\/redelitoralrs.com\/index.php\/author\/redacaotvlitoral\/"}]}},"_links":{"self":[{"href":"https:\/\/redelitoralrs.com\/index.php\/wp-json\/wp\/v2\/posts\/4484","targetHints":{"allow":["GET"]}}],"collection":[{"href":"https:\/\/redelitoralrs.com\/index.php\/wp-json\/wp\/v2\/posts"}],"about":[{"href":"https:\/\/redelitoralrs.com\/index.php\/wp-json\/wp\/v2\/types\/post"}],"author":[{"embeddable":true,"href":"https:\/\/redelitoralrs.com\/index.php\/wp-json\/wp\/v2\/users\/2"}],"replies":[{"embeddable":true,"href":"https:\/\/redelitoralrs.com\/index.php\/wp-json\/wp\/v2\/comments?post=4484"}],"version-history":[{"count":1,"href":"https:\/\/redelitoralrs.com\/index.php\/wp-json\/wp\/v2\/posts\/4484\/revisions"}],"predecessor-version":[{"id":4486,"href":"https:\/\/redelitoralrs.com\/index.php\/wp-json\/wp\/v2\/posts\/4484\/revisions\/4486"}],"wp:featuredmedia":[{"embeddable":true,"href":"https:\/\/redelitoralrs.com\/index.php\/wp-json\/wp\/v2\/media\/4485"}],"wp:attachment":[{"href":"https:\/\/redelitoralrs.com\/index.php\/wp-json\/wp\/v2\/media?parent=4484"}],"wp:term":[{"taxonomy":"category","embeddable":true,"href":"https:\/\/redelitoralrs.com\/index.php\/wp-json\/wp\/v2\/categories?post=4484"},{"taxonomy":"post_tag","embeddable":true,"href":"https:\/\/redelitoralrs.com\/index.php\/wp-json\/wp\/v2\/tags?post=4484"}],"curies":[{"name":"wp","href":"https:\/\/api.w.org\/{rel}","templated":true}]}}