{"id":4364,"date":"2024-11-13T17:10:12","date_gmt":"2024-11-13T20:10:12","guid":{"rendered":"https:\/\/redelitoralrs.com\/?p=4364"},"modified":"2024-11-13T17:10:12","modified_gmt":"2024-11-13T20:10:12","slug":"brigada-militar-forma-164-novos-soldados-em-osorio","status":"publish","type":"post","link":"https:\/\/redelitoralrs.com\/index.php\/2024\/11\/13\/brigada-militar-forma-164-novos-soldados-em-osorio\/","title":{"rendered":"Brigada Militar forma 164 novos soldados em Os\u00f3rio"},"content":{"rendered":"\n<p>Nesta quinta-feira (14), o Gin\u00e1sio Esportivo Rut\u00edlio Kestering, em Os\u00f3rio, ser\u00e1 palco da cerim\u00f4nia de formatura de 164 novos soldados da Brigada Militar, marcando o in\u00edcio da carreira de jovens preparados para atuar em diversas cidades do Rio Grande do Sul.<\/p>\n\n\n\n<p>Com uma turma formada por 143 homens e 29 mulheres, incluindo 29 pessoas de outros estados, os novos soldados conclu\u00edram 1.630 horas de aulas intensivas. O curso abordou temas como direito penal, primeiros socorros, \u00e9tica e t\u00e9cnicas de abordagem, capacitando-os para o policiamento ostensivo, atendimento a ocorr\u00eancias e media\u00e7\u00e3o de conflitos.<\/p>\n\n\n\n<p>Durante a solenidade, os soldados receber\u00e3o suas divisas, simbolizando o fim do curso e o in\u00edcio de sua jornada na seguran\u00e7a p\u00fablica. Major PM Daniel Marobin, comandante da Escola de Forma\u00e7\u00e3o e Especializa\u00e7\u00e3o de Soldados (Esfes) de Os\u00f3rio, ressaltou que &#8220;a chegada desses novos soldados \u00e9 um refor\u00e7o significativo para a seguran\u00e7a p\u00fablica do Estado&#8221;.<\/p>\n\n\n\n<p>Na mesma data, em Porto Alegre, outros 235 soldados tamb\u00e9m se formar\u00e3o, totalizando 399 novos policiais militares para a Brigada Militar.<\/p>\n\n\n\n<p><strong>Servi\u00e7o:<\/strong><\/p>\n\n\n\n<ul class=\"wp-block-list\">\n<li><strong>O que:<\/strong> Formatura de 164 novos soldados da Esfes-Os\u00f3rio<\/li>\n\n\n\n<li><strong>Quando:<\/strong> 14 de novembro, \u00e0s 15h<\/li>\n\n\n\n<li><strong>Onde:<\/strong> Gin\u00e1sio Esportivo Rut\u00edlio Kestering, Rua da Igreja, bairro Porto Lacustre, Os\u00f3rio-RS<\/li>\n<\/ul>\n\n\n\n<p><strong>Comunica\u00e7\u00e3o Social da Esfes \u2013 Os\u00f3rio<\/strong><\/p>\n\n\n\n<figure class=\"wp-block-gallery has-nested-images columns-default is-cropped wp-block-gallery-1 is-layout-flex wp-block-gallery-is-layout-flex\">\n<figure class=\"wp-block-image size-large\"><img fetchpriority=\"high\" decoding=\"async\" width=\"1024\" height=\"682\" data-id=\"4371\" src=\"https:\/\/redelitoralrs.com\/wp-content\/uploads\/2024\/11\/Imagem-do-WhatsApp-de-2024-11-13-as-15.19.47_dad83233-1024x682.jpg\" alt=\"\" class=\"wp-image-4371\" srcset=\"https:\/\/redelitoralrs.com\/wp-content\/uploads\/2024\/11\/Imagem-do-WhatsApp-de-2024-11-13-as-15.19.47_dad83233-1024x682.jpg 1024w, https:\/\/redelitoralrs.com\/wp-content\/uploads\/2024\/11\/Imagem-do-WhatsApp-de-2024-11-13-as-15.19.47_dad83233-300x200.jpg 300w, https:\/\/redelitoralrs.com\/wp-content\/uploads\/2024\/11\/Imagem-do-WhatsApp-de-2024-11-13-as-15.19.47_dad83233-768x512.jpg 768w, https:\/\/redelitoralrs.com\/wp-content\/uploads\/2024\/11\/Imagem-do-WhatsApp-de-2024-11-13-as-15.19.47_dad83233-1536x1024.jpg 1536w, https:\/\/redelitoralrs.com\/wp-content\/uploads\/2024\/11\/Imagem-do-WhatsApp-de-2024-11-13-as-15.19.47_dad83233-2048x1365.jpg 2048w\" sizes=\"(max-width: 1024px) 100vw, 1024px\" \/><\/figure>\n\n\n\n<figure class=\"wp-block-image size-large\"><img decoding=\"async\" width=\"1024\" height=\"768\" data-id=\"4369\" src=\"https:\/\/redelitoralrs.com\/wp-content\/uploads\/2024\/11\/Imagem-do-WhatsApp-de-2024-11-13-as-15.19.48_b4474b60-1024x768.jpg\" alt=\"\" class=\"wp-image-4369\" srcset=\"https:\/\/redelitoralrs.com\/wp-content\/uploads\/2024\/11\/Imagem-do-WhatsApp-de-2024-11-13-as-15.19.48_b4474b60-1024x768.jpg 1024w, https:\/\/redelitoralrs.com\/wp-content\/uploads\/2024\/11\/Imagem-do-WhatsApp-de-2024-11-13-as-15.19.48_b4474b60-300x225.jpg 300w, https:\/\/redelitoralrs.com\/wp-content\/uploads\/2024\/11\/Imagem-do-WhatsApp-de-2024-11-13-as-15.19.48_b4474b60-768x576.jpg 768w, https:\/\/redelitoralrs.com\/wp-content\/uploads\/2024\/11\/Imagem-do-WhatsApp-de-2024-11-13-as-15.19.48_b4474b60-1536x1152.jpg 1536w, https:\/\/redelitoralrs.com\/wp-content\/uploads\/2024\/11\/Imagem-do-WhatsApp-de-2024-11-13-as-15.19.48_b4474b60-2048x1536.jpg 2048w\" sizes=\"(max-width: 1024px) 100vw, 1024px\" \/><\/figure>\n\n\n\n<figure class=\"wp-block-image size-large\"><img decoding=\"async\" width=\"1024\" height=\"682\" data-id=\"4366\" src=\"https:\/\/redelitoralrs.com\/wp-content\/uploads\/2024\/11\/Imagem-do-WhatsApp-de-2024-11-13-as-15.19.46_98daf33f-1024x682.jpg\" alt=\"\" class=\"wp-image-4366\" srcset=\"https:\/\/redelitoralrs.com\/wp-content\/uploads\/2024\/11\/Imagem-do-WhatsApp-de-2024-11-13-as-15.19.46_98daf33f-1024x682.jpg 1024w, https:\/\/redelitoralrs.com\/wp-content\/uploads\/2024\/11\/Imagem-do-WhatsApp-de-2024-11-13-as-15.19.46_98daf33f-300x200.jpg 300w, https:\/\/redelitoralrs.com\/wp-content\/uploads\/2024\/11\/Imagem-do-WhatsApp-de-2024-11-13-as-15.19.46_98daf33f-768x512.jpg 768w, https:\/\/redelitoralrs.com\/wp-content\/uploads\/2024\/11\/Imagem-do-WhatsApp-de-2024-11-13-as-15.19.46_98daf33f-1536x1023.jpg 1536w, https:\/\/redelitoralrs.com\/wp-content\/uploads\/2024\/11\/Imagem-do-WhatsApp-de-2024-11-13-as-15.19.46_98daf33f.jpg 1600w\" sizes=\"(max-width: 1024px) 100vw, 1024px\" \/><\/figure>\n\n\n\n<figure class=\"wp-block-image size-large\"><img loading=\"lazy\" decoding=\"async\" width=\"1024\" height=\"659\" data-id=\"4370\" src=\"https:\/\/redelitoralrs.com\/wp-content\/uploads\/2024\/11\/Imagem-do-WhatsApp-de-2024-11-13-as-15.19.46_ed5c03ce-1024x659.jpg\" alt=\"\" class=\"wp-image-4370\" srcset=\"https:\/\/redelitoralrs.com\/wp-content\/uploads\/2024\/11\/Imagem-do-WhatsApp-de-2024-11-13-as-15.19.46_ed5c03ce-1024x659.jpg 1024w, https:\/\/redelitoralrs.com\/wp-content\/uploads\/2024\/11\/Imagem-do-WhatsApp-de-2024-11-13-as-15.19.46_ed5c03ce-300x193.jpg 300w, https:\/\/redelitoralrs.com\/wp-content\/uploads\/2024\/11\/Imagem-do-WhatsApp-de-2024-11-13-as-15.19.46_ed5c03ce-768x495.jpg 768w, https:\/\/redelitoralrs.com\/wp-content\/uploads\/2024\/11\/Imagem-do-WhatsApp-de-2024-11-13-as-15.19.46_ed5c03ce-1536x989.jpg 1536w, https:\/\/redelitoralrs.com\/wp-content\/uploads\/2024\/11\/Imagem-do-WhatsApp-de-2024-11-13-as-15.19.46_ed5c03ce-2048x1319.jpg 2048w\" sizes=\"(max-width: 1024px) 100vw, 1024px\" \/><\/figure>\n\n\n\n<figure class=\"wp-block-image size-large\"><img loading=\"lazy\" decoding=\"async\" width=\"1024\" height=\"576\" data-id=\"4368\" src=\"https:\/\/redelitoralrs.com\/wp-content\/uploads\/2024\/11\/Imagem-do-WhatsApp-de-2024-11-13-as-15.19.47_494d688d-1-1024x576.jpg\" alt=\"\" class=\"wp-image-4368\" srcset=\"https:\/\/redelitoralrs.com\/wp-content\/uploads\/2024\/11\/Imagem-do-WhatsApp-de-2024-11-13-as-15.19.47_494d688d-1-1024x576.jpg 1024w, https:\/\/redelitoralrs.com\/wp-content\/uploads\/2024\/11\/Imagem-do-WhatsApp-de-2024-11-13-as-15.19.47_494d688d-1-300x169.jpg 300w, https:\/\/redelitoralrs.com\/wp-content\/uploads\/2024\/11\/Imagem-do-WhatsApp-de-2024-11-13-as-15.19.47_494d688d-1-768x432.jpg 768w, https:\/\/redelitoralrs.com\/wp-content\/uploads\/2024\/11\/Imagem-do-WhatsApp-de-2024-11-13-as-15.19.47_494d688d-1-1536x864.jpg 1536w, https:\/\/redelitoralrs.com\/wp-content\/uploads\/2024\/11\/Imagem-do-WhatsApp-de-2024-11-13-as-15.19.47_494d688d-1-2048x1152.jpg 2048w\" sizes=\"(max-width: 1024px) 100vw, 1024px\" \/><\/figure>\n\n\n\n<figure class=\"wp-block-image size-large\"><img loading=\"lazy\" decoding=\"async\" width=\"1024\" height=\"576\" data-id=\"4367\" src=\"https:\/\/redelitoralrs.com\/wp-content\/uploads\/2024\/11\/Imagem-do-WhatsApp-de-2024-11-13-as-15.19.47_8418f0ec-1024x576.jpg\" alt=\"\" class=\"wp-image-4367\" srcset=\"https:\/\/redelitoralrs.com\/wp-content\/uploads\/2024\/11\/Imagem-do-WhatsApp-de-2024-11-13-as-15.19.47_8418f0ec-1024x576.jpg 1024w, https:\/\/redelitoralrs.com\/wp-content\/uploads\/2024\/11\/Imagem-do-WhatsApp-de-2024-11-13-as-15.19.47_8418f0ec-300x169.jpg 300w, https:\/\/redelitoralrs.com\/wp-content\/uploads\/2024\/11\/Imagem-do-WhatsApp-de-2024-11-13-as-15.19.47_8418f0ec-768x432.jpg 768w, https:\/\/redelitoralrs.com\/wp-content\/uploads\/2024\/11\/Imagem-do-WhatsApp-de-2024-11-13-as-15.19.47_8418f0ec-1536x864.jpg 1536w, https:\/\/redelitoralrs.com\/wp-content\/uploads\/2024\/11\/Imagem-do-WhatsApp-de-2024-11-13-as-15.19.47_8418f0ec.jpg 1600w\" sizes=\"(max-width: 1024px) 100vw, 1024px\" \/><\/figure>\n<\/figure>\n\n\n\n<p><em>Laura Pires Haendchen<\/em><\/p>\n","protected":false},"excerpt":{"rendered":"<p>Nesta quinta-feira (14), o Gin\u00e1sio Esportivo Rut\u00edlio Kestering, em Os\u00f3rio, ser\u00e1 palco da cerim\u00f4nia de formatura de 164 novos soldados da Brigada Militar, marcando o in\u00edcio da carreira de jovens preparados para atuar em diversas cidades do Rio Grande do Sul. Com uma turma formada por 143 homens e 29 mulheres, incluindo 29 pessoas de [&hellip;]<\/p>\n","protected":false},"author":2,"featured_media":4365,"comment_status":"open","ping_status":"open","sticky":false,"template":"","format":"standard","meta":{"_themeisle_gutenberg_block_has_review":false,"footnotes":""},"categories":[172,98,15],"tags":[],"class_list":["post-4364","post","type-post","status-publish","format-standard","has-post-thumbnail","hentry","category-osorio","category-policia","category-noticias"],"yoast_head":"<!-- This site is optimized with the Yoast SEO plugin v27.4 - https:\/\/yoast.com\/product\/yoast-seo-wordpress\/ -->\n<title>Brigada Militar forma 164 novos soldados em Os\u00f3rio - Rede Litoral RS<\/title>\n<meta name=\"robots\" content=\"index, follow, max-snippet:-1, max-image-preview:large, max-video-preview:-1\" \/>\n<link rel=\"canonical\" href=\"https:\/\/redelitoralrs.com\/index.php\/2024\/11\/13\/brigada-militar-forma-164-novos-soldados-em-osorio\/\" \/>\n<meta property=\"og:locale\" content=\"pt_BR\" \/>\n<meta property=\"og:type\" content=\"article\" \/>\n<meta property=\"og:title\" content=\"Brigada Militar forma 164 novos soldados em Os\u00f3rio - Rede Litoral RS\" \/>\n<meta property=\"og:description\" content=\"Nesta quinta-feira (14), o Gin\u00e1sio Esportivo Rut\u00edlio Kestering, em Os\u00f3rio, ser\u00e1 palco da cerim\u00f4nia de formatura de 164 novos soldados da Brigada Militar, marcando o in\u00edcio da carreira de jovens preparados para atuar em diversas cidades do Rio Grande do Sul. Com uma turma formada por 143 homens e 29 mulheres, incluindo 29 pessoas de [&hellip;]\" \/>\n<meta property=\"og:url\" content=\"https:\/\/redelitoralrs.com\/index.php\/2024\/11\/13\/brigada-militar-forma-164-novos-soldados-em-osorio\/\" \/>\n<meta property=\"og:site_name\" content=\"Rede Litoral RS\" \/>\n<meta property=\"article:publisher\" content=\"https:\/\/www.facebook.com\/tvlitoralrsoficial\" \/>\n<meta property=\"article:published_time\" content=\"2024-11-13T20:10:12+00:00\" \/>\n<meta property=\"og:image\" content=\"https:\/\/redelitoralrs.com\/wp-content\/uploads\/2024\/11\/Imagem-do-WhatsApp-de-2024-11-13-as-15.19.47_494d688d.jpg\" \/>\n\t<meta property=\"og:image:width\" content=\"2560\" \/>\n\t<meta property=\"og:image:height\" content=\"1440\" \/>\n\t<meta property=\"og:image:type\" content=\"image\/jpeg\" \/>\n<meta name=\"author\" content=\"Reda\u00e7\u00e3o TV Litoral\" \/>\n<meta name=\"twitter:card\" content=\"summary_large_image\" \/>\n<meta name=\"twitter:label1\" content=\"Escrito por\" \/>\n\t<meta name=\"twitter:data1\" content=\"Reda\u00e7\u00e3o TV Litoral\" \/>\n\t<meta name=\"twitter:label2\" content=\"Est. tempo de leitura\" \/>\n\t<meta name=\"twitter:data2\" content=\"3 minutos\" \/>\n<script type=\"application\/ld+json\" class=\"yoast-schema-graph\">{\"@context\":\"https:\\\/\\\/schema.org\",\"@graph\":[{\"@type\":\"Article\",\"@id\":\"https:\\\/\\\/redelitoralrs.com\\\/index.php\\\/2024\\\/11\\\/13\\\/brigada-militar-forma-164-novos-soldados-em-osorio\\\/#article\",\"isPartOf\":{\"@id\":\"https:\\\/\\\/redelitoralrs.com\\\/index.php\\\/2024\\\/11\\\/13\\\/brigada-militar-forma-164-novos-soldados-em-osorio\\\/\"},\"author\":{\"name\":\"Reda\u00e7\u00e3o TV Litoral\",\"@id\":\"https:\\\/\\\/redelitoralrs.com\\\/#\\\/schema\\\/person\\\/9f8181f2a7359dd3986f05ebaf5bd68a\"},\"headline\":\"Brigada Militar forma 164 novos soldados em Os\u00f3rio\",\"datePublished\":\"2024-11-13T20:10:12+00:00\",\"mainEntityOfPage\":{\"@id\":\"https:\\\/\\\/redelitoralrs.com\\\/index.php\\\/2024\\\/11\\\/13\\\/brigada-militar-forma-164-novos-soldados-em-osorio\\\/\"},\"wordCount\":229,\"commentCount\":0,\"publisher\":{\"@id\":\"https:\\\/\\\/redelitoralrs.com\\\/#organization\"},\"image\":{\"@id\":\"https:\\\/\\\/redelitoralrs.com\\\/index.php\\\/2024\\\/11\\\/13\\\/brigada-militar-forma-164-novos-soldados-em-osorio\\\/#primaryimage\"},\"thumbnailUrl\":\"https:\\\/\\\/redelitoralrs.com\\\/wp-content\\\/uploads\\\/2024\\\/11\\\/Imagem-do-WhatsApp-de-2024-11-13-as-15.19.47_494d688d.jpg\",\"articleSection\":[\"Os\u00f3rio\",\"Pol\u00edcia\",\"\u00daltimas not\u00edcias\"],\"inLanguage\":\"pt-BR\",\"potentialAction\":[{\"@type\":\"CommentAction\",\"name\":\"Comment\",\"target\":[\"https:\\\/\\\/redelitoralrs.com\\\/index.php\\\/2024\\\/11\\\/13\\\/brigada-militar-forma-164-novos-soldados-em-osorio\\\/#respond\"]}]},{\"@type\":\"WebPage\",\"@id\":\"https:\\\/\\\/redelitoralrs.com\\\/index.php\\\/2024\\\/11\\\/13\\\/brigada-militar-forma-164-novos-soldados-em-osorio\\\/\",\"url\":\"https:\\\/\\\/redelitoralrs.com\\\/index.php\\\/2024\\\/11\\\/13\\\/brigada-militar-forma-164-novos-soldados-em-osorio\\\/\",\"name\":\"Brigada Militar forma 164 novos soldados em Os\u00f3rio - Rede Litoral RS\",\"isPartOf\":{\"@id\":\"https:\\\/\\\/redelitoralrs.com\\\/#website\"},\"primaryImageOfPage\":{\"@id\":\"https:\\\/\\\/redelitoralrs.com\\\/index.php\\\/2024\\\/11\\\/13\\\/brigada-militar-forma-164-novos-soldados-em-osorio\\\/#primaryimage\"},\"image\":{\"@id\":\"https:\\\/\\\/redelitoralrs.com\\\/index.php\\\/2024\\\/11\\\/13\\\/brigada-militar-forma-164-novos-soldados-em-osorio\\\/#primaryimage\"},\"thumbnailUrl\":\"https:\\\/\\\/redelitoralrs.com\\\/wp-content\\\/uploads\\\/2024\\\/11\\\/Imagem-do-WhatsApp-de-2024-11-13-as-15.19.47_494d688d.jpg\",\"datePublished\":\"2024-11-13T20:10:12+00:00\",\"breadcrumb\":{\"@id\":\"https:\\\/\\\/redelitoralrs.com\\\/index.php\\\/2024\\\/11\\\/13\\\/brigada-militar-forma-164-novos-soldados-em-osorio\\\/#breadcrumb\"},\"inLanguage\":\"pt-BR\",\"potentialAction\":[{\"@type\":\"ReadAction\",\"target\":[\"https:\\\/\\\/redelitoralrs.com\\\/index.php\\\/2024\\\/11\\\/13\\\/brigada-militar-forma-164-novos-soldados-em-osorio\\\/\"]}]},{\"@type\":\"ImageObject\",\"inLanguage\":\"pt-BR\",\"@id\":\"https:\\\/\\\/redelitoralrs.com\\\/index.php\\\/2024\\\/11\\\/13\\\/brigada-militar-forma-164-novos-soldados-em-osorio\\\/#primaryimage\",\"url\":\"https:\\\/\\\/redelitoralrs.com\\\/wp-content\\\/uploads\\\/2024\\\/11\\\/Imagem-do-WhatsApp-de-2024-11-13-as-15.19.47_494d688d.jpg\",\"contentUrl\":\"https:\\\/\\\/redelitoralrs.com\\\/wp-content\\\/uploads\\\/2024\\\/11\\\/Imagem-do-WhatsApp-de-2024-11-13-as-15.19.47_494d688d.jpg\",\"width\":2560,\"height\":1440},{\"@type\":\"BreadcrumbList\",\"@id\":\"https:\\\/\\\/redelitoralrs.com\\\/index.php\\\/2024\\\/11\\\/13\\\/brigada-militar-forma-164-novos-soldados-em-osorio\\\/#breadcrumb\",\"itemListElement\":[{\"@type\":\"ListItem\",\"position\":1,\"name\":\"In\u00edcio\",\"item\":\"https:\\\/\\\/redelitoralrs.com\\\/\"},{\"@type\":\"ListItem\",\"position\":2,\"name\":\"Brigada Militar forma 164 novos soldados em Os\u00f3rio\"}]},{\"@type\":\"WebSite\",\"@id\":\"https:\\\/\\\/redelitoralrs.com\\\/#website\",\"url\":\"https:\\\/\\\/redelitoralrs.com\\\/\",\"name\":\"TV Litoral\",\"description\":\"Acompanhe tudo do litoral ga\u00facho com a cobertura completa e atualizada da Rede Litoral RS. Nossos jornalistas trazem as \u00faltimas not\u00edcias, os acontecimentos mais quentes e as hist\u00f3rias que importam sobre nosso amado litoral.\",\"publisher\":{\"@id\":\"https:\\\/\\\/redelitoralrs.com\\\/#organization\"},\"potentialAction\":[{\"@type\":\"SearchAction\",\"target\":{\"@type\":\"EntryPoint\",\"urlTemplate\":\"https:\\\/\\\/redelitoralrs.com\\\/?s={search_term_string}\"},\"query-input\":{\"@type\":\"PropertyValueSpecification\",\"valueRequired\":true,\"valueName\":\"search_term_string\"}}],\"inLanguage\":\"pt-BR\"},{\"@type\":\"Organization\",\"@id\":\"https:\\\/\\\/redelitoralrs.com\\\/#organization\",\"name\":\"TV Litoral\",\"url\":\"https:\\\/\\\/redelitoralrs.com\\\/\",\"logo\":{\"@type\":\"ImageObject\",\"inLanguage\":\"pt-BR\",\"@id\":\"https:\\\/\\\/redelitoralrs.com\\\/#\\\/schema\\\/logo\\\/image\\\/\",\"url\":\"https:\\\/\\\/redelitoralrs.com\\\/wp-content\\\/uploads\\\/2024\\\/01\\\/faviconicon-1-1.png\",\"contentUrl\":\"https:\\\/\\\/redelitoralrs.com\\\/wp-content\\\/uploads\\\/2024\\\/01\\\/faviconicon-1-1.png\",\"width\":454,\"height\":454,\"caption\":\"TV Litoral\"},\"image\":{\"@id\":\"https:\\\/\\\/redelitoralrs.com\\\/#\\\/schema\\\/logo\\\/image\\\/\"},\"sameAs\":[\"https:\\\/\\\/www.facebook.com\\\/tvlitoralrsoficial\",\"https:\\\/\\\/www.instagram.com\\\/tvlitoral.rs\"]},{\"@type\":\"Person\",\"@id\":\"https:\\\/\\\/redelitoralrs.com\\\/#\\\/schema\\\/person\\\/9f8181f2a7359dd3986f05ebaf5bd68a\",\"name\":\"Reda\u00e7\u00e3o TV Litoral\",\"image\":{\"@type\":\"ImageObject\",\"inLanguage\":\"pt-BR\",\"@id\":\"https:\\\/\\\/redelitoralrs.com\\\/wp-content\\\/litespeed\\\/avatar\\\/779aafbb45e66c7f82733e21abb48259.jpg?ver=1777561602\",\"url\":\"https:\\\/\\\/redelitoralrs.com\\\/wp-content\\\/litespeed\\\/avatar\\\/779aafbb45e66c7f82733e21abb48259.jpg?ver=1777561602\",\"contentUrl\":\"https:\\\/\\\/redelitoralrs.com\\\/wp-content\\\/litespeed\\\/avatar\\\/779aafbb45e66c7f82733e21abb48259.jpg?ver=1777561602\",\"caption\":\"Reda\u00e7\u00e3o TV Litoral\"},\"description\":\"A Rede Litoral de Comunica\u00e7\u00e3o \u00e9 um grupo de m\u00eddia multiplataforma do Litoral Norte do RS. Com atua\u00e7\u00e3o em TV, r\u00e1dio, portal e redes sociais, levamos informa\u00e7\u00e3o, conte\u00fado e entretenimento \u00e0 comunidade, fortalecendo a comunica\u00e7\u00e3o local e impulsionando o desenvolvimento regional. Acompanhe atrav\u00e9s de @redelitoralrs.\",\"sameAs\":[\"https:\\\/\\\/redelitoralrs.com\",\"https:\\\/\\\/www.instagram.com\\\/redelitoralrs\",\"https:\\\/\\\/www.youtube.com\\\/@redelitoralrs\"],\"url\":\"https:\\\/\\\/redelitoralrs.com\\\/index.php\\\/author\\\/redacaotvlitoral\\\/\"}]}<\/script>\n<!-- \/ Yoast SEO plugin. -->","yoast_head_json":{"title":"Brigada Militar forma 164 novos soldados em Os\u00f3rio - Rede Litoral RS","robots":{"index":"index","follow":"follow","max-snippet":"max-snippet:-1","max-image-preview":"max-image-preview:large","max-video-preview":"max-video-preview:-1"},"canonical":"https:\/\/redelitoralrs.com\/index.php\/2024\/11\/13\/brigada-militar-forma-164-novos-soldados-em-osorio\/","og_locale":"pt_BR","og_type":"article","og_title":"Brigada Militar forma 164 novos soldados em Os\u00f3rio - Rede Litoral RS","og_description":"Nesta quinta-feira (14), o Gin\u00e1sio Esportivo Rut\u00edlio Kestering, em Os\u00f3rio, ser\u00e1 palco da cerim\u00f4nia de formatura de 164 novos soldados da Brigada Militar, marcando o in\u00edcio da carreira de jovens preparados para atuar em diversas cidades do Rio Grande do Sul. Com uma turma formada por 143 homens e 29 mulheres, incluindo 29 pessoas de [&hellip;]","og_url":"https:\/\/redelitoralrs.com\/index.php\/2024\/11\/13\/brigada-militar-forma-164-novos-soldados-em-osorio\/","og_site_name":"Rede Litoral RS","article_publisher":"https:\/\/www.facebook.com\/tvlitoralrsoficial","article_published_time":"2024-11-13T20:10:12+00:00","og_image":[{"width":2560,"height":1440,"url":"https:\/\/redelitoralrs.com\/wp-content\/uploads\/2024\/11\/Imagem-do-WhatsApp-de-2024-11-13-as-15.19.47_494d688d.jpg","type":"image\/jpeg"}],"author":"Reda\u00e7\u00e3o TV Litoral","twitter_card":"summary_large_image","twitter_misc":{"Escrito por":"Reda\u00e7\u00e3o TV Litoral","Est. tempo de leitura":"3 minutos"},"schema":{"@context":"https:\/\/schema.org","@graph":[{"@type":"Article","@id":"https:\/\/redelitoralrs.com\/index.php\/2024\/11\/13\/brigada-militar-forma-164-novos-soldados-em-osorio\/#article","isPartOf":{"@id":"https:\/\/redelitoralrs.com\/index.php\/2024\/11\/13\/brigada-militar-forma-164-novos-soldados-em-osorio\/"},"author":{"name":"Reda\u00e7\u00e3o TV Litoral","@id":"https:\/\/redelitoralrs.com\/#\/schema\/person\/9f8181f2a7359dd3986f05ebaf5bd68a"},"headline":"Brigada Militar forma 164 novos soldados em Os\u00f3rio","datePublished":"2024-11-13T20:10:12+00:00","mainEntityOfPage":{"@id":"https:\/\/redelitoralrs.com\/index.php\/2024\/11\/13\/brigada-militar-forma-164-novos-soldados-em-osorio\/"},"wordCount":229,"commentCount":0,"publisher":{"@id":"https:\/\/redelitoralrs.com\/#organization"},"image":{"@id":"https:\/\/redelitoralrs.com\/index.php\/2024\/11\/13\/brigada-militar-forma-164-novos-soldados-em-osorio\/#primaryimage"},"thumbnailUrl":"https:\/\/redelitoralrs.com\/wp-content\/uploads\/2024\/11\/Imagem-do-WhatsApp-de-2024-11-13-as-15.19.47_494d688d.jpg","articleSection":["Os\u00f3rio","Pol\u00edcia","\u00daltimas not\u00edcias"],"inLanguage":"pt-BR","potentialAction":[{"@type":"CommentAction","name":"Comment","target":["https:\/\/redelitoralrs.com\/index.php\/2024\/11\/13\/brigada-militar-forma-164-novos-soldados-em-osorio\/#respond"]}]},{"@type":"WebPage","@id":"https:\/\/redelitoralrs.com\/index.php\/2024\/11\/13\/brigada-militar-forma-164-novos-soldados-em-osorio\/","url":"https:\/\/redelitoralrs.com\/index.php\/2024\/11\/13\/brigada-militar-forma-164-novos-soldados-em-osorio\/","name":"Brigada Militar forma 164 novos soldados em Os\u00f3rio - Rede Litoral RS","isPartOf":{"@id":"https:\/\/redelitoralrs.com\/#website"},"primaryImageOfPage":{"@id":"https:\/\/redelitoralrs.com\/index.php\/2024\/11\/13\/brigada-militar-forma-164-novos-soldados-em-osorio\/#primaryimage"},"image":{"@id":"https:\/\/redelitoralrs.com\/index.php\/2024\/11\/13\/brigada-militar-forma-164-novos-soldados-em-osorio\/#primaryimage"},"thumbnailUrl":"https:\/\/redelitoralrs.com\/wp-content\/uploads\/2024\/11\/Imagem-do-WhatsApp-de-2024-11-13-as-15.19.47_494d688d.jpg","datePublished":"2024-11-13T20:10:12+00:00","breadcrumb":{"@id":"https:\/\/redelitoralrs.com\/index.php\/2024\/11\/13\/brigada-militar-forma-164-novos-soldados-em-osorio\/#breadcrumb"},"inLanguage":"pt-BR","potentialAction":[{"@type":"ReadAction","target":["https:\/\/redelitoralrs.com\/index.php\/2024\/11\/13\/brigada-militar-forma-164-novos-soldados-em-osorio\/"]}]},{"@type":"ImageObject","inLanguage":"pt-BR","@id":"https:\/\/redelitoralrs.com\/index.php\/2024\/11\/13\/brigada-militar-forma-164-novos-soldados-em-osorio\/#primaryimage","url":"https:\/\/redelitoralrs.com\/wp-content\/uploads\/2024\/11\/Imagem-do-WhatsApp-de-2024-11-13-as-15.19.47_494d688d.jpg","contentUrl":"https:\/\/redelitoralrs.com\/wp-content\/uploads\/2024\/11\/Imagem-do-WhatsApp-de-2024-11-13-as-15.19.47_494d688d.jpg","width":2560,"height":1440},{"@type":"BreadcrumbList","@id":"https:\/\/redelitoralrs.com\/index.php\/2024\/11\/13\/brigada-militar-forma-164-novos-soldados-em-osorio\/#breadcrumb","itemListElement":[{"@type":"ListItem","position":1,"name":"In\u00edcio","item":"https:\/\/redelitoralrs.com\/"},{"@type":"ListItem","position":2,"name":"Brigada Militar forma 164 novos soldados em Os\u00f3rio"}]},{"@type":"WebSite","@id":"https:\/\/redelitoralrs.com\/#website","url":"https:\/\/redelitoralrs.com\/","name":"TV Litoral","description":"Acompanhe tudo do litoral ga\u00facho com a cobertura completa e atualizada da Rede Litoral RS. Nossos jornalistas trazem as \u00faltimas not\u00edcias, os acontecimentos mais quentes e as hist\u00f3rias que importam sobre nosso amado litoral.","publisher":{"@id":"https:\/\/redelitoralrs.com\/#organization"},"potentialAction":[{"@type":"SearchAction","target":{"@type":"EntryPoint","urlTemplate":"https:\/\/redelitoralrs.com\/?s={search_term_string}"},"query-input":{"@type":"PropertyValueSpecification","valueRequired":true,"valueName":"search_term_string"}}],"inLanguage":"pt-BR"},{"@type":"Organization","@id":"https:\/\/redelitoralrs.com\/#organization","name":"TV Litoral","url":"https:\/\/redelitoralrs.com\/","logo":{"@type":"ImageObject","inLanguage":"pt-BR","@id":"https:\/\/redelitoralrs.com\/#\/schema\/logo\/image\/","url":"https:\/\/redelitoralrs.com\/wp-content\/uploads\/2024\/01\/faviconicon-1-1.png","contentUrl":"https:\/\/redelitoralrs.com\/wp-content\/uploads\/2024\/01\/faviconicon-1-1.png","width":454,"height":454,"caption":"TV Litoral"},"image":{"@id":"https:\/\/redelitoralrs.com\/#\/schema\/logo\/image\/"},"sameAs":["https:\/\/www.facebook.com\/tvlitoralrsoficial","https:\/\/www.instagram.com\/tvlitoral.rs"]},{"@type":"Person","@id":"https:\/\/redelitoralrs.com\/#\/schema\/person\/9f8181f2a7359dd3986f05ebaf5bd68a","name":"Reda\u00e7\u00e3o TV Litoral","image":{"@type":"ImageObject","inLanguage":"pt-BR","@id":"https:\/\/redelitoralrs.com\/wp-content\/litespeed\/avatar\/779aafbb45e66c7f82733e21abb48259.jpg?ver=1777561602","url":"https:\/\/redelitoralrs.com\/wp-content\/litespeed\/avatar\/779aafbb45e66c7f82733e21abb48259.jpg?ver=1777561602","contentUrl":"https:\/\/redelitoralrs.com\/wp-content\/litespeed\/avatar\/779aafbb45e66c7f82733e21abb48259.jpg?ver=1777561602","caption":"Reda\u00e7\u00e3o TV Litoral"},"description":"A Rede Litoral de Comunica\u00e7\u00e3o \u00e9 um grupo de m\u00eddia multiplataforma do Litoral Norte do RS. Com atua\u00e7\u00e3o em TV, r\u00e1dio, portal e redes sociais, levamos informa\u00e7\u00e3o, conte\u00fado e entretenimento \u00e0 comunidade, fortalecendo a comunica\u00e7\u00e3o local e impulsionando o desenvolvimento regional. Acompanhe atrav\u00e9s de @redelitoralrs.","sameAs":["https:\/\/redelitoralrs.com","https:\/\/www.instagram.com\/redelitoralrs","https:\/\/www.youtube.com\/@redelitoralrs"],"url":"https:\/\/redelitoralrs.com\/index.php\/author\/redacaotvlitoral\/"}]}},"_links":{"self":[{"href":"https:\/\/redelitoralrs.com\/index.php\/wp-json\/wp\/v2\/posts\/4364","targetHints":{"allow":["GET"]}}],"collection":[{"href":"https:\/\/redelitoralrs.com\/index.php\/wp-json\/wp\/v2\/posts"}],"about":[{"href":"https:\/\/redelitoralrs.com\/index.php\/wp-json\/wp\/v2\/types\/post"}],"author":[{"embeddable":true,"href":"https:\/\/redelitoralrs.com\/index.php\/wp-json\/wp\/v2\/users\/2"}],"replies":[{"embeddable":true,"href":"https:\/\/redelitoralrs.com\/index.php\/wp-json\/wp\/v2\/comments?post=4364"}],"version-history":[{"count":1,"href":"https:\/\/redelitoralrs.com\/index.php\/wp-json\/wp\/v2\/posts\/4364\/revisions"}],"predecessor-version":[{"id":4372,"href":"https:\/\/redelitoralrs.com\/index.php\/wp-json\/wp\/v2\/posts\/4364\/revisions\/4372"}],"wp:featuredmedia":[{"embeddable":true,"href":"https:\/\/redelitoralrs.com\/index.php\/wp-json\/wp\/v2\/media\/4365"}],"wp:attachment":[{"href":"https:\/\/redelitoralrs.com\/index.php\/wp-json\/wp\/v2\/media?parent=4364"}],"wp:term":[{"taxonomy":"category","embeddable":true,"href":"https:\/\/redelitoralrs.com\/index.php\/wp-json\/wp\/v2\/categories?post=4364"},{"taxonomy":"post_tag","embeddable":true,"href":"https:\/\/redelitoralrs.com\/index.php\/wp-json\/wp\/v2\/tags?post=4364"}],"curies":[{"name":"wp","href":"https:\/\/api.w.org\/{rel}","templated":true}]}}