{"id":4319,"date":"2024-11-12T16:35:57","date_gmt":"2024-11-12T19:35:57","guid":{"rendered":"https:\/\/redelitoralrs.com\/?p=4319"},"modified":"2024-11-12T16:39:30","modified_gmt":"2024-11-12T19:39:30","slug":"prefeitura-de-terra-de-areia-abre-processo-seletivo-com-46-vagas-e-salarios-de-ate-r-46-mil","status":"publish","type":"post","link":"https:\/\/redelitoralrs.com\/index.php\/2024\/11\/12\/prefeitura-de-terra-de-areia-abre-processo-seletivo-com-46-vagas-e-salarios-de-ate-r-46-mil\/","title":{"rendered":"Prefeitura de Terra de Areia Abre Processo Seletivo com 46 Vagas e Sal\u00e1rios de at\u00e9 R$ 4,6 Mil"},"content":{"rendered":"\n<p><strong>Terra de Areia (RS)<\/strong> \u2013 A <strong>Prefeitura de Terra de Areia<\/strong> publicou o <strong>edital 266\/2024<\/strong> para o <strong>Processo Seletivo Simplificado<\/strong>, visando a contrata\u00e7\u00e3o de profissionais por prazo determinado. As vagas s\u00e3o para forma\u00e7\u00e3o de cadastro reserva e est\u00e3o distribu\u00eddas em sete secretarias do munic\u00edpio, sem divulga\u00e7\u00e3o do n\u00famero exato de oportunidades.<\/p>\n\n\n\n<p>As \u00e1reas contempladas s\u00e3o: <strong>Sa\u00fade<\/strong>, <strong>Administra\u00e7\u00e3o e Planejamento<\/strong>, <strong>Obras e Tr\u00e2nsito<\/strong>, <strong>Agricultura e Meio Ambiente<\/strong>, <strong>Assist\u00eancia Social<\/strong>, <strong>Desenvolvimento Econ\u00f4mico, Turismo, Desporto e Lazer<\/strong>, e <strong>Educa\u00e7\u00e3o e Cultura<\/strong>.<\/p>\n\n\n\n<p>Os sal\u00e1rios variam de <strong>R$ 1.348,96<\/strong>, para <strong>auxiliar de servi\u00e7os gerais<\/strong> (40h semanais), at\u00e9 <strong>R$ 4.653,88<\/strong> para o cargo de <strong>enfermeiro<\/strong> (40h semanais). O processo seletivo inclui <strong>prova objetiva<\/strong> para alguns cargos, conforme detalhado no edital.<\/p>\n\n\n\n<h3 class=\"wp-block-heading\"><strong>Inscri\u00e7\u00f5es<\/strong><\/h3>\n\n\n\n<p>As <strong>inscri\u00e7\u00f5es s\u00e3o gratuitas<\/strong> e devem ser realizadas diretamente na <strong>Secretaria Municipal de Educa\u00e7\u00e3o e Cultura<\/strong>, localizada na Rua Tancredo Neves, n\u00ba 6451, centro, Terra de Areia, entre os dias <strong>12 e 14 de novembro de 2024<\/strong>. O atendimento ser\u00e1 feito no hor\u00e1rio das 08h \u00e0s 11h30min e das 13h30min \u00e0s 17h30min.<\/p>\n\n\n\n<p>Para mais informa\u00e7\u00f5es sobre os cargos e o processo seletivo, consulte o edital completo no <a href=\"https:\/\/www.terradeareia.rs.gov.br\/concurso\/cat\/5\">site oficial da Prefeitura<\/a>.<\/p>\n\n\n\n<p><em>Laura Pires Haendchen<\/em><\/p>\n","protected":false},"excerpt":{"rendered":"<p>Terra de Areia (RS) \u2013 A Prefeitura de Terra de Areia publicou o edital 266\/2024 para o Processo Seletivo Simplificado, visando a contrata\u00e7\u00e3o de profissionais por prazo determinado. As vagas s\u00e3o para forma\u00e7\u00e3o de cadastro reserva e est\u00e3o distribu\u00eddas em sete secretarias do munic\u00edpio, sem divulga\u00e7\u00e3o do n\u00famero exato de oportunidades. As \u00e1reas contempladas s\u00e3o: [&hellip;]<\/p>\n","protected":false},"author":2,"featured_media":4320,"comment_status":"open","ping_status":"open","sticky":false,"template":"","format":"standard","meta":{"_themeisle_gutenberg_block_has_review":false,"footnotes":""},"categories":[190,15],"tags":[],"class_list":["post-4319","post","type-post","status-publish","format-standard","has-post-thumbnail","hentry","category-terra-de-areia-litoral_norte","category-noticias"],"yoast_head":"<!-- This site is optimized with the Yoast SEO plugin v27.4 - https:\/\/yoast.com\/product\/yoast-seo-wordpress\/ -->\n<title>Prefeitura de Terra de Areia Abre Processo Seletivo com 46 Vagas e Sal\u00e1rios de at\u00e9 R$ 4,6 Mil - Rede Litoral RS<\/title>\n<meta name=\"robots\" content=\"index, follow, max-snippet:-1, max-image-preview:large, max-video-preview:-1\" \/>\n<link rel=\"canonical\" href=\"https:\/\/redelitoralrs.com\/index.php\/2024\/11\/12\/prefeitura-de-terra-de-areia-abre-processo-seletivo-com-46-vagas-e-salarios-de-ate-r-46-mil\/\" \/>\n<meta property=\"og:locale\" content=\"pt_BR\" \/>\n<meta property=\"og:type\" content=\"article\" \/>\n<meta property=\"og:title\" content=\"Prefeitura de Terra de Areia Abre Processo Seletivo com 46 Vagas e Sal\u00e1rios de at\u00e9 R$ 4,6 Mil - Rede Litoral RS\" \/>\n<meta property=\"og:description\" content=\"Terra de Areia (RS) \u2013 A Prefeitura de Terra de Areia publicou o edital 266\/2024 para o Processo Seletivo Simplificado, visando a contrata\u00e7\u00e3o de profissionais por prazo determinado. As vagas s\u00e3o para forma\u00e7\u00e3o de cadastro reserva e est\u00e3o distribu\u00eddas em sete secretarias do munic\u00edpio, sem divulga\u00e7\u00e3o do n\u00famero exato de oportunidades. As \u00e1reas contempladas s\u00e3o: [&hellip;]\" \/>\n<meta property=\"og:url\" content=\"https:\/\/redelitoralrs.com\/index.php\/2024\/11\/12\/prefeitura-de-terra-de-areia-abre-processo-seletivo-com-46-vagas-e-salarios-de-ate-r-46-mil\/\" \/>\n<meta property=\"og:site_name\" content=\"Rede Litoral RS\" \/>\n<meta property=\"article:publisher\" content=\"https:\/\/www.facebook.com\/tvlitoralrsoficial\" \/>\n<meta property=\"article:published_time\" content=\"2024-11-12T19:35:57+00:00\" \/>\n<meta property=\"article:modified_time\" content=\"2024-11-12T19:39:30+00:00\" \/>\n<meta property=\"og:image\" content=\"https:\/\/redelitoralrs.com\/wp-content\/uploads\/2024\/11\/fnzfn.png\" \/>\n\t<meta property=\"og:image:width\" content=\"606\" \/>\n\t<meta property=\"og:image:height\" content=\"561\" \/>\n\t<meta property=\"og:image:type\" content=\"image\/png\" \/>\n<meta name=\"author\" content=\"Reda\u00e7\u00e3o TV Litoral\" \/>\n<meta name=\"twitter:card\" content=\"summary_large_image\" \/>\n<meta name=\"twitter:label1\" content=\"Escrito por\" \/>\n\t<meta name=\"twitter:data1\" content=\"Reda\u00e7\u00e3o TV Litoral\" \/>\n\t<meta name=\"twitter:label2\" content=\"Est. tempo de leitura\" \/>\n\t<meta name=\"twitter:data2\" content=\"2 minutos\" \/>\n<script type=\"application\/ld+json\" class=\"yoast-schema-graph\">{\"@context\":\"https:\\\/\\\/schema.org\",\"@graph\":[{\"@type\":\"Article\",\"@id\":\"https:\\\/\\\/redelitoralrs.com\\\/index.php\\\/2024\\\/11\\\/12\\\/prefeitura-de-terra-de-areia-abre-processo-seletivo-com-46-vagas-e-salarios-de-ate-r-46-mil\\\/#article\",\"isPartOf\":{\"@id\":\"https:\\\/\\\/redelitoralrs.com\\\/index.php\\\/2024\\\/11\\\/12\\\/prefeitura-de-terra-de-areia-abre-processo-seletivo-com-46-vagas-e-salarios-de-ate-r-46-mil\\\/\"},\"author\":{\"name\":\"Reda\u00e7\u00e3o TV Litoral\",\"@id\":\"https:\\\/\\\/redelitoralrs.com\\\/#\\\/schema\\\/person\\\/9f8181f2a7359dd3986f05ebaf5bd68a\"},\"headline\":\"Prefeitura de Terra de Areia Abre Processo Seletivo com 46 Vagas e Sal\u00e1rios de at\u00e9 R$ 4,6 Mil\",\"datePublished\":\"2024-11-12T19:35:57+00:00\",\"dateModified\":\"2024-11-12T19:39:30+00:00\",\"mainEntityOfPage\":{\"@id\":\"https:\\\/\\\/redelitoralrs.com\\\/index.php\\\/2024\\\/11\\\/12\\\/prefeitura-de-terra-de-areia-abre-processo-seletivo-com-46-vagas-e-salarios-de-ate-r-46-mil\\\/\"},\"wordCount\":224,\"commentCount\":0,\"publisher\":{\"@id\":\"https:\\\/\\\/redelitoralrs.com\\\/#organization\"},\"image\":{\"@id\":\"https:\\\/\\\/redelitoralrs.com\\\/index.php\\\/2024\\\/11\\\/12\\\/prefeitura-de-terra-de-areia-abre-processo-seletivo-com-46-vagas-e-salarios-de-ate-r-46-mil\\\/#primaryimage\"},\"thumbnailUrl\":\"https:\\\/\\\/redelitoralrs.com\\\/wp-content\\\/uploads\\\/2024\\\/11\\\/fnzfn.png\",\"articleSection\":[\"Terra de Areia\",\"\u00daltimas not\u00edcias\"],\"inLanguage\":\"pt-BR\",\"potentialAction\":[{\"@type\":\"CommentAction\",\"name\":\"Comment\",\"target\":[\"https:\\\/\\\/redelitoralrs.com\\\/index.php\\\/2024\\\/11\\\/12\\\/prefeitura-de-terra-de-areia-abre-processo-seletivo-com-46-vagas-e-salarios-de-ate-r-46-mil\\\/#respond\"]}]},{\"@type\":\"WebPage\",\"@id\":\"https:\\\/\\\/redelitoralrs.com\\\/index.php\\\/2024\\\/11\\\/12\\\/prefeitura-de-terra-de-areia-abre-processo-seletivo-com-46-vagas-e-salarios-de-ate-r-46-mil\\\/\",\"url\":\"https:\\\/\\\/redelitoralrs.com\\\/index.php\\\/2024\\\/11\\\/12\\\/prefeitura-de-terra-de-areia-abre-processo-seletivo-com-46-vagas-e-salarios-de-ate-r-46-mil\\\/\",\"name\":\"Prefeitura de Terra de Areia Abre Processo Seletivo com 46 Vagas e Sal\u00e1rios de at\u00e9 R$ 4,6 Mil - Rede Litoral RS\",\"isPartOf\":{\"@id\":\"https:\\\/\\\/redelitoralrs.com\\\/#website\"},\"primaryImageOfPage\":{\"@id\":\"https:\\\/\\\/redelitoralrs.com\\\/index.php\\\/2024\\\/11\\\/12\\\/prefeitura-de-terra-de-areia-abre-processo-seletivo-com-46-vagas-e-salarios-de-ate-r-46-mil\\\/#primaryimage\"},\"image\":{\"@id\":\"https:\\\/\\\/redelitoralrs.com\\\/index.php\\\/2024\\\/11\\\/12\\\/prefeitura-de-terra-de-areia-abre-processo-seletivo-com-46-vagas-e-salarios-de-ate-r-46-mil\\\/#primaryimage\"},\"thumbnailUrl\":\"https:\\\/\\\/redelitoralrs.com\\\/wp-content\\\/uploads\\\/2024\\\/11\\\/fnzfn.png\",\"datePublished\":\"2024-11-12T19:35:57+00:00\",\"dateModified\":\"2024-11-12T19:39:30+00:00\",\"breadcrumb\":{\"@id\":\"https:\\\/\\\/redelitoralrs.com\\\/index.php\\\/2024\\\/11\\\/12\\\/prefeitura-de-terra-de-areia-abre-processo-seletivo-com-46-vagas-e-salarios-de-ate-r-46-mil\\\/#breadcrumb\"},\"inLanguage\":\"pt-BR\",\"potentialAction\":[{\"@type\":\"ReadAction\",\"target\":[\"https:\\\/\\\/redelitoralrs.com\\\/index.php\\\/2024\\\/11\\\/12\\\/prefeitura-de-terra-de-areia-abre-processo-seletivo-com-46-vagas-e-salarios-de-ate-r-46-mil\\\/\"]}]},{\"@type\":\"ImageObject\",\"inLanguage\":\"pt-BR\",\"@id\":\"https:\\\/\\\/redelitoralrs.com\\\/index.php\\\/2024\\\/11\\\/12\\\/prefeitura-de-terra-de-areia-abre-processo-seletivo-com-46-vagas-e-salarios-de-ate-r-46-mil\\\/#primaryimage\",\"url\":\"https:\\\/\\\/redelitoralrs.com\\\/wp-content\\\/uploads\\\/2024\\\/11\\\/fnzfn.png\",\"contentUrl\":\"https:\\\/\\\/redelitoralrs.com\\\/wp-content\\\/uploads\\\/2024\\\/11\\\/fnzfn.png\",\"width\":606,\"height\":561},{\"@type\":\"BreadcrumbList\",\"@id\":\"https:\\\/\\\/redelitoralrs.com\\\/index.php\\\/2024\\\/11\\\/12\\\/prefeitura-de-terra-de-areia-abre-processo-seletivo-com-46-vagas-e-salarios-de-ate-r-46-mil\\\/#breadcrumb\",\"itemListElement\":[{\"@type\":\"ListItem\",\"position\":1,\"name\":\"In\u00edcio\",\"item\":\"https:\\\/\\\/redelitoralrs.com\\\/\"},{\"@type\":\"ListItem\",\"position\":2,\"name\":\"Prefeitura de Terra de Areia Abre Processo Seletivo com 46 Vagas e Sal\u00e1rios de at\u00e9 R$ 4,6 Mil\"}]},{\"@type\":\"WebSite\",\"@id\":\"https:\\\/\\\/redelitoralrs.com\\\/#website\",\"url\":\"https:\\\/\\\/redelitoralrs.com\\\/\",\"name\":\"TV Litoral\",\"description\":\"Acompanhe tudo do litoral ga\u00facho com a cobertura completa e atualizada da Rede Litoral RS. Nossos jornalistas trazem as \u00faltimas not\u00edcias, os acontecimentos mais quentes e as hist\u00f3rias que importam sobre nosso amado litoral.\",\"publisher\":{\"@id\":\"https:\\\/\\\/redelitoralrs.com\\\/#organization\"},\"potentialAction\":[{\"@type\":\"SearchAction\",\"target\":{\"@type\":\"EntryPoint\",\"urlTemplate\":\"https:\\\/\\\/redelitoralrs.com\\\/?s={search_term_string}\"},\"query-input\":{\"@type\":\"PropertyValueSpecification\",\"valueRequired\":true,\"valueName\":\"search_term_string\"}}],\"inLanguage\":\"pt-BR\"},{\"@type\":\"Organization\",\"@id\":\"https:\\\/\\\/redelitoralrs.com\\\/#organization\",\"name\":\"TV Litoral\",\"url\":\"https:\\\/\\\/redelitoralrs.com\\\/\",\"logo\":{\"@type\":\"ImageObject\",\"inLanguage\":\"pt-BR\",\"@id\":\"https:\\\/\\\/redelitoralrs.com\\\/#\\\/schema\\\/logo\\\/image\\\/\",\"url\":\"https:\\\/\\\/redelitoralrs.com\\\/wp-content\\\/uploads\\\/2024\\\/01\\\/faviconicon-1-1.png\",\"contentUrl\":\"https:\\\/\\\/redelitoralrs.com\\\/wp-content\\\/uploads\\\/2024\\\/01\\\/faviconicon-1-1.png\",\"width\":454,\"height\":454,\"caption\":\"TV Litoral\"},\"image\":{\"@id\":\"https:\\\/\\\/redelitoralrs.com\\\/#\\\/schema\\\/logo\\\/image\\\/\"},\"sameAs\":[\"https:\\\/\\\/www.facebook.com\\\/tvlitoralrsoficial\",\"https:\\\/\\\/www.instagram.com\\\/tvlitoral.rs\"]},{\"@type\":\"Person\",\"@id\":\"https:\\\/\\\/redelitoralrs.com\\\/#\\\/schema\\\/person\\\/9f8181f2a7359dd3986f05ebaf5bd68a\",\"name\":\"Reda\u00e7\u00e3o TV Litoral\",\"image\":{\"@type\":\"ImageObject\",\"inLanguage\":\"pt-BR\",\"@id\":\"https:\\\/\\\/redelitoralrs.com\\\/wp-content\\\/litespeed\\\/avatar\\\/779aafbb45e66c7f82733e21abb48259.jpg?ver=1777561602\",\"url\":\"https:\\\/\\\/redelitoralrs.com\\\/wp-content\\\/litespeed\\\/avatar\\\/779aafbb45e66c7f82733e21abb48259.jpg?ver=1777561602\",\"contentUrl\":\"https:\\\/\\\/redelitoralrs.com\\\/wp-content\\\/litespeed\\\/avatar\\\/779aafbb45e66c7f82733e21abb48259.jpg?ver=1777561602\",\"caption\":\"Reda\u00e7\u00e3o TV Litoral\"},\"description\":\"A Rede Litoral de Comunica\u00e7\u00e3o \u00e9 um grupo de m\u00eddia multiplataforma do Litoral Norte do RS. Com atua\u00e7\u00e3o em TV, r\u00e1dio, portal e redes sociais, levamos informa\u00e7\u00e3o, conte\u00fado e entretenimento \u00e0 comunidade, fortalecendo a comunica\u00e7\u00e3o local e impulsionando o desenvolvimento regional. Acompanhe atrav\u00e9s de @redelitoralrs.\",\"sameAs\":[\"https:\\\/\\\/redelitoralrs.com\",\"https:\\\/\\\/www.instagram.com\\\/redelitoralrs\",\"https:\\\/\\\/www.youtube.com\\\/@redelitoralrs\"],\"url\":\"https:\\\/\\\/redelitoralrs.com\\\/index.php\\\/author\\\/redacaotvlitoral\\\/\"}]}<\/script>\n<!-- \/ Yoast SEO plugin. -->","yoast_head_json":{"title":"Prefeitura de Terra de Areia Abre Processo Seletivo com 46 Vagas e Sal\u00e1rios de at\u00e9 R$ 4,6 Mil - Rede Litoral RS","robots":{"index":"index","follow":"follow","max-snippet":"max-snippet:-1","max-image-preview":"max-image-preview:large","max-video-preview":"max-video-preview:-1"},"canonical":"https:\/\/redelitoralrs.com\/index.php\/2024\/11\/12\/prefeitura-de-terra-de-areia-abre-processo-seletivo-com-46-vagas-e-salarios-de-ate-r-46-mil\/","og_locale":"pt_BR","og_type":"article","og_title":"Prefeitura de Terra de Areia Abre Processo Seletivo com 46 Vagas e Sal\u00e1rios de at\u00e9 R$ 4,6 Mil - Rede Litoral RS","og_description":"Terra de Areia (RS) \u2013 A Prefeitura de Terra de Areia publicou o edital 266\/2024 para o Processo Seletivo Simplificado, visando a contrata\u00e7\u00e3o de profissionais por prazo determinado. As vagas s\u00e3o para forma\u00e7\u00e3o de cadastro reserva e est\u00e3o distribu\u00eddas em sete secretarias do munic\u00edpio, sem divulga\u00e7\u00e3o do n\u00famero exato de oportunidades. As \u00e1reas contempladas s\u00e3o: [&hellip;]","og_url":"https:\/\/redelitoralrs.com\/index.php\/2024\/11\/12\/prefeitura-de-terra-de-areia-abre-processo-seletivo-com-46-vagas-e-salarios-de-ate-r-46-mil\/","og_site_name":"Rede Litoral RS","article_publisher":"https:\/\/www.facebook.com\/tvlitoralrsoficial","article_published_time":"2024-11-12T19:35:57+00:00","article_modified_time":"2024-11-12T19:39:30+00:00","og_image":[{"width":606,"height":561,"url":"https:\/\/redelitoralrs.com\/wp-content\/uploads\/2024\/11\/fnzfn.png","type":"image\/png"}],"author":"Reda\u00e7\u00e3o TV Litoral","twitter_card":"summary_large_image","twitter_misc":{"Escrito por":"Reda\u00e7\u00e3o TV Litoral","Est. tempo de leitura":"2 minutos"},"schema":{"@context":"https:\/\/schema.org","@graph":[{"@type":"Article","@id":"https:\/\/redelitoralrs.com\/index.php\/2024\/11\/12\/prefeitura-de-terra-de-areia-abre-processo-seletivo-com-46-vagas-e-salarios-de-ate-r-46-mil\/#article","isPartOf":{"@id":"https:\/\/redelitoralrs.com\/index.php\/2024\/11\/12\/prefeitura-de-terra-de-areia-abre-processo-seletivo-com-46-vagas-e-salarios-de-ate-r-46-mil\/"},"author":{"name":"Reda\u00e7\u00e3o TV Litoral","@id":"https:\/\/redelitoralrs.com\/#\/schema\/person\/9f8181f2a7359dd3986f05ebaf5bd68a"},"headline":"Prefeitura de Terra de Areia Abre Processo Seletivo com 46 Vagas e Sal\u00e1rios de at\u00e9 R$ 4,6 Mil","datePublished":"2024-11-12T19:35:57+00:00","dateModified":"2024-11-12T19:39:30+00:00","mainEntityOfPage":{"@id":"https:\/\/redelitoralrs.com\/index.php\/2024\/11\/12\/prefeitura-de-terra-de-areia-abre-processo-seletivo-com-46-vagas-e-salarios-de-ate-r-46-mil\/"},"wordCount":224,"commentCount":0,"publisher":{"@id":"https:\/\/redelitoralrs.com\/#organization"},"image":{"@id":"https:\/\/redelitoralrs.com\/index.php\/2024\/11\/12\/prefeitura-de-terra-de-areia-abre-processo-seletivo-com-46-vagas-e-salarios-de-ate-r-46-mil\/#primaryimage"},"thumbnailUrl":"https:\/\/redelitoralrs.com\/wp-content\/uploads\/2024\/11\/fnzfn.png","articleSection":["Terra de Areia","\u00daltimas not\u00edcias"],"inLanguage":"pt-BR","potentialAction":[{"@type":"CommentAction","name":"Comment","target":["https:\/\/redelitoralrs.com\/index.php\/2024\/11\/12\/prefeitura-de-terra-de-areia-abre-processo-seletivo-com-46-vagas-e-salarios-de-ate-r-46-mil\/#respond"]}]},{"@type":"WebPage","@id":"https:\/\/redelitoralrs.com\/index.php\/2024\/11\/12\/prefeitura-de-terra-de-areia-abre-processo-seletivo-com-46-vagas-e-salarios-de-ate-r-46-mil\/","url":"https:\/\/redelitoralrs.com\/index.php\/2024\/11\/12\/prefeitura-de-terra-de-areia-abre-processo-seletivo-com-46-vagas-e-salarios-de-ate-r-46-mil\/","name":"Prefeitura de Terra de Areia Abre Processo Seletivo com 46 Vagas e Sal\u00e1rios de at\u00e9 R$ 4,6 Mil - Rede Litoral RS","isPartOf":{"@id":"https:\/\/redelitoralrs.com\/#website"},"primaryImageOfPage":{"@id":"https:\/\/redelitoralrs.com\/index.php\/2024\/11\/12\/prefeitura-de-terra-de-areia-abre-processo-seletivo-com-46-vagas-e-salarios-de-ate-r-46-mil\/#primaryimage"},"image":{"@id":"https:\/\/redelitoralrs.com\/index.php\/2024\/11\/12\/prefeitura-de-terra-de-areia-abre-processo-seletivo-com-46-vagas-e-salarios-de-ate-r-46-mil\/#primaryimage"},"thumbnailUrl":"https:\/\/redelitoralrs.com\/wp-content\/uploads\/2024\/11\/fnzfn.png","datePublished":"2024-11-12T19:35:57+00:00","dateModified":"2024-11-12T19:39:30+00:00","breadcrumb":{"@id":"https:\/\/redelitoralrs.com\/index.php\/2024\/11\/12\/prefeitura-de-terra-de-areia-abre-processo-seletivo-com-46-vagas-e-salarios-de-ate-r-46-mil\/#breadcrumb"},"inLanguage":"pt-BR","potentialAction":[{"@type":"ReadAction","target":["https:\/\/redelitoralrs.com\/index.php\/2024\/11\/12\/prefeitura-de-terra-de-areia-abre-processo-seletivo-com-46-vagas-e-salarios-de-ate-r-46-mil\/"]}]},{"@type":"ImageObject","inLanguage":"pt-BR","@id":"https:\/\/redelitoralrs.com\/index.php\/2024\/11\/12\/prefeitura-de-terra-de-areia-abre-processo-seletivo-com-46-vagas-e-salarios-de-ate-r-46-mil\/#primaryimage","url":"https:\/\/redelitoralrs.com\/wp-content\/uploads\/2024\/11\/fnzfn.png","contentUrl":"https:\/\/redelitoralrs.com\/wp-content\/uploads\/2024\/11\/fnzfn.png","width":606,"height":561},{"@type":"BreadcrumbList","@id":"https:\/\/redelitoralrs.com\/index.php\/2024\/11\/12\/prefeitura-de-terra-de-areia-abre-processo-seletivo-com-46-vagas-e-salarios-de-ate-r-46-mil\/#breadcrumb","itemListElement":[{"@type":"ListItem","position":1,"name":"In\u00edcio","item":"https:\/\/redelitoralrs.com\/"},{"@type":"ListItem","position":2,"name":"Prefeitura de Terra de Areia Abre Processo Seletivo com 46 Vagas e Sal\u00e1rios de at\u00e9 R$ 4,6 Mil"}]},{"@type":"WebSite","@id":"https:\/\/redelitoralrs.com\/#website","url":"https:\/\/redelitoralrs.com\/","name":"TV Litoral","description":"Acompanhe tudo do litoral ga\u00facho com a cobertura completa e atualizada da Rede Litoral RS. Nossos jornalistas trazem as \u00faltimas not\u00edcias, os acontecimentos mais quentes e as hist\u00f3rias que importam sobre nosso amado litoral.","publisher":{"@id":"https:\/\/redelitoralrs.com\/#organization"},"potentialAction":[{"@type":"SearchAction","target":{"@type":"EntryPoint","urlTemplate":"https:\/\/redelitoralrs.com\/?s={search_term_string}"},"query-input":{"@type":"PropertyValueSpecification","valueRequired":true,"valueName":"search_term_string"}}],"inLanguage":"pt-BR"},{"@type":"Organization","@id":"https:\/\/redelitoralrs.com\/#organization","name":"TV Litoral","url":"https:\/\/redelitoralrs.com\/","logo":{"@type":"ImageObject","inLanguage":"pt-BR","@id":"https:\/\/redelitoralrs.com\/#\/schema\/logo\/image\/","url":"https:\/\/redelitoralrs.com\/wp-content\/uploads\/2024\/01\/faviconicon-1-1.png","contentUrl":"https:\/\/redelitoralrs.com\/wp-content\/uploads\/2024\/01\/faviconicon-1-1.png","width":454,"height":454,"caption":"TV Litoral"},"image":{"@id":"https:\/\/redelitoralrs.com\/#\/schema\/logo\/image\/"},"sameAs":["https:\/\/www.facebook.com\/tvlitoralrsoficial","https:\/\/www.instagram.com\/tvlitoral.rs"]},{"@type":"Person","@id":"https:\/\/redelitoralrs.com\/#\/schema\/person\/9f8181f2a7359dd3986f05ebaf5bd68a","name":"Reda\u00e7\u00e3o TV Litoral","image":{"@type":"ImageObject","inLanguage":"pt-BR","@id":"https:\/\/redelitoralrs.com\/wp-content\/litespeed\/avatar\/779aafbb45e66c7f82733e21abb48259.jpg?ver=1777561602","url":"https:\/\/redelitoralrs.com\/wp-content\/litespeed\/avatar\/779aafbb45e66c7f82733e21abb48259.jpg?ver=1777561602","contentUrl":"https:\/\/redelitoralrs.com\/wp-content\/litespeed\/avatar\/779aafbb45e66c7f82733e21abb48259.jpg?ver=1777561602","caption":"Reda\u00e7\u00e3o TV Litoral"},"description":"A Rede Litoral de Comunica\u00e7\u00e3o \u00e9 um grupo de m\u00eddia multiplataforma do Litoral Norte do RS. Com atua\u00e7\u00e3o em TV, r\u00e1dio, portal e redes sociais, levamos informa\u00e7\u00e3o, conte\u00fado e entretenimento \u00e0 comunidade, fortalecendo a comunica\u00e7\u00e3o local e impulsionando o desenvolvimento regional. Acompanhe atrav\u00e9s de @redelitoralrs.","sameAs":["https:\/\/redelitoralrs.com","https:\/\/www.instagram.com\/redelitoralrs","https:\/\/www.youtube.com\/@redelitoralrs"],"url":"https:\/\/redelitoralrs.com\/index.php\/author\/redacaotvlitoral\/"}]}},"_links":{"self":[{"href":"https:\/\/redelitoralrs.com\/index.php\/wp-json\/wp\/v2\/posts\/4319","targetHints":{"allow":["GET"]}}],"collection":[{"href":"https:\/\/redelitoralrs.com\/index.php\/wp-json\/wp\/v2\/posts"}],"about":[{"href":"https:\/\/redelitoralrs.com\/index.php\/wp-json\/wp\/v2\/types\/post"}],"author":[{"embeddable":true,"href":"https:\/\/redelitoralrs.com\/index.php\/wp-json\/wp\/v2\/users\/2"}],"replies":[{"embeddable":true,"href":"https:\/\/redelitoralrs.com\/index.php\/wp-json\/wp\/v2\/comments?post=4319"}],"version-history":[{"count":1,"href":"https:\/\/redelitoralrs.com\/index.php\/wp-json\/wp\/v2\/posts\/4319\/revisions"}],"predecessor-version":[{"id":4321,"href":"https:\/\/redelitoralrs.com\/index.php\/wp-json\/wp\/v2\/posts\/4319\/revisions\/4321"}],"wp:featuredmedia":[{"embeddable":true,"href":"https:\/\/redelitoralrs.com\/index.php\/wp-json\/wp\/v2\/media\/4320"}],"wp:attachment":[{"href":"https:\/\/redelitoralrs.com\/index.php\/wp-json\/wp\/v2\/media?parent=4319"}],"wp:term":[{"taxonomy":"category","embeddable":true,"href":"https:\/\/redelitoralrs.com\/index.php\/wp-json\/wp\/v2\/categories?post=4319"},{"taxonomy":"post_tag","embeddable":true,"href":"https:\/\/redelitoralrs.com\/index.php\/wp-json\/wp\/v2\/tags?post=4319"}],"curies":[{"name":"wp","href":"https:\/\/api.w.org\/{rel}","templated":true}]}}