{"id":4316,"date":"2024-11-12T16:21:41","date_gmt":"2024-11-12T19:21:41","guid":{"rendered":"https:\/\/redelitoralrs.com\/?p=4316"},"modified":"2024-11-12T16:21:41","modified_gmt":"2024-11-12T19:21:41","slug":"osorio-recebe-doacoes-de-alimentos-da-viu-internet","status":"publish","type":"post","link":"https:\/\/redelitoralrs.com\/index.php\/2024\/11\/12\/osorio-recebe-doacoes-de-alimentos-da-viu-internet\/","title":{"rendered":"Os\u00f3rio Recebe Doa\u00e7\u00f5es de Alimentos da Viu Internet"},"content":{"rendered":"\n<h3 class=\"wp-block-heading\">Os\u00f3rio (RS) \u2013 O Centro de Refer\u00eancia de Assist\u00eancia Social (CRAS) de Os\u00f3rio recebeu, na \u00faltima quinta-feira (07), quase meia tonelada de alimentos, doados pela Viu Internet. A entrega faz parte do projeto Instala\u00e7\u00e3o Solid\u00e1ria, uma a\u00e7\u00e3o cont\u00ednua da provedora de internet que arrecada e doa mantimentos mensalmente para institui\u00e7\u00f5es assistenciais e ONGs da regi\u00e3o.<\/h3>\n\n\n\n<p>A campanha funciona de forma simples: ao contratar a instala\u00e7\u00e3o de internet, os clientes podem participar entregando dois quilos de alimentos n\u00e3o perec\u00edveis. Em troca, recebem isen\u00e7\u00e3o da taxa de instala\u00e7\u00e3o do servi\u00e7o.<\/p>\n\n\n\n<p>O <strong>secret\u00e1rio adjunto da Assist\u00eancia Social de Os\u00f3rio<\/strong>, <strong>Alesson Santos<\/strong>, recebeu a equipe da Viu Internet e destacou a import\u00e2ncia da doa\u00e7\u00e3o para a comunidade local. &#8220;Agrade\u00e7o \u00e0 toda equipe da Viu, que nos beneficiou com a doa\u00e7\u00e3o desses alimentos. Parte ser\u00e1 destinada \u00e0 Casa da Crian\u00e7a e do Adolescente, e outra ao setor de benef\u00edcios eventuais, que apoia a popula\u00e7\u00e3o em situa\u00e7\u00e3o de vulnerabilidade&#8221;, afirmou Santos.<\/p>\n\n\n\n<p>A <strong>Viu Internet<\/strong> realiza esse projeto em todas as cidades onde atua no <strong>Litoral Norte<\/strong>, incluindo <strong>Os\u00f3rio<\/strong>, <strong>Santo Ant\u00f4nio da Patrulha<\/strong>, <strong>Tramanda\u00ed<\/strong>, <strong>Imb\u00e9<\/strong>, <strong>Xangri-L\u00e1<\/strong> e <strong>Cap\u00e3o da Canoa<\/strong>, al\u00e9m dos distritos e balne\u00e1rios dessas localidades.<\/p>\n\n\n\n<p><em>Laura Pires Haendchen<\/em><\/p>\n","protected":false},"excerpt":{"rendered":"<p>Os\u00f3rio (RS) \u2013 O Centro de Refer\u00eancia de Assist\u00eancia Social (CRAS) de Os\u00f3rio recebeu, na \u00faltima quinta-feira (07), quase meia tonelada de alimentos, doados pela Viu Internet. A entrega faz parte do projeto Instala\u00e7\u00e3o Solid\u00e1ria, uma a\u00e7\u00e3o cont\u00ednua da provedora de internet que arrecada e doa mantimentos mensalmente para institui\u00e7\u00f5es assistenciais e ONGs da regi\u00e3o. [&hellip;]<\/p>\n","protected":false},"author":2,"featured_media":4317,"comment_status":"open","ping_status":"open","sticky":false,"template":"","format":"standard","meta":{"_themeisle_gutenberg_block_has_review":false,"footnotes":""},"categories":[172,15],"tags":[103,92],"class_list":["post-4316","post","type-post","status-publish","format-standard","has-post-thumbnail","hentry","category-osorio","category-noticias","tag-litoral-norte","tag-noticia"],"yoast_head":"<!-- This site is optimized with the Yoast SEO plugin v27.4 - https:\/\/yoast.com\/product\/yoast-seo-wordpress\/ -->\n<title>Os\u00f3rio Recebe Doa\u00e7\u00f5es de Alimentos da Viu Internet - Rede Litoral RS<\/title>\n<meta name=\"robots\" content=\"index, follow, max-snippet:-1, max-image-preview:large, max-video-preview:-1\" \/>\n<link rel=\"canonical\" href=\"https:\/\/redelitoralrs.com\/index.php\/2024\/11\/12\/osorio-recebe-doacoes-de-alimentos-da-viu-internet\/\" \/>\n<meta property=\"og:locale\" content=\"pt_BR\" \/>\n<meta property=\"og:type\" content=\"article\" \/>\n<meta property=\"og:title\" content=\"Os\u00f3rio Recebe Doa\u00e7\u00f5es de Alimentos da Viu Internet - Rede Litoral RS\" \/>\n<meta property=\"og:description\" content=\"Os\u00f3rio (RS) \u2013 O Centro de Refer\u00eancia de Assist\u00eancia Social (CRAS) de Os\u00f3rio recebeu, na \u00faltima quinta-feira (07), quase meia tonelada de alimentos, doados pela Viu Internet. A entrega faz parte do projeto Instala\u00e7\u00e3o Solid\u00e1ria, uma a\u00e7\u00e3o cont\u00ednua da provedora de internet que arrecada e doa mantimentos mensalmente para institui\u00e7\u00f5es assistenciais e ONGs da regi\u00e3o. [&hellip;]\" \/>\n<meta property=\"og:url\" content=\"https:\/\/redelitoralrs.com\/index.php\/2024\/11\/12\/osorio-recebe-doacoes-de-alimentos-da-viu-internet\/\" \/>\n<meta property=\"og:site_name\" content=\"Rede Litoral RS\" \/>\n<meta property=\"article:publisher\" content=\"https:\/\/www.facebook.com\/tvlitoralrsoficial\" \/>\n<meta property=\"article:published_time\" content=\"2024-11-12T19:21:41+00:00\" \/>\n<meta property=\"og:image\" content=\"https:\/\/redelitoralrs.com\/wp-content\/uploads\/2024\/11\/rystssrhh.png\" \/>\n\t<meta property=\"og:image:width\" content=\"606\" \/>\n\t<meta property=\"og:image:height\" content=\"367\" \/>\n\t<meta property=\"og:image:type\" content=\"image\/png\" \/>\n<meta name=\"author\" content=\"Reda\u00e7\u00e3o TV Litoral\" \/>\n<meta name=\"twitter:card\" content=\"summary_large_image\" \/>\n<meta name=\"twitter:label1\" content=\"Escrito por\" \/>\n\t<meta name=\"twitter:data1\" content=\"Reda\u00e7\u00e3o TV Litoral\" \/>\n\t<meta name=\"twitter:label2\" content=\"Est. tempo de leitura\" \/>\n\t<meta name=\"twitter:data2\" content=\"2 minutos\" \/>\n<script type=\"application\/ld+json\" class=\"yoast-schema-graph\">{\"@context\":\"https:\\\/\\\/schema.org\",\"@graph\":[{\"@type\":\"Article\",\"@id\":\"https:\\\/\\\/redelitoralrs.com\\\/index.php\\\/2024\\\/11\\\/12\\\/osorio-recebe-doacoes-de-alimentos-da-viu-internet\\\/#article\",\"isPartOf\":{\"@id\":\"https:\\\/\\\/redelitoralrs.com\\\/index.php\\\/2024\\\/11\\\/12\\\/osorio-recebe-doacoes-de-alimentos-da-viu-internet\\\/\"},\"author\":{\"name\":\"Reda\u00e7\u00e3o TV Litoral\",\"@id\":\"https:\\\/\\\/redelitoralrs.com\\\/#\\\/schema\\\/person\\\/9f8181f2a7359dd3986f05ebaf5bd68a\"},\"headline\":\"Os\u00f3rio Recebe Doa\u00e7\u00f5es de Alimentos da Viu Internet\",\"datePublished\":\"2024-11-12T19:21:41+00:00\",\"mainEntityOfPage\":{\"@id\":\"https:\\\/\\\/redelitoralrs.com\\\/index.php\\\/2024\\\/11\\\/12\\\/osorio-recebe-doacoes-de-alimentos-da-viu-internet\\\/\"},\"wordCount\":231,\"commentCount\":0,\"publisher\":{\"@id\":\"https:\\\/\\\/redelitoralrs.com\\\/#organization\"},\"image\":{\"@id\":\"https:\\\/\\\/redelitoralrs.com\\\/index.php\\\/2024\\\/11\\\/12\\\/osorio-recebe-doacoes-de-alimentos-da-viu-internet\\\/#primaryimage\"},\"thumbnailUrl\":\"https:\\\/\\\/redelitoralrs.com\\\/wp-content\\\/uploads\\\/2024\\\/11\\\/rystssrhh.png\",\"keywords\":[\"litoral norte\",\"not\u00edcia\"],\"articleSection\":[\"Os\u00f3rio\",\"\u00daltimas not\u00edcias\"],\"inLanguage\":\"pt-BR\",\"potentialAction\":[{\"@type\":\"CommentAction\",\"name\":\"Comment\",\"target\":[\"https:\\\/\\\/redelitoralrs.com\\\/index.php\\\/2024\\\/11\\\/12\\\/osorio-recebe-doacoes-de-alimentos-da-viu-internet\\\/#respond\"]}]},{\"@type\":\"WebPage\",\"@id\":\"https:\\\/\\\/redelitoralrs.com\\\/index.php\\\/2024\\\/11\\\/12\\\/osorio-recebe-doacoes-de-alimentos-da-viu-internet\\\/\",\"url\":\"https:\\\/\\\/redelitoralrs.com\\\/index.php\\\/2024\\\/11\\\/12\\\/osorio-recebe-doacoes-de-alimentos-da-viu-internet\\\/\",\"name\":\"Os\u00f3rio Recebe Doa\u00e7\u00f5es de Alimentos da Viu Internet - Rede Litoral RS\",\"isPartOf\":{\"@id\":\"https:\\\/\\\/redelitoralrs.com\\\/#website\"},\"primaryImageOfPage\":{\"@id\":\"https:\\\/\\\/redelitoralrs.com\\\/index.php\\\/2024\\\/11\\\/12\\\/osorio-recebe-doacoes-de-alimentos-da-viu-internet\\\/#primaryimage\"},\"image\":{\"@id\":\"https:\\\/\\\/redelitoralrs.com\\\/index.php\\\/2024\\\/11\\\/12\\\/osorio-recebe-doacoes-de-alimentos-da-viu-internet\\\/#primaryimage\"},\"thumbnailUrl\":\"https:\\\/\\\/redelitoralrs.com\\\/wp-content\\\/uploads\\\/2024\\\/11\\\/rystssrhh.png\",\"datePublished\":\"2024-11-12T19:21:41+00:00\",\"breadcrumb\":{\"@id\":\"https:\\\/\\\/redelitoralrs.com\\\/index.php\\\/2024\\\/11\\\/12\\\/osorio-recebe-doacoes-de-alimentos-da-viu-internet\\\/#breadcrumb\"},\"inLanguage\":\"pt-BR\",\"potentialAction\":[{\"@type\":\"ReadAction\",\"target\":[\"https:\\\/\\\/redelitoralrs.com\\\/index.php\\\/2024\\\/11\\\/12\\\/osorio-recebe-doacoes-de-alimentos-da-viu-internet\\\/\"]}]},{\"@type\":\"ImageObject\",\"inLanguage\":\"pt-BR\",\"@id\":\"https:\\\/\\\/redelitoralrs.com\\\/index.php\\\/2024\\\/11\\\/12\\\/osorio-recebe-doacoes-de-alimentos-da-viu-internet\\\/#primaryimage\",\"url\":\"https:\\\/\\\/redelitoralrs.com\\\/wp-content\\\/uploads\\\/2024\\\/11\\\/rystssrhh.png\",\"contentUrl\":\"https:\\\/\\\/redelitoralrs.com\\\/wp-content\\\/uploads\\\/2024\\\/11\\\/rystssrhh.png\",\"width\":606,\"height\":367},{\"@type\":\"BreadcrumbList\",\"@id\":\"https:\\\/\\\/redelitoralrs.com\\\/index.php\\\/2024\\\/11\\\/12\\\/osorio-recebe-doacoes-de-alimentos-da-viu-internet\\\/#breadcrumb\",\"itemListElement\":[{\"@type\":\"ListItem\",\"position\":1,\"name\":\"In\u00edcio\",\"item\":\"https:\\\/\\\/redelitoralrs.com\\\/\"},{\"@type\":\"ListItem\",\"position\":2,\"name\":\"Os\u00f3rio Recebe Doa\u00e7\u00f5es de Alimentos da Viu Internet\"}]},{\"@type\":\"WebSite\",\"@id\":\"https:\\\/\\\/redelitoralrs.com\\\/#website\",\"url\":\"https:\\\/\\\/redelitoralrs.com\\\/\",\"name\":\"TV Litoral\",\"description\":\"Acompanhe tudo do litoral ga\u00facho com a cobertura completa e atualizada da Rede Litoral RS. Nossos jornalistas trazem as \u00faltimas not\u00edcias, os acontecimentos mais quentes e as hist\u00f3rias que importam sobre nosso amado litoral.\",\"publisher\":{\"@id\":\"https:\\\/\\\/redelitoralrs.com\\\/#organization\"},\"potentialAction\":[{\"@type\":\"SearchAction\",\"target\":{\"@type\":\"EntryPoint\",\"urlTemplate\":\"https:\\\/\\\/redelitoralrs.com\\\/?s={search_term_string}\"},\"query-input\":{\"@type\":\"PropertyValueSpecification\",\"valueRequired\":true,\"valueName\":\"search_term_string\"}}],\"inLanguage\":\"pt-BR\"},{\"@type\":\"Organization\",\"@id\":\"https:\\\/\\\/redelitoralrs.com\\\/#organization\",\"name\":\"TV Litoral\",\"url\":\"https:\\\/\\\/redelitoralrs.com\\\/\",\"logo\":{\"@type\":\"ImageObject\",\"inLanguage\":\"pt-BR\",\"@id\":\"https:\\\/\\\/redelitoralrs.com\\\/#\\\/schema\\\/logo\\\/image\\\/\",\"url\":\"https:\\\/\\\/redelitoralrs.com\\\/wp-content\\\/uploads\\\/2024\\\/01\\\/faviconicon-1-1.png\",\"contentUrl\":\"https:\\\/\\\/redelitoralrs.com\\\/wp-content\\\/uploads\\\/2024\\\/01\\\/faviconicon-1-1.png\",\"width\":454,\"height\":454,\"caption\":\"TV Litoral\"},\"image\":{\"@id\":\"https:\\\/\\\/redelitoralrs.com\\\/#\\\/schema\\\/logo\\\/image\\\/\"},\"sameAs\":[\"https:\\\/\\\/www.facebook.com\\\/tvlitoralrsoficial\",\"https:\\\/\\\/www.instagram.com\\\/tvlitoral.rs\"]},{\"@type\":\"Person\",\"@id\":\"https:\\\/\\\/redelitoralrs.com\\\/#\\\/schema\\\/person\\\/9f8181f2a7359dd3986f05ebaf5bd68a\",\"name\":\"Reda\u00e7\u00e3o TV Litoral\",\"image\":{\"@type\":\"ImageObject\",\"inLanguage\":\"pt-BR\",\"@id\":\"https:\\\/\\\/redelitoralrs.com\\\/wp-content\\\/litespeed\\\/avatar\\\/779aafbb45e66c7f82733e21abb48259.jpg?ver=1777561602\",\"url\":\"https:\\\/\\\/redelitoralrs.com\\\/wp-content\\\/litespeed\\\/avatar\\\/779aafbb45e66c7f82733e21abb48259.jpg?ver=1777561602\",\"contentUrl\":\"https:\\\/\\\/redelitoralrs.com\\\/wp-content\\\/litespeed\\\/avatar\\\/779aafbb45e66c7f82733e21abb48259.jpg?ver=1777561602\",\"caption\":\"Reda\u00e7\u00e3o TV Litoral\"},\"description\":\"A Rede Litoral de Comunica\u00e7\u00e3o \u00e9 um grupo de m\u00eddia multiplataforma do Litoral Norte do RS. Com atua\u00e7\u00e3o em TV, r\u00e1dio, portal e redes sociais, levamos informa\u00e7\u00e3o, conte\u00fado e entretenimento \u00e0 comunidade, fortalecendo a comunica\u00e7\u00e3o local e impulsionando o desenvolvimento regional. Acompanhe atrav\u00e9s de @redelitoralrs.\",\"sameAs\":[\"https:\\\/\\\/redelitoralrs.com\",\"https:\\\/\\\/www.instagram.com\\\/redelitoralrs\",\"https:\\\/\\\/www.youtube.com\\\/@redelitoralrs\"],\"url\":\"https:\\\/\\\/redelitoralrs.com\\\/index.php\\\/author\\\/redacaotvlitoral\\\/\"}]}<\/script>\n<!-- \/ Yoast SEO plugin. -->","yoast_head_json":{"title":"Os\u00f3rio Recebe Doa\u00e7\u00f5es de Alimentos da Viu Internet - Rede Litoral RS","robots":{"index":"index","follow":"follow","max-snippet":"max-snippet:-1","max-image-preview":"max-image-preview:large","max-video-preview":"max-video-preview:-1"},"canonical":"https:\/\/redelitoralrs.com\/index.php\/2024\/11\/12\/osorio-recebe-doacoes-de-alimentos-da-viu-internet\/","og_locale":"pt_BR","og_type":"article","og_title":"Os\u00f3rio Recebe Doa\u00e7\u00f5es de Alimentos da Viu Internet - Rede Litoral RS","og_description":"Os\u00f3rio (RS) \u2013 O Centro de Refer\u00eancia de Assist\u00eancia Social (CRAS) de Os\u00f3rio recebeu, na \u00faltima quinta-feira (07), quase meia tonelada de alimentos, doados pela Viu Internet. A entrega faz parte do projeto Instala\u00e7\u00e3o Solid\u00e1ria, uma a\u00e7\u00e3o cont\u00ednua da provedora de internet que arrecada e doa mantimentos mensalmente para institui\u00e7\u00f5es assistenciais e ONGs da regi\u00e3o. [&hellip;]","og_url":"https:\/\/redelitoralrs.com\/index.php\/2024\/11\/12\/osorio-recebe-doacoes-de-alimentos-da-viu-internet\/","og_site_name":"Rede Litoral RS","article_publisher":"https:\/\/www.facebook.com\/tvlitoralrsoficial","article_published_time":"2024-11-12T19:21:41+00:00","og_image":[{"width":606,"height":367,"url":"https:\/\/redelitoralrs.com\/wp-content\/uploads\/2024\/11\/rystssrhh.png","type":"image\/png"}],"author":"Reda\u00e7\u00e3o TV Litoral","twitter_card":"summary_large_image","twitter_misc":{"Escrito por":"Reda\u00e7\u00e3o TV Litoral","Est. tempo de leitura":"2 minutos"},"schema":{"@context":"https:\/\/schema.org","@graph":[{"@type":"Article","@id":"https:\/\/redelitoralrs.com\/index.php\/2024\/11\/12\/osorio-recebe-doacoes-de-alimentos-da-viu-internet\/#article","isPartOf":{"@id":"https:\/\/redelitoralrs.com\/index.php\/2024\/11\/12\/osorio-recebe-doacoes-de-alimentos-da-viu-internet\/"},"author":{"name":"Reda\u00e7\u00e3o TV Litoral","@id":"https:\/\/redelitoralrs.com\/#\/schema\/person\/9f8181f2a7359dd3986f05ebaf5bd68a"},"headline":"Os\u00f3rio Recebe Doa\u00e7\u00f5es de Alimentos da Viu Internet","datePublished":"2024-11-12T19:21:41+00:00","mainEntityOfPage":{"@id":"https:\/\/redelitoralrs.com\/index.php\/2024\/11\/12\/osorio-recebe-doacoes-de-alimentos-da-viu-internet\/"},"wordCount":231,"commentCount":0,"publisher":{"@id":"https:\/\/redelitoralrs.com\/#organization"},"image":{"@id":"https:\/\/redelitoralrs.com\/index.php\/2024\/11\/12\/osorio-recebe-doacoes-de-alimentos-da-viu-internet\/#primaryimage"},"thumbnailUrl":"https:\/\/redelitoralrs.com\/wp-content\/uploads\/2024\/11\/rystssrhh.png","keywords":["litoral norte","not\u00edcia"],"articleSection":["Os\u00f3rio","\u00daltimas not\u00edcias"],"inLanguage":"pt-BR","potentialAction":[{"@type":"CommentAction","name":"Comment","target":["https:\/\/redelitoralrs.com\/index.php\/2024\/11\/12\/osorio-recebe-doacoes-de-alimentos-da-viu-internet\/#respond"]}]},{"@type":"WebPage","@id":"https:\/\/redelitoralrs.com\/index.php\/2024\/11\/12\/osorio-recebe-doacoes-de-alimentos-da-viu-internet\/","url":"https:\/\/redelitoralrs.com\/index.php\/2024\/11\/12\/osorio-recebe-doacoes-de-alimentos-da-viu-internet\/","name":"Os\u00f3rio Recebe Doa\u00e7\u00f5es de Alimentos da Viu Internet - Rede Litoral RS","isPartOf":{"@id":"https:\/\/redelitoralrs.com\/#website"},"primaryImageOfPage":{"@id":"https:\/\/redelitoralrs.com\/index.php\/2024\/11\/12\/osorio-recebe-doacoes-de-alimentos-da-viu-internet\/#primaryimage"},"image":{"@id":"https:\/\/redelitoralrs.com\/index.php\/2024\/11\/12\/osorio-recebe-doacoes-de-alimentos-da-viu-internet\/#primaryimage"},"thumbnailUrl":"https:\/\/redelitoralrs.com\/wp-content\/uploads\/2024\/11\/rystssrhh.png","datePublished":"2024-11-12T19:21:41+00:00","breadcrumb":{"@id":"https:\/\/redelitoralrs.com\/index.php\/2024\/11\/12\/osorio-recebe-doacoes-de-alimentos-da-viu-internet\/#breadcrumb"},"inLanguage":"pt-BR","potentialAction":[{"@type":"ReadAction","target":["https:\/\/redelitoralrs.com\/index.php\/2024\/11\/12\/osorio-recebe-doacoes-de-alimentos-da-viu-internet\/"]}]},{"@type":"ImageObject","inLanguage":"pt-BR","@id":"https:\/\/redelitoralrs.com\/index.php\/2024\/11\/12\/osorio-recebe-doacoes-de-alimentos-da-viu-internet\/#primaryimage","url":"https:\/\/redelitoralrs.com\/wp-content\/uploads\/2024\/11\/rystssrhh.png","contentUrl":"https:\/\/redelitoralrs.com\/wp-content\/uploads\/2024\/11\/rystssrhh.png","width":606,"height":367},{"@type":"BreadcrumbList","@id":"https:\/\/redelitoralrs.com\/index.php\/2024\/11\/12\/osorio-recebe-doacoes-de-alimentos-da-viu-internet\/#breadcrumb","itemListElement":[{"@type":"ListItem","position":1,"name":"In\u00edcio","item":"https:\/\/redelitoralrs.com\/"},{"@type":"ListItem","position":2,"name":"Os\u00f3rio Recebe Doa\u00e7\u00f5es de Alimentos da Viu Internet"}]},{"@type":"WebSite","@id":"https:\/\/redelitoralrs.com\/#website","url":"https:\/\/redelitoralrs.com\/","name":"TV Litoral","description":"Acompanhe tudo do litoral ga\u00facho com a cobertura completa e atualizada da Rede Litoral RS. Nossos jornalistas trazem as \u00faltimas not\u00edcias, os acontecimentos mais quentes e as hist\u00f3rias que importam sobre nosso amado litoral.","publisher":{"@id":"https:\/\/redelitoralrs.com\/#organization"},"potentialAction":[{"@type":"SearchAction","target":{"@type":"EntryPoint","urlTemplate":"https:\/\/redelitoralrs.com\/?s={search_term_string}"},"query-input":{"@type":"PropertyValueSpecification","valueRequired":true,"valueName":"search_term_string"}}],"inLanguage":"pt-BR"},{"@type":"Organization","@id":"https:\/\/redelitoralrs.com\/#organization","name":"TV Litoral","url":"https:\/\/redelitoralrs.com\/","logo":{"@type":"ImageObject","inLanguage":"pt-BR","@id":"https:\/\/redelitoralrs.com\/#\/schema\/logo\/image\/","url":"https:\/\/redelitoralrs.com\/wp-content\/uploads\/2024\/01\/faviconicon-1-1.png","contentUrl":"https:\/\/redelitoralrs.com\/wp-content\/uploads\/2024\/01\/faviconicon-1-1.png","width":454,"height":454,"caption":"TV Litoral"},"image":{"@id":"https:\/\/redelitoralrs.com\/#\/schema\/logo\/image\/"},"sameAs":["https:\/\/www.facebook.com\/tvlitoralrsoficial","https:\/\/www.instagram.com\/tvlitoral.rs"]},{"@type":"Person","@id":"https:\/\/redelitoralrs.com\/#\/schema\/person\/9f8181f2a7359dd3986f05ebaf5bd68a","name":"Reda\u00e7\u00e3o TV Litoral","image":{"@type":"ImageObject","inLanguage":"pt-BR","@id":"https:\/\/redelitoralrs.com\/wp-content\/litespeed\/avatar\/779aafbb45e66c7f82733e21abb48259.jpg?ver=1777561602","url":"https:\/\/redelitoralrs.com\/wp-content\/litespeed\/avatar\/779aafbb45e66c7f82733e21abb48259.jpg?ver=1777561602","contentUrl":"https:\/\/redelitoralrs.com\/wp-content\/litespeed\/avatar\/779aafbb45e66c7f82733e21abb48259.jpg?ver=1777561602","caption":"Reda\u00e7\u00e3o TV Litoral"},"description":"A Rede Litoral de Comunica\u00e7\u00e3o \u00e9 um grupo de m\u00eddia multiplataforma do Litoral Norte do RS. Com atua\u00e7\u00e3o em TV, r\u00e1dio, portal e redes sociais, levamos informa\u00e7\u00e3o, conte\u00fado e entretenimento \u00e0 comunidade, fortalecendo a comunica\u00e7\u00e3o local e impulsionando o desenvolvimento regional. Acompanhe atrav\u00e9s de @redelitoralrs.","sameAs":["https:\/\/redelitoralrs.com","https:\/\/www.instagram.com\/redelitoralrs","https:\/\/www.youtube.com\/@redelitoralrs"],"url":"https:\/\/redelitoralrs.com\/index.php\/author\/redacaotvlitoral\/"}]}},"_links":{"self":[{"href":"https:\/\/redelitoralrs.com\/index.php\/wp-json\/wp\/v2\/posts\/4316","targetHints":{"allow":["GET"]}}],"collection":[{"href":"https:\/\/redelitoralrs.com\/index.php\/wp-json\/wp\/v2\/posts"}],"about":[{"href":"https:\/\/redelitoralrs.com\/index.php\/wp-json\/wp\/v2\/types\/post"}],"author":[{"embeddable":true,"href":"https:\/\/redelitoralrs.com\/index.php\/wp-json\/wp\/v2\/users\/2"}],"replies":[{"embeddable":true,"href":"https:\/\/redelitoralrs.com\/index.php\/wp-json\/wp\/v2\/comments?post=4316"}],"version-history":[{"count":1,"href":"https:\/\/redelitoralrs.com\/index.php\/wp-json\/wp\/v2\/posts\/4316\/revisions"}],"predecessor-version":[{"id":4318,"href":"https:\/\/redelitoralrs.com\/index.php\/wp-json\/wp\/v2\/posts\/4316\/revisions\/4318"}],"wp:featuredmedia":[{"embeddable":true,"href":"https:\/\/redelitoralrs.com\/index.php\/wp-json\/wp\/v2\/media\/4317"}],"wp:attachment":[{"href":"https:\/\/redelitoralrs.com\/index.php\/wp-json\/wp\/v2\/media?parent=4316"}],"wp:term":[{"taxonomy":"category","embeddable":true,"href":"https:\/\/redelitoralrs.com\/index.php\/wp-json\/wp\/v2\/categories?post=4316"},{"taxonomy":"post_tag","embeddable":true,"href":"https:\/\/redelitoralrs.com\/index.php\/wp-json\/wp\/v2\/tags?post=4316"}],"curies":[{"name":"wp","href":"https:\/\/api.w.org\/{rel}","templated":true}]}}