{"id":4238,"date":"2024-11-08T15:41:56","date_gmt":"2024-11-08T18:41:56","guid":{"rendered":"https:\/\/redelitoralrs.com\/?p=4238"},"modified":"2024-11-08T15:41:57","modified_gmt":"2024-11-08T18:41:57","slug":"possivel-ciclone-bomba-se-formara-proximo-ao-litoral-do-rs","status":"publish","type":"post","link":"https:\/\/redelitoralrs.com\/index.php\/2024\/11\/08\/possivel-ciclone-bomba-se-formara-proximo-ao-litoral-do-rs\/","title":{"rendered":"Poss\u00edvel Ciclone Bomba se Formar\u00e1 Pr\u00f3ximo ao Litoral do RS"},"content":{"rendered":"\n<p>Meteorologistas est\u00e3o monitorando de perto a forma\u00e7\u00e3o de um <strong>ciclone bomba<\/strong> no mar, pr\u00f3ximo ao Litoral Sul do Brasil, que deve se intensificar na pr\u00f3xima ter\u00e7a-feira, 12 de novembro. Esse fen\u00f4meno, caracterizado por uma queda acentuada na press\u00e3o atmosf\u00e9rica, ocorre quando a press\u00e3o no centro do sistema diminui 24 milibares ou mais em 24 horas, em um processo chamado <strong>&#8220;ciclog\u00eanese explosiva&#8221;<\/strong>.<\/p>\n\n\n\n<p>Embora o ciclone bomba esteja se formando sobre o oceano e n\u00e3o deva atingir diretamente o Brasil, a expectativa \u00e9 de que o fen\u00f4meno cause <strong>ventos fortes<\/strong> em \u00e1reas costeiras do <strong>Rio Grande do Sul<\/strong>, <strong>Santa Catarina<\/strong> e <strong>Paran\u00e1<\/strong>, afetando principalmente o litoral sul do pa\u00eds. <strong>Rajadas de vento intensas<\/strong>, com potencial para causar danos \u00e0 infraestrutura, navega\u00e7\u00e3o e atividades ao ar livre, s\u00e3o aguardadas nas regi\u00f5es afetadas.<\/p>\n\n\n\n<h3 class=\"wp-block-heading\"><strong>Previs\u00e3o e Monitoramento<\/strong><\/h3>\n\n\n\n<p>Os modelos de previs\u00e3o clim\u00e1tica, como o <strong>GFS<\/strong> (americano) e o <strong>ECMWF<\/strong> (europeu), est\u00e3o acompanhando a forma\u00e7\u00e3o do ciclone bomba. A previs\u00e3o indica que a intensifica\u00e7\u00e3o do fen\u00f4meno pode ocorrer rapidamente. Mesmo sem a presen\u00e7a de chuvas significativas no Brasil, a <strong>press\u00e3o atmosf\u00e9rica<\/strong> e os <strong>ventos intensificados<\/strong> ser\u00e3o sentidos, especialmente na <strong>faixa litor\u00e2nea<\/strong>.<\/p>\n\n\n\n<h3 class=\"wp-block-heading\"><strong>Cuidados e Orienta\u00e7\u00f5es<\/strong><\/h3>\n\n\n\n<ul class=\"wp-block-list\">\n<li><strong>Ventos fortes<\/strong> podem impactar a seguran\u00e7a de embarca\u00e7\u00f5es, atividades ao ar livre e estruturas fr\u00e1geis.<\/li>\n\n\n\n<li><strong>Ressacas e ondas fortes<\/strong> tamb\u00e9m s\u00e3o previstas, o que pode afetar a navega\u00e7\u00e3o e atividades pesqueiras.<\/li>\n\n\n\n<li>A <strong>Defesa Civil<\/strong> e as autoridades meteorol\u00f3gicas seguir\u00e3o monitorando a situa\u00e7\u00e3o e emitem alertas com mais informa\u00e7\u00f5es sobre o impacto do fen\u00f4meno nos pr\u00f3ximos dias.<\/li>\n<\/ul>\n\n\n\n<p>O acompanhamento cont\u00ednuo do fen\u00f4meno ser\u00e1 essencial para avaliar com mais precis\u00e3o o impacto das rajadas de vento e garantir a seguran\u00e7a das comunidades costeiras.<\/p>\n\n\n\n<p><em>Laura Pires Haendchen<\/em><\/p>\n","protected":false},"excerpt":{"rendered":"<p>Meteorologistas est\u00e3o monitorando de perto a forma\u00e7\u00e3o de um ciclone bomba no mar, pr\u00f3ximo ao Litoral Sul do Brasil, que deve se intensificar na pr\u00f3xima ter\u00e7a-feira, 12 de novembro. Esse fen\u00f4meno, caracterizado por uma queda acentuada na press\u00e3o atmosf\u00e9rica, ocorre quando a press\u00e3o no centro do sistema diminui 24 milibares ou mais em 24 horas, [&hellip;]<\/p>\n","protected":false},"author":2,"featured_media":4239,"comment_status":"open","ping_status":"open","sticky":false,"template":"","format":"standard","meta":{"_themeisle_gutenberg_block_has_review":false,"footnotes":""},"categories":[20,15],"tags":[103,92,128],"class_list":["post-4238","post","type-post","status-publish","format-standard","has-post-thumbnail","hentry","category-litoral_norte","category-noticias","tag-litoral-norte","tag-noticia","tag-rio-grande-do-sul"],"yoast_head":"<!-- This site is optimized with the Yoast SEO plugin v27.4 - https:\/\/yoast.com\/product\/yoast-seo-wordpress\/ -->\n<title>Poss\u00edvel Ciclone Bomba se Formar\u00e1 Pr\u00f3ximo ao Litoral do RS - Rede Litoral RS<\/title>\n<meta name=\"robots\" content=\"index, follow, max-snippet:-1, max-image-preview:large, max-video-preview:-1\" \/>\n<link rel=\"canonical\" href=\"https:\/\/redelitoralrs.com\/index.php\/2024\/11\/08\/possivel-ciclone-bomba-se-formara-proximo-ao-litoral-do-rs\/\" \/>\n<meta property=\"og:locale\" content=\"pt_BR\" \/>\n<meta property=\"og:type\" content=\"article\" \/>\n<meta property=\"og:title\" content=\"Poss\u00edvel Ciclone Bomba se Formar\u00e1 Pr\u00f3ximo ao Litoral do RS - Rede Litoral RS\" \/>\n<meta property=\"og:description\" content=\"Meteorologistas est\u00e3o monitorando de perto a forma\u00e7\u00e3o de um ciclone bomba no mar, pr\u00f3ximo ao Litoral Sul do Brasil, que deve se intensificar na pr\u00f3xima ter\u00e7a-feira, 12 de novembro. Esse fen\u00f4meno, caracterizado por uma queda acentuada na press\u00e3o atmosf\u00e9rica, ocorre quando a press\u00e3o no centro do sistema diminui 24 milibares ou mais em 24 horas, [&hellip;]\" \/>\n<meta property=\"og:url\" content=\"https:\/\/redelitoralrs.com\/index.php\/2024\/11\/08\/possivel-ciclone-bomba-se-formara-proximo-ao-litoral-do-rs\/\" \/>\n<meta property=\"og:site_name\" content=\"Rede Litoral RS\" \/>\n<meta property=\"article:publisher\" content=\"https:\/\/www.facebook.com\/tvlitoralrsoficial\" \/>\n<meta property=\"article:published_time\" content=\"2024-11-08T18:41:56+00:00\" \/>\n<meta property=\"article:modified_time\" content=\"2024-11-08T18:41:57+00:00\" \/>\n<meta property=\"og:image\" content=\"https:\/\/redelitoralrs.com\/wp-content\/uploads\/2024\/11\/WhatsApp-Image-2024-11-07-at-16.44.05.webp\" \/>\n\t<meta property=\"og:image:width\" content=\"1024\" \/>\n\t<meta property=\"og:image:height\" content=\"584\" \/>\n\t<meta property=\"og:image:type\" content=\"image\/webp\" \/>\n<meta name=\"author\" content=\"Reda\u00e7\u00e3o TV Litoral\" \/>\n<meta name=\"twitter:card\" content=\"summary_large_image\" \/>\n<meta name=\"twitter:label1\" content=\"Escrito por\" \/>\n\t<meta name=\"twitter:data1\" content=\"Reda\u00e7\u00e3o TV Litoral\" \/>\n\t<meta name=\"twitter:label2\" content=\"Est. tempo de leitura\" \/>\n\t<meta name=\"twitter:data2\" content=\"2 minutos\" \/>\n<script type=\"application\/ld+json\" class=\"yoast-schema-graph\">{\"@context\":\"https:\\\/\\\/schema.org\",\"@graph\":[{\"@type\":\"Article\",\"@id\":\"https:\\\/\\\/redelitoralrs.com\\\/index.php\\\/2024\\\/11\\\/08\\\/possivel-ciclone-bomba-se-formara-proximo-ao-litoral-do-rs\\\/#article\",\"isPartOf\":{\"@id\":\"https:\\\/\\\/redelitoralrs.com\\\/index.php\\\/2024\\\/11\\\/08\\\/possivel-ciclone-bomba-se-formara-proximo-ao-litoral-do-rs\\\/\"},\"author\":{\"name\":\"Reda\u00e7\u00e3o TV Litoral\",\"@id\":\"https:\\\/\\\/redelitoralrs.com\\\/#\\\/schema\\\/person\\\/9f8181f2a7359dd3986f05ebaf5bd68a\"},\"headline\":\"Poss\u00edvel Ciclone Bomba se Formar\u00e1 Pr\u00f3ximo ao Litoral do RS\",\"datePublished\":\"2024-11-08T18:41:56+00:00\",\"dateModified\":\"2024-11-08T18:41:57+00:00\",\"mainEntityOfPage\":{\"@id\":\"https:\\\/\\\/redelitoralrs.com\\\/index.php\\\/2024\\\/11\\\/08\\\/possivel-ciclone-bomba-se-formara-proximo-ao-litoral-do-rs\\\/\"},\"wordCount\":325,\"commentCount\":0,\"publisher\":{\"@id\":\"https:\\\/\\\/redelitoralrs.com\\\/#organization\"},\"image\":{\"@id\":\"https:\\\/\\\/redelitoralrs.com\\\/index.php\\\/2024\\\/11\\\/08\\\/possivel-ciclone-bomba-se-formara-proximo-ao-litoral-do-rs\\\/#primaryimage\"},\"thumbnailUrl\":\"https:\\\/\\\/redelitoralrs.com\\\/wp-content\\\/uploads\\\/2024\\\/11\\\/WhatsApp-Image-2024-11-07-at-16.44.05.webp\",\"keywords\":[\"litoral norte\",\"not\u00edcia\",\"rio grande do sul\"],\"articleSection\":[\"Litoral Norte\",\"\u00daltimas not\u00edcias\"],\"inLanguage\":\"pt-BR\",\"potentialAction\":[{\"@type\":\"CommentAction\",\"name\":\"Comment\",\"target\":[\"https:\\\/\\\/redelitoralrs.com\\\/index.php\\\/2024\\\/11\\\/08\\\/possivel-ciclone-bomba-se-formara-proximo-ao-litoral-do-rs\\\/#respond\"]}]},{\"@type\":\"WebPage\",\"@id\":\"https:\\\/\\\/redelitoralrs.com\\\/index.php\\\/2024\\\/11\\\/08\\\/possivel-ciclone-bomba-se-formara-proximo-ao-litoral-do-rs\\\/\",\"url\":\"https:\\\/\\\/redelitoralrs.com\\\/index.php\\\/2024\\\/11\\\/08\\\/possivel-ciclone-bomba-se-formara-proximo-ao-litoral-do-rs\\\/\",\"name\":\"Poss\u00edvel Ciclone Bomba se Formar\u00e1 Pr\u00f3ximo ao Litoral do RS - Rede Litoral RS\",\"isPartOf\":{\"@id\":\"https:\\\/\\\/redelitoralrs.com\\\/#website\"},\"primaryImageOfPage\":{\"@id\":\"https:\\\/\\\/redelitoralrs.com\\\/index.php\\\/2024\\\/11\\\/08\\\/possivel-ciclone-bomba-se-formara-proximo-ao-litoral-do-rs\\\/#primaryimage\"},\"image\":{\"@id\":\"https:\\\/\\\/redelitoralrs.com\\\/index.php\\\/2024\\\/11\\\/08\\\/possivel-ciclone-bomba-se-formara-proximo-ao-litoral-do-rs\\\/#primaryimage\"},\"thumbnailUrl\":\"https:\\\/\\\/redelitoralrs.com\\\/wp-content\\\/uploads\\\/2024\\\/11\\\/WhatsApp-Image-2024-11-07-at-16.44.05.webp\",\"datePublished\":\"2024-11-08T18:41:56+00:00\",\"dateModified\":\"2024-11-08T18:41:57+00:00\",\"breadcrumb\":{\"@id\":\"https:\\\/\\\/redelitoralrs.com\\\/index.php\\\/2024\\\/11\\\/08\\\/possivel-ciclone-bomba-se-formara-proximo-ao-litoral-do-rs\\\/#breadcrumb\"},\"inLanguage\":\"pt-BR\",\"potentialAction\":[{\"@type\":\"ReadAction\",\"target\":[\"https:\\\/\\\/redelitoralrs.com\\\/index.php\\\/2024\\\/11\\\/08\\\/possivel-ciclone-bomba-se-formara-proximo-ao-litoral-do-rs\\\/\"]}]},{\"@type\":\"ImageObject\",\"inLanguage\":\"pt-BR\",\"@id\":\"https:\\\/\\\/redelitoralrs.com\\\/index.php\\\/2024\\\/11\\\/08\\\/possivel-ciclone-bomba-se-formara-proximo-ao-litoral-do-rs\\\/#primaryimage\",\"url\":\"https:\\\/\\\/redelitoralrs.com\\\/wp-content\\\/uploads\\\/2024\\\/11\\\/WhatsApp-Image-2024-11-07-at-16.44.05.webp\",\"contentUrl\":\"https:\\\/\\\/redelitoralrs.com\\\/wp-content\\\/uploads\\\/2024\\\/11\\\/WhatsApp-Image-2024-11-07-at-16.44.05.webp\",\"width\":1024,\"height\":584},{\"@type\":\"BreadcrumbList\",\"@id\":\"https:\\\/\\\/redelitoralrs.com\\\/index.php\\\/2024\\\/11\\\/08\\\/possivel-ciclone-bomba-se-formara-proximo-ao-litoral-do-rs\\\/#breadcrumb\",\"itemListElement\":[{\"@type\":\"ListItem\",\"position\":1,\"name\":\"In\u00edcio\",\"item\":\"https:\\\/\\\/redelitoralrs.com\\\/\"},{\"@type\":\"ListItem\",\"position\":2,\"name\":\"Poss\u00edvel Ciclone Bomba se Formar\u00e1 Pr\u00f3ximo ao Litoral do RS\"}]},{\"@type\":\"WebSite\",\"@id\":\"https:\\\/\\\/redelitoralrs.com\\\/#website\",\"url\":\"https:\\\/\\\/redelitoralrs.com\\\/\",\"name\":\"TV Litoral\",\"description\":\"Acompanhe tudo do litoral ga\u00facho com a cobertura completa e atualizada da Rede Litoral RS. Nossos jornalistas trazem as \u00faltimas not\u00edcias, os acontecimentos mais quentes e as hist\u00f3rias que importam sobre nosso amado litoral.\",\"publisher\":{\"@id\":\"https:\\\/\\\/redelitoralrs.com\\\/#organization\"},\"potentialAction\":[{\"@type\":\"SearchAction\",\"target\":{\"@type\":\"EntryPoint\",\"urlTemplate\":\"https:\\\/\\\/redelitoralrs.com\\\/?s={search_term_string}\"},\"query-input\":{\"@type\":\"PropertyValueSpecification\",\"valueRequired\":true,\"valueName\":\"search_term_string\"}}],\"inLanguage\":\"pt-BR\"},{\"@type\":\"Organization\",\"@id\":\"https:\\\/\\\/redelitoralrs.com\\\/#organization\",\"name\":\"TV Litoral\",\"url\":\"https:\\\/\\\/redelitoralrs.com\\\/\",\"logo\":{\"@type\":\"ImageObject\",\"inLanguage\":\"pt-BR\",\"@id\":\"https:\\\/\\\/redelitoralrs.com\\\/#\\\/schema\\\/logo\\\/image\\\/\",\"url\":\"https:\\\/\\\/redelitoralrs.com\\\/wp-content\\\/uploads\\\/2024\\\/01\\\/faviconicon-1-1.png\",\"contentUrl\":\"https:\\\/\\\/redelitoralrs.com\\\/wp-content\\\/uploads\\\/2024\\\/01\\\/faviconicon-1-1.png\",\"width\":454,\"height\":454,\"caption\":\"TV Litoral\"},\"image\":{\"@id\":\"https:\\\/\\\/redelitoralrs.com\\\/#\\\/schema\\\/logo\\\/image\\\/\"},\"sameAs\":[\"https:\\\/\\\/www.facebook.com\\\/tvlitoralrsoficial\",\"https:\\\/\\\/www.instagram.com\\\/tvlitoral.rs\"]},{\"@type\":\"Person\",\"@id\":\"https:\\\/\\\/redelitoralrs.com\\\/#\\\/schema\\\/person\\\/9f8181f2a7359dd3986f05ebaf5bd68a\",\"name\":\"Reda\u00e7\u00e3o TV Litoral\",\"image\":{\"@type\":\"ImageObject\",\"inLanguage\":\"pt-BR\",\"@id\":\"https:\\\/\\\/redelitoralrs.com\\\/wp-content\\\/litespeed\\\/avatar\\\/779aafbb45e66c7f82733e21abb48259.jpg?ver=1777561602\",\"url\":\"https:\\\/\\\/redelitoralrs.com\\\/wp-content\\\/litespeed\\\/avatar\\\/779aafbb45e66c7f82733e21abb48259.jpg?ver=1777561602\",\"contentUrl\":\"https:\\\/\\\/redelitoralrs.com\\\/wp-content\\\/litespeed\\\/avatar\\\/779aafbb45e66c7f82733e21abb48259.jpg?ver=1777561602\",\"caption\":\"Reda\u00e7\u00e3o TV Litoral\"},\"description\":\"A Rede Litoral de Comunica\u00e7\u00e3o \u00e9 um grupo de m\u00eddia multiplataforma do Litoral Norte do RS. Com atua\u00e7\u00e3o em TV, r\u00e1dio, portal e redes sociais, levamos informa\u00e7\u00e3o, conte\u00fado e entretenimento \u00e0 comunidade, fortalecendo a comunica\u00e7\u00e3o local e impulsionando o desenvolvimento regional. Acompanhe atrav\u00e9s de @redelitoralrs.\",\"sameAs\":[\"https:\\\/\\\/redelitoralrs.com\",\"https:\\\/\\\/www.instagram.com\\\/redelitoralrs\",\"https:\\\/\\\/www.youtube.com\\\/@redelitoralrs\"],\"url\":\"https:\\\/\\\/redelitoralrs.com\\\/index.php\\\/author\\\/redacaotvlitoral\\\/\"}]}<\/script>\n<!-- \/ Yoast SEO plugin. -->","yoast_head_json":{"title":"Poss\u00edvel Ciclone Bomba se Formar\u00e1 Pr\u00f3ximo ao Litoral do RS - Rede Litoral RS","robots":{"index":"index","follow":"follow","max-snippet":"max-snippet:-1","max-image-preview":"max-image-preview:large","max-video-preview":"max-video-preview:-1"},"canonical":"https:\/\/redelitoralrs.com\/index.php\/2024\/11\/08\/possivel-ciclone-bomba-se-formara-proximo-ao-litoral-do-rs\/","og_locale":"pt_BR","og_type":"article","og_title":"Poss\u00edvel Ciclone Bomba se Formar\u00e1 Pr\u00f3ximo ao Litoral do RS - Rede Litoral RS","og_description":"Meteorologistas est\u00e3o monitorando de perto a forma\u00e7\u00e3o de um ciclone bomba no mar, pr\u00f3ximo ao Litoral Sul do Brasil, que deve se intensificar na pr\u00f3xima ter\u00e7a-feira, 12 de novembro. Esse fen\u00f4meno, caracterizado por uma queda acentuada na press\u00e3o atmosf\u00e9rica, ocorre quando a press\u00e3o no centro do sistema diminui 24 milibares ou mais em 24 horas, [&hellip;]","og_url":"https:\/\/redelitoralrs.com\/index.php\/2024\/11\/08\/possivel-ciclone-bomba-se-formara-proximo-ao-litoral-do-rs\/","og_site_name":"Rede Litoral RS","article_publisher":"https:\/\/www.facebook.com\/tvlitoralrsoficial","article_published_time":"2024-11-08T18:41:56+00:00","article_modified_time":"2024-11-08T18:41:57+00:00","og_image":[{"width":1024,"height":584,"url":"https:\/\/redelitoralrs.com\/wp-content\/uploads\/2024\/11\/WhatsApp-Image-2024-11-07-at-16.44.05.webp","type":"image\/webp"}],"author":"Reda\u00e7\u00e3o TV Litoral","twitter_card":"summary_large_image","twitter_misc":{"Escrito por":"Reda\u00e7\u00e3o TV Litoral","Est. tempo de leitura":"2 minutos"},"schema":{"@context":"https:\/\/schema.org","@graph":[{"@type":"Article","@id":"https:\/\/redelitoralrs.com\/index.php\/2024\/11\/08\/possivel-ciclone-bomba-se-formara-proximo-ao-litoral-do-rs\/#article","isPartOf":{"@id":"https:\/\/redelitoralrs.com\/index.php\/2024\/11\/08\/possivel-ciclone-bomba-se-formara-proximo-ao-litoral-do-rs\/"},"author":{"name":"Reda\u00e7\u00e3o TV Litoral","@id":"https:\/\/redelitoralrs.com\/#\/schema\/person\/9f8181f2a7359dd3986f05ebaf5bd68a"},"headline":"Poss\u00edvel Ciclone Bomba se Formar\u00e1 Pr\u00f3ximo ao Litoral do RS","datePublished":"2024-11-08T18:41:56+00:00","dateModified":"2024-11-08T18:41:57+00:00","mainEntityOfPage":{"@id":"https:\/\/redelitoralrs.com\/index.php\/2024\/11\/08\/possivel-ciclone-bomba-se-formara-proximo-ao-litoral-do-rs\/"},"wordCount":325,"commentCount":0,"publisher":{"@id":"https:\/\/redelitoralrs.com\/#organization"},"image":{"@id":"https:\/\/redelitoralrs.com\/index.php\/2024\/11\/08\/possivel-ciclone-bomba-se-formara-proximo-ao-litoral-do-rs\/#primaryimage"},"thumbnailUrl":"https:\/\/redelitoralrs.com\/wp-content\/uploads\/2024\/11\/WhatsApp-Image-2024-11-07-at-16.44.05.webp","keywords":["litoral norte","not\u00edcia","rio grande do sul"],"articleSection":["Litoral Norte","\u00daltimas not\u00edcias"],"inLanguage":"pt-BR","potentialAction":[{"@type":"CommentAction","name":"Comment","target":["https:\/\/redelitoralrs.com\/index.php\/2024\/11\/08\/possivel-ciclone-bomba-se-formara-proximo-ao-litoral-do-rs\/#respond"]}]},{"@type":"WebPage","@id":"https:\/\/redelitoralrs.com\/index.php\/2024\/11\/08\/possivel-ciclone-bomba-se-formara-proximo-ao-litoral-do-rs\/","url":"https:\/\/redelitoralrs.com\/index.php\/2024\/11\/08\/possivel-ciclone-bomba-se-formara-proximo-ao-litoral-do-rs\/","name":"Poss\u00edvel Ciclone Bomba se Formar\u00e1 Pr\u00f3ximo ao Litoral do RS - Rede Litoral RS","isPartOf":{"@id":"https:\/\/redelitoralrs.com\/#website"},"primaryImageOfPage":{"@id":"https:\/\/redelitoralrs.com\/index.php\/2024\/11\/08\/possivel-ciclone-bomba-se-formara-proximo-ao-litoral-do-rs\/#primaryimage"},"image":{"@id":"https:\/\/redelitoralrs.com\/index.php\/2024\/11\/08\/possivel-ciclone-bomba-se-formara-proximo-ao-litoral-do-rs\/#primaryimage"},"thumbnailUrl":"https:\/\/redelitoralrs.com\/wp-content\/uploads\/2024\/11\/WhatsApp-Image-2024-11-07-at-16.44.05.webp","datePublished":"2024-11-08T18:41:56+00:00","dateModified":"2024-11-08T18:41:57+00:00","breadcrumb":{"@id":"https:\/\/redelitoralrs.com\/index.php\/2024\/11\/08\/possivel-ciclone-bomba-se-formara-proximo-ao-litoral-do-rs\/#breadcrumb"},"inLanguage":"pt-BR","potentialAction":[{"@type":"ReadAction","target":["https:\/\/redelitoralrs.com\/index.php\/2024\/11\/08\/possivel-ciclone-bomba-se-formara-proximo-ao-litoral-do-rs\/"]}]},{"@type":"ImageObject","inLanguage":"pt-BR","@id":"https:\/\/redelitoralrs.com\/index.php\/2024\/11\/08\/possivel-ciclone-bomba-se-formara-proximo-ao-litoral-do-rs\/#primaryimage","url":"https:\/\/redelitoralrs.com\/wp-content\/uploads\/2024\/11\/WhatsApp-Image-2024-11-07-at-16.44.05.webp","contentUrl":"https:\/\/redelitoralrs.com\/wp-content\/uploads\/2024\/11\/WhatsApp-Image-2024-11-07-at-16.44.05.webp","width":1024,"height":584},{"@type":"BreadcrumbList","@id":"https:\/\/redelitoralrs.com\/index.php\/2024\/11\/08\/possivel-ciclone-bomba-se-formara-proximo-ao-litoral-do-rs\/#breadcrumb","itemListElement":[{"@type":"ListItem","position":1,"name":"In\u00edcio","item":"https:\/\/redelitoralrs.com\/"},{"@type":"ListItem","position":2,"name":"Poss\u00edvel Ciclone Bomba se Formar\u00e1 Pr\u00f3ximo ao Litoral do RS"}]},{"@type":"WebSite","@id":"https:\/\/redelitoralrs.com\/#website","url":"https:\/\/redelitoralrs.com\/","name":"TV Litoral","description":"Acompanhe tudo do litoral ga\u00facho com a cobertura completa e atualizada da Rede Litoral RS. Nossos jornalistas trazem as \u00faltimas not\u00edcias, os acontecimentos mais quentes e as hist\u00f3rias que importam sobre nosso amado litoral.","publisher":{"@id":"https:\/\/redelitoralrs.com\/#organization"},"potentialAction":[{"@type":"SearchAction","target":{"@type":"EntryPoint","urlTemplate":"https:\/\/redelitoralrs.com\/?s={search_term_string}"},"query-input":{"@type":"PropertyValueSpecification","valueRequired":true,"valueName":"search_term_string"}}],"inLanguage":"pt-BR"},{"@type":"Organization","@id":"https:\/\/redelitoralrs.com\/#organization","name":"TV Litoral","url":"https:\/\/redelitoralrs.com\/","logo":{"@type":"ImageObject","inLanguage":"pt-BR","@id":"https:\/\/redelitoralrs.com\/#\/schema\/logo\/image\/","url":"https:\/\/redelitoralrs.com\/wp-content\/uploads\/2024\/01\/faviconicon-1-1.png","contentUrl":"https:\/\/redelitoralrs.com\/wp-content\/uploads\/2024\/01\/faviconicon-1-1.png","width":454,"height":454,"caption":"TV Litoral"},"image":{"@id":"https:\/\/redelitoralrs.com\/#\/schema\/logo\/image\/"},"sameAs":["https:\/\/www.facebook.com\/tvlitoralrsoficial","https:\/\/www.instagram.com\/tvlitoral.rs"]},{"@type":"Person","@id":"https:\/\/redelitoralrs.com\/#\/schema\/person\/9f8181f2a7359dd3986f05ebaf5bd68a","name":"Reda\u00e7\u00e3o TV Litoral","image":{"@type":"ImageObject","inLanguage":"pt-BR","@id":"https:\/\/redelitoralrs.com\/wp-content\/litespeed\/avatar\/779aafbb45e66c7f82733e21abb48259.jpg?ver=1777561602","url":"https:\/\/redelitoralrs.com\/wp-content\/litespeed\/avatar\/779aafbb45e66c7f82733e21abb48259.jpg?ver=1777561602","contentUrl":"https:\/\/redelitoralrs.com\/wp-content\/litespeed\/avatar\/779aafbb45e66c7f82733e21abb48259.jpg?ver=1777561602","caption":"Reda\u00e7\u00e3o TV Litoral"},"description":"A Rede Litoral de Comunica\u00e7\u00e3o \u00e9 um grupo de m\u00eddia multiplataforma do Litoral Norte do RS. Com atua\u00e7\u00e3o em TV, r\u00e1dio, portal e redes sociais, levamos informa\u00e7\u00e3o, conte\u00fado e entretenimento \u00e0 comunidade, fortalecendo a comunica\u00e7\u00e3o local e impulsionando o desenvolvimento regional. Acompanhe atrav\u00e9s de @redelitoralrs.","sameAs":["https:\/\/redelitoralrs.com","https:\/\/www.instagram.com\/redelitoralrs","https:\/\/www.youtube.com\/@redelitoralrs"],"url":"https:\/\/redelitoralrs.com\/index.php\/author\/redacaotvlitoral\/"}]}},"_links":{"self":[{"href":"https:\/\/redelitoralrs.com\/index.php\/wp-json\/wp\/v2\/posts\/4238","targetHints":{"allow":["GET"]}}],"collection":[{"href":"https:\/\/redelitoralrs.com\/index.php\/wp-json\/wp\/v2\/posts"}],"about":[{"href":"https:\/\/redelitoralrs.com\/index.php\/wp-json\/wp\/v2\/types\/post"}],"author":[{"embeddable":true,"href":"https:\/\/redelitoralrs.com\/index.php\/wp-json\/wp\/v2\/users\/2"}],"replies":[{"embeddable":true,"href":"https:\/\/redelitoralrs.com\/index.php\/wp-json\/wp\/v2\/comments?post=4238"}],"version-history":[{"count":1,"href":"https:\/\/redelitoralrs.com\/index.php\/wp-json\/wp\/v2\/posts\/4238\/revisions"}],"predecessor-version":[{"id":4240,"href":"https:\/\/redelitoralrs.com\/index.php\/wp-json\/wp\/v2\/posts\/4238\/revisions\/4240"}],"wp:featuredmedia":[{"embeddable":true,"href":"https:\/\/redelitoralrs.com\/index.php\/wp-json\/wp\/v2\/media\/4239"}],"wp:attachment":[{"href":"https:\/\/redelitoralrs.com\/index.php\/wp-json\/wp\/v2\/media?parent=4238"}],"wp:term":[{"taxonomy":"category","embeddable":true,"href":"https:\/\/redelitoralrs.com\/index.php\/wp-json\/wp\/v2\/categories?post=4238"},{"taxonomy":"post_tag","embeddable":true,"href":"https:\/\/redelitoralrs.com\/index.php\/wp-json\/wp\/v2\/tags?post=4238"}],"curies":[{"name":"wp","href":"https:\/\/api.w.org\/{rel}","templated":true}]}}