{"id":4216,"date":"2024-11-07T15:37:24","date_gmt":"2024-11-07T18:37:24","guid":{"rendered":"https:\/\/redelitoralrs.com\/?p=4216"},"modified":"2024-11-07T15:37:25","modified_gmt":"2024-11-07T18:37:25","slug":"daer-inicia-remocao-de-arvores-na-ers-030-entre-tramandai-e-osorio","status":"publish","type":"post","link":"https:\/\/redelitoralrs.com\/index.php\/2024\/11\/07\/daer-inicia-remocao-de-arvores-na-ers-030-entre-tramandai-e-osorio\/","title":{"rendered":"Daer Inicia Remo\u00e7\u00e3o de \u00c1rvores na ERS-030 entre Tramanda\u00ed e Os\u00f3rio"},"content":{"rendered":"\n<p>O Departamento Aut\u00f4nomo de Estradas de Rodagem (Daer) iniciou nesta semana a remo\u00e7\u00e3o de \u00e1rvores na ERS-030, entre Tramanda\u00ed e Os\u00f3rio, com previs\u00e3o de conclus\u00e3o at\u00e9 a pr\u00f3xima semana. O trabalho est\u00e1 concentrado no canteiro central e nas margens da rodovia, com o objetivo de garantir a seguran\u00e7a dos motoristas, j\u00e1 que houve registros de acidentes, inclusive fatais, envolvendo colis\u00f5es com as \u00e1rvores.<\/p>\n\n\n\n<p>Durante a opera\u00e7\u00e3o, que ocorre entre 8h e 11h30 e de 13h a 17h30, a pista ser\u00e1 estreitada nos pontos de corte, e em alguns momentos ser\u00e1 necess\u00e1rio bloquear total e temporariamente a via por no m\u00e1ximo 10 minutos. Os bloqueios ocorrer\u00e3o em hor\u00e1rios de menor fluxo de ve\u00edculos e ser\u00e3o sinalizados pelo Comando Rodovi\u00e1rio da Brigada Militar (CRBM), que tamb\u00e9m est\u00e1 prestando apoio para garantir a seguran\u00e7a dos usu\u00e1rios.<\/p>\n\n\n\n<p>A remo\u00e7\u00e3o das \u00e1rvores deve seguir at\u00e9 quinta-feira (07) e ser\u00e1 retomada entre ter\u00e7a-feira e quinta-feira da pr\u00f3xima semana, nos dias 12, 13 e 14 de novembro.<\/p>\n\n\n\n<p><em>Laura Pires Haendchen<\/em><\/p>\n","protected":false},"excerpt":{"rendered":"<p>O Departamento Aut\u00f4nomo de Estradas de Rodagem (Daer) iniciou nesta semana a remo\u00e7\u00e3o de \u00e1rvores na ERS-030, entre Tramanda\u00ed e Os\u00f3rio, com previs\u00e3o de conclus\u00e3o at\u00e9 a pr\u00f3xima semana. O trabalho est\u00e1 concentrado no canteiro central e nas margens da rodovia, com o objetivo de garantir a seguran\u00e7a dos motoristas, j\u00e1 que houve registros de [&hellip;]<\/p>\n","protected":false},"author":1,"featured_media":4217,"comment_status":"open","ping_status":"open","sticky":false,"template":"","format":"standard","meta":{"_themeisle_gutenberg_block_has_review":false,"footnotes":""},"categories":[172,25,15],"tags":[103,92],"class_list":["post-4216","post","type-post","status-publish","format-standard","has-post-thumbnail","hentry","category-osorio","category-tramandai","category-noticias","tag-litoral-norte","tag-noticia"],"yoast_head":"<!-- This site is optimized with the Yoast SEO plugin v27.4 - https:\/\/yoast.com\/product\/yoast-seo-wordpress\/ -->\n<title>Daer Inicia Remo\u00e7\u00e3o de \u00c1rvores na ERS-030 entre Tramanda\u00ed e Os\u00f3rio - Rede Litoral RS<\/title>\n<meta name=\"robots\" content=\"index, follow, max-snippet:-1, max-image-preview:large, max-video-preview:-1\" \/>\n<link rel=\"canonical\" href=\"https:\/\/redelitoralrs.com\/index.php\/2024\/11\/07\/daer-inicia-remocao-de-arvores-na-ers-030-entre-tramandai-e-osorio\/\" \/>\n<meta property=\"og:locale\" content=\"pt_BR\" \/>\n<meta property=\"og:type\" content=\"article\" \/>\n<meta property=\"og:title\" content=\"Daer Inicia Remo\u00e7\u00e3o de \u00c1rvores na ERS-030 entre Tramanda\u00ed e Os\u00f3rio - Rede Litoral RS\" \/>\n<meta property=\"og:description\" content=\"O Departamento Aut\u00f4nomo de Estradas de Rodagem (Daer) iniciou nesta semana a remo\u00e7\u00e3o de \u00e1rvores na ERS-030, entre Tramanda\u00ed e Os\u00f3rio, com previs\u00e3o de conclus\u00e3o at\u00e9 a pr\u00f3xima semana. O trabalho est\u00e1 concentrado no canteiro central e nas margens da rodovia, com o objetivo de garantir a seguran\u00e7a dos motoristas, j\u00e1 que houve registros de [&hellip;]\" \/>\n<meta property=\"og:url\" content=\"https:\/\/redelitoralrs.com\/index.php\/2024\/11\/07\/daer-inicia-remocao-de-arvores-na-ers-030-entre-tramandai-e-osorio\/\" \/>\n<meta property=\"og:site_name\" content=\"Rede Litoral RS\" \/>\n<meta property=\"article:publisher\" content=\"https:\/\/www.facebook.com\/tvlitoralrsoficial\" \/>\n<meta property=\"article:published_time\" content=\"2024-11-07T18:37:24+00:00\" \/>\n<meta property=\"article:modified_time\" content=\"2024-11-07T18:37:25+00:00\" \/>\n<meta property=\"og:image\" content=\"https:\/\/redelitoralrs.com\/wp-content\/uploads\/2024\/11\/Sem-titulo-2.png\" \/>\n\t<meta property=\"og:image:width\" content=\"424\" \/>\n\t<meta property=\"og:image:height\" content=\"259\" \/>\n\t<meta property=\"og:image:type\" content=\"image\/png\" \/>\n<meta name=\"author\" content=\"admin\" \/>\n<meta name=\"twitter:card\" content=\"summary_large_image\" \/>\n<meta name=\"twitter:label1\" content=\"Escrito por\" \/>\n\t<meta name=\"twitter:data1\" content=\"admin\" \/>\n\t<meta name=\"twitter:label2\" content=\"Est. tempo de leitura\" \/>\n\t<meta name=\"twitter:data2\" content=\"2 minutos\" \/>\n<script type=\"application\/ld+json\" class=\"yoast-schema-graph\">{\"@context\":\"https:\\\/\\\/schema.org\",\"@graph\":[{\"@type\":\"Article\",\"@id\":\"https:\\\/\\\/redelitoralrs.com\\\/index.php\\\/2024\\\/11\\\/07\\\/daer-inicia-remocao-de-arvores-na-ers-030-entre-tramandai-e-osorio\\\/#article\",\"isPartOf\":{\"@id\":\"https:\\\/\\\/redelitoralrs.com\\\/index.php\\\/2024\\\/11\\\/07\\\/daer-inicia-remocao-de-arvores-na-ers-030-entre-tramandai-e-osorio\\\/\"},\"author\":{\"name\":\"admin\",\"@id\":\"https:\\\/\\\/redelitoralrs.com\\\/#\\\/schema\\\/person\\\/85c65b1c88846df987f1375ada408471\"},\"headline\":\"Daer Inicia Remo\u00e7\u00e3o de \u00c1rvores na ERS-030 entre Tramanda\u00ed e Os\u00f3rio\",\"datePublished\":\"2024-11-07T18:37:24+00:00\",\"dateModified\":\"2024-11-07T18:37:25+00:00\",\"mainEntityOfPage\":{\"@id\":\"https:\\\/\\\/redelitoralrs.com\\\/index.php\\\/2024\\\/11\\\/07\\\/daer-inicia-remocao-de-arvores-na-ers-030-entre-tramandai-e-osorio\\\/\"},\"wordCount\":193,\"commentCount\":0,\"publisher\":{\"@id\":\"https:\\\/\\\/redelitoralrs.com\\\/#organization\"},\"image\":{\"@id\":\"https:\\\/\\\/redelitoralrs.com\\\/index.php\\\/2024\\\/11\\\/07\\\/daer-inicia-remocao-de-arvores-na-ers-030-entre-tramandai-e-osorio\\\/#primaryimage\"},\"thumbnailUrl\":\"https:\\\/\\\/redelitoralrs.com\\\/wp-content\\\/uploads\\\/2024\\\/11\\\/Sem-titulo-2.png\",\"keywords\":[\"litoral norte\",\"not\u00edcia\"],\"articleSection\":[\"Os\u00f3rio\",\"Tramanda\u00ed\",\"\u00daltimas not\u00edcias\"],\"inLanguage\":\"pt-BR\",\"potentialAction\":[{\"@type\":\"CommentAction\",\"name\":\"Comment\",\"target\":[\"https:\\\/\\\/redelitoralrs.com\\\/index.php\\\/2024\\\/11\\\/07\\\/daer-inicia-remocao-de-arvores-na-ers-030-entre-tramandai-e-osorio\\\/#respond\"]}]},{\"@type\":\"WebPage\",\"@id\":\"https:\\\/\\\/redelitoralrs.com\\\/index.php\\\/2024\\\/11\\\/07\\\/daer-inicia-remocao-de-arvores-na-ers-030-entre-tramandai-e-osorio\\\/\",\"url\":\"https:\\\/\\\/redelitoralrs.com\\\/index.php\\\/2024\\\/11\\\/07\\\/daer-inicia-remocao-de-arvores-na-ers-030-entre-tramandai-e-osorio\\\/\",\"name\":\"Daer Inicia Remo\u00e7\u00e3o de \u00c1rvores na ERS-030 entre Tramanda\u00ed e Os\u00f3rio - Rede Litoral RS\",\"isPartOf\":{\"@id\":\"https:\\\/\\\/redelitoralrs.com\\\/#website\"},\"primaryImageOfPage\":{\"@id\":\"https:\\\/\\\/redelitoralrs.com\\\/index.php\\\/2024\\\/11\\\/07\\\/daer-inicia-remocao-de-arvores-na-ers-030-entre-tramandai-e-osorio\\\/#primaryimage\"},\"image\":{\"@id\":\"https:\\\/\\\/redelitoralrs.com\\\/index.php\\\/2024\\\/11\\\/07\\\/daer-inicia-remocao-de-arvores-na-ers-030-entre-tramandai-e-osorio\\\/#primaryimage\"},\"thumbnailUrl\":\"https:\\\/\\\/redelitoralrs.com\\\/wp-content\\\/uploads\\\/2024\\\/11\\\/Sem-titulo-2.png\",\"datePublished\":\"2024-11-07T18:37:24+00:00\",\"dateModified\":\"2024-11-07T18:37:25+00:00\",\"breadcrumb\":{\"@id\":\"https:\\\/\\\/redelitoralrs.com\\\/index.php\\\/2024\\\/11\\\/07\\\/daer-inicia-remocao-de-arvores-na-ers-030-entre-tramandai-e-osorio\\\/#breadcrumb\"},\"inLanguage\":\"pt-BR\",\"potentialAction\":[{\"@type\":\"ReadAction\",\"target\":[\"https:\\\/\\\/redelitoralrs.com\\\/index.php\\\/2024\\\/11\\\/07\\\/daer-inicia-remocao-de-arvores-na-ers-030-entre-tramandai-e-osorio\\\/\"]}]},{\"@type\":\"ImageObject\",\"inLanguage\":\"pt-BR\",\"@id\":\"https:\\\/\\\/redelitoralrs.com\\\/index.php\\\/2024\\\/11\\\/07\\\/daer-inicia-remocao-de-arvores-na-ers-030-entre-tramandai-e-osorio\\\/#primaryimage\",\"url\":\"https:\\\/\\\/redelitoralrs.com\\\/wp-content\\\/uploads\\\/2024\\\/11\\\/Sem-titulo-2.png\",\"contentUrl\":\"https:\\\/\\\/redelitoralrs.com\\\/wp-content\\\/uploads\\\/2024\\\/11\\\/Sem-titulo-2.png\",\"width\":424,\"height\":259},{\"@type\":\"BreadcrumbList\",\"@id\":\"https:\\\/\\\/redelitoralrs.com\\\/index.php\\\/2024\\\/11\\\/07\\\/daer-inicia-remocao-de-arvores-na-ers-030-entre-tramandai-e-osorio\\\/#breadcrumb\",\"itemListElement\":[{\"@type\":\"ListItem\",\"position\":1,\"name\":\"In\u00edcio\",\"item\":\"https:\\\/\\\/redelitoralrs.com\\\/\"},{\"@type\":\"ListItem\",\"position\":2,\"name\":\"Daer Inicia Remo\u00e7\u00e3o de \u00c1rvores na ERS-030 entre Tramanda\u00ed e Os\u00f3rio\"}]},{\"@type\":\"WebSite\",\"@id\":\"https:\\\/\\\/redelitoralrs.com\\\/#website\",\"url\":\"https:\\\/\\\/redelitoralrs.com\\\/\",\"name\":\"TV Litoral\",\"description\":\"Acompanhe tudo do litoral ga\u00facho com a cobertura completa e atualizada da Rede Litoral RS. Nossos jornalistas trazem as \u00faltimas not\u00edcias, os acontecimentos mais quentes e as hist\u00f3rias que importam sobre nosso amado litoral.\",\"publisher\":{\"@id\":\"https:\\\/\\\/redelitoralrs.com\\\/#organization\"},\"potentialAction\":[{\"@type\":\"SearchAction\",\"target\":{\"@type\":\"EntryPoint\",\"urlTemplate\":\"https:\\\/\\\/redelitoralrs.com\\\/?s={search_term_string}\"},\"query-input\":{\"@type\":\"PropertyValueSpecification\",\"valueRequired\":true,\"valueName\":\"search_term_string\"}}],\"inLanguage\":\"pt-BR\"},{\"@type\":\"Organization\",\"@id\":\"https:\\\/\\\/redelitoralrs.com\\\/#organization\",\"name\":\"TV Litoral\",\"url\":\"https:\\\/\\\/redelitoralrs.com\\\/\",\"logo\":{\"@type\":\"ImageObject\",\"inLanguage\":\"pt-BR\",\"@id\":\"https:\\\/\\\/redelitoralrs.com\\\/#\\\/schema\\\/logo\\\/image\\\/\",\"url\":\"https:\\\/\\\/redelitoralrs.com\\\/wp-content\\\/uploads\\\/2024\\\/01\\\/faviconicon-1-1.png\",\"contentUrl\":\"https:\\\/\\\/redelitoralrs.com\\\/wp-content\\\/uploads\\\/2024\\\/01\\\/faviconicon-1-1.png\",\"width\":454,\"height\":454,\"caption\":\"TV Litoral\"},\"image\":{\"@id\":\"https:\\\/\\\/redelitoralrs.com\\\/#\\\/schema\\\/logo\\\/image\\\/\"},\"sameAs\":[\"https:\\\/\\\/www.facebook.com\\\/tvlitoralrsoficial\",\"https:\\\/\\\/www.instagram.com\\\/tvlitoral.rs\"]},{\"@type\":\"Person\",\"@id\":\"https:\\\/\\\/redelitoralrs.com\\\/#\\\/schema\\\/person\\\/85c65b1c88846df987f1375ada408471\",\"name\":\"admin\",\"image\":{\"@type\":\"ImageObject\",\"inLanguage\":\"pt-BR\",\"@id\":\"https:\\\/\\\/redelitoralrs.com\\\/wp-content\\\/litespeed\\\/avatar\\\/1007594a94d8d95d448b73058d2535db.jpg?ver=1776958492\",\"url\":\"https:\\\/\\\/redelitoralrs.com\\\/wp-content\\\/litespeed\\\/avatar\\\/1007594a94d8d95d448b73058d2535db.jpg?ver=1776958492\",\"contentUrl\":\"https:\\\/\\\/redelitoralrs.com\\\/wp-content\\\/litespeed\\\/avatar\\\/1007594a94d8d95d448b73058d2535db.jpg?ver=1776958492\",\"caption\":\"admin\"},\"sameAs\":[\"https:\\\/\\\/redelitoralrs.com\"],\"url\":\"https:\\\/\\\/redelitoralrs.com\\\/index.php\\\/author\\\/admin\\\/\"}]}<\/script>\n<!-- \/ Yoast SEO plugin. -->","yoast_head_json":{"title":"Daer Inicia Remo\u00e7\u00e3o de \u00c1rvores na ERS-030 entre Tramanda\u00ed e Os\u00f3rio - Rede Litoral RS","robots":{"index":"index","follow":"follow","max-snippet":"max-snippet:-1","max-image-preview":"max-image-preview:large","max-video-preview":"max-video-preview:-1"},"canonical":"https:\/\/redelitoralrs.com\/index.php\/2024\/11\/07\/daer-inicia-remocao-de-arvores-na-ers-030-entre-tramandai-e-osorio\/","og_locale":"pt_BR","og_type":"article","og_title":"Daer Inicia Remo\u00e7\u00e3o de \u00c1rvores na ERS-030 entre Tramanda\u00ed e Os\u00f3rio - Rede Litoral RS","og_description":"O Departamento Aut\u00f4nomo de Estradas de Rodagem (Daer) iniciou nesta semana a remo\u00e7\u00e3o de \u00e1rvores na ERS-030, entre Tramanda\u00ed e Os\u00f3rio, com previs\u00e3o de conclus\u00e3o at\u00e9 a pr\u00f3xima semana. O trabalho est\u00e1 concentrado no canteiro central e nas margens da rodovia, com o objetivo de garantir a seguran\u00e7a dos motoristas, j\u00e1 que houve registros de [&hellip;]","og_url":"https:\/\/redelitoralrs.com\/index.php\/2024\/11\/07\/daer-inicia-remocao-de-arvores-na-ers-030-entre-tramandai-e-osorio\/","og_site_name":"Rede Litoral RS","article_publisher":"https:\/\/www.facebook.com\/tvlitoralrsoficial","article_published_time":"2024-11-07T18:37:24+00:00","article_modified_time":"2024-11-07T18:37:25+00:00","og_image":[{"width":424,"height":259,"url":"https:\/\/redelitoralrs.com\/wp-content\/uploads\/2024\/11\/Sem-titulo-2.png","type":"image\/png"}],"author":"admin","twitter_card":"summary_large_image","twitter_misc":{"Escrito por":"admin","Est. tempo de leitura":"2 minutos"},"schema":{"@context":"https:\/\/schema.org","@graph":[{"@type":"Article","@id":"https:\/\/redelitoralrs.com\/index.php\/2024\/11\/07\/daer-inicia-remocao-de-arvores-na-ers-030-entre-tramandai-e-osorio\/#article","isPartOf":{"@id":"https:\/\/redelitoralrs.com\/index.php\/2024\/11\/07\/daer-inicia-remocao-de-arvores-na-ers-030-entre-tramandai-e-osorio\/"},"author":{"name":"admin","@id":"https:\/\/redelitoralrs.com\/#\/schema\/person\/85c65b1c88846df987f1375ada408471"},"headline":"Daer Inicia Remo\u00e7\u00e3o de \u00c1rvores na ERS-030 entre Tramanda\u00ed e Os\u00f3rio","datePublished":"2024-11-07T18:37:24+00:00","dateModified":"2024-11-07T18:37:25+00:00","mainEntityOfPage":{"@id":"https:\/\/redelitoralrs.com\/index.php\/2024\/11\/07\/daer-inicia-remocao-de-arvores-na-ers-030-entre-tramandai-e-osorio\/"},"wordCount":193,"commentCount":0,"publisher":{"@id":"https:\/\/redelitoralrs.com\/#organization"},"image":{"@id":"https:\/\/redelitoralrs.com\/index.php\/2024\/11\/07\/daer-inicia-remocao-de-arvores-na-ers-030-entre-tramandai-e-osorio\/#primaryimage"},"thumbnailUrl":"https:\/\/redelitoralrs.com\/wp-content\/uploads\/2024\/11\/Sem-titulo-2.png","keywords":["litoral norte","not\u00edcia"],"articleSection":["Os\u00f3rio","Tramanda\u00ed","\u00daltimas not\u00edcias"],"inLanguage":"pt-BR","potentialAction":[{"@type":"CommentAction","name":"Comment","target":["https:\/\/redelitoralrs.com\/index.php\/2024\/11\/07\/daer-inicia-remocao-de-arvores-na-ers-030-entre-tramandai-e-osorio\/#respond"]}]},{"@type":"WebPage","@id":"https:\/\/redelitoralrs.com\/index.php\/2024\/11\/07\/daer-inicia-remocao-de-arvores-na-ers-030-entre-tramandai-e-osorio\/","url":"https:\/\/redelitoralrs.com\/index.php\/2024\/11\/07\/daer-inicia-remocao-de-arvores-na-ers-030-entre-tramandai-e-osorio\/","name":"Daer Inicia Remo\u00e7\u00e3o de \u00c1rvores na ERS-030 entre Tramanda\u00ed e Os\u00f3rio - Rede Litoral RS","isPartOf":{"@id":"https:\/\/redelitoralrs.com\/#website"},"primaryImageOfPage":{"@id":"https:\/\/redelitoralrs.com\/index.php\/2024\/11\/07\/daer-inicia-remocao-de-arvores-na-ers-030-entre-tramandai-e-osorio\/#primaryimage"},"image":{"@id":"https:\/\/redelitoralrs.com\/index.php\/2024\/11\/07\/daer-inicia-remocao-de-arvores-na-ers-030-entre-tramandai-e-osorio\/#primaryimage"},"thumbnailUrl":"https:\/\/redelitoralrs.com\/wp-content\/uploads\/2024\/11\/Sem-titulo-2.png","datePublished":"2024-11-07T18:37:24+00:00","dateModified":"2024-11-07T18:37:25+00:00","breadcrumb":{"@id":"https:\/\/redelitoralrs.com\/index.php\/2024\/11\/07\/daer-inicia-remocao-de-arvores-na-ers-030-entre-tramandai-e-osorio\/#breadcrumb"},"inLanguage":"pt-BR","potentialAction":[{"@type":"ReadAction","target":["https:\/\/redelitoralrs.com\/index.php\/2024\/11\/07\/daer-inicia-remocao-de-arvores-na-ers-030-entre-tramandai-e-osorio\/"]}]},{"@type":"ImageObject","inLanguage":"pt-BR","@id":"https:\/\/redelitoralrs.com\/index.php\/2024\/11\/07\/daer-inicia-remocao-de-arvores-na-ers-030-entre-tramandai-e-osorio\/#primaryimage","url":"https:\/\/redelitoralrs.com\/wp-content\/uploads\/2024\/11\/Sem-titulo-2.png","contentUrl":"https:\/\/redelitoralrs.com\/wp-content\/uploads\/2024\/11\/Sem-titulo-2.png","width":424,"height":259},{"@type":"BreadcrumbList","@id":"https:\/\/redelitoralrs.com\/index.php\/2024\/11\/07\/daer-inicia-remocao-de-arvores-na-ers-030-entre-tramandai-e-osorio\/#breadcrumb","itemListElement":[{"@type":"ListItem","position":1,"name":"In\u00edcio","item":"https:\/\/redelitoralrs.com\/"},{"@type":"ListItem","position":2,"name":"Daer Inicia Remo\u00e7\u00e3o de \u00c1rvores na ERS-030 entre Tramanda\u00ed e Os\u00f3rio"}]},{"@type":"WebSite","@id":"https:\/\/redelitoralrs.com\/#website","url":"https:\/\/redelitoralrs.com\/","name":"TV Litoral","description":"Acompanhe tudo do litoral ga\u00facho com a cobertura completa e atualizada da Rede Litoral RS. Nossos jornalistas trazem as \u00faltimas not\u00edcias, os acontecimentos mais quentes e as hist\u00f3rias que importam sobre nosso amado litoral.","publisher":{"@id":"https:\/\/redelitoralrs.com\/#organization"},"potentialAction":[{"@type":"SearchAction","target":{"@type":"EntryPoint","urlTemplate":"https:\/\/redelitoralrs.com\/?s={search_term_string}"},"query-input":{"@type":"PropertyValueSpecification","valueRequired":true,"valueName":"search_term_string"}}],"inLanguage":"pt-BR"},{"@type":"Organization","@id":"https:\/\/redelitoralrs.com\/#organization","name":"TV Litoral","url":"https:\/\/redelitoralrs.com\/","logo":{"@type":"ImageObject","inLanguage":"pt-BR","@id":"https:\/\/redelitoralrs.com\/#\/schema\/logo\/image\/","url":"https:\/\/redelitoralrs.com\/wp-content\/uploads\/2024\/01\/faviconicon-1-1.png","contentUrl":"https:\/\/redelitoralrs.com\/wp-content\/uploads\/2024\/01\/faviconicon-1-1.png","width":454,"height":454,"caption":"TV Litoral"},"image":{"@id":"https:\/\/redelitoralrs.com\/#\/schema\/logo\/image\/"},"sameAs":["https:\/\/www.facebook.com\/tvlitoralrsoficial","https:\/\/www.instagram.com\/tvlitoral.rs"]},{"@type":"Person","@id":"https:\/\/redelitoralrs.com\/#\/schema\/person\/85c65b1c88846df987f1375ada408471","name":"admin","image":{"@type":"ImageObject","inLanguage":"pt-BR","@id":"https:\/\/redelitoralrs.com\/wp-content\/litespeed\/avatar\/1007594a94d8d95d448b73058d2535db.jpg?ver=1776958492","url":"https:\/\/redelitoralrs.com\/wp-content\/litespeed\/avatar\/1007594a94d8d95d448b73058d2535db.jpg?ver=1776958492","contentUrl":"https:\/\/redelitoralrs.com\/wp-content\/litespeed\/avatar\/1007594a94d8d95d448b73058d2535db.jpg?ver=1776958492","caption":"admin"},"sameAs":["https:\/\/redelitoralrs.com"],"url":"https:\/\/redelitoralrs.com\/index.php\/author\/admin\/"}]}},"_links":{"self":[{"href":"https:\/\/redelitoralrs.com\/index.php\/wp-json\/wp\/v2\/posts\/4216","targetHints":{"allow":["GET"]}}],"collection":[{"href":"https:\/\/redelitoralrs.com\/index.php\/wp-json\/wp\/v2\/posts"}],"about":[{"href":"https:\/\/redelitoralrs.com\/index.php\/wp-json\/wp\/v2\/types\/post"}],"author":[{"embeddable":true,"href":"https:\/\/redelitoralrs.com\/index.php\/wp-json\/wp\/v2\/users\/1"}],"replies":[{"embeddable":true,"href":"https:\/\/redelitoralrs.com\/index.php\/wp-json\/wp\/v2\/comments?post=4216"}],"version-history":[{"count":1,"href":"https:\/\/redelitoralrs.com\/index.php\/wp-json\/wp\/v2\/posts\/4216\/revisions"}],"predecessor-version":[{"id":4218,"href":"https:\/\/redelitoralrs.com\/index.php\/wp-json\/wp\/v2\/posts\/4216\/revisions\/4218"}],"wp:featuredmedia":[{"embeddable":true,"href":"https:\/\/redelitoralrs.com\/index.php\/wp-json\/wp\/v2\/media\/4217"}],"wp:attachment":[{"href":"https:\/\/redelitoralrs.com\/index.php\/wp-json\/wp\/v2\/media?parent=4216"}],"wp:term":[{"taxonomy":"category","embeddable":true,"href":"https:\/\/redelitoralrs.com\/index.php\/wp-json\/wp\/v2\/categories?post=4216"},{"taxonomy":"post_tag","embeddable":true,"href":"https:\/\/redelitoralrs.com\/index.php\/wp-json\/wp\/v2\/tags?post=4216"}],"curies":[{"name":"wp","href":"https:\/\/api.w.org\/{rel}","templated":true}]}}