{"id":4202,"date":"2024-11-07T15:31:02","date_gmt":"2024-11-07T18:31:02","guid":{"rendered":"https:\/\/redelitoralrs.com\/?p=4202"},"modified":"2024-11-07T15:31:02","modified_gmt":"2024-11-07T18:31:02","slug":"7a-conferencia-da-rede-de-geoparques-da-america-latina-inicia-em-torres","status":"publish","type":"post","link":"https:\/\/redelitoralrs.com\/index.php\/2024\/11\/07\/7a-conferencia-da-rede-de-geoparques-da-america-latina-inicia-em-torres\/","title":{"rendered":"7\u00aa Confer\u00eancia da Rede de Geoparques da Am\u00e9rica Latina Inicia em Torres"},"content":{"rendered":"\n<p>A 7\u00aa Confer\u00eancia da Rede de Geoparques da Am\u00e9rica Latina e Caribe (GeoLAC) come\u00e7ou nesta quarta-feira (6) em Torres, no Geoparque Caminhos dos C\u00e2nions do Sul, e segue at\u00e9 o dia 9 de novembro. O evento, que marca os 20 anos da Rede Mundial de Geoparques da Unesco, acontece no campus da Ulbra Torres e re\u00fane especialistas e participantes de mais de 14 pa\u00edses, incluindo Brasil, Col\u00f4mbia, M\u00e9xico e Peru.<\/p>\n\n\n\n<p>A abertura contou com uma apresenta\u00e7\u00e3o cultural da Aldeia Nhu\u2019u Por\u00e3, e a realiza\u00e7\u00e3o de pain\u00e9is e a Assembleia Geral da Rede GeoLAC. Tamb\u00e9m foi aberta a Expotur Geoinova, uma feira que promove o turismo sustent\u00e1vel, com a participa\u00e7\u00e3o de artes\u00e3os locais e exposi\u00e7\u00f5es das escolas de munic\u00edpios do Geoparque.<\/p>\n\n\n\n<p>Durante o evento, ser\u00e3o abordados temas como geoconserva\u00e7\u00e3o, educa\u00e7\u00e3o e desenvolvimento sustent\u00e1vel. O Sebrae tamb\u00e9m est\u00e1 presente, ajudando a promover a Georrota C\u00e2nions do Sul, rota tur\u00edstica da regi\u00e3o. Na sexta-feira (8), o Servi\u00e7o Geol\u00f3gico do Brasil (SGB) apresentar\u00e1 os resultados do Projeto Geodiversidade do Geoparque, que contribuem para o desenvolvimento local e a preserva\u00e7\u00e3o ambiental.<\/p>\n\n\n\n<p>Com 550 inscritos para palestras e atividades, a expectativa \u00e9 que cerca de 1.000 pessoas participem do evento, que \u00e9 uma importante oportunidade para fortalecer o trabalho em rede entre os geoparques e valorizar o turismo, cultura e sustentabilidade no Litoral Norte do Rio Grande do Sul.<\/p>\n\n\n\n<p><em>Laura Pires Haendchen<\/em><\/p>\n\n\n\n<figure class=\"wp-block-gallery has-nested-images columns-default is-cropped wp-block-gallery-1 is-layout-flex wp-block-gallery-is-layout-flex\">\n<figure class=\"wp-block-image size-large\"><img fetchpriority=\"high\" decoding=\"async\" width=\"1024\" height=\"768\" data-id=\"4208\" src=\"https:\/\/redelitoralrs.com\/wp-content\/uploads\/2024\/11\/Imagem-do-WhatsApp-de-2024-11-06-as-11.10.42_588808b5-scaled-1-1024x768.webp\" alt=\"\" class=\"wp-image-4208\" srcset=\"https:\/\/redelitoralrs.com\/wp-content\/uploads\/2024\/11\/Imagem-do-WhatsApp-de-2024-11-06-as-11.10.42_588808b5-scaled-1-1024x768.webp 1024w, https:\/\/redelitoralrs.com\/wp-content\/uploads\/2024\/11\/Imagem-do-WhatsApp-de-2024-11-06-as-11.10.42_588808b5-scaled-1-300x225.webp 300w, https:\/\/redelitoralrs.com\/wp-content\/uploads\/2024\/11\/Imagem-do-WhatsApp-de-2024-11-06-as-11.10.42_588808b5-scaled-1-768x576.webp 768w, https:\/\/redelitoralrs.com\/wp-content\/uploads\/2024\/11\/Imagem-do-WhatsApp-de-2024-11-06-as-11.10.42_588808b5-scaled-1.webp 1100w\" sizes=\"(max-width: 1024px) 100vw, 1024px\" \/><\/figure>\n\n\n\n<figure class=\"wp-block-image size-large\"><img decoding=\"async\" width=\"1024\" height=\"768\" data-id=\"4210\" src=\"https:\/\/redelitoralrs.com\/wp-content\/uploads\/2024\/11\/Imagem-do-WhatsApp-de-2024-11-06-as-08.45.48_1d610ff9-scaled-1-1024x768.webp\" alt=\"\" class=\"wp-image-4210\" srcset=\"https:\/\/redelitoralrs.com\/wp-content\/uploads\/2024\/11\/Imagem-do-WhatsApp-de-2024-11-06-as-08.45.48_1d610ff9-scaled-1-1024x768.webp 1024w, https:\/\/redelitoralrs.com\/wp-content\/uploads\/2024\/11\/Imagem-do-WhatsApp-de-2024-11-06-as-08.45.48_1d610ff9-scaled-1-300x225.webp 300w, https:\/\/redelitoralrs.com\/wp-content\/uploads\/2024\/11\/Imagem-do-WhatsApp-de-2024-11-06-as-08.45.48_1d610ff9-scaled-1-768x576.webp 768w, https:\/\/redelitoralrs.com\/wp-content\/uploads\/2024\/11\/Imagem-do-WhatsApp-de-2024-11-06-as-08.45.48_1d610ff9-scaled-1.webp 1100w\" sizes=\"(max-width: 1024px) 100vw, 1024px\" \/><\/figure>\n\n\n\n<figure class=\"wp-block-image size-large\"><img decoding=\"async\" width=\"1024\" height=\"768\" data-id=\"4207\" src=\"https:\/\/redelitoralrs.com\/wp-content\/uploads\/2024\/11\/Imagem-do-WhatsApp-de-2024-11-06-as-10.05.13_5da9d2f7-scaled-1-1024x768.webp\" alt=\"\" class=\"wp-image-4207\" srcset=\"https:\/\/redelitoralrs.com\/wp-content\/uploads\/2024\/11\/Imagem-do-WhatsApp-de-2024-11-06-as-10.05.13_5da9d2f7-scaled-1-1024x768.webp 1024w, https:\/\/redelitoralrs.com\/wp-content\/uploads\/2024\/11\/Imagem-do-WhatsApp-de-2024-11-06-as-10.05.13_5da9d2f7-scaled-1-300x225.webp 300w, https:\/\/redelitoralrs.com\/wp-content\/uploads\/2024\/11\/Imagem-do-WhatsApp-de-2024-11-06-as-10.05.13_5da9d2f7-scaled-1-768x576.webp 768w, https:\/\/redelitoralrs.com\/wp-content\/uploads\/2024\/11\/Imagem-do-WhatsApp-de-2024-11-06-as-10.05.13_5da9d2f7-scaled-1.webp 1100w\" sizes=\"(max-width: 1024px) 100vw, 1024px\" \/><\/figure>\n\n\n\n<figure class=\"wp-block-image size-large\"><img loading=\"lazy\" decoding=\"async\" width=\"1024\" height=\"768\" data-id=\"4211\" src=\"https:\/\/redelitoralrs.com\/wp-content\/uploads\/2024\/11\/Imagem-do-WhatsApp-de-2024-11-06-as-15.31.04_0b8d160c-1024x768.webp\" alt=\"\" class=\"wp-image-4211\" srcset=\"https:\/\/redelitoralrs.com\/wp-content\/uploads\/2024\/11\/Imagem-do-WhatsApp-de-2024-11-06-as-15.31.04_0b8d160c-1024x768.webp 1024w, https:\/\/redelitoralrs.com\/wp-content\/uploads\/2024\/11\/Imagem-do-WhatsApp-de-2024-11-06-as-15.31.04_0b8d160c-300x225.webp 300w, https:\/\/redelitoralrs.com\/wp-content\/uploads\/2024\/11\/Imagem-do-WhatsApp-de-2024-11-06-as-15.31.04_0b8d160c-768x576.webp 768w, https:\/\/redelitoralrs.com\/wp-content\/uploads\/2024\/11\/Imagem-do-WhatsApp-de-2024-11-06-as-15.31.04_0b8d160c.webp 1100w\" sizes=\"(max-width: 1024px) 100vw, 1024px\" \/><\/figure>\n\n\n\n<figure class=\"wp-block-image size-large\"><img loading=\"lazy\" decoding=\"async\" width=\"1024\" height=\"768\" data-id=\"4209\" src=\"https:\/\/redelitoralrs.com\/wp-content\/uploads\/2024\/11\/Imagem-do-WhatsApp-de-2024-11-06-as-10.05.16_b8bb1b64-scaled-1-1024x768.webp\" alt=\"\" class=\"wp-image-4209\" srcset=\"https:\/\/redelitoralrs.com\/wp-content\/uploads\/2024\/11\/Imagem-do-WhatsApp-de-2024-11-06-as-10.05.16_b8bb1b64-scaled-1-1024x768.webp 1024w, https:\/\/redelitoralrs.com\/wp-content\/uploads\/2024\/11\/Imagem-do-WhatsApp-de-2024-11-06-as-10.05.16_b8bb1b64-scaled-1-300x225.webp 300w, https:\/\/redelitoralrs.com\/wp-content\/uploads\/2024\/11\/Imagem-do-WhatsApp-de-2024-11-06-as-10.05.16_b8bb1b64-scaled-1-768x576.webp 768w, https:\/\/redelitoralrs.com\/wp-content\/uploads\/2024\/11\/Imagem-do-WhatsApp-de-2024-11-06-as-10.05.16_b8bb1b64-scaled-1.webp 1100w\" sizes=\"(max-width: 1024px) 100vw, 1024px\" \/><\/figure>\n\n\n\n<figure class=\"wp-block-image size-large\"><img loading=\"lazy\" decoding=\"async\" width=\"1024\" height=\"768\" data-id=\"4204\" src=\"https:\/\/redelitoralrs.com\/wp-content\/uploads\/2024\/11\/Imagem-do-WhatsApp-de-2024-11-06-as-08.45.45_64b32ece-scaled-1-1024x768.webp\" alt=\"\" class=\"wp-image-4204\" srcset=\"https:\/\/redelitoralrs.com\/wp-content\/uploads\/2024\/11\/Imagem-do-WhatsApp-de-2024-11-06-as-08.45.45_64b32ece-scaled-1-1024x768.webp 1024w, https:\/\/redelitoralrs.com\/wp-content\/uploads\/2024\/11\/Imagem-do-WhatsApp-de-2024-11-06-as-08.45.45_64b32ece-scaled-1-300x225.webp 300w, https:\/\/redelitoralrs.com\/wp-content\/uploads\/2024\/11\/Imagem-do-WhatsApp-de-2024-11-06-as-08.45.45_64b32ece-scaled-1-768x576.webp 768w, https:\/\/redelitoralrs.com\/wp-content\/uploads\/2024\/11\/Imagem-do-WhatsApp-de-2024-11-06-as-08.45.45_64b32ece-scaled-1.webp 1100w\" sizes=\"(max-width: 1024px) 100vw, 1024px\" \/><\/figure>\n\n\n\n<figure class=\"wp-block-image size-large\"><img loading=\"lazy\" decoding=\"async\" width=\"1024\" height=\"768\" data-id=\"4205\" src=\"https:\/\/redelitoralrs.com\/wp-content\/uploads\/2024\/11\/Imagem-do-WhatsApp-de-2024-11-06-as-15.31.16_31757e78-1024x768.webp\" alt=\"\" class=\"wp-image-4205\" srcset=\"https:\/\/redelitoralrs.com\/wp-content\/uploads\/2024\/11\/Imagem-do-WhatsApp-de-2024-11-06-as-15.31.16_31757e78-1024x768.webp 1024w, https:\/\/redelitoralrs.com\/wp-content\/uploads\/2024\/11\/Imagem-do-WhatsApp-de-2024-11-06-as-15.31.16_31757e78-300x225.webp 300w, https:\/\/redelitoralrs.com\/wp-content\/uploads\/2024\/11\/Imagem-do-WhatsApp-de-2024-11-06-as-15.31.16_31757e78-768x576.webp 768w, https:\/\/redelitoralrs.com\/wp-content\/uploads\/2024\/11\/Imagem-do-WhatsApp-de-2024-11-06-as-15.31.16_31757e78.webp 1100w\" sizes=\"(max-width: 1024px) 100vw, 1024px\" \/><\/figure>\n<\/figure>\n","protected":false},"excerpt":{"rendered":"<p>A 7\u00aa Confer\u00eancia da Rede de Geoparques da Am\u00e9rica Latina e Caribe (GeoLAC) come\u00e7ou nesta quarta-feira (6) em Torres, no Geoparque Caminhos dos C\u00e2nions do Sul, e segue at\u00e9 o dia 9 de novembro. O evento, que marca os 20 anos da Rede Mundial de Geoparques da Unesco, acontece no campus da Ulbra Torres e [&hellip;]<\/p>\n","protected":false},"author":1,"featured_media":4203,"comment_status":"open","ping_status":"open","sticky":false,"template":"","format":"standard","meta":{"_themeisle_gutenberg_block_has_review":false,"footnotes":""},"categories":[31,15],"tags":[103,92],"class_list":["post-4202","post","type-post","status-publish","format-standard","has-post-thumbnail","hentry","category-torres","category-noticias","tag-litoral-norte","tag-noticia"],"yoast_head":"<!-- This site is optimized with the Yoast SEO plugin v27.4 - https:\/\/yoast.com\/product\/yoast-seo-wordpress\/ -->\n<title>7\u00aa Confer\u00eancia da Rede de Geoparques da Am\u00e9rica Latina Inicia em Torres - Rede Litoral RS<\/title>\n<meta name=\"robots\" content=\"index, follow, max-snippet:-1, max-image-preview:large, max-video-preview:-1\" \/>\n<link rel=\"canonical\" href=\"https:\/\/redelitoralrs.com\/index.php\/2024\/11\/07\/7a-conferencia-da-rede-de-geoparques-da-america-latina-inicia-em-torres\/\" \/>\n<meta property=\"og:locale\" content=\"pt_BR\" \/>\n<meta property=\"og:type\" content=\"article\" \/>\n<meta property=\"og:title\" content=\"7\u00aa Confer\u00eancia da Rede de Geoparques da Am\u00e9rica Latina Inicia em Torres - Rede Litoral RS\" \/>\n<meta property=\"og:description\" content=\"A 7\u00aa Confer\u00eancia da Rede de Geoparques da Am\u00e9rica Latina e Caribe (GeoLAC) come\u00e7ou nesta quarta-feira (6) em Torres, no Geoparque Caminhos dos C\u00e2nions do Sul, e segue at\u00e9 o dia 9 de novembro. O evento, que marca os 20 anos da Rede Mundial de Geoparques da Unesco, acontece no campus da Ulbra Torres e [&hellip;]\" \/>\n<meta property=\"og:url\" content=\"https:\/\/redelitoralrs.com\/index.php\/2024\/11\/07\/7a-conferencia-da-rede-de-geoparques-da-america-latina-inicia-em-torres\/\" \/>\n<meta property=\"og:site_name\" content=\"Rede Litoral RS\" \/>\n<meta property=\"article:publisher\" content=\"https:\/\/www.facebook.com\/tvlitoralrsoficial\" \/>\n<meta property=\"article:published_time\" content=\"2024-11-07T18:31:02+00:00\" \/>\n<meta property=\"og:image\" content=\"https:\/\/redelitoralrs.com\/wp-content\/uploads\/2024\/11\/Imagem-do-WhatsApp-de-2024-11-06-as-08.45.48_dcbbcacd-scaled-1.webp\" \/>\n\t<meta property=\"og:image:width\" content=\"1100\" \/>\n\t<meta property=\"og:image:height\" content=\"825\" \/>\n\t<meta property=\"og:image:type\" content=\"image\/webp\" \/>\n<meta name=\"author\" content=\"admin\" \/>\n<meta name=\"twitter:card\" content=\"summary_large_image\" \/>\n<meta name=\"twitter:label1\" content=\"Escrito por\" \/>\n\t<meta name=\"twitter:data1\" content=\"admin\" \/>\n\t<meta name=\"twitter:label2\" content=\"Est. tempo de leitura\" \/>\n\t<meta name=\"twitter:data2\" content=\"3 minutos\" \/>\n<script type=\"application\/ld+json\" class=\"yoast-schema-graph\">{\"@context\":\"https:\\\/\\\/schema.org\",\"@graph\":[{\"@type\":\"Article\",\"@id\":\"https:\\\/\\\/redelitoralrs.com\\\/index.php\\\/2024\\\/11\\\/07\\\/7a-conferencia-da-rede-de-geoparques-da-america-latina-inicia-em-torres\\\/#article\",\"isPartOf\":{\"@id\":\"https:\\\/\\\/redelitoralrs.com\\\/index.php\\\/2024\\\/11\\\/07\\\/7a-conferencia-da-rede-de-geoparques-da-america-latina-inicia-em-torres\\\/\"},\"author\":{\"name\":\"admin\",\"@id\":\"https:\\\/\\\/redelitoralrs.com\\\/#\\\/schema\\\/person\\\/85c65b1c88846df987f1375ada408471\"},\"headline\":\"7\u00aa Confer\u00eancia da Rede de Geoparques da Am\u00e9rica Latina Inicia em Torres\",\"datePublished\":\"2024-11-07T18:31:02+00:00\",\"mainEntityOfPage\":{\"@id\":\"https:\\\/\\\/redelitoralrs.com\\\/index.php\\\/2024\\\/11\\\/07\\\/7a-conferencia-da-rede-de-geoparques-da-america-latina-inicia-em-torres\\\/\"},\"wordCount\":258,\"commentCount\":0,\"publisher\":{\"@id\":\"https:\\\/\\\/redelitoralrs.com\\\/#organization\"},\"image\":{\"@id\":\"https:\\\/\\\/redelitoralrs.com\\\/index.php\\\/2024\\\/11\\\/07\\\/7a-conferencia-da-rede-de-geoparques-da-america-latina-inicia-em-torres\\\/#primaryimage\"},\"thumbnailUrl\":\"https:\\\/\\\/redelitoralrs.com\\\/wp-content\\\/uploads\\\/2024\\\/11\\\/Imagem-do-WhatsApp-de-2024-11-06-as-08.45.48_dcbbcacd-scaled-1.webp\",\"keywords\":[\"litoral norte\",\"not\u00edcia\"],\"articleSection\":[\"Torres\",\"\u00daltimas not\u00edcias\"],\"inLanguage\":\"pt-BR\",\"potentialAction\":[{\"@type\":\"CommentAction\",\"name\":\"Comment\",\"target\":[\"https:\\\/\\\/redelitoralrs.com\\\/index.php\\\/2024\\\/11\\\/07\\\/7a-conferencia-da-rede-de-geoparques-da-america-latina-inicia-em-torres\\\/#respond\"]}]},{\"@type\":\"WebPage\",\"@id\":\"https:\\\/\\\/redelitoralrs.com\\\/index.php\\\/2024\\\/11\\\/07\\\/7a-conferencia-da-rede-de-geoparques-da-america-latina-inicia-em-torres\\\/\",\"url\":\"https:\\\/\\\/redelitoralrs.com\\\/index.php\\\/2024\\\/11\\\/07\\\/7a-conferencia-da-rede-de-geoparques-da-america-latina-inicia-em-torres\\\/\",\"name\":\"7\u00aa Confer\u00eancia da Rede de Geoparques da Am\u00e9rica Latina Inicia em Torres - Rede Litoral RS\",\"isPartOf\":{\"@id\":\"https:\\\/\\\/redelitoralrs.com\\\/#website\"},\"primaryImageOfPage\":{\"@id\":\"https:\\\/\\\/redelitoralrs.com\\\/index.php\\\/2024\\\/11\\\/07\\\/7a-conferencia-da-rede-de-geoparques-da-america-latina-inicia-em-torres\\\/#primaryimage\"},\"image\":{\"@id\":\"https:\\\/\\\/redelitoralrs.com\\\/index.php\\\/2024\\\/11\\\/07\\\/7a-conferencia-da-rede-de-geoparques-da-america-latina-inicia-em-torres\\\/#primaryimage\"},\"thumbnailUrl\":\"https:\\\/\\\/redelitoralrs.com\\\/wp-content\\\/uploads\\\/2024\\\/11\\\/Imagem-do-WhatsApp-de-2024-11-06-as-08.45.48_dcbbcacd-scaled-1.webp\",\"datePublished\":\"2024-11-07T18:31:02+00:00\",\"breadcrumb\":{\"@id\":\"https:\\\/\\\/redelitoralrs.com\\\/index.php\\\/2024\\\/11\\\/07\\\/7a-conferencia-da-rede-de-geoparques-da-america-latina-inicia-em-torres\\\/#breadcrumb\"},\"inLanguage\":\"pt-BR\",\"potentialAction\":[{\"@type\":\"ReadAction\",\"target\":[\"https:\\\/\\\/redelitoralrs.com\\\/index.php\\\/2024\\\/11\\\/07\\\/7a-conferencia-da-rede-de-geoparques-da-america-latina-inicia-em-torres\\\/\"]}]},{\"@type\":\"ImageObject\",\"inLanguage\":\"pt-BR\",\"@id\":\"https:\\\/\\\/redelitoralrs.com\\\/index.php\\\/2024\\\/11\\\/07\\\/7a-conferencia-da-rede-de-geoparques-da-america-latina-inicia-em-torres\\\/#primaryimage\",\"url\":\"https:\\\/\\\/redelitoralrs.com\\\/wp-content\\\/uploads\\\/2024\\\/11\\\/Imagem-do-WhatsApp-de-2024-11-06-as-08.45.48_dcbbcacd-scaled-1.webp\",\"contentUrl\":\"https:\\\/\\\/redelitoralrs.com\\\/wp-content\\\/uploads\\\/2024\\\/11\\\/Imagem-do-WhatsApp-de-2024-11-06-as-08.45.48_dcbbcacd-scaled-1.webp\",\"width\":1100,\"height\":825},{\"@type\":\"BreadcrumbList\",\"@id\":\"https:\\\/\\\/redelitoralrs.com\\\/index.php\\\/2024\\\/11\\\/07\\\/7a-conferencia-da-rede-de-geoparques-da-america-latina-inicia-em-torres\\\/#breadcrumb\",\"itemListElement\":[{\"@type\":\"ListItem\",\"position\":1,\"name\":\"In\u00edcio\",\"item\":\"https:\\\/\\\/redelitoralrs.com\\\/\"},{\"@type\":\"ListItem\",\"position\":2,\"name\":\"7\u00aa Confer\u00eancia da Rede de Geoparques da Am\u00e9rica Latina Inicia em Torres\"}]},{\"@type\":\"WebSite\",\"@id\":\"https:\\\/\\\/redelitoralrs.com\\\/#website\",\"url\":\"https:\\\/\\\/redelitoralrs.com\\\/\",\"name\":\"TV Litoral\",\"description\":\"Acompanhe tudo do litoral ga\u00facho com a cobertura completa e atualizada da Rede Litoral RS. Nossos jornalistas trazem as \u00faltimas not\u00edcias, os acontecimentos mais quentes e as hist\u00f3rias que importam sobre nosso amado litoral.\",\"publisher\":{\"@id\":\"https:\\\/\\\/redelitoralrs.com\\\/#organization\"},\"potentialAction\":[{\"@type\":\"SearchAction\",\"target\":{\"@type\":\"EntryPoint\",\"urlTemplate\":\"https:\\\/\\\/redelitoralrs.com\\\/?s={search_term_string}\"},\"query-input\":{\"@type\":\"PropertyValueSpecification\",\"valueRequired\":true,\"valueName\":\"search_term_string\"}}],\"inLanguage\":\"pt-BR\"},{\"@type\":\"Organization\",\"@id\":\"https:\\\/\\\/redelitoralrs.com\\\/#organization\",\"name\":\"TV Litoral\",\"url\":\"https:\\\/\\\/redelitoralrs.com\\\/\",\"logo\":{\"@type\":\"ImageObject\",\"inLanguage\":\"pt-BR\",\"@id\":\"https:\\\/\\\/redelitoralrs.com\\\/#\\\/schema\\\/logo\\\/image\\\/\",\"url\":\"https:\\\/\\\/redelitoralrs.com\\\/wp-content\\\/uploads\\\/2024\\\/01\\\/faviconicon-1-1.png\",\"contentUrl\":\"https:\\\/\\\/redelitoralrs.com\\\/wp-content\\\/uploads\\\/2024\\\/01\\\/faviconicon-1-1.png\",\"width\":454,\"height\":454,\"caption\":\"TV Litoral\"},\"image\":{\"@id\":\"https:\\\/\\\/redelitoralrs.com\\\/#\\\/schema\\\/logo\\\/image\\\/\"},\"sameAs\":[\"https:\\\/\\\/www.facebook.com\\\/tvlitoralrsoficial\",\"https:\\\/\\\/www.instagram.com\\\/tvlitoral.rs\"]},{\"@type\":\"Person\",\"@id\":\"https:\\\/\\\/redelitoralrs.com\\\/#\\\/schema\\\/person\\\/85c65b1c88846df987f1375ada408471\",\"name\":\"admin\",\"image\":{\"@type\":\"ImageObject\",\"inLanguage\":\"pt-BR\",\"@id\":\"https:\\\/\\\/redelitoralrs.com\\\/wp-content\\\/litespeed\\\/avatar\\\/1007594a94d8d95d448b73058d2535db.jpg?ver=1777563465\",\"url\":\"https:\\\/\\\/redelitoralrs.com\\\/wp-content\\\/litespeed\\\/avatar\\\/1007594a94d8d95d448b73058d2535db.jpg?ver=1777563465\",\"contentUrl\":\"https:\\\/\\\/redelitoralrs.com\\\/wp-content\\\/litespeed\\\/avatar\\\/1007594a94d8d95d448b73058d2535db.jpg?ver=1777563465\",\"caption\":\"admin\"},\"sameAs\":[\"https:\\\/\\\/redelitoralrs.com\"],\"url\":\"https:\\\/\\\/redelitoralrs.com\\\/index.php\\\/author\\\/admin\\\/\"}]}<\/script>\n<!-- \/ Yoast SEO plugin. -->","yoast_head_json":{"title":"7\u00aa Confer\u00eancia da Rede de Geoparques da Am\u00e9rica Latina Inicia em Torres - Rede Litoral RS","robots":{"index":"index","follow":"follow","max-snippet":"max-snippet:-1","max-image-preview":"max-image-preview:large","max-video-preview":"max-video-preview:-1"},"canonical":"https:\/\/redelitoralrs.com\/index.php\/2024\/11\/07\/7a-conferencia-da-rede-de-geoparques-da-america-latina-inicia-em-torres\/","og_locale":"pt_BR","og_type":"article","og_title":"7\u00aa Confer\u00eancia da Rede de Geoparques da Am\u00e9rica Latina Inicia em Torres - Rede Litoral RS","og_description":"A 7\u00aa Confer\u00eancia da Rede de Geoparques da Am\u00e9rica Latina e Caribe (GeoLAC) come\u00e7ou nesta quarta-feira (6) em Torres, no Geoparque Caminhos dos C\u00e2nions do Sul, e segue at\u00e9 o dia 9 de novembro. O evento, que marca os 20 anos da Rede Mundial de Geoparques da Unesco, acontece no campus da Ulbra Torres e [&hellip;]","og_url":"https:\/\/redelitoralrs.com\/index.php\/2024\/11\/07\/7a-conferencia-da-rede-de-geoparques-da-america-latina-inicia-em-torres\/","og_site_name":"Rede Litoral RS","article_publisher":"https:\/\/www.facebook.com\/tvlitoralrsoficial","article_published_time":"2024-11-07T18:31:02+00:00","og_image":[{"width":1100,"height":825,"url":"https:\/\/redelitoralrs.com\/wp-content\/uploads\/2024\/11\/Imagem-do-WhatsApp-de-2024-11-06-as-08.45.48_dcbbcacd-scaled-1.webp","type":"image\/webp"}],"author":"admin","twitter_card":"summary_large_image","twitter_misc":{"Escrito por":"admin","Est. tempo de leitura":"3 minutos"},"schema":{"@context":"https:\/\/schema.org","@graph":[{"@type":"Article","@id":"https:\/\/redelitoralrs.com\/index.php\/2024\/11\/07\/7a-conferencia-da-rede-de-geoparques-da-america-latina-inicia-em-torres\/#article","isPartOf":{"@id":"https:\/\/redelitoralrs.com\/index.php\/2024\/11\/07\/7a-conferencia-da-rede-de-geoparques-da-america-latina-inicia-em-torres\/"},"author":{"name":"admin","@id":"https:\/\/redelitoralrs.com\/#\/schema\/person\/85c65b1c88846df987f1375ada408471"},"headline":"7\u00aa Confer\u00eancia da Rede de Geoparques da Am\u00e9rica Latina Inicia em Torres","datePublished":"2024-11-07T18:31:02+00:00","mainEntityOfPage":{"@id":"https:\/\/redelitoralrs.com\/index.php\/2024\/11\/07\/7a-conferencia-da-rede-de-geoparques-da-america-latina-inicia-em-torres\/"},"wordCount":258,"commentCount":0,"publisher":{"@id":"https:\/\/redelitoralrs.com\/#organization"},"image":{"@id":"https:\/\/redelitoralrs.com\/index.php\/2024\/11\/07\/7a-conferencia-da-rede-de-geoparques-da-america-latina-inicia-em-torres\/#primaryimage"},"thumbnailUrl":"https:\/\/redelitoralrs.com\/wp-content\/uploads\/2024\/11\/Imagem-do-WhatsApp-de-2024-11-06-as-08.45.48_dcbbcacd-scaled-1.webp","keywords":["litoral norte","not\u00edcia"],"articleSection":["Torres","\u00daltimas not\u00edcias"],"inLanguage":"pt-BR","potentialAction":[{"@type":"CommentAction","name":"Comment","target":["https:\/\/redelitoralrs.com\/index.php\/2024\/11\/07\/7a-conferencia-da-rede-de-geoparques-da-america-latina-inicia-em-torres\/#respond"]}]},{"@type":"WebPage","@id":"https:\/\/redelitoralrs.com\/index.php\/2024\/11\/07\/7a-conferencia-da-rede-de-geoparques-da-america-latina-inicia-em-torres\/","url":"https:\/\/redelitoralrs.com\/index.php\/2024\/11\/07\/7a-conferencia-da-rede-de-geoparques-da-america-latina-inicia-em-torres\/","name":"7\u00aa Confer\u00eancia da Rede de Geoparques da Am\u00e9rica Latina Inicia em Torres - Rede Litoral RS","isPartOf":{"@id":"https:\/\/redelitoralrs.com\/#website"},"primaryImageOfPage":{"@id":"https:\/\/redelitoralrs.com\/index.php\/2024\/11\/07\/7a-conferencia-da-rede-de-geoparques-da-america-latina-inicia-em-torres\/#primaryimage"},"image":{"@id":"https:\/\/redelitoralrs.com\/index.php\/2024\/11\/07\/7a-conferencia-da-rede-de-geoparques-da-america-latina-inicia-em-torres\/#primaryimage"},"thumbnailUrl":"https:\/\/redelitoralrs.com\/wp-content\/uploads\/2024\/11\/Imagem-do-WhatsApp-de-2024-11-06-as-08.45.48_dcbbcacd-scaled-1.webp","datePublished":"2024-11-07T18:31:02+00:00","breadcrumb":{"@id":"https:\/\/redelitoralrs.com\/index.php\/2024\/11\/07\/7a-conferencia-da-rede-de-geoparques-da-america-latina-inicia-em-torres\/#breadcrumb"},"inLanguage":"pt-BR","potentialAction":[{"@type":"ReadAction","target":["https:\/\/redelitoralrs.com\/index.php\/2024\/11\/07\/7a-conferencia-da-rede-de-geoparques-da-america-latina-inicia-em-torres\/"]}]},{"@type":"ImageObject","inLanguage":"pt-BR","@id":"https:\/\/redelitoralrs.com\/index.php\/2024\/11\/07\/7a-conferencia-da-rede-de-geoparques-da-america-latina-inicia-em-torres\/#primaryimage","url":"https:\/\/redelitoralrs.com\/wp-content\/uploads\/2024\/11\/Imagem-do-WhatsApp-de-2024-11-06-as-08.45.48_dcbbcacd-scaled-1.webp","contentUrl":"https:\/\/redelitoralrs.com\/wp-content\/uploads\/2024\/11\/Imagem-do-WhatsApp-de-2024-11-06-as-08.45.48_dcbbcacd-scaled-1.webp","width":1100,"height":825},{"@type":"BreadcrumbList","@id":"https:\/\/redelitoralrs.com\/index.php\/2024\/11\/07\/7a-conferencia-da-rede-de-geoparques-da-america-latina-inicia-em-torres\/#breadcrumb","itemListElement":[{"@type":"ListItem","position":1,"name":"In\u00edcio","item":"https:\/\/redelitoralrs.com\/"},{"@type":"ListItem","position":2,"name":"7\u00aa Confer\u00eancia da Rede de Geoparques da Am\u00e9rica Latina Inicia em Torres"}]},{"@type":"WebSite","@id":"https:\/\/redelitoralrs.com\/#website","url":"https:\/\/redelitoralrs.com\/","name":"TV Litoral","description":"Acompanhe tudo do litoral ga\u00facho com a cobertura completa e atualizada da Rede Litoral RS. Nossos jornalistas trazem as \u00faltimas not\u00edcias, os acontecimentos mais quentes e as hist\u00f3rias que importam sobre nosso amado litoral.","publisher":{"@id":"https:\/\/redelitoralrs.com\/#organization"},"potentialAction":[{"@type":"SearchAction","target":{"@type":"EntryPoint","urlTemplate":"https:\/\/redelitoralrs.com\/?s={search_term_string}"},"query-input":{"@type":"PropertyValueSpecification","valueRequired":true,"valueName":"search_term_string"}}],"inLanguage":"pt-BR"},{"@type":"Organization","@id":"https:\/\/redelitoralrs.com\/#organization","name":"TV Litoral","url":"https:\/\/redelitoralrs.com\/","logo":{"@type":"ImageObject","inLanguage":"pt-BR","@id":"https:\/\/redelitoralrs.com\/#\/schema\/logo\/image\/","url":"https:\/\/redelitoralrs.com\/wp-content\/uploads\/2024\/01\/faviconicon-1-1.png","contentUrl":"https:\/\/redelitoralrs.com\/wp-content\/uploads\/2024\/01\/faviconicon-1-1.png","width":454,"height":454,"caption":"TV Litoral"},"image":{"@id":"https:\/\/redelitoralrs.com\/#\/schema\/logo\/image\/"},"sameAs":["https:\/\/www.facebook.com\/tvlitoralrsoficial","https:\/\/www.instagram.com\/tvlitoral.rs"]},{"@type":"Person","@id":"https:\/\/redelitoralrs.com\/#\/schema\/person\/85c65b1c88846df987f1375ada408471","name":"admin","image":{"@type":"ImageObject","inLanguage":"pt-BR","@id":"https:\/\/redelitoralrs.com\/wp-content\/litespeed\/avatar\/1007594a94d8d95d448b73058d2535db.jpg?ver=1777563465","url":"https:\/\/redelitoralrs.com\/wp-content\/litespeed\/avatar\/1007594a94d8d95d448b73058d2535db.jpg?ver=1777563465","contentUrl":"https:\/\/redelitoralrs.com\/wp-content\/litespeed\/avatar\/1007594a94d8d95d448b73058d2535db.jpg?ver=1777563465","caption":"admin"},"sameAs":["https:\/\/redelitoralrs.com"],"url":"https:\/\/redelitoralrs.com\/index.php\/author\/admin\/"}]}},"_links":{"self":[{"href":"https:\/\/redelitoralrs.com\/index.php\/wp-json\/wp\/v2\/posts\/4202","targetHints":{"allow":["GET"]}}],"collection":[{"href":"https:\/\/redelitoralrs.com\/index.php\/wp-json\/wp\/v2\/posts"}],"about":[{"href":"https:\/\/redelitoralrs.com\/index.php\/wp-json\/wp\/v2\/types\/post"}],"author":[{"embeddable":true,"href":"https:\/\/redelitoralrs.com\/index.php\/wp-json\/wp\/v2\/users\/1"}],"replies":[{"embeddable":true,"href":"https:\/\/redelitoralrs.com\/index.php\/wp-json\/wp\/v2\/comments?post=4202"}],"version-history":[{"count":1,"href":"https:\/\/redelitoralrs.com\/index.php\/wp-json\/wp\/v2\/posts\/4202\/revisions"}],"predecessor-version":[{"id":4212,"href":"https:\/\/redelitoralrs.com\/index.php\/wp-json\/wp\/v2\/posts\/4202\/revisions\/4212"}],"wp:featuredmedia":[{"embeddable":true,"href":"https:\/\/redelitoralrs.com\/index.php\/wp-json\/wp\/v2\/media\/4203"}],"wp:attachment":[{"href":"https:\/\/redelitoralrs.com\/index.php\/wp-json\/wp\/v2\/media?parent=4202"}],"wp:term":[{"taxonomy":"category","embeddable":true,"href":"https:\/\/redelitoralrs.com\/index.php\/wp-json\/wp\/v2\/categories?post=4202"},{"taxonomy":"post_tag","embeddable":true,"href":"https:\/\/redelitoralrs.com\/index.php\/wp-json\/wp\/v2\/tags?post=4202"}],"curies":[{"name":"wp","href":"https:\/\/api.w.org\/{rel}","templated":true}]}}