{"id":4196,"date":"2024-11-07T15:22:00","date_gmt":"2024-11-07T18:22:00","guid":{"rendered":"https:\/\/redelitoralrs.com\/?p=4196"},"modified":"2024-11-07T15:22:00","modified_gmt":"2024-11-07T18:22:00","slug":"prf-conclui-xi-operacao-tematica-de-fiscalizacao-de-transportes-de-passageiros-em-osorio","status":"publish","type":"post","link":"https:\/\/redelitoralrs.com\/index.php\/2024\/11\/07\/prf-conclui-xi-operacao-tematica-de-fiscalizacao-de-transportes-de-passageiros-em-osorio\/","title":{"rendered":"PRF Conclui XI Opera\u00e7\u00e3o Tem\u00e1tica de Fiscaliza\u00e7\u00e3o de Transportes de Passageiros em Os\u00f3rio"},"content":{"rendered":"\n<p>A Pol\u00edcia Rodovi\u00e1ria Federal (PRF) concluiu, nesta quinta-feira (07), a XI Opera\u00e7\u00e3o Tem\u00e1tica de Fiscaliza\u00e7\u00e3o de Transportes de Passageiros (OTEPAS), que foi realizada ao longo de 11 dias em v\u00e1rias rodovias do Rio Grande do Sul, com foco espec\u00edfico em vans, t\u00e1xis, \u00f4nibus, ve\u00edculos de transporte escolar e transporte individual por aplicativo. A opera\u00e7\u00e3o teve como objetivo principal aumentar a seguran\u00e7a dos passageiros, fiscalizando o cumprimento das normas e regulamenta\u00e7\u00f5es de transporte nas rodovias federais.<\/p>\n\n\n\n<p>Durante a opera\u00e7\u00e3o, foram identificadas diversas irregularidades nos ve\u00edculos fiscalizados, como a falta de cursos especializados para os motoristas, aus\u00eancia de autoriza\u00e7\u00e3o e vistoria pelos \u00f3rg\u00e3os competentes, al\u00e9m de equipamentos obrigat\u00f3rios ineficazes ou ausentes. Em outros casos, os motoristas estavam exercendo a profiss\u00e3o de maneira irregular, sem a devida qualifica\u00e7\u00e3o ou documenta\u00e7\u00e3o.<\/p>\n\n\n\n<p>Ao longo dos 11 dias de fiscaliza\u00e7\u00e3o, a PRF emitiu 576 notifica\u00e7\u00f5es por infra\u00e7\u00f5es diversas e realizou a fiscaliza\u00e7\u00e3o de 567 ve\u00edculos. Durante as a\u00e7\u00f5es, 1.320 pessoas passaram por procedimentos de fiscaliza\u00e7\u00e3o, e foram aplicados mais de 422 testes de etil\u00f4metro (baf\u00f4metro), com 36 procedimentos criminais registrados. As abordagens tamb\u00e9m visaram garantir que os motoristas estivessem em conformidade com as normas de seguran\u00e7a no tr\u00e2nsito, especialmente em rela\u00e7\u00e3o ao transporte de passageiros.<\/p>\n\n\n\n<p>A opera\u00e7\u00e3o \u00e9 parte da estrat\u00e9gia da PRF para refor\u00e7ar a fiscaliza\u00e7\u00e3o e conscientizar motoristas e operadores de transporte sobre a import\u00e2ncia do cumprimento das normas de seguran\u00e7a vi\u00e1ria, tanto para a prote\u00e7\u00e3o dos passageiros quanto para o cumprimento das regulamenta\u00e7\u00f5es do transporte de passageiros nas rodovias.<\/p>\n\n\n\n<p>A PRF destacou a relev\u00e2ncia dessa opera\u00e7\u00e3o para garantir que os ve\u00edculos que transportam passageiros cumpram as exig\u00eancias legais, evitando assim acidentes e outras situa\u00e7\u00f5es de risco nas rodovias. Com o sucesso dessa opera\u00e7\u00e3o, a PRF segue empenhada em aprimorar a fiscaliza\u00e7\u00e3o e promover um transporte de passageiros mais seguro e regulamentado no Rio Grande do Sul.<\/p>\n\n\n\n<p><em>Laura Pires Haendchen<\/em><\/p>\n","protected":false},"excerpt":{"rendered":"<p>A Pol\u00edcia Rodovi\u00e1ria Federal (PRF) concluiu, nesta quinta-feira (07), a XI Opera\u00e7\u00e3o Tem\u00e1tica de Fiscaliza\u00e7\u00e3o de Transportes de Passageiros (OTEPAS), que foi realizada ao longo de 11 dias em v\u00e1rias rodovias do Rio Grande do Sul, com foco espec\u00edfico em vans, t\u00e1xis, \u00f4nibus, ve\u00edculos de transporte escolar e transporte individual por aplicativo. A opera\u00e7\u00e3o teve [&hellip;]<\/p>\n","protected":false},"author":1,"featured_media":4197,"comment_status":"open","ping_status":"open","sticky":false,"template":"","format":"standard","meta":{"_themeisle_gutenberg_block_has_review":false,"footnotes":""},"categories":[172,15],"tags":[103,92],"class_list":["post-4196","post","type-post","status-publish","format-standard","has-post-thumbnail","hentry","category-osorio","category-noticias","tag-litoral-norte","tag-noticia"],"yoast_head":"<!-- This site is optimized with the Yoast SEO plugin v27.4 - https:\/\/yoast.com\/product\/yoast-seo-wordpress\/ -->\n<title>PRF Conclui XI Opera\u00e7\u00e3o Tem\u00e1tica de Fiscaliza\u00e7\u00e3o de Transportes de Passageiros em Os\u00f3rio - Rede Litoral RS<\/title>\n<meta name=\"robots\" content=\"index, follow, max-snippet:-1, max-image-preview:large, max-video-preview:-1\" \/>\n<link rel=\"canonical\" href=\"https:\/\/redelitoralrs.com\/index.php\/2024\/11\/07\/prf-conclui-xi-operacao-tematica-de-fiscalizacao-de-transportes-de-passageiros-em-osorio\/\" \/>\n<meta property=\"og:locale\" content=\"pt_BR\" \/>\n<meta property=\"og:type\" content=\"article\" \/>\n<meta property=\"og:title\" content=\"PRF Conclui XI Opera\u00e7\u00e3o Tem\u00e1tica de Fiscaliza\u00e7\u00e3o de Transportes de Passageiros em Os\u00f3rio - Rede Litoral RS\" \/>\n<meta property=\"og:description\" content=\"A Pol\u00edcia Rodovi\u00e1ria Federal (PRF) concluiu, nesta quinta-feira (07), a XI Opera\u00e7\u00e3o Tem\u00e1tica de Fiscaliza\u00e7\u00e3o de Transportes de Passageiros (OTEPAS), que foi realizada ao longo de 11 dias em v\u00e1rias rodovias do Rio Grande do Sul, com foco espec\u00edfico em vans, t\u00e1xis, \u00f4nibus, ve\u00edculos de transporte escolar e transporte individual por aplicativo. A opera\u00e7\u00e3o teve [&hellip;]\" \/>\n<meta property=\"og:url\" content=\"https:\/\/redelitoralrs.com\/index.php\/2024\/11\/07\/prf-conclui-xi-operacao-tematica-de-fiscalizacao-de-transportes-de-passageiros-em-osorio\/\" \/>\n<meta property=\"og:site_name\" content=\"Rede Litoral RS\" \/>\n<meta property=\"article:publisher\" content=\"https:\/\/www.facebook.com\/tvlitoralrsoficial\" \/>\n<meta property=\"article:published_time\" content=\"2024-11-07T18:22:00+00:00\" \/>\n<meta property=\"og:image\" content=\"https:\/\/redelitoralrs.com\/wp-content\/uploads\/2024\/11\/fc49983d-cb19-4f9c-b5d7-afbbbd5f68cc.jpeg\" \/>\n\t<meta property=\"og:image:width\" content=\"576\" \/>\n\t<meta property=\"og:image:height\" content=\"768\" \/>\n\t<meta property=\"og:image:type\" content=\"image\/jpeg\" \/>\n<meta name=\"author\" content=\"admin\" \/>\n<meta name=\"twitter:card\" content=\"summary_large_image\" \/>\n<meta name=\"twitter:label1\" content=\"Escrito por\" \/>\n\t<meta name=\"twitter:data1\" content=\"admin\" \/>\n\t<meta name=\"twitter:label2\" content=\"Est. tempo de leitura\" \/>\n\t<meta name=\"twitter:data2\" content=\"2 minutos\" \/>\n<script type=\"application\/ld+json\" class=\"yoast-schema-graph\">{\"@context\":\"https:\\\/\\\/schema.org\",\"@graph\":[{\"@type\":\"Article\",\"@id\":\"https:\\\/\\\/redelitoralrs.com\\\/index.php\\\/2024\\\/11\\\/07\\\/prf-conclui-xi-operacao-tematica-de-fiscalizacao-de-transportes-de-passageiros-em-osorio\\\/#article\",\"isPartOf\":{\"@id\":\"https:\\\/\\\/redelitoralrs.com\\\/index.php\\\/2024\\\/11\\\/07\\\/prf-conclui-xi-operacao-tematica-de-fiscalizacao-de-transportes-de-passageiros-em-osorio\\\/\"},\"author\":{\"name\":\"admin\",\"@id\":\"https:\\\/\\\/redelitoralrs.com\\\/#\\\/schema\\\/person\\\/85c65b1c88846df987f1375ada408471\"},\"headline\":\"PRF Conclui XI Opera\u00e7\u00e3o Tem\u00e1tica de Fiscaliza\u00e7\u00e3o de Transportes de Passageiros em Os\u00f3rio\",\"datePublished\":\"2024-11-07T18:22:00+00:00\",\"mainEntityOfPage\":{\"@id\":\"https:\\\/\\\/redelitoralrs.com\\\/index.php\\\/2024\\\/11\\\/07\\\/prf-conclui-xi-operacao-tematica-de-fiscalizacao-de-transportes-de-passageiros-em-osorio\\\/\"},\"wordCount\":365,\"commentCount\":0,\"publisher\":{\"@id\":\"https:\\\/\\\/redelitoralrs.com\\\/#organization\"},\"image\":{\"@id\":\"https:\\\/\\\/redelitoralrs.com\\\/index.php\\\/2024\\\/11\\\/07\\\/prf-conclui-xi-operacao-tematica-de-fiscalizacao-de-transportes-de-passageiros-em-osorio\\\/#primaryimage\"},\"thumbnailUrl\":\"https:\\\/\\\/redelitoralrs.com\\\/wp-content\\\/uploads\\\/2024\\\/11\\\/fc49983d-cb19-4f9c-b5d7-afbbbd5f68cc.jpeg\",\"keywords\":[\"litoral norte\",\"not\u00edcia\"],\"articleSection\":[\"Os\u00f3rio\",\"\u00daltimas not\u00edcias\"],\"inLanguage\":\"pt-BR\",\"potentialAction\":[{\"@type\":\"CommentAction\",\"name\":\"Comment\",\"target\":[\"https:\\\/\\\/redelitoralrs.com\\\/index.php\\\/2024\\\/11\\\/07\\\/prf-conclui-xi-operacao-tematica-de-fiscalizacao-de-transportes-de-passageiros-em-osorio\\\/#respond\"]}]},{\"@type\":\"WebPage\",\"@id\":\"https:\\\/\\\/redelitoralrs.com\\\/index.php\\\/2024\\\/11\\\/07\\\/prf-conclui-xi-operacao-tematica-de-fiscalizacao-de-transportes-de-passageiros-em-osorio\\\/\",\"url\":\"https:\\\/\\\/redelitoralrs.com\\\/index.php\\\/2024\\\/11\\\/07\\\/prf-conclui-xi-operacao-tematica-de-fiscalizacao-de-transportes-de-passageiros-em-osorio\\\/\",\"name\":\"PRF Conclui XI Opera\u00e7\u00e3o Tem\u00e1tica de Fiscaliza\u00e7\u00e3o de Transportes de Passageiros em Os\u00f3rio - Rede Litoral RS\",\"isPartOf\":{\"@id\":\"https:\\\/\\\/redelitoralrs.com\\\/#website\"},\"primaryImageOfPage\":{\"@id\":\"https:\\\/\\\/redelitoralrs.com\\\/index.php\\\/2024\\\/11\\\/07\\\/prf-conclui-xi-operacao-tematica-de-fiscalizacao-de-transportes-de-passageiros-em-osorio\\\/#primaryimage\"},\"image\":{\"@id\":\"https:\\\/\\\/redelitoralrs.com\\\/index.php\\\/2024\\\/11\\\/07\\\/prf-conclui-xi-operacao-tematica-de-fiscalizacao-de-transportes-de-passageiros-em-osorio\\\/#primaryimage\"},\"thumbnailUrl\":\"https:\\\/\\\/redelitoralrs.com\\\/wp-content\\\/uploads\\\/2024\\\/11\\\/fc49983d-cb19-4f9c-b5d7-afbbbd5f68cc.jpeg\",\"datePublished\":\"2024-11-07T18:22:00+00:00\",\"breadcrumb\":{\"@id\":\"https:\\\/\\\/redelitoralrs.com\\\/index.php\\\/2024\\\/11\\\/07\\\/prf-conclui-xi-operacao-tematica-de-fiscalizacao-de-transportes-de-passageiros-em-osorio\\\/#breadcrumb\"},\"inLanguage\":\"pt-BR\",\"potentialAction\":[{\"@type\":\"ReadAction\",\"target\":[\"https:\\\/\\\/redelitoralrs.com\\\/index.php\\\/2024\\\/11\\\/07\\\/prf-conclui-xi-operacao-tematica-de-fiscalizacao-de-transportes-de-passageiros-em-osorio\\\/\"]}]},{\"@type\":\"ImageObject\",\"inLanguage\":\"pt-BR\",\"@id\":\"https:\\\/\\\/redelitoralrs.com\\\/index.php\\\/2024\\\/11\\\/07\\\/prf-conclui-xi-operacao-tematica-de-fiscalizacao-de-transportes-de-passageiros-em-osorio\\\/#primaryimage\",\"url\":\"https:\\\/\\\/redelitoralrs.com\\\/wp-content\\\/uploads\\\/2024\\\/11\\\/fc49983d-cb19-4f9c-b5d7-afbbbd5f68cc.jpeg\",\"contentUrl\":\"https:\\\/\\\/redelitoralrs.com\\\/wp-content\\\/uploads\\\/2024\\\/11\\\/fc49983d-cb19-4f9c-b5d7-afbbbd5f68cc.jpeg\",\"width\":576,\"height\":768},{\"@type\":\"BreadcrumbList\",\"@id\":\"https:\\\/\\\/redelitoralrs.com\\\/index.php\\\/2024\\\/11\\\/07\\\/prf-conclui-xi-operacao-tematica-de-fiscalizacao-de-transportes-de-passageiros-em-osorio\\\/#breadcrumb\",\"itemListElement\":[{\"@type\":\"ListItem\",\"position\":1,\"name\":\"In\u00edcio\",\"item\":\"https:\\\/\\\/redelitoralrs.com\\\/\"},{\"@type\":\"ListItem\",\"position\":2,\"name\":\"PRF Conclui XI Opera\u00e7\u00e3o Tem\u00e1tica de Fiscaliza\u00e7\u00e3o de Transportes de Passageiros em Os\u00f3rio\"}]},{\"@type\":\"WebSite\",\"@id\":\"https:\\\/\\\/redelitoralrs.com\\\/#website\",\"url\":\"https:\\\/\\\/redelitoralrs.com\\\/\",\"name\":\"TV Litoral\",\"description\":\"Acompanhe tudo do litoral ga\u00facho com a cobertura completa e atualizada da Rede Litoral RS. Nossos jornalistas trazem as \u00faltimas not\u00edcias, os acontecimentos mais quentes e as hist\u00f3rias que importam sobre nosso amado litoral.\",\"publisher\":{\"@id\":\"https:\\\/\\\/redelitoralrs.com\\\/#organization\"},\"potentialAction\":[{\"@type\":\"SearchAction\",\"target\":{\"@type\":\"EntryPoint\",\"urlTemplate\":\"https:\\\/\\\/redelitoralrs.com\\\/?s={search_term_string}\"},\"query-input\":{\"@type\":\"PropertyValueSpecification\",\"valueRequired\":true,\"valueName\":\"search_term_string\"}}],\"inLanguage\":\"pt-BR\"},{\"@type\":\"Organization\",\"@id\":\"https:\\\/\\\/redelitoralrs.com\\\/#organization\",\"name\":\"TV Litoral\",\"url\":\"https:\\\/\\\/redelitoralrs.com\\\/\",\"logo\":{\"@type\":\"ImageObject\",\"inLanguage\":\"pt-BR\",\"@id\":\"https:\\\/\\\/redelitoralrs.com\\\/#\\\/schema\\\/logo\\\/image\\\/\",\"url\":\"https:\\\/\\\/redelitoralrs.com\\\/wp-content\\\/uploads\\\/2024\\\/01\\\/faviconicon-1-1.png\",\"contentUrl\":\"https:\\\/\\\/redelitoralrs.com\\\/wp-content\\\/uploads\\\/2024\\\/01\\\/faviconicon-1-1.png\",\"width\":454,\"height\":454,\"caption\":\"TV Litoral\"},\"image\":{\"@id\":\"https:\\\/\\\/redelitoralrs.com\\\/#\\\/schema\\\/logo\\\/image\\\/\"},\"sameAs\":[\"https:\\\/\\\/www.facebook.com\\\/tvlitoralrsoficial\",\"https:\\\/\\\/www.instagram.com\\\/tvlitoral.rs\"]},{\"@type\":\"Person\",\"@id\":\"https:\\\/\\\/redelitoralrs.com\\\/#\\\/schema\\\/person\\\/85c65b1c88846df987f1375ada408471\",\"name\":\"admin\",\"image\":{\"@type\":\"ImageObject\",\"inLanguage\":\"pt-BR\",\"@id\":\"https:\\\/\\\/redelitoralrs.com\\\/wp-content\\\/litespeed\\\/avatar\\\/1007594a94d8d95d448b73058d2535db.jpg?ver=1776958492\",\"url\":\"https:\\\/\\\/redelitoralrs.com\\\/wp-content\\\/litespeed\\\/avatar\\\/1007594a94d8d95d448b73058d2535db.jpg?ver=1776958492\",\"contentUrl\":\"https:\\\/\\\/redelitoralrs.com\\\/wp-content\\\/litespeed\\\/avatar\\\/1007594a94d8d95d448b73058d2535db.jpg?ver=1776958492\",\"caption\":\"admin\"},\"sameAs\":[\"https:\\\/\\\/redelitoralrs.com\"],\"url\":\"https:\\\/\\\/redelitoralrs.com\\\/index.php\\\/author\\\/admin\\\/\"}]}<\/script>\n<!-- \/ Yoast SEO plugin. -->","yoast_head_json":{"title":"PRF Conclui XI Opera\u00e7\u00e3o Tem\u00e1tica de Fiscaliza\u00e7\u00e3o de Transportes de Passageiros em Os\u00f3rio - Rede Litoral RS","robots":{"index":"index","follow":"follow","max-snippet":"max-snippet:-1","max-image-preview":"max-image-preview:large","max-video-preview":"max-video-preview:-1"},"canonical":"https:\/\/redelitoralrs.com\/index.php\/2024\/11\/07\/prf-conclui-xi-operacao-tematica-de-fiscalizacao-de-transportes-de-passageiros-em-osorio\/","og_locale":"pt_BR","og_type":"article","og_title":"PRF Conclui XI Opera\u00e7\u00e3o Tem\u00e1tica de Fiscaliza\u00e7\u00e3o de Transportes de Passageiros em Os\u00f3rio - Rede Litoral RS","og_description":"A Pol\u00edcia Rodovi\u00e1ria Federal (PRF) concluiu, nesta quinta-feira (07), a XI Opera\u00e7\u00e3o Tem\u00e1tica de Fiscaliza\u00e7\u00e3o de Transportes de Passageiros (OTEPAS), que foi realizada ao longo de 11 dias em v\u00e1rias rodovias do Rio Grande do Sul, com foco espec\u00edfico em vans, t\u00e1xis, \u00f4nibus, ve\u00edculos de transporte escolar e transporte individual por aplicativo. A opera\u00e7\u00e3o teve [&hellip;]","og_url":"https:\/\/redelitoralrs.com\/index.php\/2024\/11\/07\/prf-conclui-xi-operacao-tematica-de-fiscalizacao-de-transportes-de-passageiros-em-osorio\/","og_site_name":"Rede Litoral RS","article_publisher":"https:\/\/www.facebook.com\/tvlitoralrsoficial","article_published_time":"2024-11-07T18:22:00+00:00","og_image":[{"width":576,"height":768,"url":"https:\/\/redelitoralrs.com\/wp-content\/uploads\/2024\/11\/fc49983d-cb19-4f9c-b5d7-afbbbd5f68cc.jpeg","type":"image\/jpeg"}],"author":"admin","twitter_card":"summary_large_image","twitter_misc":{"Escrito por":"admin","Est. tempo de leitura":"2 minutos"},"schema":{"@context":"https:\/\/schema.org","@graph":[{"@type":"Article","@id":"https:\/\/redelitoralrs.com\/index.php\/2024\/11\/07\/prf-conclui-xi-operacao-tematica-de-fiscalizacao-de-transportes-de-passageiros-em-osorio\/#article","isPartOf":{"@id":"https:\/\/redelitoralrs.com\/index.php\/2024\/11\/07\/prf-conclui-xi-operacao-tematica-de-fiscalizacao-de-transportes-de-passageiros-em-osorio\/"},"author":{"name":"admin","@id":"https:\/\/redelitoralrs.com\/#\/schema\/person\/85c65b1c88846df987f1375ada408471"},"headline":"PRF Conclui XI Opera\u00e7\u00e3o Tem\u00e1tica de Fiscaliza\u00e7\u00e3o de Transportes de Passageiros em Os\u00f3rio","datePublished":"2024-11-07T18:22:00+00:00","mainEntityOfPage":{"@id":"https:\/\/redelitoralrs.com\/index.php\/2024\/11\/07\/prf-conclui-xi-operacao-tematica-de-fiscalizacao-de-transportes-de-passageiros-em-osorio\/"},"wordCount":365,"commentCount":0,"publisher":{"@id":"https:\/\/redelitoralrs.com\/#organization"},"image":{"@id":"https:\/\/redelitoralrs.com\/index.php\/2024\/11\/07\/prf-conclui-xi-operacao-tematica-de-fiscalizacao-de-transportes-de-passageiros-em-osorio\/#primaryimage"},"thumbnailUrl":"https:\/\/redelitoralrs.com\/wp-content\/uploads\/2024\/11\/fc49983d-cb19-4f9c-b5d7-afbbbd5f68cc.jpeg","keywords":["litoral norte","not\u00edcia"],"articleSection":["Os\u00f3rio","\u00daltimas not\u00edcias"],"inLanguage":"pt-BR","potentialAction":[{"@type":"CommentAction","name":"Comment","target":["https:\/\/redelitoralrs.com\/index.php\/2024\/11\/07\/prf-conclui-xi-operacao-tematica-de-fiscalizacao-de-transportes-de-passageiros-em-osorio\/#respond"]}]},{"@type":"WebPage","@id":"https:\/\/redelitoralrs.com\/index.php\/2024\/11\/07\/prf-conclui-xi-operacao-tematica-de-fiscalizacao-de-transportes-de-passageiros-em-osorio\/","url":"https:\/\/redelitoralrs.com\/index.php\/2024\/11\/07\/prf-conclui-xi-operacao-tematica-de-fiscalizacao-de-transportes-de-passageiros-em-osorio\/","name":"PRF Conclui XI Opera\u00e7\u00e3o Tem\u00e1tica de Fiscaliza\u00e7\u00e3o de Transportes de Passageiros em Os\u00f3rio - Rede Litoral RS","isPartOf":{"@id":"https:\/\/redelitoralrs.com\/#website"},"primaryImageOfPage":{"@id":"https:\/\/redelitoralrs.com\/index.php\/2024\/11\/07\/prf-conclui-xi-operacao-tematica-de-fiscalizacao-de-transportes-de-passageiros-em-osorio\/#primaryimage"},"image":{"@id":"https:\/\/redelitoralrs.com\/index.php\/2024\/11\/07\/prf-conclui-xi-operacao-tematica-de-fiscalizacao-de-transportes-de-passageiros-em-osorio\/#primaryimage"},"thumbnailUrl":"https:\/\/redelitoralrs.com\/wp-content\/uploads\/2024\/11\/fc49983d-cb19-4f9c-b5d7-afbbbd5f68cc.jpeg","datePublished":"2024-11-07T18:22:00+00:00","breadcrumb":{"@id":"https:\/\/redelitoralrs.com\/index.php\/2024\/11\/07\/prf-conclui-xi-operacao-tematica-de-fiscalizacao-de-transportes-de-passageiros-em-osorio\/#breadcrumb"},"inLanguage":"pt-BR","potentialAction":[{"@type":"ReadAction","target":["https:\/\/redelitoralrs.com\/index.php\/2024\/11\/07\/prf-conclui-xi-operacao-tematica-de-fiscalizacao-de-transportes-de-passageiros-em-osorio\/"]}]},{"@type":"ImageObject","inLanguage":"pt-BR","@id":"https:\/\/redelitoralrs.com\/index.php\/2024\/11\/07\/prf-conclui-xi-operacao-tematica-de-fiscalizacao-de-transportes-de-passageiros-em-osorio\/#primaryimage","url":"https:\/\/redelitoralrs.com\/wp-content\/uploads\/2024\/11\/fc49983d-cb19-4f9c-b5d7-afbbbd5f68cc.jpeg","contentUrl":"https:\/\/redelitoralrs.com\/wp-content\/uploads\/2024\/11\/fc49983d-cb19-4f9c-b5d7-afbbbd5f68cc.jpeg","width":576,"height":768},{"@type":"BreadcrumbList","@id":"https:\/\/redelitoralrs.com\/index.php\/2024\/11\/07\/prf-conclui-xi-operacao-tematica-de-fiscalizacao-de-transportes-de-passageiros-em-osorio\/#breadcrumb","itemListElement":[{"@type":"ListItem","position":1,"name":"In\u00edcio","item":"https:\/\/redelitoralrs.com\/"},{"@type":"ListItem","position":2,"name":"PRF Conclui XI Opera\u00e7\u00e3o Tem\u00e1tica de Fiscaliza\u00e7\u00e3o de Transportes de Passageiros em Os\u00f3rio"}]},{"@type":"WebSite","@id":"https:\/\/redelitoralrs.com\/#website","url":"https:\/\/redelitoralrs.com\/","name":"TV Litoral","description":"Acompanhe tudo do litoral ga\u00facho com a cobertura completa e atualizada da Rede Litoral RS. Nossos jornalistas trazem as \u00faltimas not\u00edcias, os acontecimentos mais quentes e as hist\u00f3rias que importam sobre nosso amado litoral.","publisher":{"@id":"https:\/\/redelitoralrs.com\/#organization"},"potentialAction":[{"@type":"SearchAction","target":{"@type":"EntryPoint","urlTemplate":"https:\/\/redelitoralrs.com\/?s={search_term_string}"},"query-input":{"@type":"PropertyValueSpecification","valueRequired":true,"valueName":"search_term_string"}}],"inLanguage":"pt-BR"},{"@type":"Organization","@id":"https:\/\/redelitoralrs.com\/#organization","name":"TV Litoral","url":"https:\/\/redelitoralrs.com\/","logo":{"@type":"ImageObject","inLanguage":"pt-BR","@id":"https:\/\/redelitoralrs.com\/#\/schema\/logo\/image\/","url":"https:\/\/redelitoralrs.com\/wp-content\/uploads\/2024\/01\/faviconicon-1-1.png","contentUrl":"https:\/\/redelitoralrs.com\/wp-content\/uploads\/2024\/01\/faviconicon-1-1.png","width":454,"height":454,"caption":"TV Litoral"},"image":{"@id":"https:\/\/redelitoralrs.com\/#\/schema\/logo\/image\/"},"sameAs":["https:\/\/www.facebook.com\/tvlitoralrsoficial","https:\/\/www.instagram.com\/tvlitoral.rs"]},{"@type":"Person","@id":"https:\/\/redelitoralrs.com\/#\/schema\/person\/85c65b1c88846df987f1375ada408471","name":"admin","image":{"@type":"ImageObject","inLanguage":"pt-BR","@id":"https:\/\/redelitoralrs.com\/wp-content\/litespeed\/avatar\/1007594a94d8d95d448b73058d2535db.jpg?ver=1776958492","url":"https:\/\/redelitoralrs.com\/wp-content\/litespeed\/avatar\/1007594a94d8d95d448b73058d2535db.jpg?ver=1776958492","contentUrl":"https:\/\/redelitoralrs.com\/wp-content\/litespeed\/avatar\/1007594a94d8d95d448b73058d2535db.jpg?ver=1776958492","caption":"admin"},"sameAs":["https:\/\/redelitoralrs.com"],"url":"https:\/\/redelitoralrs.com\/index.php\/author\/admin\/"}]}},"_links":{"self":[{"href":"https:\/\/redelitoralrs.com\/index.php\/wp-json\/wp\/v2\/posts\/4196","targetHints":{"allow":["GET"]}}],"collection":[{"href":"https:\/\/redelitoralrs.com\/index.php\/wp-json\/wp\/v2\/posts"}],"about":[{"href":"https:\/\/redelitoralrs.com\/index.php\/wp-json\/wp\/v2\/types\/post"}],"author":[{"embeddable":true,"href":"https:\/\/redelitoralrs.com\/index.php\/wp-json\/wp\/v2\/users\/1"}],"replies":[{"embeddable":true,"href":"https:\/\/redelitoralrs.com\/index.php\/wp-json\/wp\/v2\/comments?post=4196"}],"version-history":[{"count":1,"href":"https:\/\/redelitoralrs.com\/index.php\/wp-json\/wp\/v2\/posts\/4196\/revisions"}],"predecessor-version":[{"id":4198,"href":"https:\/\/redelitoralrs.com\/index.php\/wp-json\/wp\/v2\/posts\/4196\/revisions\/4198"}],"wp:featuredmedia":[{"embeddable":true,"href":"https:\/\/redelitoralrs.com\/index.php\/wp-json\/wp\/v2\/media\/4197"}],"wp:attachment":[{"href":"https:\/\/redelitoralrs.com\/index.php\/wp-json\/wp\/v2\/media?parent=4196"}],"wp:term":[{"taxonomy":"category","embeddable":true,"href":"https:\/\/redelitoralrs.com\/index.php\/wp-json\/wp\/v2\/categories?post=4196"},{"taxonomy":"post_tag","embeddable":true,"href":"https:\/\/redelitoralrs.com\/index.php\/wp-json\/wp\/v2\/tags?post=4196"}],"curies":[{"name":"wp","href":"https:\/\/api.w.org\/{rel}","templated":true}]}}