{"id":3935,"date":"2024-10-28T16:55:57","date_gmt":"2024-10-28T19:55:57","guid":{"rendered":"https:\/\/redelitoralrs.com\/?p=3935"},"modified":"2024-10-28T16:55:58","modified_gmt":"2024-10-28T19:55:58","slug":"a-policia-civil-de-osorio-e-imbe-interceptou-uma-tentativa-de-entrada-de-drogas-celulares-e-outros-itens-na-penitenciaria-modulada-de-osorio","status":"publish","type":"post","link":"https:\/\/redelitoralrs.com\/index.php\/2024\/10\/28\/a-policia-civil-de-osorio-e-imbe-interceptou-uma-tentativa-de-entrada-de-drogas-celulares-e-outros-itens-na-penitenciaria-modulada-de-osorio\/","title":{"rendered":"A Pol\u00edcia Civil de Os\u00f3rio e Imb\u00e9 interceptou uma tentativa de entrada de drogas, celulares e outros itens na Penitenci\u00e1ria Modulada de Os\u00f3rio."},"content":{"rendered":"\n<p>A a\u00e7\u00e3o ocorreu na madrugada de 27 de outubro, com a pris\u00e3o de dois suspeitos ligados a uma fac\u00e7\u00e3o criminosa. Os policiais apreenderam um rev\u00f3lver, muni\u00e7\u00f5es e cerca de 60 metros de corda, que continha celulares, carregadores, drogas e outros materiais ilegais. Os detidos responder\u00e3o por tr\u00e1fico de drogas, porte de arma e outros crimes.<\/p>\n","protected":false},"excerpt":{"rendered":"<p>A a\u00e7\u00e3o ocorreu na madrugada de 27 de outubro, com a pris\u00e3o de dois suspeitos ligados a uma fac\u00e7\u00e3o criminosa. Os policiais apreenderam um rev\u00f3lver, muni\u00e7\u00f5es e cerca de 60 metros de corda, que continha celulares, carregadores, drogas e outros materiais ilegais. Os detidos responder\u00e3o por tr\u00e1fico de drogas, porte de arma e outros crimes.<\/p>\n","protected":false},"author":1,"featured_media":0,"comment_status":"open","ping_status":"open","sticky":false,"template":"","format":"standard","meta":{"_themeisle_gutenberg_block_has_review":false,"footnotes":""},"categories":[30,172],"tags":[],"class_list":["post-3935","post","type-post","status-publish","format-standard","hentry","category-imbe","category-osorio"],"yoast_head":"<!-- This site is optimized with the Yoast SEO plugin v27.4 - https:\/\/yoast.com\/product\/yoast-seo-wordpress\/ -->\n<title>A Pol\u00edcia Civil de Os\u00f3rio e Imb\u00e9 interceptou uma tentativa de entrada de drogas, celulares e outros itens na Penitenci\u00e1ria Modulada de Os\u00f3rio. - Rede Litoral RS<\/title>\n<meta name=\"robots\" content=\"index, follow, max-snippet:-1, max-image-preview:large, max-video-preview:-1\" \/>\n<link rel=\"canonical\" href=\"https:\/\/redelitoralrs.com\/index.php\/2024\/10\/28\/a-policia-civil-de-osorio-e-imbe-interceptou-uma-tentativa-de-entrada-de-drogas-celulares-e-outros-itens-na-penitenciaria-modulada-de-osorio\/\" \/>\n<meta property=\"og:locale\" content=\"pt_BR\" \/>\n<meta property=\"og:type\" content=\"article\" \/>\n<meta property=\"og:title\" content=\"A Pol\u00edcia Civil de Os\u00f3rio e Imb\u00e9 interceptou uma tentativa de entrada de drogas, celulares e outros itens na Penitenci\u00e1ria Modulada de Os\u00f3rio. - Rede Litoral RS\" \/>\n<meta property=\"og:description\" content=\"A a\u00e7\u00e3o ocorreu na madrugada de 27 de outubro, com a pris\u00e3o de dois suspeitos ligados a uma fac\u00e7\u00e3o criminosa. Os policiais apreenderam um rev\u00f3lver, muni\u00e7\u00f5es e cerca de 60 metros de corda, que continha celulares, carregadores, drogas e outros materiais ilegais. Os detidos responder\u00e3o por tr\u00e1fico de drogas, porte de arma e outros crimes.\" \/>\n<meta property=\"og:url\" content=\"https:\/\/redelitoralrs.com\/index.php\/2024\/10\/28\/a-policia-civil-de-osorio-e-imbe-interceptou-uma-tentativa-de-entrada-de-drogas-celulares-e-outros-itens-na-penitenciaria-modulada-de-osorio\/\" \/>\n<meta property=\"og:site_name\" content=\"Rede Litoral RS\" \/>\n<meta property=\"article:publisher\" content=\"https:\/\/www.facebook.com\/tvlitoralrsoficial\" \/>\n<meta property=\"article:published_time\" content=\"2024-10-28T19:55:57+00:00\" \/>\n<meta property=\"article:modified_time\" content=\"2024-10-28T19:55:58+00:00\" \/>\n<meta name=\"author\" content=\"admin\" \/>\n<meta name=\"twitter:card\" content=\"summary_large_image\" \/>\n<meta name=\"twitter:label1\" content=\"Escrito por\" \/>\n\t<meta name=\"twitter:data1\" content=\"admin\" \/>\n\t<meta name=\"twitter:label2\" content=\"Est. tempo de leitura\" \/>\n\t<meta name=\"twitter:data2\" content=\"1 minuto\" \/>\n<script type=\"application\/ld+json\" class=\"yoast-schema-graph\">{\"@context\":\"https:\\\/\\\/schema.org\",\"@graph\":[{\"@type\":\"Article\",\"@id\":\"https:\\\/\\\/redelitoralrs.com\\\/index.php\\\/2024\\\/10\\\/28\\\/a-policia-civil-de-osorio-e-imbe-interceptou-uma-tentativa-de-entrada-de-drogas-celulares-e-outros-itens-na-penitenciaria-modulada-de-osorio\\\/#article\",\"isPartOf\":{\"@id\":\"https:\\\/\\\/redelitoralrs.com\\\/index.php\\\/2024\\\/10\\\/28\\\/a-policia-civil-de-osorio-e-imbe-interceptou-uma-tentativa-de-entrada-de-drogas-celulares-e-outros-itens-na-penitenciaria-modulada-de-osorio\\\/\"},\"author\":{\"name\":\"admin\",\"@id\":\"https:\\\/\\\/redelitoralrs.com\\\/#\\\/schema\\\/person\\\/85c65b1c88846df987f1375ada408471\"},\"headline\":\"A Pol\u00edcia Civil de Os\u00f3rio e Imb\u00e9 interceptou uma tentativa de entrada de drogas, celulares e outros itens na Penitenci\u00e1ria Modulada de Os\u00f3rio.\",\"datePublished\":\"2024-10-28T19:55:57+00:00\",\"dateModified\":\"2024-10-28T19:55:58+00:00\",\"mainEntityOfPage\":{\"@id\":\"https:\\\/\\\/redelitoralrs.com\\\/index.php\\\/2024\\\/10\\\/28\\\/a-policia-civil-de-osorio-e-imbe-interceptou-uma-tentativa-de-entrada-de-drogas-celulares-e-outros-itens-na-penitenciaria-modulada-de-osorio\\\/\"},\"wordCount\":87,\"commentCount\":0,\"publisher\":{\"@id\":\"https:\\\/\\\/redelitoralrs.com\\\/#organization\"},\"articleSection\":[\"Imb\u00e9\",\"Os\u00f3rio\"],\"inLanguage\":\"pt-BR\",\"potentialAction\":[{\"@type\":\"CommentAction\",\"name\":\"Comment\",\"target\":[\"https:\\\/\\\/redelitoralrs.com\\\/index.php\\\/2024\\\/10\\\/28\\\/a-policia-civil-de-osorio-e-imbe-interceptou-uma-tentativa-de-entrada-de-drogas-celulares-e-outros-itens-na-penitenciaria-modulada-de-osorio\\\/#respond\"]}]},{\"@type\":\"WebPage\",\"@id\":\"https:\\\/\\\/redelitoralrs.com\\\/index.php\\\/2024\\\/10\\\/28\\\/a-policia-civil-de-osorio-e-imbe-interceptou-uma-tentativa-de-entrada-de-drogas-celulares-e-outros-itens-na-penitenciaria-modulada-de-osorio\\\/\",\"url\":\"https:\\\/\\\/redelitoralrs.com\\\/index.php\\\/2024\\\/10\\\/28\\\/a-policia-civil-de-osorio-e-imbe-interceptou-uma-tentativa-de-entrada-de-drogas-celulares-e-outros-itens-na-penitenciaria-modulada-de-osorio\\\/\",\"name\":\"A Pol\u00edcia Civil de Os\u00f3rio e Imb\u00e9 interceptou uma tentativa de entrada de drogas, celulares e outros itens na Penitenci\u00e1ria Modulada de Os\u00f3rio. - Rede Litoral RS\",\"isPartOf\":{\"@id\":\"https:\\\/\\\/redelitoralrs.com\\\/#website\"},\"datePublished\":\"2024-10-28T19:55:57+00:00\",\"dateModified\":\"2024-10-28T19:55:58+00:00\",\"breadcrumb\":{\"@id\":\"https:\\\/\\\/redelitoralrs.com\\\/index.php\\\/2024\\\/10\\\/28\\\/a-policia-civil-de-osorio-e-imbe-interceptou-uma-tentativa-de-entrada-de-drogas-celulares-e-outros-itens-na-penitenciaria-modulada-de-osorio\\\/#breadcrumb\"},\"inLanguage\":\"pt-BR\",\"potentialAction\":[{\"@type\":\"ReadAction\",\"target\":[\"https:\\\/\\\/redelitoralrs.com\\\/index.php\\\/2024\\\/10\\\/28\\\/a-policia-civil-de-osorio-e-imbe-interceptou-uma-tentativa-de-entrada-de-drogas-celulares-e-outros-itens-na-penitenciaria-modulada-de-osorio\\\/\"]}]},{\"@type\":\"BreadcrumbList\",\"@id\":\"https:\\\/\\\/redelitoralrs.com\\\/index.php\\\/2024\\\/10\\\/28\\\/a-policia-civil-de-osorio-e-imbe-interceptou-uma-tentativa-de-entrada-de-drogas-celulares-e-outros-itens-na-penitenciaria-modulada-de-osorio\\\/#breadcrumb\",\"itemListElement\":[{\"@type\":\"ListItem\",\"position\":1,\"name\":\"In\u00edcio\",\"item\":\"https:\\\/\\\/redelitoralrs.com\\\/\"},{\"@type\":\"ListItem\",\"position\":2,\"name\":\"A Pol\u00edcia Civil de Os\u00f3rio e Imb\u00e9 interceptou uma tentativa de entrada de drogas, celulares e outros itens na Penitenci\u00e1ria Modulada de Os\u00f3rio.\"}]},{\"@type\":\"WebSite\",\"@id\":\"https:\\\/\\\/redelitoralrs.com\\\/#website\",\"url\":\"https:\\\/\\\/redelitoralrs.com\\\/\",\"name\":\"TV Litoral\",\"description\":\"Acompanhe tudo do litoral ga\u00facho com a cobertura completa e atualizada da Rede Litoral RS. Nossos jornalistas trazem as \u00faltimas not\u00edcias, os acontecimentos mais quentes e as hist\u00f3rias que importam sobre nosso amado litoral.\",\"publisher\":{\"@id\":\"https:\\\/\\\/redelitoralrs.com\\\/#organization\"},\"potentialAction\":[{\"@type\":\"SearchAction\",\"target\":{\"@type\":\"EntryPoint\",\"urlTemplate\":\"https:\\\/\\\/redelitoralrs.com\\\/?s={search_term_string}\"},\"query-input\":{\"@type\":\"PropertyValueSpecification\",\"valueRequired\":true,\"valueName\":\"search_term_string\"}}],\"inLanguage\":\"pt-BR\"},{\"@type\":\"Organization\",\"@id\":\"https:\\\/\\\/redelitoralrs.com\\\/#organization\",\"name\":\"TV Litoral\",\"url\":\"https:\\\/\\\/redelitoralrs.com\\\/\",\"logo\":{\"@type\":\"ImageObject\",\"inLanguage\":\"pt-BR\",\"@id\":\"https:\\\/\\\/redelitoralrs.com\\\/#\\\/schema\\\/logo\\\/image\\\/\",\"url\":\"https:\\\/\\\/redelitoralrs.com\\\/wp-content\\\/uploads\\\/2024\\\/01\\\/faviconicon-1-1.png\",\"contentUrl\":\"https:\\\/\\\/redelitoralrs.com\\\/wp-content\\\/uploads\\\/2024\\\/01\\\/faviconicon-1-1.png\",\"width\":454,\"height\":454,\"caption\":\"TV Litoral\"},\"image\":{\"@id\":\"https:\\\/\\\/redelitoralrs.com\\\/#\\\/schema\\\/logo\\\/image\\\/\"},\"sameAs\":[\"https:\\\/\\\/www.facebook.com\\\/tvlitoralrsoficial\",\"https:\\\/\\\/www.instagram.com\\\/tvlitoral.rs\"]},{\"@type\":\"Person\",\"@id\":\"https:\\\/\\\/redelitoralrs.com\\\/#\\\/schema\\\/person\\\/85c65b1c88846df987f1375ada408471\",\"name\":\"admin\",\"image\":{\"@type\":\"ImageObject\",\"inLanguage\":\"pt-BR\",\"@id\":\"https:\\\/\\\/redelitoralrs.com\\\/wp-content\\\/litespeed\\\/avatar\\\/1007594a94d8d95d448b73058d2535db.jpg?ver=1777563465\",\"url\":\"https:\\\/\\\/redelitoralrs.com\\\/wp-content\\\/litespeed\\\/avatar\\\/1007594a94d8d95d448b73058d2535db.jpg?ver=1777563465\",\"contentUrl\":\"https:\\\/\\\/redelitoralrs.com\\\/wp-content\\\/litespeed\\\/avatar\\\/1007594a94d8d95d448b73058d2535db.jpg?ver=1777563465\",\"caption\":\"admin\"},\"sameAs\":[\"https:\\\/\\\/redelitoralrs.com\"],\"url\":\"https:\\\/\\\/redelitoralrs.com\\\/index.php\\\/author\\\/admin\\\/\"}]}<\/script>\n<!-- \/ Yoast SEO plugin. -->","yoast_head_json":{"title":"A Pol\u00edcia Civil de Os\u00f3rio e Imb\u00e9 interceptou uma tentativa de entrada de drogas, celulares e outros itens na Penitenci\u00e1ria Modulada de Os\u00f3rio. - Rede Litoral RS","robots":{"index":"index","follow":"follow","max-snippet":"max-snippet:-1","max-image-preview":"max-image-preview:large","max-video-preview":"max-video-preview:-1"},"canonical":"https:\/\/redelitoralrs.com\/index.php\/2024\/10\/28\/a-policia-civil-de-osorio-e-imbe-interceptou-uma-tentativa-de-entrada-de-drogas-celulares-e-outros-itens-na-penitenciaria-modulada-de-osorio\/","og_locale":"pt_BR","og_type":"article","og_title":"A Pol\u00edcia Civil de Os\u00f3rio e Imb\u00e9 interceptou uma tentativa de entrada de drogas, celulares e outros itens na Penitenci\u00e1ria Modulada de Os\u00f3rio. - Rede Litoral RS","og_description":"A a\u00e7\u00e3o ocorreu na madrugada de 27 de outubro, com a pris\u00e3o de dois suspeitos ligados a uma fac\u00e7\u00e3o criminosa. Os policiais apreenderam um rev\u00f3lver, muni\u00e7\u00f5es e cerca de 60 metros de corda, que continha celulares, carregadores, drogas e outros materiais ilegais. Os detidos responder\u00e3o por tr\u00e1fico de drogas, porte de arma e outros crimes.","og_url":"https:\/\/redelitoralrs.com\/index.php\/2024\/10\/28\/a-policia-civil-de-osorio-e-imbe-interceptou-uma-tentativa-de-entrada-de-drogas-celulares-e-outros-itens-na-penitenciaria-modulada-de-osorio\/","og_site_name":"Rede Litoral RS","article_publisher":"https:\/\/www.facebook.com\/tvlitoralrsoficial","article_published_time":"2024-10-28T19:55:57+00:00","article_modified_time":"2024-10-28T19:55:58+00:00","author":"admin","twitter_card":"summary_large_image","twitter_misc":{"Escrito por":"admin","Est. tempo de leitura":"1 minuto"},"schema":{"@context":"https:\/\/schema.org","@graph":[{"@type":"Article","@id":"https:\/\/redelitoralrs.com\/index.php\/2024\/10\/28\/a-policia-civil-de-osorio-e-imbe-interceptou-uma-tentativa-de-entrada-de-drogas-celulares-e-outros-itens-na-penitenciaria-modulada-de-osorio\/#article","isPartOf":{"@id":"https:\/\/redelitoralrs.com\/index.php\/2024\/10\/28\/a-policia-civil-de-osorio-e-imbe-interceptou-uma-tentativa-de-entrada-de-drogas-celulares-e-outros-itens-na-penitenciaria-modulada-de-osorio\/"},"author":{"name":"admin","@id":"https:\/\/redelitoralrs.com\/#\/schema\/person\/85c65b1c88846df987f1375ada408471"},"headline":"A Pol\u00edcia Civil de Os\u00f3rio e Imb\u00e9 interceptou uma tentativa de entrada de drogas, celulares e outros itens na Penitenci\u00e1ria Modulada de Os\u00f3rio.","datePublished":"2024-10-28T19:55:57+00:00","dateModified":"2024-10-28T19:55:58+00:00","mainEntityOfPage":{"@id":"https:\/\/redelitoralrs.com\/index.php\/2024\/10\/28\/a-policia-civil-de-osorio-e-imbe-interceptou-uma-tentativa-de-entrada-de-drogas-celulares-e-outros-itens-na-penitenciaria-modulada-de-osorio\/"},"wordCount":87,"commentCount":0,"publisher":{"@id":"https:\/\/redelitoralrs.com\/#organization"},"articleSection":["Imb\u00e9","Os\u00f3rio"],"inLanguage":"pt-BR","potentialAction":[{"@type":"CommentAction","name":"Comment","target":["https:\/\/redelitoralrs.com\/index.php\/2024\/10\/28\/a-policia-civil-de-osorio-e-imbe-interceptou-uma-tentativa-de-entrada-de-drogas-celulares-e-outros-itens-na-penitenciaria-modulada-de-osorio\/#respond"]}]},{"@type":"WebPage","@id":"https:\/\/redelitoralrs.com\/index.php\/2024\/10\/28\/a-policia-civil-de-osorio-e-imbe-interceptou-uma-tentativa-de-entrada-de-drogas-celulares-e-outros-itens-na-penitenciaria-modulada-de-osorio\/","url":"https:\/\/redelitoralrs.com\/index.php\/2024\/10\/28\/a-policia-civil-de-osorio-e-imbe-interceptou-uma-tentativa-de-entrada-de-drogas-celulares-e-outros-itens-na-penitenciaria-modulada-de-osorio\/","name":"A Pol\u00edcia Civil de Os\u00f3rio e Imb\u00e9 interceptou uma tentativa de entrada de drogas, celulares e outros itens na Penitenci\u00e1ria Modulada de Os\u00f3rio. - Rede Litoral RS","isPartOf":{"@id":"https:\/\/redelitoralrs.com\/#website"},"datePublished":"2024-10-28T19:55:57+00:00","dateModified":"2024-10-28T19:55:58+00:00","breadcrumb":{"@id":"https:\/\/redelitoralrs.com\/index.php\/2024\/10\/28\/a-policia-civil-de-osorio-e-imbe-interceptou-uma-tentativa-de-entrada-de-drogas-celulares-e-outros-itens-na-penitenciaria-modulada-de-osorio\/#breadcrumb"},"inLanguage":"pt-BR","potentialAction":[{"@type":"ReadAction","target":["https:\/\/redelitoralrs.com\/index.php\/2024\/10\/28\/a-policia-civil-de-osorio-e-imbe-interceptou-uma-tentativa-de-entrada-de-drogas-celulares-e-outros-itens-na-penitenciaria-modulada-de-osorio\/"]}]},{"@type":"BreadcrumbList","@id":"https:\/\/redelitoralrs.com\/index.php\/2024\/10\/28\/a-policia-civil-de-osorio-e-imbe-interceptou-uma-tentativa-de-entrada-de-drogas-celulares-e-outros-itens-na-penitenciaria-modulada-de-osorio\/#breadcrumb","itemListElement":[{"@type":"ListItem","position":1,"name":"In\u00edcio","item":"https:\/\/redelitoralrs.com\/"},{"@type":"ListItem","position":2,"name":"A Pol\u00edcia Civil de Os\u00f3rio e Imb\u00e9 interceptou uma tentativa de entrada de drogas, celulares e outros itens na Penitenci\u00e1ria Modulada de Os\u00f3rio."}]},{"@type":"WebSite","@id":"https:\/\/redelitoralrs.com\/#website","url":"https:\/\/redelitoralrs.com\/","name":"TV Litoral","description":"Acompanhe tudo do litoral ga\u00facho com a cobertura completa e atualizada da Rede Litoral RS. Nossos jornalistas trazem as \u00faltimas not\u00edcias, os acontecimentos mais quentes e as hist\u00f3rias que importam sobre nosso amado litoral.","publisher":{"@id":"https:\/\/redelitoralrs.com\/#organization"},"potentialAction":[{"@type":"SearchAction","target":{"@type":"EntryPoint","urlTemplate":"https:\/\/redelitoralrs.com\/?s={search_term_string}"},"query-input":{"@type":"PropertyValueSpecification","valueRequired":true,"valueName":"search_term_string"}}],"inLanguage":"pt-BR"},{"@type":"Organization","@id":"https:\/\/redelitoralrs.com\/#organization","name":"TV Litoral","url":"https:\/\/redelitoralrs.com\/","logo":{"@type":"ImageObject","inLanguage":"pt-BR","@id":"https:\/\/redelitoralrs.com\/#\/schema\/logo\/image\/","url":"https:\/\/redelitoralrs.com\/wp-content\/uploads\/2024\/01\/faviconicon-1-1.png","contentUrl":"https:\/\/redelitoralrs.com\/wp-content\/uploads\/2024\/01\/faviconicon-1-1.png","width":454,"height":454,"caption":"TV Litoral"},"image":{"@id":"https:\/\/redelitoralrs.com\/#\/schema\/logo\/image\/"},"sameAs":["https:\/\/www.facebook.com\/tvlitoralrsoficial","https:\/\/www.instagram.com\/tvlitoral.rs"]},{"@type":"Person","@id":"https:\/\/redelitoralrs.com\/#\/schema\/person\/85c65b1c88846df987f1375ada408471","name":"admin","image":{"@type":"ImageObject","inLanguage":"pt-BR","@id":"https:\/\/redelitoralrs.com\/wp-content\/litespeed\/avatar\/1007594a94d8d95d448b73058d2535db.jpg?ver=1777563465","url":"https:\/\/redelitoralrs.com\/wp-content\/litespeed\/avatar\/1007594a94d8d95d448b73058d2535db.jpg?ver=1777563465","contentUrl":"https:\/\/redelitoralrs.com\/wp-content\/litespeed\/avatar\/1007594a94d8d95d448b73058d2535db.jpg?ver=1777563465","caption":"admin"},"sameAs":["https:\/\/redelitoralrs.com"],"url":"https:\/\/redelitoralrs.com\/index.php\/author\/admin\/"}]}},"_links":{"self":[{"href":"https:\/\/redelitoralrs.com\/index.php\/wp-json\/wp\/v2\/posts\/3935","targetHints":{"allow":["GET"]}}],"collection":[{"href":"https:\/\/redelitoralrs.com\/index.php\/wp-json\/wp\/v2\/posts"}],"about":[{"href":"https:\/\/redelitoralrs.com\/index.php\/wp-json\/wp\/v2\/types\/post"}],"author":[{"embeddable":true,"href":"https:\/\/redelitoralrs.com\/index.php\/wp-json\/wp\/v2\/users\/1"}],"replies":[{"embeddable":true,"href":"https:\/\/redelitoralrs.com\/index.php\/wp-json\/wp\/v2\/comments?post=3935"}],"version-history":[{"count":1,"href":"https:\/\/redelitoralrs.com\/index.php\/wp-json\/wp\/v2\/posts\/3935\/revisions"}],"predecessor-version":[{"id":3936,"href":"https:\/\/redelitoralrs.com\/index.php\/wp-json\/wp\/v2\/posts\/3935\/revisions\/3936"}],"wp:attachment":[{"href":"https:\/\/redelitoralrs.com\/index.php\/wp-json\/wp\/v2\/media?parent=3935"}],"wp:term":[{"taxonomy":"category","embeddable":true,"href":"https:\/\/redelitoralrs.com\/index.php\/wp-json\/wp\/v2\/categories?post=3935"},{"taxonomy":"post_tag","embeddable":true,"href":"https:\/\/redelitoralrs.com\/index.php\/wp-json\/wp\/v2\/tags?post=3935"}],"curies":[{"name":"wp","href":"https:\/\/api.w.org\/{rel}","templated":true}]}}