{"id":3899,"date":"2024-10-25T12:17:20","date_gmt":"2024-10-25T15:17:20","guid":{"rendered":"https:\/\/redelitoralrs.com\/?p=3899"},"modified":"2024-10-25T12:17:20","modified_gmt":"2024-10-25T15:17:20","slug":"a-corsan-esta-deslocando-dois-geradores-para-torres-e-outro-para-santo-antonio-da-patrulha-na-manha-desta-sexta-feira-25-para-normalizar-o-abastecimento-nesses-municipios","status":"publish","type":"post","link":"https:\/\/redelitoralrs.com\/index.php\/2024\/10\/25\/a-corsan-esta-deslocando-dois-geradores-para-torres-e-outro-para-santo-antonio-da-patrulha-na-manha-desta-sexta-feira-25-para-normalizar-o-abastecimento-nesses-municipios\/","title":{"rendered":"A Corsan est\u00e1 deslocando dois geradores para Torres e outro para Santo Ant\u00f4nio da Patrulha na manh\u00e3 desta sexta-feira, 25, para normalizar o abastecimento nesses munic\u00edpios."},"content":{"rendered":"\n<p>Um gerador foi levado ainda durante a madrugada e est\u00e1 instalado na esta\u00e7\u00e3o de tratamento do distrito de Granja Vargas, em Palmares do Sul, para garantir o fornecimento de \u00e1gua. A situa\u00e7\u00e3o de desabastecimento ocorreu ap\u00f3s o temporal que atingiu o Litoral Norte na tarde de quinta-feira, 24, e deixou v\u00e1rias cidades sem energia el\u00e9trica.<\/p>\n\n\n\n<p>Em Santo Ant\u00f4nio da Patrulha, o gerador ser\u00e1 instalado junto ao po\u00e7o que abastece o bairro Vila Palmeira e, em Torres, um ser\u00e1 instalado na esta\u00e7\u00e3o de bombeamento de \u00e1gua tratada no bairro S\u00e3o Jorge (parte alta) e o outro, junto \u00e0 esta\u00e7\u00e3o de bombeamento de \u00e1gua tratada localizada na Praia Real, ao sul da cidade, para normalizar a distribui\u00e7\u00e3o tamb\u00e9m na zona norte do munic\u00edpio de Arroio do Sal. A previs\u00e3o \u00e9 de que o fornecimento seja normalizado at\u00e9 o final desta manh\u00e3, de forma gradual.<\/p>\n","protected":false},"excerpt":{"rendered":"<p>Um gerador foi levado ainda durante a madrugada e est\u00e1 instalado na esta\u00e7\u00e3o de tratamento do distrito de Granja Vargas, em Palmares do Sul, para garantir o fornecimento de \u00e1gua. A situa\u00e7\u00e3o de desabastecimento ocorreu ap\u00f3s o temporal que atingiu o Litoral Norte na tarde de quinta-feira, 24, e deixou v\u00e1rias cidades sem energia el\u00e9trica. [&hellip;]<\/p>\n","protected":false},"author":1,"featured_media":3900,"comment_status":"open","ping_status":"open","sticky":false,"template":"","format":"standard","meta":{"_themeisle_gutenberg_block_has_review":false,"footnotes":""},"categories":[20,186,31,15],"tags":[103,92,128],"class_list":["post-3899","post","type-post","status-publish","format-standard","has-post-thumbnail","hentry","category-litoral_norte","category-santo-antonio-da-patrulha","category-torres","category-noticias","tag-litoral-norte","tag-noticia","tag-rio-grande-do-sul"],"yoast_head":"<!-- This site is optimized with the Yoast SEO plugin v27.4 - https:\/\/yoast.com\/product\/yoast-seo-wordpress\/ -->\n<title>A Corsan est\u00e1 deslocando dois geradores para Torres e outro para Santo Ant\u00f4nio da Patrulha na manh\u00e3 desta sexta-feira, 25, para normalizar o abastecimento nesses munic\u00edpios. - Rede Litoral RS<\/title>\n<meta name=\"robots\" content=\"index, follow, max-snippet:-1, max-image-preview:large, max-video-preview:-1\" \/>\n<link rel=\"canonical\" href=\"https:\/\/redelitoralrs.com\/index.php\/2024\/10\/25\/a-corsan-esta-deslocando-dois-geradores-para-torres-e-outro-para-santo-antonio-da-patrulha-na-manha-desta-sexta-feira-25-para-normalizar-o-abastecimento-nesses-municipios\/\" \/>\n<meta property=\"og:locale\" content=\"pt_BR\" \/>\n<meta property=\"og:type\" content=\"article\" \/>\n<meta property=\"og:title\" content=\"A Corsan est\u00e1 deslocando dois geradores para Torres e outro para Santo Ant\u00f4nio da Patrulha na manh\u00e3 desta sexta-feira, 25, para normalizar o abastecimento nesses munic\u00edpios. - Rede Litoral RS\" \/>\n<meta property=\"og:description\" content=\"Um gerador foi levado ainda durante a madrugada e est\u00e1 instalado na esta\u00e7\u00e3o de tratamento do distrito de Granja Vargas, em Palmares do Sul, para garantir o fornecimento de \u00e1gua. A situa\u00e7\u00e3o de desabastecimento ocorreu ap\u00f3s o temporal que atingiu o Litoral Norte na tarde de quinta-feira, 24, e deixou v\u00e1rias cidades sem energia el\u00e9trica. [&hellip;]\" \/>\n<meta property=\"og:url\" content=\"https:\/\/redelitoralrs.com\/index.php\/2024\/10\/25\/a-corsan-esta-deslocando-dois-geradores-para-torres-e-outro-para-santo-antonio-da-patrulha-na-manha-desta-sexta-feira-25-para-normalizar-o-abastecimento-nesses-municipios\/\" \/>\n<meta property=\"og:site_name\" content=\"Rede Litoral RS\" \/>\n<meta property=\"article:publisher\" content=\"https:\/\/www.facebook.com\/tvlitoralrsoficial\" \/>\n<meta property=\"article:published_time\" content=\"2024-10-25T15:17:20+00:00\" \/>\n<meta property=\"og:image\" content=\"https:\/\/redelitoralrs.com\/wp-content\/uploads\/2024\/10\/Corsan_Gerador_251024.webp\" \/>\n\t<meta property=\"og:image:width\" content=\"1030\" \/>\n\t<meta property=\"og:image:height\" content=\"549\" \/>\n\t<meta property=\"og:image:type\" content=\"image\/webp\" \/>\n<meta name=\"author\" content=\"admin\" \/>\n<meta name=\"twitter:card\" content=\"summary_large_image\" \/>\n<meta name=\"twitter:label1\" content=\"Escrito por\" \/>\n\t<meta name=\"twitter:data1\" content=\"admin\" \/>\n\t<meta name=\"twitter:label2\" content=\"Est. tempo de leitura\" \/>\n\t<meta name=\"twitter:data2\" content=\"1 minuto\" \/>\n<script type=\"application\/ld+json\" class=\"yoast-schema-graph\">{\"@context\":\"https:\\\/\\\/schema.org\",\"@graph\":[{\"@type\":\"Article\",\"@id\":\"https:\\\/\\\/redelitoralrs.com\\\/index.php\\\/2024\\\/10\\\/25\\\/a-corsan-esta-deslocando-dois-geradores-para-torres-e-outro-para-santo-antonio-da-patrulha-na-manha-desta-sexta-feira-25-para-normalizar-o-abastecimento-nesses-municipios\\\/#article\",\"isPartOf\":{\"@id\":\"https:\\\/\\\/redelitoralrs.com\\\/index.php\\\/2024\\\/10\\\/25\\\/a-corsan-esta-deslocando-dois-geradores-para-torres-e-outro-para-santo-antonio-da-patrulha-na-manha-desta-sexta-feira-25-para-normalizar-o-abastecimento-nesses-municipios\\\/\"},\"author\":{\"name\":\"admin\",\"@id\":\"https:\\\/\\\/redelitoralrs.com\\\/#\\\/schema\\\/person\\\/85c65b1c88846df987f1375ada408471\"},\"headline\":\"A Corsan est\u00e1 deslocando dois geradores para Torres e outro para Santo Ant\u00f4nio da Patrulha na manh\u00e3 desta sexta-feira, 25, para normalizar o abastecimento nesses munic\u00edpios.\",\"datePublished\":\"2024-10-25T15:17:20+00:00\",\"mainEntityOfPage\":{\"@id\":\"https:\\\/\\\/redelitoralrs.com\\\/index.php\\\/2024\\\/10\\\/25\\\/a-corsan-esta-deslocando-dois-geradores-para-torres-e-outro-para-santo-antonio-da-patrulha-na-manha-desta-sexta-feira-25-para-normalizar-o-abastecimento-nesses-municipios\\\/\"},\"wordCount\":180,\"commentCount\":0,\"publisher\":{\"@id\":\"https:\\\/\\\/redelitoralrs.com\\\/#organization\"},\"image\":{\"@id\":\"https:\\\/\\\/redelitoralrs.com\\\/index.php\\\/2024\\\/10\\\/25\\\/a-corsan-esta-deslocando-dois-geradores-para-torres-e-outro-para-santo-antonio-da-patrulha-na-manha-desta-sexta-feira-25-para-normalizar-o-abastecimento-nesses-municipios\\\/#primaryimage\"},\"thumbnailUrl\":\"https:\\\/\\\/redelitoralrs.com\\\/wp-content\\\/uploads\\\/2024\\\/10\\\/Corsan_Gerador_251024.webp\",\"keywords\":[\"litoral norte\",\"not\u00edcia\",\"rio grande do sul\"],\"articleSection\":[\"Litoral Norte\",\"Santo Ant\u00f4nio da Patrulha\",\"Torres\",\"\u00daltimas not\u00edcias\"],\"inLanguage\":\"pt-BR\",\"potentialAction\":[{\"@type\":\"CommentAction\",\"name\":\"Comment\",\"target\":[\"https:\\\/\\\/redelitoralrs.com\\\/index.php\\\/2024\\\/10\\\/25\\\/a-corsan-esta-deslocando-dois-geradores-para-torres-e-outro-para-santo-antonio-da-patrulha-na-manha-desta-sexta-feira-25-para-normalizar-o-abastecimento-nesses-municipios\\\/#respond\"]}]},{\"@type\":\"WebPage\",\"@id\":\"https:\\\/\\\/redelitoralrs.com\\\/index.php\\\/2024\\\/10\\\/25\\\/a-corsan-esta-deslocando-dois-geradores-para-torres-e-outro-para-santo-antonio-da-patrulha-na-manha-desta-sexta-feira-25-para-normalizar-o-abastecimento-nesses-municipios\\\/\",\"url\":\"https:\\\/\\\/redelitoralrs.com\\\/index.php\\\/2024\\\/10\\\/25\\\/a-corsan-esta-deslocando-dois-geradores-para-torres-e-outro-para-santo-antonio-da-patrulha-na-manha-desta-sexta-feira-25-para-normalizar-o-abastecimento-nesses-municipios\\\/\",\"name\":\"A Corsan est\u00e1 deslocando dois geradores para Torres e outro para Santo Ant\u00f4nio da Patrulha na manh\u00e3 desta sexta-feira, 25, para normalizar o abastecimento nesses munic\u00edpios. - Rede Litoral RS\",\"isPartOf\":{\"@id\":\"https:\\\/\\\/redelitoralrs.com\\\/#website\"},\"primaryImageOfPage\":{\"@id\":\"https:\\\/\\\/redelitoralrs.com\\\/index.php\\\/2024\\\/10\\\/25\\\/a-corsan-esta-deslocando-dois-geradores-para-torres-e-outro-para-santo-antonio-da-patrulha-na-manha-desta-sexta-feira-25-para-normalizar-o-abastecimento-nesses-municipios\\\/#primaryimage\"},\"image\":{\"@id\":\"https:\\\/\\\/redelitoralrs.com\\\/index.php\\\/2024\\\/10\\\/25\\\/a-corsan-esta-deslocando-dois-geradores-para-torres-e-outro-para-santo-antonio-da-patrulha-na-manha-desta-sexta-feira-25-para-normalizar-o-abastecimento-nesses-municipios\\\/#primaryimage\"},\"thumbnailUrl\":\"https:\\\/\\\/redelitoralrs.com\\\/wp-content\\\/uploads\\\/2024\\\/10\\\/Corsan_Gerador_251024.webp\",\"datePublished\":\"2024-10-25T15:17:20+00:00\",\"breadcrumb\":{\"@id\":\"https:\\\/\\\/redelitoralrs.com\\\/index.php\\\/2024\\\/10\\\/25\\\/a-corsan-esta-deslocando-dois-geradores-para-torres-e-outro-para-santo-antonio-da-patrulha-na-manha-desta-sexta-feira-25-para-normalizar-o-abastecimento-nesses-municipios\\\/#breadcrumb\"},\"inLanguage\":\"pt-BR\",\"potentialAction\":[{\"@type\":\"ReadAction\",\"target\":[\"https:\\\/\\\/redelitoralrs.com\\\/index.php\\\/2024\\\/10\\\/25\\\/a-corsan-esta-deslocando-dois-geradores-para-torres-e-outro-para-santo-antonio-da-patrulha-na-manha-desta-sexta-feira-25-para-normalizar-o-abastecimento-nesses-municipios\\\/\"]}]},{\"@type\":\"ImageObject\",\"inLanguage\":\"pt-BR\",\"@id\":\"https:\\\/\\\/redelitoralrs.com\\\/index.php\\\/2024\\\/10\\\/25\\\/a-corsan-esta-deslocando-dois-geradores-para-torres-e-outro-para-santo-antonio-da-patrulha-na-manha-desta-sexta-feira-25-para-normalizar-o-abastecimento-nesses-municipios\\\/#primaryimage\",\"url\":\"https:\\\/\\\/redelitoralrs.com\\\/wp-content\\\/uploads\\\/2024\\\/10\\\/Corsan_Gerador_251024.webp\",\"contentUrl\":\"https:\\\/\\\/redelitoralrs.com\\\/wp-content\\\/uploads\\\/2024\\\/10\\\/Corsan_Gerador_251024.webp\",\"width\":1030,\"height\":549},{\"@type\":\"BreadcrumbList\",\"@id\":\"https:\\\/\\\/redelitoralrs.com\\\/index.php\\\/2024\\\/10\\\/25\\\/a-corsan-esta-deslocando-dois-geradores-para-torres-e-outro-para-santo-antonio-da-patrulha-na-manha-desta-sexta-feira-25-para-normalizar-o-abastecimento-nesses-municipios\\\/#breadcrumb\",\"itemListElement\":[{\"@type\":\"ListItem\",\"position\":1,\"name\":\"In\u00edcio\",\"item\":\"https:\\\/\\\/redelitoralrs.com\\\/\"},{\"@type\":\"ListItem\",\"position\":2,\"name\":\"A Corsan est\u00e1 deslocando dois geradores para Torres e outro para Santo Ant\u00f4nio da Patrulha na manh\u00e3 desta sexta-feira, 25, para normalizar o abastecimento nesses munic\u00edpios.\"}]},{\"@type\":\"WebSite\",\"@id\":\"https:\\\/\\\/redelitoralrs.com\\\/#website\",\"url\":\"https:\\\/\\\/redelitoralrs.com\\\/\",\"name\":\"TV Litoral\",\"description\":\"Acompanhe tudo do litoral ga\u00facho com a cobertura completa e atualizada da Rede Litoral RS. Nossos jornalistas trazem as \u00faltimas not\u00edcias, os acontecimentos mais quentes e as hist\u00f3rias que importam sobre nosso amado litoral.\",\"publisher\":{\"@id\":\"https:\\\/\\\/redelitoralrs.com\\\/#organization\"},\"potentialAction\":[{\"@type\":\"SearchAction\",\"target\":{\"@type\":\"EntryPoint\",\"urlTemplate\":\"https:\\\/\\\/redelitoralrs.com\\\/?s={search_term_string}\"},\"query-input\":{\"@type\":\"PropertyValueSpecification\",\"valueRequired\":true,\"valueName\":\"search_term_string\"}}],\"inLanguage\":\"pt-BR\"},{\"@type\":\"Organization\",\"@id\":\"https:\\\/\\\/redelitoralrs.com\\\/#organization\",\"name\":\"TV Litoral\",\"url\":\"https:\\\/\\\/redelitoralrs.com\\\/\",\"logo\":{\"@type\":\"ImageObject\",\"inLanguage\":\"pt-BR\",\"@id\":\"https:\\\/\\\/redelitoralrs.com\\\/#\\\/schema\\\/logo\\\/image\\\/\",\"url\":\"https:\\\/\\\/redelitoralrs.com\\\/wp-content\\\/uploads\\\/2024\\\/01\\\/faviconicon-1-1.png\",\"contentUrl\":\"https:\\\/\\\/redelitoralrs.com\\\/wp-content\\\/uploads\\\/2024\\\/01\\\/faviconicon-1-1.png\",\"width\":454,\"height\":454,\"caption\":\"TV Litoral\"},\"image\":{\"@id\":\"https:\\\/\\\/redelitoralrs.com\\\/#\\\/schema\\\/logo\\\/image\\\/\"},\"sameAs\":[\"https:\\\/\\\/www.facebook.com\\\/tvlitoralrsoficial\",\"https:\\\/\\\/www.instagram.com\\\/tvlitoral.rs\"]},{\"@type\":\"Person\",\"@id\":\"https:\\\/\\\/redelitoralrs.com\\\/#\\\/schema\\\/person\\\/85c65b1c88846df987f1375ada408471\",\"name\":\"admin\",\"image\":{\"@type\":\"ImageObject\",\"inLanguage\":\"pt-BR\",\"@id\":\"https:\\\/\\\/redelitoralrs.com\\\/wp-content\\\/litespeed\\\/avatar\\\/1007594a94d8d95d448b73058d2535db.jpg?ver=1776958492\",\"url\":\"https:\\\/\\\/redelitoralrs.com\\\/wp-content\\\/litespeed\\\/avatar\\\/1007594a94d8d95d448b73058d2535db.jpg?ver=1776958492\",\"contentUrl\":\"https:\\\/\\\/redelitoralrs.com\\\/wp-content\\\/litespeed\\\/avatar\\\/1007594a94d8d95d448b73058d2535db.jpg?ver=1776958492\",\"caption\":\"admin\"},\"sameAs\":[\"https:\\\/\\\/redelitoralrs.com\"],\"url\":\"https:\\\/\\\/redelitoralrs.com\\\/index.php\\\/author\\\/admin\\\/\"}]}<\/script>\n<!-- \/ Yoast SEO plugin. -->","yoast_head_json":{"title":"A Corsan est\u00e1 deslocando dois geradores para Torres e outro para Santo Ant\u00f4nio da Patrulha na manh\u00e3 desta sexta-feira, 25, para normalizar o abastecimento nesses munic\u00edpios. - Rede Litoral RS","robots":{"index":"index","follow":"follow","max-snippet":"max-snippet:-1","max-image-preview":"max-image-preview:large","max-video-preview":"max-video-preview:-1"},"canonical":"https:\/\/redelitoralrs.com\/index.php\/2024\/10\/25\/a-corsan-esta-deslocando-dois-geradores-para-torres-e-outro-para-santo-antonio-da-patrulha-na-manha-desta-sexta-feira-25-para-normalizar-o-abastecimento-nesses-municipios\/","og_locale":"pt_BR","og_type":"article","og_title":"A Corsan est\u00e1 deslocando dois geradores para Torres e outro para Santo Ant\u00f4nio da Patrulha na manh\u00e3 desta sexta-feira, 25, para normalizar o abastecimento nesses munic\u00edpios. - Rede Litoral RS","og_description":"Um gerador foi levado ainda durante a madrugada e est\u00e1 instalado na esta\u00e7\u00e3o de tratamento do distrito de Granja Vargas, em Palmares do Sul, para garantir o fornecimento de \u00e1gua. A situa\u00e7\u00e3o de desabastecimento ocorreu ap\u00f3s o temporal que atingiu o Litoral Norte na tarde de quinta-feira, 24, e deixou v\u00e1rias cidades sem energia el\u00e9trica. [&hellip;]","og_url":"https:\/\/redelitoralrs.com\/index.php\/2024\/10\/25\/a-corsan-esta-deslocando-dois-geradores-para-torres-e-outro-para-santo-antonio-da-patrulha-na-manha-desta-sexta-feira-25-para-normalizar-o-abastecimento-nesses-municipios\/","og_site_name":"Rede Litoral RS","article_publisher":"https:\/\/www.facebook.com\/tvlitoralrsoficial","article_published_time":"2024-10-25T15:17:20+00:00","og_image":[{"width":1030,"height":549,"url":"https:\/\/redelitoralrs.com\/wp-content\/uploads\/2024\/10\/Corsan_Gerador_251024.webp","type":"image\/webp"}],"author":"admin","twitter_card":"summary_large_image","twitter_misc":{"Escrito por":"admin","Est. tempo de leitura":"1 minuto"},"schema":{"@context":"https:\/\/schema.org","@graph":[{"@type":"Article","@id":"https:\/\/redelitoralrs.com\/index.php\/2024\/10\/25\/a-corsan-esta-deslocando-dois-geradores-para-torres-e-outro-para-santo-antonio-da-patrulha-na-manha-desta-sexta-feira-25-para-normalizar-o-abastecimento-nesses-municipios\/#article","isPartOf":{"@id":"https:\/\/redelitoralrs.com\/index.php\/2024\/10\/25\/a-corsan-esta-deslocando-dois-geradores-para-torres-e-outro-para-santo-antonio-da-patrulha-na-manha-desta-sexta-feira-25-para-normalizar-o-abastecimento-nesses-municipios\/"},"author":{"name":"admin","@id":"https:\/\/redelitoralrs.com\/#\/schema\/person\/85c65b1c88846df987f1375ada408471"},"headline":"A Corsan est\u00e1 deslocando dois geradores para Torres e outro para Santo Ant\u00f4nio da Patrulha na manh\u00e3 desta sexta-feira, 25, para normalizar o abastecimento nesses munic\u00edpios.","datePublished":"2024-10-25T15:17:20+00:00","mainEntityOfPage":{"@id":"https:\/\/redelitoralrs.com\/index.php\/2024\/10\/25\/a-corsan-esta-deslocando-dois-geradores-para-torres-e-outro-para-santo-antonio-da-patrulha-na-manha-desta-sexta-feira-25-para-normalizar-o-abastecimento-nesses-municipios\/"},"wordCount":180,"commentCount":0,"publisher":{"@id":"https:\/\/redelitoralrs.com\/#organization"},"image":{"@id":"https:\/\/redelitoralrs.com\/index.php\/2024\/10\/25\/a-corsan-esta-deslocando-dois-geradores-para-torres-e-outro-para-santo-antonio-da-patrulha-na-manha-desta-sexta-feira-25-para-normalizar-o-abastecimento-nesses-municipios\/#primaryimage"},"thumbnailUrl":"https:\/\/redelitoralrs.com\/wp-content\/uploads\/2024\/10\/Corsan_Gerador_251024.webp","keywords":["litoral norte","not\u00edcia","rio grande do sul"],"articleSection":["Litoral Norte","Santo Ant\u00f4nio da Patrulha","Torres","\u00daltimas not\u00edcias"],"inLanguage":"pt-BR","potentialAction":[{"@type":"CommentAction","name":"Comment","target":["https:\/\/redelitoralrs.com\/index.php\/2024\/10\/25\/a-corsan-esta-deslocando-dois-geradores-para-torres-e-outro-para-santo-antonio-da-patrulha-na-manha-desta-sexta-feira-25-para-normalizar-o-abastecimento-nesses-municipios\/#respond"]}]},{"@type":"WebPage","@id":"https:\/\/redelitoralrs.com\/index.php\/2024\/10\/25\/a-corsan-esta-deslocando-dois-geradores-para-torres-e-outro-para-santo-antonio-da-patrulha-na-manha-desta-sexta-feira-25-para-normalizar-o-abastecimento-nesses-municipios\/","url":"https:\/\/redelitoralrs.com\/index.php\/2024\/10\/25\/a-corsan-esta-deslocando-dois-geradores-para-torres-e-outro-para-santo-antonio-da-patrulha-na-manha-desta-sexta-feira-25-para-normalizar-o-abastecimento-nesses-municipios\/","name":"A Corsan est\u00e1 deslocando dois geradores para Torres e outro para Santo Ant\u00f4nio da Patrulha na manh\u00e3 desta sexta-feira, 25, para normalizar o abastecimento nesses munic\u00edpios. - Rede Litoral RS","isPartOf":{"@id":"https:\/\/redelitoralrs.com\/#website"},"primaryImageOfPage":{"@id":"https:\/\/redelitoralrs.com\/index.php\/2024\/10\/25\/a-corsan-esta-deslocando-dois-geradores-para-torres-e-outro-para-santo-antonio-da-patrulha-na-manha-desta-sexta-feira-25-para-normalizar-o-abastecimento-nesses-municipios\/#primaryimage"},"image":{"@id":"https:\/\/redelitoralrs.com\/index.php\/2024\/10\/25\/a-corsan-esta-deslocando-dois-geradores-para-torres-e-outro-para-santo-antonio-da-patrulha-na-manha-desta-sexta-feira-25-para-normalizar-o-abastecimento-nesses-municipios\/#primaryimage"},"thumbnailUrl":"https:\/\/redelitoralrs.com\/wp-content\/uploads\/2024\/10\/Corsan_Gerador_251024.webp","datePublished":"2024-10-25T15:17:20+00:00","breadcrumb":{"@id":"https:\/\/redelitoralrs.com\/index.php\/2024\/10\/25\/a-corsan-esta-deslocando-dois-geradores-para-torres-e-outro-para-santo-antonio-da-patrulha-na-manha-desta-sexta-feira-25-para-normalizar-o-abastecimento-nesses-municipios\/#breadcrumb"},"inLanguage":"pt-BR","potentialAction":[{"@type":"ReadAction","target":["https:\/\/redelitoralrs.com\/index.php\/2024\/10\/25\/a-corsan-esta-deslocando-dois-geradores-para-torres-e-outro-para-santo-antonio-da-patrulha-na-manha-desta-sexta-feira-25-para-normalizar-o-abastecimento-nesses-municipios\/"]}]},{"@type":"ImageObject","inLanguage":"pt-BR","@id":"https:\/\/redelitoralrs.com\/index.php\/2024\/10\/25\/a-corsan-esta-deslocando-dois-geradores-para-torres-e-outro-para-santo-antonio-da-patrulha-na-manha-desta-sexta-feira-25-para-normalizar-o-abastecimento-nesses-municipios\/#primaryimage","url":"https:\/\/redelitoralrs.com\/wp-content\/uploads\/2024\/10\/Corsan_Gerador_251024.webp","contentUrl":"https:\/\/redelitoralrs.com\/wp-content\/uploads\/2024\/10\/Corsan_Gerador_251024.webp","width":1030,"height":549},{"@type":"BreadcrumbList","@id":"https:\/\/redelitoralrs.com\/index.php\/2024\/10\/25\/a-corsan-esta-deslocando-dois-geradores-para-torres-e-outro-para-santo-antonio-da-patrulha-na-manha-desta-sexta-feira-25-para-normalizar-o-abastecimento-nesses-municipios\/#breadcrumb","itemListElement":[{"@type":"ListItem","position":1,"name":"In\u00edcio","item":"https:\/\/redelitoralrs.com\/"},{"@type":"ListItem","position":2,"name":"A Corsan est\u00e1 deslocando dois geradores para Torres e outro para Santo Ant\u00f4nio da Patrulha na manh\u00e3 desta sexta-feira, 25, para normalizar o abastecimento nesses munic\u00edpios."}]},{"@type":"WebSite","@id":"https:\/\/redelitoralrs.com\/#website","url":"https:\/\/redelitoralrs.com\/","name":"TV Litoral","description":"Acompanhe tudo do litoral ga\u00facho com a cobertura completa e atualizada da Rede Litoral RS. Nossos jornalistas trazem as \u00faltimas not\u00edcias, os acontecimentos mais quentes e as hist\u00f3rias que importam sobre nosso amado litoral.","publisher":{"@id":"https:\/\/redelitoralrs.com\/#organization"},"potentialAction":[{"@type":"SearchAction","target":{"@type":"EntryPoint","urlTemplate":"https:\/\/redelitoralrs.com\/?s={search_term_string}"},"query-input":{"@type":"PropertyValueSpecification","valueRequired":true,"valueName":"search_term_string"}}],"inLanguage":"pt-BR"},{"@type":"Organization","@id":"https:\/\/redelitoralrs.com\/#organization","name":"TV Litoral","url":"https:\/\/redelitoralrs.com\/","logo":{"@type":"ImageObject","inLanguage":"pt-BR","@id":"https:\/\/redelitoralrs.com\/#\/schema\/logo\/image\/","url":"https:\/\/redelitoralrs.com\/wp-content\/uploads\/2024\/01\/faviconicon-1-1.png","contentUrl":"https:\/\/redelitoralrs.com\/wp-content\/uploads\/2024\/01\/faviconicon-1-1.png","width":454,"height":454,"caption":"TV Litoral"},"image":{"@id":"https:\/\/redelitoralrs.com\/#\/schema\/logo\/image\/"},"sameAs":["https:\/\/www.facebook.com\/tvlitoralrsoficial","https:\/\/www.instagram.com\/tvlitoral.rs"]},{"@type":"Person","@id":"https:\/\/redelitoralrs.com\/#\/schema\/person\/85c65b1c88846df987f1375ada408471","name":"admin","image":{"@type":"ImageObject","inLanguage":"pt-BR","@id":"https:\/\/redelitoralrs.com\/wp-content\/litespeed\/avatar\/1007594a94d8d95d448b73058d2535db.jpg?ver=1776958492","url":"https:\/\/redelitoralrs.com\/wp-content\/litespeed\/avatar\/1007594a94d8d95d448b73058d2535db.jpg?ver=1776958492","contentUrl":"https:\/\/redelitoralrs.com\/wp-content\/litespeed\/avatar\/1007594a94d8d95d448b73058d2535db.jpg?ver=1776958492","caption":"admin"},"sameAs":["https:\/\/redelitoralrs.com"],"url":"https:\/\/redelitoralrs.com\/index.php\/author\/admin\/"}]}},"_links":{"self":[{"href":"https:\/\/redelitoralrs.com\/index.php\/wp-json\/wp\/v2\/posts\/3899","targetHints":{"allow":["GET"]}}],"collection":[{"href":"https:\/\/redelitoralrs.com\/index.php\/wp-json\/wp\/v2\/posts"}],"about":[{"href":"https:\/\/redelitoralrs.com\/index.php\/wp-json\/wp\/v2\/types\/post"}],"author":[{"embeddable":true,"href":"https:\/\/redelitoralrs.com\/index.php\/wp-json\/wp\/v2\/users\/1"}],"replies":[{"embeddable":true,"href":"https:\/\/redelitoralrs.com\/index.php\/wp-json\/wp\/v2\/comments?post=3899"}],"version-history":[{"count":1,"href":"https:\/\/redelitoralrs.com\/index.php\/wp-json\/wp\/v2\/posts\/3899\/revisions"}],"predecessor-version":[{"id":3901,"href":"https:\/\/redelitoralrs.com\/index.php\/wp-json\/wp\/v2\/posts\/3899\/revisions\/3901"}],"wp:featuredmedia":[{"embeddable":true,"href":"https:\/\/redelitoralrs.com\/index.php\/wp-json\/wp\/v2\/media\/3900"}],"wp:attachment":[{"href":"https:\/\/redelitoralrs.com\/index.php\/wp-json\/wp\/v2\/media?parent=3899"}],"wp:term":[{"taxonomy":"category","embeddable":true,"href":"https:\/\/redelitoralrs.com\/index.php\/wp-json\/wp\/v2\/categories?post=3899"},{"taxonomy":"post_tag","embeddable":true,"href":"https:\/\/redelitoralrs.com\/index.php\/wp-json\/wp\/v2\/tags?post=3899"}],"curies":[{"name":"wp","href":"https:\/\/api.w.org\/{rel}","templated":true}]}}