{"id":3075,"date":"2024-09-18T15:58:43","date_gmt":"2024-09-18T18:58:43","guid":{"rendered":"https:\/\/redelitoralrs.com\/?p=3075"},"modified":"2024-09-18T15:58:44","modified_gmt":"2024-09-18T18:58:44","slug":"comandante-da-2a-cia-da-bm-de-santo-antonio-da-patrulha-discute-seguranca-publica-com-acisap","status":"publish","type":"post","link":"https:\/\/redelitoralrs.com\/index.php\/2024\/09\/18\/comandante-da-2a-cia-da-bm-de-santo-antonio-da-patrulha-discute-seguranca-publica-com-acisap\/","title":{"rendered":"Comandante da 2\u00aa Cia da BM de Santo Ant\u00f4nio da Patrulha Discute Seguran\u00e7a P\u00fablica com ACISAP"},"content":{"rendered":"\n<p>Na tarde de quarta-feira, 18 de setembro, o capit\u00e3o Thaires Selister, comandante da 2\u00aa Companhia Policial-Militar de Santo Ant\u00f4nio da Patrulha, realizou uma importante reuni\u00e3o na sede da companhia com a presidente da Associa\u00e7\u00e3o Comercial, Industrial e de Servi\u00e7os de Santo Ant\u00f4nio da Patrulha (ACISAP), Andreia Peixoto dos Santos, e a gerente administrativa, Maria Beatriz Marques.<\/p>\n\n\n\n<h4 class=\"wp-block-heading\">Objetivos da Reuni\u00e3o<\/h4>\n\n\n\n<p>O encontro teve como foco principal a discuss\u00e3o de medidas de seguran\u00e7a p\u00fablica voltadas para a \u00e1rea comercial do munic\u00edpio. Durante a conversa, foram abordadas a\u00e7\u00f5es de policiamento ostensivo e comunit\u00e1rio, com o intuito de garantir maior prote\u00e7\u00e3o tanto para os comerciantes quanto para a popula\u00e7\u00e3o local.<\/p>\n\n\n\n<p>O capit\u00e3o Selister enfatizou o compromisso da Brigada Militar em apoiar a comunidade, afirmando: &#8220;A Brigada Militar est\u00e1 sempre pronta para ajudar a comunidade, oferecendo o apoio necess\u00e1rio para garantir a seguran\u00e7a e tranquilidade de todos.&#8221; Essa declara\u00e7\u00e3o ressalta a import\u00e2ncia da colabora\u00e7\u00e3o entre as for\u00e7as de seguran\u00e7a e a sociedade civil.<\/p>\n\n\n\n<h4 class=\"wp-block-heading\">Fortalecendo a Colabora\u00e7\u00e3o<\/h4>\n\n\n\n<p>A reuni\u00e3o \u00e9 parte de uma s\u00e9rie de di\u00e1logos estabelecidos entre a Brigada Militar e representantes da comunidade, com o objetivo de aprimorar as opera\u00e7\u00f5es e ajustar as a\u00e7\u00f5es de seguran\u00e7a conforme as necessidades espec\u00edficas da popula\u00e7\u00e3o. A troca de informa\u00e7\u00f5es e sugest\u00f5es \u00e9 fundamental para o desenvolvimento de estrat\u00e9gias eficazes que atendam \u00e0s demandas locais.<\/p>\n\n\n\n<p>Esse tipo de intera\u00e7\u00e3o n\u00e3o apenas fortalece os la\u00e7os entre a Brigada Militar e a comunidade, mas tamb\u00e9m promove um ambiente de seguran\u00e7a e confian\u00e7a, vital para o bem-estar de todos os cidad\u00e3os. A iniciativa demonstra o empenho das autoridades em criar um espa\u00e7o seguro e protegido para o com\u00e9rcio e a conviv\u00eancia social em Santo Ant\u00f4nio da Patrulha.<\/p>\n","protected":false},"excerpt":{"rendered":"<p>Na tarde de quarta-feira, 18 de setembro, o capit\u00e3o Thaires Selister, comandante da 2\u00aa Companhia Policial-Militar de Santo Ant\u00f4nio da Patrulha, realizou uma importante reuni\u00e3o na sede da companhia com a presidente da Associa\u00e7\u00e3o Comercial, Industrial e de Servi\u00e7os de Santo Ant\u00f4nio da Patrulha (ACISAP), Andreia Peixoto dos Santos, e a gerente administrativa, Maria Beatriz [&hellip;]<\/p>\n","protected":false},"author":2,"featured_media":3076,"comment_status":"open","ping_status":"open","sticky":false,"template":"","format":"standard","meta":{"_themeisle_gutenberg_block_has_review":false,"footnotes":""},"categories":[20,98,15],"tags":[],"class_list":["post-3075","post","type-post","status-publish","format-standard","has-post-thumbnail","hentry","category-litoral_norte","category-policia","category-noticias"],"yoast_head":"<!-- This site is optimized with the Yoast SEO plugin v27.4 - https:\/\/yoast.com\/product\/yoast-seo-wordpress\/ -->\n<title>Comandante da 2\u00aa Cia da BM de Santo Ant\u00f4nio da Patrulha Discute Seguran\u00e7a P\u00fablica com ACISAP - Rede Litoral RS<\/title>\n<meta name=\"robots\" content=\"index, follow, max-snippet:-1, max-image-preview:large, max-video-preview:-1\" \/>\n<link rel=\"canonical\" href=\"https:\/\/redelitoralrs.com\/index.php\/2024\/09\/18\/comandante-da-2a-cia-da-bm-de-santo-antonio-da-patrulha-discute-seguranca-publica-com-acisap\/\" \/>\n<meta property=\"og:locale\" content=\"pt_BR\" \/>\n<meta property=\"og:type\" content=\"article\" \/>\n<meta property=\"og:title\" content=\"Comandante da 2\u00aa Cia da BM de Santo Ant\u00f4nio da Patrulha Discute Seguran\u00e7a P\u00fablica com ACISAP - Rede Litoral RS\" \/>\n<meta property=\"og:description\" content=\"Na tarde de quarta-feira, 18 de setembro, o capit\u00e3o Thaires Selister, comandante da 2\u00aa Companhia Policial-Militar de Santo Ant\u00f4nio da Patrulha, realizou uma importante reuni\u00e3o na sede da companhia com a presidente da Associa\u00e7\u00e3o Comercial, Industrial e de Servi\u00e7os de Santo Ant\u00f4nio da Patrulha (ACISAP), Andreia Peixoto dos Santos, e a gerente administrativa, Maria Beatriz [&hellip;]\" \/>\n<meta property=\"og:url\" content=\"https:\/\/redelitoralrs.com\/index.php\/2024\/09\/18\/comandante-da-2a-cia-da-bm-de-santo-antonio-da-patrulha-discute-seguranca-publica-com-acisap\/\" \/>\n<meta property=\"og:site_name\" content=\"Rede Litoral RS\" \/>\n<meta property=\"article:publisher\" content=\"https:\/\/www.facebook.com\/tvlitoralrsoficial\" \/>\n<meta property=\"article:published_time\" content=\"2024-09-18T18:58:43+00:00\" \/>\n<meta property=\"article:modified_time\" content=\"2024-09-18T18:58:44+00:00\" \/>\n<meta property=\"og:image\" content=\"https:\/\/redelitoralrs.com\/wp-content\/uploads\/2024\/09\/reuniao-bm.jpg\" \/>\n\t<meta property=\"og:image:width\" content=\"1600\" \/>\n\t<meta property=\"og:image:height\" content=\"1200\" \/>\n\t<meta property=\"og:image:type\" content=\"image\/jpeg\" \/>\n<meta name=\"author\" content=\"Reda\u00e7\u00e3o TV Litoral\" \/>\n<meta name=\"twitter:card\" content=\"summary_large_image\" \/>\n<meta name=\"twitter:label1\" content=\"Escrito por\" \/>\n\t<meta name=\"twitter:data1\" content=\"Reda\u00e7\u00e3o TV Litoral\" \/>\n\t<meta name=\"twitter:label2\" content=\"Est. tempo de leitura\" \/>\n\t<meta name=\"twitter:data2\" content=\"2 minutos\" \/>\n<script type=\"application\/ld+json\" class=\"yoast-schema-graph\">{\"@context\":\"https:\\\/\\\/schema.org\",\"@graph\":[{\"@type\":\"Article\",\"@id\":\"https:\\\/\\\/redelitoralrs.com\\\/index.php\\\/2024\\\/09\\\/18\\\/comandante-da-2a-cia-da-bm-de-santo-antonio-da-patrulha-discute-seguranca-publica-com-acisap\\\/#article\",\"isPartOf\":{\"@id\":\"https:\\\/\\\/redelitoralrs.com\\\/index.php\\\/2024\\\/09\\\/18\\\/comandante-da-2a-cia-da-bm-de-santo-antonio-da-patrulha-discute-seguranca-publica-com-acisap\\\/\"},\"author\":{\"name\":\"Reda\u00e7\u00e3o TV Litoral\",\"@id\":\"https:\\\/\\\/redelitoralrs.com\\\/#\\\/schema\\\/person\\\/9f8181f2a7359dd3986f05ebaf5bd68a\"},\"headline\":\"Comandante da 2\u00aa Cia da BM de Santo Ant\u00f4nio da Patrulha Discute Seguran\u00e7a P\u00fablica com ACISAP\",\"datePublished\":\"2024-09-18T18:58:43+00:00\",\"dateModified\":\"2024-09-18T18:58:44+00:00\",\"mainEntityOfPage\":{\"@id\":\"https:\\\/\\\/redelitoralrs.com\\\/index.php\\\/2024\\\/09\\\/18\\\/comandante-da-2a-cia-da-bm-de-santo-antonio-da-patrulha-discute-seguranca-publica-com-acisap\\\/\"},\"wordCount\":336,\"commentCount\":0,\"publisher\":{\"@id\":\"https:\\\/\\\/redelitoralrs.com\\\/#organization\"},\"image\":{\"@id\":\"https:\\\/\\\/redelitoralrs.com\\\/index.php\\\/2024\\\/09\\\/18\\\/comandante-da-2a-cia-da-bm-de-santo-antonio-da-patrulha-discute-seguranca-publica-com-acisap\\\/#primaryimage\"},\"thumbnailUrl\":\"https:\\\/\\\/redelitoralrs.com\\\/wp-content\\\/uploads\\\/2024\\\/09\\\/reuniao-bm.jpg\",\"articleSection\":[\"Litoral Norte\",\"Pol\u00edcia\",\"\u00daltimas not\u00edcias\"],\"inLanguage\":\"pt-BR\",\"potentialAction\":[{\"@type\":\"CommentAction\",\"name\":\"Comment\",\"target\":[\"https:\\\/\\\/redelitoralrs.com\\\/index.php\\\/2024\\\/09\\\/18\\\/comandante-da-2a-cia-da-bm-de-santo-antonio-da-patrulha-discute-seguranca-publica-com-acisap\\\/#respond\"]}]},{\"@type\":\"WebPage\",\"@id\":\"https:\\\/\\\/redelitoralrs.com\\\/index.php\\\/2024\\\/09\\\/18\\\/comandante-da-2a-cia-da-bm-de-santo-antonio-da-patrulha-discute-seguranca-publica-com-acisap\\\/\",\"url\":\"https:\\\/\\\/redelitoralrs.com\\\/index.php\\\/2024\\\/09\\\/18\\\/comandante-da-2a-cia-da-bm-de-santo-antonio-da-patrulha-discute-seguranca-publica-com-acisap\\\/\",\"name\":\"Comandante da 2\u00aa Cia da BM de Santo Ant\u00f4nio da Patrulha Discute Seguran\u00e7a P\u00fablica com ACISAP - Rede Litoral RS\",\"isPartOf\":{\"@id\":\"https:\\\/\\\/redelitoralrs.com\\\/#website\"},\"primaryImageOfPage\":{\"@id\":\"https:\\\/\\\/redelitoralrs.com\\\/index.php\\\/2024\\\/09\\\/18\\\/comandante-da-2a-cia-da-bm-de-santo-antonio-da-patrulha-discute-seguranca-publica-com-acisap\\\/#primaryimage\"},\"image\":{\"@id\":\"https:\\\/\\\/redelitoralrs.com\\\/index.php\\\/2024\\\/09\\\/18\\\/comandante-da-2a-cia-da-bm-de-santo-antonio-da-patrulha-discute-seguranca-publica-com-acisap\\\/#primaryimage\"},\"thumbnailUrl\":\"https:\\\/\\\/redelitoralrs.com\\\/wp-content\\\/uploads\\\/2024\\\/09\\\/reuniao-bm.jpg\",\"datePublished\":\"2024-09-18T18:58:43+00:00\",\"dateModified\":\"2024-09-18T18:58:44+00:00\",\"breadcrumb\":{\"@id\":\"https:\\\/\\\/redelitoralrs.com\\\/index.php\\\/2024\\\/09\\\/18\\\/comandante-da-2a-cia-da-bm-de-santo-antonio-da-patrulha-discute-seguranca-publica-com-acisap\\\/#breadcrumb\"},\"inLanguage\":\"pt-BR\",\"potentialAction\":[{\"@type\":\"ReadAction\",\"target\":[\"https:\\\/\\\/redelitoralrs.com\\\/index.php\\\/2024\\\/09\\\/18\\\/comandante-da-2a-cia-da-bm-de-santo-antonio-da-patrulha-discute-seguranca-publica-com-acisap\\\/\"]}]},{\"@type\":\"ImageObject\",\"inLanguage\":\"pt-BR\",\"@id\":\"https:\\\/\\\/redelitoralrs.com\\\/index.php\\\/2024\\\/09\\\/18\\\/comandante-da-2a-cia-da-bm-de-santo-antonio-da-patrulha-discute-seguranca-publica-com-acisap\\\/#primaryimage\",\"url\":\"https:\\\/\\\/redelitoralrs.com\\\/wp-content\\\/uploads\\\/2024\\\/09\\\/reuniao-bm.jpg\",\"contentUrl\":\"https:\\\/\\\/redelitoralrs.com\\\/wp-content\\\/uploads\\\/2024\\\/09\\\/reuniao-bm.jpg\",\"width\":1600,\"height\":1200},{\"@type\":\"BreadcrumbList\",\"@id\":\"https:\\\/\\\/redelitoralrs.com\\\/index.php\\\/2024\\\/09\\\/18\\\/comandante-da-2a-cia-da-bm-de-santo-antonio-da-patrulha-discute-seguranca-publica-com-acisap\\\/#breadcrumb\",\"itemListElement\":[{\"@type\":\"ListItem\",\"position\":1,\"name\":\"In\u00edcio\",\"item\":\"https:\\\/\\\/redelitoralrs.com\\\/\"},{\"@type\":\"ListItem\",\"position\":2,\"name\":\"Comandante da 2\u00aa Cia da BM de Santo Ant\u00f4nio da Patrulha Discute Seguran\u00e7a P\u00fablica com ACISAP\"}]},{\"@type\":\"WebSite\",\"@id\":\"https:\\\/\\\/redelitoralrs.com\\\/#website\",\"url\":\"https:\\\/\\\/redelitoralrs.com\\\/\",\"name\":\"TV Litoral\",\"description\":\"Acompanhe tudo do litoral ga\u00facho com a cobertura completa e atualizada da Rede Litoral RS. Nossos jornalistas trazem as \u00faltimas not\u00edcias, os acontecimentos mais quentes e as hist\u00f3rias que importam sobre nosso amado litoral.\",\"publisher\":{\"@id\":\"https:\\\/\\\/redelitoralrs.com\\\/#organization\"},\"potentialAction\":[{\"@type\":\"SearchAction\",\"target\":{\"@type\":\"EntryPoint\",\"urlTemplate\":\"https:\\\/\\\/redelitoralrs.com\\\/?s={search_term_string}\"},\"query-input\":{\"@type\":\"PropertyValueSpecification\",\"valueRequired\":true,\"valueName\":\"search_term_string\"}}],\"inLanguage\":\"pt-BR\"},{\"@type\":\"Organization\",\"@id\":\"https:\\\/\\\/redelitoralrs.com\\\/#organization\",\"name\":\"TV Litoral\",\"url\":\"https:\\\/\\\/redelitoralrs.com\\\/\",\"logo\":{\"@type\":\"ImageObject\",\"inLanguage\":\"pt-BR\",\"@id\":\"https:\\\/\\\/redelitoralrs.com\\\/#\\\/schema\\\/logo\\\/image\\\/\",\"url\":\"https:\\\/\\\/redelitoralrs.com\\\/wp-content\\\/uploads\\\/2024\\\/01\\\/faviconicon-1-1.png\",\"contentUrl\":\"https:\\\/\\\/redelitoralrs.com\\\/wp-content\\\/uploads\\\/2024\\\/01\\\/faviconicon-1-1.png\",\"width\":454,\"height\":454,\"caption\":\"TV Litoral\"},\"image\":{\"@id\":\"https:\\\/\\\/redelitoralrs.com\\\/#\\\/schema\\\/logo\\\/image\\\/\"},\"sameAs\":[\"https:\\\/\\\/www.facebook.com\\\/tvlitoralrsoficial\",\"https:\\\/\\\/www.instagram.com\\\/tvlitoral.rs\"]},{\"@type\":\"Person\",\"@id\":\"https:\\\/\\\/redelitoralrs.com\\\/#\\\/schema\\\/person\\\/9f8181f2a7359dd3986f05ebaf5bd68a\",\"name\":\"Reda\u00e7\u00e3o TV Litoral\",\"image\":{\"@type\":\"ImageObject\",\"inLanguage\":\"pt-BR\",\"@id\":\"https:\\\/\\\/redelitoralrs.com\\\/wp-content\\\/litespeed\\\/avatar\\\/779aafbb45e66c7f82733e21abb48259.jpg?ver=1776956734\",\"url\":\"https:\\\/\\\/redelitoralrs.com\\\/wp-content\\\/litespeed\\\/avatar\\\/779aafbb45e66c7f82733e21abb48259.jpg?ver=1776956734\",\"contentUrl\":\"https:\\\/\\\/redelitoralrs.com\\\/wp-content\\\/litespeed\\\/avatar\\\/779aafbb45e66c7f82733e21abb48259.jpg?ver=1776956734\",\"caption\":\"Reda\u00e7\u00e3o TV Litoral\"},\"description\":\"A Rede Litoral de Comunica\u00e7\u00e3o \u00e9 um grupo de m\u00eddia multiplataforma do Litoral Norte do RS. Com atua\u00e7\u00e3o em TV, r\u00e1dio, portal e redes sociais, levamos informa\u00e7\u00e3o, conte\u00fado e entretenimento \u00e0 comunidade, fortalecendo a comunica\u00e7\u00e3o local e impulsionando o desenvolvimento regional. Acompanhe atrav\u00e9s de @redelitoralrs.\",\"sameAs\":[\"https:\\\/\\\/redelitoralrs.com\",\"https:\\\/\\\/www.instagram.com\\\/redelitoralrs\",\"https:\\\/\\\/www.youtube.com\\\/@redelitoralrs\"],\"url\":\"https:\\\/\\\/redelitoralrs.com\\\/index.php\\\/author\\\/redacaotvlitoral\\\/\"}]}<\/script>\n<!-- \/ Yoast SEO plugin. -->","yoast_head_json":{"title":"Comandante da 2\u00aa Cia da BM de Santo Ant\u00f4nio da Patrulha Discute Seguran\u00e7a P\u00fablica com ACISAP - Rede Litoral RS","robots":{"index":"index","follow":"follow","max-snippet":"max-snippet:-1","max-image-preview":"max-image-preview:large","max-video-preview":"max-video-preview:-1"},"canonical":"https:\/\/redelitoralrs.com\/index.php\/2024\/09\/18\/comandante-da-2a-cia-da-bm-de-santo-antonio-da-patrulha-discute-seguranca-publica-com-acisap\/","og_locale":"pt_BR","og_type":"article","og_title":"Comandante da 2\u00aa Cia da BM de Santo Ant\u00f4nio da Patrulha Discute Seguran\u00e7a P\u00fablica com ACISAP - Rede Litoral RS","og_description":"Na tarde de quarta-feira, 18 de setembro, o capit\u00e3o Thaires Selister, comandante da 2\u00aa Companhia Policial-Militar de Santo Ant\u00f4nio da Patrulha, realizou uma importante reuni\u00e3o na sede da companhia com a presidente da Associa\u00e7\u00e3o Comercial, Industrial e de Servi\u00e7os de Santo Ant\u00f4nio da Patrulha (ACISAP), Andreia Peixoto dos Santos, e a gerente administrativa, Maria Beatriz [&hellip;]","og_url":"https:\/\/redelitoralrs.com\/index.php\/2024\/09\/18\/comandante-da-2a-cia-da-bm-de-santo-antonio-da-patrulha-discute-seguranca-publica-com-acisap\/","og_site_name":"Rede Litoral RS","article_publisher":"https:\/\/www.facebook.com\/tvlitoralrsoficial","article_published_time":"2024-09-18T18:58:43+00:00","article_modified_time":"2024-09-18T18:58:44+00:00","og_image":[{"width":1600,"height":1200,"url":"https:\/\/redelitoralrs.com\/wp-content\/uploads\/2024\/09\/reuniao-bm.jpg","type":"image\/jpeg"}],"author":"Reda\u00e7\u00e3o TV Litoral","twitter_card":"summary_large_image","twitter_misc":{"Escrito por":"Reda\u00e7\u00e3o TV Litoral","Est. tempo de leitura":"2 minutos"},"schema":{"@context":"https:\/\/schema.org","@graph":[{"@type":"Article","@id":"https:\/\/redelitoralrs.com\/index.php\/2024\/09\/18\/comandante-da-2a-cia-da-bm-de-santo-antonio-da-patrulha-discute-seguranca-publica-com-acisap\/#article","isPartOf":{"@id":"https:\/\/redelitoralrs.com\/index.php\/2024\/09\/18\/comandante-da-2a-cia-da-bm-de-santo-antonio-da-patrulha-discute-seguranca-publica-com-acisap\/"},"author":{"name":"Reda\u00e7\u00e3o TV Litoral","@id":"https:\/\/redelitoralrs.com\/#\/schema\/person\/9f8181f2a7359dd3986f05ebaf5bd68a"},"headline":"Comandante da 2\u00aa Cia da BM de Santo Ant\u00f4nio da Patrulha Discute Seguran\u00e7a P\u00fablica com ACISAP","datePublished":"2024-09-18T18:58:43+00:00","dateModified":"2024-09-18T18:58:44+00:00","mainEntityOfPage":{"@id":"https:\/\/redelitoralrs.com\/index.php\/2024\/09\/18\/comandante-da-2a-cia-da-bm-de-santo-antonio-da-patrulha-discute-seguranca-publica-com-acisap\/"},"wordCount":336,"commentCount":0,"publisher":{"@id":"https:\/\/redelitoralrs.com\/#organization"},"image":{"@id":"https:\/\/redelitoralrs.com\/index.php\/2024\/09\/18\/comandante-da-2a-cia-da-bm-de-santo-antonio-da-patrulha-discute-seguranca-publica-com-acisap\/#primaryimage"},"thumbnailUrl":"https:\/\/redelitoralrs.com\/wp-content\/uploads\/2024\/09\/reuniao-bm.jpg","articleSection":["Litoral Norte","Pol\u00edcia","\u00daltimas not\u00edcias"],"inLanguage":"pt-BR","potentialAction":[{"@type":"CommentAction","name":"Comment","target":["https:\/\/redelitoralrs.com\/index.php\/2024\/09\/18\/comandante-da-2a-cia-da-bm-de-santo-antonio-da-patrulha-discute-seguranca-publica-com-acisap\/#respond"]}]},{"@type":"WebPage","@id":"https:\/\/redelitoralrs.com\/index.php\/2024\/09\/18\/comandante-da-2a-cia-da-bm-de-santo-antonio-da-patrulha-discute-seguranca-publica-com-acisap\/","url":"https:\/\/redelitoralrs.com\/index.php\/2024\/09\/18\/comandante-da-2a-cia-da-bm-de-santo-antonio-da-patrulha-discute-seguranca-publica-com-acisap\/","name":"Comandante da 2\u00aa Cia da BM de Santo Ant\u00f4nio da Patrulha Discute Seguran\u00e7a P\u00fablica com ACISAP - Rede Litoral RS","isPartOf":{"@id":"https:\/\/redelitoralrs.com\/#website"},"primaryImageOfPage":{"@id":"https:\/\/redelitoralrs.com\/index.php\/2024\/09\/18\/comandante-da-2a-cia-da-bm-de-santo-antonio-da-patrulha-discute-seguranca-publica-com-acisap\/#primaryimage"},"image":{"@id":"https:\/\/redelitoralrs.com\/index.php\/2024\/09\/18\/comandante-da-2a-cia-da-bm-de-santo-antonio-da-patrulha-discute-seguranca-publica-com-acisap\/#primaryimage"},"thumbnailUrl":"https:\/\/redelitoralrs.com\/wp-content\/uploads\/2024\/09\/reuniao-bm.jpg","datePublished":"2024-09-18T18:58:43+00:00","dateModified":"2024-09-18T18:58:44+00:00","breadcrumb":{"@id":"https:\/\/redelitoralrs.com\/index.php\/2024\/09\/18\/comandante-da-2a-cia-da-bm-de-santo-antonio-da-patrulha-discute-seguranca-publica-com-acisap\/#breadcrumb"},"inLanguage":"pt-BR","potentialAction":[{"@type":"ReadAction","target":["https:\/\/redelitoralrs.com\/index.php\/2024\/09\/18\/comandante-da-2a-cia-da-bm-de-santo-antonio-da-patrulha-discute-seguranca-publica-com-acisap\/"]}]},{"@type":"ImageObject","inLanguage":"pt-BR","@id":"https:\/\/redelitoralrs.com\/index.php\/2024\/09\/18\/comandante-da-2a-cia-da-bm-de-santo-antonio-da-patrulha-discute-seguranca-publica-com-acisap\/#primaryimage","url":"https:\/\/redelitoralrs.com\/wp-content\/uploads\/2024\/09\/reuniao-bm.jpg","contentUrl":"https:\/\/redelitoralrs.com\/wp-content\/uploads\/2024\/09\/reuniao-bm.jpg","width":1600,"height":1200},{"@type":"BreadcrumbList","@id":"https:\/\/redelitoralrs.com\/index.php\/2024\/09\/18\/comandante-da-2a-cia-da-bm-de-santo-antonio-da-patrulha-discute-seguranca-publica-com-acisap\/#breadcrumb","itemListElement":[{"@type":"ListItem","position":1,"name":"In\u00edcio","item":"https:\/\/redelitoralrs.com\/"},{"@type":"ListItem","position":2,"name":"Comandante da 2\u00aa Cia da BM de Santo Ant\u00f4nio da Patrulha Discute Seguran\u00e7a P\u00fablica com ACISAP"}]},{"@type":"WebSite","@id":"https:\/\/redelitoralrs.com\/#website","url":"https:\/\/redelitoralrs.com\/","name":"TV Litoral","description":"Acompanhe tudo do litoral ga\u00facho com a cobertura completa e atualizada da Rede Litoral RS. Nossos jornalistas trazem as \u00faltimas not\u00edcias, os acontecimentos mais quentes e as hist\u00f3rias que importam sobre nosso amado litoral.","publisher":{"@id":"https:\/\/redelitoralrs.com\/#organization"},"potentialAction":[{"@type":"SearchAction","target":{"@type":"EntryPoint","urlTemplate":"https:\/\/redelitoralrs.com\/?s={search_term_string}"},"query-input":{"@type":"PropertyValueSpecification","valueRequired":true,"valueName":"search_term_string"}}],"inLanguage":"pt-BR"},{"@type":"Organization","@id":"https:\/\/redelitoralrs.com\/#organization","name":"TV Litoral","url":"https:\/\/redelitoralrs.com\/","logo":{"@type":"ImageObject","inLanguage":"pt-BR","@id":"https:\/\/redelitoralrs.com\/#\/schema\/logo\/image\/","url":"https:\/\/redelitoralrs.com\/wp-content\/uploads\/2024\/01\/faviconicon-1-1.png","contentUrl":"https:\/\/redelitoralrs.com\/wp-content\/uploads\/2024\/01\/faviconicon-1-1.png","width":454,"height":454,"caption":"TV Litoral"},"image":{"@id":"https:\/\/redelitoralrs.com\/#\/schema\/logo\/image\/"},"sameAs":["https:\/\/www.facebook.com\/tvlitoralrsoficial","https:\/\/www.instagram.com\/tvlitoral.rs"]},{"@type":"Person","@id":"https:\/\/redelitoralrs.com\/#\/schema\/person\/9f8181f2a7359dd3986f05ebaf5bd68a","name":"Reda\u00e7\u00e3o TV Litoral","image":{"@type":"ImageObject","inLanguage":"pt-BR","@id":"https:\/\/redelitoralrs.com\/wp-content\/litespeed\/avatar\/779aafbb45e66c7f82733e21abb48259.jpg?ver=1776956734","url":"https:\/\/redelitoralrs.com\/wp-content\/litespeed\/avatar\/779aafbb45e66c7f82733e21abb48259.jpg?ver=1776956734","contentUrl":"https:\/\/redelitoralrs.com\/wp-content\/litespeed\/avatar\/779aafbb45e66c7f82733e21abb48259.jpg?ver=1776956734","caption":"Reda\u00e7\u00e3o TV Litoral"},"description":"A Rede Litoral de Comunica\u00e7\u00e3o \u00e9 um grupo de m\u00eddia multiplataforma do Litoral Norte do RS. Com atua\u00e7\u00e3o em TV, r\u00e1dio, portal e redes sociais, levamos informa\u00e7\u00e3o, conte\u00fado e entretenimento \u00e0 comunidade, fortalecendo a comunica\u00e7\u00e3o local e impulsionando o desenvolvimento regional. Acompanhe atrav\u00e9s de @redelitoralrs.","sameAs":["https:\/\/redelitoralrs.com","https:\/\/www.instagram.com\/redelitoralrs","https:\/\/www.youtube.com\/@redelitoralrs"],"url":"https:\/\/redelitoralrs.com\/index.php\/author\/redacaotvlitoral\/"}]}},"_links":{"self":[{"href":"https:\/\/redelitoralrs.com\/index.php\/wp-json\/wp\/v2\/posts\/3075","targetHints":{"allow":["GET"]}}],"collection":[{"href":"https:\/\/redelitoralrs.com\/index.php\/wp-json\/wp\/v2\/posts"}],"about":[{"href":"https:\/\/redelitoralrs.com\/index.php\/wp-json\/wp\/v2\/types\/post"}],"author":[{"embeddable":true,"href":"https:\/\/redelitoralrs.com\/index.php\/wp-json\/wp\/v2\/users\/2"}],"replies":[{"embeddable":true,"href":"https:\/\/redelitoralrs.com\/index.php\/wp-json\/wp\/v2\/comments?post=3075"}],"version-history":[{"count":1,"href":"https:\/\/redelitoralrs.com\/index.php\/wp-json\/wp\/v2\/posts\/3075\/revisions"}],"predecessor-version":[{"id":3077,"href":"https:\/\/redelitoralrs.com\/index.php\/wp-json\/wp\/v2\/posts\/3075\/revisions\/3077"}],"wp:featuredmedia":[{"embeddable":true,"href":"https:\/\/redelitoralrs.com\/index.php\/wp-json\/wp\/v2\/media\/3076"}],"wp:attachment":[{"href":"https:\/\/redelitoralrs.com\/index.php\/wp-json\/wp\/v2\/media?parent=3075"}],"wp:term":[{"taxonomy":"category","embeddable":true,"href":"https:\/\/redelitoralrs.com\/index.php\/wp-json\/wp\/v2\/categories?post=3075"},{"taxonomy":"post_tag","embeddable":true,"href":"https:\/\/redelitoralrs.com\/index.php\/wp-json\/wp\/v2\/tags?post=3075"}],"curies":[{"name":"wp","href":"https:\/\/api.w.org\/{rel}","templated":true}]}}