{"id":3007,"date":"2024-09-17T13:09:28","date_gmt":"2024-09-17T16:09:28","guid":{"rendered":"https:\/\/redelitoralrs.com\/?p=3007"},"modified":"2024-09-17T13:09:43","modified_gmt":"2024-09-17T16:09:43","slug":"patrulha-comercial-detem-mulher-por-furto-em-farmacia-em-osorio","status":"publish","type":"post","link":"https:\/\/redelitoralrs.com\/index.php\/2024\/09\/17\/patrulha-comercial-detem-mulher-por-furto-em-farmacia-em-osorio\/","title":{"rendered":"Patrulha Comercial Det\u00e9m Mulher por Furto em Farm\u00e1cia em Os\u00f3rio"},"content":{"rendered":"\n<p>Na tarde de segunda-feira, 16 de setembro, a Brigada Militar, atrav\u00e9s da Patrulha Comercial, efetuou a pris\u00e3o de uma mulher acusada de furto em uma farm\u00e1cia localizada no centro de Os\u00f3rio. A a\u00e7\u00e3o se deu ap\u00f3s a equipe analisar imagens capturadas pelas c\u00e2meras de seguran\u00e7a do estabelecimento, que mostraram a mulher subtraindo produtos do local.<\/p>\n\n\n\n<p>A suspeita foi localizada nas proximidades da farm\u00e1cia e, durante a abordagem, foram encontrados com ela tr\u00eas frascos de xampu, cujo valor total \u00e9 de R$ 209. A mulher, que j\u00e1 possui um extenso hist\u00f3rico de passagens pela pol\u00edcia por crimes de furto, foi detida e conduzida para a delegacia. As imagens de seguran\u00e7a e o material apreendido foram fundamentais para a confirma\u00e7\u00e3o do crime e a pris\u00e3o da suspeita. A Brigada Militar segue investigando o caso para poss\u00edveis a\u00e7\u00f5es adicionais.<\/p>\n","protected":false},"excerpt":{"rendered":"<p>Na tarde de segunda-feira, 16 de setembro, a Brigada Militar, atrav\u00e9s da Patrulha Comercial, efetuou a pris\u00e3o de uma mulher acusada de furto em uma farm\u00e1cia localizada no centro de Os\u00f3rio. A a\u00e7\u00e3o se deu ap\u00f3s a equipe analisar imagens capturadas pelas c\u00e2meras de seguran\u00e7a do estabelecimento, que mostraram a mulher subtraindo produtos do local. [&hellip;]<\/p>\n","protected":false},"author":2,"featured_media":3008,"comment_status":"open","ping_status":"open","sticky":false,"template":"","format":"standard","meta":{"_themeisle_gutenberg_block_has_review":false,"footnotes":""},"categories":[98],"tags":[],"class_list":["post-3007","post","type-post","status-publish","format-standard","has-post-thumbnail","hentry","category-policia"],"yoast_head":"<!-- This site is optimized with the Yoast SEO plugin v27.4 - https:\/\/yoast.com\/product\/yoast-seo-wordpress\/ -->\n<title>Patrulha Comercial Det\u00e9m Mulher por Furto em Farm\u00e1cia em Os\u00f3rio - Rede Litoral RS<\/title>\n<meta name=\"robots\" content=\"index, follow, max-snippet:-1, max-image-preview:large, max-video-preview:-1\" \/>\n<link rel=\"canonical\" href=\"https:\/\/redelitoralrs.com\/index.php\/2024\/09\/17\/patrulha-comercial-detem-mulher-por-furto-em-farmacia-em-osorio\/\" \/>\n<meta property=\"og:locale\" content=\"pt_BR\" \/>\n<meta property=\"og:type\" content=\"article\" \/>\n<meta property=\"og:title\" content=\"Patrulha Comercial Det\u00e9m Mulher por Furto em Farm\u00e1cia em Os\u00f3rio - Rede Litoral RS\" \/>\n<meta property=\"og:description\" content=\"Na tarde de segunda-feira, 16 de setembro, a Brigada Militar, atrav\u00e9s da Patrulha Comercial, efetuou a pris\u00e3o de uma mulher acusada de furto em uma farm\u00e1cia localizada no centro de Os\u00f3rio. A a\u00e7\u00e3o se deu ap\u00f3s a equipe analisar imagens capturadas pelas c\u00e2meras de seguran\u00e7a do estabelecimento, que mostraram a mulher subtraindo produtos do local. [&hellip;]\" \/>\n<meta property=\"og:url\" content=\"https:\/\/redelitoralrs.com\/index.php\/2024\/09\/17\/patrulha-comercial-detem-mulher-por-furto-em-farmacia-em-osorio\/\" \/>\n<meta property=\"og:site_name\" content=\"Rede Litoral RS\" \/>\n<meta property=\"article:publisher\" content=\"https:\/\/www.facebook.com\/tvlitoralrsoficial\" \/>\n<meta property=\"article:published_time\" content=\"2024-09-17T16:09:28+00:00\" \/>\n<meta property=\"article:modified_time\" content=\"2024-09-17T16:09:43+00:00\" \/>\n<meta property=\"og:image\" content=\"https:\/\/redelitoralrs.com\/wp-content\/uploads\/2024\/09\/BM.jpg\" \/>\n\t<meta property=\"og:image:width\" content=\"1280\" \/>\n\t<meta property=\"og:image:height\" content=\"960\" \/>\n\t<meta property=\"og:image:type\" content=\"image\/jpeg\" \/>\n<meta name=\"author\" content=\"Reda\u00e7\u00e3o TV Litoral\" \/>\n<meta name=\"twitter:card\" content=\"summary_large_image\" \/>\n<meta name=\"twitter:label1\" content=\"Escrito por\" \/>\n\t<meta name=\"twitter:data1\" content=\"Reda\u00e7\u00e3o TV Litoral\" \/>\n\t<meta name=\"twitter:label2\" content=\"Est. tempo de leitura\" \/>\n\t<meta name=\"twitter:data2\" content=\"1 minuto\" \/>\n<script type=\"application\/ld+json\" class=\"yoast-schema-graph\">{\"@context\":\"https:\\\/\\\/schema.org\",\"@graph\":[{\"@type\":\"Article\",\"@id\":\"https:\\\/\\\/redelitoralrs.com\\\/index.php\\\/2024\\\/09\\\/17\\\/patrulha-comercial-detem-mulher-por-furto-em-farmacia-em-osorio\\\/#article\",\"isPartOf\":{\"@id\":\"https:\\\/\\\/redelitoralrs.com\\\/index.php\\\/2024\\\/09\\\/17\\\/patrulha-comercial-detem-mulher-por-furto-em-farmacia-em-osorio\\\/\"},\"author\":{\"name\":\"Reda\u00e7\u00e3o TV Litoral\",\"@id\":\"https:\\\/\\\/redelitoralrs.com\\\/#\\\/schema\\\/person\\\/9f8181f2a7359dd3986f05ebaf5bd68a\"},\"headline\":\"Patrulha Comercial Det\u00e9m Mulher por Furto em Farm\u00e1cia em Os\u00f3rio\",\"datePublished\":\"2024-09-17T16:09:28+00:00\",\"dateModified\":\"2024-09-17T16:09:43+00:00\",\"mainEntityOfPage\":{\"@id\":\"https:\\\/\\\/redelitoralrs.com\\\/index.php\\\/2024\\\/09\\\/17\\\/patrulha-comercial-detem-mulher-por-furto-em-farmacia-em-osorio\\\/\"},\"wordCount\":163,\"commentCount\":0,\"publisher\":{\"@id\":\"https:\\\/\\\/redelitoralrs.com\\\/#organization\"},\"image\":{\"@id\":\"https:\\\/\\\/redelitoralrs.com\\\/index.php\\\/2024\\\/09\\\/17\\\/patrulha-comercial-detem-mulher-por-furto-em-farmacia-em-osorio\\\/#primaryimage\"},\"thumbnailUrl\":\"https:\\\/\\\/redelitoralrs.com\\\/wp-content\\\/uploads\\\/2024\\\/09\\\/BM.jpg\",\"articleSection\":[\"Pol\u00edcia\"],\"inLanguage\":\"pt-BR\",\"potentialAction\":[{\"@type\":\"CommentAction\",\"name\":\"Comment\",\"target\":[\"https:\\\/\\\/redelitoralrs.com\\\/index.php\\\/2024\\\/09\\\/17\\\/patrulha-comercial-detem-mulher-por-furto-em-farmacia-em-osorio\\\/#respond\"]}]},{\"@type\":\"WebPage\",\"@id\":\"https:\\\/\\\/redelitoralrs.com\\\/index.php\\\/2024\\\/09\\\/17\\\/patrulha-comercial-detem-mulher-por-furto-em-farmacia-em-osorio\\\/\",\"url\":\"https:\\\/\\\/redelitoralrs.com\\\/index.php\\\/2024\\\/09\\\/17\\\/patrulha-comercial-detem-mulher-por-furto-em-farmacia-em-osorio\\\/\",\"name\":\"Patrulha Comercial Det\u00e9m Mulher por Furto em Farm\u00e1cia em Os\u00f3rio - Rede Litoral RS\",\"isPartOf\":{\"@id\":\"https:\\\/\\\/redelitoralrs.com\\\/#website\"},\"primaryImageOfPage\":{\"@id\":\"https:\\\/\\\/redelitoralrs.com\\\/index.php\\\/2024\\\/09\\\/17\\\/patrulha-comercial-detem-mulher-por-furto-em-farmacia-em-osorio\\\/#primaryimage\"},\"image\":{\"@id\":\"https:\\\/\\\/redelitoralrs.com\\\/index.php\\\/2024\\\/09\\\/17\\\/patrulha-comercial-detem-mulher-por-furto-em-farmacia-em-osorio\\\/#primaryimage\"},\"thumbnailUrl\":\"https:\\\/\\\/redelitoralrs.com\\\/wp-content\\\/uploads\\\/2024\\\/09\\\/BM.jpg\",\"datePublished\":\"2024-09-17T16:09:28+00:00\",\"dateModified\":\"2024-09-17T16:09:43+00:00\",\"breadcrumb\":{\"@id\":\"https:\\\/\\\/redelitoralrs.com\\\/index.php\\\/2024\\\/09\\\/17\\\/patrulha-comercial-detem-mulher-por-furto-em-farmacia-em-osorio\\\/#breadcrumb\"},\"inLanguage\":\"pt-BR\",\"potentialAction\":[{\"@type\":\"ReadAction\",\"target\":[\"https:\\\/\\\/redelitoralrs.com\\\/index.php\\\/2024\\\/09\\\/17\\\/patrulha-comercial-detem-mulher-por-furto-em-farmacia-em-osorio\\\/\"]}]},{\"@type\":\"ImageObject\",\"inLanguage\":\"pt-BR\",\"@id\":\"https:\\\/\\\/redelitoralrs.com\\\/index.php\\\/2024\\\/09\\\/17\\\/patrulha-comercial-detem-mulher-por-furto-em-farmacia-em-osorio\\\/#primaryimage\",\"url\":\"https:\\\/\\\/redelitoralrs.com\\\/wp-content\\\/uploads\\\/2024\\\/09\\\/BM.jpg\",\"contentUrl\":\"https:\\\/\\\/redelitoralrs.com\\\/wp-content\\\/uploads\\\/2024\\\/09\\\/BM.jpg\",\"width\":1280,\"height\":960},{\"@type\":\"BreadcrumbList\",\"@id\":\"https:\\\/\\\/redelitoralrs.com\\\/index.php\\\/2024\\\/09\\\/17\\\/patrulha-comercial-detem-mulher-por-furto-em-farmacia-em-osorio\\\/#breadcrumb\",\"itemListElement\":[{\"@type\":\"ListItem\",\"position\":1,\"name\":\"In\u00edcio\",\"item\":\"https:\\\/\\\/redelitoralrs.com\\\/\"},{\"@type\":\"ListItem\",\"position\":2,\"name\":\"Patrulha Comercial Det\u00e9m Mulher por Furto em Farm\u00e1cia em Os\u00f3rio\"}]},{\"@type\":\"WebSite\",\"@id\":\"https:\\\/\\\/redelitoralrs.com\\\/#website\",\"url\":\"https:\\\/\\\/redelitoralrs.com\\\/\",\"name\":\"TV Litoral\",\"description\":\"Acompanhe tudo do litoral ga\u00facho com a cobertura completa e atualizada da Rede Litoral RS. Nossos jornalistas trazem as \u00faltimas not\u00edcias, os acontecimentos mais quentes e as hist\u00f3rias que importam sobre nosso amado litoral.\",\"publisher\":{\"@id\":\"https:\\\/\\\/redelitoralrs.com\\\/#organization\"},\"potentialAction\":[{\"@type\":\"SearchAction\",\"target\":{\"@type\":\"EntryPoint\",\"urlTemplate\":\"https:\\\/\\\/redelitoralrs.com\\\/?s={search_term_string}\"},\"query-input\":{\"@type\":\"PropertyValueSpecification\",\"valueRequired\":true,\"valueName\":\"search_term_string\"}}],\"inLanguage\":\"pt-BR\"},{\"@type\":\"Organization\",\"@id\":\"https:\\\/\\\/redelitoralrs.com\\\/#organization\",\"name\":\"TV Litoral\",\"url\":\"https:\\\/\\\/redelitoralrs.com\\\/\",\"logo\":{\"@type\":\"ImageObject\",\"inLanguage\":\"pt-BR\",\"@id\":\"https:\\\/\\\/redelitoralrs.com\\\/#\\\/schema\\\/logo\\\/image\\\/\",\"url\":\"https:\\\/\\\/redelitoralrs.com\\\/wp-content\\\/uploads\\\/2024\\\/01\\\/faviconicon-1-1.png\",\"contentUrl\":\"https:\\\/\\\/redelitoralrs.com\\\/wp-content\\\/uploads\\\/2024\\\/01\\\/faviconicon-1-1.png\",\"width\":454,\"height\":454,\"caption\":\"TV Litoral\"},\"image\":{\"@id\":\"https:\\\/\\\/redelitoralrs.com\\\/#\\\/schema\\\/logo\\\/image\\\/\"},\"sameAs\":[\"https:\\\/\\\/www.facebook.com\\\/tvlitoralrsoficial\",\"https:\\\/\\\/www.instagram.com\\\/tvlitoral.rs\"]},{\"@type\":\"Person\",\"@id\":\"https:\\\/\\\/redelitoralrs.com\\\/#\\\/schema\\\/person\\\/9f8181f2a7359dd3986f05ebaf5bd68a\",\"name\":\"Reda\u00e7\u00e3o TV Litoral\",\"image\":{\"@type\":\"ImageObject\",\"inLanguage\":\"pt-BR\",\"@id\":\"https:\\\/\\\/redelitoralrs.com\\\/wp-content\\\/litespeed\\\/avatar\\\/779aafbb45e66c7f82733e21abb48259.jpg?ver=1777561602\",\"url\":\"https:\\\/\\\/redelitoralrs.com\\\/wp-content\\\/litespeed\\\/avatar\\\/779aafbb45e66c7f82733e21abb48259.jpg?ver=1777561602\",\"contentUrl\":\"https:\\\/\\\/redelitoralrs.com\\\/wp-content\\\/litespeed\\\/avatar\\\/779aafbb45e66c7f82733e21abb48259.jpg?ver=1777561602\",\"caption\":\"Reda\u00e7\u00e3o TV Litoral\"},\"description\":\"A Rede Litoral de Comunica\u00e7\u00e3o \u00e9 um grupo de m\u00eddia multiplataforma do Litoral Norte do RS. Com atua\u00e7\u00e3o em TV, r\u00e1dio, portal e redes sociais, levamos informa\u00e7\u00e3o, conte\u00fado e entretenimento \u00e0 comunidade, fortalecendo a comunica\u00e7\u00e3o local e impulsionando o desenvolvimento regional. Acompanhe atrav\u00e9s de @redelitoralrs.\",\"sameAs\":[\"https:\\\/\\\/redelitoralrs.com\",\"https:\\\/\\\/www.instagram.com\\\/redelitoralrs\",\"https:\\\/\\\/www.youtube.com\\\/@redelitoralrs\"],\"url\":\"https:\\\/\\\/redelitoralrs.com\\\/index.php\\\/author\\\/redacaotvlitoral\\\/\"}]}<\/script>\n<!-- \/ Yoast SEO plugin. -->","yoast_head_json":{"title":"Patrulha Comercial Det\u00e9m Mulher por Furto em Farm\u00e1cia em Os\u00f3rio - Rede Litoral RS","robots":{"index":"index","follow":"follow","max-snippet":"max-snippet:-1","max-image-preview":"max-image-preview:large","max-video-preview":"max-video-preview:-1"},"canonical":"https:\/\/redelitoralrs.com\/index.php\/2024\/09\/17\/patrulha-comercial-detem-mulher-por-furto-em-farmacia-em-osorio\/","og_locale":"pt_BR","og_type":"article","og_title":"Patrulha Comercial Det\u00e9m Mulher por Furto em Farm\u00e1cia em Os\u00f3rio - Rede Litoral RS","og_description":"Na tarde de segunda-feira, 16 de setembro, a Brigada Militar, atrav\u00e9s da Patrulha Comercial, efetuou a pris\u00e3o de uma mulher acusada de furto em uma farm\u00e1cia localizada no centro de Os\u00f3rio. A a\u00e7\u00e3o se deu ap\u00f3s a equipe analisar imagens capturadas pelas c\u00e2meras de seguran\u00e7a do estabelecimento, que mostraram a mulher subtraindo produtos do local. [&hellip;]","og_url":"https:\/\/redelitoralrs.com\/index.php\/2024\/09\/17\/patrulha-comercial-detem-mulher-por-furto-em-farmacia-em-osorio\/","og_site_name":"Rede Litoral RS","article_publisher":"https:\/\/www.facebook.com\/tvlitoralrsoficial","article_published_time":"2024-09-17T16:09:28+00:00","article_modified_time":"2024-09-17T16:09:43+00:00","og_image":[{"width":1280,"height":960,"url":"https:\/\/redelitoralrs.com\/wp-content\/uploads\/2024\/09\/BM.jpg","type":"image\/jpeg"}],"author":"Reda\u00e7\u00e3o TV Litoral","twitter_card":"summary_large_image","twitter_misc":{"Escrito por":"Reda\u00e7\u00e3o TV Litoral","Est. tempo de leitura":"1 minuto"},"schema":{"@context":"https:\/\/schema.org","@graph":[{"@type":"Article","@id":"https:\/\/redelitoralrs.com\/index.php\/2024\/09\/17\/patrulha-comercial-detem-mulher-por-furto-em-farmacia-em-osorio\/#article","isPartOf":{"@id":"https:\/\/redelitoralrs.com\/index.php\/2024\/09\/17\/patrulha-comercial-detem-mulher-por-furto-em-farmacia-em-osorio\/"},"author":{"name":"Reda\u00e7\u00e3o TV Litoral","@id":"https:\/\/redelitoralrs.com\/#\/schema\/person\/9f8181f2a7359dd3986f05ebaf5bd68a"},"headline":"Patrulha Comercial Det\u00e9m Mulher por Furto em Farm\u00e1cia em Os\u00f3rio","datePublished":"2024-09-17T16:09:28+00:00","dateModified":"2024-09-17T16:09:43+00:00","mainEntityOfPage":{"@id":"https:\/\/redelitoralrs.com\/index.php\/2024\/09\/17\/patrulha-comercial-detem-mulher-por-furto-em-farmacia-em-osorio\/"},"wordCount":163,"commentCount":0,"publisher":{"@id":"https:\/\/redelitoralrs.com\/#organization"},"image":{"@id":"https:\/\/redelitoralrs.com\/index.php\/2024\/09\/17\/patrulha-comercial-detem-mulher-por-furto-em-farmacia-em-osorio\/#primaryimage"},"thumbnailUrl":"https:\/\/redelitoralrs.com\/wp-content\/uploads\/2024\/09\/BM.jpg","articleSection":["Pol\u00edcia"],"inLanguage":"pt-BR","potentialAction":[{"@type":"CommentAction","name":"Comment","target":["https:\/\/redelitoralrs.com\/index.php\/2024\/09\/17\/patrulha-comercial-detem-mulher-por-furto-em-farmacia-em-osorio\/#respond"]}]},{"@type":"WebPage","@id":"https:\/\/redelitoralrs.com\/index.php\/2024\/09\/17\/patrulha-comercial-detem-mulher-por-furto-em-farmacia-em-osorio\/","url":"https:\/\/redelitoralrs.com\/index.php\/2024\/09\/17\/patrulha-comercial-detem-mulher-por-furto-em-farmacia-em-osorio\/","name":"Patrulha Comercial Det\u00e9m Mulher por Furto em Farm\u00e1cia em Os\u00f3rio - Rede Litoral RS","isPartOf":{"@id":"https:\/\/redelitoralrs.com\/#website"},"primaryImageOfPage":{"@id":"https:\/\/redelitoralrs.com\/index.php\/2024\/09\/17\/patrulha-comercial-detem-mulher-por-furto-em-farmacia-em-osorio\/#primaryimage"},"image":{"@id":"https:\/\/redelitoralrs.com\/index.php\/2024\/09\/17\/patrulha-comercial-detem-mulher-por-furto-em-farmacia-em-osorio\/#primaryimage"},"thumbnailUrl":"https:\/\/redelitoralrs.com\/wp-content\/uploads\/2024\/09\/BM.jpg","datePublished":"2024-09-17T16:09:28+00:00","dateModified":"2024-09-17T16:09:43+00:00","breadcrumb":{"@id":"https:\/\/redelitoralrs.com\/index.php\/2024\/09\/17\/patrulha-comercial-detem-mulher-por-furto-em-farmacia-em-osorio\/#breadcrumb"},"inLanguage":"pt-BR","potentialAction":[{"@type":"ReadAction","target":["https:\/\/redelitoralrs.com\/index.php\/2024\/09\/17\/patrulha-comercial-detem-mulher-por-furto-em-farmacia-em-osorio\/"]}]},{"@type":"ImageObject","inLanguage":"pt-BR","@id":"https:\/\/redelitoralrs.com\/index.php\/2024\/09\/17\/patrulha-comercial-detem-mulher-por-furto-em-farmacia-em-osorio\/#primaryimage","url":"https:\/\/redelitoralrs.com\/wp-content\/uploads\/2024\/09\/BM.jpg","contentUrl":"https:\/\/redelitoralrs.com\/wp-content\/uploads\/2024\/09\/BM.jpg","width":1280,"height":960},{"@type":"BreadcrumbList","@id":"https:\/\/redelitoralrs.com\/index.php\/2024\/09\/17\/patrulha-comercial-detem-mulher-por-furto-em-farmacia-em-osorio\/#breadcrumb","itemListElement":[{"@type":"ListItem","position":1,"name":"In\u00edcio","item":"https:\/\/redelitoralrs.com\/"},{"@type":"ListItem","position":2,"name":"Patrulha Comercial Det\u00e9m Mulher por Furto em Farm\u00e1cia em Os\u00f3rio"}]},{"@type":"WebSite","@id":"https:\/\/redelitoralrs.com\/#website","url":"https:\/\/redelitoralrs.com\/","name":"TV Litoral","description":"Acompanhe tudo do litoral ga\u00facho com a cobertura completa e atualizada da Rede Litoral RS. Nossos jornalistas trazem as \u00faltimas not\u00edcias, os acontecimentos mais quentes e as hist\u00f3rias que importam sobre nosso amado litoral.","publisher":{"@id":"https:\/\/redelitoralrs.com\/#organization"},"potentialAction":[{"@type":"SearchAction","target":{"@type":"EntryPoint","urlTemplate":"https:\/\/redelitoralrs.com\/?s={search_term_string}"},"query-input":{"@type":"PropertyValueSpecification","valueRequired":true,"valueName":"search_term_string"}}],"inLanguage":"pt-BR"},{"@type":"Organization","@id":"https:\/\/redelitoralrs.com\/#organization","name":"TV Litoral","url":"https:\/\/redelitoralrs.com\/","logo":{"@type":"ImageObject","inLanguage":"pt-BR","@id":"https:\/\/redelitoralrs.com\/#\/schema\/logo\/image\/","url":"https:\/\/redelitoralrs.com\/wp-content\/uploads\/2024\/01\/faviconicon-1-1.png","contentUrl":"https:\/\/redelitoralrs.com\/wp-content\/uploads\/2024\/01\/faviconicon-1-1.png","width":454,"height":454,"caption":"TV Litoral"},"image":{"@id":"https:\/\/redelitoralrs.com\/#\/schema\/logo\/image\/"},"sameAs":["https:\/\/www.facebook.com\/tvlitoralrsoficial","https:\/\/www.instagram.com\/tvlitoral.rs"]},{"@type":"Person","@id":"https:\/\/redelitoralrs.com\/#\/schema\/person\/9f8181f2a7359dd3986f05ebaf5bd68a","name":"Reda\u00e7\u00e3o TV Litoral","image":{"@type":"ImageObject","inLanguage":"pt-BR","@id":"https:\/\/redelitoralrs.com\/wp-content\/litespeed\/avatar\/779aafbb45e66c7f82733e21abb48259.jpg?ver=1777561602","url":"https:\/\/redelitoralrs.com\/wp-content\/litespeed\/avatar\/779aafbb45e66c7f82733e21abb48259.jpg?ver=1777561602","contentUrl":"https:\/\/redelitoralrs.com\/wp-content\/litespeed\/avatar\/779aafbb45e66c7f82733e21abb48259.jpg?ver=1777561602","caption":"Reda\u00e7\u00e3o TV Litoral"},"description":"A Rede Litoral de Comunica\u00e7\u00e3o \u00e9 um grupo de m\u00eddia multiplataforma do Litoral Norte do RS. Com atua\u00e7\u00e3o em TV, r\u00e1dio, portal e redes sociais, levamos informa\u00e7\u00e3o, conte\u00fado e entretenimento \u00e0 comunidade, fortalecendo a comunica\u00e7\u00e3o local e impulsionando o desenvolvimento regional. Acompanhe atrav\u00e9s de @redelitoralrs.","sameAs":["https:\/\/redelitoralrs.com","https:\/\/www.instagram.com\/redelitoralrs","https:\/\/www.youtube.com\/@redelitoralrs"],"url":"https:\/\/redelitoralrs.com\/index.php\/author\/redacaotvlitoral\/"}]}},"_links":{"self":[{"href":"https:\/\/redelitoralrs.com\/index.php\/wp-json\/wp\/v2\/posts\/3007","targetHints":{"allow":["GET"]}}],"collection":[{"href":"https:\/\/redelitoralrs.com\/index.php\/wp-json\/wp\/v2\/posts"}],"about":[{"href":"https:\/\/redelitoralrs.com\/index.php\/wp-json\/wp\/v2\/types\/post"}],"author":[{"embeddable":true,"href":"https:\/\/redelitoralrs.com\/index.php\/wp-json\/wp\/v2\/users\/2"}],"replies":[{"embeddable":true,"href":"https:\/\/redelitoralrs.com\/index.php\/wp-json\/wp\/v2\/comments?post=3007"}],"version-history":[{"count":2,"href":"https:\/\/redelitoralrs.com\/index.php\/wp-json\/wp\/v2\/posts\/3007\/revisions"}],"predecessor-version":[{"id":3010,"href":"https:\/\/redelitoralrs.com\/index.php\/wp-json\/wp\/v2\/posts\/3007\/revisions\/3010"}],"wp:featuredmedia":[{"embeddable":true,"href":"https:\/\/redelitoralrs.com\/index.php\/wp-json\/wp\/v2\/media\/3008"}],"wp:attachment":[{"href":"https:\/\/redelitoralrs.com\/index.php\/wp-json\/wp\/v2\/media?parent=3007"}],"wp:term":[{"taxonomy":"category","embeddable":true,"href":"https:\/\/redelitoralrs.com\/index.php\/wp-json\/wp\/v2\/categories?post=3007"},{"taxonomy":"post_tag","embeddable":true,"href":"https:\/\/redelitoralrs.com\/index.php\/wp-json\/wp\/v2\/tags?post=3007"}],"curies":[{"name":"wp","href":"https:\/\/api.w.org\/{rel}","templated":true}]}}