{"id":2992,"date":"2024-09-16T17:02:04","date_gmt":"2024-09-16T20:02:04","guid":{"rendered":"https:\/\/redelitoralrs.com\/?p=2992"},"modified":"2024-09-16T17:02:06","modified_gmt":"2024-09-16T20:02:06","slug":"justica-federal-do-rs-avaliara-pedido-de-suspensao-de-obra-que-despejara-efluentes-no-rio-tramandai","status":"publish","type":"post","link":"https:\/\/redelitoralrs.com\/index.php\/2024\/09\/16\/justica-federal-do-rs-avaliara-pedido-de-suspensao-de-obra-que-despejara-efluentes-no-rio-tramandai\/","title":{"rendered":"Justi\u00e7a Federal do RS Avaliar\u00e1 Pedido de Suspens\u00e3o de Obra que Despejar\u00e1 Efluentes no Rio Tramanda\u00ed"},"content":{"rendered":"\n<p>Na sexta-feira, 13 de setembro, a ju\u00edza Milene Koerig Gessinger, da 3\u00aa Vara C\u00edvel da Comarca de Tramanda\u00ed, decidiu encaminhar uma A\u00e7\u00e3o Civil P\u00fablica \u00e0 9\u00aa Vara Federal de Porto Alegre. A a\u00e7\u00e3o, movida pelo munic\u00edpio de Imb\u00e9 por meio de seu prefeito, Ique Vedovato, e assinada pelo advogado Everton Costa dos Santos Melo, solicita a suspens\u00e3o das obras de um emiss\u00e1rio que despejar\u00e1 efluentes de esgoto no Rio Tramanda\u00ed. As obras est\u00e3o sendo conduzidas pela Corsan Aegea, com efluentes provenientes das esta\u00e7\u00f5es de tratamento localizadas em Cap\u00e3o da Canoa e Xangri-L\u00e1.<\/p>\n\n\n\n<p>A A\u00e7\u00e3o Civil P\u00fablica foi protocolada na quinta-feira, 12 de setembro, e a fundamenta\u00e7\u00e3o inclui alertas de especialistas da Universidade Federal do Rio Grande do Sul (UFRGS). Os especialistas destacam que o lan\u00e7amento de efluentes no rio pode causar danos significativos \u00e0 fauna aqu\u00e1tica, incluindo esp\u00e9cies como botos, peixes e camar\u00f5es. Al\u00e9m disso, pode prejudicar a atividade pesqueira e comprometer a qualidade da \u00e1gua consumida pela popula\u00e7\u00e3o, especialmente afetando esp\u00e9cies de peixes amea\u00e7adas de extin\u00e7\u00e3o que habitam o estu\u00e1rio local.<\/p>\n\n\n\n<p>A decis\u00e3o da ju\u00edza de encaminhar o caso \u00e0 Justi\u00e7a Federal est\u00e1 baseada na observa\u00e7\u00e3o de que o despejo de efluentes no Rio Tramanda\u00ed est\u00e1 contemplado em um Termo de Ajustamento de Conduta (TAC), o qual foi homologado pela Justi\u00e7a Federal do Rio Grande do Sul (JFRS). O TAC resultou de um acordo entre o Minist\u00e9rio P\u00fablico Federal (MPF), o Minist\u00e9rio P\u00fablico do Rio Grande do Sul (MPRS), o munic\u00edpio de Xangri-L\u00e1, a Corsan, a Funda\u00e7\u00e3o Estadual de Prote\u00e7\u00e3o Ambiental (Fepam) e um grupo de empreendedores. Dada a conex\u00e3o com o TAC, a ju\u00edza considerou que seria imprudente e arriscado decidir sobre a suspens\u00e3o da obra sem a avalia\u00e7\u00e3o da Justi\u00e7a Federal, que tem a responsabilidade de supervisionar o cumprimento do acordo.<\/p>\n\n\n\n<p>A ju\u00edza tamb\u00e9m fez refer\u00eancia \u00e0 decis\u00e3o do desembargador Nelson Antonio Monteiro Pacheco, da 3\u00aa C\u00e2mara C\u00edvel do Tribunal de Justi\u00e7a do Rio Grande do Sul (TJRS). Em 11 de setembro, o desembargador suspendeu uma liminar que havia paralisado as obras. A liminar original foi concedida em uma a\u00e7\u00e3o popular proposta pelo vereador Ant\u00f4nio Augusto Galash, conhecido como Guto da Visual, e visava interromper a constru\u00e7\u00e3o do emiss\u00e1rio. A decis\u00e3o do desembargador Pacheco atendeu a um agravo de instrumento interposto pela Corsan e se manter\u00e1 em vigor at\u00e9 que o recurso seja definitivamente julgado pelo colegiado.<\/p>\n\n\n\n<p>A quest\u00e3o agora se desloca para a 9\u00aa Vara Federal, onde ser\u00e1 avaliada a continuidade da obra \u00e0 luz do TAC e das alega\u00e7\u00f5es apresentadas. A comunidade local e os grupos ambientais aguardam ansiosamente a decis\u00e3o da Justi\u00e7a Federal sobre este controverso projeto.<\/p>\n\n\n\n<p>Com isso, uma manifesta\u00e7\u00e3o contra, aconteceu no in\u00edcio da tarde desta segunda-feira, tendo como ponto de partida o Ceclimar. Moradores de Tramanda\u00ed, Imb\u00e9, Cidreira, Pinhal e Quint\u00e3o, entre outros munic\u00edpios, reivindicam a decis\u00e3o que autorizou a continua\u00e7\u00e3o da obra da Corsan Aegea. <br>Tamb\u00e9m participou, junto da popula\u00e7\u00e3o, a ju\u00edza Milene, autora do novo encaminhamento para Justi\u00e7a Federal.<\/p>\n","protected":false},"excerpt":{"rendered":"<p>Na sexta-feira, 13 de setembro, a ju\u00edza Milene Koerig Gessinger, da 3\u00aa Vara C\u00edvel da Comarca de Tramanda\u00ed, decidiu encaminhar uma A\u00e7\u00e3o Civil P\u00fablica \u00e0 9\u00aa Vara Federal de Porto Alegre. A a\u00e7\u00e3o, movida pelo munic\u00edpio de Imb\u00e9 por meio de seu prefeito, Ique Vedovato, e assinada pelo advogado Everton Costa dos Santos Melo, solicita [&hellip;]<\/p>\n","protected":false},"author":2,"featured_media":2993,"comment_status":"open","ping_status":"open","sticky":false,"template":"","format":"standard","meta":{"_themeisle_gutenberg_block_has_review":false,"footnotes":""},"categories":[20],"tags":[],"class_list":["post-2992","post","type-post","status-publish","format-standard","has-post-thumbnail","hentry","category-litoral_norte"],"yoast_head":"<!-- This site is optimized with the Yoast SEO plugin v27.4 - https:\/\/yoast.com\/product\/yoast-seo-wordpress\/ -->\n<title>Justi\u00e7a Federal do RS Avaliar\u00e1 Pedido de Suspens\u00e3o de Obra que Despejar\u00e1 Efluentes no Rio Tramanda\u00ed - Rede Litoral RS<\/title>\n<meta name=\"robots\" content=\"index, follow, max-snippet:-1, max-image-preview:large, max-video-preview:-1\" \/>\n<link rel=\"canonical\" href=\"https:\/\/redelitoralrs.com\/index.php\/2024\/09\/16\/justica-federal-do-rs-avaliara-pedido-de-suspensao-de-obra-que-despejara-efluentes-no-rio-tramandai\/\" \/>\n<meta property=\"og:locale\" content=\"pt_BR\" \/>\n<meta property=\"og:type\" content=\"article\" \/>\n<meta property=\"og:title\" content=\"Justi\u00e7a Federal do RS Avaliar\u00e1 Pedido de Suspens\u00e3o de Obra que Despejar\u00e1 Efluentes no Rio Tramanda\u00ed - Rede Litoral RS\" \/>\n<meta property=\"og:description\" content=\"Na sexta-feira, 13 de setembro, a ju\u00edza Milene Koerig Gessinger, da 3\u00aa Vara C\u00edvel da Comarca de Tramanda\u00ed, decidiu encaminhar uma A\u00e7\u00e3o Civil P\u00fablica \u00e0 9\u00aa Vara Federal de Porto Alegre. A a\u00e7\u00e3o, movida pelo munic\u00edpio de Imb\u00e9 por meio de seu prefeito, Ique Vedovato, e assinada pelo advogado Everton Costa dos Santos Melo, solicita [&hellip;]\" \/>\n<meta property=\"og:url\" content=\"https:\/\/redelitoralrs.com\/index.php\/2024\/09\/16\/justica-federal-do-rs-avaliara-pedido-de-suspensao-de-obra-que-despejara-efluentes-no-rio-tramandai\/\" \/>\n<meta property=\"og:site_name\" content=\"Rede Litoral RS\" \/>\n<meta property=\"article:publisher\" content=\"https:\/\/www.facebook.com\/tvlitoralrsoficial\" \/>\n<meta property=\"article:published_time\" content=\"2024-09-16T20:02:04+00:00\" \/>\n<meta property=\"article:modified_time\" content=\"2024-09-16T20:02:06+00:00\" \/>\n<meta property=\"og:image\" content=\"https:\/\/redelitoralrs.com\/wp-content\/uploads\/2024\/09\/rio-tramanda.png\" \/>\n\t<meta property=\"og:image:width\" content=\"825\" \/>\n\t<meta property=\"og:image:height\" content=\"556\" \/>\n\t<meta property=\"og:image:type\" content=\"image\/png\" \/>\n<meta name=\"author\" content=\"Reda\u00e7\u00e3o TV Litoral\" \/>\n<meta name=\"twitter:card\" content=\"summary_large_image\" \/>\n<meta name=\"twitter:label1\" content=\"Escrito por\" \/>\n\t<meta name=\"twitter:data1\" content=\"Reda\u00e7\u00e3o TV Litoral\" \/>\n\t<meta name=\"twitter:label2\" content=\"Est. tempo de leitura\" \/>\n\t<meta name=\"twitter:data2\" content=\"3 minutos\" \/>\n<script type=\"application\/ld+json\" class=\"yoast-schema-graph\">{\"@context\":\"https:\\\/\\\/schema.org\",\"@graph\":[{\"@type\":\"Article\",\"@id\":\"https:\\\/\\\/redelitoralrs.com\\\/index.php\\\/2024\\\/09\\\/16\\\/justica-federal-do-rs-avaliara-pedido-de-suspensao-de-obra-que-despejara-efluentes-no-rio-tramandai\\\/#article\",\"isPartOf\":{\"@id\":\"https:\\\/\\\/redelitoralrs.com\\\/index.php\\\/2024\\\/09\\\/16\\\/justica-federal-do-rs-avaliara-pedido-de-suspensao-de-obra-que-despejara-efluentes-no-rio-tramandai\\\/\"},\"author\":{\"name\":\"Reda\u00e7\u00e3o TV Litoral\",\"@id\":\"https:\\\/\\\/redelitoralrs.com\\\/#\\\/schema\\\/person\\\/9f8181f2a7359dd3986f05ebaf5bd68a\"},\"headline\":\"Justi\u00e7a Federal do RS Avaliar\u00e1 Pedido de Suspens\u00e3o de Obra que Despejar\u00e1 Efluentes no Rio Tramanda\u00ed\",\"datePublished\":\"2024-09-16T20:02:04+00:00\",\"dateModified\":\"2024-09-16T20:02:06+00:00\",\"mainEntityOfPage\":{\"@id\":\"https:\\\/\\\/redelitoralrs.com\\\/index.php\\\/2024\\\/09\\\/16\\\/justica-federal-do-rs-avaliara-pedido-de-suspensao-de-obra-que-despejara-efluentes-no-rio-tramandai\\\/\"},\"wordCount\":563,\"commentCount\":0,\"publisher\":{\"@id\":\"https:\\\/\\\/redelitoralrs.com\\\/#organization\"},\"image\":{\"@id\":\"https:\\\/\\\/redelitoralrs.com\\\/index.php\\\/2024\\\/09\\\/16\\\/justica-federal-do-rs-avaliara-pedido-de-suspensao-de-obra-que-despejara-efluentes-no-rio-tramandai\\\/#primaryimage\"},\"thumbnailUrl\":\"https:\\\/\\\/redelitoralrs.com\\\/wp-content\\\/uploads\\\/2024\\\/09\\\/rio-tramanda.png\",\"articleSection\":[\"Litoral Norte\"],\"inLanguage\":\"pt-BR\",\"potentialAction\":[{\"@type\":\"CommentAction\",\"name\":\"Comment\",\"target\":[\"https:\\\/\\\/redelitoralrs.com\\\/index.php\\\/2024\\\/09\\\/16\\\/justica-federal-do-rs-avaliara-pedido-de-suspensao-de-obra-que-despejara-efluentes-no-rio-tramandai\\\/#respond\"]}]},{\"@type\":\"WebPage\",\"@id\":\"https:\\\/\\\/redelitoralrs.com\\\/index.php\\\/2024\\\/09\\\/16\\\/justica-federal-do-rs-avaliara-pedido-de-suspensao-de-obra-que-despejara-efluentes-no-rio-tramandai\\\/\",\"url\":\"https:\\\/\\\/redelitoralrs.com\\\/index.php\\\/2024\\\/09\\\/16\\\/justica-federal-do-rs-avaliara-pedido-de-suspensao-de-obra-que-despejara-efluentes-no-rio-tramandai\\\/\",\"name\":\"Justi\u00e7a Federal do RS Avaliar\u00e1 Pedido de Suspens\u00e3o de Obra que Despejar\u00e1 Efluentes no Rio Tramanda\u00ed - Rede Litoral RS\",\"isPartOf\":{\"@id\":\"https:\\\/\\\/redelitoralrs.com\\\/#website\"},\"primaryImageOfPage\":{\"@id\":\"https:\\\/\\\/redelitoralrs.com\\\/index.php\\\/2024\\\/09\\\/16\\\/justica-federal-do-rs-avaliara-pedido-de-suspensao-de-obra-que-despejara-efluentes-no-rio-tramandai\\\/#primaryimage\"},\"image\":{\"@id\":\"https:\\\/\\\/redelitoralrs.com\\\/index.php\\\/2024\\\/09\\\/16\\\/justica-federal-do-rs-avaliara-pedido-de-suspensao-de-obra-que-despejara-efluentes-no-rio-tramandai\\\/#primaryimage\"},\"thumbnailUrl\":\"https:\\\/\\\/redelitoralrs.com\\\/wp-content\\\/uploads\\\/2024\\\/09\\\/rio-tramanda.png\",\"datePublished\":\"2024-09-16T20:02:04+00:00\",\"dateModified\":\"2024-09-16T20:02:06+00:00\",\"breadcrumb\":{\"@id\":\"https:\\\/\\\/redelitoralrs.com\\\/index.php\\\/2024\\\/09\\\/16\\\/justica-federal-do-rs-avaliara-pedido-de-suspensao-de-obra-que-despejara-efluentes-no-rio-tramandai\\\/#breadcrumb\"},\"inLanguage\":\"pt-BR\",\"potentialAction\":[{\"@type\":\"ReadAction\",\"target\":[\"https:\\\/\\\/redelitoralrs.com\\\/index.php\\\/2024\\\/09\\\/16\\\/justica-federal-do-rs-avaliara-pedido-de-suspensao-de-obra-que-despejara-efluentes-no-rio-tramandai\\\/\"]}]},{\"@type\":\"ImageObject\",\"inLanguage\":\"pt-BR\",\"@id\":\"https:\\\/\\\/redelitoralrs.com\\\/index.php\\\/2024\\\/09\\\/16\\\/justica-federal-do-rs-avaliara-pedido-de-suspensao-de-obra-que-despejara-efluentes-no-rio-tramandai\\\/#primaryimage\",\"url\":\"https:\\\/\\\/redelitoralrs.com\\\/wp-content\\\/uploads\\\/2024\\\/09\\\/rio-tramanda.png\",\"contentUrl\":\"https:\\\/\\\/redelitoralrs.com\\\/wp-content\\\/uploads\\\/2024\\\/09\\\/rio-tramanda.png\",\"width\":825,\"height\":556},{\"@type\":\"BreadcrumbList\",\"@id\":\"https:\\\/\\\/redelitoralrs.com\\\/index.php\\\/2024\\\/09\\\/16\\\/justica-federal-do-rs-avaliara-pedido-de-suspensao-de-obra-que-despejara-efluentes-no-rio-tramandai\\\/#breadcrumb\",\"itemListElement\":[{\"@type\":\"ListItem\",\"position\":1,\"name\":\"In\u00edcio\",\"item\":\"https:\\\/\\\/redelitoralrs.com\\\/\"},{\"@type\":\"ListItem\",\"position\":2,\"name\":\"Justi\u00e7a Federal do RS Avaliar\u00e1 Pedido de Suspens\u00e3o de Obra que Despejar\u00e1 Efluentes no Rio Tramanda\u00ed\"}]},{\"@type\":\"WebSite\",\"@id\":\"https:\\\/\\\/redelitoralrs.com\\\/#website\",\"url\":\"https:\\\/\\\/redelitoralrs.com\\\/\",\"name\":\"TV Litoral\",\"description\":\"Acompanhe tudo do litoral ga\u00facho com a cobertura completa e atualizada da Rede Litoral RS. Nossos jornalistas trazem as \u00faltimas not\u00edcias, os acontecimentos mais quentes e as hist\u00f3rias que importam sobre nosso amado litoral.\",\"publisher\":{\"@id\":\"https:\\\/\\\/redelitoralrs.com\\\/#organization\"},\"potentialAction\":[{\"@type\":\"SearchAction\",\"target\":{\"@type\":\"EntryPoint\",\"urlTemplate\":\"https:\\\/\\\/redelitoralrs.com\\\/?s={search_term_string}\"},\"query-input\":{\"@type\":\"PropertyValueSpecification\",\"valueRequired\":true,\"valueName\":\"search_term_string\"}}],\"inLanguage\":\"pt-BR\"},{\"@type\":\"Organization\",\"@id\":\"https:\\\/\\\/redelitoralrs.com\\\/#organization\",\"name\":\"TV Litoral\",\"url\":\"https:\\\/\\\/redelitoralrs.com\\\/\",\"logo\":{\"@type\":\"ImageObject\",\"inLanguage\":\"pt-BR\",\"@id\":\"https:\\\/\\\/redelitoralrs.com\\\/#\\\/schema\\\/logo\\\/image\\\/\",\"url\":\"https:\\\/\\\/redelitoralrs.com\\\/wp-content\\\/uploads\\\/2024\\\/01\\\/faviconicon-1-1.png\",\"contentUrl\":\"https:\\\/\\\/redelitoralrs.com\\\/wp-content\\\/uploads\\\/2024\\\/01\\\/faviconicon-1-1.png\",\"width\":454,\"height\":454,\"caption\":\"TV Litoral\"},\"image\":{\"@id\":\"https:\\\/\\\/redelitoralrs.com\\\/#\\\/schema\\\/logo\\\/image\\\/\"},\"sameAs\":[\"https:\\\/\\\/www.facebook.com\\\/tvlitoralrsoficial\",\"https:\\\/\\\/www.instagram.com\\\/tvlitoral.rs\"]},{\"@type\":\"Person\",\"@id\":\"https:\\\/\\\/redelitoralrs.com\\\/#\\\/schema\\\/person\\\/9f8181f2a7359dd3986f05ebaf5bd68a\",\"name\":\"Reda\u00e7\u00e3o TV Litoral\",\"image\":{\"@type\":\"ImageObject\",\"inLanguage\":\"pt-BR\",\"@id\":\"https:\\\/\\\/redelitoralrs.com\\\/wp-content\\\/litespeed\\\/avatar\\\/779aafbb45e66c7f82733e21abb48259.jpg?ver=1777561602\",\"url\":\"https:\\\/\\\/redelitoralrs.com\\\/wp-content\\\/litespeed\\\/avatar\\\/779aafbb45e66c7f82733e21abb48259.jpg?ver=1777561602\",\"contentUrl\":\"https:\\\/\\\/redelitoralrs.com\\\/wp-content\\\/litespeed\\\/avatar\\\/779aafbb45e66c7f82733e21abb48259.jpg?ver=1777561602\",\"caption\":\"Reda\u00e7\u00e3o TV Litoral\"},\"description\":\"A Rede Litoral de Comunica\u00e7\u00e3o \u00e9 um grupo de m\u00eddia multiplataforma do Litoral Norte do RS. Com atua\u00e7\u00e3o em TV, r\u00e1dio, portal e redes sociais, levamos informa\u00e7\u00e3o, conte\u00fado e entretenimento \u00e0 comunidade, fortalecendo a comunica\u00e7\u00e3o local e impulsionando o desenvolvimento regional. Acompanhe atrav\u00e9s de @redelitoralrs.\",\"sameAs\":[\"https:\\\/\\\/redelitoralrs.com\",\"https:\\\/\\\/www.instagram.com\\\/redelitoralrs\",\"https:\\\/\\\/www.youtube.com\\\/@redelitoralrs\"],\"url\":\"https:\\\/\\\/redelitoralrs.com\\\/index.php\\\/author\\\/redacaotvlitoral\\\/\"}]}<\/script>\n<!-- \/ Yoast SEO plugin. -->","yoast_head_json":{"title":"Justi\u00e7a Federal do RS Avaliar\u00e1 Pedido de Suspens\u00e3o de Obra que Despejar\u00e1 Efluentes no Rio Tramanda\u00ed - Rede Litoral RS","robots":{"index":"index","follow":"follow","max-snippet":"max-snippet:-1","max-image-preview":"max-image-preview:large","max-video-preview":"max-video-preview:-1"},"canonical":"https:\/\/redelitoralrs.com\/index.php\/2024\/09\/16\/justica-federal-do-rs-avaliara-pedido-de-suspensao-de-obra-que-despejara-efluentes-no-rio-tramandai\/","og_locale":"pt_BR","og_type":"article","og_title":"Justi\u00e7a Federal do RS Avaliar\u00e1 Pedido de Suspens\u00e3o de Obra que Despejar\u00e1 Efluentes no Rio Tramanda\u00ed - Rede Litoral RS","og_description":"Na sexta-feira, 13 de setembro, a ju\u00edza Milene Koerig Gessinger, da 3\u00aa Vara C\u00edvel da Comarca de Tramanda\u00ed, decidiu encaminhar uma A\u00e7\u00e3o Civil P\u00fablica \u00e0 9\u00aa Vara Federal de Porto Alegre. A a\u00e7\u00e3o, movida pelo munic\u00edpio de Imb\u00e9 por meio de seu prefeito, Ique Vedovato, e assinada pelo advogado Everton Costa dos Santos Melo, solicita [&hellip;]","og_url":"https:\/\/redelitoralrs.com\/index.php\/2024\/09\/16\/justica-federal-do-rs-avaliara-pedido-de-suspensao-de-obra-que-despejara-efluentes-no-rio-tramandai\/","og_site_name":"Rede Litoral RS","article_publisher":"https:\/\/www.facebook.com\/tvlitoralrsoficial","article_published_time":"2024-09-16T20:02:04+00:00","article_modified_time":"2024-09-16T20:02:06+00:00","og_image":[{"width":825,"height":556,"url":"https:\/\/redelitoralrs.com\/wp-content\/uploads\/2024\/09\/rio-tramanda.png","type":"image\/png"}],"author":"Reda\u00e7\u00e3o TV Litoral","twitter_card":"summary_large_image","twitter_misc":{"Escrito por":"Reda\u00e7\u00e3o TV Litoral","Est. tempo de leitura":"3 minutos"},"schema":{"@context":"https:\/\/schema.org","@graph":[{"@type":"Article","@id":"https:\/\/redelitoralrs.com\/index.php\/2024\/09\/16\/justica-federal-do-rs-avaliara-pedido-de-suspensao-de-obra-que-despejara-efluentes-no-rio-tramandai\/#article","isPartOf":{"@id":"https:\/\/redelitoralrs.com\/index.php\/2024\/09\/16\/justica-federal-do-rs-avaliara-pedido-de-suspensao-de-obra-que-despejara-efluentes-no-rio-tramandai\/"},"author":{"name":"Reda\u00e7\u00e3o TV Litoral","@id":"https:\/\/redelitoralrs.com\/#\/schema\/person\/9f8181f2a7359dd3986f05ebaf5bd68a"},"headline":"Justi\u00e7a Federal do RS Avaliar\u00e1 Pedido de Suspens\u00e3o de Obra que Despejar\u00e1 Efluentes no Rio Tramanda\u00ed","datePublished":"2024-09-16T20:02:04+00:00","dateModified":"2024-09-16T20:02:06+00:00","mainEntityOfPage":{"@id":"https:\/\/redelitoralrs.com\/index.php\/2024\/09\/16\/justica-federal-do-rs-avaliara-pedido-de-suspensao-de-obra-que-despejara-efluentes-no-rio-tramandai\/"},"wordCount":563,"commentCount":0,"publisher":{"@id":"https:\/\/redelitoralrs.com\/#organization"},"image":{"@id":"https:\/\/redelitoralrs.com\/index.php\/2024\/09\/16\/justica-federal-do-rs-avaliara-pedido-de-suspensao-de-obra-que-despejara-efluentes-no-rio-tramandai\/#primaryimage"},"thumbnailUrl":"https:\/\/redelitoralrs.com\/wp-content\/uploads\/2024\/09\/rio-tramanda.png","articleSection":["Litoral Norte"],"inLanguage":"pt-BR","potentialAction":[{"@type":"CommentAction","name":"Comment","target":["https:\/\/redelitoralrs.com\/index.php\/2024\/09\/16\/justica-federal-do-rs-avaliara-pedido-de-suspensao-de-obra-que-despejara-efluentes-no-rio-tramandai\/#respond"]}]},{"@type":"WebPage","@id":"https:\/\/redelitoralrs.com\/index.php\/2024\/09\/16\/justica-federal-do-rs-avaliara-pedido-de-suspensao-de-obra-que-despejara-efluentes-no-rio-tramandai\/","url":"https:\/\/redelitoralrs.com\/index.php\/2024\/09\/16\/justica-federal-do-rs-avaliara-pedido-de-suspensao-de-obra-que-despejara-efluentes-no-rio-tramandai\/","name":"Justi\u00e7a Federal do RS Avaliar\u00e1 Pedido de Suspens\u00e3o de Obra que Despejar\u00e1 Efluentes no Rio Tramanda\u00ed - Rede Litoral RS","isPartOf":{"@id":"https:\/\/redelitoralrs.com\/#website"},"primaryImageOfPage":{"@id":"https:\/\/redelitoralrs.com\/index.php\/2024\/09\/16\/justica-federal-do-rs-avaliara-pedido-de-suspensao-de-obra-que-despejara-efluentes-no-rio-tramandai\/#primaryimage"},"image":{"@id":"https:\/\/redelitoralrs.com\/index.php\/2024\/09\/16\/justica-federal-do-rs-avaliara-pedido-de-suspensao-de-obra-que-despejara-efluentes-no-rio-tramandai\/#primaryimage"},"thumbnailUrl":"https:\/\/redelitoralrs.com\/wp-content\/uploads\/2024\/09\/rio-tramanda.png","datePublished":"2024-09-16T20:02:04+00:00","dateModified":"2024-09-16T20:02:06+00:00","breadcrumb":{"@id":"https:\/\/redelitoralrs.com\/index.php\/2024\/09\/16\/justica-federal-do-rs-avaliara-pedido-de-suspensao-de-obra-que-despejara-efluentes-no-rio-tramandai\/#breadcrumb"},"inLanguage":"pt-BR","potentialAction":[{"@type":"ReadAction","target":["https:\/\/redelitoralrs.com\/index.php\/2024\/09\/16\/justica-federal-do-rs-avaliara-pedido-de-suspensao-de-obra-que-despejara-efluentes-no-rio-tramandai\/"]}]},{"@type":"ImageObject","inLanguage":"pt-BR","@id":"https:\/\/redelitoralrs.com\/index.php\/2024\/09\/16\/justica-federal-do-rs-avaliara-pedido-de-suspensao-de-obra-que-despejara-efluentes-no-rio-tramandai\/#primaryimage","url":"https:\/\/redelitoralrs.com\/wp-content\/uploads\/2024\/09\/rio-tramanda.png","contentUrl":"https:\/\/redelitoralrs.com\/wp-content\/uploads\/2024\/09\/rio-tramanda.png","width":825,"height":556},{"@type":"BreadcrumbList","@id":"https:\/\/redelitoralrs.com\/index.php\/2024\/09\/16\/justica-federal-do-rs-avaliara-pedido-de-suspensao-de-obra-que-despejara-efluentes-no-rio-tramandai\/#breadcrumb","itemListElement":[{"@type":"ListItem","position":1,"name":"In\u00edcio","item":"https:\/\/redelitoralrs.com\/"},{"@type":"ListItem","position":2,"name":"Justi\u00e7a Federal do RS Avaliar\u00e1 Pedido de Suspens\u00e3o de Obra que Despejar\u00e1 Efluentes no Rio Tramanda\u00ed"}]},{"@type":"WebSite","@id":"https:\/\/redelitoralrs.com\/#website","url":"https:\/\/redelitoralrs.com\/","name":"TV Litoral","description":"Acompanhe tudo do litoral ga\u00facho com a cobertura completa e atualizada da Rede Litoral RS. Nossos jornalistas trazem as \u00faltimas not\u00edcias, os acontecimentos mais quentes e as hist\u00f3rias que importam sobre nosso amado litoral.","publisher":{"@id":"https:\/\/redelitoralrs.com\/#organization"},"potentialAction":[{"@type":"SearchAction","target":{"@type":"EntryPoint","urlTemplate":"https:\/\/redelitoralrs.com\/?s={search_term_string}"},"query-input":{"@type":"PropertyValueSpecification","valueRequired":true,"valueName":"search_term_string"}}],"inLanguage":"pt-BR"},{"@type":"Organization","@id":"https:\/\/redelitoralrs.com\/#organization","name":"TV Litoral","url":"https:\/\/redelitoralrs.com\/","logo":{"@type":"ImageObject","inLanguage":"pt-BR","@id":"https:\/\/redelitoralrs.com\/#\/schema\/logo\/image\/","url":"https:\/\/redelitoralrs.com\/wp-content\/uploads\/2024\/01\/faviconicon-1-1.png","contentUrl":"https:\/\/redelitoralrs.com\/wp-content\/uploads\/2024\/01\/faviconicon-1-1.png","width":454,"height":454,"caption":"TV Litoral"},"image":{"@id":"https:\/\/redelitoralrs.com\/#\/schema\/logo\/image\/"},"sameAs":["https:\/\/www.facebook.com\/tvlitoralrsoficial","https:\/\/www.instagram.com\/tvlitoral.rs"]},{"@type":"Person","@id":"https:\/\/redelitoralrs.com\/#\/schema\/person\/9f8181f2a7359dd3986f05ebaf5bd68a","name":"Reda\u00e7\u00e3o TV Litoral","image":{"@type":"ImageObject","inLanguage":"pt-BR","@id":"https:\/\/redelitoralrs.com\/wp-content\/litespeed\/avatar\/779aafbb45e66c7f82733e21abb48259.jpg?ver=1777561602","url":"https:\/\/redelitoralrs.com\/wp-content\/litespeed\/avatar\/779aafbb45e66c7f82733e21abb48259.jpg?ver=1777561602","contentUrl":"https:\/\/redelitoralrs.com\/wp-content\/litespeed\/avatar\/779aafbb45e66c7f82733e21abb48259.jpg?ver=1777561602","caption":"Reda\u00e7\u00e3o TV Litoral"},"description":"A Rede Litoral de Comunica\u00e7\u00e3o \u00e9 um grupo de m\u00eddia multiplataforma do Litoral Norte do RS. Com atua\u00e7\u00e3o em TV, r\u00e1dio, portal e redes sociais, levamos informa\u00e7\u00e3o, conte\u00fado e entretenimento \u00e0 comunidade, fortalecendo a comunica\u00e7\u00e3o local e impulsionando o desenvolvimento regional. Acompanhe atrav\u00e9s de @redelitoralrs.","sameAs":["https:\/\/redelitoralrs.com","https:\/\/www.instagram.com\/redelitoralrs","https:\/\/www.youtube.com\/@redelitoralrs"],"url":"https:\/\/redelitoralrs.com\/index.php\/author\/redacaotvlitoral\/"}]}},"_links":{"self":[{"href":"https:\/\/redelitoralrs.com\/index.php\/wp-json\/wp\/v2\/posts\/2992","targetHints":{"allow":["GET"]}}],"collection":[{"href":"https:\/\/redelitoralrs.com\/index.php\/wp-json\/wp\/v2\/posts"}],"about":[{"href":"https:\/\/redelitoralrs.com\/index.php\/wp-json\/wp\/v2\/types\/post"}],"author":[{"embeddable":true,"href":"https:\/\/redelitoralrs.com\/index.php\/wp-json\/wp\/v2\/users\/2"}],"replies":[{"embeddable":true,"href":"https:\/\/redelitoralrs.com\/index.php\/wp-json\/wp\/v2\/comments?post=2992"}],"version-history":[{"count":1,"href":"https:\/\/redelitoralrs.com\/index.php\/wp-json\/wp\/v2\/posts\/2992\/revisions"}],"predecessor-version":[{"id":2994,"href":"https:\/\/redelitoralrs.com\/index.php\/wp-json\/wp\/v2\/posts\/2992\/revisions\/2994"}],"wp:featuredmedia":[{"embeddable":true,"href":"https:\/\/redelitoralrs.com\/index.php\/wp-json\/wp\/v2\/media\/2993"}],"wp:attachment":[{"href":"https:\/\/redelitoralrs.com\/index.php\/wp-json\/wp\/v2\/media?parent=2992"}],"wp:term":[{"taxonomy":"category","embeddable":true,"href":"https:\/\/redelitoralrs.com\/index.php\/wp-json\/wp\/v2\/categories?post=2992"},{"taxonomy":"post_tag","embeddable":true,"href":"https:\/\/redelitoralrs.com\/index.php\/wp-json\/wp\/v2\/tags?post=2992"}],"curies":[{"name":"wp","href":"https:\/\/api.w.org\/{rel}","templated":true}]}}