{"id":2954,"date":"2024-09-12T15:00:52","date_gmt":"2024-09-12T18:00:52","guid":{"rendered":"https:\/\/redelitoralrs.com\/?p=2954"},"modified":"2024-09-12T15:00:53","modified_gmt":"2024-09-12T18:00:53","slug":"motociclista-e-socorrido-em-estado-grave-apos-colisao-com-micro-onibus-em-osorio","status":"publish","type":"post","link":"https:\/\/redelitoralrs.com\/index.php\/2024\/09\/12\/motociclista-e-socorrido-em-estado-grave-apos-colisao-com-micro-onibus-em-osorio\/","title":{"rendered":"Motociclista \u00e9 Socorrido em Estado Grave Ap\u00f3s Colis\u00e3o com Micro-\u00f4nibus em Os\u00f3rio"},"content":{"rendered":"\n<p>Um acidente s\u00e9rio ocorreu nesta quarta-feira, dia 11 de setembro, na Rodovia Jacobs Formagio, mais conhecida como Estrada da Invernada, no Morro da Bor\u00fassia, em Os\u00f3rio. envolvendo um micro-\u00f4nibus e um motociclista.&nbsp;<\/p>\n\n\n\n<p>O impacto entre os ve\u00edculos gerou uma mobiliza\u00e7\u00e3o r\u00e1pida das equipes de resgate, que chegaram ao local para prestar socorro \u00e0 v\u00edtima, que foi imediatamente transportada ao Hospital Cristo Redentor, em Porto Alegre, com a suspeita de ter sofrido uma les\u00e3o significativa na cabe\u00e7a. As primeiras informa\u00e7\u00f5es que circularam em grupos de WhatsApp eram preocupantes, sugerindo que o estado de sa\u00fade do motociclista era muito grave e que ele havia sofrido m\u00faltiplas les\u00f5es.<\/p>\n\n\n\n<p>Por\u00e9m, uma atualiza\u00e7\u00e3o m\u00e9dica ap\u00f3s exames mais detalhados, realizados na capital, informaram que n\u00e3o ocorreram les\u00f5es cerebrais graves, embora o motociclista ainda permane\u00e7a em observa\u00e7\u00e3o e realizando exames adicionais para garantir uma avalia\u00e7\u00e3o completa da situa\u00e7\u00e3o.<\/p>\n","protected":false},"excerpt":{"rendered":"<p>Um acidente s\u00e9rio ocorreu nesta quarta-feira, dia 11 de setembro, na Rodovia Jacobs Formagio, mais conhecida como Estrada da Invernada, no Morro da Bor\u00fassia, em Os\u00f3rio. envolvendo um micro-\u00f4nibus e um motociclista.&nbsp; O impacto entre os ve\u00edculos gerou uma mobiliza\u00e7\u00e3o r\u00e1pida das equipes de resgate, que chegaram ao local para prestar socorro \u00e0 v\u00edtima, que [&hellip;]<\/p>\n","protected":false},"author":2,"featured_media":2955,"comment_status":"open","ping_status":"open","sticky":false,"template":"","format":"standard","meta":{"_themeisle_gutenberg_block_has_review":false,"footnotes":""},"categories":[172],"tags":[103,92,128],"class_list":["post-2954","post","type-post","status-publish","format-standard","has-post-thumbnail","hentry","category-osorio","tag-litoral-norte","tag-noticia","tag-rio-grande-do-sul"],"yoast_head":"<!-- This site is optimized with the Yoast SEO plugin v27.4 - https:\/\/yoast.com\/product\/yoast-seo-wordpress\/ -->\n<title>Motociclista \u00e9 Socorrido em Estado Grave Ap\u00f3s Colis\u00e3o com Micro-\u00f4nibus em Os\u00f3rio - Rede Litoral RS<\/title>\n<meta name=\"robots\" content=\"index, follow, max-snippet:-1, max-image-preview:large, max-video-preview:-1\" \/>\n<link rel=\"canonical\" href=\"https:\/\/redelitoralrs.com\/index.php\/2024\/09\/12\/motociclista-e-socorrido-em-estado-grave-apos-colisao-com-micro-onibus-em-osorio\/\" \/>\n<meta property=\"og:locale\" content=\"pt_BR\" \/>\n<meta property=\"og:type\" content=\"article\" \/>\n<meta property=\"og:title\" content=\"Motociclista \u00e9 Socorrido em Estado Grave Ap\u00f3s Colis\u00e3o com Micro-\u00f4nibus em Os\u00f3rio - Rede Litoral RS\" \/>\n<meta property=\"og:description\" content=\"Um acidente s\u00e9rio ocorreu nesta quarta-feira, dia 11 de setembro, na Rodovia Jacobs Formagio, mais conhecida como Estrada da Invernada, no Morro da Bor\u00fassia, em Os\u00f3rio. envolvendo um micro-\u00f4nibus e um motociclista.&nbsp; O impacto entre os ve\u00edculos gerou uma mobiliza\u00e7\u00e3o r\u00e1pida das equipes de resgate, que chegaram ao local para prestar socorro \u00e0 v\u00edtima, que [&hellip;]\" \/>\n<meta property=\"og:url\" content=\"https:\/\/redelitoralrs.com\/index.php\/2024\/09\/12\/motociclista-e-socorrido-em-estado-grave-apos-colisao-com-micro-onibus-em-osorio\/\" \/>\n<meta property=\"og:site_name\" content=\"Rede Litoral RS\" \/>\n<meta property=\"article:publisher\" content=\"https:\/\/www.facebook.com\/tvlitoralrsoficial\" \/>\n<meta property=\"article:published_time\" content=\"2024-09-12T18:00:52+00:00\" \/>\n<meta property=\"article:modified_time\" content=\"2024-09-12T18:00:53+00:00\" \/>\n<meta property=\"og:image\" content=\"https:\/\/redelitoralrs.com\/wp-content\/uploads\/2024\/09\/acidente-borussia.jpg\" \/>\n\t<meta property=\"og:image:width\" content=\"1080\" \/>\n\t<meta property=\"og:image:height\" content=\"1080\" \/>\n\t<meta property=\"og:image:type\" content=\"image\/jpeg\" \/>\n<meta name=\"author\" content=\"Reda\u00e7\u00e3o TV Litoral\" \/>\n<meta name=\"twitter:card\" content=\"summary_large_image\" \/>\n<meta name=\"twitter:label1\" content=\"Escrito por\" \/>\n\t<meta name=\"twitter:data1\" content=\"Reda\u00e7\u00e3o TV Litoral\" \/>\n\t<meta name=\"twitter:label2\" content=\"Est. tempo de leitura\" \/>\n\t<meta name=\"twitter:data2\" content=\"1 minuto\" \/>\n<script type=\"application\/ld+json\" class=\"yoast-schema-graph\">{\"@context\":\"https:\\\/\\\/schema.org\",\"@graph\":[{\"@type\":\"Article\",\"@id\":\"https:\\\/\\\/redelitoralrs.com\\\/index.php\\\/2024\\\/09\\\/12\\\/motociclista-e-socorrido-em-estado-grave-apos-colisao-com-micro-onibus-em-osorio\\\/#article\",\"isPartOf\":{\"@id\":\"https:\\\/\\\/redelitoralrs.com\\\/index.php\\\/2024\\\/09\\\/12\\\/motociclista-e-socorrido-em-estado-grave-apos-colisao-com-micro-onibus-em-osorio\\\/\"},\"author\":{\"name\":\"Reda\u00e7\u00e3o TV Litoral\",\"@id\":\"https:\\\/\\\/redelitoralrs.com\\\/#\\\/schema\\\/person\\\/9f8181f2a7359dd3986f05ebaf5bd68a\"},\"headline\":\"Motociclista \u00e9 Socorrido em Estado Grave Ap\u00f3s Colis\u00e3o com Micro-\u00f4nibus em Os\u00f3rio\",\"datePublished\":\"2024-09-12T18:00:52+00:00\",\"dateModified\":\"2024-09-12T18:00:53+00:00\",\"mainEntityOfPage\":{\"@id\":\"https:\\\/\\\/redelitoralrs.com\\\/index.php\\\/2024\\\/09\\\/12\\\/motociclista-e-socorrido-em-estado-grave-apos-colisao-com-micro-onibus-em-osorio\\\/\"},\"wordCount\":179,\"commentCount\":0,\"publisher\":{\"@id\":\"https:\\\/\\\/redelitoralrs.com\\\/#organization\"},\"image\":{\"@id\":\"https:\\\/\\\/redelitoralrs.com\\\/index.php\\\/2024\\\/09\\\/12\\\/motociclista-e-socorrido-em-estado-grave-apos-colisao-com-micro-onibus-em-osorio\\\/#primaryimage\"},\"thumbnailUrl\":\"https:\\\/\\\/redelitoralrs.com\\\/wp-content\\\/uploads\\\/2024\\\/09\\\/acidente-borussia.jpg\",\"keywords\":[\"litoral norte\",\"not\u00edcia\",\"rio grande do sul\"],\"articleSection\":[\"Os\u00f3rio\"],\"inLanguage\":\"pt-BR\",\"potentialAction\":[{\"@type\":\"CommentAction\",\"name\":\"Comment\",\"target\":[\"https:\\\/\\\/redelitoralrs.com\\\/index.php\\\/2024\\\/09\\\/12\\\/motociclista-e-socorrido-em-estado-grave-apos-colisao-com-micro-onibus-em-osorio\\\/#respond\"]}]},{\"@type\":\"WebPage\",\"@id\":\"https:\\\/\\\/redelitoralrs.com\\\/index.php\\\/2024\\\/09\\\/12\\\/motociclista-e-socorrido-em-estado-grave-apos-colisao-com-micro-onibus-em-osorio\\\/\",\"url\":\"https:\\\/\\\/redelitoralrs.com\\\/index.php\\\/2024\\\/09\\\/12\\\/motociclista-e-socorrido-em-estado-grave-apos-colisao-com-micro-onibus-em-osorio\\\/\",\"name\":\"Motociclista \u00e9 Socorrido em Estado Grave Ap\u00f3s Colis\u00e3o com Micro-\u00f4nibus em Os\u00f3rio - Rede Litoral RS\",\"isPartOf\":{\"@id\":\"https:\\\/\\\/redelitoralrs.com\\\/#website\"},\"primaryImageOfPage\":{\"@id\":\"https:\\\/\\\/redelitoralrs.com\\\/index.php\\\/2024\\\/09\\\/12\\\/motociclista-e-socorrido-em-estado-grave-apos-colisao-com-micro-onibus-em-osorio\\\/#primaryimage\"},\"image\":{\"@id\":\"https:\\\/\\\/redelitoralrs.com\\\/index.php\\\/2024\\\/09\\\/12\\\/motociclista-e-socorrido-em-estado-grave-apos-colisao-com-micro-onibus-em-osorio\\\/#primaryimage\"},\"thumbnailUrl\":\"https:\\\/\\\/redelitoralrs.com\\\/wp-content\\\/uploads\\\/2024\\\/09\\\/acidente-borussia.jpg\",\"datePublished\":\"2024-09-12T18:00:52+00:00\",\"dateModified\":\"2024-09-12T18:00:53+00:00\",\"breadcrumb\":{\"@id\":\"https:\\\/\\\/redelitoralrs.com\\\/index.php\\\/2024\\\/09\\\/12\\\/motociclista-e-socorrido-em-estado-grave-apos-colisao-com-micro-onibus-em-osorio\\\/#breadcrumb\"},\"inLanguage\":\"pt-BR\",\"potentialAction\":[{\"@type\":\"ReadAction\",\"target\":[\"https:\\\/\\\/redelitoralrs.com\\\/index.php\\\/2024\\\/09\\\/12\\\/motociclista-e-socorrido-em-estado-grave-apos-colisao-com-micro-onibus-em-osorio\\\/\"]}]},{\"@type\":\"ImageObject\",\"inLanguage\":\"pt-BR\",\"@id\":\"https:\\\/\\\/redelitoralrs.com\\\/index.php\\\/2024\\\/09\\\/12\\\/motociclista-e-socorrido-em-estado-grave-apos-colisao-com-micro-onibus-em-osorio\\\/#primaryimage\",\"url\":\"https:\\\/\\\/redelitoralrs.com\\\/wp-content\\\/uploads\\\/2024\\\/09\\\/acidente-borussia.jpg\",\"contentUrl\":\"https:\\\/\\\/redelitoralrs.com\\\/wp-content\\\/uploads\\\/2024\\\/09\\\/acidente-borussia.jpg\",\"width\":1080,\"height\":1080},{\"@type\":\"BreadcrumbList\",\"@id\":\"https:\\\/\\\/redelitoralrs.com\\\/index.php\\\/2024\\\/09\\\/12\\\/motociclista-e-socorrido-em-estado-grave-apos-colisao-com-micro-onibus-em-osorio\\\/#breadcrumb\",\"itemListElement\":[{\"@type\":\"ListItem\",\"position\":1,\"name\":\"In\u00edcio\",\"item\":\"https:\\\/\\\/redelitoralrs.com\\\/\"},{\"@type\":\"ListItem\",\"position\":2,\"name\":\"Motociclista \u00e9 Socorrido em Estado Grave Ap\u00f3s Colis\u00e3o com Micro-\u00f4nibus em Os\u00f3rio\"}]},{\"@type\":\"WebSite\",\"@id\":\"https:\\\/\\\/redelitoralrs.com\\\/#website\",\"url\":\"https:\\\/\\\/redelitoralrs.com\\\/\",\"name\":\"TV Litoral\",\"description\":\"Acompanhe tudo do litoral ga\u00facho com a cobertura completa e atualizada da Rede Litoral RS. Nossos jornalistas trazem as \u00faltimas not\u00edcias, os acontecimentos mais quentes e as hist\u00f3rias que importam sobre nosso amado litoral.\",\"publisher\":{\"@id\":\"https:\\\/\\\/redelitoralrs.com\\\/#organization\"},\"potentialAction\":[{\"@type\":\"SearchAction\",\"target\":{\"@type\":\"EntryPoint\",\"urlTemplate\":\"https:\\\/\\\/redelitoralrs.com\\\/?s={search_term_string}\"},\"query-input\":{\"@type\":\"PropertyValueSpecification\",\"valueRequired\":true,\"valueName\":\"search_term_string\"}}],\"inLanguage\":\"pt-BR\"},{\"@type\":\"Organization\",\"@id\":\"https:\\\/\\\/redelitoralrs.com\\\/#organization\",\"name\":\"TV Litoral\",\"url\":\"https:\\\/\\\/redelitoralrs.com\\\/\",\"logo\":{\"@type\":\"ImageObject\",\"inLanguage\":\"pt-BR\",\"@id\":\"https:\\\/\\\/redelitoralrs.com\\\/#\\\/schema\\\/logo\\\/image\\\/\",\"url\":\"https:\\\/\\\/redelitoralrs.com\\\/wp-content\\\/uploads\\\/2024\\\/01\\\/faviconicon-1-1.png\",\"contentUrl\":\"https:\\\/\\\/redelitoralrs.com\\\/wp-content\\\/uploads\\\/2024\\\/01\\\/faviconicon-1-1.png\",\"width\":454,\"height\":454,\"caption\":\"TV Litoral\"},\"image\":{\"@id\":\"https:\\\/\\\/redelitoralrs.com\\\/#\\\/schema\\\/logo\\\/image\\\/\"},\"sameAs\":[\"https:\\\/\\\/www.facebook.com\\\/tvlitoralrsoficial\",\"https:\\\/\\\/www.instagram.com\\\/tvlitoral.rs\"]},{\"@type\":\"Person\",\"@id\":\"https:\\\/\\\/redelitoralrs.com\\\/#\\\/schema\\\/person\\\/9f8181f2a7359dd3986f05ebaf5bd68a\",\"name\":\"Reda\u00e7\u00e3o TV Litoral\",\"image\":{\"@type\":\"ImageObject\",\"inLanguage\":\"pt-BR\",\"@id\":\"https:\\\/\\\/redelitoralrs.com\\\/wp-content\\\/litespeed\\\/avatar\\\/779aafbb45e66c7f82733e21abb48259.jpg?ver=1776956734\",\"url\":\"https:\\\/\\\/redelitoralrs.com\\\/wp-content\\\/litespeed\\\/avatar\\\/779aafbb45e66c7f82733e21abb48259.jpg?ver=1776956734\",\"contentUrl\":\"https:\\\/\\\/redelitoralrs.com\\\/wp-content\\\/litespeed\\\/avatar\\\/779aafbb45e66c7f82733e21abb48259.jpg?ver=1776956734\",\"caption\":\"Reda\u00e7\u00e3o TV Litoral\"},\"description\":\"A Rede Litoral de Comunica\u00e7\u00e3o \u00e9 um grupo de m\u00eddia multiplataforma do Litoral Norte do RS. Com atua\u00e7\u00e3o em TV, r\u00e1dio, portal e redes sociais, levamos informa\u00e7\u00e3o, conte\u00fado e entretenimento \u00e0 comunidade, fortalecendo a comunica\u00e7\u00e3o local e impulsionando o desenvolvimento regional. Acompanhe atrav\u00e9s de @redelitoralrs.\",\"sameAs\":[\"https:\\\/\\\/redelitoralrs.com\",\"https:\\\/\\\/www.instagram.com\\\/redelitoralrs\",\"https:\\\/\\\/www.youtube.com\\\/@redelitoralrs\"],\"url\":\"https:\\\/\\\/redelitoralrs.com\\\/index.php\\\/author\\\/redacaotvlitoral\\\/\"}]}<\/script>\n<!-- \/ Yoast SEO plugin. -->","yoast_head_json":{"title":"Motociclista \u00e9 Socorrido em Estado Grave Ap\u00f3s Colis\u00e3o com Micro-\u00f4nibus em Os\u00f3rio - Rede Litoral RS","robots":{"index":"index","follow":"follow","max-snippet":"max-snippet:-1","max-image-preview":"max-image-preview:large","max-video-preview":"max-video-preview:-1"},"canonical":"https:\/\/redelitoralrs.com\/index.php\/2024\/09\/12\/motociclista-e-socorrido-em-estado-grave-apos-colisao-com-micro-onibus-em-osorio\/","og_locale":"pt_BR","og_type":"article","og_title":"Motociclista \u00e9 Socorrido em Estado Grave Ap\u00f3s Colis\u00e3o com Micro-\u00f4nibus em Os\u00f3rio - Rede Litoral RS","og_description":"Um acidente s\u00e9rio ocorreu nesta quarta-feira, dia 11 de setembro, na Rodovia Jacobs Formagio, mais conhecida como Estrada da Invernada, no Morro da Bor\u00fassia, em Os\u00f3rio. envolvendo um micro-\u00f4nibus e um motociclista.&nbsp; O impacto entre os ve\u00edculos gerou uma mobiliza\u00e7\u00e3o r\u00e1pida das equipes de resgate, que chegaram ao local para prestar socorro \u00e0 v\u00edtima, que [&hellip;]","og_url":"https:\/\/redelitoralrs.com\/index.php\/2024\/09\/12\/motociclista-e-socorrido-em-estado-grave-apos-colisao-com-micro-onibus-em-osorio\/","og_site_name":"Rede Litoral RS","article_publisher":"https:\/\/www.facebook.com\/tvlitoralrsoficial","article_published_time":"2024-09-12T18:00:52+00:00","article_modified_time":"2024-09-12T18:00:53+00:00","og_image":[{"width":1080,"height":1080,"url":"https:\/\/redelitoralrs.com\/wp-content\/uploads\/2024\/09\/acidente-borussia.jpg","type":"image\/jpeg"}],"author":"Reda\u00e7\u00e3o TV Litoral","twitter_card":"summary_large_image","twitter_misc":{"Escrito por":"Reda\u00e7\u00e3o TV Litoral","Est. tempo de leitura":"1 minuto"},"schema":{"@context":"https:\/\/schema.org","@graph":[{"@type":"Article","@id":"https:\/\/redelitoralrs.com\/index.php\/2024\/09\/12\/motociclista-e-socorrido-em-estado-grave-apos-colisao-com-micro-onibus-em-osorio\/#article","isPartOf":{"@id":"https:\/\/redelitoralrs.com\/index.php\/2024\/09\/12\/motociclista-e-socorrido-em-estado-grave-apos-colisao-com-micro-onibus-em-osorio\/"},"author":{"name":"Reda\u00e7\u00e3o TV Litoral","@id":"https:\/\/redelitoralrs.com\/#\/schema\/person\/9f8181f2a7359dd3986f05ebaf5bd68a"},"headline":"Motociclista \u00e9 Socorrido em Estado Grave Ap\u00f3s Colis\u00e3o com Micro-\u00f4nibus em Os\u00f3rio","datePublished":"2024-09-12T18:00:52+00:00","dateModified":"2024-09-12T18:00:53+00:00","mainEntityOfPage":{"@id":"https:\/\/redelitoralrs.com\/index.php\/2024\/09\/12\/motociclista-e-socorrido-em-estado-grave-apos-colisao-com-micro-onibus-em-osorio\/"},"wordCount":179,"commentCount":0,"publisher":{"@id":"https:\/\/redelitoralrs.com\/#organization"},"image":{"@id":"https:\/\/redelitoralrs.com\/index.php\/2024\/09\/12\/motociclista-e-socorrido-em-estado-grave-apos-colisao-com-micro-onibus-em-osorio\/#primaryimage"},"thumbnailUrl":"https:\/\/redelitoralrs.com\/wp-content\/uploads\/2024\/09\/acidente-borussia.jpg","keywords":["litoral norte","not\u00edcia","rio grande do sul"],"articleSection":["Os\u00f3rio"],"inLanguage":"pt-BR","potentialAction":[{"@type":"CommentAction","name":"Comment","target":["https:\/\/redelitoralrs.com\/index.php\/2024\/09\/12\/motociclista-e-socorrido-em-estado-grave-apos-colisao-com-micro-onibus-em-osorio\/#respond"]}]},{"@type":"WebPage","@id":"https:\/\/redelitoralrs.com\/index.php\/2024\/09\/12\/motociclista-e-socorrido-em-estado-grave-apos-colisao-com-micro-onibus-em-osorio\/","url":"https:\/\/redelitoralrs.com\/index.php\/2024\/09\/12\/motociclista-e-socorrido-em-estado-grave-apos-colisao-com-micro-onibus-em-osorio\/","name":"Motociclista \u00e9 Socorrido em Estado Grave Ap\u00f3s Colis\u00e3o com Micro-\u00f4nibus em Os\u00f3rio - Rede Litoral RS","isPartOf":{"@id":"https:\/\/redelitoralrs.com\/#website"},"primaryImageOfPage":{"@id":"https:\/\/redelitoralrs.com\/index.php\/2024\/09\/12\/motociclista-e-socorrido-em-estado-grave-apos-colisao-com-micro-onibus-em-osorio\/#primaryimage"},"image":{"@id":"https:\/\/redelitoralrs.com\/index.php\/2024\/09\/12\/motociclista-e-socorrido-em-estado-grave-apos-colisao-com-micro-onibus-em-osorio\/#primaryimage"},"thumbnailUrl":"https:\/\/redelitoralrs.com\/wp-content\/uploads\/2024\/09\/acidente-borussia.jpg","datePublished":"2024-09-12T18:00:52+00:00","dateModified":"2024-09-12T18:00:53+00:00","breadcrumb":{"@id":"https:\/\/redelitoralrs.com\/index.php\/2024\/09\/12\/motociclista-e-socorrido-em-estado-grave-apos-colisao-com-micro-onibus-em-osorio\/#breadcrumb"},"inLanguage":"pt-BR","potentialAction":[{"@type":"ReadAction","target":["https:\/\/redelitoralrs.com\/index.php\/2024\/09\/12\/motociclista-e-socorrido-em-estado-grave-apos-colisao-com-micro-onibus-em-osorio\/"]}]},{"@type":"ImageObject","inLanguage":"pt-BR","@id":"https:\/\/redelitoralrs.com\/index.php\/2024\/09\/12\/motociclista-e-socorrido-em-estado-grave-apos-colisao-com-micro-onibus-em-osorio\/#primaryimage","url":"https:\/\/redelitoralrs.com\/wp-content\/uploads\/2024\/09\/acidente-borussia.jpg","contentUrl":"https:\/\/redelitoralrs.com\/wp-content\/uploads\/2024\/09\/acidente-borussia.jpg","width":1080,"height":1080},{"@type":"BreadcrumbList","@id":"https:\/\/redelitoralrs.com\/index.php\/2024\/09\/12\/motociclista-e-socorrido-em-estado-grave-apos-colisao-com-micro-onibus-em-osorio\/#breadcrumb","itemListElement":[{"@type":"ListItem","position":1,"name":"In\u00edcio","item":"https:\/\/redelitoralrs.com\/"},{"@type":"ListItem","position":2,"name":"Motociclista \u00e9 Socorrido em Estado Grave Ap\u00f3s Colis\u00e3o com Micro-\u00f4nibus em Os\u00f3rio"}]},{"@type":"WebSite","@id":"https:\/\/redelitoralrs.com\/#website","url":"https:\/\/redelitoralrs.com\/","name":"TV Litoral","description":"Acompanhe tudo do litoral ga\u00facho com a cobertura completa e atualizada da Rede Litoral RS. Nossos jornalistas trazem as \u00faltimas not\u00edcias, os acontecimentos mais quentes e as hist\u00f3rias que importam sobre nosso amado litoral.","publisher":{"@id":"https:\/\/redelitoralrs.com\/#organization"},"potentialAction":[{"@type":"SearchAction","target":{"@type":"EntryPoint","urlTemplate":"https:\/\/redelitoralrs.com\/?s={search_term_string}"},"query-input":{"@type":"PropertyValueSpecification","valueRequired":true,"valueName":"search_term_string"}}],"inLanguage":"pt-BR"},{"@type":"Organization","@id":"https:\/\/redelitoralrs.com\/#organization","name":"TV Litoral","url":"https:\/\/redelitoralrs.com\/","logo":{"@type":"ImageObject","inLanguage":"pt-BR","@id":"https:\/\/redelitoralrs.com\/#\/schema\/logo\/image\/","url":"https:\/\/redelitoralrs.com\/wp-content\/uploads\/2024\/01\/faviconicon-1-1.png","contentUrl":"https:\/\/redelitoralrs.com\/wp-content\/uploads\/2024\/01\/faviconicon-1-1.png","width":454,"height":454,"caption":"TV Litoral"},"image":{"@id":"https:\/\/redelitoralrs.com\/#\/schema\/logo\/image\/"},"sameAs":["https:\/\/www.facebook.com\/tvlitoralrsoficial","https:\/\/www.instagram.com\/tvlitoral.rs"]},{"@type":"Person","@id":"https:\/\/redelitoralrs.com\/#\/schema\/person\/9f8181f2a7359dd3986f05ebaf5bd68a","name":"Reda\u00e7\u00e3o TV Litoral","image":{"@type":"ImageObject","inLanguage":"pt-BR","@id":"https:\/\/redelitoralrs.com\/wp-content\/litespeed\/avatar\/779aafbb45e66c7f82733e21abb48259.jpg?ver=1776956734","url":"https:\/\/redelitoralrs.com\/wp-content\/litespeed\/avatar\/779aafbb45e66c7f82733e21abb48259.jpg?ver=1776956734","contentUrl":"https:\/\/redelitoralrs.com\/wp-content\/litespeed\/avatar\/779aafbb45e66c7f82733e21abb48259.jpg?ver=1776956734","caption":"Reda\u00e7\u00e3o TV Litoral"},"description":"A Rede Litoral de Comunica\u00e7\u00e3o \u00e9 um grupo de m\u00eddia multiplataforma do Litoral Norte do RS. Com atua\u00e7\u00e3o em TV, r\u00e1dio, portal e redes sociais, levamos informa\u00e7\u00e3o, conte\u00fado e entretenimento \u00e0 comunidade, fortalecendo a comunica\u00e7\u00e3o local e impulsionando o desenvolvimento regional. Acompanhe atrav\u00e9s de @redelitoralrs.","sameAs":["https:\/\/redelitoralrs.com","https:\/\/www.instagram.com\/redelitoralrs","https:\/\/www.youtube.com\/@redelitoralrs"],"url":"https:\/\/redelitoralrs.com\/index.php\/author\/redacaotvlitoral\/"}]}},"_links":{"self":[{"href":"https:\/\/redelitoralrs.com\/index.php\/wp-json\/wp\/v2\/posts\/2954","targetHints":{"allow":["GET"]}}],"collection":[{"href":"https:\/\/redelitoralrs.com\/index.php\/wp-json\/wp\/v2\/posts"}],"about":[{"href":"https:\/\/redelitoralrs.com\/index.php\/wp-json\/wp\/v2\/types\/post"}],"author":[{"embeddable":true,"href":"https:\/\/redelitoralrs.com\/index.php\/wp-json\/wp\/v2\/users\/2"}],"replies":[{"embeddable":true,"href":"https:\/\/redelitoralrs.com\/index.php\/wp-json\/wp\/v2\/comments?post=2954"}],"version-history":[{"count":1,"href":"https:\/\/redelitoralrs.com\/index.php\/wp-json\/wp\/v2\/posts\/2954\/revisions"}],"predecessor-version":[{"id":2956,"href":"https:\/\/redelitoralrs.com\/index.php\/wp-json\/wp\/v2\/posts\/2954\/revisions\/2956"}],"wp:featuredmedia":[{"embeddable":true,"href":"https:\/\/redelitoralrs.com\/index.php\/wp-json\/wp\/v2\/media\/2955"}],"wp:attachment":[{"href":"https:\/\/redelitoralrs.com\/index.php\/wp-json\/wp\/v2\/media?parent=2954"}],"wp:term":[{"taxonomy":"category","embeddable":true,"href":"https:\/\/redelitoralrs.com\/index.php\/wp-json\/wp\/v2\/categories?post=2954"},{"taxonomy":"post_tag","embeddable":true,"href":"https:\/\/redelitoralrs.com\/index.php\/wp-json\/wp\/v2\/tags?post=2954"}],"curies":[{"name":"wp","href":"https:\/\/api.w.org\/{rel}","templated":true}]}}