{"id":2913,"date":"2024-09-11T11:10:13","date_gmt":"2024-09-11T14:10:13","guid":{"rendered":"https:\/\/redelitoralrs.com\/?p=2913"},"modified":"2024-09-11T11:14:52","modified_gmt":"2024-09-11T14:14:52","slug":"batalhao-ambiental-descobre-galpao-em-tramandai-usado-para-rinhas-de-galos-2","status":"publish","type":"post","link":"https:\/\/redelitoralrs.com\/index.php\/2024\/09\/11\/batalhao-ambiental-descobre-galpao-em-tramandai-usado-para-rinhas-de-galos-2\/","title":{"rendered":"Batalh\u00e3o Ambiental Descobre Galp\u00e3o em Tramanda\u00ed Usado para Rinhas de Galos"},"content":{"rendered":"\n<p>No dia 9 de setembro de 2024, a Patrulha Ambiental (Patram) do 1\u00ba Batalh\u00e3o Ambiental da Brigada Militar (BABM) descobriu um galp\u00e3o em Tramanda\u00ed, no bairro Parque dos Presidentes, que estava sendo utilizado para rinhas de galos. A equipe, que inicialmente estava na \u00e1rea para investigar uma den\u00fancia sobre corte ilegal de \u00e1rvores, ouviu barulhos vindos do galp\u00e3o e encontrou um cen\u00e1rio preocupante.<\/p>\n\n\n\n<p>Dentro do galp\u00e3o, os policiais encontraram sete galos em condi\u00e7\u00f5es prec\u00e1rias, com ferimentos e mutila\u00e7\u00f5es, incluindo cortes de bico e esporas. Dois dos galos apresentavam les\u00f5es mais graves na crista, asa e pesco\u00e7o. Al\u00e9m dos animais, havia uma estrutura conhecida como &#8220;rinhadeiro&#8221;, usada para realizar os combates, que foi destru\u00edda pelos policiais.<\/p>\n\n\n\n<p>O local estava vazio no momento da descoberta, e a Patram notificou a Pol\u00edcia Civil sobre o caso para que a investiga\u00e7\u00e3o sobre os maus-tratos a animais seja conduzida. Os galos ser\u00e3o encaminhados para atendimento veterin\u00e1rio para tratar das suas les\u00f5es e garantir o bem-estar deles.<\/p>\n\n\n\n<p>Juliana Luz<br>Laura Pires Haendchen<\/p>\n","protected":false},"excerpt":{"rendered":"<p>No dia 9 de setembro de 2024, a Patrulha Ambiental (Patram) do 1\u00ba Batalh\u00e3o Ambiental da Brigada Militar (BABM) descobriu um galp\u00e3o em Tramanda\u00ed, no bairro Parque dos Presidentes, que estava sendo utilizado para rinhas de galos. A equipe, que inicialmente estava na \u00e1rea para investigar uma den\u00fancia sobre corte ilegal de \u00e1rvores, ouviu barulhos [&hellip;]<\/p>\n","protected":false},"author":1,"featured_media":2890,"comment_status":"open","ping_status":"open","sticky":false,"template":"","format":"standard","meta":{"_themeisle_gutenberg_block_has_review":false,"footnotes":""},"categories":[25,15],"tags":[103],"class_list":["post-2913","post","type-post","status-publish","format-standard","has-post-thumbnail","hentry","category-tramandai","category-noticias","tag-litoral-norte"],"yoast_head":"<!-- This site is optimized with the Yoast SEO plugin v27.4 - https:\/\/yoast.com\/product\/yoast-seo-wordpress\/ -->\n<title>Batalh\u00e3o Ambiental Descobre Galp\u00e3o em Tramanda\u00ed Usado para Rinhas de Galos - Rede Litoral RS<\/title>\n<meta name=\"robots\" content=\"index, follow, max-snippet:-1, max-image-preview:large, max-video-preview:-1\" \/>\n<link rel=\"canonical\" href=\"https:\/\/redelitoralrs.com\/index.php\/2024\/09\/11\/batalhao-ambiental-descobre-galpao-em-tramandai-usado-para-rinhas-de-galos-2\/\" \/>\n<meta property=\"og:locale\" content=\"pt_BR\" \/>\n<meta property=\"og:type\" content=\"article\" \/>\n<meta property=\"og:title\" content=\"Batalh\u00e3o Ambiental Descobre Galp\u00e3o em Tramanda\u00ed Usado para Rinhas de Galos - Rede Litoral RS\" \/>\n<meta property=\"og:description\" content=\"No dia 9 de setembro de 2024, a Patrulha Ambiental (Patram) do 1\u00ba Batalh\u00e3o Ambiental da Brigada Militar (BABM) descobriu um galp\u00e3o em Tramanda\u00ed, no bairro Parque dos Presidentes, que estava sendo utilizado para rinhas de galos. A equipe, que inicialmente estava na \u00e1rea para investigar uma den\u00fancia sobre corte ilegal de \u00e1rvores, ouviu barulhos [&hellip;]\" \/>\n<meta property=\"og:url\" content=\"https:\/\/redelitoralrs.com\/index.php\/2024\/09\/11\/batalhao-ambiental-descobre-galpao-em-tramandai-usado-para-rinhas-de-galos-2\/\" \/>\n<meta property=\"og:site_name\" content=\"Rede Litoral RS\" \/>\n<meta property=\"article:publisher\" content=\"https:\/\/www.facebook.com\/tvlitoralrsoficial\" \/>\n<meta property=\"article:published_time\" content=\"2024-09-11T14:10:13+00:00\" \/>\n<meta property=\"article:modified_time\" content=\"2024-09-11T14:14:52+00:00\" \/>\n<meta property=\"og:image\" content=\"https:\/\/redelitoralrs.com\/wp-content\/uploads\/2024\/09\/Foto-1BABM.png\" \/>\n\t<meta property=\"og:image:width\" content=\"794\" \/>\n\t<meta property=\"og:image:height\" content=\"474\" \/>\n\t<meta property=\"og:image:type\" content=\"image\/png\" \/>\n<meta name=\"author\" content=\"admin\" \/>\n<meta name=\"twitter:card\" content=\"summary_large_image\" \/>\n<meta name=\"twitter:label1\" content=\"Escrito por\" \/>\n\t<meta name=\"twitter:data1\" content=\"admin\" \/>\n\t<meta name=\"twitter:label2\" content=\"Est. tempo de leitura\" \/>\n\t<meta name=\"twitter:data2\" content=\"2 minutos\" \/>\n<script type=\"application\/ld+json\" class=\"yoast-schema-graph\">{\"@context\":\"https:\\\/\\\/schema.org\",\"@graph\":[{\"@type\":\"Article\",\"@id\":\"https:\\\/\\\/redelitoralrs.com\\\/index.php\\\/2024\\\/09\\\/11\\\/batalhao-ambiental-descobre-galpao-em-tramandai-usado-para-rinhas-de-galos-2\\\/#article\",\"isPartOf\":{\"@id\":\"https:\\\/\\\/redelitoralrs.com\\\/index.php\\\/2024\\\/09\\\/11\\\/batalhao-ambiental-descobre-galpao-em-tramandai-usado-para-rinhas-de-galos-2\\\/\"},\"author\":{\"name\":\"admin\",\"@id\":\"https:\\\/\\\/redelitoralrs.com\\\/#\\\/schema\\\/person\\\/85c65b1c88846df987f1375ada408471\"},\"headline\":\"Batalh\u00e3o Ambiental Descobre Galp\u00e3o em Tramanda\u00ed Usado para Rinhas de Galos\",\"datePublished\":\"2024-09-11T14:10:13+00:00\",\"dateModified\":\"2024-09-11T14:14:52+00:00\",\"mainEntityOfPage\":{\"@id\":\"https:\\\/\\\/redelitoralrs.com\\\/index.php\\\/2024\\\/09\\\/11\\\/batalhao-ambiental-descobre-galpao-em-tramandai-usado-para-rinhas-de-galos-2\\\/\"},\"wordCount\":193,\"commentCount\":0,\"publisher\":{\"@id\":\"https:\\\/\\\/redelitoralrs.com\\\/#organization\"},\"image\":{\"@id\":\"https:\\\/\\\/redelitoralrs.com\\\/index.php\\\/2024\\\/09\\\/11\\\/batalhao-ambiental-descobre-galpao-em-tramandai-usado-para-rinhas-de-galos-2\\\/#primaryimage\"},\"thumbnailUrl\":\"https:\\\/\\\/redelitoralrs.com\\\/wp-content\\\/uploads\\\/2024\\\/09\\\/Foto-1BABM.png\",\"keywords\":[\"litoral norte\"],\"articleSection\":[\"Tramanda\u00ed\",\"\u00daltimas not\u00edcias\"],\"inLanguage\":\"pt-BR\",\"potentialAction\":[{\"@type\":\"CommentAction\",\"name\":\"Comment\",\"target\":[\"https:\\\/\\\/redelitoralrs.com\\\/index.php\\\/2024\\\/09\\\/11\\\/batalhao-ambiental-descobre-galpao-em-tramandai-usado-para-rinhas-de-galos-2\\\/#respond\"]}]},{\"@type\":\"WebPage\",\"@id\":\"https:\\\/\\\/redelitoralrs.com\\\/index.php\\\/2024\\\/09\\\/11\\\/batalhao-ambiental-descobre-galpao-em-tramandai-usado-para-rinhas-de-galos-2\\\/\",\"url\":\"https:\\\/\\\/redelitoralrs.com\\\/index.php\\\/2024\\\/09\\\/11\\\/batalhao-ambiental-descobre-galpao-em-tramandai-usado-para-rinhas-de-galos-2\\\/\",\"name\":\"Batalh\u00e3o Ambiental Descobre Galp\u00e3o em Tramanda\u00ed Usado para Rinhas de Galos - Rede Litoral RS\",\"isPartOf\":{\"@id\":\"https:\\\/\\\/redelitoralrs.com\\\/#website\"},\"primaryImageOfPage\":{\"@id\":\"https:\\\/\\\/redelitoralrs.com\\\/index.php\\\/2024\\\/09\\\/11\\\/batalhao-ambiental-descobre-galpao-em-tramandai-usado-para-rinhas-de-galos-2\\\/#primaryimage\"},\"image\":{\"@id\":\"https:\\\/\\\/redelitoralrs.com\\\/index.php\\\/2024\\\/09\\\/11\\\/batalhao-ambiental-descobre-galpao-em-tramandai-usado-para-rinhas-de-galos-2\\\/#primaryimage\"},\"thumbnailUrl\":\"https:\\\/\\\/redelitoralrs.com\\\/wp-content\\\/uploads\\\/2024\\\/09\\\/Foto-1BABM.png\",\"datePublished\":\"2024-09-11T14:10:13+00:00\",\"dateModified\":\"2024-09-11T14:14:52+00:00\",\"breadcrumb\":{\"@id\":\"https:\\\/\\\/redelitoralrs.com\\\/index.php\\\/2024\\\/09\\\/11\\\/batalhao-ambiental-descobre-galpao-em-tramandai-usado-para-rinhas-de-galos-2\\\/#breadcrumb\"},\"inLanguage\":\"pt-BR\",\"potentialAction\":[{\"@type\":\"ReadAction\",\"target\":[\"https:\\\/\\\/redelitoralrs.com\\\/index.php\\\/2024\\\/09\\\/11\\\/batalhao-ambiental-descobre-galpao-em-tramandai-usado-para-rinhas-de-galos-2\\\/\"]}]},{\"@type\":\"ImageObject\",\"inLanguage\":\"pt-BR\",\"@id\":\"https:\\\/\\\/redelitoralrs.com\\\/index.php\\\/2024\\\/09\\\/11\\\/batalhao-ambiental-descobre-galpao-em-tramandai-usado-para-rinhas-de-galos-2\\\/#primaryimage\",\"url\":\"https:\\\/\\\/redelitoralrs.com\\\/wp-content\\\/uploads\\\/2024\\\/09\\\/Foto-1BABM.png\",\"contentUrl\":\"https:\\\/\\\/redelitoralrs.com\\\/wp-content\\\/uploads\\\/2024\\\/09\\\/Foto-1BABM.png\",\"width\":794,\"height\":474,\"caption\":\"Foto: 1\u00ba BABM\"},{\"@type\":\"BreadcrumbList\",\"@id\":\"https:\\\/\\\/redelitoralrs.com\\\/index.php\\\/2024\\\/09\\\/11\\\/batalhao-ambiental-descobre-galpao-em-tramandai-usado-para-rinhas-de-galos-2\\\/#breadcrumb\",\"itemListElement\":[{\"@type\":\"ListItem\",\"position\":1,\"name\":\"In\u00edcio\",\"item\":\"https:\\\/\\\/redelitoralrs.com\\\/\"},{\"@type\":\"ListItem\",\"position\":2,\"name\":\"Batalh\u00e3o Ambiental Descobre Galp\u00e3o em Tramanda\u00ed Usado para Rinhas de Galos\"}]},{\"@type\":\"WebSite\",\"@id\":\"https:\\\/\\\/redelitoralrs.com\\\/#website\",\"url\":\"https:\\\/\\\/redelitoralrs.com\\\/\",\"name\":\"TV Litoral\",\"description\":\"Acompanhe tudo do litoral ga\u00facho com a cobertura completa e atualizada da Rede Litoral RS. Nossos jornalistas trazem as \u00faltimas not\u00edcias, os acontecimentos mais quentes e as hist\u00f3rias que importam sobre nosso amado litoral.\",\"publisher\":{\"@id\":\"https:\\\/\\\/redelitoralrs.com\\\/#organization\"},\"potentialAction\":[{\"@type\":\"SearchAction\",\"target\":{\"@type\":\"EntryPoint\",\"urlTemplate\":\"https:\\\/\\\/redelitoralrs.com\\\/?s={search_term_string}\"},\"query-input\":{\"@type\":\"PropertyValueSpecification\",\"valueRequired\":true,\"valueName\":\"search_term_string\"}}],\"inLanguage\":\"pt-BR\"},{\"@type\":\"Organization\",\"@id\":\"https:\\\/\\\/redelitoralrs.com\\\/#organization\",\"name\":\"TV Litoral\",\"url\":\"https:\\\/\\\/redelitoralrs.com\\\/\",\"logo\":{\"@type\":\"ImageObject\",\"inLanguage\":\"pt-BR\",\"@id\":\"https:\\\/\\\/redelitoralrs.com\\\/#\\\/schema\\\/logo\\\/image\\\/\",\"url\":\"https:\\\/\\\/redelitoralrs.com\\\/wp-content\\\/uploads\\\/2024\\\/01\\\/faviconicon-1-1.png\",\"contentUrl\":\"https:\\\/\\\/redelitoralrs.com\\\/wp-content\\\/uploads\\\/2024\\\/01\\\/faviconicon-1-1.png\",\"width\":454,\"height\":454,\"caption\":\"TV Litoral\"},\"image\":{\"@id\":\"https:\\\/\\\/redelitoralrs.com\\\/#\\\/schema\\\/logo\\\/image\\\/\"},\"sameAs\":[\"https:\\\/\\\/www.facebook.com\\\/tvlitoralrsoficial\",\"https:\\\/\\\/www.instagram.com\\\/tvlitoral.rs\"]},{\"@type\":\"Person\",\"@id\":\"https:\\\/\\\/redelitoralrs.com\\\/#\\\/schema\\\/person\\\/85c65b1c88846df987f1375ada408471\",\"name\":\"admin\",\"image\":{\"@type\":\"ImageObject\",\"inLanguage\":\"pt-BR\",\"@id\":\"https:\\\/\\\/redelitoralrs.com\\\/wp-content\\\/litespeed\\\/avatar\\\/1007594a94d8d95d448b73058d2535db.jpg?ver=1777563465\",\"url\":\"https:\\\/\\\/redelitoralrs.com\\\/wp-content\\\/litespeed\\\/avatar\\\/1007594a94d8d95d448b73058d2535db.jpg?ver=1777563465\",\"contentUrl\":\"https:\\\/\\\/redelitoralrs.com\\\/wp-content\\\/litespeed\\\/avatar\\\/1007594a94d8d95d448b73058d2535db.jpg?ver=1777563465\",\"caption\":\"admin\"},\"sameAs\":[\"https:\\\/\\\/redelitoralrs.com\"],\"url\":\"https:\\\/\\\/redelitoralrs.com\\\/index.php\\\/author\\\/admin\\\/\"}]}<\/script>\n<!-- \/ Yoast SEO plugin. -->","yoast_head_json":{"title":"Batalh\u00e3o Ambiental Descobre Galp\u00e3o em Tramanda\u00ed Usado para Rinhas de Galos - Rede Litoral RS","robots":{"index":"index","follow":"follow","max-snippet":"max-snippet:-1","max-image-preview":"max-image-preview:large","max-video-preview":"max-video-preview:-1"},"canonical":"https:\/\/redelitoralrs.com\/index.php\/2024\/09\/11\/batalhao-ambiental-descobre-galpao-em-tramandai-usado-para-rinhas-de-galos-2\/","og_locale":"pt_BR","og_type":"article","og_title":"Batalh\u00e3o Ambiental Descobre Galp\u00e3o em Tramanda\u00ed Usado para Rinhas de Galos - Rede Litoral RS","og_description":"No dia 9 de setembro de 2024, a Patrulha Ambiental (Patram) do 1\u00ba Batalh\u00e3o Ambiental da Brigada Militar (BABM) descobriu um galp\u00e3o em Tramanda\u00ed, no bairro Parque dos Presidentes, que estava sendo utilizado para rinhas de galos. A equipe, que inicialmente estava na \u00e1rea para investigar uma den\u00fancia sobre corte ilegal de \u00e1rvores, ouviu barulhos [&hellip;]","og_url":"https:\/\/redelitoralrs.com\/index.php\/2024\/09\/11\/batalhao-ambiental-descobre-galpao-em-tramandai-usado-para-rinhas-de-galos-2\/","og_site_name":"Rede Litoral RS","article_publisher":"https:\/\/www.facebook.com\/tvlitoralrsoficial","article_published_time":"2024-09-11T14:10:13+00:00","article_modified_time":"2024-09-11T14:14:52+00:00","og_image":[{"width":794,"height":474,"url":"https:\/\/redelitoralrs.com\/wp-content\/uploads\/2024\/09\/Foto-1BABM.png","type":"image\/png"}],"author":"admin","twitter_card":"summary_large_image","twitter_misc":{"Escrito por":"admin","Est. tempo de leitura":"2 minutos"},"schema":{"@context":"https:\/\/schema.org","@graph":[{"@type":"Article","@id":"https:\/\/redelitoralrs.com\/index.php\/2024\/09\/11\/batalhao-ambiental-descobre-galpao-em-tramandai-usado-para-rinhas-de-galos-2\/#article","isPartOf":{"@id":"https:\/\/redelitoralrs.com\/index.php\/2024\/09\/11\/batalhao-ambiental-descobre-galpao-em-tramandai-usado-para-rinhas-de-galos-2\/"},"author":{"name":"admin","@id":"https:\/\/redelitoralrs.com\/#\/schema\/person\/85c65b1c88846df987f1375ada408471"},"headline":"Batalh\u00e3o Ambiental Descobre Galp\u00e3o em Tramanda\u00ed Usado para Rinhas de Galos","datePublished":"2024-09-11T14:10:13+00:00","dateModified":"2024-09-11T14:14:52+00:00","mainEntityOfPage":{"@id":"https:\/\/redelitoralrs.com\/index.php\/2024\/09\/11\/batalhao-ambiental-descobre-galpao-em-tramandai-usado-para-rinhas-de-galos-2\/"},"wordCount":193,"commentCount":0,"publisher":{"@id":"https:\/\/redelitoralrs.com\/#organization"},"image":{"@id":"https:\/\/redelitoralrs.com\/index.php\/2024\/09\/11\/batalhao-ambiental-descobre-galpao-em-tramandai-usado-para-rinhas-de-galos-2\/#primaryimage"},"thumbnailUrl":"https:\/\/redelitoralrs.com\/wp-content\/uploads\/2024\/09\/Foto-1BABM.png","keywords":["litoral norte"],"articleSection":["Tramanda\u00ed","\u00daltimas not\u00edcias"],"inLanguage":"pt-BR","potentialAction":[{"@type":"CommentAction","name":"Comment","target":["https:\/\/redelitoralrs.com\/index.php\/2024\/09\/11\/batalhao-ambiental-descobre-galpao-em-tramandai-usado-para-rinhas-de-galos-2\/#respond"]}]},{"@type":"WebPage","@id":"https:\/\/redelitoralrs.com\/index.php\/2024\/09\/11\/batalhao-ambiental-descobre-galpao-em-tramandai-usado-para-rinhas-de-galos-2\/","url":"https:\/\/redelitoralrs.com\/index.php\/2024\/09\/11\/batalhao-ambiental-descobre-galpao-em-tramandai-usado-para-rinhas-de-galos-2\/","name":"Batalh\u00e3o Ambiental Descobre Galp\u00e3o em Tramanda\u00ed Usado para Rinhas de Galos - Rede Litoral RS","isPartOf":{"@id":"https:\/\/redelitoralrs.com\/#website"},"primaryImageOfPage":{"@id":"https:\/\/redelitoralrs.com\/index.php\/2024\/09\/11\/batalhao-ambiental-descobre-galpao-em-tramandai-usado-para-rinhas-de-galos-2\/#primaryimage"},"image":{"@id":"https:\/\/redelitoralrs.com\/index.php\/2024\/09\/11\/batalhao-ambiental-descobre-galpao-em-tramandai-usado-para-rinhas-de-galos-2\/#primaryimage"},"thumbnailUrl":"https:\/\/redelitoralrs.com\/wp-content\/uploads\/2024\/09\/Foto-1BABM.png","datePublished":"2024-09-11T14:10:13+00:00","dateModified":"2024-09-11T14:14:52+00:00","breadcrumb":{"@id":"https:\/\/redelitoralrs.com\/index.php\/2024\/09\/11\/batalhao-ambiental-descobre-galpao-em-tramandai-usado-para-rinhas-de-galos-2\/#breadcrumb"},"inLanguage":"pt-BR","potentialAction":[{"@type":"ReadAction","target":["https:\/\/redelitoralrs.com\/index.php\/2024\/09\/11\/batalhao-ambiental-descobre-galpao-em-tramandai-usado-para-rinhas-de-galos-2\/"]}]},{"@type":"ImageObject","inLanguage":"pt-BR","@id":"https:\/\/redelitoralrs.com\/index.php\/2024\/09\/11\/batalhao-ambiental-descobre-galpao-em-tramandai-usado-para-rinhas-de-galos-2\/#primaryimage","url":"https:\/\/redelitoralrs.com\/wp-content\/uploads\/2024\/09\/Foto-1BABM.png","contentUrl":"https:\/\/redelitoralrs.com\/wp-content\/uploads\/2024\/09\/Foto-1BABM.png","width":794,"height":474,"caption":"Foto: 1\u00ba BABM"},{"@type":"BreadcrumbList","@id":"https:\/\/redelitoralrs.com\/index.php\/2024\/09\/11\/batalhao-ambiental-descobre-galpao-em-tramandai-usado-para-rinhas-de-galos-2\/#breadcrumb","itemListElement":[{"@type":"ListItem","position":1,"name":"In\u00edcio","item":"https:\/\/redelitoralrs.com\/"},{"@type":"ListItem","position":2,"name":"Batalh\u00e3o Ambiental Descobre Galp\u00e3o em Tramanda\u00ed Usado para Rinhas de Galos"}]},{"@type":"WebSite","@id":"https:\/\/redelitoralrs.com\/#website","url":"https:\/\/redelitoralrs.com\/","name":"TV Litoral","description":"Acompanhe tudo do litoral ga\u00facho com a cobertura completa e atualizada da Rede Litoral RS. Nossos jornalistas trazem as \u00faltimas not\u00edcias, os acontecimentos mais quentes e as hist\u00f3rias que importam sobre nosso amado litoral.","publisher":{"@id":"https:\/\/redelitoralrs.com\/#organization"},"potentialAction":[{"@type":"SearchAction","target":{"@type":"EntryPoint","urlTemplate":"https:\/\/redelitoralrs.com\/?s={search_term_string}"},"query-input":{"@type":"PropertyValueSpecification","valueRequired":true,"valueName":"search_term_string"}}],"inLanguage":"pt-BR"},{"@type":"Organization","@id":"https:\/\/redelitoralrs.com\/#organization","name":"TV Litoral","url":"https:\/\/redelitoralrs.com\/","logo":{"@type":"ImageObject","inLanguage":"pt-BR","@id":"https:\/\/redelitoralrs.com\/#\/schema\/logo\/image\/","url":"https:\/\/redelitoralrs.com\/wp-content\/uploads\/2024\/01\/faviconicon-1-1.png","contentUrl":"https:\/\/redelitoralrs.com\/wp-content\/uploads\/2024\/01\/faviconicon-1-1.png","width":454,"height":454,"caption":"TV Litoral"},"image":{"@id":"https:\/\/redelitoralrs.com\/#\/schema\/logo\/image\/"},"sameAs":["https:\/\/www.facebook.com\/tvlitoralrsoficial","https:\/\/www.instagram.com\/tvlitoral.rs"]},{"@type":"Person","@id":"https:\/\/redelitoralrs.com\/#\/schema\/person\/85c65b1c88846df987f1375ada408471","name":"admin","image":{"@type":"ImageObject","inLanguage":"pt-BR","@id":"https:\/\/redelitoralrs.com\/wp-content\/litespeed\/avatar\/1007594a94d8d95d448b73058d2535db.jpg?ver=1777563465","url":"https:\/\/redelitoralrs.com\/wp-content\/litespeed\/avatar\/1007594a94d8d95d448b73058d2535db.jpg?ver=1777563465","contentUrl":"https:\/\/redelitoralrs.com\/wp-content\/litespeed\/avatar\/1007594a94d8d95d448b73058d2535db.jpg?ver=1777563465","caption":"admin"},"sameAs":["https:\/\/redelitoralrs.com"],"url":"https:\/\/redelitoralrs.com\/index.php\/author\/admin\/"}]}},"_links":{"self":[{"href":"https:\/\/redelitoralrs.com\/index.php\/wp-json\/wp\/v2\/posts\/2913","targetHints":{"allow":["GET"]}}],"collection":[{"href":"https:\/\/redelitoralrs.com\/index.php\/wp-json\/wp\/v2\/posts"}],"about":[{"href":"https:\/\/redelitoralrs.com\/index.php\/wp-json\/wp\/v2\/types\/post"}],"author":[{"embeddable":true,"href":"https:\/\/redelitoralrs.com\/index.php\/wp-json\/wp\/v2\/users\/1"}],"replies":[{"embeddable":true,"href":"https:\/\/redelitoralrs.com\/index.php\/wp-json\/wp\/v2\/comments?post=2913"}],"version-history":[{"count":1,"href":"https:\/\/redelitoralrs.com\/index.php\/wp-json\/wp\/v2\/posts\/2913\/revisions"}],"predecessor-version":[{"id":2915,"href":"https:\/\/redelitoralrs.com\/index.php\/wp-json\/wp\/v2\/posts\/2913\/revisions\/2915"}],"wp:featuredmedia":[{"embeddable":true,"href":"https:\/\/redelitoralrs.com\/index.php\/wp-json\/wp\/v2\/media\/2890"}],"wp:attachment":[{"href":"https:\/\/redelitoralrs.com\/index.php\/wp-json\/wp\/v2\/media?parent=2913"}],"wp:term":[{"taxonomy":"category","embeddable":true,"href":"https:\/\/redelitoralrs.com\/index.php\/wp-json\/wp\/v2\/categories?post=2913"},{"taxonomy":"post_tag","embeddable":true,"href":"https:\/\/redelitoralrs.com\/index.php\/wp-json\/wp\/v2\/tags?post=2913"}],"curies":[{"name":"wp","href":"https:\/\/api.w.org\/{rel}","templated":true}]}}