{"id":28427,"date":"2026-09-04T10:36:25","date_gmt":"2026-09-04T13:36:25","guid":{"rendered":"https:\/\/redelitoralrs.com\/?p=28427"},"modified":"2026-09-04T10:36:26","modified_gmt":"2026-09-04T13:36:26","slug":"freio-de-ouro-define-campeoes-de-2026-neste-sabado-na-expointer","status":"publish","type":"post","link":"https:\/\/redelitoralrs.com\/index.php\/2026\/09\/04\/freio-de-ouro-define-campeoes-de-2026-neste-sabado-na-expointer\/","title":{"rendered":"Freio de Ouro define campe\u00f5es de 2026 neste s\u00e1bado na Expointer"},"content":{"rendered":"\n<p class=\"wp-block-paragraph\">A Arena do Cavalo Crioulo, no Parque de Exposi\u00e7\u00f5es Assis Brasil, em Esteio, ser\u00e1 palco neste s\u00e1bado (5) da decis\u00e3o da 45\u00aa Final do Freio de Ouro, uma das principais competi\u00e7\u00f5es de avalia\u00e7\u00e3o funcional da ra\u00e7a Crioula. A programa\u00e7\u00e3o come\u00e7a \u00e0s 14h, com a abertura oficial.<\/p>\n\n\n\n<p class=\"wp-block-paragraph\">Depois de cinco dias de disputas, os melhores conjuntos da temporada retornam \u00e0 pista para as provas decisivas da competi\u00e7\u00e3o, que re\u00fane animais, ginetes e criadores de diferentes regi\u00f5es do Brasil e tamb\u00e9m do exterior.<\/p>\n\n\n\n<p class=\"wp-block-paragraph\">Entre os destaques est\u00e3o os atuais campe\u00f5es. Na categoria dos machos, \u00d3pio da Bara\u00fana, da Cabanha Bara\u00fana, de Arroio Grande (RS), busca o bicampeonato. O cavalo tem como ginete Raul Teixeira Lima.<\/p>\n\n\n\n<p class=\"wp-block-paragraph\">Entre as f\u00eameas, \u00cdndia Envenenada Del Chamam\u00e9, do El Chamam\u00e9, de Florida, no Uruguai, tamb\u00e9m retorna \u00e0 competi\u00e7\u00e3o para defender o t\u00edtulo, conduzida pelo ginete Gabriel Viola Marty.<\/p>\n\n\n\n<p class=\"wp-block-paragraph\">A programa\u00e7\u00e3o do Freio de Ouro come\u00e7ou na ter\u00e7a-feira (1\u00ba), com as etapas morfol\u00f3gicas de machos e f\u00eameas. Na quarta (2) e quinta-feira (3), os concorrentes passaram pelas provas de Andaduras, Figura, Volta Sobre Patas (VSP) e Esbarradas.<\/p>\n\n\n\n<p class=\"wp-block-paragraph\">Nesta sexta-feira (4), est\u00e3o previstas as primeiras etapas de Mangueira e Campo, que definem os conjuntos que avan\u00e7ar\u00e3o para a disputa final.<\/p>\n\n\n\n<p class=\"wp-block-paragraph\">No s\u00e1bado, a decis\u00e3o ter\u00e1 as provas de Mangueira II, Bayard\/Sarmento \u2013 Fase Final e Campo II \u2013 Fase Final. Ap\u00f3s o encerramento das provas, a programa\u00e7\u00e3o ser\u00e1 conclu\u00edda no Boulevard do Cavalo Crioulo.<\/p>\n\n\n\n<p class=\"wp-block-paragraph\">O Freio de Ouro integra a programa\u00e7\u00e3o da Expointer 2026 e representa uma das principais atra\u00e7\u00f5es voltadas \u00e0 cultura e \u00e0 tradi\u00e7\u00e3o do cavalo Crioulo durante a feira agropecu\u00e1ria.<\/p>\n","protected":false},"excerpt":{"rendered":"<p>A Arena do Cavalo Crioulo, no Parque de Exposi\u00e7\u00f5es Assis Brasil, em Esteio, ser\u00e1 palco neste s\u00e1bado (5) da decis\u00e3o da 45\u00aa Final do Freio de Ouro, uma das principais competi\u00e7\u00f5es de avalia\u00e7\u00e3o funcional da ra\u00e7a Crioula. A programa\u00e7\u00e3o come\u00e7a \u00e0s 14h, com a abertura oficial. Depois de cinco dias de disputas, os melhores conjuntos [&hellip;]<\/p>\n","protected":false},"author":2,"featured_media":28428,"comment_status":"open","ping_status":"open","sticky":false,"template":"","format":"standard","meta":{"_themeisle_gutenberg_block_has_review":false,"_jetpack_newsletter_access":"","_jetpack_dont_email_post_to_subs":false,"_jetpack_newsletter_tier_id":0,"_jetpack_memberships_contains_paywalled_content":false,"_jetpack_feature_clip_id":0,"_jetpack_memberships_contains_paid_content":false,"footnotes":"","jetpack_publicize_message":"","jetpack_publicize_feature_enabled":true,"jetpack_social_post_already_shared":true,"jetpack_social_options":{"image_generator_settings":{"template":"highway","default_image_id":0,"font":"","enabled":false},"version":2},"jetpack_post_was_ever_published":false},"categories":[188,15],"tags":[],"class_list":["post-28427","post","type-post","status-publish","format-standard","has-post-thumbnail","hentry","category-rio-grande-do-sul","category-noticias"],"yoast_head":"<!-- This site is optimized with the Yoast SEO plugin v28.1 - https:\/\/yoast.com\/product\/yoast-seo-wordpress\/ -->\n<title>Freio de Ouro define campe\u00f5es de 2026 neste s\u00e1bado na Expointer - Rede Litoral RS<\/title>\n<meta name=\"description\" content=\"A Arena do Cavalo Crioulo, no Parque de Exposi\u00e7\u00f5es Assis Brasil, em Esteio, ser\u00e1 palco neste s\u00e1bado (5) da decis\u00e3o da 45\u00aa Final do Freio de Ouro, uma das principais competi\u00e7\u00f5es de avalia\u00e7\u00e3o funcional da ra\u00e7a Crioula. A programa\u00e7\u00e3o come\u00e7a \u00e0s 14h, com a abertura oficial.\" \/>\n<meta name=\"robots\" content=\"index, follow, max-snippet:-1, max-image-preview:large, max-video-preview:-1\" \/>\n<link rel=\"canonical\" href=\"https:\/\/redelitoralrs.com\/index.php\/2026\/09\/04\/freio-de-ouro-define-campeoes-de-2026-neste-sabado-na-expointer\/\" \/>\n<meta property=\"og:locale\" content=\"pt_BR\" \/>\n<meta property=\"og:type\" content=\"article\" \/>\n<meta property=\"og:title\" content=\"Freio de Ouro define campe\u00f5es de 2026 neste s\u00e1bado na Expointer - Rede Litoral RS\" \/>\n<meta property=\"og:description\" content=\"A Arena do Cavalo Crioulo, no Parque de Exposi\u00e7\u00f5es Assis Brasil, em Esteio, ser\u00e1 palco neste s\u00e1bado (5) da decis\u00e3o da 45\u00aa Final do Freio de Ouro, uma das principais competi\u00e7\u00f5es de avalia\u00e7\u00e3o funcional da ra\u00e7a Crioula. A programa\u00e7\u00e3o come\u00e7a \u00e0s 14h, com a abertura oficial.\" \/>\n<meta property=\"og:url\" content=\"https:\/\/redelitoralrs.com\/index.php\/2026\/09\/04\/freio-de-ouro-define-campeoes-de-2026-neste-sabado-na-expointer\/\" \/>\n<meta property=\"og:site_name\" content=\"Rede Litoral RS\" \/>\n<meta property=\"article:publisher\" content=\"https:\/\/www.facebook.com\/tvlitoralrsoficial\" \/>\n<meta property=\"article:published_time\" content=\"2026-09-04T13:36:25+00:00\" \/>\n<meta property=\"article:modified_time\" content=\"2026-09-04T13:36:26+00:00\" \/>\n<meta property=\"og:image\" content=\"https:\/\/redelitoralrs.com\/wp-content\/uploads\/2026\/09\/WhatsApp-Image-2026-09-03-at-16.29.00-e1788528970919.jpeg\" \/>\n\t<meta property=\"og:image:width\" content=\"800\" \/>\n\t<meta property=\"og:image:height\" content=\"424\" \/>\n\t<meta property=\"og:image:type\" content=\"image\/jpeg\" \/>\n<meta name=\"author\" content=\"Reda\u00e7\u00e3o TV Litoral\" \/>\n<meta name=\"twitter:card\" content=\"summary_large_image\" \/>\n<meta name=\"twitter:label1\" content=\"Escrito por\" \/>\n\t<meta name=\"twitter:data1\" content=\"Reda\u00e7\u00e3o TV Litoral\" \/>\n\t<meta name=\"twitter:label2\" content=\"Est. tempo de leitura\" \/>\n\t<meta name=\"twitter:data2\" content=\"2 minutos\" \/>\n<script type=\"application\/ld+json\" class=\"yoast-schema-graph\">{\"@context\":\"https:\\\/\\\/schema.org\",\"@graph\":[{\"@type\":\"Article\",\"@id\":\"https:\\\/\\\/redelitoralrs.com\\\/index.php\\\/2026\\\/09\\\/04\\\/freio-de-ouro-define-campeoes-de-2026-neste-sabado-na-expointer\\\/#article\",\"isPartOf\":{\"@id\":\"https:\\\/\\\/redelitoralrs.com\\\/index.php\\\/2026\\\/09\\\/04\\\/freio-de-ouro-define-campeoes-de-2026-neste-sabado-na-expointer\\\/\"},\"author\":{\"name\":\"Reda\u00e7\u00e3o TV Litoral\",\"@id\":\"https:\\\/\\\/redelitoralrs.com\\\/#\\\/schema\\\/person\\\/9f8181f2a7359dd3986f05ebaf5bd68a\"},\"headline\":\"Freio de Ouro define campe\u00f5es de 2026 neste s\u00e1bado na Expointer\",\"datePublished\":\"2026-09-04T13:36:25+00:00\",\"dateModified\":\"2026-09-04T13:36:26+00:00\",\"mainEntityOfPage\":{\"@id\":\"https:\\\/\\\/redelitoralrs.com\\\/index.php\\\/2026\\\/09\\\/04\\\/freio-de-ouro-define-campeoes-de-2026-neste-sabado-na-expointer\\\/\"},\"wordCount\":301,\"commentCount\":0,\"publisher\":{\"@id\":\"https:\\\/\\\/redelitoralrs.com\\\/#organization\"},\"image\":{\"@id\":\"https:\\\/\\\/redelitoralrs.com\\\/index.php\\\/2026\\\/09\\\/04\\\/freio-de-ouro-define-campeoes-de-2026-neste-sabado-na-expointer\\\/#primaryimage\"},\"thumbnailUrl\":\"https:\\\/\\\/redelitoralrs.com\\\/wp-content\\\/uploads\\\/2026\\\/09\\\/WhatsApp-Image-2026-09-03-at-16.29.00-e1788528970919.jpeg\",\"articleSection\":[\"Rio Grande do Sul\",\"\u00daltimas not\u00edcias\"],\"inLanguage\":\"pt-BR\",\"potentialAction\":[{\"@type\":\"CommentAction\",\"name\":\"Comment\",\"target\":[\"https:\\\/\\\/redelitoralrs.com\\\/index.php\\\/2026\\\/09\\\/04\\\/freio-de-ouro-define-campeoes-de-2026-neste-sabado-na-expointer\\\/#respond\"]}]},{\"@type\":\"WebPage\",\"@id\":\"https:\\\/\\\/redelitoralrs.com\\\/index.php\\\/2026\\\/09\\\/04\\\/freio-de-ouro-define-campeoes-de-2026-neste-sabado-na-expointer\\\/\",\"url\":\"https:\\\/\\\/redelitoralrs.com\\\/index.php\\\/2026\\\/09\\\/04\\\/freio-de-ouro-define-campeoes-de-2026-neste-sabado-na-expointer\\\/\",\"name\":\"Freio de Ouro define campe\u00f5es de 2026 neste s\u00e1bado na Expointer - Rede Litoral RS\",\"isPartOf\":{\"@id\":\"https:\\\/\\\/redelitoralrs.com\\\/#website\"},\"primaryImageOfPage\":{\"@id\":\"https:\\\/\\\/redelitoralrs.com\\\/index.php\\\/2026\\\/09\\\/04\\\/freio-de-ouro-define-campeoes-de-2026-neste-sabado-na-expointer\\\/#primaryimage\"},\"image\":{\"@id\":\"https:\\\/\\\/redelitoralrs.com\\\/index.php\\\/2026\\\/09\\\/04\\\/freio-de-ouro-define-campeoes-de-2026-neste-sabado-na-expointer\\\/#primaryimage\"},\"thumbnailUrl\":\"https:\\\/\\\/redelitoralrs.com\\\/wp-content\\\/uploads\\\/2026\\\/09\\\/WhatsApp-Image-2026-09-03-at-16.29.00-e1788528970919.jpeg\",\"datePublished\":\"2026-09-04T13:36:25+00:00\",\"dateModified\":\"2026-09-04T13:36:26+00:00\",\"description\":\"A Arena do Cavalo Crioulo, no Parque de Exposi\u00e7\u00f5es Assis Brasil, em Esteio, ser\u00e1 palco neste s\u00e1bado (5) da decis\u00e3o da 45\u00aa Final do Freio de Ouro, uma das principais competi\u00e7\u00f5es de avalia\u00e7\u00e3o funcional da ra\u00e7a Crioula. A programa\u00e7\u00e3o come\u00e7a \u00e0s 14h, com a abertura oficial.\",\"breadcrumb\":{\"@id\":\"https:\\\/\\\/redelitoralrs.com\\\/index.php\\\/2026\\\/09\\\/04\\\/freio-de-ouro-define-campeoes-de-2026-neste-sabado-na-expointer\\\/#breadcrumb\"},\"inLanguage\":\"pt-BR\",\"potentialAction\":[{\"@type\":\"ReadAction\",\"target\":[\"https:\\\/\\\/redelitoralrs.com\\\/index.php\\\/2026\\\/09\\\/04\\\/freio-de-ouro-define-campeoes-de-2026-neste-sabado-na-expointer\\\/\"]}]},{\"@type\":\"ImageObject\",\"inLanguage\":\"pt-BR\",\"@id\":\"https:\\\/\\\/redelitoralrs.com\\\/index.php\\\/2026\\\/09\\\/04\\\/freio-de-ouro-define-campeoes-de-2026-neste-sabado-na-expointer\\\/#primaryimage\",\"url\":\"https:\\\/\\\/redelitoralrs.com\\\/wp-content\\\/uploads\\\/2026\\\/09\\\/WhatsApp-Image-2026-09-03-at-16.29.00-e1788528970919.jpeg\",\"contentUrl\":\"https:\\\/\\\/redelitoralrs.com\\\/wp-content\\\/uploads\\\/2026\\\/09\\\/WhatsApp-Image-2026-09-03-at-16.29.00-e1788528970919.jpeg\",\"width\":800,\"height\":424,\"caption\":\"Foto: Mauricio Vinhas\\\/ABCCC\"},{\"@type\":\"BreadcrumbList\",\"@id\":\"https:\\\/\\\/redelitoralrs.com\\\/index.php\\\/2026\\\/09\\\/04\\\/freio-de-ouro-define-campeoes-de-2026-neste-sabado-na-expointer\\\/#breadcrumb\",\"itemListElement\":[{\"@type\":\"ListItem\",\"position\":1,\"name\":\"In\u00edcio\",\"item\":\"https:\\\/\\\/redelitoralrs.com\\\/\"},{\"@type\":\"ListItem\",\"position\":2,\"name\":\"Freio de Ouro define campe\u00f5es de 2026 neste s\u00e1bado na Expointer\"}]},{\"@type\":\"WebSite\",\"@id\":\"https:\\\/\\\/redelitoralrs.com\\\/#website\",\"url\":\"https:\\\/\\\/redelitoralrs.com\\\/\",\"name\":\"TV Litoral\",\"description\":\"Acompanhe tudo do litoral ga\u00facho com a cobertura completa e atualizada da Rede Litoral RS. Nossos jornalistas trazem as \u00faltimas not\u00edcias, os acontecimentos mais quentes e as hist\u00f3rias que importam sobre nosso amado litoral.\",\"publisher\":{\"@id\":\"https:\\\/\\\/redelitoralrs.com\\\/#organization\"},\"potentialAction\":[{\"@type\":\"SearchAction\",\"target\":{\"@type\":\"EntryPoint\",\"urlTemplate\":\"https:\\\/\\\/redelitoralrs.com\\\/?s={search_term_string}\"},\"query-input\":{\"@type\":\"PropertyValueSpecification\",\"valueRequired\":true,\"valueName\":\"search_term_string\"}}],\"inLanguage\":\"pt-BR\"},{\"@type\":\"Organization\",\"@id\":\"https:\\\/\\\/redelitoralrs.com\\\/#organization\",\"name\":\"TV Litoral\",\"url\":\"https:\\\/\\\/redelitoralrs.com\\\/\",\"logo\":{\"@type\":\"ImageObject\",\"inLanguage\":\"pt-BR\",\"@id\":\"https:\\\/\\\/redelitoralrs.com\\\/#\\\/schema\\\/logo\\\/image\\\/\",\"url\":\"https:\\\/\\\/redelitoralrs.com\\\/wp-content\\\/uploads\\\/2024\\\/01\\\/faviconicon-1-1.png\",\"contentUrl\":\"https:\\\/\\\/redelitoralrs.com\\\/wp-content\\\/uploads\\\/2024\\\/01\\\/faviconicon-1-1.png\",\"width\":454,\"height\":454,\"caption\":\"TV Litoral\"},\"image\":{\"@id\":\"https:\\\/\\\/redelitoralrs.com\\\/#\\\/schema\\\/logo\\\/image\\\/\"},\"sameAs\":[\"https:\\\/\\\/www.facebook.com\\\/tvlitoralrsoficial\",\"https:\\\/\\\/www.instagram.com\\\/tvlitoral.rs\"]},{\"@type\":\"Person\",\"@id\":\"https:\\\/\\\/redelitoralrs.com\\\/#\\\/schema\\\/person\\\/9f8181f2a7359dd3986f05ebaf5bd68a\",\"name\":\"Reda\u00e7\u00e3o TV Litoral\",\"image\":{\"@type\":\"ImageObject\",\"inLanguage\":\"pt-BR\",\"@id\":\"https:\\\/\\\/redelitoralrs.com\\\/wp-content\\\/litespeed\\\/avatar\\\/779aafbb45e66c7f82733e21abb48259.jpg?ver=1788448855\",\"url\":\"https:\\\/\\\/redelitoralrs.com\\\/wp-content\\\/litespeed\\\/avatar\\\/779aafbb45e66c7f82733e21abb48259.jpg?ver=1788448855\",\"contentUrl\":\"https:\\\/\\\/redelitoralrs.com\\\/wp-content\\\/litespeed\\\/avatar\\\/779aafbb45e66c7f82733e21abb48259.jpg?ver=1788448855\",\"caption\":\"Reda\u00e7\u00e3o TV Litoral\"},\"description\":\"A Rede Litoral de Comunica\u00e7\u00e3o \u00e9 um grupo de m\u00eddia multiplataforma do Litoral Norte do RS. Com atua\u00e7\u00e3o em TV, r\u00e1dio, portal e redes sociais, levamos informa\u00e7\u00e3o, conte\u00fado e entretenimento \u00e0 comunidade, fortalecendo a comunica\u00e7\u00e3o local e impulsionando o desenvolvimento regional. Acompanhe atrav\u00e9s de @redelitoralrs.\",\"sameAs\":[\"https:\\\/\\\/redelitoralrs.com\",\"https:\\\/\\\/www.instagram.com\\\/redelitoralrs\",\"https:\\\/\\\/www.youtube.com\\\/@redelitoralrs\"],\"url\":\"https:\\\/\\\/redelitoralrs.com\\\/index.php\\\/author\\\/redacaotvlitoral\\\/\"}]}<\/script>\n<!-- \/ Yoast SEO plugin. -->","yoast_head_json":{"title":"Freio de Ouro define campe\u00f5es de 2026 neste s\u00e1bado na Expointer - Rede Litoral RS","description":"A Arena do Cavalo Crioulo, no Parque de Exposi\u00e7\u00f5es Assis Brasil, em Esteio, ser\u00e1 palco neste s\u00e1bado (5) da decis\u00e3o da 45\u00aa Final do Freio de Ouro, uma das principais competi\u00e7\u00f5es de avalia\u00e7\u00e3o funcional da ra\u00e7a Crioula. A programa\u00e7\u00e3o come\u00e7a \u00e0s 14h, com a abertura oficial.","robots":{"index":"index","follow":"follow","max-snippet":"max-snippet:-1","max-image-preview":"max-image-preview:large","max-video-preview":"max-video-preview:-1"},"canonical":"https:\/\/redelitoralrs.com\/index.php\/2026\/09\/04\/freio-de-ouro-define-campeoes-de-2026-neste-sabado-na-expointer\/","og_locale":"pt_BR","og_type":"article","og_title":"Freio de Ouro define campe\u00f5es de 2026 neste s\u00e1bado na Expointer - Rede Litoral RS","og_description":"A Arena do Cavalo Crioulo, no Parque de Exposi\u00e7\u00f5es Assis Brasil, em Esteio, ser\u00e1 palco neste s\u00e1bado (5) da decis\u00e3o da 45\u00aa Final do Freio de Ouro, uma das principais competi\u00e7\u00f5es de avalia\u00e7\u00e3o funcional da ra\u00e7a Crioula. A programa\u00e7\u00e3o come\u00e7a \u00e0s 14h, com a abertura oficial.","og_url":"https:\/\/redelitoralrs.com\/index.php\/2026\/09\/04\/freio-de-ouro-define-campeoes-de-2026-neste-sabado-na-expointer\/","og_site_name":"Rede Litoral RS","article_publisher":"https:\/\/www.facebook.com\/tvlitoralrsoficial","article_published_time":"2026-09-04T13:36:25+00:00","article_modified_time":"2026-09-04T13:36:26+00:00","og_image":[{"width":800,"height":424,"url":"https:\/\/redelitoralrs.com\/wp-content\/uploads\/2026\/09\/WhatsApp-Image-2026-09-03-at-16.29.00-e1788528970919.jpeg","type":"image\/jpeg"}],"author":"Reda\u00e7\u00e3o TV Litoral","twitter_card":"summary_large_image","twitter_misc":{"Escrito por":"Reda\u00e7\u00e3o TV Litoral","Est. tempo de leitura":"2 minutos"},"schema":{"@context":"https:\/\/schema.org","@graph":[{"@type":"Article","@id":"https:\/\/redelitoralrs.com\/index.php\/2026\/09\/04\/freio-de-ouro-define-campeoes-de-2026-neste-sabado-na-expointer\/#article","isPartOf":{"@id":"https:\/\/redelitoralrs.com\/index.php\/2026\/09\/04\/freio-de-ouro-define-campeoes-de-2026-neste-sabado-na-expointer\/"},"author":{"name":"Reda\u00e7\u00e3o TV Litoral","@id":"https:\/\/redelitoralrs.com\/#\/schema\/person\/9f8181f2a7359dd3986f05ebaf5bd68a"},"headline":"Freio de Ouro define campe\u00f5es de 2026 neste s\u00e1bado na Expointer","datePublished":"2026-09-04T13:36:25+00:00","dateModified":"2026-09-04T13:36:26+00:00","mainEntityOfPage":{"@id":"https:\/\/redelitoralrs.com\/index.php\/2026\/09\/04\/freio-de-ouro-define-campeoes-de-2026-neste-sabado-na-expointer\/"},"wordCount":301,"commentCount":0,"publisher":{"@id":"https:\/\/redelitoralrs.com\/#organization"},"image":{"@id":"https:\/\/redelitoralrs.com\/index.php\/2026\/09\/04\/freio-de-ouro-define-campeoes-de-2026-neste-sabado-na-expointer\/#primaryimage"},"thumbnailUrl":"https:\/\/redelitoralrs.com\/wp-content\/uploads\/2026\/09\/WhatsApp-Image-2026-09-03-at-16.29.00-e1788528970919.jpeg","articleSection":["Rio Grande do Sul","\u00daltimas not\u00edcias"],"inLanguage":"pt-BR","potentialAction":[{"@type":"CommentAction","name":"Comment","target":["https:\/\/redelitoralrs.com\/index.php\/2026\/09\/04\/freio-de-ouro-define-campeoes-de-2026-neste-sabado-na-expointer\/#respond"]}]},{"@type":"WebPage","@id":"https:\/\/redelitoralrs.com\/index.php\/2026\/09\/04\/freio-de-ouro-define-campeoes-de-2026-neste-sabado-na-expointer\/","url":"https:\/\/redelitoralrs.com\/index.php\/2026\/09\/04\/freio-de-ouro-define-campeoes-de-2026-neste-sabado-na-expointer\/","name":"Freio de Ouro define campe\u00f5es de 2026 neste s\u00e1bado na Expointer - Rede Litoral RS","isPartOf":{"@id":"https:\/\/redelitoralrs.com\/#website"},"primaryImageOfPage":{"@id":"https:\/\/redelitoralrs.com\/index.php\/2026\/09\/04\/freio-de-ouro-define-campeoes-de-2026-neste-sabado-na-expointer\/#primaryimage"},"image":{"@id":"https:\/\/redelitoralrs.com\/index.php\/2026\/09\/04\/freio-de-ouro-define-campeoes-de-2026-neste-sabado-na-expointer\/#primaryimage"},"thumbnailUrl":"https:\/\/redelitoralrs.com\/wp-content\/uploads\/2026\/09\/WhatsApp-Image-2026-09-03-at-16.29.00-e1788528970919.jpeg","datePublished":"2026-09-04T13:36:25+00:00","dateModified":"2026-09-04T13:36:26+00:00","description":"A Arena do Cavalo Crioulo, no Parque de Exposi\u00e7\u00f5es Assis Brasil, em Esteio, ser\u00e1 palco neste s\u00e1bado (5) da decis\u00e3o da 45\u00aa Final do Freio de Ouro, uma das principais competi\u00e7\u00f5es de avalia\u00e7\u00e3o funcional da ra\u00e7a Crioula. A programa\u00e7\u00e3o come\u00e7a \u00e0s 14h, com a abertura oficial.","breadcrumb":{"@id":"https:\/\/redelitoralrs.com\/index.php\/2026\/09\/04\/freio-de-ouro-define-campeoes-de-2026-neste-sabado-na-expointer\/#breadcrumb"},"inLanguage":"pt-BR","potentialAction":[{"@type":"ReadAction","target":["https:\/\/redelitoralrs.com\/index.php\/2026\/09\/04\/freio-de-ouro-define-campeoes-de-2026-neste-sabado-na-expointer\/"]}]},{"@type":"ImageObject","inLanguage":"pt-BR","@id":"https:\/\/redelitoralrs.com\/index.php\/2026\/09\/04\/freio-de-ouro-define-campeoes-de-2026-neste-sabado-na-expointer\/#primaryimage","url":"https:\/\/redelitoralrs.com\/wp-content\/uploads\/2026\/09\/WhatsApp-Image-2026-09-03-at-16.29.00-e1788528970919.jpeg","contentUrl":"https:\/\/redelitoralrs.com\/wp-content\/uploads\/2026\/09\/WhatsApp-Image-2026-09-03-at-16.29.00-e1788528970919.jpeg","width":800,"height":424,"caption":"Foto: Mauricio Vinhas\/ABCCC"},{"@type":"BreadcrumbList","@id":"https:\/\/redelitoralrs.com\/index.php\/2026\/09\/04\/freio-de-ouro-define-campeoes-de-2026-neste-sabado-na-expointer\/#breadcrumb","itemListElement":[{"@type":"ListItem","position":1,"name":"In\u00edcio","item":"https:\/\/redelitoralrs.com\/"},{"@type":"ListItem","position":2,"name":"Freio de Ouro define campe\u00f5es de 2026 neste s\u00e1bado na Expointer"}]},{"@type":"WebSite","@id":"https:\/\/redelitoralrs.com\/#website","url":"https:\/\/redelitoralrs.com\/","name":"TV Litoral","description":"Acompanhe tudo do litoral ga\u00facho com a cobertura completa e atualizada da Rede Litoral RS. Nossos jornalistas trazem as \u00faltimas not\u00edcias, os acontecimentos mais quentes e as hist\u00f3rias que importam sobre nosso amado litoral.","publisher":{"@id":"https:\/\/redelitoralrs.com\/#organization"},"potentialAction":[{"@type":"SearchAction","target":{"@type":"EntryPoint","urlTemplate":"https:\/\/redelitoralrs.com\/?s={search_term_string}"},"query-input":{"@type":"PropertyValueSpecification","valueRequired":true,"valueName":"search_term_string"}}],"inLanguage":"pt-BR"},{"@type":"Organization","@id":"https:\/\/redelitoralrs.com\/#organization","name":"TV Litoral","url":"https:\/\/redelitoralrs.com\/","logo":{"@type":"ImageObject","inLanguage":"pt-BR","@id":"https:\/\/redelitoralrs.com\/#\/schema\/logo\/image\/","url":"https:\/\/redelitoralrs.com\/wp-content\/uploads\/2024\/01\/faviconicon-1-1.png","contentUrl":"https:\/\/redelitoralrs.com\/wp-content\/uploads\/2024\/01\/faviconicon-1-1.png","width":454,"height":454,"caption":"TV Litoral"},"image":{"@id":"https:\/\/redelitoralrs.com\/#\/schema\/logo\/image\/"},"sameAs":["https:\/\/www.facebook.com\/tvlitoralrsoficial","https:\/\/www.instagram.com\/tvlitoral.rs"]},{"@type":"Person","@id":"https:\/\/redelitoralrs.com\/#\/schema\/person\/9f8181f2a7359dd3986f05ebaf5bd68a","name":"Reda\u00e7\u00e3o TV Litoral","image":{"@type":"ImageObject","inLanguage":"pt-BR","@id":"https:\/\/redelitoralrs.com\/wp-content\/litespeed\/avatar\/779aafbb45e66c7f82733e21abb48259.jpg?ver=1788448855","url":"https:\/\/redelitoralrs.com\/wp-content\/litespeed\/avatar\/779aafbb45e66c7f82733e21abb48259.jpg?ver=1788448855","contentUrl":"https:\/\/redelitoralrs.com\/wp-content\/litespeed\/avatar\/779aafbb45e66c7f82733e21abb48259.jpg?ver=1788448855","caption":"Reda\u00e7\u00e3o TV Litoral"},"description":"A Rede Litoral de Comunica\u00e7\u00e3o \u00e9 um grupo de m\u00eddia multiplataforma do Litoral Norte do RS. Com atua\u00e7\u00e3o em TV, r\u00e1dio, portal e redes sociais, levamos informa\u00e7\u00e3o, conte\u00fado e entretenimento \u00e0 comunidade, fortalecendo a comunica\u00e7\u00e3o local e impulsionando o desenvolvimento regional. Acompanhe atrav\u00e9s de @redelitoralrs.","sameAs":["https:\/\/redelitoralrs.com","https:\/\/www.instagram.com\/redelitoralrs","https:\/\/www.youtube.com\/@redelitoralrs"],"url":"https:\/\/redelitoralrs.com\/index.php\/author\/redacaotvlitoral\/"}]}},"jetpack_publicize_connections":[],"jetpack_featured_media_url":"https:\/\/redelitoralrs.com\/wp-content\/uploads\/2026\/09\/WhatsApp-Image-2026-09-03-at-16.29.00-e1788528970919.jpeg","jetpack_sharing_enabled":true,"_links":{"self":[{"href":"https:\/\/redelitoralrs.com\/index.php\/wp-json\/wp\/v2\/posts\/28427","targetHints":{"allow":["GET"]}}],"collection":[{"href":"https:\/\/redelitoralrs.com\/index.php\/wp-json\/wp\/v2\/posts"}],"about":[{"href":"https:\/\/redelitoralrs.com\/index.php\/wp-json\/wp\/v2\/types\/post"}],"author":[{"embeddable":true,"href":"https:\/\/redelitoralrs.com\/index.php\/wp-json\/wp\/v2\/users\/2"}],"replies":[{"embeddable":true,"href":"https:\/\/redelitoralrs.com\/index.php\/wp-json\/wp\/v2\/comments?post=28427"}],"version-history":[{"count":1,"href":"https:\/\/redelitoralrs.com\/index.php\/wp-json\/wp\/v2\/posts\/28427\/revisions"}],"predecessor-version":[{"id":28429,"href":"https:\/\/redelitoralrs.com\/index.php\/wp-json\/wp\/v2\/posts\/28427\/revisions\/28429"}],"wp:featuredmedia":[{"embeddable":true,"href":"https:\/\/redelitoralrs.com\/index.php\/wp-json\/wp\/v2\/media\/28428"}],"wp:attachment":[{"href":"https:\/\/redelitoralrs.com\/index.php\/wp-json\/wp\/v2\/media?parent=28427"}],"wp:term":[{"taxonomy":"category","embeddable":true,"href":"https:\/\/redelitoralrs.com\/index.php\/wp-json\/wp\/v2\/categories?post=28427"},{"taxonomy":"post_tag","embeddable":true,"href":"https:\/\/redelitoralrs.com\/index.php\/wp-json\/wp\/v2\/tags?post=28427"}],"curies":[{"name":"wp","href":"https:\/\/api.w.org\/{rel}","templated":true}]}}