{"id":28424,"date":"2026-09-04T10:31:15","date_gmt":"2026-09-04T13:31:15","guid":{"rendered":"https:\/\/redelitoralrs.com\/?p=28424"},"modified":"2026-09-04T10:31:17","modified_gmt":"2026-09-04T13:31:17","slug":"casos-de-sarampo-em-outros-estados-reforcam-alerta-para-o-rio-grande-do-sul","status":"publish","type":"post","link":"https:\/\/redelitoralrs.com\/index.php\/2026\/09\/04\/casos-de-sarampo-em-outros-estados-reforcam-alerta-para-o-rio-grande-do-sul\/","title":{"rendered":"Casos de sarampo em outros Estados refor\u00e7am alerta para o Rio Grande do Sul"},"content":{"rendered":"\n<p class=\"wp-block-paragraph\">O aumento de casos de sarampo no Brasil e em outros pa\u00edses levou o Rio Grande do Sul a refor\u00e7ar a vigil\u00e2ncia epidemiol\u00f3gica para evitar a reintrodu\u00e7\u00e3o da doen\u00e7a no Estado.<\/p>\n\n\n\n<p class=\"wp-block-paragraph\">Um alerta emitido pelo governo ga\u00facho orienta os servi\u00e7os de sa\u00fade a intensificarem a identifica\u00e7\u00e3o de casos suspeitos, a notifica\u00e7\u00e3o imediata \u00e0s autoridades e a ado\u00e7\u00e3o de medidas de controle.<\/p>\n\n\n\n<p class=\"wp-block-paragraph\">At\u00e9 o momento, o Rio Grande do Sul n\u00e3o registra casos de sarampo em 2026. Os \u00faltimos casos confirmados no Estado ocorreram em 2024 e 2025 e foram considerados importados, relacionados a viagens para pa\u00edses da \u00c1sia e para os Estados Unidos. N\u00e3o houve transmiss\u00e3o para outras pessoas.<\/p>\n\n\n\n<p class=\"wp-block-paragraph\">O cen\u00e1rio nacional, por\u00e9m, exige aten\u00e7\u00e3o. Desde o in\u00edcio de junho, o Brasil confirmou mais de 20 casos importados ou relacionados \u00e0 importa\u00e7\u00e3o, com um surto ativo no Estado de S\u00e3o Paulo, envolvendo os munic\u00edpios de Guarulhos, S\u00e3o Bernardo do Campo e S\u00e3o Paulo. Rio de Janeiro e S\u00e3o Paulo tamb\u00e9m tiveram registros anteriores, mas os surtos nesses locais j\u00e1 foram encerrados.<\/p>\n\n\n\n<p class=\"wp-block-paragraph\"><strong>Casos aumentam nas Am\u00e9ricas<\/strong><\/p>\n\n\n\n<p class=\"wp-block-paragraph\">A situa\u00e7\u00e3o tamb\u00e9m preocupa no cen\u00e1rio internacional. Dados da Organiza\u00e7\u00e3o Mundial da Sa\u00fade apontam aumento de 12% nos casos confirmados de sarampo no mundo at\u00e9 julho de 2026, na compara\u00e7\u00e3o com o mesmo per\u00edodo do ano anterior.<\/p>\n\n\n\n<p class=\"wp-block-paragraph\">Nas Am\u00e9ricas, mais de 47 mil casos foram registrados em 17 pa\u00edses, com 44 mortes. Segundo os dados divulgados, \u00e9 o maior n\u00famero de casos na regi\u00e3o em 22 anos.<\/p>\n\n\n\n<p class=\"wp-block-paragraph\">Guatemala, M\u00e9xico, Estados Unidos e Peru concentram cerca de 95% dos registros. A Guatemala contabiliza mais de 30 mil casos, seguida pelo M\u00e9xico, com mais de 12 mil. Estados Unidos e Peru tamb\u00e9m apresentam milhares de ocorr\u00eancias.<\/p>\n\n\n\n<p class=\"wp-block-paragraph\">O Brasil havia recebido, em novembro de 2024, a certifica\u00e7\u00e3o da Organiza\u00e7\u00e3o Pan-Americana da Sa\u00fade como pa\u00eds livre da circula\u00e7\u00e3o end\u00eamica do v\u00edrus do sarampo. A ocorr\u00eancia de novos casos importados e de surtos em Estados brasileiros, no entanto, mant\u00e9m o risco de reintrodu\u00e7\u00e3o da doen\u00e7a.<\/p>\n\n\n\n<p class=\"wp-block-paragraph\"><strong>Vacina\u00e7\u00e3o \u00e9 principal forma de preven\u00e7\u00e3o<\/strong><\/p>\n\n\n\n<p class=\"wp-block-paragraph\">A vacina\u00e7\u00e3o continua sendo a principal medida para evitar o sarampo e reduzir o risco de transmiss\u00e3o. A orienta\u00e7\u00e3o das autoridades de sa\u00fade \u00e9 que a popula\u00e7\u00e3o mantenha a caderneta de vacina\u00e7\u00e3o atualizada.<\/p>\n\n\n\n<p class=\"wp-block-paragraph\">A recomenda\u00e7\u00e3o tamb\u00e9m \u00e9 importante para os munic\u00edpios do Litoral Norte, especialmente diante da intensa circula\u00e7\u00e3o de moradores e turistas entre o litoral, outras regi\u00f5es do Estado e diferentes destinos nacionais e internacionais.<\/p>\n\n\n\n<p class=\"wp-block-paragraph\">Em caso de sintomas compat\u00edveis com sarampo, a orienta\u00e7\u00e3o \u00e9 procurar um servi\u00e7o de sa\u00fade e informar sobre poss\u00edveis viagens recentes e contato com pessoas que apresentem sinais da doen\u00e7a. A comunica\u00e7\u00e3o r\u00e1pida de casos suspeitos permite que as equipes de vigil\u00e2ncia adotem medidas para impedir a dissemina\u00e7\u00e3o do v\u00edrus.<\/p>\n","protected":false},"excerpt":{"rendered":"<p>O aumento de casos de sarampo no Brasil e em outros pa\u00edses levou o Rio Grande do Sul a refor\u00e7ar a vigil\u00e2ncia epidemiol\u00f3gica para evitar a reintrodu\u00e7\u00e3o da doen\u00e7a no Estado. Um alerta emitido pelo governo ga\u00facho orienta os servi\u00e7os de sa\u00fade a intensificarem a identifica\u00e7\u00e3o de casos suspeitos, a notifica\u00e7\u00e3o imediata \u00e0s autoridades e [&hellip;]<\/p>\n","protected":false},"author":2,"featured_media":28425,"comment_status":"open","ping_status":"open","sticky":false,"template":"","format":"standard","meta":{"_themeisle_gutenberg_block_has_review":false,"_jetpack_newsletter_access":"","_jetpack_dont_email_post_to_subs":false,"_jetpack_newsletter_tier_id":0,"_jetpack_memberships_contains_paywalled_content":false,"_jetpack_feature_clip_id":0,"_jetpack_memberships_contains_paid_content":false,"footnotes":"","jetpack_publicize_message":"","jetpack_publicize_feature_enabled":true,"jetpack_social_post_already_shared":true,"jetpack_social_options":{"image_generator_settings":{"template":"highway","default_image_id":0,"font":"","enabled":false},"version":2},"jetpack_post_was_ever_published":false},"categories":[188,170,15],"tags":[],"class_list":["post-28424","post","type-post","status-publish","format-standard","has-post-thumbnail","hentry","category-rio-grande-do-sul","category-saude","category-noticias"],"yoast_head":"<!-- This site is optimized with the Yoast SEO plugin v28.1 - https:\/\/yoast.com\/product\/yoast-seo-wordpress\/ -->\n<title>Casos de sarampo em outros Estados refor\u00e7am alerta para o Rio Grande do Sul - Rede Litoral RS<\/title>\n<meta name=\"description\" content=\"O aumento de casos de sarampo no Brasil e em outros pa\u00edses levou o Rio Grande do Sul a refor\u00e7ar a vigil\u00e2ncia epidemiol\u00f3gica para evitar a reintrodu\u00e7\u00e3o da doen\u00e7a no Estado.\" \/>\n<meta name=\"robots\" content=\"index, follow, max-snippet:-1, max-image-preview:large, max-video-preview:-1\" \/>\n<link rel=\"canonical\" href=\"https:\/\/redelitoralrs.com\/index.php\/2026\/09\/04\/casos-de-sarampo-em-outros-estados-reforcam-alerta-para-o-rio-grande-do-sul\/\" \/>\n<meta property=\"og:locale\" content=\"pt_BR\" \/>\n<meta property=\"og:type\" content=\"article\" \/>\n<meta property=\"og:title\" content=\"Casos de sarampo em outros Estados refor\u00e7am alerta para o Rio Grande do Sul - Rede Litoral RS\" \/>\n<meta property=\"og:description\" content=\"O aumento de casos de sarampo no Brasil e em outros pa\u00edses levou o Rio Grande do Sul a refor\u00e7ar a vigil\u00e2ncia epidemiol\u00f3gica para evitar a reintrodu\u00e7\u00e3o da doen\u00e7a no Estado.\" \/>\n<meta property=\"og:url\" content=\"https:\/\/redelitoralrs.com\/index.php\/2026\/09\/04\/casos-de-sarampo-em-outros-estados-reforcam-alerta-para-o-rio-grande-do-sul\/\" \/>\n<meta property=\"og:site_name\" content=\"Rede Litoral RS\" \/>\n<meta property=\"article:publisher\" content=\"https:\/\/www.facebook.com\/tvlitoralrsoficial\" \/>\n<meta property=\"article:published_time\" content=\"2026-09-04T13:31:15+00:00\" \/>\n<meta property=\"article:modified_time\" content=\"2026-09-04T13:31:17+00:00\" \/>\n<meta property=\"og:image\" content=\"https:\/\/redelitoralrs.com\/wp-content\/uploads\/2026\/09\/WhatsApp-Image-2026-09-04-at-08.46.14.jpeg\" \/>\n\t<meta property=\"og:image:width\" content=\"768\" \/>\n\t<meta property=\"og:image:height\" content=\"471\" \/>\n\t<meta property=\"og:image:type\" content=\"image\/jpeg\" \/>\n<meta name=\"author\" content=\"Reda\u00e7\u00e3o TV Litoral\" \/>\n<meta name=\"twitter:card\" content=\"summary_large_image\" \/>\n<meta name=\"twitter:label1\" content=\"Escrito por\" \/>\n\t<meta name=\"twitter:data1\" content=\"Reda\u00e7\u00e3o TV Litoral\" \/>\n\t<meta name=\"twitter:label2\" content=\"Est. tempo de leitura\" \/>\n\t<meta name=\"twitter:data2\" content=\"3 minutos\" \/>\n<script type=\"application\/ld+json\" class=\"yoast-schema-graph\">{\"@context\":\"https:\\\/\\\/schema.org\",\"@graph\":[{\"@type\":\"Article\",\"@id\":\"https:\\\/\\\/redelitoralrs.com\\\/index.php\\\/2026\\\/09\\\/04\\\/casos-de-sarampo-em-outros-estados-reforcam-alerta-para-o-rio-grande-do-sul\\\/#article\",\"isPartOf\":{\"@id\":\"https:\\\/\\\/redelitoralrs.com\\\/index.php\\\/2026\\\/09\\\/04\\\/casos-de-sarampo-em-outros-estados-reforcam-alerta-para-o-rio-grande-do-sul\\\/\"},\"author\":{\"name\":\"Reda\u00e7\u00e3o TV Litoral\",\"@id\":\"https:\\\/\\\/redelitoralrs.com\\\/#\\\/schema\\\/person\\\/9f8181f2a7359dd3986f05ebaf5bd68a\"},\"headline\":\"Casos de sarampo em outros Estados refor\u00e7am alerta para o Rio Grande do Sul\",\"datePublished\":\"2026-09-04T13:31:15+00:00\",\"dateModified\":\"2026-09-04T13:31:17+00:00\",\"mainEntityOfPage\":{\"@id\":\"https:\\\/\\\/redelitoralrs.com\\\/index.php\\\/2026\\\/09\\\/04\\\/casos-de-sarampo-em-outros-estados-reforcam-alerta-para-o-rio-grande-do-sul\\\/\"},\"wordCount\":520,\"commentCount\":0,\"publisher\":{\"@id\":\"https:\\\/\\\/redelitoralrs.com\\\/#organization\"},\"image\":{\"@id\":\"https:\\\/\\\/redelitoralrs.com\\\/index.php\\\/2026\\\/09\\\/04\\\/casos-de-sarampo-em-outros-estados-reforcam-alerta-para-o-rio-grande-do-sul\\\/#primaryimage\"},\"thumbnailUrl\":\"https:\\\/\\\/redelitoralrs.com\\\/wp-content\\\/uploads\\\/2026\\\/09\\\/WhatsApp-Image-2026-09-04-at-08.46.14.jpeg\",\"articleSection\":[\"Rio Grande do Sul\",\"Sa\u00fade\",\"\u00daltimas not\u00edcias\"],\"inLanguage\":\"pt-BR\",\"potentialAction\":[{\"@type\":\"CommentAction\",\"name\":\"Comment\",\"target\":[\"https:\\\/\\\/redelitoralrs.com\\\/index.php\\\/2026\\\/09\\\/04\\\/casos-de-sarampo-em-outros-estados-reforcam-alerta-para-o-rio-grande-do-sul\\\/#respond\"]}]},{\"@type\":\"WebPage\",\"@id\":\"https:\\\/\\\/redelitoralrs.com\\\/index.php\\\/2026\\\/09\\\/04\\\/casos-de-sarampo-em-outros-estados-reforcam-alerta-para-o-rio-grande-do-sul\\\/\",\"url\":\"https:\\\/\\\/redelitoralrs.com\\\/index.php\\\/2026\\\/09\\\/04\\\/casos-de-sarampo-em-outros-estados-reforcam-alerta-para-o-rio-grande-do-sul\\\/\",\"name\":\"Casos de sarampo em outros Estados refor\u00e7am alerta para o Rio Grande do Sul - Rede Litoral RS\",\"isPartOf\":{\"@id\":\"https:\\\/\\\/redelitoralrs.com\\\/#website\"},\"primaryImageOfPage\":{\"@id\":\"https:\\\/\\\/redelitoralrs.com\\\/index.php\\\/2026\\\/09\\\/04\\\/casos-de-sarampo-em-outros-estados-reforcam-alerta-para-o-rio-grande-do-sul\\\/#primaryimage\"},\"image\":{\"@id\":\"https:\\\/\\\/redelitoralrs.com\\\/index.php\\\/2026\\\/09\\\/04\\\/casos-de-sarampo-em-outros-estados-reforcam-alerta-para-o-rio-grande-do-sul\\\/#primaryimage\"},\"thumbnailUrl\":\"https:\\\/\\\/redelitoralrs.com\\\/wp-content\\\/uploads\\\/2026\\\/09\\\/WhatsApp-Image-2026-09-04-at-08.46.14.jpeg\",\"datePublished\":\"2026-09-04T13:31:15+00:00\",\"dateModified\":\"2026-09-04T13:31:17+00:00\",\"description\":\"O aumento de casos de sarampo no Brasil e em outros pa\u00edses levou o Rio Grande do Sul a refor\u00e7ar a vigil\u00e2ncia epidemiol\u00f3gica para evitar a reintrodu\u00e7\u00e3o da doen\u00e7a no Estado.\",\"breadcrumb\":{\"@id\":\"https:\\\/\\\/redelitoralrs.com\\\/index.php\\\/2026\\\/09\\\/04\\\/casos-de-sarampo-em-outros-estados-reforcam-alerta-para-o-rio-grande-do-sul\\\/#breadcrumb\"},\"inLanguage\":\"pt-BR\",\"potentialAction\":[{\"@type\":\"ReadAction\",\"target\":[\"https:\\\/\\\/redelitoralrs.com\\\/index.php\\\/2026\\\/09\\\/04\\\/casos-de-sarampo-em-outros-estados-reforcam-alerta-para-o-rio-grande-do-sul\\\/\"]}]},{\"@type\":\"ImageObject\",\"inLanguage\":\"pt-BR\",\"@id\":\"https:\\\/\\\/redelitoralrs.com\\\/index.php\\\/2026\\\/09\\\/04\\\/casos-de-sarampo-em-outros-estados-reforcam-alerta-para-o-rio-grande-do-sul\\\/#primaryimage\",\"url\":\"https:\\\/\\\/redelitoralrs.com\\\/wp-content\\\/uploads\\\/2026\\\/09\\\/WhatsApp-Image-2026-09-04-at-08.46.14.jpeg\",\"contentUrl\":\"https:\\\/\\\/redelitoralrs.com\\\/wp-content\\\/uploads\\\/2026\\\/09\\\/WhatsApp-Image-2026-09-04-at-08.46.14.jpeg\",\"width\":768,\"height\":471,\"caption\":\"Foto: Divulga\u00e7\u00e3o\"},{\"@type\":\"BreadcrumbList\",\"@id\":\"https:\\\/\\\/redelitoralrs.com\\\/index.php\\\/2026\\\/09\\\/04\\\/casos-de-sarampo-em-outros-estados-reforcam-alerta-para-o-rio-grande-do-sul\\\/#breadcrumb\",\"itemListElement\":[{\"@type\":\"ListItem\",\"position\":1,\"name\":\"In\u00edcio\",\"item\":\"https:\\\/\\\/redelitoralrs.com\\\/\"},{\"@type\":\"ListItem\",\"position\":2,\"name\":\"Casos de sarampo em outros Estados refor\u00e7am alerta para o Rio Grande do Sul\"}]},{\"@type\":\"WebSite\",\"@id\":\"https:\\\/\\\/redelitoralrs.com\\\/#website\",\"url\":\"https:\\\/\\\/redelitoralrs.com\\\/\",\"name\":\"TV Litoral\",\"description\":\"Acompanhe tudo do litoral ga\u00facho com a cobertura completa e atualizada da Rede Litoral RS. Nossos jornalistas trazem as \u00faltimas not\u00edcias, os acontecimentos mais quentes e as hist\u00f3rias que importam sobre nosso amado litoral.\",\"publisher\":{\"@id\":\"https:\\\/\\\/redelitoralrs.com\\\/#organization\"},\"potentialAction\":[{\"@type\":\"SearchAction\",\"target\":{\"@type\":\"EntryPoint\",\"urlTemplate\":\"https:\\\/\\\/redelitoralrs.com\\\/?s={search_term_string}\"},\"query-input\":{\"@type\":\"PropertyValueSpecification\",\"valueRequired\":true,\"valueName\":\"search_term_string\"}}],\"inLanguage\":\"pt-BR\"},{\"@type\":\"Organization\",\"@id\":\"https:\\\/\\\/redelitoralrs.com\\\/#organization\",\"name\":\"TV Litoral\",\"url\":\"https:\\\/\\\/redelitoralrs.com\\\/\",\"logo\":{\"@type\":\"ImageObject\",\"inLanguage\":\"pt-BR\",\"@id\":\"https:\\\/\\\/redelitoralrs.com\\\/#\\\/schema\\\/logo\\\/image\\\/\",\"url\":\"https:\\\/\\\/redelitoralrs.com\\\/wp-content\\\/uploads\\\/2024\\\/01\\\/faviconicon-1-1.png\",\"contentUrl\":\"https:\\\/\\\/redelitoralrs.com\\\/wp-content\\\/uploads\\\/2024\\\/01\\\/faviconicon-1-1.png\",\"width\":454,\"height\":454,\"caption\":\"TV Litoral\"},\"image\":{\"@id\":\"https:\\\/\\\/redelitoralrs.com\\\/#\\\/schema\\\/logo\\\/image\\\/\"},\"sameAs\":[\"https:\\\/\\\/www.facebook.com\\\/tvlitoralrsoficial\",\"https:\\\/\\\/www.instagram.com\\\/tvlitoral.rs\"]},{\"@type\":\"Person\",\"@id\":\"https:\\\/\\\/redelitoralrs.com\\\/#\\\/schema\\\/person\\\/9f8181f2a7359dd3986f05ebaf5bd68a\",\"name\":\"Reda\u00e7\u00e3o TV Litoral\",\"image\":{\"@type\":\"ImageObject\",\"inLanguage\":\"pt-BR\",\"@id\":\"https:\\\/\\\/redelitoralrs.com\\\/wp-content\\\/litespeed\\\/avatar\\\/779aafbb45e66c7f82733e21abb48259.jpg?ver=1788448855\",\"url\":\"https:\\\/\\\/redelitoralrs.com\\\/wp-content\\\/litespeed\\\/avatar\\\/779aafbb45e66c7f82733e21abb48259.jpg?ver=1788448855\",\"contentUrl\":\"https:\\\/\\\/redelitoralrs.com\\\/wp-content\\\/litespeed\\\/avatar\\\/779aafbb45e66c7f82733e21abb48259.jpg?ver=1788448855\",\"caption\":\"Reda\u00e7\u00e3o TV Litoral\"},\"description\":\"A Rede Litoral de Comunica\u00e7\u00e3o \u00e9 um grupo de m\u00eddia multiplataforma do Litoral Norte do RS. Com atua\u00e7\u00e3o em TV, r\u00e1dio, portal e redes sociais, levamos informa\u00e7\u00e3o, conte\u00fado e entretenimento \u00e0 comunidade, fortalecendo a comunica\u00e7\u00e3o local e impulsionando o desenvolvimento regional. Acompanhe atrav\u00e9s de @redelitoralrs.\",\"sameAs\":[\"https:\\\/\\\/redelitoralrs.com\",\"https:\\\/\\\/www.instagram.com\\\/redelitoralrs\",\"https:\\\/\\\/www.youtube.com\\\/@redelitoralrs\"],\"url\":\"https:\\\/\\\/redelitoralrs.com\\\/index.php\\\/author\\\/redacaotvlitoral\\\/\"}]}<\/script>\n<!-- \/ Yoast SEO plugin. -->","yoast_head_json":{"title":"Casos de sarampo em outros Estados refor\u00e7am alerta para o Rio Grande do Sul - Rede Litoral RS","description":"O aumento de casos de sarampo no Brasil e em outros pa\u00edses levou o Rio Grande do Sul a refor\u00e7ar a vigil\u00e2ncia epidemiol\u00f3gica para evitar a reintrodu\u00e7\u00e3o da doen\u00e7a no Estado.","robots":{"index":"index","follow":"follow","max-snippet":"max-snippet:-1","max-image-preview":"max-image-preview:large","max-video-preview":"max-video-preview:-1"},"canonical":"https:\/\/redelitoralrs.com\/index.php\/2026\/09\/04\/casos-de-sarampo-em-outros-estados-reforcam-alerta-para-o-rio-grande-do-sul\/","og_locale":"pt_BR","og_type":"article","og_title":"Casos de sarampo em outros Estados refor\u00e7am alerta para o Rio Grande do Sul - Rede Litoral RS","og_description":"O aumento de casos de sarampo no Brasil e em outros pa\u00edses levou o Rio Grande do Sul a refor\u00e7ar a vigil\u00e2ncia epidemiol\u00f3gica para evitar a reintrodu\u00e7\u00e3o da doen\u00e7a no Estado.","og_url":"https:\/\/redelitoralrs.com\/index.php\/2026\/09\/04\/casos-de-sarampo-em-outros-estados-reforcam-alerta-para-o-rio-grande-do-sul\/","og_site_name":"Rede Litoral RS","article_publisher":"https:\/\/www.facebook.com\/tvlitoralrsoficial","article_published_time":"2026-09-04T13:31:15+00:00","article_modified_time":"2026-09-04T13:31:17+00:00","og_image":[{"width":768,"height":471,"url":"https:\/\/redelitoralrs.com\/wp-content\/uploads\/2026\/09\/WhatsApp-Image-2026-09-04-at-08.46.14.jpeg","type":"image\/jpeg"}],"author":"Reda\u00e7\u00e3o TV Litoral","twitter_card":"summary_large_image","twitter_misc":{"Escrito por":"Reda\u00e7\u00e3o TV Litoral","Est. tempo de leitura":"3 minutos"},"schema":{"@context":"https:\/\/schema.org","@graph":[{"@type":"Article","@id":"https:\/\/redelitoralrs.com\/index.php\/2026\/09\/04\/casos-de-sarampo-em-outros-estados-reforcam-alerta-para-o-rio-grande-do-sul\/#article","isPartOf":{"@id":"https:\/\/redelitoralrs.com\/index.php\/2026\/09\/04\/casos-de-sarampo-em-outros-estados-reforcam-alerta-para-o-rio-grande-do-sul\/"},"author":{"name":"Reda\u00e7\u00e3o TV Litoral","@id":"https:\/\/redelitoralrs.com\/#\/schema\/person\/9f8181f2a7359dd3986f05ebaf5bd68a"},"headline":"Casos de sarampo em outros Estados refor\u00e7am alerta para o Rio Grande do Sul","datePublished":"2026-09-04T13:31:15+00:00","dateModified":"2026-09-04T13:31:17+00:00","mainEntityOfPage":{"@id":"https:\/\/redelitoralrs.com\/index.php\/2026\/09\/04\/casos-de-sarampo-em-outros-estados-reforcam-alerta-para-o-rio-grande-do-sul\/"},"wordCount":520,"commentCount":0,"publisher":{"@id":"https:\/\/redelitoralrs.com\/#organization"},"image":{"@id":"https:\/\/redelitoralrs.com\/index.php\/2026\/09\/04\/casos-de-sarampo-em-outros-estados-reforcam-alerta-para-o-rio-grande-do-sul\/#primaryimage"},"thumbnailUrl":"https:\/\/redelitoralrs.com\/wp-content\/uploads\/2026\/09\/WhatsApp-Image-2026-09-04-at-08.46.14.jpeg","articleSection":["Rio Grande do Sul","Sa\u00fade","\u00daltimas not\u00edcias"],"inLanguage":"pt-BR","potentialAction":[{"@type":"CommentAction","name":"Comment","target":["https:\/\/redelitoralrs.com\/index.php\/2026\/09\/04\/casos-de-sarampo-em-outros-estados-reforcam-alerta-para-o-rio-grande-do-sul\/#respond"]}]},{"@type":"WebPage","@id":"https:\/\/redelitoralrs.com\/index.php\/2026\/09\/04\/casos-de-sarampo-em-outros-estados-reforcam-alerta-para-o-rio-grande-do-sul\/","url":"https:\/\/redelitoralrs.com\/index.php\/2026\/09\/04\/casos-de-sarampo-em-outros-estados-reforcam-alerta-para-o-rio-grande-do-sul\/","name":"Casos de sarampo em outros Estados refor\u00e7am alerta para o Rio Grande do Sul - Rede Litoral RS","isPartOf":{"@id":"https:\/\/redelitoralrs.com\/#website"},"primaryImageOfPage":{"@id":"https:\/\/redelitoralrs.com\/index.php\/2026\/09\/04\/casos-de-sarampo-em-outros-estados-reforcam-alerta-para-o-rio-grande-do-sul\/#primaryimage"},"image":{"@id":"https:\/\/redelitoralrs.com\/index.php\/2026\/09\/04\/casos-de-sarampo-em-outros-estados-reforcam-alerta-para-o-rio-grande-do-sul\/#primaryimage"},"thumbnailUrl":"https:\/\/redelitoralrs.com\/wp-content\/uploads\/2026\/09\/WhatsApp-Image-2026-09-04-at-08.46.14.jpeg","datePublished":"2026-09-04T13:31:15+00:00","dateModified":"2026-09-04T13:31:17+00:00","description":"O aumento de casos de sarampo no Brasil e em outros pa\u00edses levou o Rio Grande do Sul a refor\u00e7ar a vigil\u00e2ncia epidemiol\u00f3gica para evitar a reintrodu\u00e7\u00e3o da doen\u00e7a no Estado.","breadcrumb":{"@id":"https:\/\/redelitoralrs.com\/index.php\/2026\/09\/04\/casos-de-sarampo-em-outros-estados-reforcam-alerta-para-o-rio-grande-do-sul\/#breadcrumb"},"inLanguage":"pt-BR","potentialAction":[{"@type":"ReadAction","target":["https:\/\/redelitoralrs.com\/index.php\/2026\/09\/04\/casos-de-sarampo-em-outros-estados-reforcam-alerta-para-o-rio-grande-do-sul\/"]}]},{"@type":"ImageObject","inLanguage":"pt-BR","@id":"https:\/\/redelitoralrs.com\/index.php\/2026\/09\/04\/casos-de-sarampo-em-outros-estados-reforcam-alerta-para-o-rio-grande-do-sul\/#primaryimage","url":"https:\/\/redelitoralrs.com\/wp-content\/uploads\/2026\/09\/WhatsApp-Image-2026-09-04-at-08.46.14.jpeg","contentUrl":"https:\/\/redelitoralrs.com\/wp-content\/uploads\/2026\/09\/WhatsApp-Image-2026-09-04-at-08.46.14.jpeg","width":768,"height":471,"caption":"Foto: Divulga\u00e7\u00e3o"},{"@type":"BreadcrumbList","@id":"https:\/\/redelitoralrs.com\/index.php\/2026\/09\/04\/casos-de-sarampo-em-outros-estados-reforcam-alerta-para-o-rio-grande-do-sul\/#breadcrumb","itemListElement":[{"@type":"ListItem","position":1,"name":"In\u00edcio","item":"https:\/\/redelitoralrs.com\/"},{"@type":"ListItem","position":2,"name":"Casos de sarampo em outros Estados refor\u00e7am alerta para o Rio Grande do Sul"}]},{"@type":"WebSite","@id":"https:\/\/redelitoralrs.com\/#website","url":"https:\/\/redelitoralrs.com\/","name":"TV Litoral","description":"Acompanhe tudo do litoral ga\u00facho com a cobertura completa e atualizada da Rede Litoral RS. Nossos jornalistas trazem as \u00faltimas not\u00edcias, os acontecimentos mais quentes e as hist\u00f3rias que importam sobre nosso amado litoral.","publisher":{"@id":"https:\/\/redelitoralrs.com\/#organization"},"potentialAction":[{"@type":"SearchAction","target":{"@type":"EntryPoint","urlTemplate":"https:\/\/redelitoralrs.com\/?s={search_term_string}"},"query-input":{"@type":"PropertyValueSpecification","valueRequired":true,"valueName":"search_term_string"}}],"inLanguage":"pt-BR"},{"@type":"Organization","@id":"https:\/\/redelitoralrs.com\/#organization","name":"TV Litoral","url":"https:\/\/redelitoralrs.com\/","logo":{"@type":"ImageObject","inLanguage":"pt-BR","@id":"https:\/\/redelitoralrs.com\/#\/schema\/logo\/image\/","url":"https:\/\/redelitoralrs.com\/wp-content\/uploads\/2024\/01\/faviconicon-1-1.png","contentUrl":"https:\/\/redelitoralrs.com\/wp-content\/uploads\/2024\/01\/faviconicon-1-1.png","width":454,"height":454,"caption":"TV Litoral"},"image":{"@id":"https:\/\/redelitoralrs.com\/#\/schema\/logo\/image\/"},"sameAs":["https:\/\/www.facebook.com\/tvlitoralrsoficial","https:\/\/www.instagram.com\/tvlitoral.rs"]},{"@type":"Person","@id":"https:\/\/redelitoralrs.com\/#\/schema\/person\/9f8181f2a7359dd3986f05ebaf5bd68a","name":"Reda\u00e7\u00e3o TV Litoral","image":{"@type":"ImageObject","inLanguage":"pt-BR","@id":"https:\/\/redelitoralrs.com\/wp-content\/litespeed\/avatar\/779aafbb45e66c7f82733e21abb48259.jpg?ver=1788448855","url":"https:\/\/redelitoralrs.com\/wp-content\/litespeed\/avatar\/779aafbb45e66c7f82733e21abb48259.jpg?ver=1788448855","contentUrl":"https:\/\/redelitoralrs.com\/wp-content\/litespeed\/avatar\/779aafbb45e66c7f82733e21abb48259.jpg?ver=1788448855","caption":"Reda\u00e7\u00e3o TV Litoral"},"description":"A Rede Litoral de Comunica\u00e7\u00e3o \u00e9 um grupo de m\u00eddia multiplataforma do Litoral Norte do RS. Com atua\u00e7\u00e3o em TV, r\u00e1dio, portal e redes sociais, levamos informa\u00e7\u00e3o, conte\u00fado e entretenimento \u00e0 comunidade, fortalecendo a comunica\u00e7\u00e3o local e impulsionando o desenvolvimento regional. Acompanhe atrav\u00e9s de @redelitoralrs.","sameAs":["https:\/\/redelitoralrs.com","https:\/\/www.instagram.com\/redelitoralrs","https:\/\/www.youtube.com\/@redelitoralrs"],"url":"https:\/\/redelitoralrs.com\/index.php\/author\/redacaotvlitoral\/"}]}},"jetpack_publicize_connections":[],"jetpack_featured_media_url":"https:\/\/redelitoralrs.com\/wp-content\/uploads\/2026\/09\/WhatsApp-Image-2026-09-04-at-08.46.14.jpeg","jetpack_sharing_enabled":true,"_links":{"self":[{"href":"https:\/\/redelitoralrs.com\/index.php\/wp-json\/wp\/v2\/posts\/28424","targetHints":{"allow":["GET"]}}],"collection":[{"href":"https:\/\/redelitoralrs.com\/index.php\/wp-json\/wp\/v2\/posts"}],"about":[{"href":"https:\/\/redelitoralrs.com\/index.php\/wp-json\/wp\/v2\/types\/post"}],"author":[{"embeddable":true,"href":"https:\/\/redelitoralrs.com\/index.php\/wp-json\/wp\/v2\/users\/2"}],"replies":[{"embeddable":true,"href":"https:\/\/redelitoralrs.com\/index.php\/wp-json\/wp\/v2\/comments?post=28424"}],"version-history":[{"count":1,"href":"https:\/\/redelitoralrs.com\/index.php\/wp-json\/wp\/v2\/posts\/28424\/revisions"}],"predecessor-version":[{"id":28426,"href":"https:\/\/redelitoralrs.com\/index.php\/wp-json\/wp\/v2\/posts\/28424\/revisions\/28426"}],"wp:featuredmedia":[{"embeddable":true,"href":"https:\/\/redelitoralrs.com\/index.php\/wp-json\/wp\/v2\/media\/28425"}],"wp:attachment":[{"href":"https:\/\/redelitoralrs.com\/index.php\/wp-json\/wp\/v2\/media?parent=28424"}],"wp:term":[{"taxonomy":"category","embeddable":true,"href":"https:\/\/redelitoralrs.com\/index.php\/wp-json\/wp\/v2\/categories?post=28424"},{"taxonomy":"post_tag","embeddable":true,"href":"https:\/\/redelitoralrs.com\/index.php\/wp-json\/wp\/v2\/tags?post=28424"}],"curies":[{"name":"wp","href":"https:\/\/api.w.org\/{rel}","templated":true}]}}