{"id":28414,"date":"2026-09-04T10:23:53","date_gmt":"2026-09-04T13:23:53","guid":{"rendered":"https:\/\/redelitoralrs.com\/?p=28414"},"modified":"2026-09-04T10:23:55","modified_gmt":"2026-09-04T13:23:55","slug":"prefeitura-de-imbe-inicia-reposicao-de-placas-que-delimitam-areas-de-pesca-e-surf","status":"publish","type":"post","link":"https:\/\/redelitoralrs.com\/index.php\/2026\/09\/04\/prefeitura-de-imbe-inicia-reposicao-de-placas-que-delimitam-areas-de-pesca-e-surf\/","title":{"rendered":"Prefeitura de Imb\u00e9 inicia reposi\u00e7\u00e3o de placas que delimitam \u00e1reas de pesca e surf"},"content":{"rendered":"\n<p class=\"wp-block-paragraph\">A Prefeitura de Imb\u00e9 iniciou a reposi\u00e7\u00e3o das placas que delimitam as \u00e1reas destinadas \u00e0 pesca e ao surf no munic\u00edpio.<\/p>\n\n\n\n<p class=\"wp-block-paragraph\">O trabalho \u00e9 realizado pelas secretarias municipais de Pesca e de Obras e Via\u00e7\u00e3o. A reposi\u00e7\u00e3o come\u00e7ou pela regi\u00e3o central e deve avan\u00e7ar at\u00e9 os balne\u00e1rios da Zona Norte.<\/p>\n\n\n\n<p class=\"wp-block-paragraph\">Segundo a Secretaria de Pesca, muitas placas foram danificadas pela a\u00e7\u00e3o do vento, da maresia e das ressacas, al\u00e9m de casos de vandalismo.<\/p>\n\n\n\n<p class=\"wp-block-paragraph\">A sinaliza\u00e7\u00e3o \u00e9 utilizada para orientar pescadores, surfistas e banhistas e contribuir para a seguran\u00e7a e a organiza\u00e7\u00e3o das atividades na faixa de praia.<\/p>\n\n\n\n<p class=\"wp-block-paragraph\">Em Imb\u00e9, as \u00e1reas destinadas \u00e0 pesca e ao surf s\u00e3o regulamentadas pela Lei Municipal n\u00famero 1.328, de 2011.<\/p>\n\n\n\n<p class=\"wp-block-paragraph\">O munic\u00edpio possui duas \u00e1reas espec\u00edficas para a pr\u00e1tica do surf e duas destinadas \u00e0 pesca, al\u00e9m de uma \u00e1rea especial entre a barra do Rio Tramanda\u00ed e a Rua Bento Gon\u00e7alves, no Centro.<\/p>\n\n\n\n<p class=\"wp-block-paragraph\">Nesse trecho, \u00e9 proibida a pr\u00e1tica de surf e a coloca\u00e7\u00e3o de redes de qualquer tipo. S\u00e3o permitidas apenas a pesca com tarrafa ou cani\u00e7o e a sa\u00edda de embarca\u00e7\u00f5es pelo canal do Rio Tramanda\u00ed.<\/p>\n\n\n\n<p class=\"wp-block-paragraph\">A \u00c1rea de Surf I fica entre a Rua Bento Gon\u00e7alves, no Centro, e a Rua Tancredo Neves, no balne\u00e1rio Presidente, com cerca de dois quil\u00f4metros e 150 metros.<\/p>\n\n\n\n<p class=\"wp-block-paragraph\">A \u00c1rea de Surf II possui dois quil\u00f4metros e 100 metros e se estende da Rua Quartzo, no balne\u00e1rio Ipiranga, at\u00e9 a Rua Aloys Roth, em Mariluz.<\/p>\n\n\n\n<p class=\"wp-block-paragraph\">J\u00e1 as \u00c1reas de Pesca I e II s\u00e3o destinadas \u00e0 pesca de rede com cabo e \u00e0 pesca com botes. Nesses trechos, a pr\u00e1tica do surf \u00e9 proibida.<\/p>\n\n\n\n<p class=\"wp-block-paragraph\">Para a pesca embarcada, as redes devem ser colocadas a 500 metros da costa. A entrada e a sa\u00edda dos ve\u00edculos, por\u00e9m, podem ser realizadas dentro da \u00e1rea reservada para o surf.<\/p>\n\n\n\n<p class=\"wp-block-paragraph\">A Secretaria de Pesca orienta que pescadores e surfistas respeitem as \u00e1reas delimitadas para garantir a seguran\u00e7a e o conv\u00edvio entre as diferentes atividades.<\/p>\n\n\n\n<div id=\"wp-block-themeisle-blocks-slider-d0724aef\" class=\"wp-block-themeisle-blocks-slider glide\" data-per-view=\"1\" data-gap=\"0\" data-peek=\"0\" data-autoplay=\"true\" data-height=\"400px\" data-hide-arrows=\"false\"><div class=\"glide__track\" data-glide-el=\"track\"><div class=\"glide__slides\"><div class=\"wp-block-themeisle-blocks-slider-item-wrapper glide__slide\" tabindex=\"0\"><figure><img decoding=\"async\" class=\"wp-block-themeisle-blocks-slider-item\" src=\"https:\/\/redelitoralrs.com\/wp-content\/uploads\/2026\/09\/WhatsApp-Image-2026-09-04-at-09.41.45-2-e1788528193958.jpeg\" alt=\"\" title=\"\" data-id=\"28417\"\/><\/figure><\/div><div class=\"wp-block-themeisle-blocks-slider-item-wrapper glide__slide\" tabindex=\"0\"><figure><img decoding=\"async\" class=\"wp-block-themeisle-blocks-slider-item\" src=\"https:\/\/redelitoralrs.com\/wp-content\/uploads\/2026\/09\/WhatsApp-Image-2026-09-04-at-09.41.46-e1788528180682.jpeg\" alt=\"\" title=\"\" data-id=\"28416\"\/><\/figure><\/div><\/div><div class=\"glide__bullets\" data-glide-el=\"controls[nav]\"><button class=\"glide__bullet\" data-glide-dir=\"=0\"><\/button><button class=\"glide__bullet\" data-glide-dir=\"=1\"><\/button><\/div><\/div><\/div>\n","protected":false},"excerpt":{"rendered":"<p>A Prefeitura de Imb\u00e9 iniciou a reposi\u00e7\u00e3o das placas que delimitam as \u00e1reas destinadas \u00e0 pesca e ao surf no munic\u00edpio. O trabalho \u00e9 realizado pelas secretarias municipais de Pesca e de Obras e Via\u00e7\u00e3o. A reposi\u00e7\u00e3o come\u00e7ou pela regi\u00e3o central e deve avan\u00e7ar at\u00e9 os balne\u00e1rios da Zona Norte. Segundo a Secretaria de Pesca, [&hellip;]<\/p>\n","protected":false},"author":2,"featured_media":28415,"comment_status":"open","ping_status":"open","sticky":false,"template":"","format":"standard","meta":{"_themeisle_gutenberg_block_has_review":false,"_jetpack_newsletter_access":"","_jetpack_dont_email_post_to_subs":false,"_jetpack_newsletter_tier_id":0,"_jetpack_memberships_contains_paywalled_content":false,"_jetpack_feature_clip_id":0,"_jetpack_memberships_contains_paid_content":false,"footnotes":"","jetpack_publicize_message":"","jetpack_publicize_feature_enabled":true,"jetpack_social_post_already_shared":true,"jetpack_social_options":{"image_generator_settings":{"template":"highway","default_image_id":0,"font":"","enabled":false},"version":2},"jetpack_post_was_ever_published":false},"categories":[30,15],"tags":[],"class_list":["post-28414","post","type-post","status-publish","format-standard","has-post-thumbnail","hentry","category-imbe","category-noticias"],"yoast_head":"<!-- This site is optimized with the Yoast SEO plugin v28.1 - https:\/\/yoast.com\/product\/yoast-seo-wordpress\/ -->\n<title>Prefeitura de Imb\u00e9 inicia reposi\u00e7\u00e3o de placas que delimitam \u00e1reas de pesca e surf - Rede Litoral RS<\/title>\n<meta name=\"description\" content=\"A Prefeitura de Imb\u00e9 iniciou a reposi\u00e7\u00e3o das placas que delimitam as \u00e1reas destinadas \u00e0 pesca e ao surf no munic\u00edpio.\" \/>\n<meta name=\"robots\" content=\"index, follow, max-snippet:-1, max-image-preview:large, max-video-preview:-1\" \/>\n<link rel=\"canonical\" href=\"https:\/\/redelitoralrs.com\/index.php\/2026\/09\/04\/prefeitura-de-imbe-inicia-reposicao-de-placas-que-delimitam-areas-de-pesca-e-surf\/\" \/>\n<meta property=\"og:locale\" content=\"pt_BR\" \/>\n<meta property=\"og:type\" content=\"article\" \/>\n<meta property=\"og:title\" content=\"Prefeitura de Imb\u00e9 inicia reposi\u00e7\u00e3o de placas que delimitam \u00e1reas de pesca e surf - Rede Litoral RS\" \/>\n<meta property=\"og:description\" content=\"A Prefeitura de Imb\u00e9 iniciou a reposi\u00e7\u00e3o das placas que delimitam as \u00e1reas destinadas \u00e0 pesca e ao surf no munic\u00edpio.\" \/>\n<meta property=\"og:url\" content=\"https:\/\/redelitoralrs.com\/index.php\/2026\/09\/04\/prefeitura-de-imbe-inicia-reposicao-de-placas-que-delimitam-areas-de-pesca-e-surf\/\" \/>\n<meta property=\"og:site_name\" content=\"Rede Litoral RS\" \/>\n<meta property=\"article:publisher\" content=\"https:\/\/www.facebook.com\/tvlitoralrsoficial\" \/>\n<meta property=\"article:published_time\" content=\"2026-09-04T13:23:53+00:00\" \/>\n<meta property=\"article:modified_time\" content=\"2026-09-04T13:23:55+00:00\" \/>\n<meta property=\"og:image\" content=\"https:\/\/redelitoralrs.com\/wp-content\/uploads\/2026\/09\/WhatsApp-Image-2026-09-04-at-09.41.45-1-e1788528117775.jpeg\" \/>\n\t<meta property=\"og:image:width\" content=\"1203\" \/>\n\t<meta property=\"og:image:height\" content=\"760\" \/>\n\t<meta property=\"og:image:type\" content=\"image\/jpeg\" \/>\n<meta name=\"author\" content=\"Reda\u00e7\u00e3o TV Litoral\" \/>\n<meta name=\"twitter:card\" content=\"summary_large_image\" \/>\n<meta name=\"twitter:label1\" content=\"Escrito por\" \/>\n\t<meta name=\"twitter:data1\" content=\"Reda\u00e7\u00e3o TV Litoral\" \/>\n\t<meta name=\"twitter:label2\" content=\"Est. tempo de leitura\" \/>\n\t<meta name=\"twitter:data2\" content=\"3 minutos\" \/>\n<script type=\"application\/ld+json\" class=\"yoast-schema-graph\">{\"@context\":\"https:\\\/\\\/schema.org\",\"@graph\":[{\"@type\":\"Article\",\"@id\":\"https:\\\/\\\/redelitoralrs.com\\\/index.php\\\/2026\\\/09\\\/04\\\/prefeitura-de-imbe-inicia-reposicao-de-placas-que-delimitam-areas-de-pesca-e-surf\\\/#article\",\"isPartOf\":{\"@id\":\"https:\\\/\\\/redelitoralrs.com\\\/index.php\\\/2026\\\/09\\\/04\\\/prefeitura-de-imbe-inicia-reposicao-de-placas-que-delimitam-areas-de-pesca-e-surf\\\/\"},\"author\":{\"name\":\"Reda\u00e7\u00e3o TV Litoral\",\"@id\":\"https:\\\/\\\/redelitoralrs.com\\\/#\\\/schema\\\/person\\\/9f8181f2a7359dd3986f05ebaf5bd68a\"},\"headline\":\"Prefeitura de Imb\u00e9 inicia reposi\u00e7\u00e3o de placas que delimitam \u00e1reas de pesca e surf\",\"datePublished\":\"2026-09-04T13:23:53+00:00\",\"dateModified\":\"2026-09-04T13:23:55+00:00\",\"mainEntityOfPage\":{\"@id\":\"https:\\\/\\\/redelitoralrs.com\\\/index.php\\\/2026\\\/09\\\/04\\\/prefeitura-de-imbe-inicia-reposicao-de-placas-que-delimitam-areas-de-pesca-e-surf\\\/\"},\"wordCount\":365,\"commentCount\":0,\"publisher\":{\"@id\":\"https:\\\/\\\/redelitoralrs.com\\\/#organization\"},\"image\":{\"@id\":\"https:\\\/\\\/redelitoralrs.com\\\/index.php\\\/2026\\\/09\\\/04\\\/prefeitura-de-imbe-inicia-reposicao-de-placas-que-delimitam-areas-de-pesca-e-surf\\\/#primaryimage\"},\"thumbnailUrl\":\"https:\\\/\\\/redelitoralrs.com\\\/wp-content\\\/uploads\\\/2026\\\/09\\\/WhatsApp-Image-2026-09-04-at-09.41.45-1-e1788528117775.jpeg\",\"articleSection\":[\"Imb\u00e9\",\"\u00daltimas not\u00edcias\"],\"inLanguage\":\"pt-BR\",\"potentialAction\":[{\"@type\":\"CommentAction\",\"name\":\"Comment\",\"target\":[\"https:\\\/\\\/redelitoralrs.com\\\/index.php\\\/2026\\\/09\\\/04\\\/prefeitura-de-imbe-inicia-reposicao-de-placas-que-delimitam-areas-de-pesca-e-surf\\\/#respond\"]}]},{\"@type\":\"WebPage\",\"@id\":\"https:\\\/\\\/redelitoralrs.com\\\/index.php\\\/2026\\\/09\\\/04\\\/prefeitura-de-imbe-inicia-reposicao-de-placas-que-delimitam-areas-de-pesca-e-surf\\\/\",\"url\":\"https:\\\/\\\/redelitoralrs.com\\\/index.php\\\/2026\\\/09\\\/04\\\/prefeitura-de-imbe-inicia-reposicao-de-placas-que-delimitam-areas-de-pesca-e-surf\\\/\",\"name\":\"Prefeitura de Imb\u00e9 inicia reposi\u00e7\u00e3o de placas que delimitam \u00e1reas de pesca e surf - Rede Litoral RS\",\"isPartOf\":{\"@id\":\"https:\\\/\\\/redelitoralrs.com\\\/#website\"},\"primaryImageOfPage\":{\"@id\":\"https:\\\/\\\/redelitoralrs.com\\\/index.php\\\/2026\\\/09\\\/04\\\/prefeitura-de-imbe-inicia-reposicao-de-placas-que-delimitam-areas-de-pesca-e-surf\\\/#primaryimage\"},\"image\":{\"@id\":\"https:\\\/\\\/redelitoralrs.com\\\/index.php\\\/2026\\\/09\\\/04\\\/prefeitura-de-imbe-inicia-reposicao-de-placas-que-delimitam-areas-de-pesca-e-surf\\\/#primaryimage\"},\"thumbnailUrl\":\"https:\\\/\\\/redelitoralrs.com\\\/wp-content\\\/uploads\\\/2026\\\/09\\\/WhatsApp-Image-2026-09-04-at-09.41.45-1-e1788528117775.jpeg\",\"datePublished\":\"2026-09-04T13:23:53+00:00\",\"dateModified\":\"2026-09-04T13:23:55+00:00\",\"description\":\"A Prefeitura de Imb\u00e9 iniciou a reposi\u00e7\u00e3o das placas que delimitam as \u00e1reas destinadas \u00e0 pesca e ao surf no munic\u00edpio.\",\"breadcrumb\":{\"@id\":\"https:\\\/\\\/redelitoralrs.com\\\/index.php\\\/2026\\\/09\\\/04\\\/prefeitura-de-imbe-inicia-reposicao-de-placas-que-delimitam-areas-de-pesca-e-surf\\\/#breadcrumb\"},\"inLanguage\":\"pt-BR\",\"potentialAction\":[{\"@type\":\"ReadAction\",\"target\":[\"https:\\\/\\\/redelitoralrs.com\\\/index.php\\\/2026\\\/09\\\/04\\\/prefeitura-de-imbe-inicia-reposicao-de-placas-que-delimitam-areas-de-pesca-e-surf\\\/\"]}]},{\"@type\":\"ImageObject\",\"inLanguage\":\"pt-BR\",\"@id\":\"https:\\\/\\\/redelitoralrs.com\\\/index.php\\\/2026\\\/09\\\/04\\\/prefeitura-de-imbe-inicia-reposicao-de-placas-que-delimitam-areas-de-pesca-e-surf\\\/#primaryimage\",\"url\":\"https:\\\/\\\/redelitoralrs.com\\\/wp-content\\\/uploads\\\/2026\\\/09\\\/WhatsApp-Image-2026-09-04-at-09.41.45-1-e1788528117775.jpeg\",\"contentUrl\":\"https:\\\/\\\/redelitoralrs.com\\\/wp-content\\\/uploads\\\/2026\\\/09\\\/WhatsApp-Image-2026-09-04-at-09.41.45-1-e1788528117775.jpeg\",\"width\":1203,\"height\":760,\"caption\":\"Foto: ASCOM\\\/PMI\"},{\"@type\":\"BreadcrumbList\",\"@id\":\"https:\\\/\\\/redelitoralrs.com\\\/index.php\\\/2026\\\/09\\\/04\\\/prefeitura-de-imbe-inicia-reposicao-de-placas-que-delimitam-areas-de-pesca-e-surf\\\/#breadcrumb\",\"itemListElement\":[{\"@type\":\"ListItem\",\"position\":1,\"name\":\"In\u00edcio\",\"item\":\"https:\\\/\\\/redelitoralrs.com\\\/\"},{\"@type\":\"ListItem\",\"position\":2,\"name\":\"Prefeitura de Imb\u00e9 inicia reposi\u00e7\u00e3o de placas que delimitam \u00e1reas de pesca e surf\"}]},{\"@type\":\"WebSite\",\"@id\":\"https:\\\/\\\/redelitoralrs.com\\\/#website\",\"url\":\"https:\\\/\\\/redelitoralrs.com\\\/\",\"name\":\"TV Litoral\",\"description\":\"Acompanhe tudo do litoral ga\u00facho com a cobertura completa e atualizada da Rede Litoral RS. Nossos jornalistas trazem as \u00faltimas not\u00edcias, os acontecimentos mais quentes e as hist\u00f3rias que importam sobre nosso amado litoral.\",\"publisher\":{\"@id\":\"https:\\\/\\\/redelitoralrs.com\\\/#organization\"},\"potentialAction\":[{\"@type\":\"SearchAction\",\"target\":{\"@type\":\"EntryPoint\",\"urlTemplate\":\"https:\\\/\\\/redelitoralrs.com\\\/?s={search_term_string}\"},\"query-input\":{\"@type\":\"PropertyValueSpecification\",\"valueRequired\":true,\"valueName\":\"search_term_string\"}}],\"inLanguage\":\"pt-BR\"},{\"@type\":\"Organization\",\"@id\":\"https:\\\/\\\/redelitoralrs.com\\\/#organization\",\"name\":\"TV Litoral\",\"url\":\"https:\\\/\\\/redelitoralrs.com\\\/\",\"logo\":{\"@type\":\"ImageObject\",\"inLanguage\":\"pt-BR\",\"@id\":\"https:\\\/\\\/redelitoralrs.com\\\/#\\\/schema\\\/logo\\\/image\\\/\",\"url\":\"https:\\\/\\\/redelitoralrs.com\\\/wp-content\\\/uploads\\\/2024\\\/01\\\/faviconicon-1-1.png\",\"contentUrl\":\"https:\\\/\\\/redelitoralrs.com\\\/wp-content\\\/uploads\\\/2024\\\/01\\\/faviconicon-1-1.png\",\"width\":454,\"height\":454,\"caption\":\"TV Litoral\"},\"image\":{\"@id\":\"https:\\\/\\\/redelitoralrs.com\\\/#\\\/schema\\\/logo\\\/image\\\/\"},\"sameAs\":[\"https:\\\/\\\/www.facebook.com\\\/tvlitoralrsoficial\",\"https:\\\/\\\/www.instagram.com\\\/tvlitoral.rs\"]},{\"@type\":\"Person\",\"@id\":\"https:\\\/\\\/redelitoralrs.com\\\/#\\\/schema\\\/person\\\/9f8181f2a7359dd3986f05ebaf5bd68a\",\"name\":\"Reda\u00e7\u00e3o TV Litoral\",\"image\":{\"@type\":\"ImageObject\",\"inLanguage\":\"pt-BR\",\"@id\":\"https:\\\/\\\/redelitoralrs.com\\\/wp-content\\\/litespeed\\\/avatar\\\/779aafbb45e66c7f82733e21abb48259.jpg?ver=1788448855\",\"url\":\"https:\\\/\\\/redelitoralrs.com\\\/wp-content\\\/litespeed\\\/avatar\\\/779aafbb45e66c7f82733e21abb48259.jpg?ver=1788448855\",\"contentUrl\":\"https:\\\/\\\/redelitoralrs.com\\\/wp-content\\\/litespeed\\\/avatar\\\/779aafbb45e66c7f82733e21abb48259.jpg?ver=1788448855\",\"caption\":\"Reda\u00e7\u00e3o TV Litoral\"},\"description\":\"A Rede Litoral de Comunica\u00e7\u00e3o \u00e9 um grupo de m\u00eddia multiplataforma do Litoral Norte do RS. Com atua\u00e7\u00e3o em TV, r\u00e1dio, portal e redes sociais, levamos informa\u00e7\u00e3o, conte\u00fado e entretenimento \u00e0 comunidade, fortalecendo a comunica\u00e7\u00e3o local e impulsionando o desenvolvimento regional. Acompanhe atrav\u00e9s de @redelitoralrs.\",\"sameAs\":[\"https:\\\/\\\/redelitoralrs.com\",\"https:\\\/\\\/www.instagram.com\\\/redelitoralrs\",\"https:\\\/\\\/www.youtube.com\\\/@redelitoralrs\"],\"url\":\"https:\\\/\\\/redelitoralrs.com\\\/index.php\\\/author\\\/redacaotvlitoral\\\/\"}]}<\/script>\n<!-- \/ Yoast SEO plugin. -->","yoast_head_json":{"title":"Prefeitura de Imb\u00e9 inicia reposi\u00e7\u00e3o de placas que delimitam \u00e1reas de pesca e surf - Rede Litoral RS","description":"A Prefeitura de Imb\u00e9 iniciou a reposi\u00e7\u00e3o das placas que delimitam as \u00e1reas destinadas \u00e0 pesca e ao surf no munic\u00edpio.","robots":{"index":"index","follow":"follow","max-snippet":"max-snippet:-1","max-image-preview":"max-image-preview:large","max-video-preview":"max-video-preview:-1"},"canonical":"https:\/\/redelitoralrs.com\/index.php\/2026\/09\/04\/prefeitura-de-imbe-inicia-reposicao-de-placas-que-delimitam-areas-de-pesca-e-surf\/","og_locale":"pt_BR","og_type":"article","og_title":"Prefeitura de Imb\u00e9 inicia reposi\u00e7\u00e3o de placas que delimitam \u00e1reas de pesca e surf - Rede Litoral RS","og_description":"A Prefeitura de Imb\u00e9 iniciou a reposi\u00e7\u00e3o das placas que delimitam as \u00e1reas destinadas \u00e0 pesca e ao surf no munic\u00edpio.","og_url":"https:\/\/redelitoralrs.com\/index.php\/2026\/09\/04\/prefeitura-de-imbe-inicia-reposicao-de-placas-que-delimitam-areas-de-pesca-e-surf\/","og_site_name":"Rede Litoral RS","article_publisher":"https:\/\/www.facebook.com\/tvlitoralrsoficial","article_published_time":"2026-09-04T13:23:53+00:00","article_modified_time":"2026-09-04T13:23:55+00:00","og_image":[{"width":1203,"height":760,"url":"https:\/\/redelitoralrs.com\/wp-content\/uploads\/2026\/09\/WhatsApp-Image-2026-09-04-at-09.41.45-1-e1788528117775.jpeg","type":"image\/jpeg"}],"author":"Reda\u00e7\u00e3o TV Litoral","twitter_card":"summary_large_image","twitter_misc":{"Escrito por":"Reda\u00e7\u00e3o TV Litoral","Est. tempo de leitura":"3 minutos"},"schema":{"@context":"https:\/\/schema.org","@graph":[{"@type":"Article","@id":"https:\/\/redelitoralrs.com\/index.php\/2026\/09\/04\/prefeitura-de-imbe-inicia-reposicao-de-placas-que-delimitam-areas-de-pesca-e-surf\/#article","isPartOf":{"@id":"https:\/\/redelitoralrs.com\/index.php\/2026\/09\/04\/prefeitura-de-imbe-inicia-reposicao-de-placas-que-delimitam-areas-de-pesca-e-surf\/"},"author":{"name":"Reda\u00e7\u00e3o TV Litoral","@id":"https:\/\/redelitoralrs.com\/#\/schema\/person\/9f8181f2a7359dd3986f05ebaf5bd68a"},"headline":"Prefeitura de Imb\u00e9 inicia reposi\u00e7\u00e3o de placas que delimitam \u00e1reas de pesca e surf","datePublished":"2026-09-04T13:23:53+00:00","dateModified":"2026-09-04T13:23:55+00:00","mainEntityOfPage":{"@id":"https:\/\/redelitoralrs.com\/index.php\/2026\/09\/04\/prefeitura-de-imbe-inicia-reposicao-de-placas-que-delimitam-areas-de-pesca-e-surf\/"},"wordCount":365,"commentCount":0,"publisher":{"@id":"https:\/\/redelitoralrs.com\/#organization"},"image":{"@id":"https:\/\/redelitoralrs.com\/index.php\/2026\/09\/04\/prefeitura-de-imbe-inicia-reposicao-de-placas-que-delimitam-areas-de-pesca-e-surf\/#primaryimage"},"thumbnailUrl":"https:\/\/redelitoralrs.com\/wp-content\/uploads\/2026\/09\/WhatsApp-Image-2026-09-04-at-09.41.45-1-e1788528117775.jpeg","articleSection":["Imb\u00e9","\u00daltimas not\u00edcias"],"inLanguage":"pt-BR","potentialAction":[{"@type":"CommentAction","name":"Comment","target":["https:\/\/redelitoralrs.com\/index.php\/2026\/09\/04\/prefeitura-de-imbe-inicia-reposicao-de-placas-que-delimitam-areas-de-pesca-e-surf\/#respond"]}]},{"@type":"WebPage","@id":"https:\/\/redelitoralrs.com\/index.php\/2026\/09\/04\/prefeitura-de-imbe-inicia-reposicao-de-placas-que-delimitam-areas-de-pesca-e-surf\/","url":"https:\/\/redelitoralrs.com\/index.php\/2026\/09\/04\/prefeitura-de-imbe-inicia-reposicao-de-placas-que-delimitam-areas-de-pesca-e-surf\/","name":"Prefeitura de Imb\u00e9 inicia reposi\u00e7\u00e3o de placas que delimitam \u00e1reas de pesca e surf - Rede Litoral RS","isPartOf":{"@id":"https:\/\/redelitoralrs.com\/#website"},"primaryImageOfPage":{"@id":"https:\/\/redelitoralrs.com\/index.php\/2026\/09\/04\/prefeitura-de-imbe-inicia-reposicao-de-placas-que-delimitam-areas-de-pesca-e-surf\/#primaryimage"},"image":{"@id":"https:\/\/redelitoralrs.com\/index.php\/2026\/09\/04\/prefeitura-de-imbe-inicia-reposicao-de-placas-que-delimitam-areas-de-pesca-e-surf\/#primaryimage"},"thumbnailUrl":"https:\/\/redelitoralrs.com\/wp-content\/uploads\/2026\/09\/WhatsApp-Image-2026-09-04-at-09.41.45-1-e1788528117775.jpeg","datePublished":"2026-09-04T13:23:53+00:00","dateModified":"2026-09-04T13:23:55+00:00","description":"A Prefeitura de Imb\u00e9 iniciou a reposi\u00e7\u00e3o das placas que delimitam as \u00e1reas destinadas \u00e0 pesca e ao surf no munic\u00edpio.","breadcrumb":{"@id":"https:\/\/redelitoralrs.com\/index.php\/2026\/09\/04\/prefeitura-de-imbe-inicia-reposicao-de-placas-que-delimitam-areas-de-pesca-e-surf\/#breadcrumb"},"inLanguage":"pt-BR","potentialAction":[{"@type":"ReadAction","target":["https:\/\/redelitoralrs.com\/index.php\/2026\/09\/04\/prefeitura-de-imbe-inicia-reposicao-de-placas-que-delimitam-areas-de-pesca-e-surf\/"]}]},{"@type":"ImageObject","inLanguage":"pt-BR","@id":"https:\/\/redelitoralrs.com\/index.php\/2026\/09\/04\/prefeitura-de-imbe-inicia-reposicao-de-placas-que-delimitam-areas-de-pesca-e-surf\/#primaryimage","url":"https:\/\/redelitoralrs.com\/wp-content\/uploads\/2026\/09\/WhatsApp-Image-2026-09-04-at-09.41.45-1-e1788528117775.jpeg","contentUrl":"https:\/\/redelitoralrs.com\/wp-content\/uploads\/2026\/09\/WhatsApp-Image-2026-09-04-at-09.41.45-1-e1788528117775.jpeg","width":1203,"height":760,"caption":"Foto: ASCOM\/PMI"},{"@type":"BreadcrumbList","@id":"https:\/\/redelitoralrs.com\/index.php\/2026\/09\/04\/prefeitura-de-imbe-inicia-reposicao-de-placas-que-delimitam-areas-de-pesca-e-surf\/#breadcrumb","itemListElement":[{"@type":"ListItem","position":1,"name":"In\u00edcio","item":"https:\/\/redelitoralrs.com\/"},{"@type":"ListItem","position":2,"name":"Prefeitura de Imb\u00e9 inicia reposi\u00e7\u00e3o de placas que delimitam \u00e1reas de pesca e surf"}]},{"@type":"WebSite","@id":"https:\/\/redelitoralrs.com\/#website","url":"https:\/\/redelitoralrs.com\/","name":"TV Litoral","description":"Acompanhe tudo do litoral ga\u00facho com a cobertura completa e atualizada da Rede Litoral RS. Nossos jornalistas trazem as \u00faltimas not\u00edcias, os acontecimentos mais quentes e as hist\u00f3rias que importam sobre nosso amado litoral.","publisher":{"@id":"https:\/\/redelitoralrs.com\/#organization"},"potentialAction":[{"@type":"SearchAction","target":{"@type":"EntryPoint","urlTemplate":"https:\/\/redelitoralrs.com\/?s={search_term_string}"},"query-input":{"@type":"PropertyValueSpecification","valueRequired":true,"valueName":"search_term_string"}}],"inLanguage":"pt-BR"},{"@type":"Organization","@id":"https:\/\/redelitoralrs.com\/#organization","name":"TV Litoral","url":"https:\/\/redelitoralrs.com\/","logo":{"@type":"ImageObject","inLanguage":"pt-BR","@id":"https:\/\/redelitoralrs.com\/#\/schema\/logo\/image\/","url":"https:\/\/redelitoralrs.com\/wp-content\/uploads\/2024\/01\/faviconicon-1-1.png","contentUrl":"https:\/\/redelitoralrs.com\/wp-content\/uploads\/2024\/01\/faviconicon-1-1.png","width":454,"height":454,"caption":"TV Litoral"},"image":{"@id":"https:\/\/redelitoralrs.com\/#\/schema\/logo\/image\/"},"sameAs":["https:\/\/www.facebook.com\/tvlitoralrsoficial","https:\/\/www.instagram.com\/tvlitoral.rs"]},{"@type":"Person","@id":"https:\/\/redelitoralrs.com\/#\/schema\/person\/9f8181f2a7359dd3986f05ebaf5bd68a","name":"Reda\u00e7\u00e3o TV Litoral","image":{"@type":"ImageObject","inLanguage":"pt-BR","@id":"https:\/\/redelitoralrs.com\/wp-content\/litespeed\/avatar\/779aafbb45e66c7f82733e21abb48259.jpg?ver=1788448855","url":"https:\/\/redelitoralrs.com\/wp-content\/litespeed\/avatar\/779aafbb45e66c7f82733e21abb48259.jpg?ver=1788448855","contentUrl":"https:\/\/redelitoralrs.com\/wp-content\/litespeed\/avatar\/779aafbb45e66c7f82733e21abb48259.jpg?ver=1788448855","caption":"Reda\u00e7\u00e3o TV Litoral"},"description":"A Rede Litoral de Comunica\u00e7\u00e3o \u00e9 um grupo de m\u00eddia multiplataforma do Litoral Norte do RS. Com atua\u00e7\u00e3o em TV, r\u00e1dio, portal e redes sociais, levamos informa\u00e7\u00e3o, conte\u00fado e entretenimento \u00e0 comunidade, fortalecendo a comunica\u00e7\u00e3o local e impulsionando o desenvolvimento regional. Acompanhe atrav\u00e9s de @redelitoralrs.","sameAs":["https:\/\/redelitoralrs.com","https:\/\/www.instagram.com\/redelitoralrs","https:\/\/www.youtube.com\/@redelitoralrs"],"url":"https:\/\/redelitoralrs.com\/index.php\/author\/redacaotvlitoral\/"}]}},"jetpack_publicize_connections":[],"jetpack_featured_media_url":"https:\/\/redelitoralrs.com\/wp-content\/uploads\/2026\/09\/WhatsApp-Image-2026-09-04-at-09.41.45-1-e1788528117775.jpeg","jetpack_sharing_enabled":true,"_links":{"self":[{"href":"https:\/\/redelitoralrs.com\/index.php\/wp-json\/wp\/v2\/posts\/28414","targetHints":{"allow":["GET"]}}],"collection":[{"href":"https:\/\/redelitoralrs.com\/index.php\/wp-json\/wp\/v2\/posts"}],"about":[{"href":"https:\/\/redelitoralrs.com\/index.php\/wp-json\/wp\/v2\/types\/post"}],"author":[{"embeddable":true,"href":"https:\/\/redelitoralrs.com\/index.php\/wp-json\/wp\/v2\/users\/2"}],"replies":[{"embeddable":true,"href":"https:\/\/redelitoralrs.com\/index.php\/wp-json\/wp\/v2\/comments?post=28414"}],"version-history":[{"count":1,"href":"https:\/\/redelitoralrs.com\/index.php\/wp-json\/wp\/v2\/posts\/28414\/revisions"}],"predecessor-version":[{"id":28418,"href":"https:\/\/redelitoralrs.com\/index.php\/wp-json\/wp\/v2\/posts\/28414\/revisions\/28418"}],"wp:featuredmedia":[{"embeddable":true,"href":"https:\/\/redelitoralrs.com\/index.php\/wp-json\/wp\/v2\/media\/28415"}],"wp:attachment":[{"href":"https:\/\/redelitoralrs.com\/index.php\/wp-json\/wp\/v2\/media?parent=28414"}],"wp:term":[{"taxonomy":"category","embeddable":true,"href":"https:\/\/redelitoralrs.com\/index.php\/wp-json\/wp\/v2\/categories?post=28414"},{"taxonomy":"post_tag","embeddable":true,"href":"https:\/\/redelitoralrs.com\/index.php\/wp-json\/wp\/v2\/tags?post=28414"}],"curies":[{"name":"wp","href":"https:\/\/api.w.org\/{rel}","templated":true}]}}