{"id":28371,"date":"2026-09-02T09:24:12","date_gmt":"2026-09-02T12:24:12","guid":{"rendered":"https:\/\/redelitoralrs.com\/?p=28371"},"modified":"2026-09-02T09:24:14","modified_gmt":"2026-09-02T12:24:14","slug":"emater-divulga-estimativas-iniciais-para-a-safra-de-verao-2026-2027-no-rs","status":"publish","type":"post","link":"https:\/\/redelitoralrs.com\/index.php\/2026\/09\/02\/emater-divulga-estimativas-iniciais-para-a-safra-de-verao-2026-2027-no-rs\/","title":{"rendered":"EMATER divulga estimativas iniciais para a safra de ver\u00e3o 2026\/2027 no RS"},"content":{"rendered":"\n<p class=\"wp-block-paragraph\">A Emater\/RS-Ascar divulgou nesta ter\u00e7a-feira, durante a 49\u00aa Expointer, as primeiras estimativas para a safra de gr\u00e3os de ver\u00e3o 2026\/2027 no Rio Grande do Sul.<\/p>\n\n\n\n<p class=\"wp-block-paragraph\">A proje\u00e7\u00e3o \u00e9 de uma produ\u00e7\u00e3o total de 35,6 milh\u00f5es de toneladas, um crescimento de 8,64% em rela\u00e7\u00e3o \u00e0 safra anterior. A \u00e1rea cultivada, por\u00e9m, deve ter uma pequena redu\u00e7\u00e3o de 0,37%, chegando a aproximadamente 8,4 milh\u00f5es de hectares.<\/p>\n\n\n\n<p class=\"wp-block-paragraph\">A soja continua sendo o principal destaque, com previs\u00e3o de produ\u00e7\u00e3o de 21,1 milh\u00f5es de toneladas, 15,32% acima da safra passada. A \u00e1rea destinada ao cultivo deve diminuir 0,92%, mas a produtividade estimada \u00e9 16,37% maior.<\/p>\n\n\n\n<p class=\"wp-block-paragraph\">O milho tamb\u00e9m apresenta crescimento. A \u00e1rea plantada deve aumentar 7,42%, chegando a 896 mil hectares, enquanto a produ\u00e7\u00e3o estimada \u00e9 de 6,9 milh\u00f5es de toneladas, alta de 7,18%.<\/p>\n\n\n\n<p class=\"wp-block-paragraph\">J\u00e1 o arroz deve registrar redu\u00e7\u00e3o tanto na \u00e1rea quanto na produ\u00e7\u00e3o. A estimativa \u00e9 de 7,5 milh\u00f5es de toneladas, queda de 5,49% em rela\u00e7\u00e3o \u00e0 safra anterior.<\/p>\n\n\n\n<p class=\"wp-block-paragraph\">Para o feij\u00e3o da primeira safra, a previs\u00e3o \u00e9 de aumento de 1,20% na produ\u00e7\u00e3o, mesmo com uma redu\u00e7\u00e3o de 6,36% na \u00e1rea cultivada.<\/p>\n\n\n\n<p class=\"wp-block-paragraph\">O milho destinado \u00e0 silagem tamb\u00e9m deve apresentar crescimento, com aumento de 3,58% na produ\u00e7\u00e3o.<\/p>\n\n\n\n<p class=\"wp-block-paragraph\">Entre os desafios apontados pela Emater est\u00e3o o endividamento dos produtores, os custos elevados dos seguros agr\u00edcolas e do Proagro e os riscos clim\u00e1ticos.<\/p>\n\n\n\n<p class=\"wp-block-paragraph\">A previs\u00e3o meteorol\u00f3gica tamb\u00e9m exige aten\u00e7\u00e3o. Segundo o Simagro, o fen\u00f4meno El Ni\u00f1o deve se intensificar durante a primavera, per\u00edodo que coincide com o in\u00edcio do plantio dos gr\u00e3os de ver\u00e3o. A expectativa \u00e9 de chuvas acima da m\u00e9dia, o que pode reduzir a janela de plantio e dificultar o trabalho no campo.<\/p>\n\n\n\n<p class=\"wp-block-paragraph\">A Emater destaca que o planejamento financeiro, o acompanhamento t\u00e9cnico e a gest\u00e3o dos riscos ser\u00e3o fundamentais durante todo o ciclo da pr\u00f3xima safra.<\/p>\n","protected":false},"excerpt":{"rendered":"<p>A Emater\/RS-Ascar divulgou nesta ter\u00e7a-feira, durante a 49\u00aa Expointer, as primeiras estimativas para a safra de gr\u00e3os de ver\u00e3o 2026\/2027 no Rio Grande do Sul. A proje\u00e7\u00e3o \u00e9 de uma produ\u00e7\u00e3o total de 35,6 milh\u00f5es de toneladas, um crescimento de 8,64% em rela\u00e7\u00e3o \u00e0 safra anterior. A \u00e1rea cultivada, por\u00e9m, deve ter uma pequena redu\u00e7\u00e3o [&hellip;]<\/p>\n","protected":false},"author":2,"featured_media":28372,"comment_status":"open","ping_status":"open","sticky":false,"template":"","format":"standard","meta":{"_themeisle_gutenberg_block_has_review":false,"_jetpack_newsletter_access":"","_jetpack_dont_email_post_to_subs":false,"_jetpack_newsletter_tier_id":0,"_jetpack_memberships_contains_paywalled_content":false,"_jetpack_feature_clip_id":0,"_jetpack_memberships_contains_paid_content":false,"footnotes":"","jetpack_publicize_message":"","jetpack_publicize_feature_enabled":true,"jetpack_social_post_already_shared":true,"jetpack_social_options":{"image_generator_settings":{"template":"highway","default_image_id":0,"font":"","enabled":false},"version":2},"jetpack_post_was_ever_published":false},"categories":[188,15],"tags":[],"class_list":["post-28371","post","type-post","status-publish","format-standard","has-post-thumbnail","hentry","category-rio-grande-do-sul","category-noticias"],"yoast_head":"<!-- This site is optimized with the Yoast SEO plugin v28.1 - https:\/\/yoast.com\/product\/yoast-seo-wordpress\/ -->\n<title>EMATER divulga estimativas iniciais para a safra de ver\u00e3o 2026\/2027 no RS - Rede Litoral RS<\/title>\n<meta name=\"robots\" content=\"index, follow, max-snippet:-1, max-image-preview:large, max-video-preview:-1\" \/>\n<link rel=\"canonical\" href=\"https:\/\/redelitoralrs.com\/index.php\/2026\/09\/02\/emater-divulga-estimativas-iniciais-para-a-safra-de-verao-2026-2027-no-rs\/\" \/>\n<meta property=\"og:locale\" content=\"pt_BR\" \/>\n<meta property=\"og:type\" content=\"article\" \/>\n<meta property=\"og:title\" content=\"EMATER divulga estimativas iniciais para a safra de ver\u00e3o 2026\/2027 no RS - Rede Litoral RS\" \/>\n<meta property=\"og:description\" content=\"A Emater\/RS-Ascar divulgou nesta ter\u00e7a-feira, durante a 49\u00aa Expointer, as primeiras estimativas para a safra de gr\u00e3os de ver\u00e3o 2026\/2027 no Rio Grande do Sul. A proje\u00e7\u00e3o \u00e9 de uma produ\u00e7\u00e3o total de 35,6 milh\u00f5es de toneladas, um crescimento de 8,64% em rela\u00e7\u00e3o \u00e0 safra anterior. A \u00e1rea cultivada, por\u00e9m, deve ter uma pequena redu\u00e7\u00e3o [&hellip;]\" \/>\n<meta property=\"og:url\" content=\"https:\/\/redelitoralrs.com\/index.php\/2026\/09\/02\/emater-divulga-estimativas-iniciais-para-a-safra-de-verao-2026-2027-no-rs\/\" \/>\n<meta property=\"og:site_name\" content=\"Rede Litoral RS\" \/>\n<meta property=\"article:publisher\" content=\"https:\/\/www.facebook.com\/tvlitoralrsoficial\" \/>\n<meta property=\"article:published_time\" content=\"2026-09-02T12:24:12+00:00\" \/>\n<meta property=\"article:modified_time\" content=\"2026-09-02T12:24:14+00:00\" \/>\n<meta property=\"og:image\" content=\"https:\/\/redelitoralrs.com\/wp-content\/uploads\/2026\/09\/WhatsApp-Image-2026-09-01-at-19.47.24.jpeg\" \/>\n\t<meta property=\"og:image:width\" content=\"800\" \/>\n\t<meta property=\"og:image:height\" content=\"450\" \/>\n\t<meta property=\"og:image:type\" content=\"image\/jpeg\" \/>\n<meta name=\"author\" content=\"Reda\u00e7\u00e3o TV Litoral\" \/>\n<meta name=\"twitter:card\" content=\"summary_large_image\" \/>\n<meta name=\"twitter:label1\" content=\"Escrito por\" \/>\n\t<meta name=\"twitter:data1\" content=\"Reda\u00e7\u00e3o TV Litoral\" \/>\n\t<meta name=\"twitter:label2\" content=\"Est. tempo de leitura\" \/>\n\t<meta name=\"twitter:data2\" content=\"2 minutos\" \/>\n<script type=\"application\/ld+json\" class=\"yoast-schema-graph\">{\"@context\":\"https:\\\/\\\/schema.org\",\"@graph\":[{\"@type\":\"Article\",\"@id\":\"https:\\\/\\\/redelitoralrs.com\\\/index.php\\\/2026\\\/09\\\/02\\\/emater-divulga-estimativas-iniciais-para-a-safra-de-verao-2026-2027-no-rs\\\/#article\",\"isPartOf\":{\"@id\":\"https:\\\/\\\/redelitoralrs.com\\\/index.php\\\/2026\\\/09\\\/02\\\/emater-divulga-estimativas-iniciais-para-a-safra-de-verao-2026-2027-no-rs\\\/\"},\"author\":{\"name\":\"Reda\u00e7\u00e3o TV Litoral\",\"@id\":\"https:\\\/\\\/redelitoralrs.com\\\/#\\\/schema\\\/person\\\/9f8181f2a7359dd3986f05ebaf5bd68a\"},\"headline\":\"EMATER divulga estimativas iniciais para a safra de ver\u00e3o 2026\\\/2027 no RS\",\"datePublished\":\"2026-09-02T12:24:12+00:00\",\"dateModified\":\"2026-09-02T12:24:14+00:00\",\"mainEntityOfPage\":{\"@id\":\"https:\\\/\\\/redelitoralrs.com\\\/index.php\\\/2026\\\/09\\\/02\\\/emater-divulga-estimativas-iniciais-para-a-safra-de-verao-2026-2027-no-rs\\\/\"},\"wordCount\":326,\"commentCount\":0,\"publisher\":{\"@id\":\"https:\\\/\\\/redelitoralrs.com\\\/#organization\"},\"image\":{\"@id\":\"https:\\\/\\\/redelitoralrs.com\\\/index.php\\\/2026\\\/09\\\/02\\\/emater-divulga-estimativas-iniciais-para-a-safra-de-verao-2026-2027-no-rs\\\/#primaryimage\"},\"thumbnailUrl\":\"https:\\\/\\\/redelitoralrs.com\\\/wp-content\\\/uploads\\\/2026\\\/09\\\/WhatsApp-Image-2026-09-01-at-19.47.24.jpeg\",\"articleSection\":[\"Rio Grande do Sul\",\"\u00daltimas not\u00edcias\"],\"inLanguage\":\"pt-BR\",\"potentialAction\":[{\"@type\":\"CommentAction\",\"name\":\"Comment\",\"target\":[\"https:\\\/\\\/redelitoralrs.com\\\/index.php\\\/2026\\\/09\\\/02\\\/emater-divulga-estimativas-iniciais-para-a-safra-de-verao-2026-2027-no-rs\\\/#respond\"]}]},{\"@type\":\"WebPage\",\"@id\":\"https:\\\/\\\/redelitoralrs.com\\\/index.php\\\/2026\\\/09\\\/02\\\/emater-divulga-estimativas-iniciais-para-a-safra-de-verao-2026-2027-no-rs\\\/\",\"url\":\"https:\\\/\\\/redelitoralrs.com\\\/index.php\\\/2026\\\/09\\\/02\\\/emater-divulga-estimativas-iniciais-para-a-safra-de-verao-2026-2027-no-rs\\\/\",\"name\":\"EMATER divulga estimativas iniciais para a safra de ver\u00e3o 2026\\\/2027 no RS - Rede Litoral RS\",\"isPartOf\":{\"@id\":\"https:\\\/\\\/redelitoralrs.com\\\/#website\"},\"primaryImageOfPage\":{\"@id\":\"https:\\\/\\\/redelitoralrs.com\\\/index.php\\\/2026\\\/09\\\/02\\\/emater-divulga-estimativas-iniciais-para-a-safra-de-verao-2026-2027-no-rs\\\/#primaryimage\"},\"image\":{\"@id\":\"https:\\\/\\\/redelitoralrs.com\\\/index.php\\\/2026\\\/09\\\/02\\\/emater-divulga-estimativas-iniciais-para-a-safra-de-verao-2026-2027-no-rs\\\/#primaryimage\"},\"thumbnailUrl\":\"https:\\\/\\\/redelitoralrs.com\\\/wp-content\\\/uploads\\\/2026\\\/09\\\/WhatsApp-Image-2026-09-01-at-19.47.24.jpeg\",\"datePublished\":\"2026-09-02T12:24:12+00:00\",\"dateModified\":\"2026-09-02T12:24:14+00:00\",\"breadcrumb\":{\"@id\":\"https:\\\/\\\/redelitoralrs.com\\\/index.php\\\/2026\\\/09\\\/02\\\/emater-divulga-estimativas-iniciais-para-a-safra-de-verao-2026-2027-no-rs\\\/#breadcrumb\"},\"inLanguage\":\"pt-BR\",\"potentialAction\":[{\"@type\":\"ReadAction\",\"target\":[\"https:\\\/\\\/redelitoralrs.com\\\/index.php\\\/2026\\\/09\\\/02\\\/emater-divulga-estimativas-iniciais-para-a-safra-de-verao-2026-2027-no-rs\\\/\"]}]},{\"@type\":\"ImageObject\",\"inLanguage\":\"pt-BR\",\"@id\":\"https:\\\/\\\/redelitoralrs.com\\\/index.php\\\/2026\\\/09\\\/02\\\/emater-divulga-estimativas-iniciais-para-a-safra-de-verao-2026-2027-no-rs\\\/#primaryimage\",\"url\":\"https:\\\/\\\/redelitoralrs.com\\\/wp-content\\\/uploads\\\/2026\\\/09\\\/WhatsApp-Image-2026-09-01-at-19.47.24.jpeg\",\"contentUrl\":\"https:\\\/\\\/redelitoralrs.com\\\/wp-content\\\/uploads\\\/2026\\\/09\\\/WhatsApp-Image-2026-09-01-at-19.47.24.jpeg\",\"width\":800,\"height\":450,\"caption\":\"Foto: Ascom Emater\\\/RS-Ascar\"},{\"@type\":\"BreadcrumbList\",\"@id\":\"https:\\\/\\\/redelitoralrs.com\\\/index.php\\\/2026\\\/09\\\/02\\\/emater-divulga-estimativas-iniciais-para-a-safra-de-verao-2026-2027-no-rs\\\/#breadcrumb\",\"itemListElement\":[{\"@type\":\"ListItem\",\"position\":1,\"name\":\"In\u00edcio\",\"item\":\"https:\\\/\\\/redelitoralrs.com\\\/\"},{\"@type\":\"ListItem\",\"position\":2,\"name\":\"EMATER divulga estimativas iniciais para a safra de ver\u00e3o 2026\\\/2027 no RS\"}]},{\"@type\":\"WebSite\",\"@id\":\"https:\\\/\\\/redelitoralrs.com\\\/#website\",\"url\":\"https:\\\/\\\/redelitoralrs.com\\\/\",\"name\":\"TV Litoral\",\"description\":\"Acompanhe tudo do litoral ga\u00facho com a cobertura completa e atualizada da Rede Litoral RS. Nossos jornalistas trazem as \u00faltimas not\u00edcias, os acontecimentos mais quentes e as hist\u00f3rias que importam sobre nosso amado litoral.\",\"publisher\":{\"@id\":\"https:\\\/\\\/redelitoralrs.com\\\/#organization\"},\"potentialAction\":[{\"@type\":\"SearchAction\",\"target\":{\"@type\":\"EntryPoint\",\"urlTemplate\":\"https:\\\/\\\/redelitoralrs.com\\\/?s={search_term_string}\"},\"query-input\":{\"@type\":\"PropertyValueSpecification\",\"valueRequired\":true,\"valueName\":\"search_term_string\"}}],\"inLanguage\":\"pt-BR\"},{\"@type\":\"Organization\",\"@id\":\"https:\\\/\\\/redelitoralrs.com\\\/#organization\",\"name\":\"TV Litoral\",\"url\":\"https:\\\/\\\/redelitoralrs.com\\\/\",\"logo\":{\"@type\":\"ImageObject\",\"inLanguage\":\"pt-BR\",\"@id\":\"https:\\\/\\\/redelitoralrs.com\\\/#\\\/schema\\\/logo\\\/image\\\/\",\"url\":\"https:\\\/\\\/redelitoralrs.com\\\/wp-content\\\/uploads\\\/2024\\\/01\\\/faviconicon-1-1.png\",\"contentUrl\":\"https:\\\/\\\/redelitoralrs.com\\\/wp-content\\\/uploads\\\/2024\\\/01\\\/faviconicon-1-1.png\",\"width\":454,\"height\":454,\"caption\":\"TV Litoral\"},\"image\":{\"@id\":\"https:\\\/\\\/redelitoralrs.com\\\/#\\\/schema\\\/logo\\\/image\\\/\"},\"sameAs\":[\"https:\\\/\\\/www.facebook.com\\\/tvlitoralrsoficial\",\"https:\\\/\\\/www.instagram.com\\\/tvlitoral.rs\"]},{\"@type\":\"Person\",\"@id\":\"https:\\\/\\\/redelitoralrs.com\\\/#\\\/schema\\\/person\\\/9f8181f2a7359dd3986f05ebaf5bd68a\",\"name\":\"Reda\u00e7\u00e3o TV Litoral\",\"image\":{\"@type\":\"ImageObject\",\"inLanguage\":\"pt-BR\",\"@id\":\"https:\\\/\\\/redelitoralrs.com\\\/wp-content\\\/litespeed\\\/avatar\\\/779aafbb45e66c7f82733e21abb48259.jpg?ver=1787844022\",\"url\":\"https:\\\/\\\/redelitoralrs.com\\\/wp-content\\\/litespeed\\\/avatar\\\/779aafbb45e66c7f82733e21abb48259.jpg?ver=1787844022\",\"contentUrl\":\"https:\\\/\\\/redelitoralrs.com\\\/wp-content\\\/litespeed\\\/avatar\\\/779aafbb45e66c7f82733e21abb48259.jpg?ver=1787844022\",\"caption\":\"Reda\u00e7\u00e3o TV Litoral\"},\"description\":\"A Rede Litoral de Comunica\u00e7\u00e3o \u00e9 um grupo de m\u00eddia multiplataforma do Litoral Norte do RS. Com atua\u00e7\u00e3o em TV, r\u00e1dio, portal e redes sociais, levamos informa\u00e7\u00e3o, conte\u00fado e entretenimento \u00e0 comunidade, fortalecendo a comunica\u00e7\u00e3o local e impulsionando o desenvolvimento regional. Acompanhe atrav\u00e9s de @redelitoralrs.\",\"sameAs\":[\"https:\\\/\\\/redelitoralrs.com\",\"https:\\\/\\\/www.instagram.com\\\/redelitoralrs\",\"https:\\\/\\\/www.youtube.com\\\/@redelitoralrs\"],\"url\":\"https:\\\/\\\/redelitoralrs.com\\\/index.php\\\/author\\\/redacaotvlitoral\\\/\"}]}<\/script>\n<!-- \/ Yoast SEO plugin. -->","yoast_head_json":{"title":"EMATER divulga estimativas iniciais para a safra de ver\u00e3o 2026\/2027 no RS - Rede Litoral RS","robots":{"index":"index","follow":"follow","max-snippet":"max-snippet:-1","max-image-preview":"max-image-preview:large","max-video-preview":"max-video-preview:-1"},"canonical":"https:\/\/redelitoralrs.com\/index.php\/2026\/09\/02\/emater-divulga-estimativas-iniciais-para-a-safra-de-verao-2026-2027-no-rs\/","og_locale":"pt_BR","og_type":"article","og_title":"EMATER divulga estimativas iniciais para a safra de ver\u00e3o 2026\/2027 no RS - Rede Litoral RS","og_description":"A Emater\/RS-Ascar divulgou nesta ter\u00e7a-feira, durante a 49\u00aa Expointer, as primeiras estimativas para a safra de gr\u00e3os de ver\u00e3o 2026\/2027 no Rio Grande do Sul. A proje\u00e7\u00e3o \u00e9 de uma produ\u00e7\u00e3o total de 35,6 milh\u00f5es de toneladas, um crescimento de 8,64% em rela\u00e7\u00e3o \u00e0 safra anterior. A \u00e1rea cultivada, por\u00e9m, deve ter uma pequena redu\u00e7\u00e3o [&hellip;]","og_url":"https:\/\/redelitoralrs.com\/index.php\/2026\/09\/02\/emater-divulga-estimativas-iniciais-para-a-safra-de-verao-2026-2027-no-rs\/","og_site_name":"Rede Litoral RS","article_publisher":"https:\/\/www.facebook.com\/tvlitoralrsoficial","article_published_time":"2026-09-02T12:24:12+00:00","article_modified_time":"2026-09-02T12:24:14+00:00","og_image":[{"width":800,"height":450,"url":"https:\/\/redelitoralrs.com\/wp-content\/uploads\/2026\/09\/WhatsApp-Image-2026-09-01-at-19.47.24.jpeg","type":"image\/jpeg"}],"author":"Reda\u00e7\u00e3o TV Litoral","twitter_card":"summary_large_image","twitter_misc":{"Escrito por":"Reda\u00e7\u00e3o TV Litoral","Est. tempo de leitura":"2 minutos"},"schema":{"@context":"https:\/\/schema.org","@graph":[{"@type":"Article","@id":"https:\/\/redelitoralrs.com\/index.php\/2026\/09\/02\/emater-divulga-estimativas-iniciais-para-a-safra-de-verao-2026-2027-no-rs\/#article","isPartOf":{"@id":"https:\/\/redelitoralrs.com\/index.php\/2026\/09\/02\/emater-divulga-estimativas-iniciais-para-a-safra-de-verao-2026-2027-no-rs\/"},"author":{"name":"Reda\u00e7\u00e3o TV Litoral","@id":"https:\/\/redelitoralrs.com\/#\/schema\/person\/9f8181f2a7359dd3986f05ebaf5bd68a"},"headline":"EMATER divulga estimativas iniciais para a safra de ver\u00e3o 2026\/2027 no RS","datePublished":"2026-09-02T12:24:12+00:00","dateModified":"2026-09-02T12:24:14+00:00","mainEntityOfPage":{"@id":"https:\/\/redelitoralrs.com\/index.php\/2026\/09\/02\/emater-divulga-estimativas-iniciais-para-a-safra-de-verao-2026-2027-no-rs\/"},"wordCount":326,"commentCount":0,"publisher":{"@id":"https:\/\/redelitoralrs.com\/#organization"},"image":{"@id":"https:\/\/redelitoralrs.com\/index.php\/2026\/09\/02\/emater-divulga-estimativas-iniciais-para-a-safra-de-verao-2026-2027-no-rs\/#primaryimage"},"thumbnailUrl":"https:\/\/redelitoralrs.com\/wp-content\/uploads\/2026\/09\/WhatsApp-Image-2026-09-01-at-19.47.24.jpeg","articleSection":["Rio Grande do Sul","\u00daltimas not\u00edcias"],"inLanguage":"pt-BR","potentialAction":[{"@type":"CommentAction","name":"Comment","target":["https:\/\/redelitoralrs.com\/index.php\/2026\/09\/02\/emater-divulga-estimativas-iniciais-para-a-safra-de-verao-2026-2027-no-rs\/#respond"]}]},{"@type":"WebPage","@id":"https:\/\/redelitoralrs.com\/index.php\/2026\/09\/02\/emater-divulga-estimativas-iniciais-para-a-safra-de-verao-2026-2027-no-rs\/","url":"https:\/\/redelitoralrs.com\/index.php\/2026\/09\/02\/emater-divulga-estimativas-iniciais-para-a-safra-de-verao-2026-2027-no-rs\/","name":"EMATER divulga estimativas iniciais para a safra de ver\u00e3o 2026\/2027 no RS - Rede Litoral RS","isPartOf":{"@id":"https:\/\/redelitoralrs.com\/#website"},"primaryImageOfPage":{"@id":"https:\/\/redelitoralrs.com\/index.php\/2026\/09\/02\/emater-divulga-estimativas-iniciais-para-a-safra-de-verao-2026-2027-no-rs\/#primaryimage"},"image":{"@id":"https:\/\/redelitoralrs.com\/index.php\/2026\/09\/02\/emater-divulga-estimativas-iniciais-para-a-safra-de-verao-2026-2027-no-rs\/#primaryimage"},"thumbnailUrl":"https:\/\/redelitoralrs.com\/wp-content\/uploads\/2026\/09\/WhatsApp-Image-2026-09-01-at-19.47.24.jpeg","datePublished":"2026-09-02T12:24:12+00:00","dateModified":"2026-09-02T12:24:14+00:00","breadcrumb":{"@id":"https:\/\/redelitoralrs.com\/index.php\/2026\/09\/02\/emater-divulga-estimativas-iniciais-para-a-safra-de-verao-2026-2027-no-rs\/#breadcrumb"},"inLanguage":"pt-BR","potentialAction":[{"@type":"ReadAction","target":["https:\/\/redelitoralrs.com\/index.php\/2026\/09\/02\/emater-divulga-estimativas-iniciais-para-a-safra-de-verao-2026-2027-no-rs\/"]}]},{"@type":"ImageObject","inLanguage":"pt-BR","@id":"https:\/\/redelitoralrs.com\/index.php\/2026\/09\/02\/emater-divulga-estimativas-iniciais-para-a-safra-de-verao-2026-2027-no-rs\/#primaryimage","url":"https:\/\/redelitoralrs.com\/wp-content\/uploads\/2026\/09\/WhatsApp-Image-2026-09-01-at-19.47.24.jpeg","contentUrl":"https:\/\/redelitoralrs.com\/wp-content\/uploads\/2026\/09\/WhatsApp-Image-2026-09-01-at-19.47.24.jpeg","width":800,"height":450,"caption":"Foto: Ascom Emater\/RS-Ascar"},{"@type":"BreadcrumbList","@id":"https:\/\/redelitoralrs.com\/index.php\/2026\/09\/02\/emater-divulga-estimativas-iniciais-para-a-safra-de-verao-2026-2027-no-rs\/#breadcrumb","itemListElement":[{"@type":"ListItem","position":1,"name":"In\u00edcio","item":"https:\/\/redelitoralrs.com\/"},{"@type":"ListItem","position":2,"name":"EMATER divulga estimativas iniciais para a safra de ver\u00e3o 2026\/2027 no RS"}]},{"@type":"WebSite","@id":"https:\/\/redelitoralrs.com\/#website","url":"https:\/\/redelitoralrs.com\/","name":"TV Litoral","description":"Acompanhe tudo do litoral ga\u00facho com a cobertura completa e atualizada da Rede Litoral RS. Nossos jornalistas trazem as \u00faltimas not\u00edcias, os acontecimentos mais quentes e as hist\u00f3rias que importam sobre nosso amado litoral.","publisher":{"@id":"https:\/\/redelitoralrs.com\/#organization"},"potentialAction":[{"@type":"SearchAction","target":{"@type":"EntryPoint","urlTemplate":"https:\/\/redelitoralrs.com\/?s={search_term_string}"},"query-input":{"@type":"PropertyValueSpecification","valueRequired":true,"valueName":"search_term_string"}}],"inLanguage":"pt-BR"},{"@type":"Organization","@id":"https:\/\/redelitoralrs.com\/#organization","name":"TV Litoral","url":"https:\/\/redelitoralrs.com\/","logo":{"@type":"ImageObject","inLanguage":"pt-BR","@id":"https:\/\/redelitoralrs.com\/#\/schema\/logo\/image\/","url":"https:\/\/redelitoralrs.com\/wp-content\/uploads\/2024\/01\/faviconicon-1-1.png","contentUrl":"https:\/\/redelitoralrs.com\/wp-content\/uploads\/2024\/01\/faviconicon-1-1.png","width":454,"height":454,"caption":"TV Litoral"},"image":{"@id":"https:\/\/redelitoralrs.com\/#\/schema\/logo\/image\/"},"sameAs":["https:\/\/www.facebook.com\/tvlitoralrsoficial","https:\/\/www.instagram.com\/tvlitoral.rs"]},{"@type":"Person","@id":"https:\/\/redelitoralrs.com\/#\/schema\/person\/9f8181f2a7359dd3986f05ebaf5bd68a","name":"Reda\u00e7\u00e3o TV Litoral","image":{"@type":"ImageObject","inLanguage":"pt-BR","@id":"https:\/\/redelitoralrs.com\/wp-content\/litespeed\/avatar\/779aafbb45e66c7f82733e21abb48259.jpg?ver=1787844022","url":"https:\/\/redelitoralrs.com\/wp-content\/litespeed\/avatar\/779aafbb45e66c7f82733e21abb48259.jpg?ver=1787844022","contentUrl":"https:\/\/redelitoralrs.com\/wp-content\/litespeed\/avatar\/779aafbb45e66c7f82733e21abb48259.jpg?ver=1787844022","caption":"Reda\u00e7\u00e3o TV Litoral"},"description":"A Rede Litoral de Comunica\u00e7\u00e3o \u00e9 um grupo de m\u00eddia multiplataforma do Litoral Norte do RS. Com atua\u00e7\u00e3o em TV, r\u00e1dio, portal e redes sociais, levamos informa\u00e7\u00e3o, conte\u00fado e entretenimento \u00e0 comunidade, fortalecendo a comunica\u00e7\u00e3o local e impulsionando o desenvolvimento regional. Acompanhe atrav\u00e9s de @redelitoralrs.","sameAs":["https:\/\/redelitoralrs.com","https:\/\/www.instagram.com\/redelitoralrs","https:\/\/www.youtube.com\/@redelitoralrs"],"url":"https:\/\/redelitoralrs.com\/index.php\/author\/redacaotvlitoral\/"}]}},"jetpack_publicize_connections":[],"jetpack_featured_media_url":"https:\/\/redelitoralrs.com\/wp-content\/uploads\/2026\/09\/WhatsApp-Image-2026-09-01-at-19.47.24.jpeg","jetpack_sharing_enabled":true,"_links":{"self":[{"href":"https:\/\/redelitoralrs.com\/index.php\/wp-json\/wp\/v2\/posts\/28371","targetHints":{"allow":["GET"]}}],"collection":[{"href":"https:\/\/redelitoralrs.com\/index.php\/wp-json\/wp\/v2\/posts"}],"about":[{"href":"https:\/\/redelitoralrs.com\/index.php\/wp-json\/wp\/v2\/types\/post"}],"author":[{"embeddable":true,"href":"https:\/\/redelitoralrs.com\/index.php\/wp-json\/wp\/v2\/users\/2"}],"replies":[{"embeddable":true,"href":"https:\/\/redelitoralrs.com\/index.php\/wp-json\/wp\/v2\/comments?post=28371"}],"version-history":[{"count":1,"href":"https:\/\/redelitoralrs.com\/index.php\/wp-json\/wp\/v2\/posts\/28371\/revisions"}],"predecessor-version":[{"id":28373,"href":"https:\/\/redelitoralrs.com\/index.php\/wp-json\/wp\/v2\/posts\/28371\/revisions\/28373"}],"wp:featuredmedia":[{"embeddable":true,"href":"https:\/\/redelitoralrs.com\/index.php\/wp-json\/wp\/v2\/media\/28372"}],"wp:attachment":[{"href":"https:\/\/redelitoralrs.com\/index.php\/wp-json\/wp\/v2\/media?parent=28371"}],"wp:term":[{"taxonomy":"category","embeddable":true,"href":"https:\/\/redelitoralrs.com\/index.php\/wp-json\/wp\/v2\/categories?post=28371"},{"taxonomy":"post_tag","embeddable":true,"href":"https:\/\/redelitoralrs.com\/index.php\/wp-json\/wp\/v2\/tags?post=28371"}],"curies":[{"name":"wp","href":"https:\/\/api.w.org\/{rel}","templated":true}]}}