{"id":28368,"date":"2026-09-02T09:21:00","date_gmt":"2026-09-02T12:21:00","guid":{"rendered":"https:\/\/redelitoralrs.com\/?p=28368"},"modified":"2026-09-02T09:21:02","modified_gmt":"2026-09-02T12:21:02","slug":"relatorio-da-pf-aponta-encontros-entre-dono-do-banco-master-e-alexandre-de-moraes","status":"publish","type":"post","link":"https:\/\/redelitoralrs.com\/index.php\/2026\/09\/02\/relatorio-da-pf-aponta-encontros-entre-dono-do-banco-master-e-alexandre-de-moraes\/","title":{"rendered":"Relat\u00f3rio da PF aponta encontros entre dono do Banco Master e Alexandre de Moraes"},"content":{"rendered":"\n<p class=\"wp-block-paragraph\">Um relat\u00f3rio da Pol\u00edcia Federal aponta uma s\u00e9rie de encontros entre Daniel Vorcaro, dono do Banco Master, e o ministro do Supremo Tribunal Federal Alexandre de Moraes entre 2024 e 2025.<\/p>\n\n\n\n<p class=\"wp-block-paragraph\">As informa\u00e7\u00f5es aparecem em mensagens extra\u00eddas do celular de Vorcaro, apreendido pela PF durante a Opera\u00e7\u00e3o Compliance Zero. O relat\u00f3rio se tornou p\u00fablico nesta ter\u00e7a-feira, ap\u00f3s o ministro Andr\u00e9 Mendon\u00e7a, relator do caso no STF, retirar o sigilo do documento.<\/p>\n\n\n\n<p class=\"wp-block-paragraph\">Segundo a PF, as conversas indicam reuni\u00f5es, jantares e encontros em diferentes locais, incluindo Bras\u00edlia, S\u00e3o Paulo e Campos do Jord\u00e3o.<\/p>\n\n\n\n<p class=\"wp-block-paragraph\">Entre os registros citados est\u00e1 uma conversa de mar\u00e7o de 2024, em que o ex-ministro das Comunica\u00e7\u00f5es F\u00e1bio Faria e Vorcaro tratam de um encontro com Moraes. Em abril daquele ano, Faria teria pedido o endere\u00e7o da resid\u00eancia do banqueiro em Bras\u00edlia para repass\u00e1-lo ao ministro.<\/p>\n\n\n\n<p class=\"wp-block-paragraph\">Outras mensagens, de novembro de 2024 a agosto de 2025, tamb\u00e9m fazem refer\u00eancia a encontros entre Vorcaro e Moraes. Em um dos registros, o banqueiro informa que estava com o ministro. Em outro, um motorista avisa sobre a chegada de Moraes \u00e0 resid\u00eancia de Vorcaro.<\/p>\n\n\n\n<p class=\"wp-block-paragraph\">O relat\u00f3rio tamb\u00e9m menciona um encontro em mar\u00e7o de 2025 que teria avan\u00e7ado pela madrugada, com a presen\u00e7a posterior de parlamentares e lideran\u00e7as pol\u00edticas.<\/p>\n\n\n\n<p class=\"wp-block-paragraph\">Al\u00e9m dos encontros, a PF descreve conversas relacionadas a eventos internacionais, entre eles o F\u00f3rum Jur\u00eddico de Londres, realizado em abril de 2024 e patrocinado pelo Banco Master. As mensagens tratam de convites a autoridades, programa\u00e7\u00e3o, log\u00edstica e transporte de ministros do STF.<\/p>\n\n\n\n<p class=\"wp-block-paragraph\">O material faz parte de um inqu\u00e9rito que investiga as rela\u00e7\u00f5es e a atua\u00e7\u00e3o de Daniel Vorcaro. O relat\u00f3rio foi encaminhado ao Supremo Tribunal Federal e tamb\u00e9m enviado para manifesta\u00e7\u00e3o da Procuradoria-Geral da Rep\u00fablica.<\/p>\n","protected":false},"excerpt":{"rendered":"<p>Um relat\u00f3rio da Pol\u00edcia Federal aponta uma s\u00e9rie de encontros entre Daniel Vorcaro, dono do Banco Master, e o ministro do Supremo Tribunal Federal Alexandre de Moraes entre 2024 e 2025. As informa\u00e7\u00f5es aparecem em mensagens extra\u00eddas do celular de Vorcaro, apreendido pela PF durante a Opera\u00e7\u00e3o Compliance Zero. O relat\u00f3rio se tornou p\u00fablico nesta [&hellip;]<\/p>\n","protected":false},"author":2,"featured_media":28369,"comment_status":"open","ping_status":"open","sticky":false,"template":"","format":"standard","meta":{"_themeisle_gutenberg_block_has_review":false,"_jetpack_newsletter_access":"","_jetpack_dont_email_post_to_subs":false,"_jetpack_newsletter_tier_id":0,"_jetpack_memberships_contains_paywalled_content":false,"_jetpack_feature_clip_id":0,"_jetpack_memberships_contains_paid_content":false,"footnotes":"","jetpack_publicize_message":"","jetpack_publicize_feature_enabled":true,"jetpack_social_post_already_shared":true,"jetpack_social_options":{"image_generator_settings":{"template":"highway","default_image_id":0,"font":"","enabled":false},"version":2},"jetpack_post_was_ever_published":false},"categories":[246,15],"tags":[],"class_list":["post-28368","post","type-post","status-publish","format-standard","has-post-thumbnail","hentry","category-brasil","category-noticias"],"yoast_head":"<!-- This site is optimized with the Yoast SEO plugin v28.1 - https:\/\/yoast.com\/product\/yoast-seo-wordpress\/ -->\n<title>Relat\u00f3rio da PF aponta encontros entre dono do Banco Master e Alexandre de Moraes - Rede Litoral RS<\/title>\n<meta name=\"description\" content=\"Um relat\u00f3rio da Pol\u00edcia Federal aponta uma s\u00e9rie de encontros entre Daniel Vorcaro, dono do Banco Master, e o ministro do Supremo Tribunal Federal Alexandre de Moraes entre 2024 e 2025.\" \/>\n<meta name=\"robots\" content=\"index, follow, max-snippet:-1, max-image-preview:large, max-video-preview:-1\" \/>\n<link rel=\"canonical\" href=\"https:\/\/redelitoralrs.com\/index.php\/2026\/09\/02\/relatorio-da-pf-aponta-encontros-entre-dono-do-banco-master-e-alexandre-de-moraes\/\" \/>\n<meta property=\"og:locale\" content=\"pt_BR\" \/>\n<meta property=\"og:type\" content=\"article\" \/>\n<meta property=\"og:title\" content=\"Relat\u00f3rio da PF aponta encontros entre dono do Banco Master e Alexandre de Moraes - Rede Litoral RS\" \/>\n<meta property=\"og:description\" content=\"Um relat\u00f3rio da Pol\u00edcia Federal aponta uma s\u00e9rie de encontros entre Daniel Vorcaro, dono do Banco Master, e o ministro do Supremo Tribunal Federal Alexandre de Moraes entre 2024 e 2025.\" \/>\n<meta property=\"og:url\" content=\"https:\/\/redelitoralrs.com\/index.php\/2026\/09\/02\/relatorio-da-pf-aponta-encontros-entre-dono-do-banco-master-e-alexandre-de-moraes\/\" \/>\n<meta property=\"og:site_name\" content=\"Rede Litoral RS\" \/>\n<meta property=\"article:publisher\" content=\"https:\/\/www.facebook.com\/tvlitoralrsoficial\" \/>\n<meta property=\"article:published_time\" content=\"2026-09-02T12:21:00+00:00\" \/>\n<meta property=\"article:modified_time\" content=\"2026-09-02T12:21:02+00:00\" \/>\n<meta property=\"og:image\" content=\"https:\/\/redelitoralrs.com\/wp-content\/uploads\/2026\/09\/moraes-e-vorcaro.webp\" \/>\n\t<meta property=\"og:image:width\" content=\"1200\" \/>\n\t<meta property=\"og:image:height\" content=\"900\" \/>\n\t<meta property=\"og:image:type\" content=\"image\/webp\" \/>\n<meta name=\"author\" content=\"Reda\u00e7\u00e3o TV Litoral\" \/>\n<meta name=\"twitter:card\" content=\"summary_large_image\" \/>\n<meta name=\"twitter:label1\" content=\"Escrito por\" \/>\n\t<meta name=\"twitter:data1\" content=\"Reda\u00e7\u00e3o TV Litoral\" \/>\n\t<meta name=\"twitter:label2\" content=\"Est. tempo de leitura\" \/>\n\t<meta name=\"twitter:data2\" content=\"2 minutos\" \/>\n<script type=\"application\/ld+json\" class=\"yoast-schema-graph\">{\"@context\":\"https:\\\/\\\/schema.org\",\"@graph\":[{\"@type\":\"Article\",\"@id\":\"https:\\\/\\\/redelitoralrs.com\\\/index.php\\\/2026\\\/09\\\/02\\\/relatorio-da-pf-aponta-encontros-entre-dono-do-banco-master-e-alexandre-de-moraes\\\/#article\",\"isPartOf\":{\"@id\":\"https:\\\/\\\/redelitoralrs.com\\\/index.php\\\/2026\\\/09\\\/02\\\/relatorio-da-pf-aponta-encontros-entre-dono-do-banco-master-e-alexandre-de-moraes\\\/\"},\"author\":{\"name\":\"Reda\u00e7\u00e3o TV Litoral\",\"@id\":\"https:\\\/\\\/redelitoralrs.com\\\/#\\\/schema\\\/person\\\/9f8181f2a7359dd3986f05ebaf5bd68a\"},\"headline\":\"Relat\u00f3rio da PF aponta encontros entre dono do Banco Master e Alexandre de Moraes\",\"datePublished\":\"2026-09-02T12:21:00+00:00\",\"dateModified\":\"2026-09-02T12:21:02+00:00\",\"mainEntityOfPage\":{\"@id\":\"https:\\\/\\\/redelitoralrs.com\\\/index.php\\\/2026\\\/09\\\/02\\\/relatorio-da-pf-aponta-encontros-entre-dono-do-banco-master-e-alexandre-de-moraes\\\/\"},\"wordCount\":335,\"commentCount\":0,\"publisher\":{\"@id\":\"https:\\\/\\\/redelitoralrs.com\\\/#organization\"},\"image\":{\"@id\":\"https:\\\/\\\/redelitoralrs.com\\\/index.php\\\/2026\\\/09\\\/02\\\/relatorio-da-pf-aponta-encontros-entre-dono-do-banco-master-e-alexandre-de-moraes\\\/#primaryimage\"},\"thumbnailUrl\":\"https:\\\/\\\/redelitoralrs.com\\\/wp-content\\\/uploads\\\/2026\\\/09\\\/moraes-e-vorcaro.webp\",\"articleSection\":[\"Brasil\",\"\u00daltimas not\u00edcias\"],\"inLanguage\":\"pt-BR\",\"potentialAction\":[{\"@type\":\"CommentAction\",\"name\":\"Comment\",\"target\":[\"https:\\\/\\\/redelitoralrs.com\\\/index.php\\\/2026\\\/09\\\/02\\\/relatorio-da-pf-aponta-encontros-entre-dono-do-banco-master-e-alexandre-de-moraes\\\/#respond\"]}]},{\"@type\":\"WebPage\",\"@id\":\"https:\\\/\\\/redelitoralrs.com\\\/index.php\\\/2026\\\/09\\\/02\\\/relatorio-da-pf-aponta-encontros-entre-dono-do-banco-master-e-alexandre-de-moraes\\\/\",\"url\":\"https:\\\/\\\/redelitoralrs.com\\\/index.php\\\/2026\\\/09\\\/02\\\/relatorio-da-pf-aponta-encontros-entre-dono-do-banco-master-e-alexandre-de-moraes\\\/\",\"name\":\"Relat\u00f3rio da PF aponta encontros entre dono do Banco Master e Alexandre de Moraes - Rede Litoral RS\",\"isPartOf\":{\"@id\":\"https:\\\/\\\/redelitoralrs.com\\\/#website\"},\"primaryImageOfPage\":{\"@id\":\"https:\\\/\\\/redelitoralrs.com\\\/index.php\\\/2026\\\/09\\\/02\\\/relatorio-da-pf-aponta-encontros-entre-dono-do-banco-master-e-alexandre-de-moraes\\\/#primaryimage\"},\"image\":{\"@id\":\"https:\\\/\\\/redelitoralrs.com\\\/index.php\\\/2026\\\/09\\\/02\\\/relatorio-da-pf-aponta-encontros-entre-dono-do-banco-master-e-alexandre-de-moraes\\\/#primaryimage\"},\"thumbnailUrl\":\"https:\\\/\\\/redelitoralrs.com\\\/wp-content\\\/uploads\\\/2026\\\/09\\\/moraes-e-vorcaro.webp\",\"datePublished\":\"2026-09-02T12:21:00+00:00\",\"dateModified\":\"2026-09-02T12:21:02+00:00\",\"description\":\"Um relat\u00f3rio da Pol\u00edcia Federal aponta uma s\u00e9rie de encontros entre Daniel Vorcaro, dono do Banco Master, e o ministro do Supremo Tribunal Federal Alexandre de Moraes entre 2024 e 2025.\",\"breadcrumb\":{\"@id\":\"https:\\\/\\\/redelitoralrs.com\\\/index.php\\\/2026\\\/09\\\/02\\\/relatorio-da-pf-aponta-encontros-entre-dono-do-banco-master-e-alexandre-de-moraes\\\/#breadcrumb\"},\"inLanguage\":\"pt-BR\",\"potentialAction\":[{\"@type\":\"ReadAction\",\"target\":[\"https:\\\/\\\/redelitoralrs.com\\\/index.php\\\/2026\\\/09\\\/02\\\/relatorio-da-pf-aponta-encontros-entre-dono-do-banco-master-e-alexandre-de-moraes\\\/\"]}]},{\"@type\":\"ImageObject\",\"inLanguage\":\"pt-BR\",\"@id\":\"https:\\\/\\\/redelitoralrs.com\\\/index.php\\\/2026\\\/09\\\/02\\\/relatorio-da-pf-aponta-encontros-entre-dono-do-banco-master-e-alexandre-de-moraes\\\/#primaryimage\",\"url\":\"https:\\\/\\\/redelitoralrs.com\\\/wp-content\\\/uploads\\\/2026\\\/09\\\/moraes-e-vorcaro.webp\",\"contentUrl\":\"https:\\\/\\\/redelitoralrs.com\\\/wp-content\\\/uploads\\\/2026\\\/09\\\/moraes-e-vorcaro.webp\",\"width\":1200,\"height\":900,\"caption\":\"Imagem: Reprodu\u00e7\u00e3o\"},{\"@type\":\"BreadcrumbList\",\"@id\":\"https:\\\/\\\/redelitoralrs.com\\\/index.php\\\/2026\\\/09\\\/02\\\/relatorio-da-pf-aponta-encontros-entre-dono-do-banco-master-e-alexandre-de-moraes\\\/#breadcrumb\",\"itemListElement\":[{\"@type\":\"ListItem\",\"position\":1,\"name\":\"In\u00edcio\",\"item\":\"https:\\\/\\\/redelitoralrs.com\\\/\"},{\"@type\":\"ListItem\",\"position\":2,\"name\":\"Relat\u00f3rio da PF aponta encontros entre dono do Banco Master e Alexandre de Moraes\"}]},{\"@type\":\"WebSite\",\"@id\":\"https:\\\/\\\/redelitoralrs.com\\\/#website\",\"url\":\"https:\\\/\\\/redelitoralrs.com\\\/\",\"name\":\"TV Litoral\",\"description\":\"Acompanhe tudo do litoral ga\u00facho com a cobertura completa e atualizada da Rede Litoral RS. Nossos jornalistas trazem as \u00faltimas not\u00edcias, os acontecimentos mais quentes e as hist\u00f3rias que importam sobre nosso amado litoral.\",\"publisher\":{\"@id\":\"https:\\\/\\\/redelitoralrs.com\\\/#organization\"},\"potentialAction\":[{\"@type\":\"SearchAction\",\"target\":{\"@type\":\"EntryPoint\",\"urlTemplate\":\"https:\\\/\\\/redelitoralrs.com\\\/?s={search_term_string}\"},\"query-input\":{\"@type\":\"PropertyValueSpecification\",\"valueRequired\":true,\"valueName\":\"search_term_string\"}}],\"inLanguage\":\"pt-BR\"},{\"@type\":\"Organization\",\"@id\":\"https:\\\/\\\/redelitoralrs.com\\\/#organization\",\"name\":\"TV Litoral\",\"url\":\"https:\\\/\\\/redelitoralrs.com\\\/\",\"logo\":{\"@type\":\"ImageObject\",\"inLanguage\":\"pt-BR\",\"@id\":\"https:\\\/\\\/redelitoralrs.com\\\/#\\\/schema\\\/logo\\\/image\\\/\",\"url\":\"https:\\\/\\\/redelitoralrs.com\\\/wp-content\\\/uploads\\\/2024\\\/01\\\/faviconicon-1-1.png\",\"contentUrl\":\"https:\\\/\\\/redelitoralrs.com\\\/wp-content\\\/uploads\\\/2024\\\/01\\\/faviconicon-1-1.png\",\"width\":454,\"height\":454,\"caption\":\"TV Litoral\"},\"image\":{\"@id\":\"https:\\\/\\\/redelitoralrs.com\\\/#\\\/schema\\\/logo\\\/image\\\/\"},\"sameAs\":[\"https:\\\/\\\/www.facebook.com\\\/tvlitoralrsoficial\",\"https:\\\/\\\/www.instagram.com\\\/tvlitoral.rs\"]},{\"@type\":\"Person\",\"@id\":\"https:\\\/\\\/redelitoralrs.com\\\/#\\\/schema\\\/person\\\/9f8181f2a7359dd3986f05ebaf5bd68a\",\"name\":\"Reda\u00e7\u00e3o TV Litoral\",\"image\":{\"@type\":\"ImageObject\",\"inLanguage\":\"pt-BR\",\"@id\":\"https:\\\/\\\/redelitoralrs.com\\\/wp-content\\\/litespeed\\\/avatar\\\/779aafbb45e66c7f82733e21abb48259.jpg?ver=1787844022\",\"url\":\"https:\\\/\\\/redelitoralrs.com\\\/wp-content\\\/litespeed\\\/avatar\\\/779aafbb45e66c7f82733e21abb48259.jpg?ver=1787844022\",\"contentUrl\":\"https:\\\/\\\/redelitoralrs.com\\\/wp-content\\\/litespeed\\\/avatar\\\/779aafbb45e66c7f82733e21abb48259.jpg?ver=1787844022\",\"caption\":\"Reda\u00e7\u00e3o TV Litoral\"},\"description\":\"A Rede Litoral de Comunica\u00e7\u00e3o \u00e9 um grupo de m\u00eddia multiplataforma do Litoral Norte do RS. Com atua\u00e7\u00e3o em TV, r\u00e1dio, portal e redes sociais, levamos informa\u00e7\u00e3o, conte\u00fado e entretenimento \u00e0 comunidade, fortalecendo a comunica\u00e7\u00e3o local e impulsionando o desenvolvimento regional. Acompanhe atrav\u00e9s de @redelitoralrs.\",\"sameAs\":[\"https:\\\/\\\/redelitoralrs.com\",\"https:\\\/\\\/www.instagram.com\\\/redelitoralrs\",\"https:\\\/\\\/www.youtube.com\\\/@redelitoralrs\"],\"url\":\"https:\\\/\\\/redelitoralrs.com\\\/index.php\\\/author\\\/redacaotvlitoral\\\/\"}]}<\/script>\n<!-- \/ Yoast SEO plugin. -->","yoast_head_json":{"title":"Relat\u00f3rio da PF aponta encontros entre dono do Banco Master e Alexandre de Moraes - Rede Litoral RS","description":"Um relat\u00f3rio da Pol\u00edcia Federal aponta uma s\u00e9rie de encontros entre Daniel Vorcaro, dono do Banco Master, e o ministro do Supremo Tribunal Federal Alexandre de Moraes entre 2024 e 2025.","robots":{"index":"index","follow":"follow","max-snippet":"max-snippet:-1","max-image-preview":"max-image-preview:large","max-video-preview":"max-video-preview:-1"},"canonical":"https:\/\/redelitoralrs.com\/index.php\/2026\/09\/02\/relatorio-da-pf-aponta-encontros-entre-dono-do-banco-master-e-alexandre-de-moraes\/","og_locale":"pt_BR","og_type":"article","og_title":"Relat\u00f3rio da PF aponta encontros entre dono do Banco Master e Alexandre de Moraes - Rede Litoral RS","og_description":"Um relat\u00f3rio da Pol\u00edcia Federal aponta uma s\u00e9rie de encontros entre Daniel Vorcaro, dono do Banco Master, e o ministro do Supremo Tribunal Federal Alexandre de Moraes entre 2024 e 2025.","og_url":"https:\/\/redelitoralrs.com\/index.php\/2026\/09\/02\/relatorio-da-pf-aponta-encontros-entre-dono-do-banco-master-e-alexandre-de-moraes\/","og_site_name":"Rede Litoral RS","article_publisher":"https:\/\/www.facebook.com\/tvlitoralrsoficial","article_published_time":"2026-09-02T12:21:00+00:00","article_modified_time":"2026-09-02T12:21:02+00:00","og_image":[{"width":1200,"height":900,"url":"https:\/\/redelitoralrs.com\/wp-content\/uploads\/2026\/09\/moraes-e-vorcaro.webp","type":"image\/webp"}],"author":"Reda\u00e7\u00e3o TV Litoral","twitter_card":"summary_large_image","twitter_misc":{"Escrito por":"Reda\u00e7\u00e3o TV Litoral","Est. tempo de leitura":"2 minutos"},"schema":{"@context":"https:\/\/schema.org","@graph":[{"@type":"Article","@id":"https:\/\/redelitoralrs.com\/index.php\/2026\/09\/02\/relatorio-da-pf-aponta-encontros-entre-dono-do-banco-master-e-alexandre-de-moraes\/#article","isPartOf":{"@id":"https:\/\/redelitoralrs.com\/index.php\/2026\/09\/02\/relatorio-da-pf-aponta-encontros-entre-dono-do-banco-master-e-alexandre-de-moraes\/"},"author":{"name":"Reda\u00e7\u00e3o TV Litoral","@id":"https:\/\/redelitoralrs.com\/#\/schema\/person\/9f8181f2a7359dd3986f05ebaf5bd68a"},"headline":"Relat\u00f3rio da PF aponta encontros entre dono do Banco Master e Alexandre de Moraes","datePublished":"2026-09-02T12:21:00+00:00","dateModified":"2026-09-02T12:21:02+00:00","mainEntityOfPage":{"@id":"https:\/\/redelitoralrs.com\/index.php\/2026\/09\/02\/relatorio-da-pf-aponta-encontros-entre-dono-do-banco-master-e-alexandre-de-moraes\/"},"wordCount":335,"commentCount":0,"publisher":{"@id":"https:\/\/redelitoralrs.com\/#organization"},"image":{"@id":"https:\/\/redelitoralrs.com\/index.php\/2026\/09\/02\/relatorio-da-pf-aponta-encontros-entre-dono-do-banco-master-e-alexandre-de-moraes\/#primaryimage"},"thumbnailUrl":"https:\/\/redelitoralrs.com\/wp-content\/uploads\/2026\/09\/moraes-e-vorcaro.webp","articleSection":["Brasil","\u00daltimas not\u00edcias"],"inLanguage":"pt-BR","potentialAction":[{"@type":"CommentAction","name":"Comment","target":["https:\/\/redelitoralrs.com\/index.php\/2026\/09\/02\/relatorio-da-pf-aponta-encontros-entre-dono-do-banco-master-e-alexandre-de-moraes\/#respond"]}]},{"@type":"WebPage","@id":"https:\/\/redelitoralrs.com\/index.php\/2026\/09\/02\/relatorio-da-pf-aponta-encontros-entre-dono-do-banco-master-e-alexandre-de-moraes\/","url":"https:\/\/redelitoralrs.com\/index.php\/2026\/09\/02\/relatorio-da-pf-aponta-encontros-entre-dono-do-banco-master-e-alexandre-de-moraes\/","name":"Relat\u00f3rio da PF aponta encontros entre dono do Banco Master e Alexandre de Moraes - Rede Litoral RS","isPartOf":{"@id":"https:\/\/redelitoralrs.com\/#website"},"primaryImageOfPage":{"@id":"https:\/\/redelitoralrs.com\/index.php\/2026\/09\/02\/relatorio-da-pf-aponta-encontros-entre-dono-do-banco-master-e-alexandre-de-moraes\/#primaryimage"},"image":{"@id":"https:\/\/redelitoralrs.com\/index.php\/2026\/09\/02\/relatorio-da-pf-aponta-encontros-entre-dono-do-banco-master-e-alexandre-de-moraes\/#primaryimage"},"thumbnailUrl":"https:\/\/redelitoralrs.com\/wp-content\/uploads\/2026\/09\/moraes-e-vorcaro.webp","datePublished":"2026-09-02T12:21:00+00:00","dateModified":"2026-09-02T12:21:02+00:00","description":"Um relat\u00f3rio da Pol\u00edcia Federal aponta uma s\u00e9rie de encontros entre Daniel Vorcaro, dono do Banco Master, e o ministro do Supremo Tribunal Federal Alexandre de Moraes entre 2024 e 2025.","breadcrumb":{"@id":"https:\/\/redelitoralrs.com\/index.php\/2026\/09\/02\/relatorio-da-pf-aponta-encontros-entre-dono-do-banco-master-e-alexandre-de-moraes\/#breadcrumb"},"inLanguage":"pt-BR","potentialAction":[{"@type":"ReadAction","target":["https:\/\/redelitoralrs.com\/index.php\/2026\/09\/02\/relatorio-da-pf-aponta-encontros-entre-dono-do-banco-master-e-alexandre-de-moraes\/"]}]},{"@type":"ImageObject","inLanguage":"pt-BR","@id":"https:\/\/redelitoralrs.com\/index.php\/2026\/09\/02\/relatorio-da-pf-aponta-encontros-entre-dono-do-banco-master-e-alexandre-de-moraes\/#primaryimage","url":"https:\/\/redelitoralrs.com\/wp-content\/uploads\/2026\/09\/moraes-e-vorcaro.webp","contentUrl":"https:\/\/redelitoralrs.com\/wp-content\/uploads\/2026\/09\/moraes-e-vorcaro.webp","width":1200,"height":900,"caption":"Imagem: Reprodu\u00e7\u00e3o"},{"@type":"BreadcrumbList","@id":"https:\/\/redelitoralrs.com\/index.php\/2026\/09\/02\/relatorio-da-pf-aponta-encontros-entre-dono-do-banco-master-e-alexandre-de-moraes\/#breadcrumb","itemListElement":[{"@type":"ListItem","position":1,"name":"In\u00edcio","item":"https:\/\/redelitoralrs.com\/"},{"@type":"ListItem","position":2,"name":"Relat\u00f3rio da PF aponta encontros entre dono do Banco Master e Alexandre de Moraes"}]},{"@type":"WebSite","@id":"https:\/\/redelitoralrs.com\/#website","url":"https:\/\/redelitoralrs.com\/","name":"TV Litoral","description":"Acompanhe tudo do litoral ga\u00facho com a cobertura completa e atualizada da Rede Litoral RS. Nossos jornalistas trazem as \u00faltimas not\u00edcias, os acontecimentos mais quentes e as hist\u00f3rias que importam sobre nosso amado litoral.","publisher":{"@id":"https:\/\/redelitoralrs.com\/#organization"},"potentialAction":[{"@type":"SearchAction","target":{"@type":"EntryPoint","urlTemplate":"https:\/\/redelitoralrs.com\/?s={search_term_string}"},"query-input":{"@type":"PropertyValueSpecification","valueRequired":true,"valueName":"search_term_string"}}],"inLanguage":"pt-BR"},{"@type":"Organization","@id":"https:\/\/redelitoralrs.com\/#organization","name":"TV Litoral","url":"https:\/\/redelitoralrs.com\/","logo":{"@type":"ImageObject","inLanguage":"pt-BR","@id":"https:\/\/redelitoralrs.com\/#\/schema\/logo\/image\/","url":"https:\/\/redelitoralrs.com\/wp-content\/uploads\/2024\/01\/faviconicon-1-1.png","contentUrl":"https:\/\/redelitoralrs.com\/wp-content\/uploads\/2024\/01\/faviconicon-1-1.png","width":454,"height":454,"caption":"TV Litoral"},"image":{"@id":"https:\/\/redelitoralrs.com\/#\/schema\/logo\/image\/"},"sameAs":["https:\/\/www.facebook.com\/tvlitoralrsoficial","https:\/\/www.instagram.com\/tvlitoral.rs"]},{"@type":"Person","@id":"https:\/\/redelitoralrs.com\/#\/schema\/person\/9f8181f2a7359dd3986f05ebaf5bd68a","name":"Reda\u00e7\u00e3o TV Litoral","image":{"@type":"ImageObject","inLanguage":"pt-BR","@id":"https:\/\/redelitoralrs.com\/wp-content\/litespeed\/avatar\/779aafbb45e66c7f82733e21abb48259.jpg?ver=1787844022","url":"https:\/\/redelitoralrs.com\/wp-content\/litespeed\/avatar\/779aafbb45e66c7f82733e21abb48259.jpg?ver=1787844022","contentUrl":"https:\/\/redelitoralrs.com\/wp-content\/litespeed\/avatar\/779aafbb45e66c7f82733e21abb48259.jpg?ver=1787844022","caption":"Reda\u00e7\u00e3o TV Litoral"},"description":"A Rede Litoral de Comunica\u00e7\u00e3o \u00e9 um grupo de m\u00eddia multiplataforma do Litoral Norte do RS. Com atua\u00e7\u00e3o em TV, r\u00e1dio, portal e redes sociais, levamos informa\u00e7\u00e3o, conte\u00fado e entretenimento \u00e0 comunidade, fortalecendo a comunica\u00e7\u00e3o local e impulsionando o desenvolvimento regional. Acompanhe atrav\u00e9s de @redelitoralrs.","sameAs":["https:\/\/redelitoralrs.com","https:\/\/www.instagram.com\/redelitoralrs","https:\/\/www.youtube.com\/@redelitoralrs"],"url":"https:\/\/redelitoralrs.com\/index.php\/author\/redacaotvlitoral\/"}]}},"jetpack_publicize_connections":[],"jetpack_featured_media_url":"https:\/\/redelitoralrs.com\/wp-content\/uploads\/2026\/09\/moraes-e-vorcaro.webp","jetpack_sharing_enabled":true,"_links":{"self":[{"href":"https:\/\/redelitoralrs.com\/index.php\/wp-json\/wp\/v2\/posts\/28368","targetHints":{"allow":["GET"]}}],"collection":[{"href":"https:\/\/redelitoralrs.com\/index.php\/wp-json\/wp\/v2\/posts"}],"about":[{"href":"https:\/\/redelitoralrs.com\/index.php\/wp-json\/wp\/v2\/types\/post"}],"author":[{"embeddable":true,"href":"https:\/\/redelitoralrs.com\/index.php\/wp-json\/wp\/v2\/users\/2"}],"replies":[{"embeddable":true,"href":"https:\/\/redelitoralrs.com\/index.php\/wp-json\/wp\/v2\/comments?post=28368"}],"version-history":[{"count":1,"href":"https:\/\/redelitoralrs.com\/index.php\/wp-json\/wp\/v2\/posts\/28368\/revisions"}],"predecessor-version":[{"id":28370,"href":"https:\/\/redelitoralrs.com\/index.php\/wp-json\/wp\/v2\/posts\/28368\/revisions\/28370"}],"wp:featuredmedia":[{"embeddable":true,"href":"https:\/\/redelitoralrs.com\/index.php\/wp-json\/wp\/v2\/media\/28369"}],"wp:attachment":[{"href":"https:\/\/redelitoralrs.com\/index.php\/wp-json\/wp\/v2\/media?parent=28368"}],"wp:term":[{"taxonomy":"category","embeddable":true,"href":"https:\/\/redelitoralrs.com\/index.php\/wp-json\/wp\/v2\/categories?post=28368"},{"taxonomy":"post_tag","embeddable":true,"href":"https:\/\/redelitoralrs.com\/index.php\/wp-json\/wp\/v2\/tags?post=28368"}],"curies":[{"name":"wp","href":"https:\/\/api.w.org\/{rel}","templated":true}]}}