{"id":28355,"date":"2026-09-01T11:49:29","date_gmt":"2026-09-01T14:49:29","guid":{"rendered":"https:\/\/redelitoralrs.com\/?p=28355"},"modified":"2026-09-01T11:49:29","modified_gmt":"2026-09-01T14:49:29","slug":"porto-alegre-discute-regras-para-entrega-voluntaria-de-bebes-para-adocao","status":"publish","type":"post","link":"https:\/\/redelitoralrs.com\/index.php\/2026\/09\/01\/porto-alegre-discute-regras-para-entrega-voluntaria-de-bebes-para-adocao\/","title":{"rendered":"Porto Alegre discute regras para entrega volunt\u00e1ria de beb\u00eas para ado\u00e7\u00e3o"},"content":{"rendered":"\n<p class=\"wp-block-paragraph\">A C\u00e2mara de Vereadores de Porto Alegre come\u00e7ou a discutir um projeto de lei que cria uma pol\u00edtica municipal para orientar e regulamentar o atendimento a mulheres que desejam entregar voluntariamente um beb\u00ea para ado\u00e7\u00e3o.<\/p>\n\n\n\n<p class=\"wp-block-paragraph\">A proposta prev\u00ea que a gestante ou m\u00e3e possa manifestar essa decis\u00e3o antes ou logo ap\u00f3s o nascimento, com atendimento em hospitais, maternidades, unidades de sa\u00fade, servi\u00e7os de assist\u00eancia social e conselhos tutelares.<\/p>\n\n\n\n<p class=\"wp-block-paragraph\">Entre as medidas previstas est\u00e3o sigilo sobre a identidade da m\u00e3e e da crian\u00e7a, acompanhamento psicol\u00f3gico e social e prote\u00e7\u00e3o contra constrangimento ou press\u00e3o para entregar o beb\u00ea diretamente a terceiros.<\/p>\n\n\n\n<p class=\"wp-block-paragraph\">O projeto tamb\u00e9m prev\u00ea campanhas de informa\u00e7\u00e3o, capacita\u00e7\u00e3o de profissionais das \u00e1reas de sa\u00fade, educa\u00e7\u00e3o e assist\u00eancia social e a instala\u00e7\u00e3o de placas nas unidades de sa\u00fade explicando que a entrega volunt\u00e1ria \u00e9 legal e sigilosa.<\/p>\n\n\n\n<p class=\"wp-block-paragraph\">A proposta ainda cria uma Semana Municipal de Conscientiza\u00e7\u00e3o sobre o tema, prevista para a \u00faltima semana de novembro.<\/p>\n\n\n\n<p class=\"wp-block-paragraph\">Segundo a justificativa apresentada, o objetivo \u00e9 ampliar o acesso \u00e0 informa\u00e7\u00e3o e evitar situa\u00e7\u00f5es de abandono de rec\u00e9m-nascidos, aborto inseguro e as chamadas \u201cado\u00e7\u00f5es \u00e0 brasileira\u201d, quando uma crian\u00e7a \u00e9 registrada ilegalmente como filha de outra pessoa.<\/p>\n","protected":false},"excerpt":{"rendered":"<p>A C\u00e2mara de Vereadores de Porto Alegre come\u00e7ou a discutir um projeto de lei que cria uma pol\u00edtica municipal para orientar e regulamentar o atendimento a mulheres que desejam entregar voluntariamente um beb\u00ea para ado\u00e7\u00e3o. A proposta prev\u00ea que a gestante ou m\u00e3e possa manifestar essa decis\u00e3o antes ou logo ap\u00f3s o nascimento, com atendimento [&hellip;]<\/p>\n","protected":false},"author":2,"featured_media":28356,"comment_status":"open","ping_status":"open","sticky":false,"template":"","format":"standard","meta":{"_themeisle_gutenberg_block_has_review":false,"_jetpack_newsletter_access":"","_jetpack_dont_email_post_to_subs":false,"_jetpack_newsletter_tier_id":0,"_jetpack_memberships_contains_paywalled_content":false,"_jetpack_feature_clip_id":0,"_jetpack_memberships_contains_paid_content":false,"footnotes":"","jetpack_publicize_message":"","jetpack_publicize_feature_enabled":true,"jetpack_social_post_already_shared":true,"jetpack_social_options":{"image_generator_settings":{"template":"highway","default_image_id":0,"font":"","enabled":false},"version":2},"jetpack_post_was_ever_published":false},"categories":[188,15],"tags":[],"class_list":["post-28355","post","type-post","status-publish","format-standard","has-post-thumbnail","hentry","category-rio-grande-do-sul","category-noticias"],"yoast_head":"<!-- This site is optimized with the Yoast SEO plugin v28.1 - https:\/\/yoast.com\/product\/yoast-seo-wordpress\/ -->\n<title>Porto Alegre discute regras para entrega volunt\u00e1ria de beb\u00eas para ado\u00e7\u00e3o - Rede Litoral RS<\/title>\n<meta name=\"description\" content=\"A C\u00e2mara de Vereadores de Porto Alegre come\u00e7ou a discutir um projeto de lei que cria uma pol\u00edtica municipal para orientar e regulamentar o atendimento a mulheres que desejam entregar voluntariamente um beb\u00ea para ado\u00e7\u00e3o.\" \/>\n<meta name=\"robots\" content=\"index, follow, max-snippet:-1, max-image-preview:large, max-video-preview:-1\" \/>\n<link rel=\"canonical\" href=\"https:\/\/redelitoralrs.com\/index.php\/2026\/09\/01\/porto-alegre-discute-regras-para-entrega-voluntaria-de-bebes-para-adocao\/\" \/>\n<meta property=\"og:locale\" content=\"pt_BR\" \/>\n<meta property=\"og:type\" content=\"article\" \/>\n<meta property=\"og:title\" content=\"Porto Alegre discute regras para entrega volunt\u00e1ria de beb\u00eas para ado\u00e7\u00e3o - Rede Litoral RS\" \/>\n<meta property=\"og:description\" content=\"A C\u00e2mara de Vereadores de Porto Alegre come\u00e7ou a discutir um projeto de lei que cria uma pol\u00edtica municipal para orientar e regulamentar o atendimento a mulheres que desejam entregar voluntariamente um beb\u00ea para ado\u00e7\u00e3o.\" \/>\n<meta property=\"og:url\" content=\"https:\/\/redelitoralrs.com\/index.php\/2026\/09\/01\/porto-alegre-discute-regras-para-entrega-voluntaria-de-bebes-para-adocao\/\" \/>\n<meta property=\"og:site_name\" content=\"Rede Litoral RS\" \/>\n<meta property=\"article:publisher\" content=\"https:\/\/www.facebook.com\/tvlitoralrsoficial\" \/>\n<meta property=\"article:published_time\" content=\"2026-09-01T14:49:29+00:00\" \/>\n<meta property=\"og:image\" content=\"https:\/\/redelitoralrs.com\/wp-content\/uploads\/2026\/09\/WhatsApp-Image-2026-09-01-at-08.40.55.jpeg\" \/>\n\t<meta property=\"og:image:width\" content=\"860\" \/>\n\t<meta property=\"og:image:height\" content=\"584\" \/>\n\t<meta property=\"og:image:type\" content=\"image\/jpeg\" \/>\n<meta name=\"author\" content=\"Reda\u00e7\u00e3o TV Litoral\" \/>\n<meta name=\"twitter:card\" content=\"summary_large_image\" \/>\n<meta name=\"twitter:label1\" content=\"Escrito por\" \/>\n\t<meta name=\"twitter:data1\" content=\"Reda\u00e7\u00e3o TV Litoral\" \/>\n\t<meta name=\"twitter:label2\" content=\"Est. tempo de leitura\" \/>\n\t<meta name=\"twitter:data2\" content=\"2 minutos\" \/>\n<script type=\"application\/ld+json\" class=\"yoast-schema-graph\">{\"@context\":\"https:\\\/\\\/schema.org\",\"@graph\":[{\"@type\":\"Article\",\"@id\":\"https:\\\/\\\/redelitoralrs.com\\\/index.php\\\/2026\\\/09\\\/01\\\/porto-alegre-discute-regras-para-entrega-voluntaria-de-bebes-para-adocao\\\/#article\",\"isPartOf\":{\"@id\":\"https:\\\/\\\/redelitoralrs.com\\\/index.php\\\/2026\\\/09\\\/01\\\/porto-alegre-discute-regras-para-entrega-voluntaria-de-bebes-para-adocao\\\/\"},\"author\":{\"name\":\"Reda\u00e7\u00e3o TV Litoral\",\"@id\":\"https:\\\/\\\/redelitoralrs.com\\\/#\\\/schema\\\/person\\\/9f8181f2a7359dd3986f05ebaf5bd68a\"},\"headline\":\"Porto Alegre discute regras para entrega volunt\u00e1ria de beb\u00eas para ado\u00e7\u00e3o\",\"datePublished\":\"2026-09-01T14:49:29+00:00\",\"mainEntityOfPage\":{\"@id\":\"https:\\\/\\\/redelitoralrs.com\\\/index.php\\\/2026\\\/09\\\/01\\\/porto-alegre-discute-regras-para-entrega-voluntaria-de-bebes-para-adocao\\\/\"},\"wordCount\":232,\"commentCount\":0,\"publisher\":{\"@id\":\"https:\\\/\\\/redelitoralrs.com\\\/#organization\"},\"image\":{\"@id\":\"https:\\\/\\\/redelitoralrs.com\\\/index.php\\\/2026\\\/09\\\/01\\\/porto-alegre-discute-regras-para-entrega-voluntaria-de-bebes-para-adocao\\\/#primaryimage\"},\"thumbnailUrl\":\"https:\\\/\\\/redelitoralrs.com\\\/wp-content\\\/uploads\\\/2026\\\/09\\\/WhatsApp-Image-2026-09-01-at-08.40.55.jpeg\",\"articleSection\":[\"Rio Grande do Sul\",\"\u00daltimas not\u00edcias\"],\"inLanguage\":\"pt-BR\",\"potentialAction\":[{\"@type\":\"CommentAction\",\"name\":\"Comment\",\"target\":[\"https:\\\/\\\/redelitoralrs.com\\\/index.php\\\/2026\\\/09\\\/01\\\/porto-alegre-discute-regras-para-entrega-voluntaria-de-bebes-para-adocao\\\/#respond\"]}]},{\"@type\":\"WebPage\",\"@id\":\"https:\\\/\\\/redelitoralrs.com\\\/index.php\\\/2026\\\/09\\\/01\\\/porto-alegre-discute-regras-para-entrega-voluntaria-de-bebes-para-adocao\\\/\",\"url\":\"https:\\\/\\\/redelitoralrs.com\\\/index.php\\\/2026\\\/09\\\/01\\\/porto-alegre-discute-regras-para-entrega-voluntaria-de-bebes-para-adocao\\\/\",\"name\":\"Porto Alegre discute regras para entrega volunt\u00e1ria de beb\u00eas para ado\u00e7\u00e3o - Rede Litoral RS\",\"isPartOf\":{\"@id\":\"https:\\\/\\\/redelitoralrs.com\\\/#website\"},\"primaryImageOfPage\":{\"@id\":\"https:\\\/\\\/redelitoralrs.com\\\/index.php\\\/2026\\\/09\\\/01\\\/porto-alegre-discute-regras-para-entrega-voluntaria-de-bebes-para-adocao\\\/#primaryimage\"},\"image\":{\"@id\":\"https:\\\/\\\/redelitoralrs.com\\\/index.php\\\/2026\\\/09\\\/01\\\/porto-alegre-discute-regras-para-entrega-voluntaria-de-bebes-para-adocao\\\/#primaryimage\"},\"thumbnailUrl\":\"https:\\\/\\\/redelitoralrs.com\\\/wp-content\\\/uploads\\\/2026\\\/09\\\/WhatsApp-Image-2026-09-01-at-08.40.55.jpeg\",\"datePublished\":\"2026-09-01T14:49:29+00:00\",\"description\":\"A C\u00e2mara de Vereadores de Porto Alegre come\u00e7ou a discutir um projeto de lei que cria uma pol\u00edtica municipal para orientar e regulamentar o atendimento a mulheres que desejam entregar voluntariamente um beb\u00ea para ado\u00e7\u00e3o.\",\"breadcrumb\":{\"@id\":\"https:\\\/\\\/redelitoralrs.com\\\/index.php\\\/2026\\\/09\\\/01\\\/porto-alegre-discute-regras-para-entrega-voluntaria-de-bebes-para-adocao\\\/#breadcrumb\"},\"inLanguage\":\"pt-BR\",\"potentialAction\":[{\"@type\":\"ReadAction\",\"target\":[\"https:\\\/\\\/redelitoralrs.com\\\/index.php\\\/2026\\\/09\\\/01\\\/porto-alegre-discute-regras-para-entrega-voluntaria-de-bebes-para-adocao\\\/\"]}]},{\"@type\":\"ImageObject\",\"inLanguage\":\"pt-BR\",\"@id\":\"https:\\\/\\\/redelitoralrs.com\\\/index.php\\\/2026\\\/09\\\/01\\\/porto-alegre-discute-regras-para-entrega-voluntaria-de-bebes-para-adocao\\\/#primaryimage\",\"url\":\"https:\\\/\\\/redelitoralrs.com\\\/wp-content\\\/uploads\\\/2026\\\/09\\\/WhatsApp-Image-2026-09-01-at-08.40.55.jpeg\",\"contentUrl\":\"https:\\\/\\\/redelitoralrs.com\\\/wp-content\\\/uploads\\\/2026\\\/09\\\/WhatsApp-Image-2026-09-01-at-08.40.55.jpeg\",\"width\":860,\"height\":584,\"caption\":\"Foto: Reprodu\u00e7\u00e3o\"},{\"@type\":\"BreadcrumbList\",\"@id\":\"https:\\\/\\\/redelitoralrs.com\\\/index.php\\\/2026\\\/09\\\/01\\\/porto-alegre-discute-regras-para-entrega-voluntaria-de-bebes-para-adocao\\\/#breadcrumb\",\"itemListElement\":[{\"@type\":\"ListItem\",\"position\":1,\"name\":\"In\u00edcio\",\"item\":\"https:\\\/\\\/redelitoralrs.com\\\/\"},{\"@type\":\"ListItem\",\"position\":2,\"name\":\"Porto Alegre discute regras para entrega volunt\u00e1ria de beb\u00eas para ado\u00e7\u00e3o\"}]},{\"@type\":\"WebSite\",\"@id\":\"https:\\\/\\\/redelitoralrs.com\\\/#website\",\"url\":\"https:\\\/\\\/redelitoralrs.com\\\/\",\"name\":\"TV Litoral\",\"description\":\"Acompanhe tudo do litoral ga\u00facho com a cobertura completa e atualizada da Rede Litoral RS. Nossos jornalistas trazem as \u00faltimas not\u00edcias, os acontecimentos mais quentes e as hist\u00f3rias que importam sobre nosso amado litoral.\",\"publisher\":{\"@id\":\"https:\\\/\\\/redelitoralrs.com\\\/#organization\"},\"potentialAction\":[{\"@type\":\"SearchAction\",\"target\":{\"@type\":\"EntryPoint\",\"urlTemplate\":\"https:\\\/\\\/redelitoralrs.com\\\/?s={search_term_string}\"},\"query-input\":{\"@type\":\"PropertyValueSpecification\",\"valueRequired\":true,\"valueName\":\"search_term_string\"}}],\"inLanguage\":\"pt-BR\"},{\"@type\":\"Organization\",\"@id\":\"https:\\\/\\\/redelitoralrs.com\\\/#organization\",\"name\":\"TV Litoral\",\"url\":\"https:\\\/\\\/redelitoralrs.com\\\/\",\"logo\":{\"@type\":\"ImageObject\",\"inLanguage\":\"pt-BR\",\"@id\":\"https:\\\/\\\/redelitoralrs.com\\\/#\\\/schema\\\/logo\\\/image\\\/\",\"url\":\"https:\\\/\\\/redelitoralrs.com\\\/wp-content\\\/uploads\\\/2024\\\/01\\\/faviconicon-1-1.png\",\"contentUrl\":\"https:\\\/\\\/redelitoralrs.com\\\/wp-content\\\/uploads\\\/2024\\\/01\\\/faviconicon-1-1.png\",\"width\":454,\"height\":454,\"caption\":\"TV Litoral\"},\"image\":{\"@id\":\"https:\\\/\\\/redelitoralrs.com\\\/#\\\/schema\\\/logo\\\/image\\\/\"},\"sameAs\":[\"https:\\\/\\\/www.facebook.com\\\/tvlitoralrsoficial\",\"https:\\\/\\\/www.instagram.com\\\/tvlitoral.rs\"]},{\"@type\":\"Person\",\"@id\":\"https:\\\/\\\/redelitoralrs.com\\\/#\\\/schema\\\/person\\\/9f8181f2a7359dd3986f05ebaf5bd68a\",\"name\":\"Reda\u00e7\u00e3o TV Litoral\",\"image\":{\"@type\":\"ImageObject\",\"inLanguage\":\"pt-BR\",\"@id\":\"https:\\\/\\\/redelitoralrs.com\\\/wp-content\\\/litespeed\\\/avatar\\\/779aafbb45e66c7f82733e21abb48259.jpg?ver=1787844022\",\"url\":\"https:\\\/\\\/redelitoralrs.com\\\/wp-content\\\/litespeed\\\/avatar\\\/779aafbb45e66c7f82733e21abb48259.jpg?ver=1787844022\",\"contentUrl\":\"https:\\\/\\\/redelitoralrs.com\\\/wp-content\\\/litespeed\\\/avatar\\\/779aafbb45e66c7f82733e21abb48259.jpg?ver=1787844022\",\"caption\":\"Reda\u00e7\u00e3o TV Litoral\"},\"description\":\"A Rede Litoral de Comunica\u00e7\u00e3o \u00e9 um grupo de m\u00eddia multiplataforma do Litoral Norte do RS. Com atua\u00e7\u00e3o em TV, r\u00e1dio, portal e redes sociais, levamos informa\u00e7\u00e3o, conte\u00fado e entretenimento \u00e0 comunidade, fortalecendo a comunica\u00e7\u00e3o local e impulsionando o desenvolvimento regional. Acompanhe atrav\u00e9s de @redelitoralrs.\",\"sameAs\":[\"https:\\\/\\\/redelitoralrs.com\",\"https:\\\/\\\/www.instagram.com\\\/redelitoralrs\",\"https:\\\/\\\/www.youtube.com\\\/@redelitoralrs\"],\"url\":\"https:\\\/\\\/redelitoralrs.com\\\/index.php\\\/author\\\/redacaotvlitoral\\\/\"}]}<\/script>\n<!-- \/ Yoast SEO plugin. -->","yoast_head_json":{"title":"Porto Alegre discute regras para entrega volunt\u00e1ria de beb\u00eas para ado\u00e7\u00e3o - Rede Litoral RS","description":"A C\u00e2mara de Vereadores de Porto Alegre come\u00e7ou a discutir um projeto de lei que cria uma pol\u00edtica municipal para orientar e regulamentar o atendimento a mulheres que desejam entregar voluntariamente um beb\u00ea para ado\u00e7\u00e3o.","robots":{"index":"index","follow":"follow","max-snippet":"max-snippet:-1","max-image-preview":"max-image-preview:large","max-video-preview":"max-video-preview:-1"},"canonical":"https:\/\/redelitoralrs.com\/index.php\/2026\/09\/01\/porto-alegre-discute-regras-para-entrega-voluntaria-de-bebes-para-adocao\/","og_locale":"pt_BR","og_type":"article","og_title":"Porto Alegre discute regras para entrega volunt\u00e1ria de beb\u00eas para ado\u00e7\u00e3o - Rede Litoral RS","og_description":"A C\u00e2mara de Vereadores de Porto Alegre come\u00e7ou a discutir um projeto de lei que cria uma pol\u00edtica municipal para orientar e regulamentar o atendimento a mulheres que desejam entregar voluntariamente um beb\u00ea para ado\u00e7\u00e3o.","og_url":"https:\/\/redelitoralrs.com\/index.php\/2026\/09\/01\/porto-alegre-discute-regras-para-entrega-voluntaria-de-bebes-para-adocao\/","og_site_name":"Rede Litoral RS","article_publisher":"https:\/\/www.facebook.com\/tvlitoralrsoficial","article_published_time":"2026-09-01T14:49:29+00:00","og_image":[{"width":860,"height":584,"url":"https:\/\/redelitoralrs.com\/wp-content\/uploads\/2026\/09\/WhatsApp-Image-2026-09-01-at-08.40.55.jpeg","type":"image\/jpeg"}],"author":"Reda\u00e7\u00e3o TV Litoral","twitter_card":"summary_large_image","twitter_misc":{"Escrito por":"Reda\u00e7\u00e3o TV Litoral","Est. tempo de leitura":"2 minutos"},"schema":{"@context":"https:\/\/schema.org","@graph":[{"@type":"Article","@id":"https:\/\/redelitoralrs.com\/index.php\/2026\/09\/01\/porto-alegre-discute-regras-para-entrega-voluntaria-de-bebes-para-adocao\/#article","isPartOf":{"@id":"https:\/\/redelitoralrs.com\/index.php\/2026\/09\/01\/porto-alegre-discute-regras-para-entrega-voluntaria-de-bebes-para-adocao\/"},"author":{"name":"Reda\u00e7\u00e3o TV Litoral","@id":"https:\/\/redelitoralrs.com\/#\/schema\/person\/9f8181f2a7359dd3986f05ebaf5bd68a"},"headline":"Porto Alegre discute regras para entrega volunt\u00e1ria de beb\u00eas para ado\u00e7\u00e3o","datePublished":"2026-09-01T14:49:29+00:00","mainEntityOfPage":{"@id":"https:\/\/redelitoralrs.com\/index.php\/2026\/09\/01\/porto-alegre-discute-regras-para-entrega-voluntaria-de-bebes-para-adocao\/"},"wordCount":232,"commentCount":0,"publisher":{"@id":"https:\/\/redelitoralrs.com\/#organization"},"image":{"@id":"https:\/\/redelitoralrs.com\/index.php\/2026\/09\/01\/porto-alegre-discute-regras-para-entrega-voluntaria-de-bebes-para-adocao\/#primaryimage"},"thumbnailUrl":"https:\/\/redelitoralrs.com\/wp-content\/uploads\/2026\/09\/WhatsApp-Image-2026-09-01-at-08.40.55.jpeg","articleSection":["Rio Grande do Sul","\u00daltimas not\u00edcias"],"inLanguage":"pt-BR","potentialAction":[{"@type":"CommentAction","name":"Comment","target":["https:\/\/redelitoralrs.com\/index.php\/2026\/09\/01\/porto-alegre-discute-regras-para-entrega-voluntaria-de-bebes-para-adocao\/#respond"]}]},{"@type":"WebPage","@id":"https:\/\/redelitoralrs.com\/index.php\/2026\/09\/01\/porto-alegre-discute-regras-para-entrega-voluntaria-de-bebes-para-adocao\/","url":"https:\/\/redelitoralrs.com\/index.php\/2026\/09\/01\/porto-alegre-discute-regras-para-entrega-voluntaria-de-bebes-para-adocao\/","name":"Porto Alegre discute regras para entrega volunt\u00e1ria de beb\u00eas para ado\u00e7\u00e3o - Rede Litoral RS","isPartOf":{"@id":"https:\/\/redelitoralrs.com\/#website"},"primaryImageOfPage":{"@id":"https:\/\/redelitoralrs.com\/index.php\/2026\/09\/01\/porto-alegre-discute-regras-para-entrega-voluntaria-de-bebes-para-adocao\/#primaryimage"},"image":{"@id":"https:\/\/redelitoralrs.com\/index.php\/2026\/09\/01\/porto-alegre-discute-regras-para-entrega-voluntaria-de-bebes-para-adocao\/#primaryimage"},"thumbnailUrl":"https:\/\/redelitoralrs.com\/wp-content\/uploads\/2026\/09\/WhatsApp-Image-2026-09-01-at-08.40.55.jpeg","datePublished":"2026-09-01T14:49:29+00:00","description":"A C\u00e2mara de Vereadores de Porto Alegre come\u00e7ou a discutir um projeto de lei que cria uma pol\u00edtica municipal para orientar e regulamentar o atendimento a mulheres que desejam entregar voluntariamente um beb\u00ea para ado\u00e7\u00e3o.","breadcrumb":{"@id":"https:\/\/redelitoralrs.com\/index.php\/2026\/09\/01\/porto-alegre-discute-regras-para-entrega-voluntaria-de-bebes-para-adocao\/#breadcrumb"},"inLanguage":"pt-BR","potentialAction":[{"@type":"ReadAction","target":["https:\/\/redelitoralrs.com\/index.php\/2026\/09\/01\/porto-alegre-discute-regras-para-entrega-voluntaria-de-bebes-para-adocao\/"]}]},{"@type":"ImageObject","inLanguage":"pt-BR","@id":"https:\/\/redelitoralrs.com\/index.php\/2026\/09\/01\/porto-alegre-discute-regras-para-entrega-voluntaria-de-bebes-para-adocao\/#primaryimage","url":"https:\/\/redelitoralrs.com\/wp-content\/uploads\/2026\/09\/WhatsApp-Image-2026-09-01-at-08.40.55.jpeg","contentUrl":"https:\/\/redelitoralrs.com\/wp-content\/uploads\/2026\/09\/WhatsApp-Image-2026-09-01-at-08.40.55.jpeg","width":860,"height":584,"caption":"Foto: Reprodu\u00e7\u00e3o"},{"@type":"BreadcrumbList","@id":"https:\/\/redelitoralrs.com\/index.php\/2026\/09\/01\/porto-alegre-discute-regras-para-entrega-voluntaria-de-bebes-para-adocao\/#breadcrumb","itemListElement":[{"@type":"ListItem","position":1,"name":"In\u00edcio","item":"https:\/\/redelitoralrs.com\/"},{"@type":"ListItem","position":2,"name":"Porto Alegre discute regras para entrega volunt\u00e1ria de beb\u00eas para ado\u00e7\u00e3o"}]},{"@type":"WebSite","@id":"https:\/\/redelitoralrs.com\/#website","url":"https:\/\/redelitoralrs.com\/","name":"TV Litoral","description":"Acompanhe tudo do litoral ga\u00facho com a cobertura completa e atualizada da Rede Litoral RS. Nossos jornalistas trazem as \u00faltimas not\u00edcias, os acontecimentos mais quentes e as hist\u00f3rias que importam sobre nosso amado litoral.","publisher":{"@id":"https:\/\/redelitoralrs.com\/#organization"},"potentialAction":[{"@type":"SearchAction","target":{"@type":"EntryPoint","urlTemplate":"https:\/\/redelitoralrs.com\/?s={search_term_string}"},"query-input":{"@type":"PropertyValueSpecification","valueRequired":true,"valueName":"search_term_string"}}],"inLanguage":"pt-BR"},{"@type":"Organization","@id":"https:\/\/redelitoralrs.com\/#organization","name":"TV Litoral","url":"https:\/\/redelitoralrs.com\/","logo":{"@type":"ImageObject","inLanguage":"pt-BR","@id":"https:\/\/redelitoralrs.com\/#\/schema\/logo\/image\/","url":"https:\/\/redelitoralrs.com\/wp-content\/uploads\/2024\/01\/faviconicon-1-1.png","contentUrl":"https:\/\/redelitoralrs.com\/wp-content\/uploads\/2024\/01\/faviconicon-1-1.png","width":454,"height":454,"caption":"TV Litoral"},"image":{"@id":"https:\/\/redelitoralrs.com\/#\/schema\/logo\/image\/"},"sameAs":["https:\/\/www.facebook.com\/tvlitoralrsoficial","https:\/\/www.instagram.com\/tvlitoral.rs"]},{"@type":"Person","@id":"https:\/\/redelitoralrs.com\/#\/schema\/person\/9f8181f2a7359dd3986f05ebaf5bd68a","name":"Reda\u00e7\u00e3o TV Litoral","image":{"@type":"ImageObject","inLanguage":"pt-BR","@id":"https:\/\/redelitoralrs.com\/wp-content\/litespeed\/avatar\/779aafbb45e66c7f82733e21abb48259.jpg?ver=1787844022","url":"https:\/\/redelitoralrs.com\/wp-content\/litespeed\/avatar\/779aafbb45e66c7f82733e21abb48259.jpg?ver=1787844022","contentUrl":"https:\/\/redelitoralrs.com\/wp-content\/litespeed\/avatar\/779aafbb45e66c7f82733e21abb48259.jpg?ver=1787844022","caption":"Reda\u00e7\u00e3o TV Litoral"},"description":"A Rede Litoral de Comunica\u00e7\u00e3o \u00e9 um grupo de m\u00eddia multiplataforma do Litoral Norte do RS. Com atua\u00e7\u00e3o em TV, r\u00e1dio, portal e redes sociais, levamos informa\u00e7\u00e3o, conte\u00fado e entretenimento \u00e0 comunidade, fortalecendo a comunica\u00e7\u00e3o local e impulsionando o desenvolvimento regional. Acompanhe atrav\u00e9s de @redelitoralrs.","sameAs":["https:\/\/redelitoralrs.com","https:\/\/www.instagram.com\/redelitoralrs","https:\/\/www.youtube.com\/@redelitoralrs"],"url":"https:\/\/redelitoralrs.com\/index.php\/author\/redacaotvlitoral\/"}]}},"jetpack_publicize_connections":[],"jetpack_featured_media_url":"https:\/\/redelitoralrs.com\/wp-content\/uploads\/2026\/09\/WhatsApp-Image-2026-09-01-at-08.40.55.jpeg","jetpack_sharing_enabled":true,"_links":{"self":[{"href":"https:\/\/redelitoralrs.com\/index.php\/wp-json\/wp\/v2\/posts\/28355","targetHints":{"allow":["GET"]}}],"collection":[{"href":"https:\/\/redelitoralrs.com\/index.php\/wp-json\/wp\/v2\/posts"}],"about":[{"href":"https:\/\/redelitoralrs.com\/index.php\/wp-json\/wp\/v2\/types\/post"}],"author":[{"embeddable":true,"href":"https:\/\/redelitoralrs.com\/index.php\/wp-json\/wp\/v2\/users\/2"}],"replies":[{"embeddable":true,"href":"https:\/\/redelitoralrs.com\/index.php\/wp-json\/wp\/v2\/comments?post=28355"}],"version-history":[{"count":1,"href":"https:\/\/redelitoralrs.com\/index.php\/wp-json\/wp\/v2\/posts\/28355\/revisions"}],"predecessor-version":[{"id":28357,"href":"https:\/\/redelitoralrs.com\/index.php\/wp-json\/wp\/v2\/posts\/28355\/revisions\/28357"}],"wp:featuredmedia":[{"embeddable":true,"href":"https:\/\/redelitoralrs.com\/index.php\/wp-json\/wp\/v2\/media\/28356"}],"wp:attachment":[{"href":"https:\/\/redelitoralrs.com\/index.php\/wp-json\/wp\/v2\/media?parent=28355"}],"wp:term":[{"taxonomy":"category","embeddable":true,"href":"https:\/\/redelitoralrs.com\/index.php\/wp-json\/wp\/v2\/categories?post=28355"},{"taxonomy":"post_tag","embeddable":true,"href":"https:\/\/redelitoralrs.com\/index.php\/wp-json\/wp\/v2\/tags?post=28355"}],"curies":[{"name":"wp","href":"https:\/\/api.w.org\/{rel}","templated":true}]}}