{"id":28331,"date":"2026-08-31T10:04:01","date_gmt":"2026-08-31T13:04:01","guid":{"rendered":"https:\/\/redelitoralrs.com\/?p=28331"},"modified":"2026-08-31T10:04:02","modified_gmt":"2026-08-31T13:04:02","slug":"setembro-amarelo-tera-acoes-de-informacao-e-acolhimento-em-arroio-do-sal","status":"publish","type":"post","link":"https:\/\/redelitoralrs.com\/index.php\/2026\/08\/31\/setembro-amarelo-tera-acoes-de-informacao-e-acolhimento-em-arroio-do-sal\/","title":{"rendered":"Setembro Amarelo ter\u00e1 a\u00e7\u00f5es de informa\u00e7\u00e3o e acolhimento em Arroio do Sal"},"content":{"rendered":"\n<p class=\"wp-block-paragraph\">A Secretaria Municipal da Sa\u00fade de Arroio do Sal prepara uma programa\u00e7\u00e3o especial para o Setembro Amarelo, m\u00eas dedicado \u00e0 valoriza\u00e7\u00e3o da vida e \u00e0 preven\u00e7\u00e3o do suic\u00eddio.<\/p>\n\n\n\n<p class=\"wp-block-paragraph\">As atividades ser\u00e3o realizadas pela AMENT, o Ambulat\u00f3rio Especializado em Sa\u00fade Mental, em diferentes pontos do munic\u00edpio, com a\u00e7\u00f5es de conscientiza\u00e7\u00e3o, orienta\u00e7\u00e3o e acolhimento.<\/p>\n\n\n\n<p class=\"wp-block-paragraph\">A programa\u00e7\u00e3o come\u00e7a nesta ter\u00e7a-feira, dia 1\u00ba, com visitas aos postos de sa\u00fade e \u00e0s secretarias municipais. As equipes v\u00e3o distribuir materiais informativos e orientar servidores sobre a identifica\u00e7\u00e3o de sinais de sofrimento emocional e situa\u00e7\u00f5es que possam exigir aten\u00e7\u00e3o.<\/p>\n\n\n\n<p class=\"wp-block-paragraph\">Entre os dias 8 e 11, a Barraca do Abra\u00e7o ser\u00e1 montada em frente \u00e0 Policl\u00ednica, com m\u00fasica ao vivo, distribui\u00e7\u00e3o de folders e sementes de girassol.<\/p>\n\n\n\n<p class=\"wp-block-paragraph\">Na semana de 14 a 18 de setembro, as a\u00e7\u00f5es ser\u00e3o realizadas junto aos grupos do CRAS, promovendo conversas sobre sa\u00fade mental e valoriza\u00e7\u00e3o da vida.<\/p>\n\n\n\n<p class=\"wp-block-paragraph\">J\u00e1 entre os dias 21 e 25, a AMENT ter\u00e1 atendimento de demanda espont\u00e2nea, oferecendo escuta, acolhimento e orienta\u00e7\u00f5es em sa\u00fade mental.<\/p>\n\n\n\n<p class=\"wp-block-paragraph\">A psic\u00f3loga e coordenadora da AMENT, Sabrina Paniz, destaca que o objetivo \u00e9 ampliar o di\u00e1logo sobre sa\u00fade mental e mostrar \u00e0 popula\u00e7\u00e3o que buscar ajuda tamb\u00e9m faz parte do cuidado com a vida.<\/p>\n","protected":false},"excerpt":{"rendered":"<p>A Secretaria Municipal da Sa\u00fade de Arroio do Sal prepara uma programa\u00e7\u00e3o especial para o Setembro Amarelo, m\u00eas dedicado \u00e0 valoriza\u00e7\u00e3o da vida e \u00e0 preven\u00e7\u00e3o do suic\u00eddio. As atividades ser\u00e3o realizadas pela AMENT, o Ambulat\u00f3rio Especializado em Sa\u00fade Mental, em diferentes pontos do munic\u00edpio, com a\u00e7\u00f5es de conscientiza\u00e7\u00e3o, orienta\u00e7\u00e3o e acolhimento. A programa\u00e7\u00e3o come\u00e7a [&hellip;]<\/p>\n","protected":false},"author":2,"featured_media":28332,"comment_status":"open","ping_status":"open","sticky":false,"template":"","format":"standard","meta":{"_themeisle_gutenberg_block_has_review":false,"_jetpack_newsletter_access":"","_jetpack_dont_email_post_to_subs":false,"_jetpack_newsletter_tier_id":0,"_jetpack_memberships_contains_paywalled_content":false,"_jetpack_feature_clip_id":0,"_jetpack_memberships_contains_paid_content":false,"footnotes":"","jetpack_publicize_message":"","jetpack_publicize_feature_enabled":true,"jetpack_social_post_already_shared":true,"jetpack_social_options":{"image_generator_settings":{"template":"highway","default_image_id":0,"font":"","enabled":false},"version":2},"jetpack_post_was_ever_published":false},"categories":[29,15],"tags":[],"class_list":["post-28331","post","type-post","status-publish","format-standard","has-post-thumbnail","hentry","category-arroio-do-sal","category-noticias"],"yoast_head":"<!-- This site is optimized with the Yoast SEO plugin v28.1 - https:\/\/yoast.com\/product\/yoast-seo-wordpress\/ -->\n<title>Setembro Amarelo ter\u00e1 a\u00e7\u00f5es de informa\u00e7\u00e3o e acolhimento em Arroio do Sal - Rede Litoral RS<\/title>\n<meta name=\"description\" content=\"A Secretaria Municipal da Sa\u00fade de Arroio do Sal prepara uma programa\u00e7\u00e3o especial para o Setembro Amarelo, m\u00eas dedicado \u00e0 valoriza\u00e7\u00e3o da vida e \u00e0 preven\u00e7\u00e3o do suic\u00eddio.\" \/>\n<meta name=\"robots\" content=\"index, follow, max-snippet:-1, max-image-preview:large, max-video-preview:-1\" \/>\n<link rel=\"canonical\" href=\"https:\/\/redelitoralrs.com\/index.php\/2026\/08\/31\/setembro-amarelo-tera-acoes-de-informacao-e-acolhimento-em-arroio-do-sal\/\" \/>\n<meta property=\"og:locale\" content=\"pt_BR\" \/>\n<meta property=\"og:type\" content=\"article\" \/>\n<meta property=\"og:title\" content=\"Setembro Amarelo ter\u00e1 a\u00e7\u00f5es de informa\u00e7\u00e3o e acolhimento em Arroio do Sal - Rede Litoral RS\" \/>\n<meta property=\"og:description\" content=\"A Secretaria Municipal da Sa\u00fade de Arroio do Sal prepara uma programa\u00e7\u00e3o especial para o Setembro Amarelo, m\u00eas dedicado \u00e0 valoriza\u00e7\u00e3o da vida e \u00e0 preven\u00e7\u00e3o do suic\u00eddio.\" \/>\n<meta property=\"og:url\" content=\"https:\/\/redelitoralrs.com\/index.php\/2026\/08\/31\/setembro-amarelo-tera-acoes-de-informacao-e-acolhimento-em-arroio-do-sal\/\" \/>\n<meta property=\"og:site_name\" content=\"Rede Litoral RS\" \/>\n<meta property=\"article:publisher\" content=\"https:\/\/www.facebook.com\/tvlitoralrsoficial\" \/>\n<meta property=\"article:published_time\" content=\"2026-08-31T13:04:01+00:00\" \/>\n<meta property=\"article:modified_time\" content=\"2026-08-31T13:04:02+00:00\" \/>\n<meta property=\"og:image\" content=\"https:\/\/redelitoralrs.com\/wp-content\/uploads\/2026\/08\/materia_set_amarelo.png\" \/>\n\t<meta property=\"og:image:width\" content=\"908\" \/>\n\t<meta property=\"og:image:height\" content=\"561\" \/>\n\t<meta property=\"og:image:type\" content=\"image\/png\" \/>\n<meta name=\"author\" content=\"Reda\u00e7\u00e3o TV Litoral\" \/>\n<meta name=\"twitter:card\" content=\"summary_large_image\" \/>\n<meta name=\"twitter:label1\" content=\"Escrito por\" \/>\n\t<meta name=\"twitter:data1\" content=\"Reda\u00e7\u00e3o TV Litoral\" \/>\n\t<meta name=\"twitter:label2\" content=\"Est. tempo de leitura\" \/>\n\t<meta name=\"twitter:data2\" content=\"2 minutos\" \/>\n<script type=\"application\/ld+json\" class=\"yoast-schema-graph\">{\"@context\":\"https:\\\/\\\/schema.org\",\"@graph\":[{\"@type\":\"Article\",\"@id\":\"https:\\\/\\\/redelitoralrs.com\\\/index.php\\\/2026\\\/08\\\/31\\\/setembro-amarelo-tera-acoes-de-informacao-e-acolhimento-em-arroio-do-sal\\\/#article\",\"isPartOf\":{\"@id\":\"https:\\\/\\\/redelitoralrs.com\\\/index.php\\\/2026\\\/08\\\/31\\\/setembro-amarelo-tera-acoes-de-informacao-e-acolhimento-em-arroio-do-sal\\\/\"},\"author\":{\"name\":\"Reda\u00e7\u00e3o TV Litoral\",\"@id\":\"https:\\\/\\\/redelitoralrs.com\\\/#\\\/schema\\\/person\\\/9f8181f2a7359dd3986f05ebaf5bd68a\"},\"headline\":\"Setembro Amarelo ter\u00e1 a\u00e7\u00f5es de informa\u00e7\u00e3o e acolhimento em Arroio do Sal\",\"datePublished\":\"2026-08-31T13:04:01+00:00\",\"dateModified\":\"2026-08-31T13:04:02+00:00\",\"mainEntityOfPage\":{\"@id\":\"https:\\\/\\\/redelitoralrs.com\\\/index.php\\\/2026\\\/08\\\/31\\\/setembro-amarelo-tera-acoes-de-informacao-e-acolhimento-em-arroio-do-sal\\\/\"},\"wordCount\":240,\"commentCount\":0,\"publisher\":{\"@id\":\"https:\\\/\\\/redelitoralrs.com\\\/#organization\"},\"image\":{\"@id\":\"https:\\\/\\\/redelitoralrs.com\\\/index.php\\\/2026\\\/08\\\/31\\\/setembro-amarelo-tera-acoes-de-informacao-e-acolhimento-em-arroio-do-sal\\\/#primaryimage\"},\"thumbnailUrl\":\"https:\\\/\\\/redelitoralrs.com\\\/wp-content\\\/uploads\\\/2026\\\/08\\\/materia_set_amarelo.png\",\"articleSection\":[\"Arroio do Sal\",\"\u00daltimas not\u00edcias\"],\"inLanguage\":\"pt-BR\",\"potentialAction\":[{\"@type\":\"CommentAction\",\"name\":\"Comment\",\"target\":[\"https:\\\/\\\/redelitoralrs.com\\\/index.php\\\/2026\\\/08\\\/31\\\/setembro-amarelo-tera-acoes-de-informacao-e-acolhimento-em-arroio-do-sal\\\/#respond\"]}]},{\"@type\":\"WebPage\",\"@id\":\"https:\\\/\\\/redelitoralrs.com\\\/index.php\\\/2026\\\/08\\\/31\\\/setembro-amarelo-tera-acoes-de-informacao-e-acolhimento-em-arroio-do-sal\\\/\",\"url\":\"https:\\\/\\\/redelitoralrs.com\\\/index.php\\\/2026\\\/08\\\/31\\\/setembro-amarelo-tera-acoes-de-informacao-e-acolhimento-em-arroio-do-sal\\\/\",\"name\":\"Setembro Amarelo ter\u00e1 a\u00e7\u00f5es de informa\u00e7\u00e3o e acolhimento em Arroio do Sal - Rede Litoral RS\",\"isPartOf\":{\"@id\":\"https:\\\/\\\/redelitoralrs.com\\\/#website\"},\"primaryImageOfPage\":{\"@id\":\"https:\\\/\\\/redelitoralrs.com\\\/index.php\\\/2026\\\/08\\\/31\\\/setembro-amarelo-tera-acoes-de-informacao-e-acolhimento-em-arroio-do-sal\\\/#primaryimage\"},\"image\":{\"@id\":\"https:\\\/\\\/redelitoralrs.com\\\/index.php\\\/2026\\\/08\\\/31\\\/setembro-amarelo-tera-acoes-de-informacao-e-acolhimento-em-arroio-do-sal\\\/#primaryimage\"},\"thumbnailUrl\":\"https:\\\/\\\/redelitoralrs.com\\\/wp-content\\\/uploads\\\/2026\\\/08\\\/materia_set_amarelo.png\",\"datePublished\":\"2026-08-31T13:04:01+00:00\",\"dateModified\":\"2026-08-31T13:04:02+00:00\",\"description\":\"A Secretaria Municipal da Sa\u00fade de Arroio do Sal prepara uma programa\u00e7\u00e3o especial para o Setembro Amarelo, m\u00eas dedicado \u00e0 valoriza\u00e7\u00e3o da vida e \u00e0 preven\u00e7\u00e3o do suic\u00eddio.\",\"breadcrumb\":{\"@id\":\"https:\\\/\\\/redelitoralrs.com\\\/index.php\\\/2026\\\/08\\\/31\\\/setembro-amarelo-tera-acoes-de-informacao-e-acolhimento-em-arroio-do-sal\\\/#breadcrumb\"},\"inLanguage\":\"pt-BR\",\"potentialAction\":[{\"@type\":\"ReadAction\",\"target\":[\"https:\\\/\\\/redelitoralrs.com\\\/index.php\\\/2026\\\/08\\\/31\\\/setembro-amarelo-tera-acoes-de-informacao-e-acolhimento-em-arroio-do-sal\\\/\"]}]},{\"@type\":\"ImageObject\",\"inLanguage\":\"pt-BR\",\"@id\":\"https:\\\/\\\/redelitoralrs.com\\\/index.php\\\/2026\\\/08\\\/31\\\/setembro-amarelo-tera-acoes-de-informacao-e-acolhimento-em-arroio-do-sal\\\/#primaryimage\",\"url\":\"https:\\\/\\\/redelitoralrs.com\\\/wp-content\\\/uploads\\\/2026\\\/08\\\/materia_set_amarelo.png\",\"contentUrl\":\"https:\\\/\\\/redelitoralrs.com\\\/wp-content\\\/uploads\\\/2026\\\/08\\\/materia_set_amarelo.png\",\"width\":908,\"height\":561,\"caption\":\"Imagem: Ascom\\\/PMAS\"},{\"@type\":\"BreadcrumbList\",\"@id\":\"https:\\\/\\\/redelitoralrs.com\\\/index.php\\\/2026\\\/08\\\/31\\\/setembro-amarelo-tera-acoes-de-informacao-e-acolhimento-em-arroio-do-sal\\\/#breadcrumb\",\"itemListElement\":[{\"@type\":\"ListItem\",\"position\":1,\"name\":\"In\u00edcio\",\"item\":\"https:\\\/\\\/redelitoralrs.com\\\/\"},{\"@type\":\"ListItem\",\"position\":2,\"name\":\"Setembro Amarelo ter\u00e1 a\u00e7\u00f5es de informa\u00e7\u00e3o e acolhimento em Arroio do Sal\"}]},{\"@type\":\"WebSite\",\"@id\":\"https:\\\/\\\/redelitoralrs.com\\\/#website\",\"url\":\"https:\\\/\\\/redelitoralrs.com\\\/\",\"name\":\"TV Litoral\",\"description\":\"Acompanhe tudo do litoral ga\u00facho com a cobertura completa e atualizada da Rede Litoral RS. Nossos jornalistas trazem as \u00faltimas not\u00edcias, os acontecimentos mais quentes e as hist\u00f3rias que importam sobre nosso amado litoral.\",\"publisher\":{\"@id\":\"https:\\\/\\\/redelitoralrs.com\\\/#organization\"},\"potentialAction\":[{\"@type\":\"SearchAction\",\"target\":{\"@type\":\"EntryPoint\",\"urlTemplate\":\"https:\\\/\\\/redelitoralrs.com\\\/?s={search_term_string}\"},\"query-input\":{\"@type\":\"PropertyValueSpecification\",\"valueRequired\":true,\"valueName\":\"search_term_string\"}}],\"inLanguage\":\"pt-BR\"},{\"@type\":\"Organization\",\"@id\":\"https:\\\/\\\/redelitoralrs.com\\\/#organization\",\"name\":\"TV Litoral\",\"url\":\"https:\\\/\\\/redelitoralrs.com\\\/\",\"logo\":{\"@type\":\"ImageObject\",\"inLanguage\":\"pt-BR\",\"@id\":\"https:\\\/\\\/redelitoralrs.com\\\/#\\\/schema\\\/logo\\\/image\\\/\",\"url\":\"https:\\\/\\\/redelitoralrs.com\\\/wp-content\\\/uploads\\\/2024\\\/01\\\/faviconicon-1-1.png\",\"contentUrl\":\"https:\\\/\\\/redelitoralrs.com\\\/wp-content\\\/uploads\\\/2024\\\/01\\\/faviconicon-1-1.png\",\"width\":454,\"height\":454,\"caption\":\"TV Litoral\"},\"image\":{\"@id\":\"https:\\\/\\\/redelitoralrs.com\\\/#\\\/schema\\\/logo\\\/image\\\/\"},\"sameAs\":[\"https:\\\/\\\/www.facebook.com\\\/tvlitoralrsoficial\",\"https:\\\/\\\/www.instagram.com\\\/tvlitoral.rs\"]},{\"@type\":\"Person\",\"@id\":\"https:\\\/\\\/redelitoralrs.com\\\/#\\\/schema\\\/person\\\/9f8181f2a7359dd3986f05ebaf5bd68a\",\"name\":\"Reda\u00e7\u00e3o TV Litoral\",\"image\":{\"@type\":\"ImageObject\",\"inLanguage\":\"pt-BR\",\"@id\":\"https:\\\/\\\/redelitoralrs.com\\\/wp-content\\\/litespeed\\\/avatar\\\/779aafbb45e66c7f82733e21abb48259.jpg?ver=1787844022\",\"url\":\"https:\\\/\\\/redelitoralrs.com\\\/wp-content\\\/litespeed\\\/avatar\\\/779aafbb45e66c7f82733e21abb48259.jpg?ver=1787844022\",\"contentUrl\":\"https:\\\/\\\/redelitoralrs.com\\\/wp-content\\\/litespeed\\\/avatar\\\/779aafbb45e66c7f82733e21abb48259.jpg?ver=1787844022\",\"caption\":\"Reda\u00e7\u00e3o TV Litoral\"},\"description\":\"A Rede Litoral de Comunica\u00e7\u00e3o \u00e9 um grupo de m\u00eddia multiplataforma do Litoral Norte do RS. Com atua\u00e7\u00e3o em TV, r\u00e1dio, portal e redes sociais, levamos informa\u00e7\u00e3o, conte\u00fado e entretenimento \u00e0 comunidade, fortalecendo a comunica\u00e7\u00e3o local e impulsionando o desenvolvimento regional. Acompanhe atrav\u00e9s de @redelitoralrs.\",\"sameAs\":[\"https:\\\/\\\/redelitoralrs.com\",\"https:\\\/\\\/www.instagram.com\\\/redelitoralrs\",\"https:\\\/\\\/www.youtube.com\\\/@redelitoralrs\"],\"url\":\"https:\\\/\\\/redelitoralrs.com\\\/index.php\\\/author\\\/redacaotvlitoral\\\/\"}]}<\/script>\n<!-- \/ Yoast SEO plugin. -->","yoast_head_json":{"title":"Setembro Amarelo ter\u00e1 a\u00e7\u00f5es de informa\u00e7\u00e3o e acolhimento em Arroio do Sal - Rede Litoral RS","description":"A Secretaria Municipal da Sa\u00fade de Arroio do Sal prepara uma programa\u00e7\u00e3o especial para o Setembro Amarelo, m\u00eas dedicado \u00e0 valoriza\u00e7\u00e3o da vida e \u00e0 preven\u00e7\u00e3o do suic\u00eddio.","robots":{"index":"index","follow":"follow","max-snippet":"max-snippet:-1","max-image-preview":"max-image-preview:large","max-video-preview":"max-video-preview:-1"},"canonical":"https:\/\/redelitoralrs.com\/index.php\/2026\/08\/31\/setembro-amarelo-tera-acoes-de-informacao-e-acolhimento-em-arroio-do-sal\/","og_locale":"pt_BR","og_type":"article","og_title":"Setembro Amarelo ter\u00e1 a\u00e7\u00f5es de informa\u00e7\u00e3o e acolhimento em Arroio do Sal - Rede Litoral RS","og_description":"A Secretaria Municipal da Sa\u00fade de Arroio do Sal prepara uma programa\u00e7\u00e3o especial para o Setembro Amarelo, m\u00eas dedicado \u00e0 valoriza\u00e7\u00e3o da vida e \u00e0 preven\u00e7\u00e3o do suic\u00eddio.","og_url":"https:\/\/redelitoralrs.com\/index.php\/2026\/08\/31\/setembro-amarelo-tera-acoes-de-informacao-e-acolhimento-em-arroio-do-sal\/","og_site_name":"Rede Litoral RS","article_publisher":"https:\/\/www.facebook.com\/tvlitoralrsoficial","article_published_time":"2026-08-31T13:04:01+00:00","article_modified_time":"2026-08-31T13:04:02+00:00","og_image":[{"width":908,"height":561,"url":"https:\/\/redelitoralrs.com\/wp-content\/uploads\/2026\/08\/materia_set_amarelo.png","type":"image\/png"}],"author":"Reda\u00e7\u00e3o TV Litoral","twitter_card":"summary_large_image","twitter_misc":{"Escrito por":"Reda\u00e7\u00e3o TV Litoral","Est. tempo de leitura":"2 minutos"},"schema":{"@context":"https:\/\/schema.org","@graph":[{"@type":"Article","@id":"https:\/\/redelitoralrs.com\/index.php\/2026\/08\/31\/setembro-amarelo-tera-acoes-de-informacao-e-acolhimento-em-arroio-do-sal\/#article","isPartOf":{"@id":"https:\/\/redelitoralrs.com\/index.php\/2026\/08\/31\/setembro-amarelo-tera-acoes-de-informacao-e-acolhimento-em-arroio-do-sal\/"},"author":{"name":"Reda\u00e7\u00e3o TV Litoral","@id":"https:\/\/redelitoralrs.com\/#\/schema\/person\/9f8181f2a7359dd3986f05ebaf5bd68a"},"headline":"Setembro Amarelo ter\u00e1 a\u00e7\u00f5es de informa\u00e7\u00e3o e acolhimento em Arroio do Sal","datePublished":"2026-08-31T13:04:01+00:00","dateModified":"2026-08-31T13:04:02+00:00","mainEntityOfPage":{"@id":"https:\/\/redelitoralrs.com\/index.php\/2026\/08\/31\/setembro-amarelo-tera-acoes-de-informacao-e-acolhimento-em-arroio-do-sal\/"},"wordCount":240,"commentCount":0,"publisher":{"@id":"https:\/\/redelitoralrs.com\/#organization"},"image":{"@id":"https:\/\/redelitoralrs.com\/index.php\/2026\/08\/31\/setembro-amarelo-tera-acoes-de-informacao-e-acolhimento-em-arroio-do-sal\/#primaryimage"},"thumbnailUrl":"https:\/\/redelitoralrs.com\/wp-content\/uploads\/2026\/08\/materia_set_amarelo.png","articleSection":["Arroio do Sal","\u00daltimas not\u00edcias"],"inLanguage":"pt-BR","potentialAction":[{"@type":"CommentAction","name":"Comment","target":["https:\/\/redelitoralrs.com\/index.php\/2026\/08\/31\/setembro-amarelo-tera-acoes-de-informacao-e-acolhimento-em-arroio-do-sal\/#respond"]}]},{"@type":"WebPage","@id":"https:\/\/redelitoralrs.com\/index.php\/2026\/08\/31\/setembro-amarelo-tera-acoes-de-informacao-e-acolhimento-em-arroio-do-sal\/","url":"https:\/\/redelitoralrs.com\/index.php\/2026\/08\/31\/setembro-amarelo-tera-acoes-de-informacao-e-acolhimento-em-arroio-do-sal\/","name":"Setembro Amarelo ter\u00e1 a\u00e7\u00f5es de informa\u00e7\u00e3o e acolhimento em Arroio do Sal - Rede Litoral RS","isPartOf":{"@id":"https:\/\/redelitoralrs.com\/#website"},"primaryImageOfPage":{"@id":"https:\/\/redelitoralrs.com\/index.php\/2026\/08\/31\/setembro-amarelo-tera-acoes-de-informacao-e-acolhimento-em-arroio-do-sal\/#primaryimage"},"image":{"@id":"https:\/\/redelitoralrs.com\/index.php\/2026\/08\/31\/setembro-amarelo-tera-acoes-de-informacao-e-acolhimento-em-arroio-do-sal\/#primaryimage"},"thumbnailUrl":"https:\/\/redelitoralrs.com\/wp-content\/uploads\/2026\/08\/materia_set_amarelo.png","datePublished":"2026-08-31T13:04:01+00:00","dateModified":"2026-08-31T13:04:02+00:00","description":"A Secretaria Municipal da Sa\u00fade de Arroio do Sal prepara uma programa\u00e7\u00e3o especial para o Setembro Amarelo, m\u00eas dedicado \u00e0 valoriza\u00e7\u00e3o da vida e \u00e0 preven\u00e7\u00e3o do suic\u00eddio.","breadcrumb":{"@id":"https:\/\/redelitoralrs.com\/index.php\/2026\/08\/31\/setembro-amarelo-tera-acoes-de-informacao-e-acolhimento-em-arroio-do-sal\/#breadcrumb"},"inLanguage":"pt-BR","potentialAction":[{"@type":"ReadAction","target":["https:\/\/redelitoralrs.com\/index.php\/2026\/08\/31\/setembro-amarelo-tera-acoes-de-informacao-e-acolhimento-em-arroio-do-sal\/"]}]},{"@type":"ImageObject","inLanguage":"pt-BR","@id":"https:\/\/redelitoralrs.com\/index.php\/2026\/08\/31\/setembro-amarelo-tera-acoes-de-informacao-e-acolhimento-em-arroio-do-sal\/#primaryimage","url":"https:\/\/redelitoralrs.com\/wp-content\/uploads\/2026\/08\/materia_set_amarelo.png","contentUrl":"https:\/\/redelitoralrs.com\/wp-content\/uploads\/2026\/08\/materia_set_amarelo.png","width":908,"height":561,"caption":"Imagem: Ascom\/PMAS"},{"@type":"BreadcrumbList","@id":"https:\/\/redelitoralrs.com\/index.php\/2026\/08\/31\/setembro-amarelo-tera-acoes-de-informacao-e-acolhimento-em-arroio-do-sal\/#breadcrumb","itemListElement":[{"@type":"ListItem","position":1,"name":"In\u00edcio","item":"https:\/\/redelitoralrs.com\/"},{"@type":"ListItem","position":2,"name":"Setembro Amarelo ter\u00e1 a\u00e7\u00f5es de informa\u00e7\u00e3o e acolhimento em Arroio do Sal"}]},{"@type":"WebSite","@id":"https:\/\/redelitoralrs.com\/#website","url":"https:\/\/redelitoralrs.com\/","name":"TV Litoral","description":"Acompanhe tudo do litoral ga\u00facho com a cobertura completa e atualizada da Rede Litoral RS. Nossos jornalistas trazem as \u00faltimas not\u00edcias, os acontecimentos mais quentes e as hist\u00f3rias que importam sobre nosso amado litoral.","publisher":{"@id":"https:\/\/redelitoralrs.com\/#organization"},"potentialAction":[{"@type":"SearchAction","target":{"@type":"EntryPoint","urlTemplate":"https:\/\/redelitoralrs.com\/?s={search_term_string}"},"query-input":{"@type":"PropertyValueSpecification","valueRequired":true,"valueName":"search_term_string"}}],"inLanguage":"pt-BR"},{"@type":"Organization","@id":"https:\/\/redelitoralrs.com\/#organization","name":"TV Litoral","url":"https:\/\/redelitoralrs.com\/","logo":{"@type":"ImageObject","inLanguage":"pt-BR","@id":"https:\/\/redelitoralrs.com\/#\/schema\/logo\/image\/","url":"https:\/\/redelitoralrs.com\/wp-content\/uploads\/2024\/01\/faviconicon-1-1.png","contentUrl":"https:\/\/redelitoralrs.com\/wp-content\/uploads\/2024\/01\/faviconicon-1-1.png","width":454,"height":454,"caption":"TV Litoral"},"image":{"@id":"https:\/\/redelitoralrs.com\/#\/schema\/logo\/image\/"},"sameAs":["https:\/\/www.facebook.com\/tvlitoralrsoficial","https:\/\/www.instagram.com\/tvlitoral.rs"]},{"@type":"Person","@id":"https:\/\/redelitoralrs.com\/#\/schema\/person\/9f8181f2a7359dd3986f05ebaf5bd68a","name":"Reda\u00e7\u00e3o TV Litoral","image":{"@type":"ImageObject","inLanguage":"pt-BR","@id":"https:\/\/redelitoralrs.com\/wp-content\/litespeed\/avatar\/779aafbb45e66c7f82733e21abb48259.jpg?ver=1787844022","url":"https:\/\/redelitoralrs.com\/wp-content\/litespeed\/avatar\/779aafbb45e66c7f82733e21abb48259.jpg?ver=1787844022","contentUrl":"https:\/\/redelitoralrs.com\/wp-content\/litespeed\/avatar\/779aafbb45e66c7f82733e21abb48259.jpg?ver=1787844022","caption":"Reda\u00e7\u00e3o TV Litoral"},"description":"A Rede Litoral de Comunica\u00e7\u00e3o \u00e9 um grupo de m\u00eddia multiplataforma do Litoral Norte do RS. Com atua\u00e7\u00e3o em TV, r\u00e1dio, portal e redes sociais, levamos informa\u00e7\u00e3o, conte\u00fado e entretenimento \u00e0 comunidade, fortalecendo a comunica\u00e7\u00e3o local e impulsionando o desenvolvimento regional. Acompanhe atrav\u00e9s de @redelitoralrs.","sameAs":["https:\/\/redelitoralrs.com","https:\/\/www.instagram.com\/redelitoralrs","https:\/\/www.youtube.com\/@redelitoralrs"],"url":"https:\/\/redelitoralrs.com\/index.php\/author\/redacaotvlitoral\/"}]}},"jetpack_publicize_connections":[],"jetpack_featured_media_url":"https:\/\/redelitoralrs.com\/wp-content\/uploads\/2026\/08\/materia_set_amarelo.png","jetpack_sharing_enabled":true,"_links":{"self":[{"href":"https:\/\/redelitoralrs.com\/index.php\/wp-json\/wp\/v2\/posts\/28331","targetHints":{"allow":["GET"]}}],"collection":[{"href":"https:\/\/redelitoralrs.com\/index.php\/wp-json\/wp\/v2\/posts"}],"about":[{"href":"https:\/\/redelitoralrs.com\/index.php\/wp-json\/wp\/v2\/types\/post"}],"author":[{"embeddable":true,"href":"https:\/\/redelitoralrs.com\/index.php\/wp-json\/wp\/v2\/users\/2"}],"replies":[{"embeddable":true,"href":"https:\/\/redelitoralrs.com\/index.php\/wp-json\/wp\/v2\/comments?post=28331"}],"version-history":[{"count":1,"href":"https:\/\/redelitoralrs.com\/index.php\/wp-json\/wp\/v2\/posts\/28331\/revisions"}],"predecessor-version":[{"id":28333,"href":"https:\/\/redelitoralrs.com\/index.php\/wp-json\/wp\/v2\/posts\/28331\/revisions\/28333"}],"wp:featuredmedia":[{"embeddable":true,"href":"https:\/\/redelitoralrs.com\/index.php\/wp-json\/wp\/v2\/media\/28332"}],"wp:attachment":[{"href":"https:\/\/redelitoralrs.com\/index.php\/wp-json\/wp\/v2\/media?parent=28331"}],"wp:term":[{"taxonomy":"category","embeddable":true,"href":"https:\/\/redelitoralrs.com\/index.php\/wp-json\/wp\/v2\/categories?post=28331"},{"taxonomy":"post_tag","embeddable":true,"href":"https:\/\/redelitoralrs.com\/index.php\/wp-json\/wp\/v2\/tags?post=28331"}],"curies":[{"name":"wp","href":"https:\/\/api.w.org\/{rel}","templated":true}]}}