{"id":2713,"date":"2024-08-27T15:25:51","date_gmt":"2024-08-27T18:25:51","guid":{"rendered":"https:\/\/redelitoralrs.com\/?p=2713"},"modified":"2024-08-27T15:51:27","modified_gmt":"2024-08-27T18:51:27","slug":"pequena-amazona-de-osorio-brilha-na-expointer","status":"publish","type":"post","link":"https:\/\/redelitoralrs.com\/index.php\/2024\/08\/27\/pequena-amazona-de-osorio-brilha-na-expointer\/","title":{"rendered":"Pequena Amazona de Os\u00f3rio Brilha na Expointer"},"content":{"rendered":"\n<div class=\"wp-block-columns is-layout-flex wp-container-core-columns-is-layout-9d6595d7 wp-block-columns-is-layout-flex\">\n<div class=\"wp-block-column is-layout-flow wp-block-column-is-layout-flow\" style=\"flex-basis:100%\">\n<div class=\"wp-block-group\"><div class=\"wp-block-group__inner-container is-layout-constrained wp-block-group-is-layout-constrained\">\n<div class=\"wp-block-columns is-layout-flex wp-container-core-columns-is-layout-9d6595d7 wp-block-columns-is-layout-flex\">\n<div class=\"wp-block-column is-layout-flow wp-block-column-is-layout-flow\" style=\"flex-basis:100%\">\n<div class=\"wp-block-group is-vertical is-layout-flex wp-container-core-group-is-layout-8cf370e7 wp-block-group-is-layout-flex\">\n<p>Neste domingo, 25 de agosto, Maria Luiza da Silva de Camargo, uma jovem amazona de apenas 8 anos, conquistou o primeiro lugar na prova de 3 tambores na categoria Cavalo \u00c1rabe durante a Expointer, um dos maiores eventos agropecu\u00e1rios da Am\u00e9rica Latina. A pequena talentosa de Os\u00f3rio provou mais uma vez que idade n\u00e3o \u00e9 um obst\u00e1culo para alcan\u00e7ar grandes conquistas.<\/p>\n\n\n\n<p>Com um hist\u00f3rico impressionante de vit\u00f3rias na competi\u00e7\u00e3o Cavalo \u00c1rabe Domados dos Pampa, realizada no Parque Assis Brasil, Maria Luiza entrou na Expointer com uma s\u00f3lida reputa\u00e7\u00e3o. Seu desempenho na prova de 3 tambores foi impec\u00e1vel, demonstrando uma sintonia e precis\u00e3o not\u00e1veis entre ela e seu cavalo. A vit\u00f3ria gerou muitos aplausos e a admira\u00e7\u00e3o do p\u00fablico presente, evidenciando o talento e a dedica\u00e7\u00e3o da jovem amazona.<\/p>\n\n\n\n<figure class=\"wp-block-image size-full\"><img fetchpriority=\"high\" decoding=\"async\" width=\"597\" height=\"332\" src=\"https:\/\/redelitoralrs.com\/wp-content\/uploads\/2024\/08\/Imagem-do-WhatsApp-de-2024-08-27-as-15.22.33_a19b4696.jpg\" alt=\"\" class=\"wp-image-2714\" srcset=\"https:\/\/redelitoralrs.com\/wp-content\/uploads\/2024\/08\/Imagem-do-WhatsApp-de-2024-08-27-as-15.22.33_a19b4696.jpg 597w, https:\/\/redelitoralrs.com\/wp-content\/uploads\/2024\/08\/Imagem-do-WhatsApp-de-2024-08-27-as-15.22.33_a19b4696-300x167.jpg 300w\" sizes=\"(max-width: 597px) 100vw, 597px\" \/><\/figure>\n\n\n\n<p>Mas a jornada de Maria Luiza na Expointer ainda n\u00e3o terminou. Na pr\u00f3xima sexta-feira, a partir das 15h, ela estar\u00e1 de volta \u00e0s pistas para competir na prova das 3 balizas, prometendo mais emo\u00e7\u00e3o e adrenalina. Com a confian\u00e7a renovada pela vit\u00f3ria deste domingo e a experi\u00eancia acumulada, Maria Luiza se prepara para enfrentar mais um desafio com determina\u00e7\u00e3o e entusiasmo.<\/p>\n<\/div>\n<\/div>\n<\/div>\n\n\n\n<p>Laura Pires Haendchen<\/p>\n\n\n\n<p>Juliana Luz<\/p>\n<\/div><\/div>\n<\/div>\n<\/div>\n","protected":false},"excerpt":{"rendered":"<p>Neste domingo, 25 de agosto, Maria Luiza da Silva de Camargo, uma jovem amazona de apenas 8 anos, conquistou o primeiro lugar na prova de 3 tambores na categoria Cavalo \u00c1rabe durante a Expointer, um dos maiores eventos agropecu\u00e1rios da Am\u00e9rica Latina. A pequena talentosa de Os\u00f3rio provou mais uma vez que idade n\u00e3o \u00e9 [&hellip;]<\/p>\n","protected":false},"author":2,"featured_media":2716,"comment_status":"open","ping_status":"open","sticky":false,"template":"","format":"standard","meta":{"_themeisle_gutenberg_block_has_review":false,"footnotes":""},"categories":[172,15],"tags":[],"class_list":["post-2713","post","type-post","status-publish","format-standard","has-post-thumbnail","hentry","category-osorio","category-noticias"],"yoast_head":"<!-- This site is optimized with the Yoast SEO plugin v27.4 - https:\/\/yoast.com\/product\/yoast-seo-wordpress\/ -->\n<title>Pequena Amazona de Os\u00f3rio Brilha na Expointer - Rede Litoral RS<\/title>\n<meta name=\"robots\" content=\"index, follow, max-snippet:-1, max-image-preview:large, max-video-preview:-1\" \/>\n<link rel=\"canonical\" href=\"https:\/\/redelitoralrs.com\/index.php\/2024\/08\/27\/pequena-amazona-de-osorio-brilha-na-expointer\/\" \/>\n<meta property=\"og:locale\" content=\"pt_BR\" \/>\n<meta property=\"og:type\" content=\"article\" \/>\n<meta property=\"og:title\" content=\"Pequena Amazona de Os\u00f3rio Brilha na Expointer - Rede Litoral RS\" \/>\n<meta property=\"og:description\" content=\"Neste domingo, 25 de agosto, Maria Luiza da Silva de Camargo, uma jovem amazona de apenas 8 anos, conquistou o primeiro lugar na prova de 3 tambores na categoria Cavalo \u00c1rabe durante a Expointer, um dos maiores eventos agropecu\u00e1rios da Am\u00e9rica Latina. A pequena talentosa de Os\u00f3rio provou mais uma vez que idade n\u00e3o \u00e9 [&hellip;]\" \/>\n<meta property=\"og:url\" content=\"https:\/\/redelitoralrs.com\/index.php\/2024\/08\/27\/pequena-amazona-de-osorio-brilha-na-expointer\/\" \/>\n<meta property=\"og:site_name\" content=\"Rede Litoral RS\" \/>\n<meta property=\"article:publisher\" content=\"https:\/\/www.facebook.com\/tvlitoralrsoficial\" \/>\n<meta property=\"article:published_time\" content=\"2024-08-27T18:25:51+00:00\" \/>\n<meta property=\"article:modified_time\" content=\"2024-08-27T18:51:27+00:00\" \/>\n<meta property=\"og:image\" content=\"https:\/\/redelitoralrs.com\/wp-content\/uploads\/2024\/08\/Imagem-do-WhatsApp-de-2024-08-27-as-15.50.27_16b09893.jpg\" \/>\n\t<meta property=\"og:image:width\" content=\"564\" \/>\n\t<meta property=\"og:image:height\" content=\"428\" \/>\n\t<meta property=\"og:image:type\" content=\"image\/jpeg\" \/>\n<meta name=\"author\" content=\"Reda\u00e7\u00e3o TV Litoral\" \/>\n<meta name=\"twitter:card\" content=\"summary_large_image\" \/>\n<meta name=\"twitter:label1\" content=\"Escrito por\" \/>\n\t<meta name=\"twitter:data1\" content=\"Reda\u00e7\u00e3o TV Litoral\" \/>\n\t<meta name=\"twitter:label2\" content=\"Est. tempo de leitura\" \/>\n\t<meta name=\"twitter:data2\" content=\"2 minutos\" \/>\n<script type=\"application\/ld+json\" class=\"yoast-schema-graph\">{\"@context\":\"https:\\\/\\\/schema.org\",\"@graph\":[{\"@type\":\"Article\",\"@id\":\"https:\\\/\\\/redelitoralrs.com\\\/index.php\\\/2024\\\/08\\\/27\\\/pequena-amazona-de-osorio-brilha-na-expointer\\\/#article\",\"isPartOf\":{\"@id\":\"https:\\\/\\\/redelitoralrs.com\\\/index.php\\\/2024\\\/08\\\/27\\\/pequena-amazona-de-osorio-brilha-na-expointer\\\/\"},\"author\":{\"name\":\"Reda\u00e7\u00e3o TV Litoral\",\"@id\":\"https:\\\/\\\/redelitoralrs.com\\\/#\\\/schema\\\/person\\\/9f8181f2a7359dd3986f05ebaf5bd68a\"},\"headline\":\"Pequena Amazona de Os\u00f3rio Brilha na Expointer\",\"datePublished\":\"2024-08-27T18:25:51+00:00\",\"dateModified\":\"2024-08-27T18:51:27+00:00\",\"mainEntityOfPage\":{\"@id\":\"https:\\\/\\\/redelitoralrs.com\\\/index.php\\\/2024\\\/08\\\/27\\\/pequena-amazona-de-osorio-brilha-na-expointer\\\/\"},\"wordCount\":221,\"commentCount\":0,\"publisher\":{\"@id\":\"https:\\\/\\\/redelitoralrs.com\\\/#organization\"},\"image\":{\"@id\":\"https:\\\/\\\/redelitoralrs.com\\\/index.php\\\/2024\\\/08\\\/27\\\/pequena-amazona-de-osorio-brilha-na-expointer\\\/#primaryimage\"},\"thumbnailUrl\":\"https:\\\/\\\/redelitoralrs.com\\\/wp-content\\\/uploads\\\/2024\\\/08\\\/Imagem-do-WhatsApp-de-2024-08-27-as-15.50.27_16b09893.jpg\",\"articleSection\":[\"Os\u00f3rio\",\"\u00daltimas not\u00edcias\"],\"inLanguage\":\"pt-BR\",\"potentialAction\":[{\"@type\":\"CommentAction\",\"name\":\"Comment\",\"target\":[\"https:\\\/\\\/redelitoralrs.com\\\/index.php\\\/2024\\\/08\\\/27\\\/pequena-amazona-de-osorio-brilha-na-expointer\\\/#respond\"]}]},{\"@type\":\"WebPage\",\"@id\":\"https:\\\/\\\/redelitoralrs.com\\\/index.php\\\/2024\\\/08\\\/27\\\/pequena-amazona-de-osorio-brilha-na-expointer\\\/\",\"url\":\"https:\\\/\\\/redelitoralrs.com\\\/index.php\\\/2024\\\/08\\\/27\\\/pequena-amazona-de-osorio-brilha-na-expointer\\\/\",\"name\":\"Pequena Amazona de Os\u00f3rio Brilha na Expointer - Rede Litoral RS\",\"isPartOf\":{\"@id\":\"https:\\\/\\\/redelitoralrs.com\\\/#website\"},\"primaryImageOfPage\":{\"@id\":\"https:\\\/\\\/redelitoralrs.com\\\/index.php\\\/2024\\\/08\\\/27\\\/pequena-amazona-de-osorio-brilha-na-expointer\\\/#primaryimage\"},\"image\":{\"@id\":\"https:\\\/\\\/redelitoralrs.com\\\/index.php\\\/2024\\\/08\\\/27\\\/pequena-amazona-de-osorio-brilha-na-expointer\\\/#primaryimage\"},\"thumbnailUrl\":\"https:\\\/\\\/redelitoralrs.com\\\/wp-content\\\/uploads\\\/2024\\\/08\\\/Imagem-do-WhatsApp-de-2024-08-27-as-15.50.27_16b09893.jpg\",\"datePublished\":\"2024-08-27T18:25:51+00:00\",\"dateModified\":\"2024-08-27T18:51:27+00:00\",\"breadcrumb\":{\"@id\":\"https:\\\/\\\/redelitoralrs.com\\\/index.php\\\/2024\\\/08\\\/27\\\/pequena-amazona-de-osorio-brilha-na-expointer\\\/#breadcrumb\"},\"inLanguage\":\"pt-BR\",\"potentialAction\":[{\"@type\":\"ReadAction\",\"target\":[\"https:\\\/\\\/redelitoralrs.com\\\/index.php\\\/2024\\\/08\\\/27\\\/pequena-amazona-de-osorio-brilha-na-expointer\\\/\"]}]},{\"@type\":\"ImageObject\",\"inLanguage\":\"pt-BR\",\"@id\":\"https:\\\/\\\/redelitoralrs.com\\\/index.php\\\/2024\\\/08\\\/27\\\/pequena-amazona-de-osorio-brilha-na-expointer\\\/#primaryimage\",\"url\":\"https:\\\/\\\/redelitoralrs.com\\\/wp-content\\\/uploads\\\/2024\\\/08\\\/Imagem-do-WhatsApp-de-2024-08-27-as-15.50.27_16b09893.jpg\",\"contentUrl\":\"https:\\\/\\\/redelitoralrs.com\\\/wp-content\\\/uploads\\\/2024\\\/08\\\/Imagem-do-WhatsApp-de-2024-08-27-as-15.50.27_16b09893.jpg\",\"width\":564,\"height\":428},{\"@type\":\"BreadcrumbList\",\"@id\":\"https:\\\/\\\/redelitoralrs.com\\\/index.php\\\/2024\\\/08\\\/27\\\/pequena-amazona-de-osorio-brilha-na-expointer\\\/#breadcrumb\",\"itemListElement\":[{\"@type\":\"ListItem\",\"position\":1,\"name\":\"In\u00edcio\",\"item\":\"https:\\\/\\\/redelitoralrs.com\\\/\"},{\"@type\":\"ListItem\",\"position\":2,\"name\":\"Pequena Amazona de Os\u00f3rio Brilha na Expointer\"}]},{\"@type\":\"WebSite\",\"@id\":\"https:\\\/\\\/redelitoralrs.com\\\/#website\",\"url\":\"https:\\\/\\\/redelitoralrs.com\\\/\",\"name\":\"TV Litoral\",\"description\":\"Acompanhe tudo do litoral ga\u00facho com a cobertura completa e atualizada da Rede Litoral RS. Nossos jornalistas trazem as \u00faltimas not\u00edcias, os acontecimentos mais quentes e as hist\u00f3rias que importam sobre nosso amado litoral.\",\"publisher\":{\"@id\":\"https:\\\/\\\/redelitoralrs.com\\\/#organization\"},\"potentialAction\":[{\"@type\":\"SearchAction\",\"target\":{\"@type\":\"EntryPoint\",\"urlTemplate\":\"https:\\\/\\\/redelitoralrs.com\\\/?s={search_term_string}\"},\"query-input\":{\"@type\":\"PropertyValueSpecification\",\"valueRequired\":true,\"valueName\":\"search_term_string\"}}],\"inLanguage\":\"pt-BR\"},{\"@type\":\"Organization\",\"@id\":\"https:\\\/\\\/redelitoralrs.com\\\/#organization\",\"name\":\"TV Litoral\",\"url\":\"https:\\\/\\\/redelitoralrs.com\\\/\",\"logo\":{\"@type\":\"ImageObject\",\"inLanguage\":\"pt-BR\",\"@id\":\"https:\\\/\\\/redelitoralrs.com\\\/#\\\/schema\\\/logo\\\/image\\\/\",\"url\":\"https:\\\/\\\/redelitoralrs.com\\\/wp-content\\\/uploads\\\/2024\\\/01\\\/faviconicon-1-1.png\",\"contentUrl\":\"https:\\\/\\\/redelitoralrs.com\\\/wp-content\\\/uploads\\\/2024\\\/01\\\/faviconicon-1-1.png\",\"width\":454,\"height\":454,\"caption\":\"TV Litoral\"},\"image\":{\"@id\":\"https:\\\/\\\/redelitoralrs.com\\\/#\\\/schema\\\/logo\\\/image\\\/\"},\"sameAs\":[\"https:\\\/\\\/www.facebook.com\\\/tvlitoralrsoficial\",\"https:\\\/\\\/www.instagram.com\\\/tvlitoral.rs\"]},{\"@type\":\"Person\",\"@id\":\"https:\\\/\\\/redelitoralrs.com\\\/#\\\/schema\\\/person\\\/9f8181f2a7359dd3986f05ebaf5bd68a\",\"name\":\"Reda\u00e7\u00e3o TV Litoral\",\"image\":{\"@type\":\"ImageObject\",\"inLanguage\":\"pt-BR\",\"@id\":\"https:\\\/\\\/redelitoralrs.com\\\/wp-content\\\/litespeed\\\/avatar\\\/779aafbb45e66c7f82733e21abb48259.jpg?ver=1776956734\",\"url\":\"https:\\\/\\\/redelitoralrs.com\\\/wp-content\\\/litespeed\\\/avatar\\\/779aafbb45e66c7f82733e21abb48259.jpg?ver=1776956734\",\"contentUrl\":\"https:\\\/\\\/redelitoralrs.com\\\/wp-content\\\/litespeed\\\/avatar\\\/779aafbb45e66c7f82733e21abb48259.jpg?ver=1776956734\",\"caption\":\"Reda\u00e7\u00e3o TV Litoral\"},\"description\":\"A Rede Litoral de Comunica\u00e7\u00e3o \u00e9 um grupo de m\u00eddia multiplataforma do Litoral Norte do RS. Com atua\u00e7\u00e3o em TV, r\u00e1dio, portal e redes sociais, levamos informa\u00e7\u00e3o, conte\u00fado e entretenimento \u00e0 comunidade, fortalecendo a comunica\u00e7\u00e3o local e impulsionando o desenvolvimento regional. Acompanhe atrav\u00e9s de @redelitoralrs.\",\"sameAs\":[\"https:\\\/\\\/redelitoralrs.com\",\"https:\\\/\\\/www.instagram.com\\\/redelitoralrs\",\"https:\\\/\\\/www.youtube.com\\\/@redelitoralrs\"],\"url\":\"https:\\\/\\\/redelitoralrs.com\\\/index.php\\\/author\\\/redacaotvlitoral\\\/\"}]}<\/script>\n<!-- \/ Yoast SEO plugin. -->","yoast_head_json":{"title":"Pequena Amazona de Os\u00f3rio Brilha na Expointer - Rede Litoral RS","robots":{"index":"index","follow":"follow","max-snippet":"max-snippet:-1","max-image-preview":"max-image-preview:large","max-video-preview":"max-video-preview:-1"},"canonical":"https:\/\/redelitoralrs.com\/index.php\/2024\/08\/27\/pequena-amazona-de-osorio-brilha-na-expointer\/","og_locale":"pt_BR","og_type":"article","og_title":"Pequena Amazona de Os\u00f3rio Brilha na Expointer - Rede Litoral RS","og_description":"Neste domingo, 25 de agosto, Maria Luiza da Silva de Camargo, uma jovem amazona de apenas 8 anos, conquistou o primeiro lugar na prova de 3 tambores na categoria Cavalo \u00c1rabe durante a Expointer, um dos maiores eventos agropecu\u00e1rios da Am\u00e9rica Latina. A pequena talentosa de Os\u00f3rio provou mais uma vez que idade n\u00e3o \u00e9 [&hellip;]","og_url":"https:\/\/redelitoralrs.com\/index.php\/2024\/08\/27\/pequena-amazona-de-osorio-brilha-na-expointer\/","og_site_name":"Rede Litoral RS","article_publisher":"https:\/\/www.facebook.com\/tvlitoralrsoficial","article_published_time":"2024-08-27T18:25:51+00:00","article_modified_time":"2024-08-27T18:51:27+00:00","og_image":[{"width":564,"height":428,"url":"https:\/\/redelitoralrs.com\/wp-content\/uploads\/2024\/08\/Imagem-do-WhatsApp-de-2024-08-27-as-15.50.27_16b09893.jpg","type":"image\/jpeg"}],"author":"Reda\u00e7\u00e3o TV Litoral","twitter_card":"summary_large_image","twitter_misc":{"Escrito por":"Reda\u00e7\u00e3o TV Litoral","Est. tempo de leitura":"2 minutos"},"schema":{"@context":"https:\/\/schema.org","@graph":[{"@type":"Article","@id":"https:\/\/redelitoralrs.com\/index.php\/2024\/08\/27\/pequena-amazona-de-osorio-brilha-na-expointer\/#article","isPartOf":{"@id":"https:\/\/redelitoralrs.com\/index.php\/2024\/08\/27\/pequena-amazona-de-osorio-brilha-na-expointer\/"},"author":{"name":"Reda\u00e7\u00e3o TV Litoral","@id":"https:\/\/redelitoralrs.com\/#\/schema\/person\/9f8181f2a7359dd3986f05ebaf5bd68a"},"headline":"Pequena Amazona de Os\u00f3rio Brilha na Expointer","datePublished":"2024-08-27T18:25:51+00:00","dateModified":"2024-08-27T18:51:27+00:00","mainEntityOfPage":{"@id":"https:\/\/redelitoralrs.com\/index.php\/2024\/08\/27\/pequena-amazona-de-osorio-brilha-na-expointer\/"},"wordCount":221,"commentCount":0,"publisher":{"@id":"https:\/\/redelitoralrs.com\/#organization"},"image":{"@id":"https:\/\/redelitoralrs.com\/index.php\/2024\/08\/27\/pequena-amazona-de-osorio-brilha-na-expointer\/#primaryimage"},"thumbnailUrl":"https:\/\/redelitoralrs.com\/wp-content\/uploads\/2024\/08\/Imagem-do-WhatsApp-de-2024-08-27-as-15.50.27_16b09893.jpg","articleSection":["Os\u00f3rio","\u00daltimas not\u00edcias"],"inLanguage":"pt-BR","potentialAction":[{"@type":"CommentAction","name":"Comment","target":["https:\/\/redelitoralrs.com\/index.php\/2024\/08\/27\/pequena-amazona-de-osorio-brilha-na-expointer\/#respond"]}]},{"@type":"WebPage","@id":"https:\/\/redelitoralrs.com\/index.php\/2024\/08\/27\/pequena-amazona-de-osorio-brilha-na-expointer\/","url":"https:\/\/redelitoralrs.com\/index.php\/2024\/08\/27\/pequena-amazona-de-osorio-brilha-na-expointer\/","name":"Pequena Amazona de Os\u00f3rio Brilha na Expointer - Rede Litoral RS","isPartOf":{"@id":"https:\/\/redelitoralrs.com\/#website"},"primaryImageOfPage":{"@id":"https:\/\/redelitoralrs.com\/index.php\/2024\/08\/27\/pequena-amazona-de-osorio-brilha-na-expointer\/#primaryimage"},"image":{"@id":"https:\/\/redelitoralrs.com\/index.php\/2024\/08\/27\/pequena-amazona-de-osorio-brilha-na-expointer\/#primaryimage"},"thumbnailUrl":"https:\/\/redelitoralrs.com\/wp-content\/uploads\/2024\/08\/Imagem-do-WhatsApp-de-2024-08-27-as-15.50.27_16b09893.jpg","datePublished":"2024-08-27T18:25:51+00:00","dateModified":"2024-08-27T18:51:27+00:00","breadcrumb":{"@id":"https:\/\/redelitoralrs.com\/index.php\/2024\/08\/27\/pequena-amazona-de-osorio-brilha-na-expointer\/#breadcrumb"},"inLanguage":"pt-BR","potentialAction":[{"@type":"ReadAction","target":["https:\/\/redelitoralrs.com\/index.php\/2024\/08\/27\/pequena-amazona-de-osorio-brilha-na-expointer\/"]}]},{"@type":"ImageObject","inLanguage":"pt-BR","@id":"https:\/\/redelitoralrs.com\/index.php\/2024\/08\/27\/pequena-amazona-de-osorio-brilha-na-expointer\/#primaryimage","url":"https:\/\/redelitoralrs.com\/wp-content\/uploads\/2024\/08\/Imagem-do-WhatsApp-de-2024-08-27-as-15.50.27_16b09893.jpg","contentUrl":"https:\/\/redelitoralrs.com\/wp-content\/uploads\/2024\/08\/Imagem-do-WhatsApp-de-2024-08-27-as-15.50.27_16b09893.jpg","width":564,"height":428},{"@type":"BreadcrumbList","@id":"https:\/\/redelitoralrs.com\/index.php\/2024\/08\/27\/pequena-amazona-de-osorio-brilha-na-expointer\/#breadcrumb","itemListElement":[{"@type":"ListItem","position":1,"name":"In\u00edcio","item":"https:\/\/redelitoralrs.com\/"},{"@type":"ListItem","position":2,"name":"Pequena Amazona de Os\u00f3rio Brilha na Expointer"}]},{"@type":"WebSite","@id":"https:\/\/redelitoralrs.com\/#website","url":"https:\/\/redelitoralrs.com\/","name":"TV Litoral","description":"Acompanhe tudo do litoral ga\u00facho com a cobertura completa e atualizada da Rede Litoral RS. Nossos jornalistas trazem as \u00faltimas not\u00edcias, os acontecimentos mais quentes e as hist\u00f3rias que importam sobre nosso amado litoral.","publisher":{"@id":"https:\/\/redelitoralrs.com\/#organization"},"potentialAction":[{"@type":"SearchAction","target":{"@type":"EntryPoint","urlTemplate":"https:\/\/redelitoralrs.com\/?s={search_term_string}"},"query-input":{"@type":"PropertyValueSpecification","valueRequired":true,"valueName":"search_term_string"}}],"inLanguage":"pt-BR"},{"@type":"Organization","@id":"https:\/\/redelitoralrs.com\/#organization","name":"TV Litoral","url":"https:\/\/redelitoralrs.com\/","logo":{"@type":"ImageObject","inLanguage":"pt-BR","@id":"https:\/\/redelitoralrs.com\/#\/schema\/logo\/image\/","url":"https:\/\/redelitoralrs.com\/wp-content\/uploads\/2024\/01\/faviconicon-1-1.png","contentUrl":"https:\/\/redelitoralrs.com\/wp-content\/uploads\/2024\/01\/faviconicon-1-1.png","width":454,"height":454,"caption":"TV Litoral"},"image":{"@id":"https:\/\/redelitoralrs.com\/#\/schema\/logo\/image\/"},"sameAs":["https:\/\/www.facebook.com\/tvlitoralrsoficial","https:\/\/www.instagram.com\/tvlitoral.rs"]},{"@type":"Person","@id":"https:\/\/redelitoralrs.com\/#\/schema\/person\/9f8181f2a7359dd3986f05ebaf5bd68a","name":"Reda\u00e7\u00e3o TV Litoral","image":{"@type":"ImageObject","inLanguage":"pt-BR","@id":"https:\/\/redelitoralrs.com\/wp-content\/litespeed\/avatar\/779aafbb45e66c7f82733e21abb48259.jpg?ver=1776956734","url":"https:\/\/redelitoralrs.com\/wp-content\/litespeed\/avatar\/779aafbb45e66c7f82733e21abb48259.jpg?ver=1776956734","contentUrl":"https:\/\/redelitoralrs.com\/wp-content\/litespeed\/avatar\/779aafbb45e66c7f82733e21abb48259.jpg?ver=1776956734","caption":"Reda\u00e7\u00e3o TV Litoral"},"description":"A Rede Litoral de Comunica\u00e7\u00e3o \u00e9 um grupo de m\u00eddia multiplataforma do Litoral Norte do RS. Com atua\u00e7\u00e3o em TV, r\u00e1dio, portal e redes sociais, levamos informa\u00e7\u00e3o, conte\u00fado e entretenimento \u00e0 comunidade, fortalecendo a comunica\u00e7\u00e3o local e impulsionando o desenvolvimento regional. Acompanhe atrav\u00e9s de @redelitoralrs.","sameAs":["https:\/\/redelitoralrs.com","https:\/\/www.instagram.com\/redelitoralrs","https:\/\/www.youtube.com\/@redelitoralrs"],"url":"https:\/\/redelitoralrs.com\/index.php\/author\/redacaotvlitoral\/"}]}},"_links":{"self":[{"href":"https:\/\/redelitoralrs.com\/index.php\/wp-json\/wp\/v2\/posts\/2713","targetHints":{"allow":["GET"]}}],"collection":[{"href":"https:\/\/redelitoralrs.com\/index.php\/wp-json\/wp\/v2\/posts"}],"about":[{"href":"https:\/\/redelitoralrs.com\/index.php\/wp-json\/wp\/v2\/types\/post"}],"author":[{"embeddable":true,"href":"https:\/\/redelitoralrs.com\/index.php\/wp-json\/wp\/v2\/users\/2"}],"replies":[{"embeddable":true,"href":"https:\/\/redelitoralrs.com\/index.php\/wp-json\/wp\/v2\/comments?post=2713"}],"version-history":[{"count":1,"href":"https:\/\/redelitoralrs.com\/index.php\/wp-json\/wp\/v2\/posts\/2713\/revisions"}],"predecessor-version":[{"id":2715,"href":"https:\/\/redelitoralrs.com\/index.php\/wp-json\/wp\/v2\/posts\/2713\/revisions\/2715"}],"wp:featuredmedia":[{"embeddable":true,"href":"https:\/\/redelitoralrs.com\/index.php\/wp-json\/wp\/v2\/media\/2716"}],"wp:attachment":[{"href":"https:\/\/redelitoralrs.com\/index.php\/wp-json\/wp\/v2\/media?parent=2713"}],"wp:term":[{"taxonomy":"category","embeddable":true,"href":"https:\/\/redelitoralrs.com\/index.php\/wp-json\/wp\/v2\/categories?post=2713"},{"taxonomy":"post_tag","embeddable":true,"href":"https:\/\/redelitoralrs.com\/index.php\/wp-json\/wp\/v2\/tags?post=2713"}],"curies":[{"name":"wp","href":"https:\/\/api.w.org\/{rel}","templated":true}]}}