{"id":2710,"date":"2024-08-27T15:15:43","date_gmt":"2024-08-27T18:15:43","guid":{"rendered":"https:\/\/redelitoralrs.com\/?p=2710"},"modified":"2024-08-27T15:15:43","modified_gmt":"2024-08-27T18:15:43","slug":"jfrs-determina-demolicao-de-casas-construidas-irregularmente-em-arroio-do-sal","status":"publish","type":"post","link":"https:\/\/redelitoralrs.com\/index.php\/2024\/08\/27\/jfrs-determina-demolicao-de-casas-construidas-irregularmente-em-arroio-do-sal\/","title":{"rendered":"JFRS Determina Demoli\u00e7\u00e3o de Casas Constru\u00eddas Irregularmente em Arroio do Sal"},"content":{"rendered":"\n<div class=\"wp-block-columns is-layout-flex wp-container-core-columns-is-layout-9d6595d7 wp-block-columns-is-layout-flex\">\n<div class=\"wp-block-column is-layout-flow wp-block-column-is-layout-flow\" style=\"flex-basis:100%\">\n<div class=\"wp-block-group is-vertical is-layout-flex wp-container-core-group-is-layout-8cf370e7 wp-block-group-is-layout-flex\">\n<p>Na sexta-feira, 23 de agosto, a Justi\u00e7a Federal do Rio Grande do Sul emitiu uma decis\u00e3o determinando a demoli\u00e7\u00e3o de v\u00e1rias casas constru\u00eddas de maneira irregular em Arroio do Sal. A medida visa a retirada de edifica\u00e7\u00f5es que foram erguidas sem as devidas autoriza\u00e7\u00f5es e licen\u00e7as legais, garantindo assim o cumprimento das normas urban\u00edsticas e de seguran\u00e7a ambiental na regi\u00e3o.<\/p>\n\n\n\n<p>A ordem de demoli\u00e7\u00e3o abrange resid\u00eancias situadas em \u00e1reas identificadas como de risco, onde as constru\u00e7\u00f5es n\u00e3o atenderam aos requisitos legais estabelecidos para a obten\u00e7\u00e3o de licen\u00e7as. Esta a\u00e7\u00e3o \u00e9 uma parte de um esfor\u00e7o mais amplo para assegurar que as normas e regulamentos sejam respeitados, protegendo a integridade das \u00e1reas de prote\u00e7\u00e3o e prevenindo problemas futuros, como deslizamentos e impactos negativos ao meio ambiente.<\/p>\n\n\n\n<p>A Prefeitura de Arroio do Sal, em parceria com autoridades federais e estaduais, ser\u00e1 respons\u00e1vel pela execu\u00e7\u00e3o da ordem judicial. Para garantir que o processo de demoli\u00e7\u00e3o seja realizado de forma segura e eficiente, ser\u00e3o mobilizadas equipes especializadas que coordenar\u00e3o as atividades necess\u00e1rias.<\/p>\n\n\n\n<figure class=\"wp-block-image size-full\"><img fetchpriority=\"high\" decoding=\"async\" width=\"744\" height=\"451\" src=\"https:\/\/redelitoralrs.com\/wp-content\/uploads\/2024\/08\/Imagem-do-WhatsApp-de-2024-08-27-as-15.12.56_c2faa932.jpg\" alt=\"\" class=\"wp-image-2711\" srcset=\"https:\/\/redelitoralrs.com\/wp-content\/uploads\/2024\/08\/Imagem-do-WhatsApp-de-2024-08-27-as-15.12.56_c2faa932.jpg 744w, https:\/\/redelitoralrs.com\/wp-content\/uploads\/2024\/08\/Imagem-do-WhatsApp-de-2024-08-27-as-15.12.56_c2faa932-300x182.jpg 300w\" sizes=\"(max-width: 744px) 100vw, 744px\" \/><figcaption class=\"wp-element-caption\">IMAGEM: JFRS<\/figcaption><\/figure>\n\n\n\n<p>Os moradores e propriet\u00e1rios das propriedades afetadas pela decis\u00e3o judicial ser\u00e3o devidamente informados sobre as etapas do processo e as medidas que devem ser tomadas. Eles ter\u00e3o a oportunidade de buscar solu\u00e7\u00f5es alternativas para a regulariza\u00e7\u00e3o de suas propriedades, de acordo com as diretrizes estabelecidas.<\/p>\n\n\n\n<p>A decis\u00e3o da Justi\u00e7a Federal refor\u00e7a o compromisso com a seguran\u00e7a e o planejamento urbano, buscando minimizar os riscos associados \u00e0 constru\u00e7\u00e3o irregular e promover um desenvolvimento sustent\u00e1vel e ordenado na regi\u00e3o.<\/p>\n<\/div>\n<\/div>\n<\/div>\n","protected":false},"excerpt":{"rendered":"<p>Na sexta-feira, 23 de agosto, a Justi\u00e7a Federal do Rio Grande do Sul emitiu uma decis\u00e3o determinando a demoli\u00e7\u00e3o de v\u00e1rias casas constru\u00eddas de maneira irregular em Arroio do Sal. A medida visa a retirada de edifica\u00e7\u00f5es que foram erguidas sem as devidas autoriza\u00e7\u00f5es e licen\u00e7as legais, garantindo assim o cumprimento das normas urban\u00edsticas e [&hellip;]<\/p>\n","protected":false},"author":2,"featured_media":2711,"comment_status":"open","ping_status":"open","sticky":false,"template":"","format":"standard","meta":{"_themeisle_gutenberg_block_has_review":false,"footnotes":""},"categories":[29,20,15],"tags":[103,92],"class_list":["post-2710","post","type-post","status-publish","format-standard","has-post-thumbnail","hentry","category-arroio-do-sal","category-litoral_norte","category-noticias","tag-litoral-norte","tag-noticia"],"yoast_head":"<!-- This site is optimized with the Yoast SEO plugin v27.4 - https:\/\/yoast.com\/product\/yoast-seo-wordpress\/ -->\n<title>JFRS Determina Demoli\u00e7\u00e3o de Casas Constru\u00eddas Irregularmente em Arroio do Sal - Rede Litoral RS<\/title>\n<meta name=\"robots\" content=\"index, follow, max-snippet:-1, max-image-preview:large, max-video-preview:-1\" \/>\n<link rel=\"canonical\" href=\"https:\/\/redelitoralrs.com\/index.php\/2024\/08\/27\/jfrs-determina-demolicao-de-casas-construidas-irregularmente-em-arroio-do-sal\/\" \/>\n<meta property=\"og:locale\" content=\"pt_BR\" \/>\n<meta property=\"og:type\" content=\"article\" \/>\n<meta property=\"og:title\" content=\"JFRS Determina Demoli\u00e7\u00e3o de Casas Constru\u00eddas Irregularmente em Arroio do Sal - Rede Litoral RS\" \/>\n<meta property=\"og:description\" content=\"Na sexta-feira, 23 de agosto, a Justi\u00e7a Federal do Rio Grande do Sul emitiu uma decis\u00e3o determinando a demoli\u00e7\u00e3o de v\u00e1rias casas constru\u00eddas de maneira irregular em Arroio do Sal. A medida visa a retirada de edifica\u00e7\u00f5es que foram erguidas sem as devidas autoriza\u00e7\u00f5es e licen\u00e7as legais, garantindo assim o cumprimento das normas urban\u00edsticas e [&hellip;]\" \/>\n<meta property=\"og:url\" content=\"https:\/\/redelitoralrs.com\/index.php\/2024\/08\/27\/jfrs-determina-demolicao-de-casas-construidas-irregularmente-em-arroio-do-sal\/\" \/>\n<meta property=\"og:site_name\" content=\"Rede Litoral RS\" \/>\n<meta property=\"article:publisher\" content=\"https:\/\/www.facebook.com\/tvlitoralrsoficial\" \/>\n<meta property=\"article:published_time\" content=\"2024-08-27T18:15:43+00:00\" \/>\n<meta property=\"og:image\" content=\"https:\/\/redelitoralrs.com\/wp-content\/uploads\/2024\/08\/Imagem-do-WhatsApp-de-2024-08-27-as-15.12.56_c2faa932.jpg\" \/>\n\t<meta property=\"og:image:width\" content=\"744\" \/>\n\t<meta property=\"og:image:height\" content=\"451\" \/>\n\t<meta property=\"og:image:type\" content=\"image\/jpeg\" \/>\n<meta name=\"author\" content=\"Reda\u00e7\u00e3o TV Litoral\" \/>\n<meta name=\"twitter:card\" content=\"summary_large_image\" \/>\n<meta name=\"twitter:label1\" content=\"Escrito por\" \/>\n\t<meta name=\"twitter:data1\" content=\"Reda\u00e7\u00e3o TV Litoral\" \/>\n\t<meta name=\"twitter:label2\" content=\"Est. tempo de leitura\" \/>\n\t<meta name=\"twitter:data2\" content=\"2 minutos\" \/>\n<script type=\"application\/ld+json\" class=\"yoast-schema-graph\">{\"@context\":\"https:\\\/\\\/schema.org\",\"@graph\":[{\"@type\":\"Article\",\"@id\":\"https:\\\/\\\/redelitoralrs.com\\\/index.php\\\/2024\\\/08\\\/27\\\/jfrs-determina-demolicao-de-casas-construidas-irregularmente-em-arroio-do-sal\\\/#article\",\"isPartOf\":{\"@id\":\"https:\\\/\\\/redelitoralrs.com\\\/index.php\\\/2024\\\/08\\\/27\\\/jfrs-determina-demolicao-de-casas-construidas-irregularmente-em-arroio-do-sal\\\/\"},\"author\":{\"name\":\"Reda\u00e7\u00e3o TV Litoral\",\"@id\":\"https:\\\/\\\/redelitoralrs.com\\\/#\\\/schema\\\/person\\\/9f8181f2a7359dd3986f05ebaf5bd68a\"},\"headline\":\"JFRS Determina Demoli\u00e7\u00e3o de Casas Constru\u00eddas Irregularmente em Arroio do Sal\",\"datePublished\":\"2024-08-27T18:15:43+00:00\",\"mainEntityOfPage\":{\"@id\":\"https:\\\/\\\/redelitoralrs.com\\\/index.php\\\/2024\\\/08\\\/27\\\/jfrs-determina-demolicao-de-casas-construidas-irregularmente-em-arroio-do-sal\\\/\"},\"wordCount\":296,\"commentCount\":0,\"publisher\":{\"@id\":\"https:\\\/\\\/redelitoralrs.com\\\/#organization\"},\"image\":{\"@id\":\"https:\\\/\\\/redelitoralrs.com\\\/index.php\\\/2024\\\/08\\\/27\\\/jfrs-determina-demolicao-de-casas-construidas-irregularmente-em-arroio-do-sal\\\/#primaryimage\"},\"thumbnailUrl\":\"https:\\\/\\\/redelitoralrs.com\\\/wp-content\\\/uploads\\\/2024\\\/08\\\/Imagem-do-WhatsApp-de-2024-08-27-as-15.12.56_c2faa932.jpg\",\"keywords\":[\"litoral norte\",\"not\u00edcia\"],\"articleSection\":[\"Arroio do Sal\",\"Litoral Norte\",\"\u00daltimas not\u00edcias\"],\"inLanguage\":\"pt-BR\",\"potentialAction\":[{\"@type\":\"CommentAction\",\"name\":\"Comment\",\"target\":[\"https:\\\/\\\/redelitoralrs.com\\\/index.php\\\/2024\\\/08\\\/27\\\/jfrs-determina-demolicao-de-casas-construidas-irregularmente-em-arroio-do-sal\\\/#respond\"]}]},{\"@type\":\"WebPage\",\"@id\":\"https:\\\/\\\/redelitoralrs.com\\\/index.php\\\/2024\\\/08\\\/27\\\/jfrs-determina-demolicao-de-casas-construidas-irregularmente-em-arroio-do-sal\\\/\",\"url\":\"https:\\\/\\\/redelitoralrs.com\\\/index.php\\\/2024\\\/08\\\/27\\\/jfrs-determina-demolicao-de-casas-construidas-irregularmente-em-arroio-do-sal\\\/\",\"name\":\"JFRS Determina Demoli\u00e7\u00e3o de Casas Constru\u00eddas Irregularmente em Arroio do Sal - Rede Litoral RS\",\"isPartOf\":{\"@id\":\"https:\\\/\\\/redelitoralrs.com\\\/#website\"},\"primaryImageOfPage\":{\"@id\":\"https:\\\/\\\/redelitoralrs.com\\\/index.php\\\/2024\\\/08\\\/27\\\/jfrs-determina-demolicao-de-casas-construidas-irregularmente-em-arroio-do-sal\\\/#primaryimage\"},\"image\":{\"@id\":\"https:\\\/\\\/redelitoralrs.com\\\/index.php\\\/2024\\\/08\\\/27\\\/jfrs-determina-demolicao-de-casas-construidas-irregularmente-em-arroio-do-sal\\\/#primaryimage\"},\"thumbnailUrl\":\"https:\\\/\\\/redelitoralrs.com\\\/wp-content\\\/uploads\\\/2024\\\/08\\\/Imagem-do-WhatsApp-de-2024-08-27-as-15.12.56_c2faa932.jpg\",\"datePublished\":\"2024-08-27T18:15:43+00:00\",\"breadcrumb\":{\"@id\":\"https:\\\/\\\/redelitoralrs.com\\\/index.php\\\/2024\\\/08\\\/27\\\/jfrs-determina-demolicao-de-casas-construidas-irregularmente-em-arroio-do-sal\\\/#breadcrumb\"},\"inLanguage\":\"pt-BR\",\"potentialAction\":[{\"@type\":\"ReadAction\",\"target\":[\"https:\\\/\\\/redelitoralrs.com\\\/index.php\\\/2024\\\/08\\\/27\\\/jfrs-determina-demolicao-de-casas-construidas-irregularmente-em-arroio-do-sal\\\/\"]}]},{\"@type\":\"ImageObject\",\"inLanguage\":\"pt-BR\",\"@id\":\"https:\\\/\\\/redelitoralrs.com\\\/index.php\\\/2024\\\/08\\\/27\\\/jfrs-determina-demolicao-de-casas-construidas-irregularmente-em-arroio-do-sal\\\/#primaryimage\",\"url\":\"https:\\\/\\\/redelitoralrs.com\\\/wp-content\\\/uploads\\\/2024\\\/08\\\/Imagem-do-WhatsApp-de-2024-08-27-as-15.12.56_c2faa932.jpg\",\"contentUrl\":\"https:\\\/\\\/redelitoralrs.com\\\/wp-content\\\/uploads\\\/2024\\\/08\\\/Imagem-do-WhatsApp-de-2024-08-27-as-15.12.56_c2faa932.jpg\",\"width\":744,\"height\":451,\"caption\":\"IMAGEM: JFRS\"},{\"@type\":\"BreadcrumbList\",\"@id\":\"https:\\\/\\\/redelitoralrs.com\\\/index.php\\\/2024\\\/08\\\/27\\\/jfrs-determina-demolicao-de-casas-construidas-irregularmente-em-arroio-do-sal\\\/#breadcrumb\",\"itemListElement\":[{\"@type\":\"ListItem\",\"position\":1,\"name\":\"In\u00edcio\",\"item\":\"https:\\\/\\\/redelitoralrs.com\\\/\"},{\"@type\":\"ListItem\",\"position\":2,\"name\":\"JFRS Determina Demoli\u00e7\u00e3o de Casas Constru\u00eddas Irregularmente em Arroio do Sal\"}]},{\"@type\":\"WebSite\",\"@id\":\"https:\\\/\\\/redelitoralrs.com\\\/#website\",\"url\":\"https:\\\/\\\/redelitoralrs.com\\\/\",\"name\":\"TV Litoral\",\"description\":\"Acompanhe tudo do litoral ga\u00facho com a cobertura completa e atualizada da Rede Litoral RS. Nossos jornalistas trazem as \u00faltimas not\u00edcias, os acontecimentos mais quentes e as hist\u00f3rias que importam sobre nosso amado litoral.\",\"publisher\":{\"@id\":\"https:\\\/\\\/redelitoralrs.com\\\/#organization\"},\"potentialAction\":[{\"@type\":\"SearchAction\",\"target\":{\"@type\":\"EntryPoint\",\"urlTemplate\":\"https:\\\/\\\/redelitoralrs.com\\\/?s={search_term_string}\"},\"query-input\":{\"@type\":\"PropertyValueSpecification\",\"valueRequired\":true,\"valueName\":\"search_term_string\"}}],\"inLanguage\":\"pt-BR\"},{\"@type\":\"Organization\",\"@id\":\"https:\\\/\\\/redelitoralrs.com\\\/#organization\",\"name\":\"TV Litoral\",\"url\":\"https:\\\/\\\/redelitoralrs.com\\\/\",\"logo\":{\"@type\":\"ImageObject\",\"inLanguage\":\"pt-BR\",\"@id\":\"https:\\\/\\\/redelitoralrs.com\\\/#\\\/schema\\\/logo\\\/image\\\/\",\"url\":\"https:\\\/\\\/redelitoralrs.com\\\/wp-content\\\/uploads\\\/2024\\\/01\\\/faviconicon-1-1.png\",\"contentUrl\":\"https:\\\/\\\/redelitoralrs.com\\\/wp-content\\\/uploads\\\/2024\\\/01\\\/faviconicon-1-1.png\",\"width\":454,\"height\":454,\"caption\":\"TV Litoral\"},\"image\":{\"@id\":\"https:\\\/\\\/redelitoralrs.com\\\/#\\\/schema\\\/logo\\\/image\\\/\"},\"sameAs\":[\"https:\\\/\\\/www.facebook.com\\\/tvlitoralrsoficial\",\"https:\\\/\\\/www.instagram.com\\\/tvlitoral.rs\"]},{\"@type\":\"Person\",\"@id\":\"https:\\\/\\\/redelitoralrs.com\\\/#\\\/schema\\\/person\\\/9f8181f2a7359dd3986f05ebaf5bd68a\",\"name\":\"Reda\u00e7\u00e3o TV Litoral\",\"image\":{\"@type\":\"ImageObject\",\"inLanguage\":\"pt-BR\",\"@id\":\"https:\\\/\\\/redelitoralrs.com\\\/wp-content\\\/litespeed\\\/avatar\\\/779aafbb45e66c7f82733e21abb48259.jpg?ver=1777561602\",\"url\":\"https:\\\/\\\/redelitoralrs.com\\\/wp-content\\\/litespeed\\\/avatar\\\/779aafbb45e66c7f82733e21abb48259.jpg?ver=1777561602\",\"contentUrl\":\"https:\\\/\\\/redelitoralrs.com\\\/wp-content\\\/litespeed\\\/avatar\\\/779aafbb45e66c7f82733e21abb48259.jpg?ver=1777561602\",\"caption\":\"Reda\u00e7\u00e3o TV Litoral\"},\"description\":\"A Rede Litoral de Comunica\u00e7\u00e3o \u00e9 um grupo de m\u00eddia multiplataforma do Litoral Norte do RS. Com atua\u00e7\u00e3o em TV, r\u00e1dio, portal e redes sociais, levamos informa\u00e7\u00e3o, conte\u00fado e entretenimento \u00e0 comunidade, fortalecendo a comunica\u00e7\u00e3o local e impulsionando o desenvolvimento regional. Acompanhe atrav\u00e9s de @redelitoralrs.\",\"sameAs\":[\"https:\\\/\\\/redelitoralrs.com\",\"https:\\\/\\\/www.instagram.com\\\/redelitoralrs\",\"https:\\\/\\\/www.youtube.com\\\/@redelitoralrs\"],\"url\":\"https:\\\/\\\/redelitoralrs.com\\\/index.php\\\/author\\\/redacaotvlitoral\\\/\"}]}<\/script>\n<!-- \/ Yoast SEO plugin. -->","yoast_head_json":{"title":"JFRS Determina Demoli\u00e7\u00e3o de Casas Constru\u00eddas Irregularmente em Arroio do Sal - Rede Litoral RS","robots":{"index":"index","follow":"follow","max-snippet":"max-snippet:-1","max-image-preview":"max-image-preview:large","max-video-preview":"max-video-preview:-1"},"canonical":"https:\/\/redelitoralrs.com\/index.php\/2024\/08\/27\/jfrs-determina-demolicao-de-casas-construidas-irregularmente-em-arroio-do-sal\/","og_locale":"pt_BR","og_type":"article","og_title":"JFRS Determina Demoli\u00e7\u00e3o de Casas Constru\u00eddas Irregularmente em Arroio do Sal - Rede Litoral RS","og_description":"Na sexta-feira, 23 de agosto, a Justi\u00e7a Federal do Rio Grande do Sul emitiu uma decis\u00e3o determinando a demoli\u00e7\u00e3o de v\u00e1rias casas constru\u00eddas de maneira irregular em Arroio do Sal. A medida visa a retirada de edifica\u00e7\u00f5es que foram erguidas sem as devidas autoriza\u00e7\u00f5es e licen\u00e7as legais, garantindo assim o cumprimento das normas urban\u00edsticas e [&hellip;]","og_url":"https:\/\/redelitoralrs.com\/index.php\/2024\/08\/27\/jfrs-determina-demolicao-de-casas-construidas-irregularmente-em-arroio-do-sal\/","og_site_name":"Rede Litoral RS","article_publisher":"https:\/\/www.facebook.com\/tvlitoralrsoficial","article_published_time":"2024-08-27T18:15:43+00:00","og_image":[{"width":744,"height":451,"url":"https:\/\/redelitoralrs.com\/wp-content\/uploads\/2024\/08\/Imagem-do-WhatsApp-de-2024-08-27-as-15.12.56_c2faa932.jpg","type":"image\/jpeg"}],"author":"Reda\u00e7\u00e3o TV Litoral","twitter_card":"summary_large_image","twitter_misc":{"Escrito por":"Reda\u00e7\u00e3o TV Litoral","Est. tempo de leitura":"2 minutos"},"schema":{"@context":"https:\/\/schema.org","@graph":[{"@type":"Article","@id":"https:\/\/redelitoralrs.com\/index.php\/2024\/08\/27\/jfrs-determina-demolicao-de-casas-construidas-irregularmente-em-arroio-do-sal\/#article","isPartOf":{"@id":"https:\/\/redelitoralrs.com\/index.php\/2024\/08\/27\/jfrs-determina-demolicao-de-casas-construidas-irregularmente-em-arroio-do-sal\/"},"author":{"name":"Reda\u00e7\u00e3o TV Litoral","@id":"https:\/\/redelitoralrs.com\/#\/schema\/person\/9f8181f2a7359dd3986f05ebaf5bd68a"},"headline":"JFRS Determina Demoli\u00e7\u00e3o de Casas Constru\u00eddas Irregularmente em Arroio do Sal","datePublished":"2024-08-27T18:15:43+00:00","mainEntityOfPage":{"@id":"https:\/\/redelitoralrs.com\/index.php\/2024\/08\/27\/jfrs-determina-demolicao-de-casas-construidas-irregularmente-em-arroio-do-sal\/"},"wordCount":296,"commentCount":0,"publisher":{"@id":"https:\/\/redelitoralrs.com\/#organization"},"image":{"@id":"https:\/\/redelitoralrs.com\/index.php\/2024\/08\/27\/jfrs-determina-demolicao-de-casas-construidas-irregularmente-em-arroio-do-sal\/#primaryimage"},"thumbnailUrl":"https:\/\/redelitoralrs.com\/wp-content\/uploads\/2024\/08\/Imagem-do-WhatsApp-de-2024-08-27-as-15.12.56_c2faa932.jpg","keywords":["litoral norte","not\u00edcia"],"articleSection":["Arroio do Sal","Litoral Norte","\u00daltimas not\u00edcias"],"inLanguage":"pt-BR","potentialAction":[{"@type":"CommentAction","name":"Comment","target":["https:\/\/redelitoralrs.com\/index.php\/2024\/08\/27\/jfrs-determina-demolicao-de-casas-construidas-irregularmente-em-arroio-do-sal\/#respond"]}]},{"@type":"WebPage","@id":"https:\/\/redelitoralrs.com\/index.php\/2024\/08\/27\/jfrs-determina-demolicao-de-casas-construidas-irregularmente-em-arroio-do-sal\/","url":"https:\/\/redelitoralrs.com\/index.php\/2024\/08\/27\/jfrs-determina-demolicao-de-casas-construidas-irregularmente-em-arroio-do-sal\/","name":"JFRS Determina Demoli\u00e7\u00e3o de Casas Constru\u00eddas Irregularmente em Arroio do Sal - Rede Litoral RS","isPartOf":{"@id":"https:\/\/redelitoralrs.com\/#website"},"primaryImageOfPage":{"@id":"https:\/\/redelitoralrs.com\/index.php\/2024\/08\/27\/jfrs-determina-demolicao-de-casas-construidas-irregularmente-em-arroio-do-sal\/#primaryimage"},"image":{"@id":"https:\/\/redelitoralrs.com\/index.php\/2024\/08\/27\/jfrs-determina-demolicao-de-casas-construidas-irregularmente-em-arroio-do-sal\/#primaryimage"},"thumbnailUrl":"https:\/\/redelitoralrs.com\/wp-content\/uploads\/2024\/08\/Imagem-do-WhatsApp-de-2024-08-27-as-15.12.56_c2faa932.jpg","datePublished":"2024-08-27T18:15:43+00:00","breadcrumb":{"@id":"https:\/\/redelitoralrs.com\/index.php\/2024\/08\/27\/jfrs-determina-demolicao-de-casas-construidas-irregularmente-em-arroio-do-sal\/#breadcrumb"},"inLanguage":"pt-BR","potentialAction":[{"@type":"ReadAction","target":["https:\/\/redelitoralrs.com\/index.php\/2024\/08\/27\/jfrs-determina-demolicao-de-casas-construidas-irregularmente-em-arroio-do-sal\/"]}]},{"@type":"ImageObject","inLanguage":"pt-BR","@id":"https:\/\/redelitoralrs.com\/index.php\/2024\/08\/27\/jfrs-determina-demolicao-de-casas-construidas-irregularmente-em-arroio-do-sal\/#primaryimage","url":"https:\/\/redelitoralrs.com\/wp-content\/uploads\/2024\/08\/Imagem-do-WhatsApp-de-2024-08-27-as-15.12.56_c2faa932.jpg","contentUrl":"https:\/\/redelitoralrs.com\/wp-content\/uploads\/2024\/08\/Imagem-do-WhatsApp-de-2024-08-27-as-15.12.56_c2faa932.jpg","width":744,"height":451,"caption":"IMAGEM: JFRS"},{"@type":"BreadcrumbList","@id":"https:\/\/redelitoralrs.com\/index.php\/2024\/08\/27\/jfrs-determina-demolicao-de-casas-construidas-irregularmente-em-arroio-do-sal\/#breadcrumb","itemListElement":[{"@type":"ListItem","position":1,"name":"In\u00edcio","item":"https:\/\/redelitoralrs.com\/"},{"@type":"ListItem","position":2,"name":"JFRS Determina Demoli\u00e7\u00e3o de Casas Constru\u00eddas Irregularmente em Arroio do Sal"}]},{"@type":"WebSite","@id":"https:\/\/redelitoralrs.com\/#website","url":"https:\/\/redelitoralrs.com\/","name":"TV Litoral","description":"Acompanhe tudo do litoral ga\u00facho com a cobertura completa e atualizada da Rede Litoral RS. Nossos jornalistas trazem as \u00faltimas not\u00edcias, os acontecimentos mais quentes e as hist\u00f3rias que importam sobre nosso amado litoral.","publisher":{"@id":"https:\/\/redelitoralrs.com\/#organization"},"potentialAction":[{"@type":"SearchAction","target":{"@type":"EntryPoint","urlTemplate":"https:\/\/redelitoralrs.com\/?s={search_term_string}"},"query-input":{"@type":"PropertyValueSpecification","valueRequired":true,"valueName":"search_term_string"}}],"inLanguage":"pt-BR"},{"@type":"Organization","@id":"https:\/\/redelitoralrs.com\/#organization","name":"TV Litoral","url":"https:\/\/redelitoralrs.com\/","logo":{"@type":"ImageObject","inLanguage":"pt-BR","@id":"https:\/\/redelitoralrs.com\/#\/schema\/logo\/image\/","url":"https:\/\/redelitoralrs.com\/wp-content\/uploads\/2024\/01\/faviconicon-1-1.png","contentUrl":"https:\/\/redelitoralrs.com\/wp-content\/uploads\/2024\/01\/faviconicon-1-1.png","width":454,"height":454,"caption":"TV Litoral"},"image":{"@id":"https:\/\/redelitoralrs.com\/#\/schema\/logo\/image\/"},"sameAs":["https:\/\/www.facebook.com\/tvlitoralrsoficial","https:\/\/www.instagram.com\/tvlitoral.rs"]},{"@type":"Person","@id":"https:\/\/redelitoralrs.com\/#\/schema\/person\/9f8181f2a7359dd3986f05ebaf5bd68a","name":"Reda\u00e7\u00e3o TV Litoral","image":{"@type":"ImageObject","inLanguage":"pt-BR","@id":"https:\/\/redelitoralrs.com\/wp-content\/litespeed\/avatar\/779aafbb45e66c7f82733e21abb48259.jpg?ver=1777561602","url":"https:\/\/redelitoralrs.com\/wp-content\/litespeed\/avatar\/779aafbb45e66c7f82733e21abb48259.jpg?ver=1777561602","contentUrl":"https:\/\/redelitoralrs.com\/wp-content\/litespeed\/avatar\/779aafbb45e66c7f82733e21abb48259.jpg?ver=1777561602","caption":"Reda\u00e7\u00e3o TV Litoral"},"description":"A Rede Litoral de Comunica\u00e7\u00e3o \u00e9 um grupo de m\u00eddia multiplataforma do Litoral Norte do RS. Com atua\u00e7\u00e3o em TV, r\u00e1dio, portal e redes sociais, levamos informa\u00e7\u00e3o, conte\u00fado e entretenimento \u00e0 comunidade, fortalecendo a comunica\u00e7\u00e3o local e impulsionando o desenvolvimento regional. Acompanhe atrav\u00e9s de @redelitoralrs.","sameAs":["https:\/\/redelitoralrs.com","https:\/\/www.instagram.com\/redelitoralrs","https:\/\/www.youtube.com\/@redelitoralrs"],"url":"https:\/\/redelitoralrs.com\/index.php\/author\/redacaotvlitoral\/"}]}},"_links":{"self":[{"href":"https:\/\/redelitoralrs.com\/index.php\/wp-json\/wp\/v2\/posts\/2710","targetHints":{"allow":["GET"]}}],"collection":[{"href":"https:\/\/redelitoralrs.com\/index.php\/wp-json\/wp\/v2\/posts"}],"about":[{"href":"https:\/\/redelitoralrs.com\/index.php\/wp-json\/wp\/v2\/types\/post"}],"author":[{"embeddable":true,"href":"https:\/\/redelitoralrs.com\/index.php\/wp-json\/wp\/v2\/users\/2"}],"replies":[{"embeddable":true,"href":"https:\/\/redelitoralrs.com\/index.php\/wp-json\/wp\/v2\/comments?post=2710"}],"version-history":[{"count":1,"href":"https:\/\/redelitoralrs.com\/index.php\/wp-json\/wp\/v2\/posts\/2710\/revisions"}],"predecessor-version":[{"id":2712,"href":"https:\/\/redelitoralrs.com\/index.php\/wp-json\/wp\/v2\/posts\/2710\/revisions\/2712"}],"wp:featuredmedia":[{"embeddable":true,"href":"https:\/\/redelitoralrs.com\/index.php\/wp-json\/wp\/v2\/media\/2711"}],"wp:attachment":[{"href":"https:\/\/redelitoralrs.com\/index.php\/wp-json\/wp\/v2\/media?parent=2710"}],"wp:term":[{"taxonomy":"category","embeddable":true,"href":"https:\/\/redelitoralrs.com\/index.php\/wp-json\/wp\/v2\/categories?post=2710"},{"taxonomy":"post_tag","embeddable":true,"href":"https:\/\/redelitoralrs.com\/index.php\/wp-json\/wp\/v2\/tags?post=2710"}],"curies":[{"name":"wp","href":"https:\/\/api.w.org\/{rel}","templated":true}]}}