{"id":2702,"date":"2024-08-27T11:46:51","date_gmt":"2024-08-27T14:46:51","guid":{"rendered":"https:\/\/redelitoralrs.com\/?p=2702"},"modified":"2024-08-27T11:46:51","modified_gmt":"2024-08-27T14:46:51","slug":"brigada-militar-prende-homem-por-trafico-de-drogas-em-arroio-do-sal","status":"publish","type":"post","link":"https:\/\/redelitoralrs.com\/index.php\/2024\/08\/27\/brigada-militar-prende-homem-por-trafico-de-drogas-em-arroio-do-sal\/","title":{"rendered":"Brigada Militar Prende Homem por Tr\u00e1fico de Drogas em Arroio do Sal"},"content":{"rendered":"\n<div class=\"wp-block-columns is-layout-flex wp-container-core-columns-is-layout-9d6595d7 wp-block-columns-is-layout-flex\">\n<div class=\"wp-block-column is-layout-flow wp-block-column-is-layout-flow\" style=\"flex-basis:100%\">\n<div class=\"wp-block-group is-vertical is-layout-flex wp-container-core-group-is-layout-8cf370e7 wp-block-group-is-layout-flex\">\n<p>Na noite de sexta-feira, 23 de agosto, a Brigada Militar realizou uma significativa pris\u00e3o por tr\u00e1fico de drogas no bairro Quatro Lagos, em Arroio do Sal. A a\u00e7\u00e3o foi conduzida pela equipe da For\u00e7a T\u00e1tica do 2\u00ba Batalh\u00e3o de Policiamento em \u00c1reas Tur\u00edsticas (BPAT) durante um patrulhamento de rotina na \u00e1rea.<\/p>\n\n\n\n<p>Enquanto patrulhavam a regi\u00e3o, os policiais notaram dois homens em atitude suspeita em frente a uma resid\u00eancia. Ao avistarem a viatura policial, os indiv\u00edduos tentaram se afastar rapidamente, o que imediatamente levantou a suspeita dos agentes. Diante da situa\u00e7\u00e3o, a equipe decidiu proceder com a abordagem dos suspeitos.<\/p>\n\n\n\n<p>Durante a abordagem, um dos homens, de 33 anos, alegou ser usu\u00e1rio de drogas, tentando minimizar a gravidade da situa\u00e7\u00e3o. No entanto, o segundo indiv\u00edduo, de 24 anos, apresentou um hist\u00f3rico criminal mais alarmante, com passagens anteriores pela pol\u00edcia por tr\u00e1fico de drogas e roubo de ve\u00edculo. Essa informa\u00e7\u00e3o levantou ainda mais suspeitas sobre a poss\u00edvel liga\u00e7\u00e3o dos suspeitos com atividades il\u00edcitas.<\/p>\n\n\n\n<figure class=\"wp-block-image size-large is-resized\"><img fetchpriority=\"high\" decoding=\"async\" width=\"977\" height=\"1024\" src=\"https:\/\/redelitoralrs.com\/wp-content\/uploads\/2024\/08\/Divulgacao-2o-BPAT-1-977x1024.jpg\" alt=\"\" class=\"wp-image-2705\" style=\"width:434px;height:auto\" srcset=\"https:\/\/redelitoralrs.com\/wp-content\/uploads\/2024\/08\/Divulgacao-2o-BPAT-1-977x1024.jpg 977w, https:\/\/redelitoralrs.com\/wp-content\/uploads\/2024\/08\/Divulgacao-2o-BPAT-1-286x300.jpg 286w, https:\/\/redelitoralrs.com\/wp-content\/uploads\/2024\/08\/Divulgacao-2o-BPAT-1-768x805.jpg 768w, https:\/\/redelitoralrs.com\/wp-content\/uploads\/2024\/08\/Divulgacao-2o-BPAT-1.jpg 1031w\" sizes=\"(max-width: 977px) 100vw, 977px\" \/><figcaption class=\"wp-element-caption\">Divulga\u00e7\u00e3o 2\u00ba BPAT<\/figcaption><\/figure>\n\n\n\n<p>Durante a revista pessoal, os policiais encontraram com os dois homens um total de 47 pedras de crack e uma quantia de R$ 156 em dinheiro. A presen\u00e7a desses itens refor\u00e7ou a suspeita de que os indiv\u00edduos estavam envolvidos no tr\u00e1fico de drogas. A quantidade de crack e o dinheiro encontrado indicam que os suspeitos estavam ativos no com\u00e9rcio de entorpecentes.<\/p>\n\n\n\n<p>O homem de 24 anos, com seu hist\u00f3rico criminal, foi preso e encaminhado \u00e0 Delegacia de Pol\u00edcia para a formaliza\u00e7\u00e3o da pris\u00e3o e continuidade das investiga\u00e7\u00f5es. O homem de 33 anos tamb\u00e9m foi conduzido para esclarecimentos adicionais. A pris\u00e3o refor\u00e7a o compromisso da Brigada Militar em combater o tr\u00e1fico de drogas e manter a seguran\u00e7a nas comunidades locais.<\/p>\n\n\n\n<p>A a\u00e7\u00e3o da Brigada Militar destaca a import\u00e2ncia do patrulhamento proativo e da vigil\u00e2ncia constante para combater o tr\u00e1fico de drogas e outros crimes, contribuindo para um ambiente mais seguro para a popula\u00e7\u00e3o.<\/p>\n\n\n\n<p>Laura Pires Haendchen<\/p>\n\n\n\n<p>Juliana Luz<\/p>\n<\/div>\n<\/div>\n<\/div>\n","protected":false},"excerpt":{"rendered":"<p>Na noite de sexta-feira, 23 de agosto, a Brigada Militar realizou uma significativa pris\u00e3o por tr\u00e1fico de drogas no bairro Quatro Lagos, em Arroio do Sal. A a\u00e7\u00e3o foi conduzida pela equipe da For\u00e7a T\u00e1tica do 2\u00ba Batalh\u00e3o de Policiamento em \u00c1reas Tur\u00edsticas (BPAT) durante um patrulhamento de rotina na \u00e1rea. Enquanto patrulhavam a regi\u00e3o, [&hellip;]<\/p>\n","protected":false},"author":2,"featured_media":2703,"comment_status":"open","ping_status":"open","sticky":false,"template":"","format":"standard","meta":{"_themeisle_gutenberg_block_has_review":false,"footnotes":""},"categories":[29,20,15],"tags":[174,103,102],"class_list":["post-2702","post","type-post","status-publish","format-standard","has-post-thumbnail","hentry","category-arroio-do-sal","category-litoral_norte","category-noticias","tag-arroio-do-sal","tag-litoral-norte","tag-policia"],"yoast_head":"<!-- This site is optimized with the Yoast SEO plugin v27.4 - https:\/\/yoast.com\/product\/yoast-seo-wordpress\/ -->\n<title>Brigada Militar Prende Homem por Tr\u00e1fico de Drogas em Arroio do Sal - Rede Litoral RS<\/title>\n<meta name=\"description\" content=\"Arroio do Sal Rede Litoral RS -\" \/>\n<meta name=\"robots\" content=\"index, follow, max-snippet:-1, max-image-preview:large, max-video-preview:-1\" \/>\n<link rel=\"canonical\" href=\"https:\/\/redelitoralrs.com\/index.php\/2024\/08\/27\/brigada-militar-prende-homem-por-trafico-de-drogas-em-arroio-do-sal\/\" \/>\n<meta property=\"og:locale\" content=\"pt_BR\" \/>\n<meta property=\"og:type\" content=\"article\" \/>\n<meta property=\"og:title\" content=\"Rede Litoral RS Brigada Militar Prende Homem por Tr\u00e1fico de Drogas em Arroio do Sal Arroio do Sal -\" \/>\n<meta property=\"og:description\" content=\"Arroio do Sal Rede Litoral RS -\" \/>\n<meta property=\"og:url\" content=\"https:\/\/redelitoralrs.com\/index.php\/2024\/08\/27\/brigada-militar-prende-homem-por-trafico-de-drogas-em-arroio-do-sal\/\" \/>\n<meta property=\"og:site_name\" content=\"Rede Litoral RS\" \/>\n<meta property=\"article:publisher\" content=\"https:\/\/www.facebook.com\/tvlitoralrsoficial\" \/>\n<meta property=\"article:published_time\" content=\"2024-08-27T14:46:51+00:00\" \/>\n<meta property=\"og:image\" content=\"https:\/\/redelitoralrs.com\/wp-content\/uploads\/2024\/08\/Divulgacao-2o-BPAT-e1724769865357.jpg\" \/>\n\t<meta property=\"og:image:width\" content=\"996\" \/>\n\t<meta property=\"og:image:height\" content=\"772\" \/>\n\t<meta property=\"og:image:type\" content=\"image\/jpeg\" \/>\n<meta name=\"author\" content=\"Reda\u00e7\u00e3o TV Litoral\" \/>\n<meta name=\"twitter:card\" content=\"summary_large_image\" \/>\n<meta name=\"twitter:label1\" content=\"Escrito por\" \/>\n\t<meta name=\"twitter:data1\" content=\"Reda\u00e7\u00e3o TV Litoral\" \/>\n\t<meta name=\"twitter:label2\" content=\"Est. tempo de leitura\" \/>\n\t<meta name=\"twitter:data2\" content=\"3 minutos\" \/>\n<script type=\"application\/ld+json\" class=\"yoast-schema-graph\">{\"@context\":\"https:\\\/\\\/schema.org\",\"@graph\":[{\"@type\":\"Article\",\"@id\":\"https:\\\/\\\/redelitoralrs.com\\\/index.php\\\/2024\\\/08\\\/27\\\/brigada-militar-prende-homem-por-trafico-de-drogas-em-arroio-do-sal\\\/#article\",\"isPartOf\":{\"@id\":\"https:\\\/\\\/redelitoralrs.com\\\/index.php\\\/2024\\\/08\\\/27\\\/brigada-militar-prende-homem-por-trafico-de-drogas-em-arroio-do-sal\\\/\"},\"author\":{\"name\":\"Reda\u00e7\u00e3o TV Litoral\",\"@id\":\"https:\\\/\\\/redelitoralrs.com\\\/#\\\/schema\\\/person\\\/9f8181f2a7359dd3986f05ebaf5bd68a\"},\"headline\":\"Brigada Militar Prende Homem por Tr\u00e1fico de Drogas em Arroio do Sal\",\"datePublished\":\"2024-08-27T14:46:51+00:00\",\"mainEntityOfPage\":{\"@id\":\"https:\\\/\\\/redelitoralrs.com\\\/index.php\\\/2024\\\/08\\\/27\\\/brigada-militar-prende-homem-por-trafico-de-drogas-em-arroio-do-sal\\\/\"},\"wordCount\":367,\"commentCount\":0,\"publisher\":{\"@id\":\"https:\\\/\\\/redelitoralrs.com\\\/#organization\"},\"image\":{\"@id\":\"https:\\\/\\\/redelitoralrs.com\\\/index.php\\\/2024\\\/08\\\/27\\\/brigada-militar-prende-homem-por-trafico-de-drogas-em-arroio-do-sal\\\/#primaryimage\"},\"thumbnailUrl\":\"https:\\\/\\\/redelitoralrs.com\\\/wp-content\\\/uploads\\\/2024\\\/08\\\/Divulgacao-2o-BPAT-e1724769865357.jpg\",\"keywords\":[\"Arroio do Sal\",\"litoral norte\",\"pol\u00edcia\"],\"articleSection\":[\"Arroio do Sal\",\"Litoral Norte\",\"\u00daltimas not\u00edcias\"],\"inLanguage\":\"pt-BR\",\"potentialAction\":[{\"@type\":\"CommentAction\",\"name\":\"Comment\",\"target\":[\"https:\\\/\\\/redelitoralrs.com\\\/index.php\\\/2024\\\/08\\\/27\\\/brigada-militar-prende-homem-por-trafico-de-drogas-em-arroio-do-sal\\\/#respond\"]}]},{\"@type\":\"WebPage\",\"@id\":\"https:\\\/\\\/redelitoralrs.com\\\/index.php\\\/2024\\\/08\\\/27\\\/brigada-militar-prende-homem-por-trafico-de-drogas-em-arroio-do-sal\\\/\",\"url\":\"https:\\\/\\\/redelitoralrs.com\\\/index.php\\\/2024\\\/08\\\/27\\\/brigada-militar-prende-homem-por-trafico-de-drogas-em-arroio-do-sal\\\/\",\"name\":\"Brigada Militar Prende Homem por Tr\u00e1fico de Drogas em Arroio do Sal - Rede Litoral RS\",\"isPartOf\":{\"@id\":\"https:\\\/\\\/redelitoralrs.com\\\/#website\"},\"primaryImageOfPage\":{\"@id\":\"https:\\\/\\\/redelitoralrs.com\\\/index.php\\\/2024\\\/08\\\/27\\\/brigada-militar-prende-homem-por-trafico-de-drogas-em-arroio-do-sal\\\/#primaryimage\"},\"image\":{\"@id\":\"https:\\\/\\\/redelitoralrs.com\\\/index.php\\\/2024\\\/08\\\/27\\\/brigada-militar-prende-homem-por-trafico-de-drogas-em-arroio-do-sal\\\/#primaryimage\"},\"thumbnailUrl\":\"https:\\\/\\\/redelitoralrs.com\\\/wp-content\\\/uploads\\\/2024\\\/08\\\/Divulgacao-2o-BPAT-e1724769865357.jpg\",\"datePublished\":\"2024-08-27T14:46:51+00:00\",\"description\":\"Arroio do Sal Rede Litoral RS -\",\"breadcrumb\":{\"@id\":\"https:\\\/\\\/redelitoralrs.com\\\/index.php\\\/2024\\\/08\\\/27\\\/brigada-militar-prende-homem-por-trafico-de-drogas-em-arroio-do-sal\\\/#breadcrumb\"},\"inLanguage\":\"pt-BR\",\"potentialAction\":[{\"@type\":\"ReadAction\",\"target\":[\"https:\\\/\\\/redelitoralrs.com\\\/index.php\\\/2024\\\/08\\\/27\\\/brigada-militar-prende-homem-por-trafico-de-drogas-em-arroio-do-sal\\\/\"]}]},{\"@type\":\"ImageObject\",\"inLanguage\":\"pt-BR\",\"@id\":\"https:\\\/\\\/redelitoralrs.com\\\/index.php\\\/2024\\\/08\\\/27\\\/brigada-militar-prende-homem-por-trafico-de-drogas-em-arroio-do-sal\\\/#primaryimage\",\"url\":\"https:\\\/\\\/redelitoralrs.com\\\/wp-content\\\/uploads\\\/2024\\\/08\\\/Divulgacao-2o-BPAT-e1724769865357.jpg\",\"contentUrl\":\"https:\\\/\\\/redelitoralrs.com\\\/wp-content\\\/uploads\\\/2024\\\/08\\\/Divulgacao-2o-BPAT-e1724769865357.jpg\",\"width\":996,\"height\":772,\"caption\":\"Foto: Divulga\u00e7\u00e3o 2\u00ba BPAT\"},{\"@type\":\"BreadcrumbList\",\"@id\":\"https:\\\/\\\/redelitoralrs.com\\\/index.php\\\/2024\\\/08\\\/27\\\/brigada-militar-prende-homem-por-trafico-de-drogas-em-arroio-do-sal\\\/#breadcrumb\",\"itemListElement\":[{\"@type\":\"ListItem\",\"position\":1,\"name\":\"In\u00edcio\",\"item\":\"https:\\\/\\\/redelitoralrs.com\\\/\"},{\"@type\":\"ListItem\",\"position\":2,\"name\":\"Brigada Militar Prende Homem por Tr\u00e1fico de Drogas em Arroio do Sal\"}]},{\"@type\":\"WebSite\",\"@id\":\"https:\\\/\\\/redelitoralrs.com\\\/#website\",\"url\":\"https:\\\/\\\/redelitoralrs.com\\\/\",\"name\":\"TV Litoral\",\"description\":\"Acompanhe tudo do litoral ga\u00facho com a cobertura completa e atualizada da Rede Litoral RS. Nossos jornalistas trazem as \u00faltimas not\u00edcias, os acontecimentos mais quentes e as hist\u00f3rias que importam sobre nosso amado litoral.\",\"publisher\":{\"@id\":\"https:\\\/\\\/redelitoralrs.com\\\/#organization\"},\"potentialAction\":[{\"@type\":\"SearchAction\",\"target\":{\"@type\":\"EntryPoint\",\"urlTemplate\":\"https:\\\/\\\/redelitoralrs.com\\\/?s={search_term_string}\"},\"query-input\":{\"@type\":\"PropertyValueSpecification\",\"valueRequired\":true,\"valueName\":\"search_term_string\"}}],\"inLanguage\":\"pt-BR\"},{\"@type\":\"Organization\",\"@id\":\"https:\\\/\\\/redelitoralrs.com\\\/#organization\",\"name\":\"TV Litoral\",\"url\":\"https:\\\/\\\/redelitoralrs.com\\\/\",\"logo\":{\"@type\":\"ImageObject\",\"inLanguage\":\"pt-BR\",\"@id\":\"https:\\\/\\\/redelitoralrs.com\\\/#\\\/schema\\\/logo\\\/image\\\/\",\"url\":\"https:\\\/\\\/redelitoralrs.com\\\/wp-content\\\/uploads\\\/2024\\\/01\\\/faviconicon-1-1.png\",\"contentUrl\":\"https:\\\/\\\/redelitoralrs.com\\\/wp-content\\\/uploads\\\/2024\\\/01\\\/faviconicon-1-1.png\",\"width\":454,\"height\":454,\"caption\":\"TV Litoral\"},\"image\":{\"@id\":\"https:\\\/\\\/redelitoralrs.com\\\/#\\\/schema\\\/logo\\\/image\\\/\"},\"sameAs\":[\"https:\\\/\\\/www.facebook.com\\\/tvlitoralrsoficial\",\"https:\\\/\\\/www.instagram.com\\\/tvlitoral.rs\"]},{\"@type\":\"Person\",\"@id\":\"https:\\\/\\\/redelitoralrs.com\\\/#\\\/schema\\\/person\\\/9f8181f2a7359dd3986f05ebaf5bd68a\",\"name\":\"Reda\u00e7\u00e3o TV Litoral\",\"image\":{\"@type\":\"ImageObject\",\"inLanguage\":\"pt-BR\",\"@id\":\"https:\\\/\\\/redelitoralrs.com\\\/wp-content\\\/litespeed\\\/avatar\\\/779aafbb45e66c7f82733e21abb48259.jpg?ver=1776956734\",\"url\":\"https:\\\/\\\/redelitoralrs.com\\\/wp-content\\\/litespeed\\\/avatar\\\/779aafbb45e66c7f82733e21abb48259.jpg?ver=1776956734\",\"contentUrl\":\"https:\\\/\\\/redelitoralrs.com\\\/wp-content\\\/litespeed\\\/avatar\\\/779aafbb45e66c7f82733e21abb48259.jpg?ver=1776956734\",\"caption\":\"Reda\u00e7\u00e3o TV Litoral\"},\"description\":\"A Rede Litoral de Comunica\u00e7\u00e3o \u00e9 um grupo de m\u00eddia multiplataforma do Litoral Norte do RS. Com atua\u00e7\u00e3o em TV, r\u00e1dio, portal e redes sociais, levamos informa\u00e7\u00e3o, conte\u00fado e entretenimento \u00e0 comunidade, fortalecendo a comunica\u00e7\u00e3o local e impulsionando o desenvolvimento regional. Acompanhe atrav\u00e9s de @redelitoralrs.\",\"sameAs\":[\"https:\\\/\\\/redelitoralrs.com\",\"https:\\\/\\\/www.instagram.com\\\/redelitoralrs\",\"https:\\\/\\\/www.youtube.com\\\/@redelitoralrs\"],\"url\":\"https:\\\/\\\/redelitoralrs.com\\\/index.php\\\/author\\\/redacaotvlitoral\\\/\"}]}<\/script>\n<!-- \/ Yoast SEO plugin. -->","yoast_head_json":{"title":"Brigada Militar Prende Homem por Tr\u00e1fico de Drogas em Arroio do Sal - Rede Litoral RS","description":"Arroio do Sal Rede Litoral RS -","robots":{"index":"index","follow":"follow","max-snippet":"max-snippet:-1","max-image-preview":"max-image-preview:large","max-video-preview":"max-video-preview:-1"},"canonical":"https:\/\/redelitoralrs.com\/index.php\/2024\/08\/27\/brigada-militar-prende-homem-por-trafico-de-drogas-em-arroio-do-sal\/","og_locale":"pt_BR","og_type":"article","og_title":"Rede Litoral RS Brigada Militar Prende Homem por Tr\u00e1fico de Drogas em Arroio do Sal Arroio do Sal -","og_description":"Arroio do Sal Rede Litoral RS -","og_url":"https:\/\/redelitoralrs.com\/index.php\/2024\/08\/27\/brigada-militar-prende-homem-por-trafico-de-drogas-em-arroio-do-sal\/","og_site_name":"Rede Litoral RS","article_publisher":"https:\/\/www.facebook.com\/tvlitoralrsoficial","article_published_time":"2024-08-27T14:46:51+00:00","og_image":[{"width":996,"height":772,"url":"https:\/\/redelitoralrs.com\/wp-content\/uploads\/2024\/08\/Divulgacao-2o-BPAT-e1724769865357.jpg","type":"image\/jpeg"}],"author":"Reda\u00e7\u00e3o TV Litoral","twitter_card":"summary_large_image","twitter_misc":{"Escrito por":"Reda\u00e7\u00e3o TV Litoral","Est. tempo de leitura":"3 minutos"},"schema":{"@context":"https:\/\/schema.org","@graph":[{"@type":"Article","@id":"https:\/\/redelitoralrs.com\/index.php\/2024\/08\/27\/brigada-militar-prende-homem-por-trafico-de-drogas-em-arroio-do-sal\/#article","isPartOf":{"@id":"https:\/\/redelitoralrs.com\/index.php\/2024\/08\/27\/brigada-militar-prende-homem-por-trafico-de-drogas-em-arroio-do-sal\/"},"author":{"name":"Reda\u00e7\u00e3o TV Litoral","@id":"https:\/\/redelitoralrs.com\/#\/schema\/person\/9f8181f2a7359dd3986f05ebaf5bd68a"},"headline":"Brigada Militar Prende Homem por Tr\u00e1fico de Drogas em Arroio do Sal","datePublished":"2024-08-27T14:46:51+00:00","mainEntityOfPage":{"@id":"https:\/\/redelitoralrs.com\/index.php\/2024\/08\/27\/brigada-militar-prende-homem-por-trafico-de-drogas-em-arroio-do-sal\/"},"wordCount":367,"commentCount":0,"publisher":{"@id":"https:\/\/redelitoralrs.com\/#organization"},"image":{"@id":"https:\/\/redelitoralrs.com\/index.php\/2024\/08\/27\/brigada-militar-prende-homem-por-trafico-de-drogas-em-arroio-do-sal\/#primaryimage"},"thumbnailUrl":"https:\/\/redelitoralrs.com\/wp-content\/uploads\/2024\/08\/Divulgacao-2o-BPAT-e1724769865357.jpg","keywords":["Arroio do Sal","litoral norte","pol\u00edcia"],"articleSection":["Arroio do Sal","Litoral Norte","\u00daltimas not\u00edcias"],"inLanguage":"pt-BR","potentialAction":[{"@type":"CommentAction","name":"Comment","target":["https:\/\/redelitoralrs.com\/index.php\/2024\/08\/27\/brigada-militar-prende-homem-por-trafico-de-drogas-em-arroio-do-sal\/#respond"]}]},{"@type":"WebPage","@id":"https:\/\/redelitoralrs.com\/index.php\/2024\/08\/27\/brigada-militar-prende-homem-por-trafico-de-drogas-em-arroio-do-sal\/","url":"https:\/\/redelitoralrs.com\/index.php\/2024\/08\/27\/brigada-militar-prende-homem-por-trafico-de-drogas-em-arroio-do-sal\/","name":"Brigada Militar Prende Homem por Tr\u00e1fico de Drogas em Arroio do Sal - Rede Litoral RS","isPartOf":{"@id":"https:\/\/redelitoralrs.com\/#website"},"primaryImageOfPage":{"@id":"https:\/\/redelitoralrs.com\/index.php\/2024\/08\/27\/brigada-militar-prende-homem-por-trafico-de-drogas-em-arroio-do-sal\/#primaryimage"},"image":{"@id":"https:\/\/redelitoralrs.com\/index.php\/2024\/08\/27\/brigada-militar-prende-homem-por-trafico-de-drogas-em-arroio-do-sal\/#primaryimage"},"thumbnailUrl":"https:\/\/redelitoralrs.com\/wp-content\/uploads\/2024\/08\/Divulgacao-2o-BPAT-e1724769865357.jpg","datePublished":"2024-08-27T14:46:51+00:00","description":"Arroio do Sal Rede Litoral RS -","breadcrumb":{"@id":"https:\/\/redelitoralrs.com\/index.php\/2024\/08\/27\/brigada-militar-prende-homem-por-trafico-de-drogas-em-arroio-do-sal\/#breadcrumb"},"inLanguage":"pt-BR","potentialAction":[{"@type":"ReadAction","target":["https:\/\/redelitoralrs.com\/index.php\/2024\/08\/27\/brigada-militar-prende-homem-por-trafico-de-drogas-em-arroio-do-sal\/"]}]},{"@type":"ImageObject","inLanguage":"pt-BR","@id":"https:\/\/redelitoralrs.com\/index.php\/2024\/08\/27\/brigada-militar-prende-homem-por-trafico-de-drogas-em-arroio-do-sal\/#primaryimage","url":"https:\/\/redelitoralrs.com\/wp-content\/uploads\/2024\/08\/Divulgacao-2o-BPAT-e1724769865357.jpg","contentUrl":"https:\/\/redelitoralrs.com\/wp-content\/uploads\/2024\/08\/Divulgacao-2o-BPAT-e1724769865357.jpg","width":996,"height":772,"caption":"Foto: Divulga\u00e7\u00e3o 2\u00ba BPAT"},{"@type":"BreadcrumbList","@id":"https:\/\/redelitoralrs.com\/index.php\/2024\/08\/27\/brigada-militar-prende-homem-por-trafico-de-drogas-em-arroio-do-sal\/#breadcrumb","itemListElement":[{"@type":"ListItem","position":1,"name":"In\u00edcio","item":"https:\/\/redelitoralrs.com\/"},{"@type":"ListItem","position":2,"name":"Brigada Militar Prende Homem por Tr\u00e1fico de Drogas em Arroio do Sal"}]},{"@type":"WebSite","@id":"https:\/\/redelitoralrs.com\/#website","url":"https:\/\/redelitoralrs.com\/","name":"TV Litoral","description":"Acompanhe tudo do litoral ga\u00facho com a cobertura completa e atualizada da Rede Litoral RS. Nossos jornalistas trazem as \u00faltimas not\u00edcias, os acontecimentos mais quentes e as hist\u00f3rias que importam sobre nosso amado litoral.","publisher":{"@id":"https:\/\/redelitoralrs.com\/#organization"},"potentialAction":[{"@type":"SearchAction","target":{"@type":"EntryPoint","urlTemplate":"https:\/\/redelitoralrs.com\/?s={search_term_string}"},"query-input":{"@type":"PropertyValueSpecification","valueRequired":true,"valueName":"search_term_string"}}],"inLanguage":"pt-BR"},{"@type":"Organization","@id":"https:\/\/redelitoralrs.com\/#organization","name":"TV Litoral","url":"https:\/\/redelitoralrs.com\/","logo":{"@type":"ImageObject","inLanguage":"pt-BR","@id":"https:\/\/redelitoralrs.com\/#\/schema\/logo\/image\/","url":"https:\/\/redelitoralrs.com\/wp-content\/uploads\/2024\/01\/faviconicon-1-1.png","contentUrl":"https:\/\/redelitoralrs.com\/wp-content\/uploads\/2024\/01\/faviconicon-1-1.png","width":454,"height":454,"caption":"TV Litoral"},"image":{"@id":"https:\/\/redelitoralrs.com\/#\/schema\/logo\/image\/"},"sameAs":["https:\/\/www.facebook.com\/tvlitoralrsoficial","https:\/\/www.instagram.com\/tvlitoral.rs"]},{"@type":"Person","@id":"https:\/\/redelitoralrs.com\/#\/schema\/person\/9f8181f2a7359dd3986f05ebaf5bd68a","name":"Reda\u00e7\u00e3o TV Litoral","image":{"@type":"ImageObject","inLanguage":"pt-BR","@id":"https:\/\/redelitoralrs.com\/wp-content\/litespeed\/avatar\/779aafbb45e66c7f82733e21abb48259.jpg?ver=1776956734","url":"https:\/\/redelitoralrs.com\/wp-content\/litespeed\/avatar\/779aafbb45e66c7f82733e21abb48259.jpg?ver=1776956734","contentUrl":"https:\/\/redelitoralrs.com\/wp-content\/litespeed\/avatar\/779aafbb45e66c7f82733e21abb48259.jpg?ver=1776956734","caption":"Reda\u00e7\u00e3o TV Litoral"},"description":"A Rede Litoral de Comunica\u00e7\u00e3o \u00e9 um grupo de m\u00eddia multiplataforma do Litoral Norte do RS. Com atua\u00e7\u00e3o em TV, r\u00e1dio, portal e redes sociais, levamos informa\u00e7\u00e3o, conte\u00fado e entretenimento \u00e0 comunidade, fortalecendo a comunica\u00e7\u00e3o local e impulsionando o desenvolvimento regional. Acompanhe atrav\u00e9s de @redelitoralrs.","sameAs":["https:\/\/redelitoralrs.com","https:\/\/www.instagram.com\/redelitoralrs","https:\/\/www.youtube.com\/@redelitoralrs"],"url":"https:\/\/redelitoralrs.com\/index.php\/author\/redacaotvlitoral\/"}]}},"_links":{"self":[{"href":"https:\/\/redelitoralrs.com\/index.php\/wp-json\/wp\/v2\/posts\/2702","targetHints":{"allow":["GET"]}}],"collection":[{"href":"https:\/\/redelitoralrs.com\/index.php\/wp-json\/wp\/v2\/posts"}],"about":[{"href":"https:\/\/redelitoralrs.com\/index.php\/wp-json\/wp\/v2\/types\/post"}],"author":[{"embeddable":true,"href":"https:\/\/redelitoralrs.com\/index.php\/wp-json\/wp\/v2\/users\/2"}],"replies":[{"embeddable":true,"href":"https:\/\/redelitoralrs.com\/index.php\/wp-json\/wp\/v2\/comments?post=2702"}],"version-history":[{"count":2,"href":"https:\/\/redelitoralrs.com\/index.php\/wp-json\/wp\/v2\/posts\/2702\/revisions"}],"predecessor-version":[{"id":2706,"href":"https:\/\/redelitoralrs.com\/index.php\/wp-json\/wp\/v2\/posts\/2702\/revisions\/2706"}],"wp:featuredmedia":[{"embeddable":true,"href":"https:\/\/redelitoralrs.com\/index.php\/wp-json\/wp\/v2\/media\/2703"}],"wp:attachment":[{"href":"https:\/\/redelitoralrs.com\/index.php\/wp-json\/wp\/v2\/media?parent=2702"}],"wp:term":[{"taxonomy":"category","embeddable":true,"href":"https:\/\/redelitoralrs.com\/index.php\/wp-json\/wp\/v2\/categories?post=2702"},{"taxonomy":"post_tag","embeddable":true,"href":"https:\/\/redelitoralrs.com\/index.php\/wp-json\/wp\/v2\/tags?post=2702"}],"curies":[{"name":"wp","href":"https:\/\/api.w.org\/{rel}","templated":true}]}}