{"id":2699,"date":"2024-08-27T11:08:24","date_gmt":"2024-08-27T14:08:24","guid":{"rendered":"https:\/\/redelitoralrs.com\/?p=2699"},"modified":"2024-08-27T11:08:24","modified_gmt":"2024-08-27T14:08:24","slug":"brigada-militar-recupera-veiculo-furtado-em-capao-da-canoa","status":"publish","type":"post","link":"https:\/\/redelitoralrs.com\/index.php\/2024\/08\/27\/brigada-militar-recupera-veiculo-furtado-em-capao-da-canoa\/","title":{"rendered":"Brigada Militar Recupera Ve\u00edculo Furtado em Cap\u00e3o da Canoa"},"content":{"rendered":"\n<div class=\"wp-block-columns is-layout-flex wp-container-core-columns-is-layout-9d6595d7 wp-block-columns-is-layout-flex\">\n<div class=\"wp-block-column is-layout-flow wp-block-column-is-layout-flow\" style=\"flex-basis:100%\">\n<div class=\"wp-block-group is-vertical is-layout-flex wp-container-core-group-is-layout-8cf370e7 wp-block-group-is-layout-flex\">\n<p>Na madrugada da \u00faltima sexta-feira, 23 de agosto, a Brigada Militar, por meio do 2\u00ba Batalh\u00e3o de Policiamento em \u00c1reas Tur\u00edsticas (BPAT), conseguiu recuperar um ve\u00edculo que havia sido furtado em Cap\u00e3o da Canoa. O ve\u00edculo, um GM\/Corsa de cor prata, foi roubado na tarde de quinta-feira, 22 de agosto, e sua recupera\u00e7\u00e3o se deu rapidamente gra\u00e7as ao empenho e \u00e0 efic\u00e1cia das opera\u00e7\u00f5es de seguran\u00e7a.<\/p>\n\n\n\n<p>A opera\u00e7\u00e3o que resultou na recupera\u00e7\u00e3o do carro faz parte da Opera\u00e7\u00e3o Cerco Fechado, uma estrat\u00e9gia intensiva da Brigada Militar para combater crimes e garantir a seguran\u00e7a p\u00fablica. Durante a opera\u00e7\u00e3o, a equipe de For\u00e7a T\u00e1tica do 2\u00ba BPAT recebeu informa\u00e7\u00f5es cruciais sobre o paradeiro do ve\u00edculo. Com base nesses dados, os policiais realizaram dilig\u00eancias que os levaram a um posto de combust\u00edvel localizado no centro de Cap\u00e3o da Canoa.<\/p>\n\n\n\n<div class=\"wp-block-group is-nowrap is-layout-flex wp-container-core-group-is-layout-ad2f72ca wp-block-group-is-layout-flex\">\n<div class=\"wp-block-group\"><div class=\"wp-block-group__inner-container is-layout-constrained wp-block-group-is-layout-constrained\">\n<p>Essa opera\u00e7\u00e3o n\u00e3o s\u00f3 garantiu a devolu\u00e7\u00e3o do ve\u00edculo ao seu propriet\u00e1rio, mas tamb\u00e9m refor\u00e7a a confian\u00e7a da popula\u00e7\u00e3o nas a\u00e7\u00f5es de seguran\u00e7a p\u00fablica. A Brigada Militar continua a manter a ordem e a seguran\u00e7a nas \u00e1reas tur\u00edsticas e urbanas, assegurando um ambiente mais seguro para todos.<\/p>\n\n\n\n<p class=\"has-text-align-left\">No posto de combust\u00edvel, os policiais encontraram o GM\/Corsa sendo abastecido. A abordagem resultou na condu\u00e7\u00e3o de dois homens \u00e0 Delegacia de Pol\u00edcia local, onde foram submetidos a interrogat\u00f3rios para esclarecimento dos fatos. A a\u00e7\u00e3o r\u00e1pida e eficaz da Brigada Militar sublinha o sucesso das estrat\u00e9gias de seguran\u00e7a na regi\u00e3o e a determina\u00e7\u00e3o das for\u00e7as policiais em proteger a comunidade e recuperar bens furtados.<\/p>\n<\/div><\/div>\n\n\n\n<figure class=\"wp-block-image size-large is-resized\"><img fetchpriority=\"high\" decoding=\"async\" width=\"450\" height=\"1024\" src=\"https:\/\/redelitoralrs.com\/wp-content\/uploads\/2024\/08\/Arquivo-2oBPAT-450x1024.jpg\" alt=\"\" class=\"wp-image-2700\" style=\"width:268px;height:auto\"\/><figcaption class=\"wp-element-caption\">Foto: Arquivo 2\u00baBPAT<\/figcaption><\/figure>\n<\/div>\n\n\n\n<p>Laura Pires Haendchen <\/p>\n\n\n\n<p>Juliana Luz<\/p>\n<\/div>\n<\/div>\n<\/div>\n","protected":false},"excerpt":{"rendered":"<p>Na madrugada da \u00faltima sexta-feira, 23 de agosto, a Brigada Militar, por meio do 2\u00ba Batalh\u00e3o de Policiamento em \u00c1reas Tur\u00edsticas (BPAT), conseguiu recuperar um ve\u00edculo que havia sido furtado em Cap\u00e3o da Canoa. O ve\u00edculo, um GM\/Corsa de cor prata, foi roubado na tarde de quinta-feira, 22 de agosto, e sua recupera\u00e7\u00e3o se deu [&hellip;]<\/p>\n","protected":false},"author":2,"featured_media":2700,"comment_status":"open","ping_status":"open","sticky":false,"template":"","format":"standard","meta":{"_themeisle_gutenberg_block_has_review":false,"footnotes":""},"categories":[24,20,15],"tags":[103],"class_list":["post-2699","post","type-post","status-publish","format-standard","has-post-thumbnail","hentry","category-capao-da-canoa","category-litoral_norte","category-noticias","tag-litoral-norte"],"yoast_head":"<!-- This site is optimized with the Yoast SEO plugin v27.4 - https:\/\/yoast.com\/product\/yoast-seo-wordpress\/ -->\n<title>Brigada Militar Recupera Ve\u00edculo Furtado em Cap\u00e3o da Canoa - Rede Litoral RS<\/title>\n<meta name=\"robots\" content=\"index, follow, max-snippet:-1, max-image-preview:large, max-video-preview:-1\" \/>\n<link rel=\"canonical\" href=\"https:\/\/redelitoralrs.com\/index.php\/2024\/08\/27\/brigada-militar-recupera-veiculo-furtado-em-capao-da-canoa\/\" \/>\n<meta property=\"og:locale\" content=\"pt_BR\" \/>\n<meta property=\"og:type\" content=\"article\" \/>\n<meta property=\"og:title\" content=\"Brigada Militar Recupera Ve\u00edculo Furtado em Cap\u00e3o da Canoa - Rede Litoral RS\" \/>\n<meta property=\"og:description\" content=\"Na madrugada da \u00faltima sexta-feira, 23 de agosto, a Brigada Militar, por meio do 2\u00ba Batalh\u00e3o de Policiamento em \u00c1reas Tur\u00edsticas (BPAT), conseguiu recuperar um ve\u00edculo que havia sido furtado em Cap\u00e3o da Canoa. O ve\u00edculo, um GM\/Corsa de cor prata, foi roubado na tarde de quinta-feira, 22 de agosto, e sua recupera\u00e7\u00e3o se deu [&hellip;]\" \/>\n<meta property=\"og:url\" content=\"https:\/\/redelitoralrs.com\/index.php\/2024\/08\/27\/brigada-militar-recupera-veiculo-furtado-em-capao-da-canoa\/\" \/>\n<meta property=\"og:site_name\" content=\"Rede Litoral RS\" \/>\n<meta property=\"article:publisher\" content=\"https:\/\/www.facebook.com\/tvlitoralrsoficial\" \/>\n<meta property=\"article:published_time\" content=\"2024-08-27T14:08:24+00:00\" \/>\n<meta property=\"og:image\" content=\"https:\/\/redelitoralrs.com\/wp-content\/uploads\/2024\/08\/Arquivo-2oBPAT-e1724767400377.jpg\" \/>\n\t<meta property=\"og:image:width\" content=\"561\" \/>\n\t<meta property=\"og:image:height\" content=\"541\" \/>\n\t<meta property=\"og:image:type\" content=\"image\/jpeg\" \/>\n<meta name=\"author\" content=\"Reda\u00e7\u00e3o TV Litoral\" \/>\n<meta name=\"twitter:card\" content=\"summary_large_image\" \/>\n<meta name=\"twitter:label1\" content=\"Escrito por\" \/>\n\t<meta name=\"twitter:data1\" content=\"Reda\u00e7\u00e3o TV Litoral\" \/>\n\t<meta name=\"twitter:label2\" content=\"Est. tempo de leitura\" \/>\n\t<meta name=\"twitter:data2\" content=\"2 minutos\" \/>\n<script type=\"application\/ld+json\" class=\"yoast-schema-graph\">{\"@context\":\"https:\\\/\\\/schema.org\",\"@graph\":[{\"@type\":\"Article\",\"@id\":\"https:\\\/\\\/redelitoralrs.com\\\/index.php\\\/2024\\\/08\\\/27\\\/brigada-militar-recupera-veiculo-furtado-em-capao-da-canoa\\\/#article\",\"isPartOf\":{\"@id\":\"https:\\\/\\\/redelitoralrs.com\\\/index.php\\\/2024\\\/08\\\/27\\\/brigada-militar-recupera-veiculo-furtado-em-capao-da-canoa\\\/\"},\"author\":{\"name\":\"Reda\u00e7\u00e3o TV Litoral\",\"@id\":\"https:\\\/\\\/redelitoralrs.com\\\/#\\\/schema\\\/person\\\/9f8181f2a7359dd3986f05ebaf5bd68a\"},\"headline\":\"Brigada Militar Recupera Ve\u00edculo Furtado em Cap\u00e3o da Canoa\",\"datePublished\":\"2024-08-27T14:08:24+00:00\",\"mainEntityOfPage\":{\"@id\":\"https:\\\/\\\/redelitoralrs.com\\\/index.php\\\/2024\\\/08\\\/27\\\/brigada-militar-recupera-veiculo-furtado-em-capao-da-canoa\\\/\"},\"wordCount\":311,\"commentCount\":0,\"publisher\":{\"@id\":\"https:\\\/\\\/redelitoralrs.com\\\/#organization\"},\"image\":{\"@id\":\"https:\\\/\\\/redelitoralrs.com\\\/index.php\\\/2024\\\/08\\\/27\\\/brigada-militar-recupera-veiculo-furtado-em-capao-da-canoa\\\/#primaryimage\"},\"thumbnailUrl\":\"https:\\\/\\\/redelitoralrs.com\\\/wp-content\\\/uploads\\\/2024\\\/08\\\/Arquivo-2oBPAT-e1724767400377.jpg\",\"keywords\":[\"litoral norte\"],\"articleSection\":[\"Cap\u00e3o da Canoa\",\"Litoral Norte\",\"\u00daltimas not\u00edcias\"],\"inLanguage\":\"pt-BR\",\"potentialAction\":[{\"@type\":\"CommentAction\",\"name\":\"Comment\",\"target\":[\"https:\\\/\\\/redelitoralrs.com\\\/index.php\\\/2024\\\/08\\\/27\\\/brigada-militar-recupera-veiculo-furtado-em-capao-da-canoa\\\/#respond\"]}]},{\"@type\":\"WebPage\",\"@id\":\"https:\\\/\\\/redelitoralrs.com\\\/index.php\\\/2024\\\/08\\\/27\\\/brigada-militar-recupera-veiculo-furtado-em-capao-da-canoa\\\/\",\"url\":\"https:\\\/\\\/redelitoralrs.com\\\/index.php\\\/2024\\\/08\\\/27\\\/brigada-militar-recupera-veiculo-furtado-em-capao-da-canoa\\\/\",\"name\":\"Brigada Militar Recupera Ve\u00edculo Furtado em Cap\u00e3o da Canoa - Rede Litoral RS\",\"isPartOf\":{\"@id\":\"https:\\\/\\\/redelitoralrs.com\\\/#website\"},\"primaryImageOfPage\":{\"@id\":\"https:\\\/\\\/redelitoralrs.com\\\/index.php\\\/2024\\\/08\\\/27\\\/brigada-militar-recupera-veiculo-furtado-em-capao-da-canoa\\\/#primaryimage\"},\"image\":{\"@id\":\"https:\\\/\\\/redelitoralrs.com\\\/index.php\\\/2024\\\/08\\\/27\\\/brigada-militar-recupera-veiculo-furtado-em-capao-da-canoa\\\/#primaryimage\"},\"thumbnailUrl\":\"https:\\\/\\\/redelitoralrs.com\\\/wp-content\\\/uploads\\\/2024\\\/08\\\/Arquivo-2oBPAT-e1724767400377.jpg\",\"datePublished\":\"2024-08-27T14:08:24+00:00\",\"breadcrumb\":{\"@id\":\"https:\\\/\\\/redelitoralrs.com\\\/index.php\\\/2024\\\/08\\\/27\\\/brigada-militar-recupera-veiculo-furtado-em-capao-da-canoa\\\/#breadcrumb\"},\"inLanguage\":\"pt-BR\",\"potentialAction\":[{\"@type\":\"ReadAction\",\"target\":[\"https:\\\/\\\/redelitoralrs.com\\\/index.php\\\/2024\\\/08\\\/27\\\/brigada-militar-recupera-veiculo-furtado-em-capao-da-canoa\\\/\"]}]},{\"@type\":\"ImageObject\",\"inLanguage\":\"pt-BR\",\"@id\":\"https:\\\/\\\/redelitoralrs.com\\\/index.php\\\/2024\\\/08\\\/27\\\/brigada-militar-recupera-veiculo-furtado-em-capao-da-canoa\\\/#primaryimage\",\"url\":\"https:\\\/\\\/redelitoralrs.com\\\/wp-content\\\/uploads\\\/2024\\\/08\\\/Arquivo-2oBPAT-e1724767400377.jpg\",\"contentUrl\":\"https:\\\/\\\/redelitoralrs.com\\\/wp-content\\\/uploads\\\/2024\\\/08\\\/Arquivo-2oBPAT-e1724767400377.jpg\",\"width\":561,\"height\":541,\"caption\":\"Foto: Arquivo 2\u00baBPAT\"},{\"@type\":\"BreadcrumbList\",\"@id\":\"https:\\\/\\\/redelitoralrs.com\\\/index.php\\\/2024\\\/08\\\/27\\\/brigada-militar-recupera-veiculo-furtado-em-capao-da-canoa\\\/#breadcrumb\",\"itemListElement\":[{\"@type\":\"ListItem\",\"position\":1,\"name\":\"In\u00edcio\",\"item\":\"https:\\\/\\\/redelitoralrs.com\\\/\"},{\"@type\":\"ListItem\",\"position\":2,\"name\":\"Brigada Militar Recupera Ve\u00edculo Furtado em Cap\u00e3o da Canoa\"}]},{\"@type\":\"WebSite\",\"@id\":\"https:\\\/\\\/redelitoralrs.com\\\/#website\",\"url\":\"https:\\\/\\\/redelitoralrs.com\\\/\",\"name\":\"TV Litoral\",\"description\":\"Acompanhe tudo do litoral ga\u00facho com a cobertura completa e atualizada da Rede Litoral RS. Nossos jornalistas trazem as \u00faltimas not\u00edcias, os acontecimentos mais quentes e as hist\u00f3rias que importam sobre nosso amado litoral.\",\"publisher\":{\"@id\":\"https:\\\/\\\/redelitoralrs.com\\\/#organization\"},\"potentialAction\":[{\"@type\":\"SearchAction\",\"target\":{\"@type\":\"EntryPoint\",\"urlTemplate\":\"https:\\\/\\\/redelitoralrs.com\\\/?s={search_term_string}\"},\"query-input\":{\"@type\":\"PropertyValueSpecification\",\"valueRequired\":true,\"valueName\":\"search_term_string\"}}],\"inLanguage\":\"pt-BR\"},{\"@type\":\"Organization\",\"@id\":\"https:\\\/\\\/redelitoralrs.com\\\/#organization\",\"name\":\"TV Litoral\",\"url\":\"https:\\\/\\\/redelitoralrs.com\\\/\",\"logo\":{\"@type\":\"ImageObject\",\"inLanguage\":\"pt-BR\",\"@id\":\"https:\\\/\\\/redelitoralrs.com\\\/#\\\/schema\\\/logo\\\/image\\\/\",\"url\":\"https:\\\/\\\/redelitoralrs.com\\\/wp-content\\\/uploads\\\/2024\\\/01\\\/faviconicon-1-1.png\",\"contentUrl\":\"https:\\\/\\\/redelitoralrs.com\\\/wp-content\\\/uploads\\\/2024\\\/01\\\/faviconicon-1-1.png\",\"width\":454,\"height\":454,\"caption\":\"TV Litoral\"},\"image\":{\"@id\":\"https:\\\/\\\/redelitoralrs.com\\\/#\\\/schema\\\/logo\\\/image\\\/\"},\"sameAs\":[\"https:\\\/\\\/www.facebook.com\\\/tvlitoralrsoficial\",\"https:\\\/\\\/www.instagram.com\\\/tvlitoral.rs\"]},{\"@type\":\"Person\",\"@id\":\"https:\\\/\\\/redelitoralrs.com\\\/#\\\/schema\\\/person\\\/9f8181f2a7359dd3986f05ebaf5bd68a\",\"name\":\"Reda\u00e7\u00e3o TV Litoral\",\"image\":{\"@type\":\"ImageObject\",\"inLanguage\":\"pt-BR\",\"@id\":\"https:\\\/\\\/redelitoralrs.com\\\/wp-content\\\/litespeed\\\/avatar\\\/779aafbb45e66c7f82733e21abb48259.jpg?ver=1776956734\",\"url\":\"https:\\\/\\\/redelitoralrs.com\\\/wp-content\\\/litespeed\\\/avatar\\\/779aafbb45e66c7f82733e21abb48259.jpg?ver=1776956734\",\"contentUrl\":\"https:\\\/\\\/redelitoralrs.com\\\/wp-content\\\/litespeed\\\/avatar\\\/779aafbb45e66c7f82733e21abb48259.jpg?ver=1776956734\",\"caption\":\"Reda\u00e7\u00e3o TV Litoral\"},\"description\":\"A Rede Litoral de Comunica\u00e7\u00e3o \u00e9 um grupo de m\u00eddia multiplataforma do Litoral Norte do RS. Com atua\u00e7\u00e3o em TV, r\u00e1dio, portal e redes sociais, levamos informa\u00e7\u00e3o, conte\u00fado e entretenimento \u00e0 comunidade, fortalecendo a comunica\u00e7\u00e3o local e impulsionando o desenvolvimento regional. Acompanhe atrav\u00e9s de @redelitoralrs.\",\"sameAs\":[\"https:\\\/\\\/redelitoralrs.com\",\"https:\\\/\\\/www.instagram.com\\\/redelitoralrs\",\"https:\\\/\\\/www.youtube.com\\\/@redelitoralrs\"],\"url\":\"https:\\\/\\\/redelitoralrs.com\\\/index.php\\\/author\\\/redacaotvlitoral\\\/\"}]}<\/script>\n<!-- \/ Yoast SEO plugin. -->","yoast_head_json":{"title":"Brigada Militar Recupera Ve\u00edculo Furtado em Cap\u00e3o da Canoa - Rede Litoral RS","robots":{"index":"index","follow":"follow","max-snippet":"max-snippet:-1","max-image-preview":"max-image-preview:large","max-video-preview":"max-video-preview:-1"},"canonical":"https:\/\/redelitoralrs.com\/index.php\/2024\/08\/27\/brigada-militar-recupera-veiculo-furtado-em-capao-da-canoa\/","og_locale":"pt_BR","og_type":"article","og_title":"Brigada Militar Recupera Ve\u00edculo Furtado em Cap\u00e3o da Canoa - Rede Litoral RS","og_description":"Na madrugada da \u00faltima sexta-feira, 23 de agosto, a Brigada Militar, por meio do 2\u00ba Batalh\u00e3o de Policiamento em \u00c1reas Tur\u00edsticas (BPAT), conseguiu recuperar um ve\u00edculo que havia sido furtado em Cap\u00e3o da Canoa. O ve\u00edculo, um GM\/Corsa de cor prata, foi roubado na tarde de quinta-feira, 22 de agosto, e sua recupera\u00e7\u00e3o se deu [&hellip;]","og_url":"https:\/\/redelitoralrs.com\/index.php\/2024\/08\/27\/brigada-militar-recupera-veiculo-furtado-em-capao-da-canoa\/","og_site_name":"Rede Litoral RS","article_publisher":"https:\/\/www.facebook.com\/tvlitoralrsoficial","article_published_time":"2024-08-27T14:08:24+00:00","og_image":[{"width":561,"height":541,"url":"https:\/\/redelitoralrs.com\/wp-content\/uploads\/2024\/08\/Arquivo-2oBPAT-e1724767400377.jpg","type":"image\/jpeg"}],"author":"Reda\u00e7\u00e3o TV Litoral","twitter_card":"summary_large_image","twitter_misc":{"Escrito por":"Reda\u00e7\u00e3o TV Litoral","Est. tempo de leitura":"2 minutos"},"schema":{"@context":"https:\/\/schema.org","@graph":[{"@type":"Article","@id":"https:\/\/redelitoralrs.com\/index.php\/2024\/08\/27\/brigada-militar-recupera-veiculo-furtado-em-capao-da-canoa\/#article","isPartOf":{"@id":"https:\/\/redelitoralrs.com\/index.php\/2024\/08\/27\/brigada-militar-recupera-veiculo-furtado-em-capao-da-canoa\/"},"author":{"name":"Reda\u00e7\u00e3o TV Litoral","@id":"https:\/\/redelitoralrs.com\/#\/schema\/person\/9f8181f2a7359dd3986f05ebaf5bd68a"},"headline":"Brigada Militar Recupera Ve\u00edculo Furtado em Cap\u00e3o da Canoa","datePublished":"2024-08-27T14:08:24+00:00","mainEntityOfPage":{"@id":"https:\/\/redelitoralrs.com\/index.php\/2024\/08\/27\/brigada-militar-recupera-veiculo-furtado-em-capao-da-canoa\/"},"wordCount":311,"commentCount":0,"publisher":{"@id":"https:\/\/redelitoralrs.com\/#organization"},"image":{"@id":"https:\/\/redelitoralrs.com\/index.php\/2024\/08\/27\/brigada-militar-recupera-veiculo-furtado-em-capao-da-canoa\/#primaryimage"},"thumbnailUrl":"https:\/\/redelitoralrs.com\/wp-content\/uploads\/2024\/08\/Arquivo-2oBPAT-e1724767400377.jpg","keywords":["litoral norte"],"articleSection":["Cap\u00e3o da Canoa","Litoral Norte","\u00daltimas not\u00edcias"],"inLanguage":"pt-BR","potentialAction":[{"@type":"CommentAction","name":"Comment","target":["https:\/\/redelitoralrs.com\/index.php\/2024\/08\/27\/brigada-militar-recupera-veiculo-furtado-em-capao-da-canoa\/#respond"]}]},{"@type":"WebPage","@id":"https:\/\/redelitoralrs.com\/index.php\/2024\/08\/27\/brigada-militar-recupera-veiculo-furtado-em-capao-da-canoa\/","url":"https:\/\/redelitoralrs.com\/index.php\/2024\/08\/27\/brigada-militar-recupera-veiculo-furtado-em-capao-da-canoa\/","name":"Brigada Militar Recupera Ve\u00edculo Furtado em Cap\u00e3o da Canoa - Rede Litoral RS","isPartOf":{"@id":"https:\/\/redelitoralrs.com\/#website"},"primaryImageOfPage":{"@id":"https:\/\/redelitoralrs.com\/index.php\/2024\/08\/27\/brigada-militar-recupera-veiculo-furtado-em-capao-da-canoa\/#primaryimage"},"image":{"@id":"https:\/\/redelitoralrs.com\/index.php\/2024\/08\/27\/brigada-militar-recupera-veiculo-furtado-em-capao-da-canoa\/#primaryimage"},"thumbnailUrl":"https:\/\/redelitoralrs.com\/wp-content\/uploads\/2024\/08\/Arquivo-2oBPAT-e1724767400377.jpg","datePublished":"2024-08-27T14:08:24+00:00","breadcrumb":{"@id":"https:\/\/redelitoralrs.com\/index.php\/2024\/08\/27\/brigada-militar-recupera-veiculo-furtado-em-capao-da-canoa\/#breadcrumb"},"inLanguage":"pt-BR","potentialAction":[{"@type":"ReadAction","target":["https:\/\/redelitoralrs.com\/index.php\/2024\/08\/27\/brigada-militar-recupera-veiculo-furtado-em-capao-da-canoa\/"]}]},{"@type":"ImageObject","inLanguage":"pt-BR","@id":"https:\/\/redelitoralrs.com\/index.php\/2024\/08\/27\/brigada-militar-recupera-veiculo-furtado-em-capao-da-canoa\/#primaryimage","url":"https:\/\/redelitoralrs.com\/wp-content\/uploads\/2024\/08\/Arquivo-2oBPAT-e1724767400377.jpg","contentUrl":"https:\/\/redelitoralrs.com\/wp-content\/uploads\/2024\/08\/Arquivo-2oBPAT-e1724767400377.jpg","width":561,"height":541,"caption":"Foto: Arquivo 2\u00baBPAT"},{"@type":"BreadcrumbList","@id":"https:\/\/redelitoralrs.com\/index.php\/2024\/08\/27\/brigada-militar-recupera-veiculo-furtado-em-capao-da-canoa\/#breadcrumb","itemListElement":[{"@type":"ListItem","position":1,"name":"In\u00edcio","item":"https:\/\/redelitoralrs.com\/"},{"@type":"ListItem","position":2,"name":"Brigada Militar Recupera Ve\u00edculo Furtado em Cap\u00e3o da Canoa"}]},{"@type":"WebSite","@id":"https:\/\/redelitoralrs.com\/#website","url":"https:\/\/redelitoralrs.com\/","name":"TV Litoral","description":"Acompanhe tudo do litoral ga\u00facho com a cobertura completa e atualizada da Rede Litoral RS. Nossos jornalistas trazem as \u00faltimas not\u00edcias, os acontecimentos mais quentes e as hist\u00f3rias que importam sobre nosso amado litoral.","publisher":{"@id":"https:\/\/redelitoralrs.com\/#organization"},"potentialAction":[{"@type":"SearchAction","target":{"@type":"EntryPoint","urlTemplate":"https:\/\/redelitoralrs.com\/?s={search_term_string}"},"query-input":{"@type":"PropertyValueSpecification","valueRequired":true,"valueName":"search_term_string"}}],"inLanguage":"pt-BR"},{"@type":"Organization","@id":"https:\/\/redelitoralrs.com\/#organization","name":"TV Litoral","url":"https:\/\/redelitoralrs.com\/","logo":{"@type":"ImageObject","inLanguage":"pt-BR","@id":"https:\/\/redelitoralrs.com\/#\/schema\/logo\/image\/","url":"https:\/\/redelitoralrs.com\/wp-content\/uploads\/2024\/01\/faviconicon-1-1.png","contentUrl":"https:\/\/redelitoralrs.com\/wp-content\/uploads\/2024\/01\/faviconicon-1-1.png","width":454,"height":454,"caption":"TV Litoral"},"image":{"@id":"https:\/\/redelitoralrs.com\/#\/schema\/logo\/image\/"},"sameAs":["https:\/\/www.facebook.com\/tvlitoralrsoficial","https:\/\/www.instagram.com\/tvlitoral.rs"]},{"@type":"Person","@id":"https:\/\/redelitoralrs.com\/#\/schema\/person\/9f8181f2a7359dd3986f05ebaf5bd68a","name":"Reda\u00e7\u00e3o TV Litoral","image":{"@type":"ImageObject","inLanguage":"pt-BR","@id":"https:\/\/redelitoralrs.com\/wp-content\/litespeed\/avatar\/779aafbb45e66c7f82733e21abb48259.jpg?ver=1776956734","url":"https:\/\/redelitoralrs.com\/wp-content\/litespeed\/avatar\/779aafbb45e66c7f82733e21abb48259.jpg?ver=1776956734","contentUrl":"https:\/\/redelitoralrs.com\/wp-content\/litespeed\/avatar\/779aafbb45e66c7f82733e21abb48259.jpg?ver=1776956734","caption":"Reda\u00e7\u00e3o TV Litoral"},"description":"A Rede Litoral de Comunica\u00e7\u00e3o \u00e9 um grupo de m\u00eddia multiplataforma do Litoral Norte do RS. Com atua\u00e7\u00e3o em TV, r\u00e1dio, portal e redes sociais, levamos informa\u00e7\u00e3o, conte\u00fado e entretenimento \u00e0 comunidade, fortalecendo a comunica\u00e7\u00e3o local e impulsionando o desenvolvimento regional. Acompanhe atrav\u00e9s de @redelitoralrs.","sameAs":["https:\/\/redelitoralrs.com","https:\/\/www.instagram.com\/redelitoralrs","https:\/\/www.youtube.com\/@redelitoralrs"],"url":"https:\/\/redelitoralrs.com\/index.php\/author\/redacaotvlitoral\/"}]}},"_links":{"self":[{"href":"https:\/\/redelitoralrs.com\/index.php\/wp-json\/wp\/v2\/posts\/2699","targetHints":{"allow":["GET"]}}],"collection":[{"href":"https:\/\/redelitoralrs.com\/index.php\/wp-json\/wp\/v2\/posts"}],"about":[{"href":"https:\/\/redelitoralrs.com\/index.php\/wp-json\/wp\/v2\/types\/post"}],"author":[{"embeddable":true,"href":"https:\/\/redelitoralrs.com\/index.php\/wp-json\/wp\/v2\/users\/2"}],"replies":[{"embeddable":true,"href":"https:\/\/redelitoralrs.com\/index.php\/wp-json\/wp\/v2\/comments?post=2699"}],"version-history":[{"count":1,"href":"https:\/\/redelitoralrs.com\/index.php\/wp-json\/wp\/v2\/posts\/2699\/revisions"}],"predecessor-version":[{"id":2701,"href":"https:\/\/redelitoralrs.com\/index.php\/wp-json\/wp\/v2\/posts\/2699\/revisions\/2701"}],"wp:featuredmedia":[{"embeddable":true,"href":"https:\/\/redelitoralrs.com\/index.php\/wp-json\/wp\/v2\/media\/2700"}],"wp:attachment":[{"href":"https:\/\/redelitoralrs.com\/index.php\/wp-json\/wp\/v2\/media?parent=2699"}],"wp:term":[{"taxonomy":"category","embeddable":true,"href":"https:\/\/redelitoralrs.com\/index.php\/wp-json\/wp\/v2\/categories?post=2699"},{"taxonomy":"post_tag","embeddable":true,"href":"https:\/\/redelitoralrs.com\/index.php\/wp-json\/wp\/v2\/tags?post=2699"}],"curies":[{"name":"wp","href":"https:\/\/api.w.org\/{rel}","templated":true}]}}