{"id":2652,"date":"2024-08-20T13:32:39","date_gmt":"2024-08-20T16:32:39","guid":{"rendered":"https:\/\/redelitoralrs.com\/?p=2652"},"modified":"2024-08-20T16:56:07","modified_gmt":"2024-08-20T19:56:07","slug":"tramandai-recebe-centelha-do-fogo-simbolico-da-patria","status":"publish","type":"post","link":"https:\/\/redelitoralrs.com\/index.php\/2024\/08\/20\/tramandai-recebe-centelha-do-fogo-simbolico-da-patria\/","title":{"rendered":"Tramanda\u00ed Recebe Centelha do Fogo Simb\u00f3lico da P\u00e1tria"},"content":{"rendered":"\n<p>Tramanda\u00ed recebeu com grande entusiasmo a Centelha do Fogo Simb\u00f3lico<br>da P\u00e1tria na \u00faltima segunda-feira (19). O evento, que faz parte das<br>celebra\u00e7\u00f5es do Dia da Independ\u00eancia, marcou a chegada do fogo simb\u00f3lico \u00e0<br>cidade, simbolizando a uni\u00e3o e o patriotismo.<br>A cerim\u00f4nia de recep\u00e7\u00e3o contou com a presen\u00e7a de autoridades locais,<br>representantes da comunidade e cidad\u00e3os que participaram das festividades.<br>A Centelha, que \u00e9 transportada como um s\u00edmbolo de independ\u00eancia e<br>identidade nacional, percorre v\u00e1rias cidades como parte de um roteiro que<br>destaca a import\u00e2ncia da data para a hist\u00f3ria do Brasil.<br>Durante o evento, houve discursos emocionantes e apresenta\u00e7\u00f5es culturais<br>que celebraram o esp\u00edrito de independ\u00eancia e a hist\u00f3ria nacional. A Centelha<br>ser\u00e1 mantida em um local de destaque em Tramanda\u00ed at\u00e9 o final das<br>comemora\u00e7\u00f5es, representando o compromisso da cidade com os valores<br>patri\u00f3ticos.<br>A chegada do Fogo Simb\u00f3lico \u00e9 um momento de orgulho para os residentes e<br>uma oportunidade para refor\u00e7ar o sentimento de comunidade e identidade<br>nacional. Tramanda\u00ed se une \u00e0s outras cidades que receberam a Centelha,<br>contribuindo para as celebra\u00e7\u00f5es que marcam o orgulho e a hist\u00f3ria do pa\u00eds.<\/p>\n\n\n\n<figure class=\"wp-block-image size-full\"><img fetchpriority=\"high\" decoding=\"async\" width=\"621\" height=\"467\" src=\"https:\/\/redelitoralrs.com\/wp-content\/uploads\/2024\/08\/Imagem-do-WhatsApp-de-2024-08-20-as-13.31.13_367d3ea1.jpg\" alt=\"\" class=\"wp-image-2658\" srcset=\"https:\/\/redelitoralrs.com\/wp-content\/uploads\/2024\/08\/Imagem-do-WhatsApp-de-2024-08-20-as-13.31.13_367d3ea1.jpg 621w, https:\/\/redelitoralrs.com\/wp-content\/uploads\/2024\/08\/Imagem-do-WhatsApp-de-2024-08-20-as-13.31.13_367d3ea1-300x226.jpg 300w\" sizes=\"(max-width: 621px) 100vw, 621px\" \/><\/figure>\n\n\n\n<p>Foto: Divulga\u00e7\u00e3o Web<\/p>\n\n\n\n<p>Juliana Luz <\/p>\n\n\n\n<p>Laura Pires Haendchen<\/p>\n","protected":false},"excerpt":{"rendered":"<p>Tramanda\u00ed recebeu com grande entusiasmo a Centelha do Fogo Simb\u00f3licoda P\u00e1tria na \u00faltima segunda-feira (19). O evento, que faz parte dascelebra\u00e7\u00f5es do Dia da Independ\u00eancia, marcou a chegada do fogo simb\u00f3lico \u00e0cidade, simbolizando a uni\u00e3o e o patriotismo.A cerim\u00f4nia de recep\u00e7\u00e3o contou com a presen\u00e7a de autoridades locais,representantes da comunidade e cidad\u00e3os que participaram das [&hellip;]<\/p>\n","protected":false},"author":2,"featured_media":2653,"comment_status":"open","ping_status":"open","sticky":false,"template":"","format":"standard","meta":{"_themeisle_gutenberg_block_has_review":false,"footnotes":""},"categories":[20,25,15],"tags":[103,92,128],"class_list":["post-2652","post","type-post","status-publish","format-standard","has-post-thumbnail","hentry","category-litoral_norte","category-tramandai","category-noticias","tag-litoral-norte","tag-noticia","tag-rio-grande-do-sul"],"yoast_head":"<!-- This site is optimized with the Yoast SEO plugin v27.4 - https:\/\/yoast.com\/product\/yoast-seo-wordpress\/ -->\n<title>Tramanda\u00ed Recebe Centelha do Fogo Simb\u00f3lico da P\u00e1tria - Rede Litoral RS<\/title>\n<meta name=\"robots\" content=\"index, follow, max-snippet:-1, max-image-preview:large, max-video-preview:-1\" \/>\n<link rel=\"canonical\" href=\"https:\/\/redelitoralrs.com\/index.php\/2024\/08\/20\/tramandai-recebe-centelha-do-fogo-simbolico-da-patria\/\" \/>\n<meta property=\"og:locale\" content=\"pt_BR\" \/>\n<meta property=\"og:type\" content=\"article\" \/>\n<meta property=\"og:title\" content=\"Tramanda\u00ed Recebe Centelha do Fogo Simb\u00f3lico da P\u00e1tria - Rede Litoral RS\" \/>\n<meta property=\"og:description\" content=\"Tramanda\u00ed recebeu com grande entusiasmo a Centelha do Fogo Simb\u00f3licoda P\u00e1tria na \u00faltima segunda-feira (19). O evento, que faz parte dascelebra\u00e7\u00f5es do Dia da Independ\u00eancia, marcou a chegada do fogo simb\u00f3lico \u00e0cidade, simbolizando a uni\u00e3o e o patriotismo.A cerim\u00f4nia de recep\u00e7\u00e3o contou com a presen\u00e7a de autoridades locais,representantes da comunidade e cidad\u00e3os que participaram das [&hellip;]\" \/>\n<meta property=\"og:url\" content=\"https:\/\/redelitoralrs.com\/index.php\/2024\/08\/20\/tramandai-recebe-centelha-do-fogo-simbolico-da-patria\/\" \/>\n<meta property=\"og:site_name\" content=\"Rede Litoral RS\" \/>\n<meta property=\"article:publisher\" content=\"https:\/\/www.facebook.com\/tvlitoralrsoficial\" \/>\n<meta property=\"article:published_time\" content=\"2024-08-20T16:32:39+00:00\" \/>\n<meta property=\"article:modified_time\" content=\"2024-08-20T19:56:07+00:00\" \/>\n<meta property=\"og:image\" content=\"https:\/\/redelitoralrs.com\/wp-content\/uploads\/2024\/08\/Imagem-do-WhatsApp-de-2024-08-20-as-13.31.13_895030e1.jpg\" \/>\n\t<meta property=\"og:image:width\" content=\"621\" \/>\n\t<meta property=\"og:image:height\" content=\"467\" \/>\n\t<meta property=\"og:image:type\" content=\"image\/jpeg\" \/>\n<meta name=\"author\" content=\"Reda\u00e7\u00e3o TV Litoral\" \/>\n<meta name=\"twitter:card\" content=\"summary_large_image\" \/>\n<meta name=\"twitter:label1\" content=\"Escrito por\" \/>\n\t<meta name=\"twitter:data1\" content=\"Reda\u00e7\u00e3o TV Litoral\" \/>\n\t<meta name=\"twitter:label2\" content=\"Est. tempo de leitura\" \/>\n\t<meta name=\"twitter:data2\" content=\"2 minutos\" \/>\n<script type=\"application\/ld+json\" class=\"yoast-schema-graph\">{\"@context\":\"https:\\\/\\\/schema.org\",\"@graph\":[{\"@type\":\"Article\",\"@id\":\"https:\\\/\\\/redelitoralrs.com\\\/index.php\\\/2024\\\/08\\\/20\\\/tramandai-recebe-centelha-do-fogo-simbolico-da-patria\\\/#article\",\"isPartOf\":{\"@id\":\"https:\\\/\\\/redelitoralrs.com\\\/index.php\\\/2024\\\/08\\\/20\\\/tramandai-recebe-centelha-do-fogo-simbolico-da-patria\\\/\"},\"author\":{\"name\":\"Reda\u00e7\u00e3o TV Litoral\",\"@id\":\"https:\\\/\\\/redelitoralrs.com\\\/#\\\/schema\\\/person\\\/9f8181f2a7359dd3986f05ebaf5bd68a\"},\"headline\":\"Tramanda\u00ed Recebe Centelha do Fogo Simb\u00f3lico da P\u00e1tria\",\"datePublished\":\"2024-08-20T16:32:39+00:00\",\"dateModified\":\"2024-08-20T19:56:07+00:00\",\"mainEntityOfPage\":{\"@id\":\"https:\\\/\\\/redelitoralrs.com\\\/index.php\\\/2024\\\/08\\\/20\\\/tramandai-recebe-centelha-do-fogo-simbolico-da-patria\\\/\"},\"wordCount\":216,\"commentCount\":0,\"publisher\":{\"@id\":\"https:\\\/\\\/redelitoralrs.com\\\/#organization\"},\"image\":{\"@id\":\"https:\\\/\\\/redelitoralrs.com\\\/index.php\\\/2024\\\/08\\\/20\\\/tramandai-recebe-centelha-do-fogo-simbolico-da-patria\\\/#primaryimage\"},\"thumbnailUrl\":\"https:\\\/\\\/redelitoralrs.com\\\/wp-content\\\/uploads\\\/2024\\\/08\\\/Imagem-do-WhatsApp-de-2024-08-20-as-13.31.13_895030e1.jpg\",\"keywords\":[\"litoral norte\",\"not\u00edcia\",\"rio grande do sul\"],\"articleSection\":[\"Litoral Norte\",\"Tramanda\u00ed\",\"\u00daltimas not\u00edcias\"],\"inLanguage\":\"pt-BR\",\"potentialAction\":[{\"@type\":\"CommentAction\",\"name\":\"Comment\",\"target\":[\"https:\\\/\\\/redelitoralrs.com\\\/index.php\\\/2024\\\/08\\\/20\\\/tramandai-recebe-centelha-do-fogo-simbolico-da-patria\\\/#respond\"]}]},{\"@type\":\"WebPage\",\"@id\":\"https:\\\/\\\/redelitoralrs.com\\\/index.php\\\/2024\\\/08\\\/20\\\/tramandai-recebe-centelha-do-fogo-simbolico-da-patria\\\/\",\"url\":\"https:\\\/\\\/redelitoralrs.com\\\/index.php\\\/2024\\\/08\\\/20\\\/tramandai-recebe-centelha-do-fogo-simbolico-da-patria\\\/\",\"name\":\"Tramanda\u00ed Recebe Centelha do Fogo Simb\u00f3lico da P\u00e1tria - Rede Litoral RS\",\"isPartOf\":{\"@id\":\"https:\\\/\\\/redelitoralrs.com\\\/#website\"},\"primaryImageOfPage\":{\"@id\":\"https:\\\/\\\/redelitoralrs.com\\\/index.php\\\/2024\\\/08\\\/20\\\/tramandai-recebe-centelha-do-fogo-simbolico-da-patria\\\/#primaryimage\"},\"image\":{\"@id\":\"https:\\\/\\\/redelitoralrs.com\\\/index.php\\\/2024\\\/08\\\/20\\\/tramandai-recebe-centelha-do-fogo-simbolico-da-patria\\\/#primaryimage\"},\"thumbnailUrl\":\"https:\\\/\\\/redelitoralrs.com\\\/wp-content\\\/uploads\\\/2024\\\/08\\\/Imagem-do-WhatsApp-de-2024-08-20-as-13.31.13_895030e1.jpg\",\"datePublished\":\"2024-08-20T16:32:39+00:00\",\"dateModified\":\"2024-08-20T19:56:07+00:00\",\"breadcrumb\":{\"@id\":\"https:\\\/\\\/redelitoralrs.com\\\/index.php\\\/2024\\\/08\\\/20\\\/tramandai-recebe-centelha-do-fogo-simbolico-da-patria\\\/#breadcrumb\"},\"inLanguage\":\"pt-BR\",\"potentialAction\":[{\"@type\":\"ReadAction\",\"target\":[\"https:\\\/\\\/redelitoralrs.com\\\/index.php\\\/2024\\\/08\\\/20\\\/tramandai-recebe-centelha-do-fogo-simbolico-da-patria\\\/\"]}]},{\"@type\":\"ImageObject\",\"inLanguage\":\"pt-BR\",\"@id\":\"https:\\\/\\\/redelitoralrs.com\\\/index.php\\\/2024\\\/08\\\/20\\\/tramandai-recebe-centelha-do-fogo-simbolico-da-patria\\\/#primaryimage\",\"url\":\"https:\\\/\\\/redelitoralrs.com\\\/wp-content\\\/uploads\\\/2024\\\/08\\\/Imagem-do-WhatsApp-de-2024-08-20-as-13.31.13_895030e1.jpg\",\"contentUrl\":\"https:\\\/\\\/redelitoralrs.com\\\/wp-content\\\/uploads\\\/2024\\\/08\\\/Imagem-do-WhatsApp-de-2024-08-20-as-13.31.13_895030e1.jpg\",\"width\":621,\"height\":467,\"caption\":\"Foto: divulga\u00e7\u00e3o web Escola Milton Pacheco\"},{\"@type\":\"BreadcrumbList\",\"@id\":\"https:\\\/\\\/redelitoralrs.com\\\/index.php\\\/2024\\\/08\\\/20\\\/tramandai-recebe-centelha-do-fogo-simbolico-da-patria\\\/#breadcrumb\",\"itemListElement\":[{\"@type\":\"ListItem\",\"position\":1,\"name\":\"In\u00edcio\",\"item\":\"https:\\\/\\\/redelitoralrs.com\\\/\"},{\"@type\":\"ListItem\",\"position\":2,\"name\":\"Tramanda\u00ed Recebe Centelha do Fogo Simb\u00f3lico da P\u00e1tria\"}]},{\"@type\":\"WebSite\",\"@id\":\"https:\\\/\\\/redelitoralrs.com\\\/#website\",\"url\":\"https:\\\/\\\/redelitoralrs.com\\\/\",\"name\":\"TV Litoral\",\"description\":\"Acompanhe tudo do litoral ga\u00facho com a cobertura completa e atualizada da Rede Litoral RS. Nossos jornalistas trazem as \u00faltimas not\u00edcias, os acontecimentos mais quentes e as hist\u00f3rias que importam sobre nosso amado litoral.\",\"publisher\":{\"@id\":\"https:\\\/\\\/redelitoralrs.com\\\/#organization\"},\"potentialAction\":[{\"@type\":\"SearchAction\",\"target\":{\"@type\":\"EntryPoint\",\"urlTemplate\":\"https:\\\/\\\/redelitoralrs.com\\\/?s={search_term_string}\"},\"query-input\":{\"@type\":\"PropertyValueSpecification\",\"valueRequired\":true,\"valueName\":\"search_term_string\"}}],\"inLanguage\":\"pt-BR\"},{\"@type\":\"Organization\",\"@id\":\"https:\\\/\\\/redelitoralrs.com\\\/#organization\",\"name\":\"TV Litoral\",\"url\":\"https:\\\/\\\/redelitoralrs.com\\\/\",\"logo\":{\"@type\":\"ImageObject\",\"inLanguage\":\"pt-BR\",\"@id\":\"https:\\\/\\\/redelitoralrs.com\\\/#\\\/schema\\\/logo\\\/image\\\/\",\"url\":\"https:\\\/\\\/redelitoralrs.com\\\/wp-content\\\/uploads\\\/2024\\\/01\\\/faviconicon-1-1.png\",\"contentUrl\":\"https:\\\/\\\/redelitoralrs.com\\\/wp-content\\\/uploads\\\/2024\\\/01\\\/faviconicon-1-1.png\",\"width\":454,\"height\":454,\"caption\":\"TV Litoral\"},\"image\":{\"@id\":\"https:\\\/\\\/redelitoralrs.com\\\/#\\\/schema\\\/logo\\\/image\\\/\"},\"sameAs\":[\"https:\\\/\\\/www.facebook.com\\\/tvlitoralrsoficial\",\"https:\\\/\\\/www.instagram.com\\\/tvlitoral.rs\"]},{\"@type\":\"Person\",\"@id\":\"https:\\\/\\\/redelitoralrs.com\\\/#\\\/schema\\\/person\\\/9f8181f2a7359dd3986f05ebaf5bd68a\",\"name\":\"Reda\u00e7\u00e3o TV Litoral\",\"image\":{\"@type\":\"ImageObject\",\"inLanguage\":\"pt-BR\",\"@id\":\"https:\\\/\\\/redelitoralrs.com\\\/wp-content\\\/litespeed\\\/avatar\\\/779aafbb45e66c7f82733e21abb48259.jpg?ver=1776956734\",\"url\":\"https:\\\/\\\/redelitoralrs.com\\\/wp-content\\\/litespeed\\\/avatar\\\/779aafbb45e66c7f82733e21abb48259.jpg?ver=1776956734\",\"contentUrl\":\"https:\\\/\\\/redelitoralrs.com\\\/wp-content\\\/litespeed\\\/avatar\\\/779aafbb45e66c7f82733e21abb48259.jpg?ver=1776956734\",\"caption\":\"Reda\u00e7\u00e3o TV Litoral\"},\"description\":\"A Rede Litoral de Comunica\u00e7\u00e3o \u00e9 um grupo de m\u00eddia multiplataforma do Litoral Norte do RS. Com atua\u00e7\u00e3o em TV, r\u00e1dio, portal e redes sociais, levamos informa\u00e7\u00e3o, conte\u00fado e entretenimento \u00e0 comunidade, fortalecendo a comunica\u00e7\u00e3o local e impulsionando o desenvolvimento regional. Acompanhe atrav\u00e9s de @redelitoralrs.\",\"sameAs\":[\"https:\\\/\\\/redelitoralrs.com\",\"https:\\\/\\\/www.instagram.com\\\/redelitoralrs\",\"https:\\\/\\\/www.youtube.com\\\/@redelitoralrs\"],\"url\":\"https:\\\/\\\/redelitoralrs.com\\\/index.php\\\/author\\\/redacaotvlitoral\\\/\"}]}<\/script>\n<!-- \/ Yoast SEO plugin. -->","yoast_head_json":{"title":"Tramanda\u00ed Recebe Centelha do Fogo Simb\u00f3lico da P\u00e1tria - Rede Litoral RS","robots":{"index":"index","follow":"follow","max-snippet":"max-snippet:-1","max-image-preview":"max-image-preview:large","max-video-preview":"max-video-preview:-1"},"canonical":"https:\/\/redelitoralrs.com\/index.php\/2024\/08\/20\/tramandai-recebe-centelha-do-fogo-simbolico-da-patria\/","og_locale":"pt_BR","og_type":"article","og_title":"Tramanda\u00ed Recebe Centelha do Fogo Simb\u00f3lico da P\u00e1tria - Rede Litoral RS","og_description":"Tramanda\u00ed recebeu com grande entusiasmo a Centelha do Fogo Simb\u00f3licoda P\u00e1tria na \u00faltima segunda-feira (19). O evento, que faz parte dascelebra\u00e7\u00f5es do Dia da Independ\u00eancia, marcou a chegada do fogo simb\u00f3lico \u00e0cidade, simbolizando a uni\u00e3o e o patriotismo.A cerim\u00f4nia de recep\u00e7\u00e3o contou com a presen\u00e7a de autoridades locais,representantes da comunidade e cidad\u00e3os que participaram das [&hellip;]","og_url":"https:\/\/redelitoralrs.com\/index.php\/2024\/08\/20\/tramandai-recebe-centelha-do-fogo-simbolico-da-patria\/","og_site_name":"Rede Litoral RS","article_publisher":"https:\/\/www.facebook.com\/tvlitoralrsoficial","article_published_time":"2024-08-20T16:32:39+00:00","article_modified_time":"2024-08-20T19:56:07+00:00","og_image":[{"width":621,"height":467,"url":"https:\/\/redelitoralrs.com\/wp-content\/uploads\/2024\/08\/Imagem-do-WhatsApp-de-2024-08-20-as-13.31.13_895030e1.jpg","type":"image\/jpeg"}],"author":"Reda\u00e7\u00e3o TV Litoral","twitter_card":"summary_large_image","twitter_misc":{"Escrito por":"Reda\u00e7\u00e3o TV Litoral","Est. tempo de leitura":"2 minutos"},"schema":{"@context":"https:\/\/schema.org","@graph":[{"@type":"Article","@id":"https:\/\/redelitoralrs.com\/index.php\/2024\/08\/20\/tramandai-recebe-centelha-do-fogo-simbolico-da-patria\/#article","isPartOf":{"@id":"https:\/\/redelitoralrs.com\/index.php\/2024\/08\/20\/tramandai-recebe-centelha-do-fogo-simbolico-da-patria\/"},"author":{"name":"Reda\u00e7\u00e3o TV Litoral","@id":"https:\/\/redelitoralrs.com\/#\/schema\/person\/9f8181f2a7359dd3986f05ebaf5bd68a"},"headline":"Tramanda\u00ed Recebe Centelha do Fogo Simb\u00f3lico da P\u00e1tria","datePublished":"2024-08-20T16:32:39+00:00","dateModified":"2024-08-20T19:56:07+00:00","mainEntityOfPage":{"@id":"https:\/\/redelitoralrs.com\/index.php\/2024\/08\/20\/tramandai-recebe-centelha-do-fogo-simbolico-da-patria\/"},"wordCount":216,"commentCount":0,"publisher":{"@id":"https:\/\/redelitoralrs.com\/#organization"},"image":{"@id":"https:\/\/redelitoralrs.com\/index.php\/2024\/08\/20\/tramandai-recebe-centelha-do-fogo-simbolico-da-patria\/#primaryimage"},"thumbnailUrl":"https:\/\/redelitoralrs.com\/wp-content\/uploads\/2024\/08\/Imagem-do-WhatsApp-de-2024-08-20-as-13.31.13_895030e1.jpg","keywords":["litoral norte","not\u00edcia","rio grande do sul"],"articleSection":["Litoral Norte","Tramanda\u00ed","\u00daltimas not\u00edcias"],"inLanguage":"pt-BR","potentialAction":[{"@type":"CommentAction","name":"Comment","target":["https:\/\/redelitoralrs.com\/index.php\/2024\/08\/20\/tramandai-recebe-centelha-do-fogo-simbolico-da-patria\/#respond"]}]},{"@type":"WebPage","@id":"https:\/\/redelitoralrs.com\/index.php\/2024\/08\/20\/tramandai-recebe-centelha-do-fogo-simbolico-da-patria\/","url":"https:\/\/redelitoralrs.com\/index.php\/2024\/08\/20\/tramandai-recebe-centelha-do-fogo-simbolico-da-patria\/","name":"Tramanda\u00ed Recebe Centelha do Fogo Simb\u00f3lico da P\u00e1tria - Rede Litoral RS","isPartOf":{"@id":"https:\/\/redelitoralrs.com\/#website"},"primaryImageOfPage":{"@id":"https:\/\/redelitoralrs.com\/index.php\/2024\/08\/20\/tramandai-recebe-centelha-do-fogo-simbolico-da-patria\/#primaryimage"},"image":{"@id":"https:\/\/redelitoralrs.com\/index.php\/2024\/08\/20\/tramandai-recebe-centelha-do-fogo-simbolico-da-patria\/#primaryimage"},"thumbnailUrl":"https:\/\/redelitoralrs.com\/wp-content\/uploads\/2024\/08\/Imagem-do-WhatsApp-de-2024-08-20-as-13.31.13_895030e1.jpg","datePublished":"2024-08-20T16:32:39+00:00","dateModified":"2024-08-20T19:56:07+00:00","breadcrumb":{"@id":"https:\/\/redelitoralrs.com\/index.php\/2024\/08\/20\/tramandai-recebe-centelha-do-fogo-simbolico-da-patria\/#breadcrumb"},"inLanguage":"pt-BR","potentialAction":[{"@type":"ReadAction","target":["https:\/\/redelitoralrs.com\/index.php\/2024\/08\/20\/tramandai-recebe-centelha-do-fogo-simbolico-da-patria\/"]}]},{"@type":"ImageObject","inLanguage":"pt-BR","@id":"https:\/\/redelitoralrs.com\/index.php\/2024\/08\/20\/tramandai-recebe-centelha-do-fogo-simbolico-da-patria\/#primaryimage","url":"https:\/\/redelitoralrs.com\/wp-content\/uploads\/2024\/08\/Imagem-do-WhatsApp-de-2024-08-20-as-13.31.13_895030e1.jpg","contentUrl":"https:\/\/redelitoralrs.com\/wp-content\/uploads\/2024\/08\/Imagem-do-WhatsApp-de-2024-08-20-as-13.31.13_895030e1.jpg","width":621,"height":467,"caption":"Foto: divulga\u00e7\u00e3o web Escola Milton Pacheco"},{"@type":"BreadcrumbList","@id":"https:\/\/redelitoralrs.com\/index.php\/2024\/08\/20\/tramandai-recebe-centelha-do-fogo-simbolico-da-patria\/#breadcrumb","itemListElement":[{"@type":"ListItem","position":1,"name":"In\u00edcio","item":"https:\/\/redelitoralrs.com\/"},{"@type":"ListItem","position":2,"name":"Tramanda\u00ed Recebe Centelha do Fogo Simb\u00f3lico da P\u00e1tria"}]},{"@type":"WebSite","@id":"https:\/\/redelitoralrs.com\/#website","url":"https:\/\/redelitoralrs.com\/","name":"TV Litoral","description":"Acompanhe tudo do litoral ga\u00facho com a cobertura completa e atualizada da Rede Litoral RS. Nossos jornalistas trazem as \u00faltimas not\u00edcias, os acontecimentos mais quentes e as hist\u00f3rias que importam sobre nosso amado litoral.","publisher":{"@id":"https:\/\/redelitoralrs.com\/#organization"},"potentialAction":[{"@type":"SearchAction","target":{"@type":"EntryPoint","urlTemplate":"https:\/\/redelitoralrs.com\/?s={search_term_string}"},"query-input":{"@type":"PropertyValueSpecification","valueRequired":true,"valueName":"search_term_string"}}],"inLanguage":"pt-BR"},{"@type":"Organization","@id":"https:\/\/redelitoralrs.com\/#organization","name":"TV Litoral","url":"https:\/\/redelitoralrs.com\/","logo":{"@type":"ImageObject","inLanguage":"pt-BR","@id":"https:\/\/redelitoralrs.com\/#\/schema\/logo\/image\/","url":"https:\/\/redelitoralrs.com\/wp-content\/uploads\/2024\/01\/faviconicon-1-1.png","contentUrl":"https:\/\/redelitoralrs.com\/wp-content\/uploads\/2024\/01\/faviconicon-1-1.png","width":454,"height":454,"caption":"TV Litoral"},"image":{"@id":"https:\/\/redelitoralrs.com\/#\/schema\/logo\/image\/"},"sameAs":["https:\/\/www.facebook.com\/tvlitoralrsoficial","https:\/\/www.instagram.com\/tvlitoral.rs"]},{"@type":"Person","@id":"https:\/\/redelitoralrs.com\/#\/schema\/person\/9f8181f2a7359dd3986f05ebaf5bd68a","name":"Reda\u00e7\u00e3o TV Litoral","image":{"@type":"ImageObject","inLanguage":"pt-BR","@id":"https:\/\/redelitoralrs.com\/wp-content\/litespeed\/avatar\/779aafbb45e66c7f82733e21abb48259.jpg?ver=1776956734","url":"https:\/\/redelitoralrs.com\/wp-content\/litespeed\/avatar\/779aafbb45e66c7f82733e21abb48259.jpg?ver=1776956734","contentUrl":"https:\/\/redelitoralrs.com\/wp-content\/litespeed\/avatar\/779aafbb45e66c7f82733e21abb48259.jpg?ver=1776956734","caption":"Reda\u00e7\u00e3o TV Litoral"},"description":"A Rede Litoral de Comunica\u00e7\u00e3o \u00e9 um grupo de m\u00eddia multiplataforma do Litoral Norte do RS. Com atua\u00e7\u00e3o em TV, r\u00e1dio, portal e redes sociais, levamos informa\u00e7\u00e3o, conte\u00fado e entretenimento \u00e0 comunidade, fortalecendo a comunica\u00e7\u00e3o local e impulsionando o desenvolvimento regional. Acompanhe atrav\u00e9s de @redelitoralrs.","sameAs":["https:\/\/redelitoralrs.com","https:\/\/www.instagram.com\/redelitoralrs","https:\/\/www.youtube.com\/@redelitoralrs"],"url":"https:\/\/redelitoralrs.com\/index.php\/author\/redacaotvlitoral\/"}]}},"_links":{"self":[{"href":"https:\/\/redelitoralrs.com\/index.php\/wp-json\/wp\/v2\/posts\/2652","targetHints":{"allow":["GET"]}}],"collection":[{"href":"https:\/\/redelitoralrs.com\/index.php\/wp-json\/wp\/v2\/posts"}],"about":[{"href":"https:\/\/redelitoralrs.com\/index.php\/wp-json\/wp\/v2\/types\/post"}],"author":[{"embeddable":true,"href":"https:\/\/redelitoralrs.com\/index.php\/wp-json\/wp\/v2\/users\/2"}],"replies":[{"embeddable":true,"href":"https:\/\/redelitoralrs.com\/index.php\/wp-json\/wp\/v2\/comments?post=2652"}],"version-history":[{"count":4,"href":"https:\/\/redelitoralrs.com\/index.php\/wp-json\/wp\/v2\/posts\/2652\/revisions"}],"predecessor-version":[{"id":2664,"href":"https:\/\/redelitoralrs.com\/index.php\/wp-json\/wp\/v2\/posts\/2652\/revisions\/2664"}],"wp:featuredmedia":[{"embeddable":true,"href":"https:\/\/redelitoralrs.com\/index.php\/wp-json\/wp\/v2\/media\/2653"}],"wp:attachment":[{"href":"https:\/\/redelitoralrs.com\/index.php\/wp-json\/wp\/v2\/media?parent=2652"}],"wp:term":[{"taxonomy":"category","embeddable":true,"href":"https:\/\/redelitoralrs.com\/index.php\/wp-json\/wp\/v2\/categories?post=2652"},{"taxonomy":"post_tag","embeddable":true,"href":"https:\/\/redelitoralrs.com\/index.php\/wp-json\/wp\/v2\/tags?post=2652"}],"curies":[{"name":"wp","href":"https:\/\/api.w.org\/{rel}","templated":true}]}}