{"id":2620,"date":"2024-08-19T17:19:19","date_gmt":"2024-08-19T20:19:19","guid":{"rendered":"https:\/\/redelitoralrs.com\/?p=2620"},"modified":"2024-08-19T17:31:21","modified_gmt":"2024-08-19T20:31:21","slug":"mulher-e-mantida-em-carcere-privado-apos-conhecer-homem-pelo-facebook-no-litoral-norte","status":"publish","type":"post","link":"https:\/\/redelitoralrs.com\/index.php\/2024\/08\/19\/mulher-e-mantida-em-carcere-privado-apos-conhecer-homem-pelo-facebook-no-litoral-norte\/","title":{"rendered":"Mulher \u00e9 mantida em c\u00e1rcere privado ap\u00f3s conhecer homem pelo Facebook no Litoral Norte"},"content":{"rendered":"\n<div class=\"wp-block-columns is-layout-flex wp-container-core-columns-is-layout-9d6595d7 wp-block-columns-is-layout-flex\">\n<div class=\"wp-block-column is-layout-flow wp-block-column-is-layout-flow\" style=\"flex-basis:100%\">\n<div class=\"wp-block-group is-vertical is-layout-flex wp-container-core-group-is-layout-8cf370e7 wp-block-group-is-layout-flex\">\n<p>Uma mulher foi v\u00edtima de c\u00e1rcere privado ap\u00f3s conhecer um homem por meio do Facebook no Litoral Norte do Rio Grande do Sul. Segundo as autoridades, o encontro, inicialmente virtual, levou a uma situa\u00e7\u00e3o alarmante quando a mulher foi for\u00e7ada a permanecer em um local controlado pelo homem.<\/p>\n\n\n\n<p>A situa\u00e7\u00e3o come\u00e7ou quando a v\u00edtima e o suspeito se conectaram nas redes sociais e decidiram se encontrar pessoalmente. O encontro, que parecia promissor, rapidamente se transformou em um pesadelo quando a mulher se viu confinada contra sua vontade.<\/p>\n\n\n\n<p>A pol\u00edcia foi acionada ap\u00f3s a mulher conseguir entrar em contato com familiares e amigos, que rapidamente notaram sua aus\u00eancia e alertaram as autoridades. A opera\u00e7\u00e3o policial resultou na liberta\u00e7\u00e3o da v\u00edtima e na pris\u00e3o do suspeito, que agora enfrenta acusa\u00e7\u00f5es graves.<\/p>\n\n\n\n<p>Este incidente ressalta a import\u00e2ncia de cautela ao interagir com pessoas desconhecidas online e destaca os riscos associados a encontros agendados com indiv\u00edduos encontrados em plataformas de redes sociais.<\/p>\n<\/div>\n<\/div>\n<\/div>\n\n\n\n<p>Laura Pires Haendchen<\/p>\n\n\n\n<p><\/p>\n\n\n\n<figure class=\"wp-block-image size-large\"><img fetchpriority=\"high\" decoding=\"async\" width=\"682\" height=\"1024\" src=\"https:\/\/redelitoralrs.com\/wp-content\/uploads\/2024\/08\/Imagem-do-WhatsApp-de-2024-08-19-as-17.30.43_b8bc854b-682x1024.jpg\" alt=\"\" class=\"wp-image-2626\" srcset=\"https:\/\/redelitoralrs.com\/wp-content\/uploads\/2024\/08\/Imagem-do-WhatsApp-de-2024-08-19-as-17.30.43_b8bc854b-682x1024.jpg 682w, https:\/\/redelitoralrs.com\/wp-content\/uploads\/2024\/08\/Imagem-do-WhatsApp-de-2024-08-19-as-17.30.43_b8bc854b-200x300.jpg 200w, https:\/\/redelitoralrs.com\/wp-content\/uploads\/2024\/08\/Imagem-do-WhatsApp-de-2024-08-19-as-17.30.43_b8bc854b-768x1153.jpg 768w, https:\/\/redelitoralrs.com\/wp-content\/uploads\/2024\/08\/Imagem-do-WhatsApp-de-2024-08-19-as-17.30.43_b8bc854b-1023x1536.jpg 1023w, https:\/\/redelitoralrs.com\/wp-content\/uploads\/2024\/08\/Imagem-do-WhatsApp-de-2024-08-19-as-17.30.43_b8bc854b.jpg 1066w\" sizes=\"(max-width: 682px) 100vw, 682px\" \/><\/figure>\n","protected":false},"excerpt":{"rendered":"<p>Uma mulher foi v\u00edtima de c\u00e1rcere privado ap\u00f3s conhecer um homem por meio do Facebook no Litoral Norte do Rio Grande do Sul. Segundo as autoridades, o encontro, inicialmente virtual, levou a uma situa\u00e7\u00e3o alarmante quando a mulher foi for\u00e7ada a permanecer em um local controlado pelo homem. A situa\u00e7\u00e3o come\u00e7ou quando a v\u00edtima e [&hellip;]<\/p>\n","protected":false},"author":2,"featured_media":2624,"comment_status":"open","ping_status":"open","sticky":false,"template":"","format":"standard","meta":{"_themeisle_gutenberg_block_has_review":false,"footnotes":""},"categories":[20,15],"tags":[],"class_list":["post-2620","post","type-post","status-publish","format-standard","has-post-thumbnail","hentry","category-litoral_norte","category-noticias"],"yoast_head":"<!-- This site is optimized with the Yoast SEO plugin v27.4 - https:\/\/yoast.com\/product\/yoast-seo-wordpress\/ -->\n<title>Mulher \u00e9 mantida em c\u00e1rcere privado ap\u00f3s conhecer homem pelo Facebook no Litoral Norte - Rede Litoral RS<\/title>\n<meta name=\"robots\" content=\"index, follow, max-snippet:-1, max-image-preview:large, max-video-preview:-1\" \/>\n<link rel=\"canonical\" href=\"https:\/\/redelitoralrs.com\/index.php\/2024\/08\/19\/mulher-e-mantida-em-carcere-privado-apos-conhecer-homem-pelo-facebook-no-litoral-norte\/\" \/>\n<meta property=\"og:locale\" content=\"pt_BR\" \/>\n<meta property=\"og:type\" content=\"article\" \/>\n<meta property=\"og:title\" content=\"Mulher \u00e9 mantida em c\u00e1rcere privado ap\u00f3s conhecer homem pelo Facebook no Litoral Norte - Rede Litoral RS\" \/>\n<meta property=\"og:description\" content=\"Uma mulher foi v\u00edtima de c\u00e1rcere privado ap\u00f3s conhecer um homem por meio do Facebook no Litoral Norte do Rio Grande do Sul. Segundo as autoridades, o encontro, inicialmente virtual, levou a uma situa\u00e7\u00e3o alarmante quando a mulher foi for\u00e7ada a permanecer em um local controlado pelo homem. A situa\u00e7\u00e3o come\u00e7ou quando a v\u00edtima e [&hellip;]\" \/>\n<meta property=\"og:url\" content=\"https:\/\/redelitoralrs.com\/index.php\/2024\/08\/19\/mulher-e-mantida-em-carcere-privado-apos-conhecer-homem-pelo-facebook-no-litoral-norte\/\" \/>\n<meta property=\"og:site_name\" content=\"Rede Litoral RS\" \/>\n<meta property=\"article:publisher\" content=\"https:\/\/www.facebook.com\/tvlitoralrsoficial\" \/>\n<meta property=\"article:published_time\" content=\"2024-08-19T20:19:19+00:00\" \/>\n<meta property=\"article:modified_time\" content=\"2024-08-19T20:31:21+00:00\" \/>\n<meta property=\"og:image\" content=\"https:\/\/redelitoralrs.com\/wp-content\/uploads\/2024\/08\/Imagem-do-WhatsApp-de-2024-08-19-as-17.26.45_8d46e29c.jpg\" \/>\n\t<meta property=\"og:image:width\" content=\"1470\" \/>\n\t<meta property=\"og:image:height\" content=\"980\" \/>\n\t<meta property=\"og:image:type\" content=\"image\/jpeg\" \/>\n<meta name=\"author\" content=\"Reda\u00e7\u00e3o TV Litoral\" \/>\n<meta name=\"twitter:card\" content=\"summary_large_image\" \/>\n<meta name=\"twitter:label1\" content=\"Escrito por\" \/>\n\t<meta name=\"twitter:data1\" content=\"Reda\u00e7\u00e3o TV Litoral\" \/>\n\t<meta name=\"twitter:label2\" content=\"Est. tempo de leitura\" \/>\n\t<meta name=\"twitter:data2\" content=\"2 minutos\" \/>\n<script type=\"application\/ld+json\" class=\"yoast-schema-graph\">{\"@context\":\"https:\\\/\\\/schema.org\",\"@graph\":[{\"@type\":\"Article\",\"@id\":\"https:\\\/\\\/redelitoralrs.com\\\/index.php\\\/2024\\\/08\\\/19\\\/mulher-e-mantida-em-carcere-privado-apos-conhecer-homem-pelo-facebook-no-litoral-norte\\\/#article\",\"isPartOf\":{\"@id\":\"https:\\\/\\\/redelitoralrs.com\\\/index.php\\\/2024\\\/08\\\/19\\\/mulher-e-mantida-em-carcere-privado-apos-conhecer-homem-pelo-facebook-no-litoral-norte\\\/\"},\"author\":{\"name\":\"Reda\u00e7\u00e3o TV Litoral\",\"@id\":\"https:\\\/\\\/redelitoralrs.com\\\/#\\\/schema\\\/person\\\/9f8181f2a7359dd3986f05ebaf5bd68a\"},\"headline\":\"Mulher \u00e9 mantida em c\u00e1rcere privado ap\u00f3s conhecer homem pelo Facebook no Litoral Norte\",\"datePublished\":\"2024-08-19T20:19:19+00:00\",\"dateModified\":\"2024-08-19T20:31:21+00:00\",\"mainEntityOfPage\":{\"@id\":\"https:\\\/\\\/redelitoralrs.com\\\/index.php\\\/2024\\\/08\\\/19\\\/mulher-e-mantida-em-carcere-privado-apos-conhecer-homem-pelo-facebook-no-litoral-norte\\\/\"},\"wordCount\":194,\"commentCount\":0,\"publisher\":{\"@id\":\"https:\\\/\\\/redelitoralrs.com\\\/#organization\"},\"image\":{\"@id\":\"https:\\\/\\\/redelitoralrs.com\\\/index.php\\\/2024\\\/08\\\/19\\\/mulher-e-mantida-em-carcere-privado-apos-conhecer-homem-pelo-facebook-no-litoral-norte\\\/#primaryimage\"},\"thumbnailUrl\":\"https:\\\/\\\/redelitoralrs.com\\\/wp-content\\\/uploads\\\/2024\\\/08\\\/Imagem-do-WhatsApp-de-2024-08-19-as-17.26.45_8d46e29c.jpg\",\"articleSection\":[\"Litoral Norte\",\"\u00daltimas not\u00edcias\"],\"inLanguage\":\"pt-BR\",\"potentialAction\":[{\"@type\":\"CommentAction\",\"name\":\"Comment\",\"target\":[\"https:\\\/\\\/redelitoralrs.com\\\/index.php\\\/2024\\\/08\\\/19\\\/mulher-e-mantida-em-carcere-privado-apos-conhecer-homem-pelo-facebook-no-litoral-norte\\\/#respond\"]}]},{\"@type\":\"WebPage\",\"@id\":\"https:\\\/\\\/redelitoralrs.com\\\/index.php\\\/2024\\\/08\\\/19\\\/mulher-e-mantida-em-carcere-privado-apos-conhecer-homem-pelo-facebook-no-litoral-norte\\\/\",\"url\":\"https:\\\/\\\/redelitoralrs.com\\\/index.php\\\/2024\\\/08\\\/19\\\/mulher-e-mantida-em-carcere-privado-apos-conhecer-homem-pelo-facebook-no-litoral-norte\\\/\",\"name\":\"Mulher \u00e9 mantida em c\u00e1rcere privado ap\u00f3s conhecer homem pelo Facebook no Litoral Norte - Rede Litoral RS\",\"isPartOf\":{\"@id\":\"https:\\\/\\\/redelitoralrs.com\\\/#website\"},\"primaryImageOfPage\":{\"@id\":\"https:\\\/\\\/redelitoralrs.com\\\/index.php\\\/2024\\\/08\\\/19\\\/mulher-e-mantida-em-carcere-privado-apos-conhecer-homem-pelo-facebook-no-litoral-norte\\\/#primaryimage\"},\"image\":{\"@id\":\"https:\\\/\\\/redelitoralrs.com\\\/index.php\\\/2024\\\/08\\\/19\\\/mulher-e-mantida-em-carcere-privado-apos-conhecer-homem-pelo-facebook-no-litoral-norte\\\/#primaryimage\"},\"thumbnailUrl\":\"https:\\\/\\\/redelitoralrs.com\\\/wp-content\\\/uploads\\\/2024\\\/08\\\/Imagem-do-WhatsApp-de-2024-08-19-as-17.26.45_8d46e29c.jpg\",\"datePublished\":\"2024-08-19T20:19:19+00:00\",\"dateModified\":\"2024-08-19T20:31:21+00:00\",\"breadcrumb\":{\"@id\":\"https:\\\/\\\/redelitoralrs.com\\\/index.php\\\/2024\\\/08\\\/19\\\/mulher-e-mantida-em-carcere-privado-apos-conhecer-homem-pelo-facebook-no-litoral-norte\\\/#breadcrumb\"},\"inLanguage\":\"pt-BR\",\"potentialAction\":[{\"@type\":\"ReadAction\",\"target\":[\"https:\\\/\\\/redelitoralrs.com\\\/index.php\\\/2024\\\/08\\\/19\\\/mulher-e-mantida-em-carcere-privado-apos-conhecer-homem-pelo-facebook-no-litoral-norte\\\/\"]}]},{\"@type\":\"ImageObject\",\"inLanguage\":\"pt-BR\",\"@id\":\"https:\\\/\\\/redelitoralrs.com\\\/index.php\\\/2024\\\/08\\\/19\\\/mulher-e-mantida-em-carcere-privado-apos-conhecer-homem-pelo-facebook-no-litoral-norte\\\/#primaryimage\",\"url\":\"https:\\\/\\\/redelitoralrs.com\\\/wp-content\\\/uploads\\\/2024\\\/08\\\/Imagem-do-WhatsApp-de-2024-08-19-as-17.26.45_8d46e29c.jpg\",\"contentUrl\":\"https:\\\/\\\/redelitoralrs.com\\\/wp-content\\\/uploads\\\/2024\\\/08\\\/Imagem-do-WhatsApp-de-2024-08-19-as-17.26.45_8d46e29c.jpg\",\"width\":1470,\"height\":980},{\"@type\":\"BreadcrumbList\",\"@id\":\"https:\\\/\\\/redelitoralrs.com\\\/index.php\\\/2024\\\/08\\\/19\\\/mulher-e-mantida-em-carcere-privado-apos-conhecer-homem-pelo-facebook-no-litoral-norte\\\/#breadcrumb\",\"itemListElement\":[{\"@type\":\"ListItem\",\"position\":1,\"name\":\"In\u00edcio\",\"item\":\"https:\\\/\\\/redelitoralrs.com\\\/\"},{\"@type\":\"ListItem\",\"position\":2,\"name\":\"Mulher \u00e9 mantida em c\u00e1rcere privado ap\u00f3s conhecer homem pelo Facebook no Litoral Norte\"}]},{\"@type\":\"WebSite\",\"@id\":\"https:\\\/\\\/redelitoralrs.com\\\/#website\",\"url\":\"https:\\\/\\\/redelitoralrs.com\\\/\",\"name\":\"TV Litoral\",\"description\":\"Acompanhe tudo do litoral ga\u00facho com a cobertura completa e atualizada da Rede Litoral RS. Nossos jornalistas trazem as \u00faltimas not\u00edcias, os acontecimentos mais quentes e as hist\u00f3rias que importam sobre nosso amado litoral.\",\"publisher\":{\"@id\":\"https:\\\/\\\/redelitoralrs.com\\\/#organization\"},\"potentialAction\":[{\"@type\":\"SearchAction\",\"target\":{\"@type\":\"EntryPoint\",\"urlTemplate\":\"https:\\\/\\\/redelitoralrs.com\\\/?s={search_term_string}\"},\"query-input\":{\"@type\":\"PropertyValueSpecification\",\"valueRequired\":true,\"valueName\":\"search_term_string\"}}],\"inLanguage\":\"pt-BR\"},{\"@type\":\"Organization\",\"@id\":\"https:\\\/\\\/redelitoralrs.com\\\/#organization\",\"name\":\"TV Litoral\",\"url\":\"https:\\\/\\\/redelitoralrs.com\\\/\",\"logo\":{\"@type\":\"ImageObject\",\"inLanguage\":\"pt-BR\",\"@id\":\"https:\\\/\\\/redelitoralrs.com\\\/#\\\/schema\\\/logo\\\/image\\\/\",\"url\":\"https:\\\/\\\/redelitoralrs.com\\\/wp-content\\\/uploads\\\/2024\\\/01\\\/faviconicon-1-1.png\",\"contentUrl\":\"https:\\\/\\\/redelitoralrs.com\\\/wp-content\\\/uploads\\\/2024\\\/01\\\/faviconicon-1-1.png\",\"width\":454,\"height\":454,\"caption\":\"TV Litoral\"},\"image\":{\"@id\":\"https:\\\/\\\/redelitoralrs.com\\\/#\\\/schema\\\/logo\\\/image\\\/\"},\"sameAs\":[\"https:\\\/\\\/www.facebook.com\\\/tvlitoralrsoficial\",\"https:\\\/\\\/www.instagram.com\\\/tvlitoral.rs\"]},{\"@type\":\"Person\",\"@id\":\"https:\\\/\\\/redelitoralrs.com\\\/#\\\/schema\\\/person\\\/9f8181f2a7359dd3986f05ebaf5bd68a\",\"name\":\"Reda\u00e7\u00e3o TV Litoral\",\"image\":{\"@type\":\"ImageObject\",\"inLanguage\":\"pt-BR\",\"@id\":\"https:\\\/\\\/redelitoralrs.com\\\/wp-content\\\/litespeed\\\/avatar\\\/779aafbb45e66c7f82733e21abb48259.jpg?ver=1777561602\",\"url\":\"https:\\\/\\\/redelitoralrs.com\\\/wp-content\\\/litespeed\\\/avatar\\\/779aafbb45e66c7f82733e21abb48259.jpg?ver=1777561602\",\"contentUrl\":\"https:\\\/\\\/redelitoralrs.com\\\/wp-content\\\/litespeed\\\/avatar\\\/779aafbb45e66c7f82733e21abb48259.jpg?ver=1777561602\",\"caption\":\"Reda\u00e7\u00e3o TV Litoral\"},\"description\":\"A Rede Litoral de Comunica\u00e7\u00e3o \u00e9 um grupo de m\u00eddia multiplataforma do Litoral Norte do RS. Com atua\u00e7\u00e3o em TV, r\u00e1dio, portal e redes sociais, levamos informa\u00e7\u00e3o, conte\u00fado e entretenimento \u00e0 comunidade, fortalecendo a comunica\u00e7\u00e3o local e impulsionando o desenvolvimento regional. Acompanhe atrav\u00e9s de @redelitoralrs.\",\"sameAs\":[\"https:\\\/\\\/redelitoralrs.com\",\"https:\\\/\\\/www.instagram.com\\\/redelitoralrs\",\"https:\\\/\\\/www.youtube.com\\\/@redelitoralrs\"],\"url\":\"https:\\\/\\\/redelitoralrs.com\\\/index.php\\\/author\\\/redacaotvlitoral\\\/\"}]}<\/script>\n<!-- \/ Yoast SEO plugin. -->","yoast_head_json":{"title":"Mulher \u00e9 mantida em c\u00e1rcere privado ap\u00f3s conhecer homem pelo Facebook no Litoral Norte - Rede Litoral RS","robots":{"index":"index","follow":"follow","max-snippet":"max-snippet:-1","max-image-preview":"max-image-preview:large","max-video-preview":"max-video-preview:-1"},"canonical":"https:\/\/redelitoralrs.com\/index.php\/2024\/08\/19\/mulher-e-mantida-em-carcere-privado-apos-conhecer-homem-pelo-facebook-no-litoral-norte\/","og_locale":"pt_BR","og_type":"article","og_title":"Mulher \u00e9 mantida em c\u00e1rcere privado ap\u00f3s conhecer homem pelo Facebook no Litoral Norte - Rede Litoral RS","og_description":"Uma mulher foi v\u00edtima de c\u00e1rcere privado ap\u00f3s conhecer um homem por meio do Facebook no Litoral Norte do Rio Grande do Sul. Segundo as autoridades, o encontro, inicialmente virtual, levou a uma situa\u00e7\u00e3o alarmante quando a mulher foi for\u00e7ada a permanecer em um local controlado pelo homem. A situa\u00e7\u00e3o come\u00e7ou quando a v\u00edtima e [&hellip;]","og_url":"https:\/\/redelitoralrs.com\/index.php\/2024\/08\/19\/mulher-e-mantida-em-carcere-privado-apos-conhecer-homem-pelo-facebook-no-litoral-norte\/","og_site_name":"Rede Litoral RS","article_publisher":"https:\/\/www.facebook.com\/tvlitoralrsoficial","article_published_time":"2024-08-19T20:19:19+00:00","article_modified_time":"2024-08-19T20:31:21+00:00","og_image":[{"width":1470,"height":980,"url":"https:\/\/redelitoralrs.com\/wp-content\/uploads\/2024\/08\/Imagem-do-WhatsApp-de-2024-08-19-as-17.26.45_8d46e29c.jpg","type":"image\/jpeg"}],"author":"Reda\u00e7\u00e3o TV Litoral","twitter_card":"summary_large_image","twitter_misc":{"Escrito por":"Reda\u00e7\u00e3o TV Litoral","Est. tempo de leitura":"2 minutos"},"schema":{"@context":"https:\/\/schema.org","@graph":[{"@type":"Article","@id":"https:\/\/redelitoralrs.com\/index.php\/2024\/08\/19\/mulher-e-mantida-em-carcere-privado-apos-conhecer-homem-pelo-facebook-no-litoral-norte\/#article","isPartOf":{"@id":"https:\/\/redelitoralrs.com\/index.php\/2024\/08\/19\/mulher-e-mantida-em-carcere-privado-apos-conhecer-homem-pelo-facebook-no-litoral-norte\/"},"author":{"name":"Reda\u00e7\u00e3o TV Litoral","@id":"https:\/\/redelitoralrs.com\/#\/schema\/person\/9f8181f2a7359dd3986f05ebaf5bd68a"},"headline":"Mulher \u00e9 mantida em c\u00e1rcere privado ap\u00f3s conhecer homem pelo Facebook no Litoral Norte","datePublished":"2024-08-19T20:19:19+00:00","dateModified":"2024-08-19T20:31:21+00:00","mainEntityOfPage":{"@id":"https:\/\/redelitoralrs.com\/index.php\/2024\/08\/19\/mulher-e-mantida-em-carcere-privado-apos-conhecer-homem-pelo-facebook-no-litoral-norte\/"},"wordCount":194,"commentCount":0,"publisher":{"@id":"https:\/\/redelitoralrs.com\/#organization"},"image":{"@id":"https:\/\/redelitoralrs.com\/index.php\/2024\/08\/19\/mulher-e-mantida-em-carcere-privado-apos-conhecer-homem-pelo-facebook-no-litoral-norte\/#primaryimage"},"thumbnailUrl":"https:\/\/redelitoralrs.com\/wp-content\/uploads\/2024\/08\/Imagem-do-WhatsApp-de-2024-08-19-as-17.26.45_8d46e29c.jpg","articleSection":["Litoral Norte","\u00daltimas not\u00edcias"],"inLanguage":"pt-BR","potentialAction":[{"@type":"CommentAction","name":"Comment","target":["https:\/\/redelitoralrs.com\/index.php\/2024\/08\/19\/mulher-e-mantida-em-carcere-privado-apos-conhecer-homem-pelo-facebook-no-litoral-norte\/#respond"]}]},{"@type":"WebPage","@id":"https:\/\/redelitoralrs.com\/index.php\/2024\/08\/19\/mulher-e-mantida-em-carcere-privado-apos-conhecer-homem-pelo-facebook-no-litoral-norte\/","url":"https:\/\/redelitoralrs.com\/index.php\/2024\/08\/19\/mulher-e-mantida-em-carcere-privado-apos-conhecer-homem-pelo-facebook-no-litoral-norte\/","name":"Mulher \u00e9 mantida em c\u00e1rcere privado ap\u00f3s conhecer homem pelo Facebook no Litoral Norte - Rede Litoral RS","isPartOf":{"@id":"https:\/\/redelitoralrs.com\/#website"},"primaryImageOfPage":{"@id":"https:\/\/redelitoralrs.com\/index.php\/2024\/08\/19\/mulher-e-mantida-em-carcere-privado-apos-conhecer-homem-pelo-facebook-no-litoral-norte\/#primaryimage"},"image":{"@id":"https:\/\/redelitoralrs.com\/index.php\/2024\/08\/19\/mulher-e-mantida-em-carcere-privado-apos-conhecer-homem-pelo-facebook-no-litoral-norte\/#primaryimage"},"thumbnailUrl":"https:\/\/redelitoralrs.com\/wp-content\/uploads\/2024\/08\/Imagem-do-WhatsApp-de-2024-08-19-as-17.26.45_8d46e29c.jpg","datePublished":"2024-08-19T20:19:19+00:00","dateModified":"2024-08-19T20:31:21+00:00","breadcrumb":{"@id":"https:\/\/redelitoralrs.com\/index.php\/2024\/08\/19\/mulher-e-mantida-em-carcere-privado-apos-conhecer-homem-pelo-facebook-no-litoral-norte\/#breadcrumb"},"inLanguage":"pt-BR","potentialAction":[{"@type":"ReadAction","target":["https:\/\/redelitoralrs.com\/index.php\/2024\/08\/19\/mulher-e-mantida-em-carcere-privado-apos-conhecer-homem-pelo-facebook-no-litoral-norte\/"]}]},{"@type":"ImageObject","inLanguage":"pt-BR","@id":"https:\/\/redelitoralrs.com\/index.php\/2024\/08\/19\/mulher-e-mantida-em-carcere-privado-apos-conhecer-homem-pelo-facebook-no-litoral-norte\/#primaryimage","url":"https:\/\/redelitoralrs.com\/wp-content\/uploads\/2024\/08\/Imagem-do-WhatsApp-de-2024-08-19-as-17.26.45_8d46e29c.jpg","contentUrl":"https:\/\/redelitoralrs.com\/wp-content\/uploads\/2024\/08\/Imagem-do-WhatsApp-de-2024-08-19-as-17.26.45_8d46e29c.jpg","width":1470,"height":980},{"@type":"BreadcrumbList","@id":"https:\/\/redelitoralrs.com\/index.php\/2024\/08\/19\/mulher-e-mantida-em-carcere-privado-apos-conhecer-homem-pelo-facebook-no-litoral-norte\/#breadcrumb","itemListElement":[{"@type":"ListItem","position":1,"name":"In\u00edcio","item":"https:\/\/redelitoralrs.com\/"},{"@type":"ListItem","position":2,"name":"Mulher \u00e9 mantida em c\u00e1rcere privado ap\u00f3s conhecer homem pelo Facebook no Litoral Norte"}]},{"@type":"WebSite","@id":"https:\/\/redelitoralrs.com\/#website","url":"https:\/\/redelitoralrs.com\/","name":"TV Litoral","description":"Acompanhe tudo do litoral ga\u00facho com a cobertura completa e atualizada da Rede Litoral RS. Nossos jornalistas trazem as \u00faltimas not\u00edcias, os acontecimentos mais quentes e as hist\u00f3rias que importam sobre nosso amado litoral.","publisher":{"@id":"https:\/\/redelitoralrs.com\/#organization"},"potentialAction":[{"@type":"SearchAction","target":{"@type":"EntryPoint","urlTemplate":"https:\/\/redelitoralrs.com\/?s={search_term_string}"},"query-input":{"@type":"PropertyValueSpecification","valueRequired":true,"valueName":"search_term_string"}}],"inLanguage":"pt-BR"},{"@type":"Organization","@id":"https:\/\/redelitoralrs.com\/#organization","name":"TV Litoral","url":"https:\/\/redelitoralrs.com\/","logo":{"@type":"ImageObject","inLanguage":"pt-BR","@id":"https:\/\/redelitoralrs.com\/#\/schema\/logo\/image\/","url":"https:\/\/redelitoralrs.com\/wp-content\/uploads\/2024\/01\/faviconicon-1-1.png","contentUrl":"https:\/\/redelitoralrs.com\/wp-content\/uploads\/2024\/01\/faviconicon-1-1.png","width":454,"height":454,"caption":"TV Litoral"},"image":{"@id":"https:\/\/redelitoralrs.com\/#\/schema\/logo\/image\/"},"sameAs":["https:\/\/www.facebook.com\/tvlitoralrsoficial","https:\/\/www.instagram.com\/tvlitoral.rs"]},{"@type":"Person","@id":"https:\/\/redelitoralrs.com\/#\/schema\/person\/9f8181f2a7359dd3986f05ebaf5bd68a","name":"Reda\u00e7\u00e3o TV Litoral","image":{"@type":"ImageObject","inLanguage":"pt-BR","@id":"https:\/\/redelitoralrs.com\/wp-content\/litespeed\/avatar\/779aafbb45e66c7f82733e21abb48259.jpg?ver=1777561602","url":"https:\/\/redelitoralrs.com\/wp-content\/litespeed\/avatar\/779aafbb45e66c7f82733e21abb48259.jpg?ver=1777561602","contentUrl":"https:\/\/redelitoralrs.com\/wp-content\/litespeed\/avatar\/779aafbb45e66c7f82733e21abb48259.jpg?ver=1777561602","caption":"Reda\u00e7\u00e3o TV Litoral"},"description":"A Rede Litoral de Comunica\u00e7\u00e3o \u00e9 um grupo de m\u00eddia multiplataforma do Litoral Norte do RS. Com atua\u00e7\u00e3o em TV, r\u00e1dio, portal e redes sociais, levamos informa\u00e7\u00e3o, conte\u00fado e entretenimento \u00e0 comunidade, fortalecendo a comunica\u00e7\u00e3o local e impulsionando o desenvolvimento regional. Acompanhe atrav\u00e9s de @redelitoralrs.","sameAs":["https:\/\/redelitoralrs.com","https:\/\/www.instagram.com\/redelitoralrs","https:\/\/www.youtube.com\/@redelitoralrs"],"url":"https:\/\/redelitoralrs.com\/index.php\/author\/redacaotvlitoral\/"}]}},"_links":{"self":[{"href":"https:\/\/redelitoralrs.com\/index.php\/wp-json\/wp\/v2\/posts\/2620","targetHints":{"allow":["GET"]}}],"collection":[{"href":"https:\/\/redelitoralrs.com\/index.php\/wp-json\/wp\/v2\/posts"}],"about":[{"href":"https:\/\/redelitoralrs.com\/index.php\/wp-json\/wp\/v2\/types\/post"}],"author":[{"embeddable":true,"href":"https:\/\/redelitoralrs.com\/index.php\/wp-json\/wp\/v2\/users\/2"}],"replies":[{"embeddable":true,"href":"https:\/\/redelitoralrs.com\/index.php\/wp-json\/wp\/v2\/comments?post=2620"}],"version-history":[{"count":2,"href":"https:\/\/redelitoralrs.com\/index.php\/wp-json\/wp\/v2\/posts\/2620\/revisions"}],"predecessor-version":[{"id":2627,"href":"https:\/\/redelitoralrs.com\/index.php\/wp-json\/wp\/v2\/posts\/2620\/revisions\/2627"}],"wp:featuredmedia":[{"embeddable":true,"href":"https:\/\/redelitoralrs.com\/index.php\/wp-json\/wp\/v2\/media\/2624"}],"wp:attachment":[{"href":"https:\/\/redelitoralrs.com\/index.php\/wp-json\/wp\/v2\/media?parent=2620"}],"wp:term":[{"taxonomy":"category","embeddable":true,"href":"https:\/\/redelitoralrs.com\/index.php\/wp-json\/wp\/v2\/categories?post=2620"},{"taxonomy":"post_tag","embeddable":true,"href":"https:\/\/redelitoralrs.com\/index.php\/wp-json\/wp\/v2\/tags?post=2620"}],"curies":[{"name":"wp","href":"https:\/\/api.w.org\/{rel}","templated":true}]}}