{"id":2583,"date":"2024-08-17T21:27:48","date_gmt":"2024-08-18T00:27:48","guid":{"rendered":"https:\/\/redelitoralrs.com\/?p=2583"},"modified":"2024-08-17T21:29:53","modified_gmt":"2024-08-18T00:29:53","slug":"morre-o-apresentador-silvio-santos-aos-93-anos","status":"publish","type":"post","link":"https:\/\/redelitoralrs.com\/index.php\/2024\/08\/17\/morre-o-apresentador-silvio-santos-aos-93-anos\/","title":{"rendered":"Morre o apresentador Silvio Santos aos 93 anos!"},"content":{"rendered":"<style type=\"text\/css\">.otter-masonry .blocks-gallery-grid .blocks-gallery-item img{ width:100% }<\/style><div class=\"otter-masonry\" data-margin=\"10\">\n<figure class=\"wp-block-gallery has-nested-images columns-default is-cropped wp-block-gallery-1 is-layout-flex wp-block-gallery-is-layout-flex\">\n<figure class=\"wp-block-image size-large\"><img fetchpriority=\"high\" decoding=\"async\" width=\"506\" height=\"606\" data-id=\"2584\" src=\"https:\/\/redelitoralrs.com\/wp-content\/uploads\/2024\/08\/silvio-sanntos-1.jpg\" alt=\"\" class=\"wp-image-2584\" srcset=\"https:\/\/redelitoralrs.com\/wp-content\/uploads\/2024\/08\/silvio-sanntos-1.jpg 506w, https:\/\/redelitoralrs.com\/wp-content\/uploads\/2024\/08\/silvio-sanntos-1-250x300.jpg 250w\" sizes=\"(max-width: 506px) 100vw, 506px\" \/><\/figure>\n<\/figure>\n<\/div>\n\n\n<p>Silvio Santos \u00e9 conhecido por seu bord\u00e3o &#8220;Quem quer dinheiro?&#8221; e por distribuir avi\u00f5ezinhos de dinheiro para a plateia durante seus programas.<\/p>\n\n\n\n<p>Ele foi o \u00fanico apresentador de televis\u00e3o que tamb\u00e9m foi candidato \u00e0 presid\u00eancia da Rep\u00fablica, em 1989, mas sua candidatura foi impugnada.<\/p>\n\n\n\n<p>A hist\u00f3ria de Silvio Santos \u00e9 um exemplo cl\u00e1ssico de sucesso alcan\u00e7ado atrav\u00e9s de trabalho \u00e1rduo, carisma e um talento \u00fanico para a comunica\u00e7\u00e3o.<\/p>\n\n\n\n<p>Silvio \u00e9 casado com Iris Abravanel desde 1978, e o casal tem seis filhas. Ele \u00e9 conhecido por seu estilo de vida discreto, apesar da fama e riqueza. Silvio Santos \u00e9 admirado por sua capacidade de se reinventar ao longo dos anos e por seu carisma inigual\u00e1vel.<\/p>\n\n\n\n<p>Nos anos 1960, Silvio Santos iniciou sua carreira na televis\u00e3o. Ele apresentava programas de audit\u00f3rio, nos quais interagia diretamente com o p\u00fablico. Sua popularidade cresceu rapidamente, e em 1961, ele lan\u00e7ou o &#8220;Programa Silvio Santos&#8221;, que se tornaria um dos mais longevos e ic\u00f4nicos da TV brasileira.<\/p>\n\n\n\n<p>Seu legado vai al\u00e9m da televis\u00e3o e dos neg\u00f3cios; ele \u00e9 considerado um exemplo de perseveran\u00e7a e sucesso. At\u00e9 hoje, mesmo aos 90 anos, Silvio Santos continua ativo na televis\u00e3o, encantando gera\u00e7\u00f5es de brasileiros.<\/p>\n\n\n\n<p>Em 1981, Silvio Santos fundou o Sistema Brasileiro de Televis\u00e3o (SBT), uma das principais emissoras do pa\u00eds. O SBT se destacou por oferecer uma programa\u00e7\u00e3o variada e por competir diretamente com a Rede Globo, que dominava o mercado televisivo na \u00e9poca.<\/p>\n\n\n\n<p>Al\u00e9m de sua carreira na televis\u00e3o, Silvio Santos \u00e9 um empres\u00e1rio de sucesso. Ele \u00e9 dono do Grupo Silvio Santos, que inclui diversas empresas, como o Ba\u00fa da Felicidade, a Jequiti Cosm\u00e9ticos e o Hotel Jequitimar. Sua fortuna \u00e9 estimada em bilh\u00f5es de reais, tornando-o um dos homens mais ricos do Brasil.<\/p>\n\n\n<div class=\"wp-block-themeisle-blocks-posts-grid\" id=\"wp-block-themeisle-blocks-posts-grid-e9afc035\"><div class=\"is-grid o-posts-grid-columns-3\"><div class=\"o-posts-grid-post-blog o-posts-grid-post-plain\"><div class=\"o-posts-grid-post\"><div class=\"o-posts-grid-post-image\"><a href=\"https:\/\/redelitoralrs.com\/index.php\/2026\/04\/29\/policia-civil-investiga-suspeita-de-fraude-para-obtencao-de-morfina-em-upa-de-cruz-alta\/\"><img decoding=\"async\" width=\"1200\" height=\"800\" src=\"https:\/\/redelitoralrs.com\/wp-content\/uploads\/2026\/04\/morfina.jpg\" class=\"attachment-full size-full\" alt=\"Pol\u00edcia Civil investiga suspeita de fraude para obten\u00e7\u00e3o de morfina em UPA de Cruz Alta\" srcset=\"https:\/\/redelitoralrs.com\/wp-content\/uploads\/2026\/04\/morfina.jpg 1200w, https:\/\/redelitoralrs.com\/wp-content\/uploads\/2026\/04\/morfina-300x200.jpg 300w, https:\/\/redelitoralrs.com\/wp-content\/uploads\/2026\/04\/morfina-1024x683.jpg 1024w, https:\/\/redelitoralrs.com\/wp-content\/uploads\/2026\/04\/morfina-768x512.jpg 768w\" sizes=\"(max-width: 1200px) 100vw, 1200px\" \/><\/a><\/div><div class=\"o-posts-grid-post-body\"><span class=\"o-posts-grid-post-category\"><a href=\"https:\/\/redelitoralrs.com\/index.php\/category\/policia\/\">Pol\u00edcia<\/a><\/span><h4 class=\"o-posts-grid-post-title\"><a href=\"https:\/\/redelitoralrs.com\/index.php\/2026\/04\/29\/policia-civil-investiga-suspeita-de-fraude-para-obtencao-de-morfina-em-upa-de-cruz-alta\/\">Pol\u00edcia Civil investiga suspeita de fraude para obten\u00e7\u00e3o de morfina em UPA de Cruz Alta<\/a><\/h4><p class=\"o-posts-grid-post-meta\">Posted on <time datetime=\"2026-04-29T16:04:54-03:00\">29 de abril de 2026<\/time> by <a href=\"https:\/\/redelitoralrs.com\/index.php\/author\/redacaotvlitoral\/\">Reda\u00e7\u00e3o TV Litoral<\/a><\/p><div class=\"o-posts-grid-post-description\"><p>A Pol\u00edcia Civil do Rio Grande do Sul investiga uma paciente suspeita de falsificar laudos e receitas\u2026<\/p><\/div><\/div><\/div><\/div><div class=\"o-posts-grid-post-blog o-posts-grid-post-plain\"><div class=\"o-posts-grid-post\"><div class=\"o-posts-grid-post-image\"><a href=\"https:\/\/redelitoralrs.com\/index.php\/2026\/04\/29\/porto-alegre-amplia-leitos-hospitalares-e-vagas-em-abrigos-com-inicio-antecipado-da-operacao-inverno\/\"><img decoding=\"async\" width=\"1400\" height=\"932\" src=\"https:\/\/redelitoralrs.com\/wp-content\/uploads\/2026\/04\/6115182_27f4a179df10b0a.webp\" class=\"attachment-full size-full\" alt=\"Porto Alegre amplia leitos hospitalares e vagas em abrigos com in\u00edcio antecipado da Opera\u00e7\u00e3o Inverno\" srcset=\"https:\/\/redelitoralrs.com\/wp-content\/uploads\/2026\/04\/6115182_27f4a179df10b0a.webp 1400w, https:\/\/redelitoralrs.com\/wp-content\/uploads\/2026\/04\/6115182_27f4a179df10b0a-300x200.webp 300w, https:\/\/redelitoralrs.com\/wp-content\/uploads\/2026\/04\/6115182_27f4a179df10b0a-1024x682.webp 1024w, https:\/\/redelitoralrs.com\/wp-content\/uploads\/2026\/04\/6115182_27f4a179df10b0a-768x511.webp 768w\" sizes=\"(max-width: 1400px) 100vw, 1400px\" \/><\/a><\/div><div class=\"o-posts-grid-post-body\"><span class=\"o-posts-grid-post-category\"><a href=\"https:\/\/redelitoralrs.com\/index.php\/category\/noticias\/rio-grande-do-sul\/\">Rio Grande do Sul<\/a><\/span><h4 class=\"o-posts-grid-post-title\"><a href=\"https:\/\/redelitoralrs.com\/index.php\/2026\/04\/29\/porto-alegre-amplia-leitos-hospitalares-e-vagas-em-abrigos-com-inicio-antecipado-da-operacao-inverno\/\">Porto Alegre amplia leitos hospitalares e vagas em abrigos com in\u00edcio antecipado da Opera\u00e7\u00e3o Inverno<\/a><\/h4><p class=\"o-posts-grid-post-meta\">Posted on <time datetime=\"2026-04-29T15:59:33-03:00\">29 de abril de 2026<\/time> by <a href=\"https:\/\/redelitoralrs.com\/index.php\/author\/redacaotvlitoral\/\">Reda\u00e7\u00e3o TV Litoral<\/a><\/p><div class=\"o-posts-grid-post-description\"><p>A Prefeitura de Porto Alegre anunciou, nesta quarta-feira (29), a abertura de 152 novos leitos hospi\u2026<\/p><\/div><\/div><\/div><\/div><div class=\"o-posts-grid-post-blog o-posts-grid-post-plain\"><div class=\"o-posts-grid-post\"><div class=\"o-posts-grid-post-image\"><a href=\"https:\/\/redelitoralrs.com\/index.php\/2026\/04\/29\/operacao-prende-seis-suspeitos-de-golpe-que-causou-prejuizo-de-r331-mil-a-medica-de-pelotas\/\"><img loading=\"lazy\" decoding=\"async\" width=\"1400\" height=\"1400\" src=\"https:\/\/redelitoralrs.com\/wp-content\/uploads\/2026\/04\/6114962_cd04085dcc2bbb6.webp\" class=\"attachment-full size-full\" alt=\"Opera\u00e7\u00e3o prende seis suspeitos de golpe que causou preju\u00edzo de R$331 mil a m\u00e9dica de Pelotas\" srcset=\"https:\/\/redelitoralrs.com\/wp-content\/uploads\/2026\/04\/6114962_cd04085dcc2bbb6.webp 1400w, https:\/\/redelitoralrs.com\/wp-content\/uploads\/2026\/04\/6114962_cd04085dcc2bbb6-300x300.webp 300w, https:\/\/redelitoralrs.com\/wp-content\/uploads\/2026\/04\/6114962_cd04085dcc2bbb6-1024x1024.webp 1024w, https:\/\/redelitoralrs.com\/wp-content\/uploads\/2026\/04\/6114962_cd04085dcc2bbb6-150x150.webp 150w, https:\/\/redelitoralrs.com\/wp-content\/uploads\/2026\/04\/6114962_cd04085dcc2bbb6-768x768.webp 768w\" sizes=\"(max-width: 1400px) 100vw, 1400px\" \/><\/a><\/div><div class=\"o-posts-grid-post-body\"><span class=\"o-posts-grid-post-category\"><a href=\"https:\/\/redelitoralrs.com\/index.php\/category\/policia\/\">Pol\u00edcia<\/a><\/span><h4 class=\"o-posts-grid-post-title\"><a href=\"https:\/\/redelitoralrs.com\/index.php\/2026\/04\/29\/operacao-prende-seis-suspeitos-de-golpe-que-causou-prejuizo-de-r331-mil-a-medica-de-pelotas\/\">Opera\u00e7\u00e3o prende seis suspeitos de golpe que causou preju\u00edzo de R$331 mil a m\u00e9dica de Pelotas<\/a><\/h4><p class=\"o-posts-grid-post-meta\">Posted on <time datetime=\"2026-04-29T15:32:46-03:00\">29 de abril de 2026<\/time> by <a href=\"https:\/\/redelitoralrs.com\/index.php\/author\/redacaotvlitoral\/\">Reda\u00e7\u00e3o TV Litoral<\/a><\/p><div class=\"o-posts-grid-post-description\"><p>Uma opera\u00e7\u00e3o da Pol\u00edcia Civil do Rio Grande do Sul prendeu seis pessoas nesta quarta-feira (29) dura\u2026<\/p><\/div><\/div><\/div><\/div><div class=\"o-posts-grid-post-blog o-posts-grid-post-plain\"><div class=\"o-posts-grid-post\"><div class=\"o-posts-grid-post-image\"><a href=\"https:\/\/redelitoralrs.com\/index.php\/2026\/04\/29\/cidreira-retoma-festa-estadual-do-camarao-e-reforca-estrutura-do-turismo-no-municipio\/\"><img loading=\"lazy\" decoding=\"async\" width=\"578\" height=\"350\" src=\"https:\/\/redelitoralrs.com\/wp-content\/uploads\/2026\/04\/3Capturar.png\" class=\"attachment-full size-full\" alt=\"Cidreira retoma Festa Estadual do Camar\u00e3o e refor\u00e7a estrutura do turismo no munic\u00edpio\" srcset=\"https:\/\/redelitoralrs.com\/wp-content\/uploads\/2026\/04\/3Capturar.png 578w, https:\/\/redelitoralrs.com\/wp-content\/uploads\/2026\/04\/3Capturar-300x182.png 300w\" sizes=\"(max-width: 578px) 100vw, 578px\" \/><\/a><\/div><div class=\"o-posts-grid-post-body\"><span class=\"o-posts-grid-post-category\"><a href=\"https:\/\/redelitoralrs.com\/index.php\/category\/litoral_norte\/cidreira\/\">Cidreira<\/a><\/span><h4 class=\"o-posts-grid-post-title\"><a href=\"https:\/\/redelitoralrs.com\/index.php\/2026\/04\/29\/cidreira-retoma-festa-estadual-do-camarao-e-reforca-estrutura-do-turismo-no-municipio\/\">Cidreira retoma Festa Estadual do Camar\u00e3o e refor\u00e7a estrutura do turismo no munic\u00edpio<\/a><\/h4><p class=\"o-posts-grid-post-meta\">Posted on <time datetime=\"2026-04-29T15:24:55-03:00\">29 de abril de 2026<\/time> by <a href=\"https:\/\/redelitoralrs.com\/index.php\/author\/redacaotvlitoral\/\">Reda\u00e7\u00e3o TV Litoral<\/a><\/p><div class=\"o-posts-grid-post-description\"><p>A Prefeitura de Cidreira iniciou a\u00e7\u00f5es para a retomada da Festa Estadual do Camar\u00e3o, ao mesmo tempo \u2026<\/p><\/div><\/div><\/div><\/div><div class=\"o-posts-grid-post-blog o-posts-grid-post-plain\"><div class=\"o-posts-grid-post\"><div class=\"o-posts-grid-post-image\"><a href=\"https:\/\/redelitoralrs.com\/index.php\/2026\/04\/29\/governo-federal-suspende-multas-de-pedagio-free-flow-e-preve-reembolso-a-motoristas-em-todo-o-pais\/\"><img loading=\"lazy\" decoding=\"async\" width=\"1400\" height=\"932\" src=\"https:\/\/redelitoralrs.com\/wp-content\/uploads\/2026\/04\/6114693_cf51688528a5bf5.webp\" class=\"attachment-full size-full\" alt=\"Governo federal suspende multas de ped\u00e1gio free flow e prev\u00ea reembolso a motoristas em todo o pa\u00eds\" srcset=\"https:\/\/redelitoralrs.com\/wp-content\/uploads\/2026\/04\/6114693_cf51688528a5bf5.webp 1400w, https:\/\/redelitoralrs.com\/wp-content\/uploads\/2026\/04\/6114693_cf51688528a5bf5-300x200.webp 300w, https:\/\/redelitoralrs.com\/wp-content\/uploads\/2026\/04\/6114693_cf51688528a5bf5-1024x682.webp 1024w, https:\/\/redelitoralrs.com\/wp-content\/uploads\/2026\/04\/6114693_cf51688528a5bf5-768x511.webp 768w\" sizes=\"(max-width: 1400px) 100vw, 1400px\" \/><\/a><\/div><div class=\"o-posts-grid-post-body\"><span class=\"o-posts-grid-post-category\"><a href=\"https:\/\/redelitoralrs.com\/index.php\/category\/brasil\/\">Brasil<\/a><\/span><h4 class=\"o-posts-grid-post-title\"><a href=\"https:\/\/redelitoralrs.com\/index.php\/2026\/04\/29\/governo-federal-suspende-multas-de-pedagio-free-flow-e-preve-reembolso-a-motoristas-em-todo-o-pais\/\">Governo federal suspende multas de ped\u00e1gio free flow e prev\u00ea reembolso a motoristas em todo o pa\u00eds<\/a><\/h4><p class=\"o-posts-grid-post-meta\">Posted on <time datetime=\"2026-04-29T15:06:41-03:00\">29 de abril de 2026<\/time> by <a href=\"https:\/\/redelitoralrs.com\/index.php\/author\/redacaotvlitoral\/\">Reda\u00e7\u00e3o TV Litoral<\/a><\/p><div class=\"o-posts-grid-post-description\"><p>O Governo Federal do Brasil oficializou, nesta quarta-feira (29), a suspens\u00e3o de todas as multas apl\u2026<\/p><\/div><\/div><\/div><\/div><div class=\"o-posts-grid-post-blog o-posts-grid-post-plain\"><div class=\"o-posts-grid-post\"><div class=\"o-posts-grid-post-image\"><a href=\"https:\/\/redelitoralrs.com\/index.php\/2026\/04\/29\/prefeitura-de-tramandai-entrega-novos-materiais-pedagogicos-e-esportivos-para-escolas-municipais\/\"><img loading=\"lazy\" decoding=\"async\" width=\"1428\" height=\"803\" src=\"https:\/\/redelitoralrs.com\/wp-content\/uploads\/2026\/04\/WhatsApp-Image-2026-04-28-at-15.55.03.jpeg\" class=\"attachment-full size-full\" alt=\"Prefeitura de Tramanda\u00ed entrega novos materiais pedag\u00f3gicos e esportivos para escolas municipais\" srcset=\"https:\/\/redelitoralrs.com\/wp-content\/uploads\/2026\/04\/WhatsApp-Image-2026-04-28-at-15.55.03.jpeg 1428w, https:\/\/redelitoralrs.com\/wp-content\/uploads\/2026\/04\/WhatsApp-Image-2026-04-28-at-15.55.03-300x169.jpeg 300w, https:\/\/redelitoralrs.com\/wp-content\/uploads\/2026\/04\/WhatsApp-Image-2026-04-28-at-15.55.03-1024x576.jpeg 1024w, https:\/\/redelitoralrs.com\/wp-content\/uploads\/2026\/04\/WhatsApp-Image-2026-04-28-at-15.55.03-768x432.jpeg 768w\" sizes=\"(max-width: 1428px) 100vw, 1428px\" \/><\/a><\/div><div class=\"o-posts-grid-post-body\"><span class=\"o-posts-grid-post-category\"><a href=\"https:\/\/redelitoralrs.com\/index.php\/category\/esportes\/\">Esportes<\/a><\/span><h4 class=\"o-posts-grid-post-title\"><a href=\"https:\/\/redelitoralrs.com\/index.php\/2026\/04\/29\/prefeitura-de-tramandai-entrega-novos-materiais-pedagogicos-e-esportivos-para-escolas-municipais\/\">Prefeitura de Tramanda\u00ed entrega novos materiais pedag\u00f3gicos e esportivos para escolas municipais<\/a><\/h4><p class=\"o-posts-grid-post-meta\">Posted on <time datetime=\"2026-04-29T15:03:19-03:00\">29 de abril de 2026<\/time> by <a href=\"https:\/\/redelitoralrs.com\/index.php\/author\/redacaotvlitoral\/\">Reda\u00e7\u00e3o TV Litoral<\/a><\/p><div class=\"o-posts-grid-post-description\"><p>A Prefeitura de Tramanda\u00ed realizou, na segunda-feira (27), a entrega de novos materiais pedag\u00f3gicos \u2026<\/p><\/div><\/div><\/div><\/div><\/div> <\/div>\n\n\n<figure class=\"wp-block-video\"><\/figure>\n\n\n\n<figure class=\"wp-block-video\"><\/figure>\n\n\n\n<figure class=\"wp-block-video\"><\/figure>\n\n\n\n<figure class=\"wp-block-video\"><\/figure>\n\n\n\n<figure class=\"wp-block-video\"><\/figure>\n\n\n\n<figure class=\"wp-block-video\"><\/figure>\n\n\n\n<figure class=\"wp-block-video\"><\/figure>\n","protected":false},"excerpt":{"rendered":"<p>Silvio Santos \u00e9 conhecido por seu bord\u00e3o &#8220;Quem quer dinheiro?&#8221; e por distribuir avi\u00f5ezinhos de dinheiro para a plateia durante seus programas. Ele foi o \u00fanico apresentador de televis\u00e3o que tamb\u00e9m foi candidato \u00e0 presid\u00eancia da Rep\u00fablica, em 1989, mas sua candidatura foi impugnada. A hist\u00f3ria de Silvio Santos \u00e9 um exemplo cl\u00e1ssico de sucesso [&hellip;]<\/p>\n","protected":false},"author":2,"featured_media":0,"comment_status":"open","ping_status":"open","sticky":false,"template":"","format":"standard","meta":{"_themeisle_gutenberg_block_has_review":false,"footnotes":""},"categories":[20],"tags":[],"class_list":["post-2583","post","type-post","status-publish","format-standard","hentry","category-litoral_norte"],"yoast_head":"<!-- This site is optimized with the Yoast SEO plugin v27.4 - https:\/\/yoast.com\/product\/yoast-seo-wordpress\/ -->\n<title>Morre o apresentador Silvio Santos aos 93 anos! - Rede Litoral RS<\/title>\n<meta name=\"robots\" content=\"index, follow, max-snippet:-1, max-image-preview:large, max-video-preview:-1\" \/>\n<link rel=\"canonical\" href=\"https:\/\/redelitoralrs.com\/index.php\/2024\/08\/17\/morre-o-apresentador-silvio-santos-aos-93-anos\/\" \/>\n<meta property=\"og:locale\" content=\"pt_BR\" \/>\n<meta property=\"og:type\" content=\"article\" \/>\n<meta property=\"og:title\" content=\"Morre o apresentador Silvio Santos aos 93 anos! - Rede Litoral RS\" \/>\n<meta property=\"og:description\" content=\"Silvio Santos \u00e9 conhecido por seu bord\u00e3o &#8220;Quem quer dinheiro?&#8221; e por distribuir avi\u00f5ezinhos de dinheiro para a plateia durante seus programas. Ele foi o \u00fanico apresentador de televis\u00e3o que tamb\u00e9m foi candidato \u00e0 presid\u00eancia da Rep\u00fablica, em 1989, mas sua candidatura foi impugnada. A hist\u00f3ria de Silvio Santos \u00e9 um exemplo cl\u00e1ssico de sucesso [&hellip;]\" \/>\n<meta property=\"og:url\" content=\"https:\/\/redelitoralrs.com\/index.php\/2024\/08\/17\/morre-o-apresentador-silvio-santos-aos-93-anos\/\" \/>\n<meta property=\"og:site_name\" content=\"Rede Litoral RS\" \/>\n<meta property=\"article:publisher\" content=\"https:\/\/www.facebook.com\/tvlitoralrsoficial\" \/>\n<meta property=\"article:published_time\" content=\"2024-08-18T00:27:48+00:00\" \/>\n<meta property=\"article:modified_time\" content=\"2024-08-18T00:29:53+00:00\" \/>\n<meta property=\"og:image\" content=\"https:\/\/redelitoralrs.com\/wp-content\/uploads\/2024\/08\/silvio-sanntos-1.jpg\" \/>\n<meta name=\"author\" content=\"Reda\u00e7\u00e3o TV Litoral\" \/>\n<meta name=\"twitter:card\" content=\"summary_large_image\" \/>\n<meta name=\"twitter:label1\" content=\"Escrito por\" \/>\n\t<meta name=\"twitter:data1\" content=\"Reda\u00e7\u00e3o TV Litoral\" \/>\n\t<meta name=\"twitter:label2\" content=\"Est. tempo de leitura\" \/>\n\t<meta name=\"twitter:data2\" content=\"2 minutos\" \/>\n<script type=\"application\/ld+json\" class=\"yoast-schema-graph\">{\"@context\":\"https:\\\/\\\/schema.org\",\"@graph\":[{\"@type\":\"Article\",\"@id\":\"https:\\\/\\\/redelitoralrs.com\\\/index.php\\\/2024\\\/08\\\/17\\\/morre-o-apresentador-silvio-santos-aos-93-anos\\\/#article\",\"isPartOf\":{\"@id\":\"https:\\\/\\\/redelitoralrs.com\\\/index.php\\\/2024\\\/08\\\/17\\\/morre-o-apresentador-silvio-santos-aos-93-anos\\\/\"},\"author\":{\"name\":\"Reda\u00e7\u00e3o TV Litoral\",\"@id\":\"https:\\\/\\\/redelitoralrs.com\\\/#\\\/schema\\\/person\\\/9f8181f2a7359dd3986f05ebaf5bd68a\"},\"headline\":\"Morre o apresentador Silvio Santos aos 93 anos!\",\"datePublished\":\"2024-08-18T00:27:48+00:00\",\"dateModified\":\"2024-08-18T00:29:53+00:00\",\"mainEntityOfPage\":{\"@id\":\"https:\\\/\\\/redelitoralrs.com\\\/index.php\\\/2024\\\/08\\\/17\\\/morre-o-apresentador-silvio-santos-aos-93-anos\\\/\"},\"wordCount\":311,\"commentCount\":0,\"publisher\":{\"@id\":\"https:\\\/\\\/redelitoralrs.com\\\/#organization\"},\"image\":{\"@id\":\"https:\\\/\\\/redelitoralrs.com\\\/index.php\\\/2024\\\/08\\\/17\\\/morre-o-apresentador-silvio-santos-aos-93-anos\\\/#primaryimage\"},\"thumbnailUrl\":\"https:\\\/\\\/redelitoralrs.com\\\/wp-content\\\/uploads\\\/2024\\\/08\\\/silvio-sanntos-1.jpg\",\"articleSection\":[\"Litoral Norte\"],\"inLanguage\":\"pt-BR\",\"potentialAction\":[{\"@type\":\"CommentAction\",\"name\":\"Comment\",\"target\":[\"https:\\\/\\\/redelitoralrs.com\\\/index.php\\\/2024\\\/08\\\/17\\\/morre-o-apresentador-silvio-santos-aos-93-anos\\\/#respond\"]}]},{\"@type\":\"WebPage\",\"@id\":\"https:\\\/\\\/redelitoralrs.com\\\/index.php\\\/2024\\\/08\\\/17\\\/morre-o-apresentador-silvio-santos-aos-93-anos\\\/\",\"url\":\"https:\\\/\\\/redelitoralrs.com\\\/index.php\\\/2024\\\/08\\\/17\\\/morre-o-apresentador-silvio-santos-aos-93-anos\\\/\",\"name\":\"Morre o apresentador Silvio Santos aos 93 anos! - Rede Litoral RS\",\"isPartOf\":{\"@id\":\"https:\\\/\\\/redelitoralrs.com\\\/#website\"},\"primaryImageOfPage\":{\"@id\":\"https:\\\/\\\/redelitoralrs.com\\\/index.php\\\/2024\\\/08\\\/17\\\/morre-o-apresentador-silvio-santos-aos-93-anos\\\/#primaryimage\"},\"image\":{\"@id\":\"https:\\\/\\\/redelitoralrs.com\\\/index.php\\\/2024\\\/08\\\/17\\\/morre-o-apresentador-silvio-santos-aos-93-anos\\\/#primaryimage\"},\"thumbnailUrl\":\"https:\\\/\\\/redelitoralrs.com\\\/wp-content\\\/uploads\\\/2024\\\/08\\\/silvio-sanntos-1.jpg\",\"datePublished\":\"2024-08-18T00:27:48+00:00\",\"dateModified\":\"2024-08-18T00:29:53+00:00\",\"breadcrumb\":{\"@id\":\"https:\\\/\\\/redelitoralrs.com\\\/index.php\\\/2024\\\/08\\\/17\\\/morre-o-apresentador-silvio-santos-aos-93-anos\\\/#breadcrumb\"},\"inLanguage\":\"pt-BR\",\"potentialAction\":[{\"@type\":\"ReadAction\",\"target\":[\"https:\\\/\\\/redelitoralrs.com\\\/index.php\\\/2024\\\/08\\\/17\\\/morre-o-apresentador-silvio-santos-aos-93-anos\\\/\"]}]},{\"@type\":\"ImageObject\",\"inLanguage\":\"pt-BR\",\"@id\":\"https:\\\/\\\/redelitoralrs.com\\\/index.php\\\/2024\\\/08\\\/17\\\/morre-o-apresentador-silvio-santos-aos-93-anos\\\/#primaryimage\",\"url\":\"https:\\\/\\\/redelitoralrs.com\\\/wp-content\\\/uploads\\\/2024\\\/08\\\/silvio-sanntos-1.jpg\",\"contentUrl\":\"https:\\\/\\\/redelitoralrs.com\\\/wp-content\\\/uploads\\\/2024\\\/08\\\/silvio-sanntos-1.jpg\",\"width\":506,\"height\":606},{\"@type\":\"BreadcrumbList\",\"@id\":\"https:\\\/\\\/redelitoralrs.com\\\/index.php\\\/2024\\\/08\\\/17\\\/morre-o-apresentador-silvio-santos-aos-93-anos\\\/#breadcrumb\",\"itemListElement\":[{\"@type\":\"ListItem\",\"position\":1,\"name\":\"In\u00edcio\",\"item\":\"https:\\\/\\\/redelitoralrs.com\\\/\"},{\"@type\":\"ListItem\",\"position\":2,\"name\":\"Morre o apresentador Silvio Santos aos 93 anos!\"}]},{\"@type\":\"WebSite\",\"@id\":\"https:\\\/\\\/redelitoralrs.com\\\/#website\",\"url\":\"https:\\\/\\\/redelitoralrs.com\\\/\",\"name\":\"TV Litoral\",\"description\":\"Acompanhe tudo do litoral ga\u00facho com a cobertura completa e atualizada da Rede Litoral RS. Nossos jornalistas trazem as \u00faltimas not\u00edcias, os acontecimentos mais quentes e as hist\u00f3rias que importam sobre nosso amado litoral.\",\"publisher\":{\"@id\":\"https:\\\/\\\/redelitoralrs.com\\\/#organization\"},\"potentialAction\":[{\"@type\":\"SearchAction\",\"target\":{\"@type\":\"EntryPoint\",\"urlTemplate\":\"https:\\\/\\\/redelitoralrs.com\\\/?s={search_term_string}\"},\"query-input\":{\"@type\":\"PropertyValueSpecification\",\"valueRequired\":true,\"valueName\":\"search_term_string\"}}],\"inLanguage\":\"pt-BR\"},{\"@type\":\"Organization\",\"@id\":\"https:\\\/\\\/redelitoralrs.com\\\/#organization\",\"name\":\"TV Litoral\",\"url\":\"https:\\\/\\\/redelitoralrs.com\\\/\",\"logo\":{\"@type\":\"ImageObject\",\"inLanguage\":\"pt-BR\",\"@id\":\"https:\\\/\\\/redelitoralrs.com\\\/#\\\/schema\\\/logo\\\/image\\\/\",\"url\":\"https:\\\/\\\/redelitoralrs.com\\\/wp-content\\\/uploads\\\/2024\\\/01\\\/faviconicon-1-1.png\",\"contentUrl\":\"https:\\\/\\\/redelitoralrs.com\\\/wp-content\\\/uploads\\\/2024\\\/01\\\/faviconicon-1-1.png\",\"width\":454,\"height\":454,\"caption\":\"TV Litoral\"},\"image\":{\"@id\":\"https:\\\/\\\/redelitoralrs.com\\\/#\\\/schema\\\/logo\\\/image\\\/\"},\"sameAs\":[\"https:\\\/\\\/www.facebook.com\\\/tvlitoralrsoficial\",\"https:\\\/\\\/www.instagram.com\\\/tvlitoral.rs\"]},{\"@type\":\"Person\",\"@id\":\"https:\\\/\\\/redelitoralrs.com\\\/#\\\/schema\\\/person\\\/9f8181f2a7359dd3986f05ebaf5bd68a\",\"name\":\"Reda\u00e7\u00e3o TV Litoral\",\"image\":{\"@type\":\"ImageObject\",\"inLanguage\":\"pt-BR\",\"@id\":\"https:\\\/\\\/redelitoralrs.com\\\/wp-content\\\/litespeed\\\/avatar\\\/779aafbb45e66c7f82733e21abb48259.jpg?ver=1776956734\",\"url\":\"https:\\\/\\\/redelitoralrs.com\\\/wp-content\\\/litespeed\\\/avatar\\\/779aafbb45e66c7f82733e21abb48259.jpg?ver=1776956734\",\"contentUrl\":\"https:\\\/\\\/redelitoralrs.com\\\/wp-content\\\/litespeed\\\/avatar\\\/779aafbb45e66c7f82733e21abb48259.jpg?ver=1776956734\",\"caption\":\"Reda\u00e7\u00e3o TV Litoral\"},\"description\":\"A Rede Litoral de Comunica\u00e7\u00e3o \u00e9 um grupo de m\u00eddia multiplataforma do Litoral Norte do RS. Com atua\u00e7\u00e3o em TV, r\u00e1dio, portal e redes sociais, levamos informa\u00e7\u00e3o, conte\u00fado e entretenimento \u00e0 comunidade, fortalecendo a comunica\u00e7\u00e3o local e impulsionando o desenvolvimento regional. Acompanhe atrav\u00e9s de @redelitoralrs.\",\"sameAs\":[\"https:\\\/\\\/redelitoralrs.com\",\"https:\\\/\\\/www.instagram.com\\\/redelitoralrs\",\"https:\\\/\\\/www.youtube.com\\\/@redelitoralrs\"],\"url\":\"https:\\\/\\\/redelitoralrs.com\\\/index.php\\\/author\\\/redacaotvlitoral\\\/\"}]}<\/script>\n<!-- \/ Yoast SEO plugin. -->","yoast_head_json":{"title":"Morre o apresentador Silvio Santos aos 93 anos! - Rede Litoral RS","robots":{"index":"index","follow":"follow","max-snippet":"max-snippet:-1","max-image-preview":"max-image-preview:large","max-video-preview":"max-video-preview:-1"},"canonical":"https:\/\/redelitoralrs.com\/index.php\/2024\/08\/17\/morre-o-apresentador-silvio-santos-aos-93-anos\/","og_locale":"pt_BR","og_type":"article","og_title":"Morre o apresentador Silvio Santos aos 93 anos! - Rede Litoral RS","og_description":"Silvio Santos \u00e9 conhecido por seu bord\u00e3o &#8220;Quem quer dinheiro?&#8221; e por distribuir avi\u00f5ezinhos de dinheiro para a plateia durante seus programas. Ele foi o \u00fanico apresentador de televis\u00e3o que tamb\u00e9m foi candidato \u00e0 presid\u00eancia da Rep\u00fablica, em 1989, mas sua candidatura foi impugnada. A hist\u00f3ria de Silvio Santos \u00e9 um exemplo cl\u00e1ssico de sucesso [&hellip;]","og_url":"https:\/\/redelitoralrs.com\/index.php\/2024\/08\/17\/morre-o-apresentador-silvio-santos-aos-93-anos\/","og_site_name":"Rede Litoral RS","article_publisher":"https:\/\/www.facebook.com\/tvlitoralrsoficial","article_published_time":"2024-08-18T00:27:48+00:00","article_modified_time":"2024-08-18T00:29:53+00:00","og_image":[{"url":"https:\/\/redelitoralrs.com\/wp-content\/uploads\/2024\/08\/silvio-sanntos-1.jpg","type":"","width":"","height":""}],"author":"Reda\u00e7\u00e3o TV Litoral","twitter_card":"summary_large_image","twitter_misc":{"Escrito por":"Reda\u00e7\u00e3o TV Litoral","Est. tempo de leitura":"2 minutos"},"schema":{"@context":"https:\/\/schema.org","@graph":[{"@type":"Article","@id":"https:\/\/redelitoralrs.com\/index.php\/2024\/08\/17\/morre-o-apresentador-silvio-santos-aos-93-anos\/#article","isPartOf":{"@id":"https:\/\/redelitoralrs.com\/index.php\/2024\/08\/17\/morre-o-apresentador-silvio-santos-aos-93-anos\/"},"author":{"name":"Reda\u00e7\u00e3o TV Litoral","@id":"https:\/\/redelitoralrs.com\/#\/schema\/person\/9f8181f2a7359dd3986f05ebaf5bd68a"},"headline":"Morre o apresentador Silvio Santos aos 93 anos!","datePublished":"2024-08-18T00:27:48+00:00","dateModified":"2024-08-18T00:29:53+00:00","mainEntityOfPage":{"@id":"https:\/\/redelitoralrs.com\/index.php\/2024\/08\/17\/morre-o-apresentador-silvio-santos-aos-93-anos\/"},"wordCount":311,"commentCount":0,"publisher":{"@id":"https:\/\/redelitoralrs.com\/#organization"},"image":{"@id":"https:\/\/redelitoralrs.com\/index.php\/2024\/08\/17\/morre-o-apresentador-silvio-santos-aos-93-anos\/#primaryimage"},"thumbnailUrl":"https:\/\/redelitoralrs.com\/wp-content\/uploads\/2024\/08\/silvio-sanntos-1.jpg","articleSection":["Litoral Norte"],"inLanguage":"pt-BR","potentialAction":[{"@type":"CommentAction","name":"Comment","target":["https:\/\/redelitoralrs.com\/index.php\/2024\/08\/17\/morre-o-apresentador-silvio-santos-aos-93-anos\/#respond"]}]},{"@type":"WebPage","@id":"https:\/\/redelitoralrs.com\/index.php\/2024\/08\/17\/morre-o-apresentador-silvio-santos-aos-93-anos\/","url":"https:\/\/redelitoralrs.com\/index.php\/2024\/08\/17\/morre-o-apresentador-silvio-santos-aos-93-anos\/","name":"Morre o apresentador Silvio Santos aos 93 anos! - Rede Litoral RS","isPartOf":{"@id":"https:\/\/redelitoralrs.com\/#website"},"primaryImageOfPage":{"@id":"https:\/\/redelitoralrs.com\/index.php\/2024\/08\/17\/morre-o-apresentador-silvio-santos-aos-93-anos\/#primaryimage"},"image":{"@id":"https:\/\/redelitoralrs.com\/index.php\/2024\/08\/17\/morre-o-apresentador-silvio-santos-aos-93-anos\/#primaryimage"},"thumbnailUrl":"https:\/\/redelitoralrs.com\/wp-content\/uploads\/2024\/08\/silvio-sanntos-1.jpg","datePublished":"2024-08-18T00:27:48+00:00","dateModified":"2024-08-18T00:29:53+00:00","breadcrumb":{"@id":"https:\/\/redelitoralrs.com\/index.php\/2024\/08\/17\/morre-o-apresentador-silvio-santos-aos-93-anos\/#breadcrumb"},"inLanguage":"pt-BR","potentialAction":[{"@type":"ReadAction","target":["https:\/\/redelitoralrs.com\/index.php\/2024\/08\/17\/morre-o-apresentador-silvio-santos-aos-93-anos\/"]}]},{"@type":"ImageObject","inLanguage":"pt-BR","@id":"https:\/\/redelitoralrs.com\/index.php\/2024\/08\/17\/morre-o-apresentador-silvio-santos-aos-93-anos\/#primaryimage","url":"https:\/\/redelitoralrs.com\/wp-content\/uploads\/2024\/08\/silvio-sanntos-1.jpg","contentUrl":"https:\/\/redelitoralrs.com\/wp-content\/uploads\/2024\/08\/silvio-sanntos-1.jpg","width":506,"height":606},{"@type":"BreadcrumbList","@id":"https:\/\/redelitoralrs.com\/index.php\/2024\/08\/17\/morre-o-apresentador-silvio-santos-aos-93-anos\/#breadcrumb","itemListElement":[{"@type":"ListItem","position":1,"name":"In\u00edcio","item":"https:\/\/redelitoralrs.com\/"},{"@type":"ListItem","position":2,"name":"Morre o apresentador Silvio Santos aos 93 anos!"}]},{"@type":"WebSite","@id":"https:\/\/redelitoralrs.com\/#website","url":"https:\/\/redelitoralrs.com\/","name":"TV Litoral","description":"Acompanhe tudo do litoral ga\u00facho com a cobertura completa e atualizada da Rede Litoral RS. Nossos jornalistas trazem as \u00faltimas not\u00edcias, os acontecimentos mais quentes e as hist\u00f3rias que importam sobre nosso amado litoral.","publisher":{"@id":"https:\/\/redelitoralrs.com\/#organization"},"potentialAction":[{"@type":"SearchAction","target":{"@type":"EntryPoint","urlTemplate":"https:\/\/redelitoralrs.com\/?s={search_term_string}"},"query-input":{"@type":"PropertyValueSpecification","valueRequired":true,"valueName":"search_term_string"}}],"inLanguage":"pt-BR"},{"@type":"Organization","@id":"https:\/\/redelitoralrs.com\/#organization","name":"TV Litoral","url":"https:\/\/redelitoralrs.com\/","logo":{"@type":"ImageObject","inLanguage":"pt-BR","@id":"https:\/\/redelitoralrs.com\/#\/schema\/logo\/image\/","url":"https:\/\/redelitoralrs.com\/wp-content\/uploads\/2024\/01\/faviconicon-1-1.png","contentUrl":"https:\/\/redelitoralrs.com\/wp-content\/uploads\/2024\/01\/faviconicon-1-1.png","width":454,"height":454,"caption":"TV Litoral"},"image":{"@id":"https:\/\/redelitoralrs.com\/#\/schema\/logo\/image\/"},"sameAs":["https:\/\/www.facebook.com\/tvlitoralrsoficial","https:\/\/www.instagram.com\/tvlitoral.rs"]},{"@type":"Person","@id":"https:\/\/redelitoralrs.com\/#\/schema\/person\/9f8181f2a7359dd3986f05ebaf5bd68a","name":"Reda\u00e7\u00e3o TV Litoral","image":{"@type":"ImageObject","inLanguage":"pt-BR","@id":"https:\/\/redelitoralrs.com\/wp-content\/litespeed\/avatar\/779aafbb45e66c7f82733e21abb48259.jpg?ver=1776956734","url":"https:\/\/redelitoralrs.com\/wp-content\/litespeed\/avatar\/779aafbb45e66c7f82733e21abb48259.jpg?ver=1776956734","contentUrl":"https:\/\/redelitoralrs.com\/wp-content\/litespeed\/avatar\/779aafbb45e66c7f82733e21abb48259.jpg?ver=1776956734","caption":"Reda\u00e7\u00e3o TV Litoral"},"description":"A Rede Litoral de Comunica\u00e7\u00e3o \u00e9 um grupo de m\u00eddia multiplataforma do Litoral Norte do RS. Com atua\u00e7\u00e3o em TV, r\u00e1dio, portal e redes sociais, levamos informa\u00e7\u00e3o, conte\u00fado e entretenimento \u00e0 comunidade, fortalecendo a comunica\u00e7\u00e3o local e impulsionando o desenvolvimento regional. Acompanhe atrav\u00e9s de @redelitoralrs.","sameAs":["https:\/\/redelitoralrs.com","https:\/\/www.instagram.com\/redelitoralrs","https:\/\/www.youtube.com\/@redelitoralrs"],"url":"https:\/\/redelitoralrs.com\/index.php\/author\/redacaotvlitoral\/"}]}},"_links":{"self":[{"href":"https:\/\/redelitoralrs.com\/index.php\/wp-json\/wp\/v2\/posts\/2583","targetHints":{"allow":["GET"]}}],"collection":[{"href":"https:\/\/redelitoralrs.com\/index.php\/wp-json\/wp\/v2\/posts"}],"about":[{"href":"https:\/\/redelitoralrs.com\/index.php\/wp-json\/wp\/v2\/types\/post"}],"author":[{"embeddable":true,"href":"https:\/\/redelitoralrs.com\/index.php\/wp-json\/wp\/v2\/users\/2"}],"replies":[{"embeddable":true,"href":"https:\/\/redelitoralrs.com\/index.php\/wp-json\/wp\/v2\/comments?post=2583"}],"version-history":[{"count":2,"href":"https:\/\/redelitoralrs.com\/index.php\/wp-json\/wp\/v2\/posts\/2583\/revisions"}],"predecessor-version":[{"id":2587,"href":"https:\/\/redelitoralrs.com\/index.php\/wp-json\/wp\/v2\/posts\/2583\/revisions\/2587"}],"wp:attachment":[{"href":"https:\/\/redelitoralrs.com\/index.php\/wp-json\/wp\/v2\/media?parent=2583"}],"wp:term":[{"taxonomy":"category","embeddable":true,"href":"https:\/\/redelitoralrs.com\/index.php\/wp-json\/wp\/v2\/categories?post=2583"},{"taxonomy":"post_tag","embeddable":true,"href":"https:\/\/redelitoralrs.com\/index.php\/wp-json\/wp\/v2\/tags?post=2583"}],"curies":[{"name":"wp","href":"https:\/\/api.w.org\/{rel}","templated":true}]}}