{"id":2560,"date":"2024-08-09T14:25:05","date_gmt":"2024-08-09T17:25:05","guid":{"rendered":"https:\/\/redelitoralrs.com\/?p=2560"},"modified":"2024-08-09T14:29:26","modified_gmt":"2024-08-09T17:29:26","slug":"a-massa-de-ar-polar-que-atingiu-o-rio-grande-do-sul-provocou-uma-queda-acentuada-nas-temperaturas-no-litoral-norte-nesta-sexta-feira-9-de-agosto-de-2024","status":"publish","type":"post","link":"https:\/\/redelitoralrs.com\/index.php\/2024\/08\/09\/a-massa-de-ar-polar-que-atingiu-o-rio-grande-do-sul-provocou-uma-queda-acentuada-nas-temperaturas-no-litoral-norte-nesta-sexta-feira-9-de-agosto-de-2024\/","title":{"rendered":"A massa de ar polar que atingiu o Rio Grande do Sul provocou uma queda acentuada nas temperaturas no Litoral Norte nesta sexta-feira, 9 de agosto de 2024."},"content":{"rendered":"\n<div class=\"wp-block-group\"><div class=\"wp-block-group__inner-container is-layout-constrained wp-block-group-is-layout-constrained\">\n<p class=\"has-text-align-left\">As m\u00ednimas na regi\u00e3o variaram entre 8,8\u00baC e 10\u00baC, com destaque para Tramanda\u00ed, que registrou 8,9\u00baC, e Torres, com 8,8\u00baC. A sensa\u00e7\u00e3o t\u00e9rmica foi ainda mais baixa devido ao vento forte, causado por um ciclone no Oceano Atl\u00e2ntico, que chegou a registrar rajadas de mais de 50 km\/h em alguns locais. As temperaturas devem permanecer baixas nos pr\u00f3ximos dias, com previs\u00e3o de frio intenso at\u00e9 o in\u00edcio da pr\u00f3xima semana.<\/p>\n<\/div><\/div>\n\n\n\n<div class=\"wp-block-cover aligncenter has-custom-content-position is-position-top-center\"><span aria-hidden=\"true\" class=\"wp-block-cover__background has-background-dim\"><\/span><img fetchpriority=\"high\" decoding=\"async\" width=\"1024\" height=\"485\" class=\"wp-block-cover__image-background wp-image-2561\" alt=\"\" src=\"https:\/\/redelitoralrs.com\/wp-content\/uploads\/2024\/08\/119650182_202169697928896_4305953811727958738_n-1024x485.jpg\" data-object-fit=\"cover\" srcset=\"https:\/\/redelitoralrs.com\/wp-content\/uploads\/2024\/08\/119650182_202169697928896_4305953811727958738_n-1024x485.jpg 1024w, https:\/\/redelitoralrs.com\/wp-content\/uploads\/2024\/08\/119650182_202169697928896_4305953811727958738_n-300x142.jpg 300w, https:\/\/redelitoralrs.com\/wp-content\/uploads\/2024\/08\/119650182_202169697928896_4305953811727958738_n-768x364.jpg 768w, https:\/\/redelitoralrs.com\/wp-content\/uploads\/2024\/08\/119650182_202169697928896_4305953811727958738_n.jpg 1352w\" sizes=\"(max-width: 1024px) 100vw, 1024px\" \/><div class=\"wp-block-cover__inner-container is-layout-flow wp-block-cover-is-layout-flow\">\n<p class=\"has-large-font-size\"><\/p>\n<\/div><\/div>\n","protected":false},"excerpt":{"rendered":"<p>As m\u00ednimas na regi\u00e3o variaram entre 8,8\u00baC e 10\u00baC, com destaque para Tramanda\u00ed, que registrou 8,9\u00baC, e Torres, com 8,8\u00baC. A sensa\u00e7\u00e3o t\u00e9rmica foi ainda mais baixa devido ao vento forte, causado por um ciclone no Oceano Atl\u00e2ntico, que chegou a registrar rajadas de mais de 50 km\/h em alguns locais. As temperaturas devem permanecer [&hellip;]<\/p>\n","protected":false},"author":2,"featured_media":0,"comment_status":"open","ping_status":"open","sticky":false,"template":"","format":"standard","meta":{"_themeisle_gutenberg_block_has_review":false,"footnotes":""},"categories":[20],"tags":[],"class_list":["post-2560","post","type-post","status-publish","format-standard","hentry","category-litoral_norte"],"yoast_head":"<!-- This site is optimized with the Yoast SEO plugin v27.4 - https:\/\/yoast.com\/product\/yoast-seo-wordpress\/ -->\n<title>A massa de ar polar que atingiu o Rio Grande do Sul provocou uma queda acentuada nas temperaturas no Litoral Norte nesta sexta-feira, 9 de agosto de 2024. - Rede Litoral RS<\/title>\n<meta name=\"robots\" content=\"index, follow, max-snippet:-1, max-image-preview:large, max-video-preview:-1\" \/>\n<link rel=\"canonical\" href=\"https:\/\/redelitoralrs.com\/index.php\/2024\/08\/09\/a-massa-de-ar-polar-que-atingiu-o-rio-grande-do-sul-provocou-uma-queda-acentuada-nas-temperaturas-no-litoral-norte-nesta-sexta-feira-9-de-agosto-de-2024\/\" \/>\n<meta property=\"og:locale\" content=\"pt_BR\" \/>\n<meta property=\"og:type\" content=\"article\" \/>\n<meta property=\"og:title\" content=\"A massa de ar polar que atingiu o Rio Grande do Sul provocou uma queda acentuada nas temperaturas no Litoral Norte nesta sexta-feira, 9 de agosto de 2024. - Rede Litoral RS\" \/>\n<meta property=\"og:description\" content=\"As m\u00ednimas na regi\u00e3o variaram entre 8,8\u00baC e 10\u00baC, com destaque para Tramanda\u00ed, que registrou 8,9\u00baC, e Torres, com 8,8\u00baC. A sensa\u00e7\u00e3o t\u00e9rmica foi ainda mais baixa devido ao vento forte, causado por um ciclone no Oceano Atl\u00e2ntico, que chegou a registrar rajadas de mais de 50 km\/h em alguns locais. As temperaturas devem permanecer [&hellip;]\" \/>\n<meta property=\"og:url\" content=\"https:\/\/redelitoralrs.com\/index.php\/2024\/08\/09\/a-massa-de-ar-polar-que-atingiu-o-rio-grande-do-sul-provocou-uma-queda-acentuada-nas-temperaturas-no-litoral-norte-nesta-sexta-feira-9-de-agosto-de-2024\/\" \/>\n<meta property=\"og:site_name\" content=\"Rede Litoral RS\" \/>\n<meta property=\"article:publisher\" content=\"https:\/\/www.facebook.com\/tvlitoralrsoficial\" \/>\n<meta property=\"article:published_time\" content=\"2024-08-09T17:25:05+00:00\" \/>\n<meta property=\"article:modified_time\" content=\"2024-08-09T17:29:26+00:00\" \/>\n<meta property=\"og:image\" content=\"https:\/\/redelitoralrs.com\/wp-content\/uploads\/2024\/08\/119650182_202169697928896_4305953811727958738_n-1024x485.jpg\" \/>\n<meta name=\"author\" content=\"Reda\u00e7\u00e3o TV Litoral\" \/>\n<meta name=\"twitter:card\" content=\"summary_large_image\" \/>\n<meta name=\"twitter:label1\" content=\"Escrito por\" \/>\n\t<meta name=\"twitter:data1\" content=\"Reda\u00e7\u00e3o TV Litoral\" \/>\n\t<meta name=\"twitter:label2\" content=\"Est. tempo de leitura\" \/>\n\t<meta name=\"twitter:data2\" content=\"1 minuto\" \/>\n<script type=\"application\/ld+json\" class=\"yoast-schema-graph\">{\"@context\":\"https:\\\/\\\/schema.org\",\"@graph\":[{\"@type\":\"Article\",\"@id\":\"https:\\\/\\\/redelitoralrs.com\\\/index.php\\\/2024\\\/08\\\/09\\\/a-massa-de-ar-polar-que-atingiu-o-rio-grande-do-sul-provocou-uma-queda-acentuada-nas-temperaturas-no-litoral-norte-nesta-sexta-feira-9-de-agosto-de-2024\\\/#article\",\"isPartOf\":{\"@id\":\"https:\\\/\\\/redelitoralrs.com\\\/index.php\\\/2024\\\/08\\\/09\\\/a-massa-de-ar-polar-que-atingiu-o-rio-grande-do-sul-provocou-uma-queda-acentuada-nas-temperaturas-no-litoral-norte-nesta-sexta-feira-9-de-agosto-de-2024\\\/\"},\"author\":{\"name\":\"Reda\u00e7\u00e3o TV Litoral\",\"@id\":\"https:\\\/\\\/redelitoralrs.com\\\/#\\\/schema\\\/person\\\/9f8181f2a7359dd3986f05ebaf5bd68a\"},\"headline\":\"A massa de ar polar que atingiu o Rio Grande do Sul provocou uma queda acentuada nas temperaturas no Litoral Norte nesta sexta-feira, 9 de agosto de 2024.\",\"datePublished\":\"2024-08-09T17:25:05+00:00\",\"dateModified\":\"2024-08-09T17:29:26+00:00\",\"mainEntityOfPage\":{\"@id\":\"https:\\\/\\\/redelitoralrs.com\\\/index.php\\\/2024\\\/08\\\/09\\\/a-massa-de-ar-polar-que-atingiu-o-rio-grande-do-sul-provocou-uma-queda-acentuada-nas-temperaturas-no-litoral-norte-nesta-sexta-feira-9-de-agosto-de-2024\\\/\"},\"wordCount\":105,\"commentCount\":0,\"publisher\":{\"@id\":\"https:\\\/\\\/redelitoralrs.com\\\/#organization\"},\"image\":{\"@id\":\"https:\\\/\\\/redelitoralrs.com\\\/index.php\\\/2024\\\/08\\\/09\\\/a-massa-de-ar-polar-que-atingiu-o-rio-grande-do-sul-provocou-uma-queda-acentuada-nas-temperaturas-no-litoral-norte-nesta-sexta-feira-9-de-agosto-de-2024\\\/#primaryimage\"},\"thumbnailUrl\":\"https:\\\/\\\/redelitoralrs.com\\\/wp-content\\\/uploads\\\/2024\\\/08\\\/119650182_202169697928896_4305953811727958738_n-1024x485.jpg\",\"articleSection\":[\"Litoral Norte\"],\"inLanguage\":\"pt-BR\",\"potentialAction\":[{\"@type\":\"CommentAction\",\"name\":\"Comment\",\"target\":[\"https:\\\/\\\/redelitoralrs.com\\\/index.php\\\/2024\\\/08\\\/09\\\/a-massa-de-ar-polar-que-atingiu-o-rio-grande-do-sul-provocou-uma-queda-acentuada-nas-temperaturas-no-litoral-norte-nesta-sexta-feira-9-de-agosto-de-2024\\\/#respond\"]}]},{\"@type\":\"WebPage\",\"@id\":\"https:\\\/\\\/redelitoralrs.com\\\/index.php\\\/2024\\\/08\\\/09\\\/a-massa-de-ar-polar-que-atingiu-o-rio-grande-do-sul-provocou-uma-queda-acentuada-nas-temperaturas-no-litoral-norte-nesta-sexta-feira-9-de-agosto-de-2024\\\/\",\"url\":\"https:\\\/\\\/redelitoralrs.com\\\/index.php\\\/2024\\\/08\\\/09\\\/a-massa-de-ar-polar-que-atingiu-o-rio-grande-do-sul-provocou-uma-queda-acentuada-nas-temperaturas-no-litoral-norte-nesta-sexta-feira-9-de-agosto-de-2024\\\/\",\"name\":\"A massa de ar polar que atingiu o Rio Grande do Sul provocou uma queda acentuada nas temperaturas no Litoral Norte nesta sexta-feira, 9 de agosto de 2024. - Rede Litoral RS\",\"isPartOf\":{\"@id\":\"https:\\\/\\\/redelitoralrs.com\\\/#website\"},\"primaryImageOfPage\":{\"@id\":\"https:\\\/\\\/redelitoralrs.com\\\/index.php\\\/2024\\\/08\\\/09\\\/a-massa-de-ar-polar-que-atingiu-o-rio-grande-do-sul-provocou-uma-queda-acentuada-nas-temperaturas-no-litoral-norte-nesta-sexta-feira-9-de-agosto-de-2024\\\/#primaryimage\"},\"image\":{\"@id\":\"https:\\\/\\\/redelitoralrs.com\\\/index.php\\\/2024\\\/08\\\/09\\\/a-massa-de-ar-polar-que-atingiu-o-rio-grande-do-sul-provocou-uma-queda-acentuada-nas-temperaturas-no-litoral-norte-nesta-sexta-feira-9-de-agosto-de-2024\\\/#primaryimage\"},\"thumbnailUrl\":\"https:\\\/\\\/redelitoralrs.com\\\/wp-content\\\/uploads\\\/2024\\\/08\\\/119650182_202169697928896_4305953811727958738_n-1024x485.jpg\",\"datePublished\":\"2024-08-09T17:25:05+00:00\",\"dateModified\":\"2024-08-09T17:29:26+00:00\",\"breadcrumb\":{\"@id\":\"https:\\\/\\\/redelitoralrs.com\\\/index.php\\\/2024\\\/08\\\/09\\\/a-massa-de-ar-polar-que-atingiu-o-rio-grande-do-sul-provocou-uma-queda-acentuada-nas-temperaturas-no-litoral-norte-nesta-sexta-feira-9-de-agosto-de-2024\\\/#breadcrumb\"},\"inLanguage\":\"pt-BR\",\"potentialAction\":[{\"@type\":\"ReadAction\",\"target\":[\"https:\\\/\\\/redelitoralrs.com\\\/index.php\\\/2024\\\/08\\\/09\\\/a-massa-de-ar-polar-que-atingiu-o-rio-grande-do-sul-provocou-uma-queda-acentuada-nas-temperaturas-no-litoral-norte-nesta-sexta-feira-9-de-agosto-de-2024\\\/\"]}]},{\"@type\":\"ImageObject\",\"inLanguage\":\"pt-BR\",\"@id\":\"https:\\\/\\\/redelitoralrs.com\\\/index.php\\\/2024\\\/08\\\/09\\\/a-massa-de-ar-polar-que-atingiu-o-rio-grande-do-sul-provocou-uma-queda-acentuada-nas-temperaturas-no-litoral-norte-nesta-sexta-feira-9-de-agosto-de-2024\\\/#primaryimage\",\"url\":\"https:\\\/\\\/redelitoralrs.com\\\/wp-content\\\/uploads\\\/2024\\\/08\\\/119650182_202169697928896_4305953811727958738_n.jpg\",\"contentUrl\":\"https:\\\/\\\/redelitoralrs.com\\\/wp-content\\\/uploads\\\/2024\\\/08\\\/119650182_202169697928896_4305953811727958738_n.jpg\",\"width\":1352,\"height\":640},{\"@type\":\"BreadcrumbList\",\"@id\":\"https:\\\/\\\/redelitoralrs.com\\\/index.php\\\/2024\\\/08\\\/09\\\/a-massa-de-ar-polar-que-atingiu-o-rio-grande-do-sul-provocou-uma-queda-acentuada-nas-temperaturas-no-litoral-norte-nesta-sexta-feira-9-de-agosto-de-2024\\\/#breadcrumb\",\"itemListElement\":[{\"@type\":\"ListItem\",\"position\":1,\"name\":\"In\u00edcio\",\"item\":\"https:\\\/\\\/redelitoralrs.com\\\/\"},{\"@type\":\"ListItem\",\"position\":2,\"name\":\"A massa de ar polar que atingiu o Rio Grande do Sul provocou uma queda acentuada nas temperaturas no Litoral Norte nesta sexta-feira, 9 de agosto de 2024.\"}]},{\"@type\":\"WebSite\",\"@id\":\"https:\\\/\\\/redelitoralrs.com\\\/#website\",\"url\":\"https:\\\/\\\/redelitoralrs.com\\\/\",\"name\":\"TV Litoral\",\"description\":\"Acompanhe tudo do litoral ga\u00facho com a cobertura completa e atualizada da Rede Litoral RS. Nossos jornalistas trazem as \u00faltimas not\u00edcias, os acontecimentos mais quentes e as hist\u00f3rias que importam sobre nosso amado litoral.\",\"publisher\":{\"@id\":\"https:\\\/\\\/redelitoralrs.com\\\/#organization\"},\"potentialAction\":[{\"@type\":\"SearchAction\",\"target\":{\"@type\":\"EntryPoint\",\"urlTemplate\":\"https:\\\/\\\/redelitoralrs.com\\\/?s={search_term_string}\"},\"query-input\":{\"@type\":\"PropertyValueSpecification\",\"valueRequired\":true,\"valueName\":\"search_term_string\"}}],\"inLanguage\":\"pt-BR\"},{\"@type\":\"Organization\",\"@id\":\"https:\\\/\\\/redelitoralrs.com\\\/#organization\",\"name\":\"TV Litoral\",\"url\":\"https:\\\/\\\/redelitoralrs.com\\\/\",\"logo\":{\"@type\":\"ImageObject\",\"inLanguage\":\"pt-BR\",\"@id\":\"https:\\\/\\\/redelitoralrs.com\\\/#\\\/schema\\\/logo\\\/image\\\/\",\"url\":\"https:\\\/\\\/redelitoralrs.com\\\/wp-content\\\/uploads\\\/2024\\\/01\\\/faviconicon-1-1.png\",\"contentUrl\":\"https:\\\/\\\/redelitoralrs.com\\\/wp-content\\\/uploads\\\/2024\\\/01\\\/faviconicon-1-1.png\",\"width\":454,\"height\":454,\"caption\":\"TV Litoral\"},\"image\":{\"@id\":\"https:\\\/\\\/redelitoralrs.com\\\/#\\\/schema\\\/logo\\\/image\\\/\"},\"sameAs\":[\"https:\\\/\\\/www.facebook.com\\\/tvlitoralrsoficial\",\"https:\\\/\\\/www.instagram.com\\\/tvlitoral.rs\"]},{\"@type\":\"Person\",\"@id\":\"https:\\\/\\\/redelitoralrs.com\\\/#\\\/schema\\\/person\\\/9f8181f2a7359dd3986f05ebaf5bd68a\",\"name\":\"Reda\u00e7\u00e3o TV Litoral\",\"image\":{\"@type\":\"ImageObject\",\"inLanguage\":\"pt-BR\",\"@id\":\"https:\\\/\\\/redelitoralrs.com\\\/wp-content\\\/litespeed\\\/avatar\\\/779aafbb45e66c7f82733e21abb48259.jpg?ver=1777561602\",\"url\":\"https:\\\/\\\/redelitoralrs.com\\\/wp-content\\\/litespeed\\\/avatar\\\/779aafbb45e66c7f82733e21abb48259.jpg?ver=1777561602\",\"contentUrl\":\"https:\\\/\\\/redelitoralrs.com\\\/wp-content\\\/litespeed\\\/avatar\\\/779aafbb45e66c7f82733e21abb48259.jpg?ver=1777561602\",\"caption\":\"Reda\u00e7\u00e3o TV Litoral\"},\"description\":\"A Rede Litoral de Comunica\u00e7\u00e3o \u00e9 um grupo de m\u00eddia multiplataforma do Litoral Norte do RS. Com atua\u00e7\u00e3o em TV, r\u00e1dio, portal e redes sociais, levamos informa\u00e7\u00e3o, conte\u00fado e entretenimento \u00e0 comunidade, fortalecendo a comunica\u00e7\u00e3o local e impulsionando o desenvolvimento regional. Acompanhe atrav\u00e9s de @redelitoralrs.\",\"sameAs\":[\"https:\\\/\\\/redelitoralrs.com\",\"https:\\\/\\\/www.instagram.com\\\/redelitoralrs\",\"https:\\\/\\\/www.youtube.com\\\/@redelitoralrs\"],\"url\":\"https:\\\/\\\/redelitoralrs.com\\\/index.php\\\/author\\\/redacaotvlitoral\\\/\"}]}<\/script>\n<!-- \/ Yoast SEO plugin. -->","yoast_head_json":{"title":"A massa de ar polar que atingiu o Rio Grande do Sul provocou uma queda acentuada nas temperaturas no Litoral Norte nesta sexta-feira, 9 de agosto de 2024. - Rede Litoral RS","robots":{"index":"index","follow":"follow","max-snippet":"max-snippet:-1","max-image-preview":"max-image-preview:large","max-video-preview":"max-video-preview:-1"},"canonical":"https:\/\/redelitoralrs.com\/index.php\/2024\/08\/09\/a-massa-de-ar-polar-que-atingiu-o-rio-grande-do-sul-provocou-uma-queda-acentuada-nas-temperaturas-no-litoral-norte-nesta-sexta-feira-9-de-agosto-de-2024\/","og_locale":"pt_BR","og_type":"article","og_title":"A massa de ar polar que atingiu o Rio Grande do Sul provocou uma queda acentuada nas temperaturas no Litoral Norte nesta sexta-feira, 9 de agosto de 2024. - Rede Litoral RS","og_description":"As m\u00ednimas na regi\u00e3o variaram entre 8,8\u00baC e 10\u00baC, com destaque para Tramanda\u00ed, que registrou 8,9\u00baC, e Torres, com 8,8\u00baC. A sensa\u00e7\u00e3o t\u00e9rmica foi ainda mais baixa devido ao vento forte, causado por um ciclone no Oceano Atl\u00e2ntico, que chegou a registrar rajadas de mais de 50 km\/h em alguns locais. As temperaturas devem permanecer [&hellip;]","og_url":"https:\/\/redelitoralrs.com\/index.php\/2024\/08\/09\/a-massa-de-ar-polar-que-atingiu-o-rio-grande-do-sul-provocou-uma-queda-acentuada-nas-temperaturas-no-litoral-norte-nesta-sexta-feira-9-de-agosto-de-2024\/","og_site_name":"Rede Litoral RS","article_publisher":"https:\/\/www.facebook.com\/tvlitoralrsoficial","article_published_time":"2024-08-09T17:25:05+00:00","article_modified_time":"2024-08-09T17:29:26+00:00","og_image":[{"url":"https:\/\/redelitoralrs.com\/wp-content\/uploads\/2024\/08\/119650182_202169697928896_4305953811727958738_n-1024x485.jpg","type":"","width":"","height":""}],"author":"Reda\u00e7\u00e3o TV Litoral","twitter_card":"summary_large_image","twitter_misc":{"Escrito por":"Reda\u00e7\u00e3o TV Litoral","Est. tempo de leitura":"1 minuto"},"schema":{"@context":"https:\/\/schema.org","@graph":[{"@type":"Article","@id":"https:\/\/redelitoralrs.com\/index.php\/2024\/08\/09\/a-massa-de-ar-polar-que-atingiu-o-rio-grande-do-sul-provocou-uma-queda-acentuada-nas-temperaturas-no-litoral-norte-nesta-sexta-feira-9-de-agosto-de-2024\/#article","isPartOf":{"@id":"https:\/\/redelitoralrs.com\/index.php\/2024\/08\/09\/a-massa-de-ar-polar-que-atingiu-o-rio-grande-do-sul-provocou-uma-queda-acentuada-nas-temperaturas-no-litoral-norte-nesta-sexta-feira-9-de-agosto-de-2024\/"},"author":{"name":"Reda\u00e7\u00e3o TV Litoral","@id":"https:\/\/redelitoralrs.com\/#\/schema\/person\/9f8181f2a7359dd3986f05ebaf5bd68a"},"headline":"A massa de ar polar que atingiu o Rio Grande do Sul provocou uma queda acentuada nas temperaturas no Litoral Norte nesta sexta-feira, 9 de agosto de 2024.","datePublished":"2024-08-09T17:25:05+00:00","dateModified":"2024-08-09T17:29:26+00:00","mainEntityOfPage":{"@id":"https:\/\/redelitoralrs.com\/index.php\/2024\/08\/09\/a-massa-de-ar-polar-que-atingiu-o-rio-grande-do-sul-provocou-uma-queda-acentuada-nas-temperaturas-no-litoral-norte-nesta-sexta-feira-9-de-agosto-de-2024\/"},"wordCount":105,"commentCount":0,"publisher":{"@id":"https:\/\/redelitoralrs.com\/#organization"},"image":{"@id":"https:\/\/redelitoralrs.com\/index.php\/2024\/08\/09\/a-massa-de-ar-polar-que-atingiu-o-rio-grande-do-sul-provocou-uma-queda-acentuada-nas-temperaturas-no-litoral-norte-nesta-sexta-feira-9-de-agosto-de-2024\/#primaryimage"},"thumbnailUrl":"https:\/\/redelitoralrs.com\/wp-content\/uploads\/2024\/08\/119650182_202169697928896_4305953811727958738_n-1024x485.jpg","articleSection":["Litoral Norte"],"inLanguage":"pt-BR","potentialAction":[{"@type":"CommentAction","name":"Comment","target":["https:\/\/redelitoralrs.com\/index.php\/2024\/08\/09\/a-massa-de-ar-polar-que-atingiu-o-rio-grande-do-sul-provocou-uma-queda-acentuada-nas-temperaturas-no-litoral-norte-nesta-sexta-feira-9-de-agosto-de-2024\/#respond"]}]},{"@type":"WebPage","@id":"https:\/\/redelitoralrs.com\/index.php\/2024\/08\/09\/a-massa-de-ar-polar-que-atingiu-o-rio-grande-do-sul-provocou-uma-queda-acentuada-nas-temperaturas-no-litoral-norte-nesta-sexta-feira-9-de-agosto-de-2024\/","url":"https:\/\/redelitoralrs.com\/index.php\/2024\/08\/09\/a-massa-de-ar-polar-que-atingiu-o-rio-grande-do-sul-provocou-uma-queda-acentuada-nas-temperaturas-no-litoral-norte-nesta-sexta-feira-9-de-agosto-de-2024\/","name":"A massa de ar polar que atingiu o Rio Grande do Sul provocou uma queda acentuada nas temperaturas no Litoral Norte nesta sexta-feira, 9 de agosto de 2024. - Rede Litoral RS","isPartOf":{"@id":"https:\/\/redelitoralrs.com\/#website"},"primaryImageOfPage":{"@id":"https:\/\/redelitoralrs.com\/index.php\/2024\/08\/09\/a-massa-de-ar-polar-que-atingiu-o-rio-grande-do-sul-provocou-uma-queda-acentuada-nas-temperaturas-no-litoral-norte-nesta-sexta-feira-9-de-agosto-de-2024\/#primaryimage"},"image":{"@id":"https:\/\/redelitoralrs.com\/index.php\/2024\/08\/09\/a-massa-de-ar-polar-que-atingiu-o-rio-grande-do-sul-provocou-uma-queda-acentuada-nas-temperaturas-no-litoral-norte-nesta-sexta-feira-9-de-agosto-de-2024\/#primaryimage"},"thumbnailUrl":"https:\/\/redelitoralrs.com\/wp-content\/uploads\/2024\/08\/119650182_202169697928896_4305953811727958738_n-1024x485.jpg","datePublished":"2024-08-09T17:25:05+00:00","dateModified":"2024-08-09T17:29:26+00:00","breadcrumb":{"@id":"https:\/\/redelitoralrs.com\/index.php\/2024\/08\/09\/a-massa-de-ar-polar-que-atingiu-o-rio-grande-do-sul-provocou-uma-queda-acentuada-nas-temperaturas-no-litoral-norte-nesta-sexta-feira-9-de-agosto-de-2024\/#breadcrumb"},"inLanguage":"pt-BR","potentialAction":[{"@type":"ReadAction","target":["https:\/\/redelitoralrs.com\/index.php\/2024\/08\/09\/a-massa-de-ar-polar-que-atingiu-o-rio-grande-do-sul-provocou-uma-queda-acentuada-nas-temperaturas-no-litoral-norte-nesta-sexta-feira-9-de-agosto-de-2024\/"]}]},{"@type":"ImageObject","inLanguage":"pt-BR","@id":"https:\/\/redelitoralrs.com\/index.php\/2024\/08\/09\/a-massa-de-ar-polar-que-atingiu-o-rio-grande-do-sul-provocou-uma-queda-acentuada-nas-temperaturas-no-litoral-norte-nesta-sexta-feira-9-de-agosto-de-2024\/#primaryimage","url":"https:\/\/redelitoralrs.com\/wp-content\/uploads\/2024\/08\/119650182_202169697928896_4305953811727958738_n.jpg","contentUrl":"https:\/\/redelitoralrs.com\/wp-content\/uploads\/2024\/08\/119650182_202169697928896_4305953811727958738_n.jpg","width":1352,"height":640},{"@type":"BreadcrumbList","@id":"https:\/\/redelitoralrs.com\/index.php\/2024\/08\/09\/a-massa-de-ar-polar-que-atingiu-o-rio-grande-do-sul-provocou-uma-queda-acentuada-nas-temperaturas-no-litoral-norte-nesta-sexta-feira-9-de-agosto-de-2024\/#breadcrumb","itemListElement":[{"@type":"ListItem","position":1,"name":"In\u00edcio","item":"https:\/\/redelitoralrs.com\/"},{"@type":"ListItem","position":2,"name":"A massa de ar polar que atingiu o Rio Grande do Sul provocou uma queda acentuada nas temperaturas no Litoral Norte nesta sexta-feira, 9 de agosto de 2024."}]},{"@type":"WebSite","@id":"https:\/\/redelitoralrs.com\/#website","url":"https:\/\/redelitoralrs.com\/","name":"TV Litoral","description":"Acompanhe tudo do litoral ga\u00facho com a cobertura completa e atualizada da Rede Litoral RS. Nossos jornalistas trazem as \u00faltimas not\u00edcias, os acontecimentos mais quentes e as hist\u00f3rias que importam sobre nosso amado litoral.","publisher":{"@id":"https:\/\/redelitoralrs.com\/#organization"},"potentialAction":[{"@type":"SearchAction","target":{"@type":"EntryPoint","urlTemplate":"https:\/\/redelitoralrs.com\/?s={search_term_string}"},"query-input":{"@type":"PropertyValueSpecification","valueRequired":true,"valueName":"search_term_string"}}],"inLanguage":"pt-BR"},{"@type":"Organization","@id":"https:\/\/redelitoralrs.com\/#organization","name":"TV Litoral","url":"https:\/\/redelitoralrs.com\/","logo":{"@type":"ImageObject","inLanguage":"pt-BR","@id":"https:\/\/redelitoralrs.com\/#\/schema\/logo\/image\/","url":"https:\/\/redelitoralrs.com\/wp-content\/uploads\/2024\/01\/faviconicon-1-1.png","contentUrl":"https:\/\/redelitoralrs.com\/wp-content\/uploads\/2024\/01\/faviconicon-1-1.png","width":454,"height":454,"caption":"TV Litoral"},"image":{"@id":"https:\/\/redelitoralrs.com\/#\/schema\/logo\/image\/"},"sameAs":["https:\/\/www.facebook.com\/tvlitoralrsoficial","https:\/\/www.instagram.com\/tvlitoral.rs"]},{"@type":"Person","@id":"https:\/\/redelitoralrs.com\/#\/schema\/person\/9f8181f2a7359dd3986f05ebaf5bd68a","name":"Reda\u00e7\u00e3o TV Litoral","image":{"@type":"ImageObject","inLanguage":"pt-BR","@id":"https:\/\/redelitoralrs.com\/wp-content\/litespeed\/avatar\/779aafbb45e66c7f82733e21abb48259.jpg?ver=1777561602","url":"https:\/\/redelitoralrs.com\/wp-content\/litespeed\/avatar\/779aafbb45e66c7f82733e21abb48259.jpg?ver=1777561602","contentUrl":"https:\/\/redelitoralrs.com\/wp-content\/litespeed\/avatar\/779aafbb45e66c7f82733e21abb48259.jpg?ver=1777561602","caption":"Reda\u00e7\u00e3o TV Litoral"},"description":"A Rede Litoral de Comunica\u00e7\u00e3o \u00e9 um grupo de m\u00eddia multiplataforma do Litoral Norte do RS. Com atua\u00e7\u00e3o em TV, r\u00e1dio, portal e redes sociais, levamos informa\u00e7\u00e3o, conte\u00fado e entretenimento \u00e0 comunidade, fortalecendo a comunica\u00e7\u00e3o local e impulsionando o desenvolvimento regional. Acompanhe atrav\u00e9s de @redelitoralrs.","sameAs":["https:\/\/redelitoralrs.com","https:\/\/www.instagram.com\/redelitoralrs","https:\/\/www.youtube.com\/@redelitoralrs"],"url":"https:\/\/redelitoralrs.com\/index.php\/author\/redacaotvlitoral\/"}]}},"_links":{"self":[{"href":"https:\/\/redelitoralrs.com\/index.php\/wp-json\/wp\/v2\/posts\/2560","targetHints":{"allow":["GET"]}}],"collection":[{"href":"https:\/\/redelitoralrs.com\/index.php\/wp-json\/wp\/v2\/posts"}],"about":[{"href":"https:\/\/redelitoralrs.com\/index.php\/wp-json\/wp\/v2\/types\/post"}],"author":[{"embeddable":true,"href":"https:\/\/redelitoralrs.com\/index.php\/wp-json\/wp\/v2\/users\/2"}],"replies":[{"embeddable":true,"href":"https:\/\/redelitoralrs.com\/index.php\/wp-json\/wp\/v2\/comments?post=2560"}],"version-history":[{"count":7,"href":"https:\/\/redelitoralrs.com\/index.php\/wp-json\/wp\/v2\/posts\/2560\/revisions"}],"predecessor-version":[{"id":2570,"href":"https:\/\/redelitoralrs.com\/index.php\/wp-json\/wp\/v2\/posts\/2560\/revisions\/2570"}],"wp:attachment":[{"href":"https:\/\/redelitoralrs.com\/index.php\/wp-json\/wp\/v2\/media?parent=2560"}],"wp:term":[{"taxonomy":"category","embeddable":true,"href":"https:\/\/redelitoralrs.com\/index.php\/wp-json\/wp\/v2\/categories?post=2560"},{"taxonomy":"post_tag","embeddable":true,"href":"https:\/\/redelitoralrs.com\/index.php\/wp-json\/wp\/v2\/tags?post=2560"}],"curies":[{"name":"wp","href":"https:\/\/api.w.org\/{rel}","templated":true}]}}