{"id":24907,"date":"2026-04-30T16:16:40","date_gmt":"2026-04-30T19:16:40","guid":{"rendered":"https:\/\/redelitoralrs.com\/?p=24907"},"modified":"2026-04-30T16:16:40","modified_gmt":"2026-04-30T19:16:40","slug":"avanco-do-maruim-no-litoral-norte-mobiliza-acao-conjunta-entre-saude-e-agricultura-no-rs","status":"publish","type":"post","link":"https:\/\/redelitoralrs.com\/index.php\/2026\/04\/30\/avanco-do-maruim-no-litoral-norte-mobiliza-acao-conjunta-entre-saude-e-agricultura-no-rs\/","title":{"rendered":"Avan\u00e7o do maruim no Litoral Norte mobiliza a\u00e7\u00e3o conjunta entre Sa\u00fade e Agricultura no RS"},"content":{"rendered":"\n<p>O aumento da presen\u00e7a do mosquito maruim no Litoral Norte do Rio Grande do Sul levou \u00e0 articula\u00e7\u00e3o de uma a\u00e7\u00e3o conjunta entre \u00e1reas do governo estadual. A iniciativa foi conduzida pelo deputado estadual Luciano Silveira, que reuniu representantes das secretarias de Sa\u00fade e Agricultura para discutir medidas de enfrentamento ao problema.<\/p>\n\n\n\n<p>O encontro contou com a participa\u00e7\u00e3o da secret\u00e1ria estadual da Sa\u00fade, Lisiane Fagundes, e do secret\u00e1rio da Agricultura, Pecu\u00e1ria, Produ\u00e7\u00e3o Sustent\u00e1vel e Irriga\u00e7\u00e3o, M\u00e1rcio Madalena. A reuni\u00e3o ocorreu diante do aumento das reclama\u00e7\u00f5es de moradores, produtores rurais e empreendedores da regi\u00e3o.<\/p>\n\n\n\n<p>O maruim, conhecido pelas picadas que causam forte desconforto, tem gerado impactos que v\u00e3o al\u00e9m da sa\u00fade, afetando atividades econ\u00f4micas como o turismo e a produ\u00e7\u00e3o rural. Durante o encontro, foram discutidas estrat\u00e9gias como a realiza\u00e7\u00e3o de estudos t\u00e9cnicos para identificar focos de prolifera\u00e7\u00e3o, ado\u00e7\u00e3o de medidas de controle ambiental e a integra\u00e7\u00e3o de a\u00e7\u00f5es entre Estado e munic\u00edpios.<\/p>\n\n\n\n<p>Tamb\u00e9m entrou na pauta a necessidade de ampliar a orienta\u00e7\u00e3o \u00e0 popula\u00e7\u00e3o e garantir suporte direto \u00e0s prefeituras das cidades mais afetadas. Como encaminhamento, ficou definida a cria\u00e7\u00e3o de um grupo de trabalho com participa\u00e7\u00e3o das secretarias estaduais, vigil\u00e2ncia sanit\u00e1ria e representantes municipais.<\/p>\n\n\n\n<p>O objetivo \u00e9 estruturar um plano de a\u00e7\u00e3o coordenado para conter o avan\u00e7o do inseto e reduzir os impactos na regi\u00e3o. A mobiliza\u00e7\u00e3o busca dar resposta a um problema que vem ganhando dimens\u00e3o regional e exigindo medidas articuladas do poder p\u00fablico.<\/p>\n","protected":false},"excerpt":{"rendered":"<p>O aumento da presen\u00e7a do mosquito maruim no Litoral Norte do Rio Grande do Sul levou \u00e0 articula\u00e7\u00e3o de uma a\u00e7\u00e3o conjunta entre \u00e1reas do governo estadual. A iniciativa foi conduzida pelo deputado estadual Luciano Silveira, que reuniu representantes das secretarias de Sa\u00fade e Agricultura para discutir medidas de enfrentamento ao problema. O encontro contou [&hellip;]<\/p>\n","protected":false},"author":2,"featured_media":24908,"comment_status":"open","ping_status":"open","sticky":false,"template":"","format":"standard","meta":{"_themeisle_gutenberg_block_has_review":false,"footnotes":""},"categories":[20,15],"tags":[],"class_list":["post-24907","post","type-post","status-publish","format-standard","has-post-thumbnail","hentry","category-litoral_norte","category-noticias"],"yoast_head":"<!-- This site is optimized with the Yoast SEO plugin v27.4 - https:\/\/yoast.com\/product\/yoast-seo-wordpress\/ -->\n<title>Avan\u00e7o do maruim no Litoral Norte mobiliza a\u00e7\u00e3o conjunta entre Sa\u00fade e Agricultura no RS - Rede Litoral RS<\/title>\n<meta name=\"robots\" content=\"index, follow, max-snippet:-1, max-image-preview:large, max-video-preview:-1\" \/>\n<link rel=\"canonical\" href=\"https:\/\/redelitoralrs.com\/index.php\/2026\/04\/30\/avanco-do-maruim-no-litoral-norte-mobiliza-acao-conjunta-entre-saude-e-agricultura-no-rs\/\" \/>\n<meta property=\"og:locale\" content=\"pt_BR\" \/>\n<meta property=\"og:type\" content=\"article\" \/>\n<meta property=\"og:title\" content=\"Avan\u00e7o do maruim no Litoral Norte mobiliza a\u00e7\u00e3o conjunta entre Sa\u00fade e Agricultura no RS - Rede Litoral RS\" \/>\n<meta property=\"og:description\" content=\"O aumento da presen\u00e7a do mosquito maruim no Litoral Norte do Rio Grande do Sul levou \u00e0 articula\u00e7\u00e3o de uma a\u00e7\u00e3o conjunta entre \u00e1reas do governo estadual. A iniciativa foi conduzida pelo deputado estadual Luciano Silveira, que reuniu representantes das secretarias de Sa\u00fade e Agricultura para discutir medidas de enfrentamento ao problema. O encontro contou [&hellip;]\" \/>\n<meta property=\"og:url\" content=\"https:\/\/redelitoralrs.com\/index.php\/2026\/04\/30\/avanco-do-maruim-no-litoral-norte-mobiliza-acao-conjunta-entre-saude-e-agricultura-no-rs\/\" \/>\n<meta property=\"og:site_name\" content=\"Rede Litoral RS\" \/>\n<meta property=\"article:publisher\" content=\"https:\/\/www.facebook.com\/tvlitoralrsoficial\" \/>\n<meta property=\"article:published_time\" content=\"2026-04-30T19:16:40+00:00\" \/>\n<meta property=\"og:image\" content=\"https:\/\/redelitoralrs.com\/wp-content\/uploads\/2026\/04\/WhatsApp-Image-2026-04-30-at-10.00.53-1.jpeg\" \/>\n\t<meta property=\"og:image:width\" content=\"1179\" \/>\n\t<meta property=\"og:image:height\" content=\"785\" \/>\n\t<meta property=\"og:image:type\" content=\"image\/jpeg\" \/>\n<meta name=\"author\" content=\"Reda\u00e7\u00e3o TV Litoral\" \/>\n<meta name=\"twitter:card\" content=\"summary_large_image\" \/>\n<meta name=\"twitter:label1\" content=\"Escrito por\" \/>\n\t<meta name=\"twitter:data1\" content=\"Reda\u00e7\u00e3o TV Litoral\" \/>\n\t<meta name=\"twitter:label2\" content=\"Est. tempo de leitura\" \/>\n\t<meta name=\"twitter:data2\" content=\"2 minutos\" \/>\n<script type=\"application\/ld+json\" class=\"yoast-schema-graph\">{\"@context\":\"https:\\\/\\\/schema.org\",\"@graph\":[{\"@type\":\"Article\",\"@id\":\"https:\\\/\\\/redelitoralrs.com\\\/index.php\\\/2026\\\/04\\\/30\\\/avanco-do-maruim-no-litoral-norte-mobiliza-acao-conjunta-entre-saude-e-agricultura-no-rs\\\/#article\",\"isPartOf\":{\"@id\":\"https:\\\/\\\/redelitoralrs.com\\\/index.php\\\/2026\\\/04\\\/30\\\/avanco-do-maruim-no-litoral-norte-mobiliza-acao-conjunta-entre-saude-e-agricultura-no-rs\\\/\"},\"author\":{\"name\":\"Reda\u00e7\u00e3o TV Litoral\",\"@id\":\"https:\\\/\\\/redelitoralrs.com\\\/#\\\/schema\\\/person\\\/9f8181f2a7359dd3986f05ebaf5bd68a\"},\"headline\":\"Avan\u00e7o do maruim no Litoral Norte mobiliza a\u00e7\u00e3o conjunta entre Sa\u00fade e Agricultura no RS\",\"datePublished\":\"2026-04-30T19:16:40+00:00\",\"mainEntityOfPage\":{\"@id\":\"https:\\\/\\\/redelitoralrs.com\\\/index.php\\\/2026\\\/04\\\/30\\\/avanco-do-maruim-no-litoral-norte-mobiliza-acao-conjunta-entre-saude-e-agricultura-no-rs\\\/\"},\"wordCount\":293,\"commentCount\":0,\"publisher\":{\"@id\":\"https:\\\/\\\/redelitoralrs.com\\\/#organization\"},\"image\":{\"@id\":\"https:\\\/\\\/redelitoralrs.com\\\/index.php\\\/2026\\\/04\\\/30\\\/avanco-do-maruim-no-litoral-norte-mobiliza-acao-conjunta-entre-saude-e-agricultura-no-rs\\\/#primaryimage\"},\"thumbnailUrl\":\"https:\\\/\\\/redelitoralrs.com\\\/wp-content\\\/uploads\\\/2026\\\/04\\\/WhatsApp-Image-2026-04-30-at-10.00.53-1.jpeg\",\"articleSection\":[\"Litoral Norte\",\"\u00daltimas not\u00edcias\"],\"inLanguage\":\"pt-BR\",\"potentialAction\":[{\"@type\":\"CommentAction\",\"name\":\"Comment\",\"target\":[\"https:\\\/\\\/redelitoralrs.com\\\/index.php\\\/2026\\\/04\\\/30\\\/avanco-do-maruim-no-litoral-norte-mobiliza-acao-conjunta-entre-saude-e-agricultura-no-rs\\\/#respond\"]}]},{\"@type\":\"WebPage\",\"@id\":\"https:\\\/\\\/redelitoralrs.com\\\/index.php\\\/2026\\\/04\\\/30\\\/avanco-do-maruim-no-litoral-norte-mobiliza-acao-conjunta-entre-saude-e-agricultura-no-rs\\\/\",\"url\":\"https:\\\/\\\/redelitoralrs.com\\\/index.php\\\/2026\\\/04\\\/30\\\/avanco-do-maruim-no-litoral-norte-mobiliza-acao-conjunta-entre-saude-e-agricultura-no-rs\\\/\",\"name\":\"Avan\u00e7o do maruim no Litoral Norte mobiliza a\u00e7\u00e3o conjunta entre Sa\u00fade e Agricultura no RS - Rede Litoral RS\",\"isPartOf\":{\"@id\":\"https:\\\/\\\/redelitoralrs.com\\\/#website\"},\"primaryImageOfPage\":{\"@id\":\"https:\\\/\\\/redelitoralrs.com\\\/index.php\\\/2026\\\/04\\\/30\\\/avanco-do-maruim-no-litoral-norte-mobiliza-acao-conjunta-entre-saude-e-agricultura-no-rs\\\/#primaryimage\"},\"image\":{\"@id\":\"https:\\\/\\\/redelitoralrs.com\\\/index.php\\\/2026\\\/04\\\/30\\\/avanco-do-maruim-no-litoral-norte-mobiliza-acao-conjunta-entre-saude-e-agricultura-no-rs\\\/#primaryimage\"},\"thumbnailUrl\":\"https:\\\/\\\/redelitoralrs.com\\\/wp-content\\\/uploads\\\/2026\\\/04\\\/WhatsApp-Image-2026-04-30-at-10.00.53-1.jpeg\",\"datePublished\":\"2026-04-30T19:16:40+00:00\",\"breadcrumb\":{\"@id\":\"https:\\\/\\\/redelitoralrs.com\\\/index.php\\\/2026\\\/04\\\/30\\\/avanco-do-maruim-no-litoral-norte-mobiliza-acao-conjunta-entre-saude-e-agricultura-no-rs\\\/#breadcrumb\"},\"inLanguage\":\"pt-BR\",\"potentialAction\":[{\"@type\":\"ReadAction\",\"target\":[\"https:\\\/\\\/redelitoralrs.com\\\/index.php\\\/2026\\\/04\\\/30\\\/avanco-do-maruim-no-litoral-norte-mobiliza-acao-conjunta-entre-saude-e-agricultura-no-rs\\\/\"]}]},{\"@type\":\"ImageObject\",\"inLanguage\":\"pt-BR\",\"@id\":\"https:\\\/\\\/redelitoralrs.com\\\/index.php\\\/2026\\\/04\\\/30\\\/avanco-do-maruim-no-litoral-norte-mobiliza-acao-conjunta-entre-saude-e-agricultura-no-rs\\\/#primaryimage\",\"url\":\"https:\\\/\\\/redelitoralrs.com\\\/wp-content\\\/uploads\\\/2026\\\/04\\\/WhatsApp-Image-2026-04-30-at-10.00.53-1.jpeg\",\"contentUrl\":\"https:\\\/\\\/redelitoralrs.com\\\/wp-content\\\/uploads\\\/2026\\\/04\\\/WhatsApp-Image-2026-04-30-at-10.00.53-1.jpeg\",\"width\":1179,\"height\":785,\"caption\":\"Foto: Divulga\u00e7\u00e3o\\\/ALRS\"},{\"@type\":\"BreadcrumbList\",\"@id\":\"https:\\\/\\\/redelitoralrs.com\\\/index.php\\\/2026\\\/04\\\/30\\\/avanco-do-maruim-no-litoral-norte-mobiliza-acao-conjunta-entre-saude-e-agricultura-no-rs\\\/#breadcrumb\",\"itemListElement\":[{\"@type\":\"ListItem\",\"position\":1,\"name\":\"In\u00edcio\",\"item\":\"https:\\\/\\\/redelitoralrs.com\\\/\"},{\"@type\":\"ListItem\",\"position\":2,\"name\":\"Avan\u00e7o do maruim no Litoral Norte mobiliza a\u00e7\u00e3o conjunta entre Sa\u00fade e Agricultura no RS\"}]},{\"@type\":\"WebSite\",\"@id\":\"https:\\\/\\\/redelitoralrs.com\\\/#website\",\"url\":\"https:\\\/\\\/redelitoralrs.com\\\/\",\"name\":\"TV Litoral\",\"description\":\"Acompanhe tudo do litoral ga\u00facho com a cobertura completa e atualizada da Rede Litoral RS. Nossos jornalistas trazem as \u00faltimas not\u00edcias, os acontecimentos mais quentes e as hist\u00f3rias que importam sobre nosso amado litoral.\",\"publisher\":{\"@id\":\"https:\\\/\\\/redelitoralrs.com\\\/#organization\"},\"potentialAction\":[{\"@type\":\"SearchAction\",\"target\":{\"@type\":\"EntryPoint\",\"urlTemplate\":\"https:\\\/\\\/redelitoralrs.com\\\/?s={search_term_string}\"},\"query-input\":{\"@type\":\"PropertyValueSpecification\",\"valueRequired\":true,\"valueName\":\"search_term_string\"}}],\"inLanguage\":\"pt-BR\"},{\"@type\":\"Organization\",\"@id\":\"https:\\\/\\\/redelitoralrs.com\\\/#organization\",\"name\":\"TV Litoral\",\"url\":\"https:\\\/\\\/redelitoralrs.com\\\/\",\"logo\":{\"@type\":\"ImageObject\",\"inLanguage\":\"pt-BR\",\"@id\":\"https:\\\/\\\/redelitoralrs.com\\\/#\\\/schema\\\/logo\\\/image\\\/\",\"url\":\"https:\\\/\\\/redelitoralrs.com\\\/wp-content\\\/uploads\\\/2024\\\/01\\\/faviconicon-1-1.png\",\"contentUrl\":\"https:\\\/\\\/redelitoralrs.com\\\/wp-content\\\/uploads\\\/2024\\\/01\\\/faviconicon-1-1.png\",\"width\":454,\"height\":454,\"caption\":\"TV Litoral\"},\"image\":{\"@id\":\"https:\\\/\\\/redelitoralrs.com\\\/#\\\/schema\\\/logo\\\/image\\\/\"},\"sameAs\":[\"https:\\\/\\\/www.facebook.com\\\/tvlitoralrsoficial\",\"https:\\\/\\\/www.instagram.com\\\/tvlitoral.rs\"]},{\"@type\":\"Person\",\"@id\":\"https:\\\/\\\/redelitoralrs.com\\\/#\\\/schema\\\/person\\\/9f8181f2a7359dd3986f05ebaf5bd68a\",\"name\":\"Reda\u00e7\u00e3o TV Litoral\",\"image\":{\"@type\":\"ImageObject\",\"inLanguage\":\"pt-BR\",\"@id\":\"https:\\\/\\\/redelitoralrs.com\\\/wp-content\\\/litespeed\\\/avatar\\\/779aafbb45e66c7f82733e21abb48259.jpg?ver=1777561602\",\"url\":\"https:\\\/\\\/redelitoralrs.com\\\/wp-content\\\/litespeed\\\/avatar\\\/779aafbb45e66c7f82733e21abb48259.jpg?ver=1777561602\",\"contentUrl\":\"https:\\\/\\\/redelitoralrs.com\\\/wp-content\\\/litespeed\\\/avatar\\\/779aafbb45e66c7f82733e21abb48259.jpg?ver=1777561602\",\"caption\":\"Reda\u00e7\u00e3o TV Litoral\"},\"description\":\"A Rede Litoral de Comunica\u00e7\u00e3o \u00e9 um grupo de m\u00eddia multiplataforma do Litoral Norte do RS. Com atua\u00e7\u00e3o em TV, r\u00e1dio, portal e redes sociais, levamos informa\u00e7\u00e3o, conte\u00fado e entretenimento \u00e0 comunidade, fortalecendo a comunica\u00e7\u00e3o local e impulsionando o desenvolvimento regional. Acompanhe atrav\u00e9s de @redelitoralrs.\",\"sameAs\":[\"https:\\\/\\\/redelitoralrs.com\",\"https:\\\/\\\/www.instagram.com\\\/redelitoralrs\",\"https:\\\/\\\/www.youtube.com\\\/@redelitoralrs\"],\"url\":\"https:\\\/\\\/redelitoralrs.com\\\/index.php\\\/author\\\/redacaotvlitoral\\\/\"}]}<\/script>\n<!-- \/ Yoast SEO plugin. -->","yoast_head_json":{"title":"Avan\u00e7o do maruim no Litoral Norte mobiliza a\u00e7\u00e3o conjunta entre Sa\u00fade e Agricultura no RS - Rede Litoral RS","robots":{"index":"index","follow":"follow","max-snippet":"max-snippet:-1","max-image-preview":"max-image-preview:large","max-video-preview":"max-video-preview:-1"},"canonical":"https:\/\/redelitoralrs.com\/index.php\/2026\/04\/30\/avanco-do-maruim-no-litoral-norte-mobiliza-acao-conjunta-entre-saude-e-agricultura-no-rs\/","og_locale":"pt_BR","og_type":"article","og_title":"Avan\u00e7o do maruim no Litoral Norte mobiliza a\u00e7\u00e3o conjunta entre Sa\u00fade e Agricultura no RS - Rede Litoral RS","og_description":"O aumento da presen\u00e7a do mosquito maruim no Litoral Norte do Rio Grande do Sul levou \u00e0 articula\u00e7\u00e3o de uma a\u00e7\u00e3o conjunta entre \u00e1reas do governo estadual. A iniciativa foi conduzida pelo deputado estadual Luciano Silveira, que reuniu representantes das secretarias de Sa\u00fade e Agricultura para discutir medidas de enfrentamento ao problema. O encontro contou [&hellip;]","og_url":"https:\/\/redelitoralrs.com\/index.php\/2026\/04\/30\/avanco-do-maruim-no-litoral-norte-mobiliza-acao-conjunta-entre-saude-e-agricultura-no-rs\/","og_site_name":"Rede Litoral RS","article_publisher":"https:\/\/www.facebook.com\/tvlitoralrsoficial","article_published_time":"2026-04-30T19:16:40+00:00","og_image":[{"width":1179,"height":785,"url":"https:\/\/redelitoralrs.com\/wp-content\/uploads\/2026\/04\/WhatsApp-Image-2026-04-30-at-10.00.53-1.jpeg","type":"image\/jpeg"}],"author":"Reda\u00e7\u00e3o TV Litoral","twitter_card":"summary_large_image","twitter_misc":{"Escrito por":"Reda\u00e7\u00e3o TV Litoral","Est. tempo de leitura":"2 minutos"},"schema":{"@context":"https:\/\/schema.org","@graph":[{"@type":"Article","@id":"https:\/\/redelitoralrs.com\/index.php\/2026\/04\/30\/avanco-do-maruim-no-litoral-norte-mobiliza-acao-conjunta-entre-saude-e-agricultura-no-rs\/#article","isPartOf":{"@id":"https:\/\/redelitoralrs.com\/index.php\/2026\/04\/30\/avanco-do-maruim-no-litoral-norte-mobiliza-acao-conjunta-entre-saude-e-agricultura-no-rs\/"},"author":{"name":"Reda\u00e7\u00e3o TV Litoral","@id":"https:\/\/redelitoralrs.com\/#\/schema\/person\/9f8181f2a7359dd3986f05ebaf5bd68a"},"headline":"Avan\u00e7o do maruim no Litoral Norte mobiliza a\u00e7\u00e3o conjunta entre Sa\u00fade e Agricultura no RS","datePublished":"2026-04-30T19:16:40+00:00","mainEntityOfPage":{"@id":"https:\/\/redelitoralrs.com\/index.php\/2026\/04\/30\/avanco-do-maruim-no-litoral-norte-mobiliza-acao-conjunta-entre-saude-e-agricultura-no-rs\/"},"wordCount":293,"commentCount":0,"publisher":{"@id":"https:\/\/redelitoralrs.com\/#organization"},"image":{"@id":"https:\/\/redelitoralrs.com\/index.php\/2026\/04\/30\/avanco-do-maruim-no-litoral-norte-mobiliza-acao-conjunta-entre-saude-e-agricultura-no-rs\/#primaryimage"},"thumbnailUrl":"https:\/\/redelitoralrs.com\/wp-content\/uploads\/2026\/04\/WhatsApp-Image-2026-04-30-at-10.00.53-1.jpeg","articleSection":["Litoral Norte","\u00daltimas not\u00edcias"],"inLanguage":"pt-BR","potentialAction":[{"@type":"CommentAction","name":"Comment","target":["https:\/\/redelitoralrs.com\/index.php\/2026\/04\/30\/avanco-do-maruim-no-litoral-norte-mobiliza-acao-conjunta-entre-saude-e-agricultura-no-rs\/#respond"]}]},{"@type":"WebPage","@id":"https:\/\/redelitoralrs.com\/index.php\/2026\/04\/30\/avanco-do-maruim-no-litoral-norte-mobiliza-acao-conjunta-entre-saude-e-agricultura-no-rs\/","url":"https:\/\/redelitoralrs.com\/index.php\/2026\/04\/30\/avanco-do-maruim-no-litoral-norte-mobiliza-acao-conjunta-entre-saude-e-agricultura-no-rs\/","name":"Avan\u00e7o do maruim no Litoral Norte mobiliza a\u00e7\u00e3o conjunta entre Sa\u00fade e Agricultura no RS - Rede Litoral RS","isPartOf":{"@id":"https:\/\/redelitoralrs.com\/#website"},"primaryImageOfPage":{"@id":"https:\/\/redelitoralrs.com\/index.php\/2026\/04\/30\/avanco-do-maruim-no-litoral-norte-mobiliza-acao-conjunta-entre-saude-e-agricultura-no-rs\/#primaryimage"},"image":{"@id":"https:\/\/redelitoralrs.com\/index.php\/2026\/04\/30\/avanco-do-maruim-no-litoral-norte-mobiliza-acao-conjunta-entre-saude-e-agricultura-no-rs\/#primaryimage"},"thumbnailUrl":"https:\/\/redelitoralrs.com\/wp-content\/uploads\/2026\/04\/WhatsApp-Image-2026-04-30-at-10.00.53-1.jpeg","datePublished":"2026-04-30T19:16:40+00:00","breadcrumb":{"@id":"https:\/\/redelitoralrs.com\/index.php\/2026\/04\/30\/avanco-do-maruim-no-litoral-norte-mobiliza-acao-conjunta-entre-saude-e-agricultura-no-rs\/#breadcrumb"},"inLanguage":"pt-BR","potentialAction":[{"@type":"ReadAction","target":["https:\/\/redelitoralrs.com\/index.php\/2026\/04\/30\/avanco-do-maruim-no-litoral-norte-mobiliza-acao-conjunta-entre-saude-e-agricultura-no-rs\/"]}]},{"@type":"ImageObject","inLanguage":"pt-BR","@id":"https:\/\/redelitoralrs.com\/index.php\/2026\/04\/30\/avanco-do-maruim-no-litoral-norte-mobiliza-acao-conjunta-entre-saude-e-agricultura-no-rs\/#primaryimage","url":"https:\/\/redelitoralrs.com\/wp-content\/uploads\/2026\/04\/WhatsApp-Image-2026-04-30-at-10.00.53-1.jpeg","contentUrl":"https:\/\/redelitoralrs.com\/wp-content\/uploads\/2026\/04\/WhatsApp-Image-2026-04-30-at-10.00.53-1.jpeg","width":1179,"height":785,"caption":"Foto: Divulga\u00e7\u00e3o\/ALRS"},{"@type":"BreadcrumbList","@id":"https:\/\/redelitoralrs.com\/index.php\/2026\/04\/30\/avanco-do-maruim-no-litoral-norte-mobiliza-acao-conjunta-entre-saude-e-agricultura-no-rs\/#breadcrumb","itemListElement":[{"@type":"ListItem","position":1,"name":"In\u00edcio","item":"https:\/\/redelitoralrs.com\/"},{"@type":"ListItem","position":2,"name":"Avan\u00e7o do maruim no Litoral Norte mobiliza a\u00e7\u00e3o conjunta entre Sa\u00fade e Agricultura no RS"}]},{"@type":"WebSite","@id":"https:\/\/redelitoralrs.com\/#website","url":"https:\/\/redelitoralrs.com\/","name":"TV Litoral","description":"Acompanhe tudo do litoral ga\u00facho com a cobertura completa e atualizada da Rede Litoral RS. Nossos jornalistas trazem as \u00faltimas not\u00edcias, os acontecimentos mais quentes e as hist\u00f3rias que importam sobre nosso amado litoral.","publisher":{"@id":"https:\/\/redelitoralrs.com\/#organization"},"potentialAction":[{"@type":"SearchAction","target":{"@type":"EntryPoint","urlTemplate":"https:\/\/redelitoralrs.com\/?s={search_term_string}"},"query-input":{"@type":"PropertyValueSpecification","valueRequired":true,"valueName":"search_term_string"}}],"inLanguage":"pt-BR"},{"@type":"Organization","@id":"https:\/\/redelitoralrs.com\/#organization","name":"TV Litoral","url":"https:\/\/redelitoralrs.com\/","logo":{"@type":"ImageObject","inLanguage":"pt-BR","@id":"https:\/\/redelitoralrs.com\/#\/schema\/logo\/image\/","url":"https:\/\/redelitoralrs.com\/wp-content\/uploads\/2024\/01\/faviconicon-1-1.png","contentUrl":"https:\/\/redelitoralrs.com\/wp-content\/uploads\/2024\/01\/faviconicon-1-1.png","width":454,"height":454,"caption":"TV Litoral"},"image":{"@id":"https:\/\/redelitoralrs.com\/#\/schema\/logo\/image\/"},"sameAs":["https:\/\/www.facebook.com\/tvlitoralrsoficial","https:\/\/www.instagram.com\/tvlitoral.rs"]},{"@type":"Person","@id":"https:\/\/redelitoralrs.com\/#\/schema\/person\/9f8181f2a7359dd3986f05ebaf5bd68a","name":"Reda\u00e7\u00e3o TV Litoral","image":{"@type":"ImageObject","inLanguage":"pt-BR","@id":"https:\/\/redelitoralrs.com\/wp-content\/litespeed\/avatar\/779aafbb45e66c7f82733e21abb48259.jpg?ver=1777561602","url":"https:\/\/redelitoralrs.com\/wp-content\/litespeed\/avatar\/779aafbb45e66c7f82733e21abb48259.jpg?ver=1777561602","contentUrl":"https:\/\/redelitoralrs.com\/wp-content\/litespeed\/avatar\/779aafbb45e66c7f82733e21abb48259.jpg?ver=1777561602","caption":"Reda\u00e7\u00e3o TV Litoral"},"description":"A Rede Litoral de Comunica\u00e7\u00e3o \u00e9 um grupo de m\u00eddia multiplataforma do Litoral Norte do RS. Com atua\u00e7\u00e3o em TV, r\u00e1dio, portal e redes sociais, levamos informa\u00e7\u00e3o, conte\u00fado e entretenimento \u00e0 comunidade, fortalecendo a comunica\u00e7\u00e3o local e impulsionando o desenvolvimento regional. Acompanhe atrav\u00e9s de @redelitoralrs.","sameAs":["https:\/\/redelitoralrs.com","https:\/\/www.instagram.com\/redelitoralrs","https:\/\/www.youtube.com\/@redelitoralrs"],"url":"https:\/\/redelitoralrs.com\/index.php\/author\/redacaotvlitoral\/"}]}},"_links":{"self":[{"href":"https:\/\/redelitoralrs.com\/index.php\/wp-json\/wp\/v2\/posts\/24907","targetHints":{"allow":["GET"]}}],"collection":[{"href":"https:\/\/redelitoralrs.com\/index.php\/wp-json\/wp\/v2\/posts"}],"about":[{"href":"https:\/\/redelitoralrs.com\/index.php\/wp-json\/wp\/v2\/types\/post"}],"author":[{"embeddable":true,"href":"https:\/\/redelitoralrs.com\/index.php\/wp-json\/wp\/v2\/users\/2"}],"replies":[{"embeddable":true,"href":"https:\/\/redelitoralrs.com\/index.php\/wp-json\/wp\/v2\/comments?post=24907"}],"version-history":[{"count":1,"href":"https:\/\/redelitoralrs.com\/index.php\/wp-json\/wp\/v2\/posts\/24907\/revisions"}],"predecessor-version":[{"id":24909,"href":"https:\/\/redelitoralrs.com\/index.php\/wp-json\/wp\/v2\/posts\/24907\/revisions\/24909"}],"wp:featuredmedia":[{"embeddable":true,"href":"https:\/\/redelitoralrs.com\/index.php\/wp-json\/wp\/v2\/media\/24908"}],"wp:attachment":[{"href":"https:\/\/redelitoralrs.com\/index.php\/wp-json\/wp\/v2\/media?parent=24907"}],"wp:term":[{"taxonomy":"category","embeddable":true,"href":"https:\/\/redelitoralrs.com\/index.php\/wp-json\/wp\/v2\/categories?post=24907"},{"taxonomy":"post_tag","embeddable":true,"href":"https:\/\/redelitoralrs.com\/index.php\/wp-json\/wp\/v2\/tags?post=24907"}],"curies":[{"name":"wp","href":"https:\/\/api.w.org\/{rel}","templated":true}]}}