{"id":24904,"date":"2026-04-30T16:14:05","date_gmt":"2026-04-30T19:14:05","guid":{"rendered":"https:\/\/redelitoralrs.com\/?p=24904"},"modified":"2026-04-30T16:14:06","modified_gmt":"2026-04-30T19:14:06","slug":"pf-investiga-entrada-de-bagagens-sem-fiscalizacao-em-voo-com-autoridades-e-empresario-de-apostas","status":"publish","type":"post","link":"https:\/\/redelitoralrs.com\/index.php\/2026\/04\/30\/pf-investiga-entrada-de-bagagens-sem-fiscalizacao-em-voo-com-autoridades-e-empresario-de-apostas\/","title":{"rendered":"PF investiga entrada de bagagens sem fiscaliza\u00e7\u00e3o em voo com autoridades e empres\u00e1rio de apostas"},"content":{"rendered":"\n<p>A Pol\u00edcia Federal investiga a poss\u00edvel libera\u00e7\u00e3o irregular de bagagens sem fiscaliza\u00e7\u00e3o aduaneira em um voo que transportava autoridades pol\u00edticas e um empres\u00e1rio ligado ao setor de apostas. O caso ocorreu em 20 de abril de 2025, no desembarque no S\u00e3o Paulo Catarina Aeroporto Executivo Internacional, em S\u00e3o Roque (SP).<\/p>\n\n\n\n<p>Segundo a investiga\u00e7\u00e3o, um auditor da Receita Federal pode ter cometido prevarica\u00e7\u00e3o e descaminho ao permitir a entrada de volumes no pa\u00eds sem inspe\u00e7\u00e3o por raio-x. A apura\u00e7\u00e3o envolve um voo vindo da ilha de S\u00e3o Martinho, territ\u00f3rio apontado como para\u00edso fiscal.<\/p>\n\n\n\n<p>Entre os passageiros estavam o presidente da C\u00e2mara dos Deputados, Hugo Motta, o senador Ciro Nogueira, al\u00e9m dos deputados Dr. Luizinho e Isnaldo Bulh\u00f5es. Tamb\u00e9m estavam a bordo o empres\u00e1rio Fernando Oliveira Lima, conhecido como \u201cFernandin OIG\u201d, e o ex-vereador Victor Linhares.<\/p>\n\n\n\n<p>Imagens de seguran\u00e7a analisadas pela PF mostram o piloto da aeronave passando inicialmente pelo raio-x com duas bagagens e, minutos depois, retornando com sete volumes, contornando o detector de metais sem fiscaliza\u00e7\u00e3o. Entre os itens transportados estariam sacolas, caixas, mala de viagem, mochila e at\u00e9 um edredom. De acordo com a investiga\u00e7\u00e3o, o auditor Marco Ant\u00f4nio Canella teria acompanhado a movimenta\u00e7\u00e3o e permitido a libera\u00e7\u00e3o sem inspe\u00e7\u00e3o.<\/p>\n\n\n\n<p>A presen\u00e7a de autoridades com foro privilegiado levou o caso ao Supremo Tribunal Federal, onde aguarda decis\u00e3o do ministro Alexandre de Moraes sobre a compet\u00eancia para condu\u00e7\u00e3o do processo.<\/p>\n\n\n\n<p>Em manifesta\u00e7\u00e3o, Hugo Motta afirmou que seguiu todos os protocolos da legisla\u00e7\u00e3o aduaneira. As investiga\u00e7\u00f5es seguem em andamento para apurar eventuais responsabilidades e a origem das bagagens que ingressaram no pa\u00eds sem controle.<\/p>\n","protected":false},"excerpt":{"rendered":"<p>A Pol\u00edcia Federal investiga a poss\u00edvel libera\u00e7\u00e3o irregular de bagagens sem fiscaliza\u00e7\u00e3o aduaneira em um voo que transportava autoridades pol\u00edticas e um empres\u00e1rio ligado ao setor de apostas. O caso ocorreu em 20 de abril de 2025, no desembarque no S\u00e3o Paulo Catarina Aeroporto Executivo Internacional, em S\u00e3o Roque (SP). Segundo a investiga\u00e7\u00e3o, um auditor [&hellip;]<\/p>\n","protected":false},"author":2,"featured_media":24905,"comment_status":"open","ping_status":"open","sticky":false,"template":"","format":"standard","meta":{"_themeisle_gutenberg_block_has_review":false,"footnotes":""},"categories":[246,15],"tags":[],"class_list":["post-24904","post","type-post","status-publish","format-standard","has-post-thumbnail","hentry","category-brasil","category-noticias"],"yoast_head":"<!-- This site is optimized with the Yoast SEO plugin v27.4 - https:\/\/yoast.com\/product\/yoast-seo-wordpress\/ -->\n<title>PF investiga entrada de bagagens sem fiscaliza\u00e7\u00e3o em voo com autoridades e empres\u00e1rio de apostas - Rede Litoral RS<\/title>\n<meta name=\"robots\" content=\"index, follow, max-snippet:-1, max-image-preview:large, max-video-preview:-1\" \/>\n<link rel=\"canonical\" href=\"https:\/\/redelitoralrs.com\/index.php\/2026\/04\/30\/pf-investiga-entrada-de-bagagens-sem-fiscalizacao-em-voo-com-autoridades-e-empresario-de-apostas\/\" \/>\n<meta property=\"og:locale\" content=\"pt_BR\" \/>\n<meta property=\"og:type\" content=\"article\" \/>\n<meta property=\"og:title\" content=\"PF investiga entrada de bagagens sem fiscaliza\u00e7\u00e3o em voo com autoridades e empres\u00e1rio de apostas - Rede Litoral RS\" \/>\n<meta property=\"og:description\" content=\"A Pol\u00edcia Federal investiga a poss\u00edvel libera\u00e7\u00e3o irregular de bagagens sem fiscaliza\u00e7\u00e3o aduaneira em um voo que transportava autoridades pol\u00edticas e um empres\u00e1rio ligado ao setor de apostas. O caso ocorreu em 20 de abril de 2025, no desembarque no S\u00e3o Paulo Catarina Aeroporto Executivo Internacional, em S\u00e3o Roque (SP). Segundo a investiga\u00e7\u00e3o, um auditor [&hellip;]\" \/>\n<meta property=\"og:url\" content=\"https:\/\/redelitoralrs.com\/index.php\/2026\/04\/30\/pf-investiga-entrada-de-bagagens-sem-fiscalizacao-em-voo-com-autoridades-e-empresario-de-apostas\/\" \/>\n<meta property=\"og:site_name\" content=\"Rede Litoral RS\" \/>\n<meta property=\"article:publisher\" content=\"https:\/\/www.facebook.com\/tvlitoralrsoficial\" \/>\n<meta property=\"article:published_time\" content=\"2026-04-30T19:14:05+00:00\" \/>\n<meta property=\"article:modified_time\" content=\"2026-04-30T19:14:06+00:00\" \/>\n<meta property=\"og:image\" content=\"https:\/\/redelitoralrs.com\/wp-content\/uploads\/2026\/04\/JUST-IN.-PF-investiga-entrada-de-malas-sem-fiscalizacao-em-voo-com-Motta-Ciro-Nogueira-e-dono-d.jpg\" \/>\n\t<meta property=\"og:image:width\" content=\"1080\" \/>\n\t<meta property=\"og:image:height\" content=\"594\" \/>\n\t<meta property=\"og:image:type\" content=\"image\/jpeg\" \/>\n<meta name=\"author\" content=\"Reda\u00e7\u00e3o TV Litoral\" \/>\n<meta name=\"twitter:card\" content=\"summary_large_image\" \/>\n<meta name=\"twitter:label1\" content=\"Escrito por\" \/>\n\t<meta name=\"twitter:data1\" content=\"Reda\u00e7\u00e3o TV Litoral\" \/>\n\t<meta name=\"twitter:label2\" content=\"Est. tempo de leitura\" \/>\n\t<meta name=\"twitter:data2\" content=\"2 minutos\" \/>\n<script type=\"application\/ld+json\" class=\"yoast-schema-graph\">{\"@context\":\"https:\\\/\\\/schema.org\",\"@graph\":[{\"@type\":\"Article\",\"@id\":\"https:\\\/\\\/redelitoralrs.com\\\/index.php\\\/2026\\\/04\\\/30\\\/pf-investiga-entrada-de-bagagens-sem-fiscalizacao-em-voo-com-autoridades-e-empresario-de-apostas\\\/#article\",\"isPartOf\":{\"@id\":\"https:\\\/\\\/redelitoralrs.com\\\/index.php\\\/2026\\\/04\\\/30\\\/pf-investiga-entrada-de-bagagens-sem-fiscalizacao-em-voo-com-autoridades-e-empresario-de-apostas\\\/\"},\"author\":{\"name\":\"Reda\u00e7\u00e3o TV Litoral\",\"@id\":\"https:\\\/\\\/redelitoralrs.com\\\/#\\\/schema\\\/person\\\/9f8181f2a7359dd3986f05ebaf5bd68a\"},\"headline\":\"PF investiga entrada de bagagens sem fiscaliza\u00e7\u00e3o em voo com autoridades e empres\u00e1rio de apostas\",\"datePublished\":\"2026-04-30T19:14:05+00:00\",\"dateModified\":\"2026-04-30T19:14:06+00:00\",\"mainEntityOfPage\":{\"@id\":\"https:\\\/\\\/redelitoralrs.com\\\/index.php\\\/2026\\\/04\\\/30\\\/pf-investiga-entrada-de-bagagens-sem-fiscalizacao-em-voo-com-autoridades-e-empresario-de-apostas\\\/\"},\"wordCount\":314,\"commentCount\":0,\"publisher\":{\"@id\":\"https:\\\/\\\/redelitoralrs.com\\\/#organization\"},\"image\":{\"@id\":\"https:\\\/\\\/redelitoralrs.com\\\/index.php\\\/2026\\\/04\\\/30\\\/pf-investiga-entrada-de-bagagens-sem-fiscalizacao-em-voo-com-autoridades-e-empresario-de-apostas\\\/#primaryimage\"},\"thumbnailUrl\":\"https:\\\/\\\/redelitoralrs.com\\\/wp-content\\\/uploads\\\/2026\\\/04\\\/JUST-IN.-PF-investiga-entrada-de-malas-sem-fiscalizacao-em-voo-com-Motta-Ciro-Nogueira-e-dono-d.jpg\",\"articleSection\":[\"Brasil\",\"\u00daltimas not\u00edcias\"],\"inLanguage\":\"pt-BR\",\"potentialAction\":[{\"@type\":\"CommentAction\",\"name\":\"Comment\",\"target\":[\"https:\\\/\\\/redelitoralrs.com\\\/index.php\\\/2026\\\/04\\\/30\\\/pf-investiga-entrada-de-bagagens-sem-fiscalizacao-em-voo-com-autoridades-e-empresario-de-apostas\\\/#respond\"]}]},{\"@type\":\"WebPage\",\"@id\":\"https:\\\/\\\/redelitoralrs.com\\\/index.php\\\/2026\\\/04\\\/30\\\/pf-investiga-entrada-de-bagagens-sem-fiscalizacao-em-voo-com-autoridades-e-empresario-de-apostas\\\/\",\"url\":\"https:\\\/\\\/redelitoralrs.com\\\/index.php\\\/2026\\\/04\\\/30\\\/pf-investiga-entrada-de-bagagens-sem-fiscalizacao-em-voo-com-autoridades-e-empresario-de-apostas\\\/\",\"name\":\"PF investiga entrada de bagagens sem fiscaliza\u00e7\u00e3o em voo com autoridades e empres\u00e1rio de apostas - Rede Litoral RS\",\"isPartOf\":{\"@id\":\"https:\\\/\\\/redelitoralrs.com\\\/#website\"},\"primaryImageOfPage\":{\"@id\":\"https:\\\/\\\/redelitoralrs.com\\\/index.php\\\/2026\\\/04\\\/30\\\/pf-investiga-entrada-de-bagagens-sem-fiscalizacao-em-voo-com-autoridades-e-empresario-de-apostas\\\/#primaryimage\"},\"image\":{\"@id\":\"https:\\\/\\\/redelitoralrs.com\\\/index.php\\\/2026\\\/04\\\/30\\\/pf-investiga-entrada-de-bagagens-sem-fiscalizacao-em-voo-com-autoridades-e-empresario-de-apostas\\\/#primaryimage\"},\"thumbnailUrl\":\"https:\\\/\\\/redelitoralrs.com\\\/wp-content\\\/uploads\\\/2026\\\/04\\\/JUST-IN.-PF-investiga-entrada-de-malas-sem-fiscalizacao-em-voo-com-Motta-Ciro-Nogueira-e-dono-d.jpg\",\"datePublished\":\"2026-04-30T19:14:05+00:00\",\"dateModified\":\"2026-04-30T19:14:06+00:00\",\"breadcrumb\":{\"@id\":\"https:\\\/\\\/redelitoralrs.com\\\/index.php\\\/2026\\\/04\\\/30\\\/pf-investiga-entrada-de-bagagens-sem-fiscalizacao-em-voo-com-autoridades-e-empresario-de-apostas\\\/#breadcrumb\"},\"inLanguage\":\"pt-BR\",\"potentialAction\":[{\"@type\":\"ReadAction\",\"target\":[\"https:\\\/\\\/redelitoralrs.com\\\/index.php\\\/2026\\\/04\\\/30\\\/pf-investiga-entrada-de-bagagens-sem-fiscalizacao-em-voo-com-autoridades-e-empresario-de-apostas\\\/\"]}]},{\"@type\":\"ImageObject\",\"inLanguage\":\"pt-BR\",\"@id\":\"https:\\\/\\\/redelitoralrs.com\\\/index.php\\\/2026\\\/04\\\/30\\\/pf-investiga-entrada-de-bagagens-sem-fiscalizacao-em-voo-com-autoridades-e-empresario-de-apostas\\\/#primaryimage\",\"url\":\"https:\\\/\\\/redelitoralrs.com\\\/wp-content\\\/uploads\\\/2026\\\/04\\\/JUST-IN.-PF-investiga-entrada-de-malas-sem-fiscalizacao-em-voo-com-Motta-Ciro-Nogueira-e-dono-d.jpg\",\"contentUrl\":\"https:\\\/\\\/redelitoralrs.com\\\/wp-content\\\/uploads\\\/2026\\\/04\\\/JUST-IN.-PF-investiga-entrada-de-malas-sem-fiscalizacao-em-voo-com-Motta-Ciro-Nogueira-e-dono-d.jpg\",\"width\":1080,\"height\":594,\"caption\":\"Foto: Reprodu\u00e7\u00e3o\"},{\"@type\":\"BreadcrumbList\",\"@id\":\"https:\\\/\\\/redelitoralrs.com\\\/index.php\\\/2026\\\/04\\\/30\\\/pf-investiga-entrada-de-bagagens-sem-fiscalizacao-em-voo-com-autoridades-e-empresario-de-apostas\\\/#breadcrumb\",\"itemListElement\":[{\"@type\":\"ListItem\",\"position\":1,\"name\":\"In\u00edcio\",\"item\":\"https:\\\/\\\/redelitoralrs.com\\\/\"},{\"@type\":\"ListItem\",\"position\":2,\"name\":\"PF investiga entrada de bagagens sem fiscaliza\u00e7\u00e3o em voo com autoridades e empres\u00e1rio de apostas\"}]},{\"@type\":\"WebSite\",\"@id\":\"https:\\\/\\\/redelitoralrs.com\\\/#website\",\"url\":\"https:\\\/\\\/redelitoralrs.com\\\/\",\"name\":\"TV Litoral\",\"description\":\"Acompanhe tudo do litoral ga\u00facho com a cobertura completa e atualizada da Rede Litoral RS. Nossos jornalistas trazem as \u00faltimas not\u00edcias, os acontecimentos mais quentes e as hist\u00f3rias que importam sobre nosso amado litoral.\",\"publisher\":{\"@id\":\"https:\\\/\\\/redelitoralrs.com\\\/#organization\"},\"potentialAction\":[{\"@type\":\"SearchAction\",\"target\":{\"@type\":\"EntryPoint\",\"urlTemplate\":\"https:\\\/\\\/redelitoralrs.com\\\/?s={search_term_string}\"},\"query-input\":{\"@type\":\"PropertyValueSpecification\",\"valueRequired\":true,\"valueName\":\"search_term_string\"}}],\"inLanguage\":\"pt-BR\"},{\"@type\":\"Organization\",\"@id\":\"https:\\\/\\\/redelitoralrs.com\\\/#organization\",\"name\":\"TV Litoral\",\"url\":\"https:\\\/\\\/redelitoralrs.com\\\/\",\"logo\":{\"@type\":\"ImageObject\",\"inLanguage\":\"pt-BR\",\"@id\":\"https:\\\/\\\/redelitoralrs.com\\\/#\\\/schema\\\/logo\\\/image\\\/\",\"url\":\"https:\\\/\\\/redelitoralrs.com\\\/wp-content\\\/uploads\\\/2024\\\/01\\\/faviconicon-1-1.png\",\"contentUrl\":\"https:\\\/\\\/redelitoralrs.com\\\/wp-content\\\/uploads\\\/2024\\\/01\\\/faviconicon-1-1.png\",\"width\":454,\"height\":454,\"caption\":\"TV Litoral\"},\"image\":{\"@id\":\"https:\\\/\\\/redelitoralrs.com\\\/#\\\/schema\\\/logo\\\/image\\\/\"},\"sameAs\":[\"https:\\\/\\\/www.facebook.com\\\/tvlitoralrsoficial\",\"https:\\\/\\\/www.instagram.com\\\/tvlitoral.rs\"]},{\"@type\":\"Person\",\"@id\":\"https:\\\/\\\/redelitoralrs.com\\\/#\\\/schema\\\/person\\\/9f8181f2a7359dd3986f05ebaf5bd68a\",\"name\":\"Reda\u00e7\u00e3o TV Litoral\",\"image\":{\"@type\":\"ImageObject\",\"inLanguage\":\"pt-BR\",\"@id\":\"https:\\\/\\\/redelitoralrs.com\\\/wp-content\\\/litespeed\\\/avatar\\\/779aafbb45e66c7f82733e21abb48259.jpg?ver=1777561602\",\"url\":\"https:\\\/\\\/redelitoralrs.com\\\/wp-content\\\/litespeed\\\/avatar\\\/779aafbb45e66c7f82733e21abb48259.jpg?ver=1777561602\",\"contentUrl\":\"https:\\\/\\\/redelitoralrs.com\\\/wp-content\\\/litespeed\\\/avatar\\\/779aafbb45e66c7f82733e21abb48259.jpg?ver=1777561602\",\"caption\":\"Reda\u00e7\u00e3o TV Litoral\"},\"description\":\"A Rede Litoral de Comunica\u00e7\u00e3o \u00e9 um grupo de m\u00eddia multiplataforma do Litoral Norte do RS. Com atua\u00e7\u00e3o em TV, r\u00e1dio, portal e redes sociais, levamos informa\u00e7\u00e3o, conte\u00fado e entretenimento \u00e0 comunidade, fortalecendo a comunica\u00e7\u00e3o local e impulsionando o desenvolvimento regional. Acompanhe atrav\u00e9s de @redelitoralrs.\",\"sameAs\":[\"https:\\\/\\\/redelitoralrs.com\",\"https:\\\/\\\/www.instagram.com\\\/redelitoralrs\",\"https:\\\/\\\/www.youtube.com\\\/@redelitoralrs\"],\"url\":\"https:\\\/\\\/redelitoralrs.com\\\/index.php\\\/author\\\/redacaotvlitoral\\\/\"}]}<\/script>\n<!-- \/ Yoast SEO plugin. -->","yoast_head_json":{"title":"PF investiga entrada de bagagens sem fiscaliza\u00e7\u00e3o em voo com autoridades e empres\u00e1rio de apostas - Rede Litoral RS","robots":{"index":"index","follow":"follow","max-snippet":"max-snippet:-1","max-image-preview":"max-image-preview:large","max-video-preview":"max-video-preview:-1"},"canonical":"https:\/\/redelitoralrs.com\/index.php\/2026\/04\/30\/pf-investiga-entrada-de-bagagens-sem-fiscalizacao-em-voo-com-autoridades-e-empresario-de-apostas\/","og_locale":"pt_BR","og_type":"article","og_title":"PF investiga entrada de bagagens sem fiscaliza\u00e7\u00e3o em voo com autoridades e empres\u00e1rio de apostas - Rede Litoral RS","og_description":"A Pol\u00edcia Federal investiga a poss\u00edvel libera\u00e7\u00e3o irregular de bagagens sem fiscaliza\u00e7\u00e3o aduaneira em um voo que transportava autoridades pol\u00edticas e um empres\u00e1rio ligado ao setor de apostas. O caso ocorreu em 20 de abril de 2025, no desembarque no S\u00e3o Paulo Catarina Aeroporto Executivo Internacional, em S\u00e3o Roque (SP). Segundo a investiga\u00e7\u00e3o, um auditor [&hellip;]","og_url":"https:\/\/redelitoralrs.com\/index.php\/2026\/04\/30\/pf-investiga-entrada-de-bagagens-sem-fiscalizacao-em-voo-com-autoridades-e-empresario-de-apostas\/","og_site_name":"Rede Litoral RS","article_publisher":"https:\/\/www.facebook.com\/tvlitoralrsoficial","article_published_time":"2026-04-30T19:14:05+00:00","article_modified_time":"2026-04-30T19:14:06+00:00","og_image":[{"width":1080,"height":594,"url":"https:\/\/redelitoralrs.com\/wp-content\/uploads\/2026\/04\/JUST-IN.-PF-investiga-entrada-de-malas-sem-fiscalizacao-em-voo-com-Motta-Ciro-Nogueira-e-dono-d.jpg","type":"image\/jpeg"}],"author":"Reda\u00e7\u00e3o TV Litoral","twitter_card":"summary_large_image","twitter_misc":{"Escrito por":"Reda\u00e7\u00e3o TV Litoral","Est. tempo de leitura":"2 minutos"},"schema":{"@context":"https:\/\/schema.org","@graph":[{"@type":"Article","@id":"https:\/\/redelitoralrs.com\/index.php\/2026\/04\/30\/pf-investiga-entrada-de-bagagens-sem-fiscalizacao-em-voo-com-autoridades-e-empresario-de-apostas\/#article","isPartOf":{"@id":"https:\/\/redelitoralrs.com\/index.php\/2026\/04\/30\/pf-investiga-entrada-de-bagagens-sem-fiscalizacao-em-voo-com-autoridades-e-empresario-de-apostas\/"},"author":{"name":"Reda\u00e7\u00e3o TV Litoral","@id":"https:\/\/redelitoralrs.com\/#\/schema\/person\/9f8181f2a7359dd3986f05ebaf5bd68a"},"headline":"PF investiga entrada de bagagens sem fiscaliza\u00e7\u00e3o em voo com autoridades e empres\u00e1rio de apostas","datePublished":"2026-04-30T19:14:05+00:00","dateModified":"2026-04-30T19:14:06+00:00","mainEntityOfPage":{"@id":"https:\/\/redelitoralrs.com\/index.php\/2026\/04\/30\/pf-investiga-entrada-de-bagagens-sem-fiscalizacao-em-voo-com-autoridades-e-empresario-de-apostas\/"},"wordCount":314,"commentCount":0,"publisher":{"@id":"https:\/\/redelitoralrs.com\/#organization"},"image":{"@id":"https:\/\/redelitoralrs.com\/index.php\/2026\/04\/30\/pf-investiga-entrada-de-bagagens-sem-fiscalizacao-em-voo-com-autoridades-e-empresario-de-apostas\/#primaryimage"},"thumbnailUrl":"https:\/\/redelitoralrs.com\/wp-content\/uploads\/2026\/04\/JUST-IN.-PF-investiga-entrada-de-malas-sem-fiscalizacao-em-voo-com-Motta-Ciro-Nogueira-e-dono-d.jpg","articleSection":["Brasil","\u00daltimas not\u00edcias"],"inLanguage":"pt-BR","potentialAction":[{"@type":"CommentAction","name":"Comment","target":["https:\/\/redelitoralrs.com\/index.php\/2026\/04\/30\/pf-investiga-entrada-de-bagagens-sem-fiscalizacao-em-voo-com-autoridades-e-empresario-de-apostas\/#respond"]}]},{"@type":"WebPage","@id":"https:\/\/redelitoralrs.com\/index.php\/2026\/04\/30\/pf-investiga-entrada-de-bagagens-sem-fiscalizacao-em-voo-com-autoridades-e-empresario-de-apostas\/","url":"https:\/\/redelitoralrs.com\/index.php\/2026\/04\/30\/pf-investiga-entrada-de-bagagens-sem-fiscalizacao-em-voo-com-autoridades-e-empresario-de-apostas\/","name":"PF investiga entrada de bagagens sem fiscaliza\u00e7\u00e3o em voo com autoridades e empres\u00e1rio de apostas - Rede Litoral RS","isPartOf":{"@id":"https:\/\/redelitoralrs.com\/#website"},"primaryImageOfPage":{"@id":"https:\/\/redelitoralrs.com\/index.php\/2026\/04\/30\/pf-investiga-entrada-de-bagagens-sem-fiscalizacao-em-voo-com-autoridades-e-empresario-de-apostas\/#primaryimage"},"image":{"@id":"https:\/\/redelitoralrs.com\/index.php\/2026\/04\/30\/pf-investiga-entrada-de-bagagens-sem-fiscalizacao-em-voo-com-autoridades-e-empresario-de-apostas\/#primaryimage"},"thumbnailUrl":"https:\/\/redelitoralrs.com\/wp-content\/uploads\/2026\/04\/JUST-IN.-PF-investiga-entrada-de-malas-sem-fiscalizacao-em-voo-com-Motta-Ciro-Nogueira-e-dono-d.jpg","datePublished":"2026-04-30T19:14:05+00:00","dateModified":"2026-04-30T19:14:06+00:00","breadcrumb":{"@id":"https:\/\/redelitoralrs.com\/index.php\/2026\/04\/30\/pf-investiga-entrada-de-bagagens-sem-fiscalizacao-em-voo-com-autoridades-e-empresario-de-apostas\/#breadcrumb"},"inLanguage":"pt-BR","potentialAction":[{"@type":"ReadAction","target":["https:\/\/redelitoralrs.com\/index.php\/2026\/04\/30\/pf-investiga-entrada-de-bagagens-sem-fiscalizacao-em-voo-com-autoridades-e-empresario-de-apostas\/"]}]},{"@type":"ImageObject","inLanguage":"pt-BR","@id":"https:\/\/redelitoralrs.com\/index.php\/2026\/04\/30\/pf-investiga-entrada-de-bagagens-sem-fiscalizacao-em-voo-com-autoridades-e-empresario-de-apostas\/#primaryimage","url":"https:\/\/redelitoralrs.com\/wp-content\/uploads\/2026\/04\/JUST-IN.-PF-investiga-entrada-de-malas-sem-fiscalizacao-em-voo-com-Motta-Ciro-Nogueira-e-dono-d.jpg","contentUrl":"https:\/\/redelitoralrs.com\/wp-content\/uploads\/2026\/04\/JUST-IN.-PF-investiga-entrada-de-malas-sem-fiscalizacao-em-voo-com-Motta-Ciro-Nogueira-e-dono-d.jpg","width":1080,"height":594,"caption":"Foto: Reprodu\u00e7\u00e3o"},{"@type":"BreadcrumbList","@id":"https:\/\/redelitoralrs.com\/index.php\/2026\/04\/30\/pf-investiga-entrada-de-bagagens-sem-fiscalizacao-em-voo-com-autoridades-e-empresario-de-apostas\/#breadcrumb","itemListElement":[{"@type":"ListItem","position":1,"name":"In\u00edcio","item":"https:\/\/redelitoralrs.com\/"},{"@type":"ListItem","position":2,"name":"PF investiga entrada de bagagens sem fiscaliza\u00e7\u00e3o em voo com autoridades e empres\u00e1rio de apostas"}]},{"@type":"WebSite","@id":"https:\/\/redelitoralrs.com\/#website","url":"https:\/\/redelitoralrs.com\/","name":"TV Litoral","description":"Acompanhe tudo do litoral ga\u00facho com a cobertura completa e atualizada da Rede Litoral RS. Nossos jornalistas trazem as \u00faltimas not\u00edcias, os acontecimentos mais quentes e as hist\u00f3rias que importam sobre nosso amado litoral.","publisher":{"@id":"https:\/\/redelitoralrs.com\/#organization"},"potentialAction":[{"@type":"SearchAction","target":{"@type":"EntryPoint","urlTemplate":"https:\/\/redelitoralrs.com\/?s={search_term_string}"},"query-input":{"@type":"PropertyValueSpecification","valueRequired":true,"valueName":"search_term_string"}}],"inLanguage":"pt-BR"},{"@type":"Organization","@id":"https:\/\/redelitoralrs.com\/#organization","name":"TV Litoral","url":"https:\/\/redelitoralrs.com\/","logo":{"@type":"ImageObject","inLanguage":"pt-BR","@id":"https:\/\/redelitoralrs.com\/#\/schema\/logo\/image\/","url":"https:\/\/redelitoralrs.com\/wp-content\/uploads\/2024\/01\/faviconicon-1-1.png","contentUrl":"https:\/\/redelitoralrs.com\/wp-content\/uploads\/2024\/01\/faviconicon-1-1.png","width":454,"height":454,"caption":"TV Litoral"},"image":{"@id":"https:\/\/redelitoralrs.com\/#\/schema\/logo\/image\/"},"sameAs":["https:\/\/www.facebook.com\/tvlitoralrsoficial","https:\/\/www.instagram.com\/tvlitoral.rs"]},{"@type":"Person","@id":"https:\/\/redelitoralrs.com\/#\/schema\/person\/9f8181f2a7359dd3986f05ebaf5bd68a","name":"Reda\u00e7\u00e3o TV Litoral","image":{"@type":"ImageObject","inLanguage":"pt-BR","@id":"https:\/\/redelitoralrs.com\/wp-content\/litespeed\/avatar\/779aafbb45e66c7f82733e21abb48259.jpg?ver=1777561602","url":"https:\/\/redelitoralrs.com\/wp-content\/litespeed\/avatar\/779aafbb45e66c7f82733e21abb48259.jpg?ver=1777561602","contentUrl":"https:\/\/redelitoralrs.com\/wp-content\/litespeed\/avatar\/779aafbb45e66c7f82733e21abb48259.jpg?ver=1777561602","caption":"Reda\u00e7\u00e3o TV Litoral"},"description":"A Rede Litoral de Comunica\u00e7\u00e3o \u00e9 um grupo de m\u00eddia multiplataforma do Litoral Norte do RS. Com atua\u00e7\u00e3o em TV, r\u00e1dio, portal e redes sociais, levamos informa\u00e7\u00e3o, conte\u00fado e entretenimento \u00e0 comunidade, fortalecendo a comunica\u00e7\u00e3o local e impulsionando o desenvolvimento regional. Acompanhe atrav\u00e9s de @redelitoralrs.","sameAs":["https:\/\/redelitoralrs.com","https:\/\/www.instagram.com\/redelitoralrs","https:\/\/www.youtube.com\/@redelitoralrs"],"url":"https:\/\/redelitoralrs.com\/index.php\/author\/redacaotvlitoral\/"}]}},"_links":{"self":[{"href":"https:\/\/redelitoralrs.com\/index.php\/wp-json\/wp\/v2\/posts\/24904","targetHints":{"allow":["GET"]}}],"collection":[{"href":"https:\/\/redelitoralrs.com\/index.php\/wp-json\/wp\/v2\/posts"}],"about":[{"href":"https:\/\/redelitoralrs.com\/index.php\/wp-json\/wp\/v2\/types\/post"}],"author":[{"embeddable":true,"href":"https:\/\/redelitoralrs.com\/index.php\/wp-json\/wp\/v2\/users\/2"}],"replies":[{"embeddable":true,"href":"https:\/\/redelitoralrs.com\/index.php\/wp-json\/wp\/v2\/comments?post=24904"}],"version-history":[{"count":1,"href":"https:\/\/redelitoralrs.com\/index.php\/wp-json\/wp\/v2\/posts\/24904\/revisions"}],"predecessor-version":[{"id":24906,"href":"https:\/\/redelitoralrs.com\/index.php\/wp-json\/wp\/v2\/posts\/24904\/revisions\/24906"}],"wp:featuredmedia":[{"embeddable":true,"href":"https:\/\/redelitoralrs.com\/index.php\/wp-json\/wp\/v2\/media\/24905"}],"wp:attachment":[{"href":"https:\/\/redelitoralrs.com\/index.php\/wp-json\/wp\/v2\/media?parent=24904"}],"wp:term":[{"taxonomy":"category","embeddable":true,"href":"https:\/\/redelitoralrs.com\/index.php\/wp-json\/wp\/v2\/categories?post=24904"},{"taxonomy":"post_tag","embeddable":true,"href":"https:\/\/redelitoralrs.com\/index.php\/wp-json\/wp\/v2\/tags?post=24904"}],"curies":[{"name":"wp","href":"https:\/\/api.w.org\/{rel}","templated":true}]}}