{"id":24901,"date":"2026-04-30T16:11:00","date_gmt":"2026-04-30T19:11:00","guid":{"rendered":"https:\/\/redelitoralrs.com\/?p=24901"},"modified":"2026-04-30T16:11:01","modified_gmt":"2026-04-30T19:11:01","slug":"crianca-fica-presa-dentro-de-maquina-de-pelucias-e-mobiliza-resgate-nos-estados-unidos","status":"publish","type":"post","link":"https:\/\/redelitoralrs.com\/index.php\/2026\/04\/30\/crianca-fica-presa-dentro-de-maquina-de-pelucias-e-mobiliza-resgate-nos-estados-unidos\/","title":{"rendered":"Crian\u00e7a fica presa dentro de m\u00e1quina de pel\u00facias e mobiliza resgate nos Estados Unidos"},"content":{"rendered":"\n<p>Uma ocorr\u00eancia incomum mobilizou equipes de resgate em Madison, nesta semana, ap\u00f3s uma crian\u00e7a ficar presa dentro de uma m\u00e1quina de pegar pel\u00facias, conhecida como \u201cm\u00e1quina de garra\u201d.<\/p>\n\n\n\n<p>Segundo as informa\u00e7\u00f5es, o menino conseguiu escalar a estrutura do equipamento e acessar o compartimento interno onde ficam os brinquedos, surpreendendo funcion\u00e1rios e pessoas que estavam no local.<\/p>\n\n\n\n<p>Inicialmente, colaboradores do estabelecimento tentaram retirar a crian\u00e7a, mas, diante da dificuldade, o Corpo de Bombeiros foi acionado para realizar o resgate. Ao chegarem, os socorristas encontraram o menino entre os bichinhos de pel\u00facia dentro da m\u00e1quina.<\/p>\n\n\n\n<p>A equipe conseguiu abrir o equipamento e retirar a crian\u00e7a sem complica\u00e7\u00f5es. Apesar do susto, o menino n\u00e3o sofreu ferimentos e foi entregue em seguran\u00e7a \u00e0 m\u00e3e.<\/p>\n\n\n\n<p>O caso chamou aten\u00e7\u00e3o pela situa\u00e7\u00e3o inusitada e ganhou repercuss\u00e3o nas redes sociais.<\/p>\n","protected":false},"excerpt":{"rendered":"<p>Uma ocorr\u00eancia incomum mobilizou equipes de resgate em Madison, nesta semana, ap\u00f3s uma crian\u00e7a ficar presa dentro de uma m\u00e1quina de pegar pel\u00facias, conhecida como \u201cm\u00e1quina de garra\u201d. Segundo as informa\u00e7\u00f5es, o menino conseguiu escalar a estrutura do equipamento e acessar o compartimento interno onde ficam os brinquedos, surpreendendo funcion\u00e1rios e pessoas que estavam no [&hellip;]<\/p>\n","protected":false},"author":2,"featured_media":24902,"comment_status":"open","ping_status":"open","sticky":false,"template":"","format":"standard","meta":{"_themeisle_gutenberg_block_has_review":false,"footnotes":""},"categories":[247,15],"tags":[],"class_list":["post-24901","post","type-post","status-publish","format-standard","has-post-thumbnail","hentry","category-mundo","category-noticias"],"yoast_head":"<!-- This site is optimized with the Yoast SEO plugin v27.4 - https:\/\/yoast.com\/product\/yoast-seo-wordpress\/ -->\n<title>Crian\u00e7a fica presa dentro de m\u00e1quina de pel\u00facias e mobiliza resgate nos Estados Unidos - Rede Litoral RS<\/title>\n<meta name=\"robots\" content=\"index, follow, max-snippet:-1, max-image-preview:large, max-video-preview:-1\" \/>\n<link rel=\"canonical\" href=\"https:\/\/redelitoralrs.com\/index.php\/2026\/04\/30\/crianca-fica-presa-dentro-de-maquina-de-pelucias-e-mobiliza-resgate-nos-estados-unidos\/\" \/>\n<meta property=\"og:locale\" content=\"pt_BR\" \/>\n<meta property=\"og:type\" content=\"article\" \/>\n<meta property=\"og:title\" content=\"Crian\u00e7a fica presa dentro de m\u00e1quina de pel\u00facias e mobiliza resgate nos Estados Unidos - Rede Litoral RS\" \/>\n<meta property=\"og:description\" content=\"Uma ocorr\u00eancia incomum mobilizou equipes de resgate em Madison, nesta semana, ap\u00f3s uma crian\u00e7a ficar presa dentro de uma m\u00e1quina de pegar pel\u00facias, conhecida como \u201cm\u00e1quina de garra\u201d. Segundo as informa\u00e7\u00f5es, o menino conseguiu escalar a estrutura do equipamento e acessar o compartimento interno onde ficam os brinquedos, surpreendendo funcion\u00e1rios e pessoas que estavam no [&hellip;]\" \/>\n<meta property=\"og:url\" content=\"https:\/\/redelitoralrs.com\/index.php\/2026\/04\/30\/crianca-fica-presa-dentro-de-maquina-de-pelucias-e-mobiliza-resgate-nos-estados-unidos\/\" \/>\n<meta property=\"og:site_name\" content=\"Rede Litoral RS\" \/>\n<meta property=\"article:publisher\" content=\"https:\/\/www.facebook.com\/tvlitoralrsoficial\" \/>\n<meta property=\"article:published_time\" content=\"2026-04-30T19:11:00+00:00\" \/>\n<meta property=\"article:modified_time\" content=\"2026-04-30T19:11:01+00:00\" \/>\n<meta property=\"og:image\" content=\"https:\/\/redelitoralrs.com\/wp-content\/uploads\/2026\/04\/images-1-e1777576235830.jpeg\" \/>\n\t<meta property=\"og:image:width\" content=\"167\" \/>\n\t<meta property=\"og:image:height\" content=\"159\" \/>\n\t<meta property=\"og:image:type\" content=\"image\/jpeg\" \/>\n<meta name=\"author\" content=\"Reda\u00e7\u00e3o TV Litoral\" \/>\n<meta name=\"twitter:card\" content=\"summary_large_image\" \/>\n<meta name=\"twitter:label1\" content=\"Escrito por\" \/>\n\t<meta name=\"twitter:data1\" content=\"Reda\u00e7\u00e3o TV Litoral\" \/>\n\t<meta name=\"twitter:label2\" content=\"Est. tempo de leitura\" \/>\n\t<meta name=\"twitter:data2\" content=\"1 minuto\" \/>\n<script type=\"application\/ld+json\" class=\"yoast-schema-graph\">{\"@context\":\"https:\\\/\\\/schema.org\",\"@graph\":[{\"@type\":\"Article\",\"@id\":\"https:\\\/\\\/redelitoralrs.com\\\/index.php\\\/2026\\\/04\\\/30\\\/crianca-fica-presa-dentro-de-maquina-de-pelucias-e-mobiliza-resgate-nos-estados-unidos\\\/#article\",\"isPartOf\":{\"@id\":\"https:\\\/\\\/redelitoralrs.com\\\/index.php\\\/2026\\\/04\\\/30\\\/crianca-fica-presa-dentro-de-maquina-de-pelucias-e-mobiliza-resgate-nos-estados-unidos\\\/\"},\"author\":{\"name\":\"Reda\u00e7\u00e3o TV Litoral\",\"@id\":\"https:\\\/\\\/redelitoralrs.com\\\/#\\\/schema\\\/person\\\/9f8181f2a7359dd3986f05ebaf5bd68a\"},\"headline\":\"Crian\u00e7a fica presa dentro de m\u00e1quina de pel\u00facias e mobiliza resgate nos Estados Unidos\",\"datePublished\":\"2026-04-30T19:11:00+00:00\",\"dateModified\":\"2026-04-30T19:11:01+00:00\",\"mainEntityOfPage\":{\"@id\":\"https:\\\/\\\/redelitoralrs.com\\\/index.php\\\/2026\\\/04\\\/30\\\/crianca-fica-presa-dentro-de-maquina-de-pelucias-e-mobiliza-resgate-nos-estados-unidos\\\/\"},\"wordCount\":168,\"commentCount\":0,\"publisher\":{\"@id\":\"https:\\\/\\\/redelitoralrs.com\\\/#organization\"},\"image\":{\"@id\":\"https:\\\/\\\/redelitoralrs.com\\\/index.php\\\/2026\\\/04\\\/30\\\/crianca-fica-presa-dentro-de-maquina-de-pelucias-e-mobiliza-resgate-nos-estados-unidos\\\/#primaryimage\"},\"thumbnailUrl\":\"https:\\\/\\\/redelitoralrs.com\\\/wp-content\\\/uploads\\\/2026\\\/04\\\/images-1-e1777576235830.jpeg\",\"articleSection\":[\"Mundo\",\"\u00daltimas not\u00edcias\"],\"inLanguage\":\"pt-BR\",\"potentialAction\":[{\"@type\":\"CommentAction\",\"name\":\"Comment\",\"target\":[\"https:\\\/\\\/redelitoralrs.com\\\/index.php\\\/2026\\\/04\\\/30\\\/crianca-fica-presa-dentro-de-maquina-de-pelucias-e-mobiliza-resgate-nos-estados-unidos\\\/#respond\"]}]},{\"@type\":\"WebPage\",\"@id\":\"https:\\\/\\\/redelitoralrs.com\\\/index.php\\\/2026\\\/04\\\/30\\\/crianca-fica-presa-dentro-de-maquina-de-pelucias-e-mobiliza-resgate-nos-estados-unidos\\\/\",\"url\":\"https:\\\/\\\/redelitoralrs.com\\\/index.php\\\/2026\\\/04\\\/30\\\/crianca-fica-presa-dentro-de-maquina-de-pelucias-e-mobiliza-resgate-nos-estados-unidos\\\/\",\"name\":\"Crian\u00e7a fica presa dentro de m\u00e1quina de pel\u00facias e mobiliza resgate nos Estados Unidos - Rede Litoral RS\",\"isPartOf\":{\"@id\":\"https:\\\/\\\/redelitoralrs.com\\\/#website\"},\"primaryImageOfPage\":{\"@id\":\"https:\\\/\\\/redelitoralrs.com\\\/index.php\\\/2026\\\/04\\\/30\\\/crianca-fica-presa-dentro-de-maquina-de-pelucias-e-mobiliza-resgate-nos-estados-unidos\\\/#primaryimage\"},\"image\":{\"@id\":\"https:\\\/\\\/redelitoralrs.com\\\/index.php\\\/2026\\\/04\\\/30\\\/crianca-fica-presa-dentro-de-maquina-de-pelucias-e-mobiliza-resgate-nos-estados-unidos\\\/#primaryimage\"},\"thumbnailUrl\":\"https:\\\/\\\/redelitoralrs.com\\\/wp-content\\\/uploads\\\/2026\\\/04\\\/images-1-e1777576235830.jpeg\",\"datePublished\":\"2026-04-30T19:11:00+00:00\",\"dateModified\":\"2026-04-30T19:11:01+00:00\",\"breadcrumb\":{\"@id\":\"https:\\\/\\\/redelitoralrs.com\\\/index.php\\\/2026\\\/04\\\/30\\\/crianca-fica-presa-dentro-de-maquina-de-pelucias-e-mobiliza-resgate-nos-estados-unidos\\\/#breadcrumb\"},\"inLanguage\":\"pt-BR\",\"potentialAction\":[{\"@type\":\"ReadAction\",\"target\":[\"https:\\\/\\\/redelitoralrs.com\\\/index.php\\\/2026\\\/04\\\/30\\\/crianca-fica-presa-dentro-de-maquina-de-pelucias-e-mobiliza-resgate-nos-estados-unidos\\\/\"]}]},{\"@type\":\"ImageObject\",\"inLanguage\":\"pt-BR\",\"@id\":\"https:\\\/\\\/redelitoralrs.com\\\/index.php\\\/2026\\\/04\\\/30\\\/crianca-fica-presa-dentro-de-maquina-de-pelucias-e-mobiliza-resgate-nos-estados-unidos\\\/#primaryimage\",\"url\":\"https:\\\/\\\/redelitoralrs.com\\\/wp-content\\\/uploads\\\/2026\\\/04\\\/images-1-e1777576235830.jpeg\",\"contentUrl\":\"https:\\\/\\\/redelitoralrs.com\\\/wp-content\\\/uploads\\\/2026\\\/04\\\/images-1-e1777576235830.jpeg\",\"width\":167,\"height\":159,\"caption\":\"Foto: Reprodu\u00e7\u00e3o\\\/Redes Sociais\"},{\"@type\":\"BreadcrumbList\",\"@id\":\"https:\\\/\\\/redelitoralrs.com\\\/index.php\\\/2026\\\/04\\\/30\\\/crianca-fica-presa-dentro-de-maquina-de-pelucias-e-mobiliza-resgate-nos-estados-unidos\\\/#breadcrumb\",\"itemListElement\":[{\"@type\":\"ListItem\",\"position\":1,\"name\":\"In\u00edcio\",\"item\":\"https:\\\/\\\/redelitoralrs.com\\\/\"},{\"@type\":\"ListItem\",\"position\":2,\"name\":\"Crian\u00e7a fica presa dentro de m\u00e1quina de pel\u00facias e mobiliza resgate nos Estados Unidos\"}]},{\"@type\":\"WebSite\",\"@id\":\"https:\\\/\\\/redelitoralrs.com\\\/#website\",\"url\":\"https:\\\/\\\/redelitoralrs.com\\\/\",\"name\":\"TV Litoral\",\"description\":\"Acompanhe tudo do litoral ga\u00facho com a cobertura completa e atualizada da Rede Litoral RS. Nossos jornalistas trazem as \u00faltimas not\u00edcias, os acontecimentos mais quentes e as hist\u00f3rias que importam sobre nosso amado litoral.\",\"publisher\":{\"@id\":\"https:\\\/\\\/redelitoralrs.com\\\/#organization\"},\"potentialAction\":[{\"@type\":\"SearchAction\",\"target\":{\"@type\":\"EntryPoint\",\"urlTemplate\":\"https:\\\/\\\/redelitoralrs.com\\\/?s={search_term_string}\"},\"query-input\":{\"@type\":\"PropertyValueSpecification\",\"valueRequired\":true,\"valueName\":\"search_term_string\"}}],\"inLanguage\":\"pt-BR\"},{\"@type\":\"Organization\",\"@id\":\"https:\\\/\\\/redelitoralrs.com\\\/#organization\",\"name\":\"TV Litoral\",\"url\":\"https:\\\/\\\/redelitoralrs.com\\\/\",\"logo\":{\"@type\":\"ImageObject\",\"inLanguage\":\"pt-BR\",\"@id\":\"https:\\\/\\\/redelitoralrs.com\\\/#\\\/schema\\\/logo\\\/image\\\/\",\"url\":\"https:\\\/\\\/redelitoralrs.com\\\/wp-content\\\/uploads\\\/2024\\\/01\\\/faviconicon-1-1.png\",\"contentUrl\":\"https:\\\/\\\/redelitoralrs.com\\\/wp-content\\\/uploads\\\/2024\\\/01\\\/faviconicon-1-1.png\",\"width\":454,\"height\":454,\"caption\":\"TV Litoral\"},\"image\":{\"@id\":\"https:\\\/\\\/redelitoralrs.com\\\/#\\\/schema\\\/logo\\\/image\\\/\"},\"sameAs\":[\"https:\\\/\\\/www.facebook.com\\\/tvlitoralrsoficial\",\"https:\\\/\\\/www.instagram.com\\\/tvlitoral.rs\"]},{\"@type\":\"Person\",\"@id\":\"https:\\\/\\\/redelitoralrs.com\\\/#\\\/schema\\\/person\\\/9f8181f2a7359dd3986f05ebaf5bd68a\",\"name\":\"Reda\u00e7\u00e3o TV Litoral\",\"image\":{\"@type\":\"ImageObject\",\"inLanguage\":\"pt-BR\",\"@id\":\"https:\\\/\\\/redelitoralrs.com\\\/wp-content\\\/litespeed\\\/avatar\\\/779aafbb45e66c7f82733e21abb48259.jpg?ver=1777561602\",\"url\":\"https:\\\/\\\/redelitoralrs.com\\\/wp-content\\\/litespeed\\\/avatar\\\/779aafbb45e66c7f82733e21abb48259.jpg?ver=1777561602\",\"contentUrl\":\"https:\\\/\\\/redelitoralrs.com\\\/wp-content\\\/litespeed\\\/avatar\\\/779aafbb45e66c7f82733e21abb48259.jpg?ver=1777561602\",\"caption\":\"Reda\u00e7\u00e3o TV Litoral\"},\"description\":\"A Rede Litoral de Comunica\u00e7\u00e3o \u00e9 um grupo de m\u00eddia multiplataforma do Litoral Norte do RS. Com atua\u00e7\u00e3o em TV, r\u00e1dio, portal e redes sociais, levamos informa\u00e7\u00e3o, conte\u00fado e entretenimento \u00e0 comunidade, fortalecendo a comunica\u00e7\u00e3o local e impulsionando o desenvolvimento regional. Acompanhe atrav\u00e9s de @redelitoralrs.\",\"sameAs\":[\"https:\\\/\\\/redelitoralrs.com\",\"https:\\\/\\\/www.instagram.com\\\/redelitoralrs\",\"https:\\\/\\\/www.youtube.com\\\/@redelitoralrs\"],\"url\":\"https:\\\/\\\/redelitoralrs.com\\\/index.php\\\/author\\\/redacaotvlitoral\\\/\"}]}<\/script>\n<!-- \/ Yoast SEO plugin. -->","yoast_head_json":{"title":"Crian\u00e7a fica presa dentro de m\u00e1quina de pel\u00facias e mobiliza resgate nos Estados Unidos - Rede Litoral RS","robots":{"index":"index","follow":"follow","max-snippet":"max-snippet:-1","max-image-preview":"max-image-preview:large","max-video-preview":"max-video-preview:-1"},"canonical":"https:\/\/redelitoralrs.com\/index.php\/2026\/04\/30\/crianca-fica-presa-dentro-de-maquina-de-pelucias-e-mobiliza-resgate-nos-estados-unidos\/","og_locale":"pt_BR","og_type":"article","og_title":"Crian\u00e7a fica presa dentro de m\u00e1quina de pel\u00facias e mobiliza resgate nos Estados Unidos - Rede Litoral RS","og_description":"Uma ocorr\u00eancia incomum mobilizou equipes de resgate em Madison, nesta semana, ap\u00f3s uma crian\u00e7a ficar presa dentro de uma m\u00e1quina de pegar pel\u00facias, conhecida como \u201cm\u00e1quina de garra\u201d. Segundo as informa\u00e7\u00f5es, o menino conseguiu escalar a estrutura do equipamento e acessar o compartimento interno onde ficam os brinquedos, surpreendendo funcion\u00e1rios e pessoas que estavam no [&hellip;]","og_url":"https:\/\/redelitoralrs.com\/index.php\/2026\/04\/30\/crianca-fica-presa-dentro-de-maquina-de-pelucias-e-mobiliza-resgate-nos-estados-unidos\/","og_site_name":"Rede Litoral RS","article_publisher":"https:\/\/www.facebook.com\/tvlitoralrsoficial","article_published_time":"2026-04-30T19:11:00+00:00","article_modified_time":"2026-04-30T19:11:01+00:00","og_image":[{"width":167,"height":159,"url":"https:\/\/redelitoralrs.com\/wp-content\/uploads\/2026\/04\/images-1-e1777576235830.jpeg","type":"image\/jpeg"}],"author":"Reda\u00e7\u00e3o TV Litoral","twitter_card":"summary_large_image","twitter_misc":{"Escrito por":"Reda\u00e7\u00e3o TV Litoral","Est. tempo de leitura":"1 minuto"},"schema":{"@context":"https:\/\/schema.org","@graph":[{"@type":"Article","@id":"https:\/\/redelitoralrs.com\/index.php\/2026\/04\/30\/crianca-fica-presa-dentro-de-maquina-de-pelucias-e-mobiliza-resgate-nos-estados-unidos\/#article","isPartOf":{"@id":"https:\/\/redelitoralrs.com\/index.php\/2026\/04\/30\/crianca-fica-presa-dentro-de-maquina-de-pelucias-e-mobiliza-resgate-nos-estados-unidos\/"},"author":{"name":"Reda\u00e7\u00e3o TV Litoral","@id":"https:\/\/redelitoralrs.com\/#\/schema\/person\/9f8181f2a7359dd3986f05ebaf5bd68a"},"headline":"Crian\u00e7a fica presa dentro de m\u00e1quina de pel\u00facias e mobiliza resgate nos Estados Unidos","datePublished":"2026-04-30T19:11:00+00:00","dateModified":"2026-04-30T19:11:01+00:00","mainEntityOfPage":{"@id":"https:\/\/redelitoralrs.com\/index.php\/2026\/04\/30\/crianca-fica-presa-dentro-de-maquina-de-pelucias-e-mobiliza-resgate-nos-estados-unidos\/"},"wordCount":168,"commentCount":0,"publisher":{"@id":"https:\/\/redelitoralrs.com\/#organization"},"image":{"@id":"https:\/\/redelitoralrs.com\/index.php\/2026\/04\/30\/crianca-fica-presa-dentro-de-maquina-de-pelucias-e-mobiliza-resgate-nos-estados-unidos\/#primaryimage"},"thumbnailUrl":"https:\/\/redelitoralrs.com\/wp-content\/uploads\/2026\/04\/images-1-e1777576235830.jpeg","articleSection":["Mundo","\u00daltimas not\u00edcias"],"inLanguage":"pt-BR","potentialAction":[{"@type":"CommentAction","name":"Comment","target":["https:\/\/redelitoralrs.com\/index.php\/2026\/04\/30\/crianca-fica-presa-dentro-de-maquina-de-pelucias-e-mobiliza-resgate-nos-estados-unidos\/#respond"]}]},{"@type":"WebPage","@id":"https:\/\/redelitoralrs.com\/index.php\/2026\/04\/30\/crianca-fica-presa-dentro-de-maquina-de-pelucias-e-mobiliza-resgate-nos-estados-unidos\/","url":"https:\/\/redelitoralrs.com\/index.php\/2026\/04\/30\/crianca-fica-presa-dentro-de-maquina-de-pelucias-e-mobiliza-resgate-nos-estados-unidos\/","name":"Crian\u00e7a fica presa dentro de m\u00e1quina de pel\u00facias e mobiliza resgate nos Estados Unidos - Rede Litoral RS","isPartOf":{"@id":"https:\/\/redelitoralrs.com\/#website"},"primaryImageOfPage":{"@id":"https:\/\/redelitoralrs.com\/index.php\/2026\/04\/30\/crianca-fica-presa-dentro-de-maquina-de-pelucias-e-mobiliza-resgate-nos-estados-unidos\/#primaryimage"},"image":{"@id":"https:\/\/redelitoralrs.com\/index.php\/2026\/04\/30\/crianca-fica-presa-dentro-de-maquina-de-pelucias-e-mobiliza-resgate-nos-estados-unidos\/#primaryimage"},"thumbnailUrl":"https:\/\/redelitoralrs.com\/wp-content\/uploads\/2026\/04\/images-1-e1777576235830.jpeg","datePublished":"2026-04-30T19:11:00+00:00","dateModified":"2026-04-30T19:11:01+00:00","breadcrumb":{"@id":"https:\/\/redelitoralrs.com\/index.php\/2026\/04\/30\/crianca-fica-presa-dentro-de-maquina-de-pelucias-e-mobiliza-resgate-nos-estados-unidos\/#breadcrumb"},"inLanguage":"pt-BR","potentialAction":[{"@type":"ReadAction","target":["https:\/\/redelitoralrs.com\/index.php\/2026\/04\/30\/crianca-fica-presa-dentro-de-maquina-de-pelucias-e-mobiliza-resgate-nos-estados-unidos\/"]}]},{"@type":"ImageObject","inLanguage":"pt-BR","@id":"https:\/\/redelitoralrs.com\/index.php\/2026\/04\/30\/crianca-fica-presa-dentro-de-maquina-de-pelucias-e-mobiliza-resgate-nos-estados-unidos\/#primaryimage","url":"https:\/\/redelitoralrs.com\/wp-content\/uploads\/2026\/04\/images-1-e1777576235830.jpeg","contentUrl":"https:\/\/redelitoralrs.com\/wp-content\/uploads\/2026\/04\/images-1-e1777576235830.jpeg","width":167,"height":159,"caption":"Foto: Reprodu\u00e7\u00e3o\/Redes Sociais"},{"@type":"BreadcrumbList","@id":"https:\/\/redelitoralrs.com\/index.php\/2026\/04\/30\/crianca-fica-presa-dentro-de-maquina-de-pelucias-e-mobiliza-resgate-nos-estados-unidos\/#breadcrumb","itemListElement":[{"@type":"ListItem","position":1,"name":"In\u00edcio","item":"https:\/\/redelitoralrs.com\/"},{"@type":"ListItem","position":2,"name":"Crian\u00e7a fica presa dentro de m\u00e1quina de pel\u00facias e mobiliza resgate nos Estados Unidos"}]},{"@type":"WebSite","@id":"https:\/\/redelitoralrs.com\/#website","url":"https:\/\/redelitoralrs.com\/","name":"TV Litoral","description":"Acompanhe tudo do litoral ga\u00facho com a cobertura completa e atualizada da Rede Litoral RS. Nossos jornalistas trazem as \u00faltimas not\u00edcias, os acontecimentos mais quentes e as hist\u00f3rias que importam sobre nosso amado litoral.","publisher":{"@id":"https:\/\/redelitoralrs.com\/#organization"},"potentialAction":[{"@type":"SearchAction","target":{"@type":"EntryPoint","urlTemplate":"https:\/\/redelitoralrs.com\/?s={search_term_string}"},"query-input":{"@type":"PropertyValueSpecification","valueRequired":true,"valueName":"search_term_string"}}],"inLanguage":"pt-BR"},{"@type":"Organization","@id":"https:\/\/redelitoralrs.com\/#organization","name":"TV Litoral","url":"https:\/\/redelitoralrs.com\/","logo":{"@type":"ImageObject","inLanguage":"pt-BR","@id":"https:\/\/redelitoralrs.com\/#\/schema\/logo\/image\/","url":"https:\/\/redelitoralrs.com\/wp-content\/uploads\/2024\/01\/faviconicon-1-1.png","contentUrl":"https:\/\/redelitoralrs.com\/wp-content\/uploads\/2024\/01\/faviconicon-1-1.png","width":454,"height":454,"caption":"TV Litoral"},"image":{"@id":"https:\/\/redelitoralrs.com\/#\/schema\/logo\/image\/"},"sameAs":["https:\/\/www.facebook.com\/tvlitoralrsoficial","https:\/\/www.instagram.com\/tvlitoral.rs"]},{"@type":"Person","@id":"https:\/\/redelitoralrs.com\/#\/schema\/person\/9f8181f2a7359dd3986f05ebaf5bd68a","name":"Reda\u00e7\u00e3o TV Litoral","image":{"@type":"ImageObject","inLanguage":"pt-BR","@id":"https:\/\/redelitoralrs.com\/wp-content\/litespeed\/avatar\/779aafbb45e66c7f82733e21abb48259.jpg?ver=1777561602","url":"https:\/\/redelitoralrs.com\/wp-content\/litespeed\/avatar\/779aafbb45e66c7f82733e21abb48259.jpg?ver=1777561602","contentUrl":"https:\/\/redelitoralrs.com\/wp-content\/litespeed\/avatar\/779aafbb45e66c7f82733e21abb48259.jpg?ver=1777561602","caption":"Reda\u00e7\u00e3o TV Litoral"},"description":"A Rede Litoral de Comunica\u00e7\u00e3o \u00e9 um grupo de m\u00eddia multiplataforma do Litoral Norte do RS. Com atua\u00e7\u00e3o em TV, r\u00e1dio, portal e redes sociais, levamos informa\u00e7\u00e3o, conte\u00fado e entretenimento \u00e0 comunidade, fortalecendo a comunica\u00e7\u00e3o local e impulsionando o desenvolvimento regional. Acompanhe atrav\u00e9s de @redelitoralrs.","sameAs":["https:\/\/redelitoralrs.com","https:\/\/www.instagram.com\/redelitoralrs","https:\/\/www.youtube.com\/@redelitoralrs"],"url":"https:\/\/redelitoralrs.com\/index.php\/author\/redacaotvlitoral\/"}]}},"_links":{"self":[{"href":"https:\/\/redelitoralrs.com\/index.php\/wp-json\/wp\/v2\/posts\/24901","targetHints":{"allow":["GET"]}}],"collection":[{"href":"https:\/\/redelitoralrs.com\/index.php\/wp-json\/wp\/v2\/posts"}],"about":[{"href":"https:\/\/redelitoralrs.com\/index.php\/wp-json\/wp\/v2\/types\/post"}],"author":[{"embeddable":true,"href":"https:\/\/redelitoralrs.com\/index.php\/wp-json\/wp\/v2\/users\/2"}],"replies":[{"embeddable":true,"href":"https:\/\/redelitoralrs.com\/index.php\/wp-json\/wp\/v2\/comments?post=24901"}],"version-history":[{"count":1,"href":"https:\/\/redelitoralrs.com\/index.php\/wp-json\/wp\/v2\/posts\/24901\/revisions"}],"predecessor-version":[{"id":24903,"href":"https:\/\/redelitoralrs.com\/index.php\/wp-json\/wp\/v2\/posts\/24901\/revisions\/24903"}],"wp:featuredmedia":[{"embeddable":true,"href":"https:\/\/redelitoralrs.com\/index.php\/wp-json\/wp\/v2\/media\/24902"}],"wp:attachment":[{"href":"https:\/\/redelitoralrs.com\/index.php\/wp-json\/wp\/v2\/media?parent=24901"}],"wp:term":[{"taxonomy":"category","embeddable":true,"href":"https:\/\/redelitoralrs.com\/index.php\/wp-json\/wp\/v2\/categories?post=24901"},{"taxonomy":"post_tag","embeddable":true,"href":"https:\/\/redelitoralrs.com\/index.php\/wp-json\/wp\/v2\/tags?post=24901"}],"curies":[{"name":"wp","href":"https:\/\/api.w.org\/{rel}","templated":true}]}}