{"id":24895,"date":"2026-04-30T15:55:02","date_gmt":"2026-04-30T18:55:02","guid":{"rendered":"https:\/\/redelitoralrs.com\/?p=24895"},"modified":"2026-04-30T15:55:02","modified_gmt":"2026-04-30T18:55:02","slug":"prefeito-ique-vedovato-assume-presidencia-da-famurs-e-reforca-defesa-dos-municipios-gauchos","status":"publish","type":"post","link":"https:\/\/redelitoralrs.com\/index.php\/2026\/04\/30\/prefeito-ique-vedovato-assume-presidencia-da-famurs-e-reforca-defesa-dos-municipios-gauchos\/","title":{"rendered":"Prefeito Ique Vedovato assume presid\u00eancia da Famurs e refor\u00e7a defesa dos munic\u00edpios ga\u00fachos"},"content":{"rendered":"\n<p>O prefeito de Imb\u00e9, Luiz Henrique Vedovato, assumiu nesta quinta-feira (30) a presid\u00eancia da Federa\u00e7\u00e3o das Associa\u00e7\u00f5es de Munic\u00edpios do Rio Grande do Sul para o per\u00edodo 2026\/2027. A posse ocorreu no Parque de Eventos de Imb\u00e9, no Litoral Norte, durante o Semin\u00e1rio Municipalismo em Foco, reunindo autoridades estaduais e lideran\u00e7as municipais.<\/p>\n\n\n\n<p>\u00c0 frente da entidade que representa os munic\u00edpios ga\u00fachos, Vedovato destacou como prioridade a amplia\u00e7\u00e3o de recursos e o fortalecimento da autonomia das prefeituras. O novo presidente tamb\u00e9m defendeu maior participa\u00e7\u00e3o dos munic\u00edpios na formula\u00e7\u00e3o de pol\u00edticas p\u00fablicas e sinalizou a inten\u00e7\u00e3o de manter di\u00e1logo institucional com governos e diferentes esferas de poder.<\/p>\n\n\n\n<p>A cerim\u00f4nia contou com a presen\u00e7a do governador Eduardo Leite e do vice-governador Gabriel Souza, al\u00e9m de representantes de \u00f3rg\u00e3os de controle, Assembleia Legislativa e bancada federal. Durante o evento, foi ressaltado o papel da Famurs na articula\u00e7\u00e3o pol\u00edtica e t\u00e9cnica em defesa das demandas municipais, especialmente diante do aumento de responsabilidades administrativas e limita\u00e7\u00f5es or\u00e7ament\u00e1rias enfrentadas pelas prefeituras.<\/p>\n\n\n\n<p>Vedovato sucede Adriane Perin de Oliveira, que encerrou seu mandato \u00e0 frente da federa\u00e7\u00e3o destacando a\u00e7\u00f5es voltadas \u00e0 moderniza\u00e7\u00e3o da gest\u00e3o p\u00fablica e \u00e0 defesa do municipalismo. A troca de comando segue o modelo de rod\u00edzio entre partidos com maior n\u00famero de prefeitos no Estado.<\/p>\n\n\n\n<p>O novo conselho de administra\u00e7\u00e3o re\u00fane representantes de diferentes regi\u00f5es do Rio Grande do Sul, com o objetivo de garantir representatividade e integra\u00e7\u00e3o entre os munic\u00edpios. A gest\u00e3o tamb\u00e9m assume a condu\u00e7\u00e3o da entidade em um momento simb\u00f3lico, marcado pelos 50 anos da Famurs.<\/p>\n\n\n\n<p>Com trajet\u00f3ria pol\u00edtica constru\u00edda no Litoral Norte, Vedovato \u00e9 prefeito reeleito de Imb\u00e9 e j\u00e1 presidiu a Associa\u00e7\u00e3o dos Munic\u00edpios do Litoral Norte (Amlinorte). \u00c0 frente da federa\u00e7\u00e3o, ter\u00e1 como desafio fortalecer a atua\u00e7\u00e3o institucional da entidade, ampliar a capacidade t\u00e9cnica de apoio \u00e0s prefeituras e promover a moderniza\u00e7\u00e3o dos servi\u00e7os p\u00fablicos municipais.<\/p>\n","protected":false},"excerpt":{"rendered":"<p>O prefeito de Imb\u00e9, Luiz Henrique Vedovato, assumiu nesta quinta-feira (30) a presid\u00eancia da Federa\u00e7\u00e3o das Associa\u00e7\u00f5es de Munic\u00edpios do Rio Grande do Sul para o per\u00edodo 2026\/2027. A posse ocorreu no Parque de Eventos de Imb\u00e9, no Litoral Norte, durante o Semin\u00e1rio Municipalismo em Foco, reunindo autoridades estaduais e lideran\u00e7as municipais. \u00c0 frente da [&hellip;]<\/p>\n","protected":false},"author":2,"featured_media":24896,"comment_status":"open","ping_status":"open","sticky":false,"template":"","format":"standard","meta":{"_themeisle_gutenberg_block_has_review":false,"footnotes":""},"categories":[30,15],"tags":[],"class_list":["post-24895","post","type-post","status-publish","format-standard","has-post-thumbnail","hentry","category-imbe","category-noticias"],"yoast_head":"<!-- This site is optimized with the Yoast SEO plugin v27.4 - https:\/\/yoast.com\/product\/yoast-seo-wordpress\/ -->\n<title>Prefeito Ique Vedovato assume presid\u00eancia da Famurs e refor\u00e7a defesa dos munic\u00edpios ga\u00fachos - Rede Litoral RS<\/title>\n<meta name=\"robots\" content=\"index, follow, max-snippet:-1, max-image-preview:large, max-video-preview:-1\" \/>\n<link rel=\"canonical\" href=\"https:\/\/redelitoralrs.com\/index.php\/2026\/04\/30\/prefeito-ique-vedovato-assume-presidencia-da-famurs-e-reforca-defesa-dos-municipios-gauchos\/\" \/>\n<meta property=\"og:locale\" content=\"pt_BR\" \/>\n<meta property=\"og:type\" content=\"article\" \/>\n<meta property=\"og:title\" content=\"Prefeito Ique Vedovato assume presid\u00eancia da Famurs e refor\u00e7a defesa dos munic\u00edpios ga\u00fachos - Rede Litoral RS\" \/>\n<meta property=\"og:description\" content=\"O prefeito de Imb\u00e9, Luiz Henrique Vedovato, assumiu nesta quinta-feira (30) a presid\u00eancia da Federa\u00e7\u00e3o das Associa\u00e7\u00f5es de Munic\u00edpios do Rio Grande do Sul para o per\u00edodo 2026\/2027. A posse ocorreu no Parque de Eventos de Imb\u00e9, no Litoral Norte, durante o Semin\u00e1rio Municipalismo em Foco, reunindo autoridades estaduais e lideran\u00e7as municipais. \u00c0 frente da [&hellip;]\" \/>\n<meta property=\"og:url\" content=\"https:\/\/redelitoralrs.com\/index.php\/2026\/04\/30\/prefeito-ique-vedovato-assume-presidencia-da-famurs-e-reforca-defesa-dos-municipios-gauchos\/\" \/>\n<meta property=\"og:site_name\" content=\"Rede Litoral RS\" \/>\n<meta property=\"article:publisher\" content=\"https:\/\/www.facebook.com\/tvlitoralrsoficial\" \/>\n<meta property=\"article:published_time\" content=\"2026-04-30T18:55:02+00:00\" \/>\n<meta property=\"og:image\" content=\"https:\/\/redelitoralrs.com\/wp-content\/uploads\/2026\/04\/maior_1000001419.jpg\" \/>\n\t<meta property=\"og:image:width\" content=\"700\" \/>\n\t<meta property=\"og:image:height\" content=\"467\" \/>\n\t<meta property=\"og:image:type\" content=\"image\/jpeg\" \/>\n<meta name=\"author\" content=\"Reda\u00e7\u00e3o TV Litoral\" \/>\n<meta name=\"twitter:card\" content=\"summary_large_image\" \/>\n<meta name=\"twitter:label1\" content=\"Escrito por\" \/>\n\t<meta name=\"twitter:data1\" content=\"Reda\u00e7\u00e3o TV Litoral\" \/>\n\t<meta name=\"twitter:label2\" content=\"Est. tempo de leitura\" \/>\n\t<meta name=\"twitter:data2\" content=\"2 minutos\" \/>\n<script type=\"application\/ld+json\" class=\"yoast-schema-graph\">{\"@context\":\"https:\\\/\\\/schema.org\",\"@graph\":[{\"@type\":\"Article\",\"@id\":\"https:\\\/\\\/redelitoralrs.com\\\/index.php\\\/2026\\\/04\\\/30\\\/prefeito-ique-vedovato-assume-presidencia-da-famurs-e-reforca-defesa-dos-municipios-gauchos\\\/#article\",\"isPartOf\":{\"@id\":\"https:\\\/\\\/redelitoralrs.com\\\/index.php\\\/2026\\\/04\\\/30\\\/prefeito-ique-vedovato-assume-presidencia-da-famurs-e-reforca-defesa-dos-municipios-gauchos\\\/\"},\"author\":{\"name\":\"Reda\u00e7\u00e3o TV Litoral\",\"@id\":\"https:\\\/\\\/redelitoralrs.com\\\/#\\\/schema\\\/person\\\/9f8181f2a7359dd3986f05ebaf5bd68a\"},\"headline\":\"Prefeito Ique Vedovato assume presid\u00eancia da Famurs e refor\u00e7a defesa dos munic\u00edpios ga\u00fachos\",\"datePublished\":\"2026-04-30T18:55:02+00:00\",\"mainEntityOfPage\":{\"@id\":\"https:\\\/\\\/redelitoralrs.com\\\/index.php\\\/2026\\\/04\\\/30\\\/prefeito-ique-vedovato-assume-presidencia-da-famurs-e-reforca-defesa-dos-municipios-gauchos\\\/\"},\"wordCount\":369,\"commentCount\":0,\"publisher\":{\"@id\":\"https:\\\/\\\/redelitoralrs.com\\\/#organization\"},\"image\":{\"@id\":\"https:\\\/\\\/redelitoralrs.com\\\/index.php\\\/2026\\\/04\\\/30\\\/prefeito-ique-vedovato-assume-presidencia-da-famurs-e-reforca-defesa-dos-municipios-gauchos\\\/#primaryimage\"},\"thumbnailUrl\":\"https:\\\/\\\/redelitoralrs.com\\\/wp-content\\\/uploads\\\/2026\\\/04\\\/maior_1000001419.jpg\",\"articleSection\":[\"Imb\u00e9\",\"\u00daltimas not\u00edcias\"],\"inLanguage\":\"pt-BR\",\"potentialAction\":[{\"@type\":\"CommentAction\",\"name\":\"Comment\",\"target\":[\"https:\\\/\\\/redelitoralrs.com\\\/index.php\\\/2026\\\/04\\\/30\\\/prefeito-ique-vedovato-assume-presidencia-da-famurs-e-reforca-defesa-dos-municipios-gauchos\\\/#respond\"]}]},{\"@type\":\"WebPage\",\"@id\":\"https:\\\/\\\/redelitoralrs.com\\\/index.php\\\/2026\\\/04\\\/30\\\/prefeito-ique-vedovato-assume-presidencia-da-famurs-e-reforca-defesa-dos-municipios-gauchos\\\/\",\"url\":\"https:\\\/\\\/redelitoralrs.com\\\/index.php\\\/2026\\\/04\\\/30\\\/prefeito-ique-vedovato-assume-presidencia-da-famurs-e-reforca-defesa-dos-municipios-gauchos\\\/\",\"name\":\"Prefeito Ique Vedovato assume presid\u00eancia da Famurs e refor\u00e7a defesa dos munic\u00edpios ga\u00fachos - Rede Litoral RS\",\"isPartOf\":{\"@id\":\"https:\\\/\\\/redelitoralrs.com\\\/#website\"},\"primaryImageOfPage\":{\"@id\":\"https:\\\/\\\/redelitoralrs.com\\\/index.php\\\/2026\\\/04\\\/30\\\/prefeito-ique-vedovato-assume-presidencia-da-famurs-e-reforca-defesa-dos-municipios-gauchos\\\/#primaryimage\"},\"image\":{\"@id\":\"https:\\\/\\\/redelitoralrs.com\\\/index.php\\\/2026\\\/04\\\/30\\\/prefeito-ique-vedovato-assume-presidencia-da-famurs-e-reforca-defesa-dos-municipios-gauchos\\\/#primaryimage\"},\"thumbnailUrl\":\"https:\\\/\\\/redelitoralrs.com\\\/wp-content\\\/uploads\\\/2026\\\/04\\\/maior_1000001419.jpg\",\"datePublished\":\"2026-04-30T18:55:02+00:00\",\"breadcrumb\":{\"@id\":\"https:\\\/\\\/redelitoralrs.com\\\/index.php\\\/2026\\\/04\\\/30\\\/prefeito-ique-vedovato-assume-presidencia-da-famurs-e-reforca-defesa-dos-municipios-gauchos\\\/#breadcrumb\"},\"inLanguage\":\"pt-BR\",\"potentialAction\":[{\"@type\":\"ReadAction\",\"target\":[\"https:\\\/\\\/redelitoralrs.com\\\/index.php\\\/2026\\\/04\\\/30\\\/prefeito-ique-vedovato-assume-presidencia-da-famurs-e-reforca-defesa-dos-municipios-gauchos\\\/\"]}]},{\"@type\":\"ImageObject\",\"inLanguage\":\"pt-BR\",\"@id\":\"https:\\\/\\\/redelitoralrs.com\\\/index.php\\\/2026\\\/04\\\/30\\\/prefeito-ique-vedovato-assume-presidencia-da-famurs-e-reforca-defesa-dos-municipios-gauchos\\\/#primaryimage\",\"url\":\"https:\\\/\\\/redelitoralrs.com\\\/wp-content\\\/uploads\\\/2026\\\/04\\\/maior_1000001419.jpg\",\"contentUrl\":\"https:\\\/\\\/redelitoralrs.com\\\/wp-content\\\/uploads\\\/2026\\\/04\\\/maior_1000001419.jpg\",\"width\":700,\"height\":467,\"caption\":\"Foto: Guilherme Pedrotti\"},{\"@type\":\"BreadcrumbList\",\"@id\":\"https:\\\/\\\/redelitoralrs.com\\\/index.php\\\/2026\\\/04\\\/30\\\/prefeito-ique-vedovato-assume-presidencia-da-famurs-e-reforca-defesa-dos-municipios-gauchos\\\/#breadcrumb\",\"itemListElement\":[{\"@type\":\"ListItem\",\"position\":1,\"name\":\"In\u00edcio\",\"item\":\"https:\\\/\\\/redelitoralrs.com\\\/\"},{\"@type\":\"ListItem\",\"position\":2,\"name\":\"Prefeito Ique Vedovato assume presid\u00eancia da Famurs e refor\u00e7a defesa dos munic\u00edpios ga\u00fachos\"}]},{\"@type\":\"WebSite\",\"@id\":\"https:\\\/\\\/redelitoralrs.com\\\/#website\",\"url\":\"https:\\\/\\\/redelitoralrs.com\\\/\",\"name\":\"TV Litoral\",\"description\":\"Acompanhe tudo do litoral ga\u00facho com a cobertura completa e atualizada da Rede Litoral RS. Nossos jornalistas trazem as \u00faltimas not\u00edcias, os acontecimentos mais quentes e as hist\u00f3rias que importam sobre nosso amado litoral.\",\"publisher\":{\"@id\":\"https:\\\/\\\/redelitoralrs.com\\\/#organization\"},\"potentialAction\":[{\"@type\":\"SearchAction\",\"target\":{\"@type\":\"EntryPoint\",\"urlTemplate\":\"https:\\\/\\\/redelitoralrs.com\\\/?s={search_term_string}\"},\"query-input\":{\"@type\":\"PropertyValueSpecification\",\"valueRequired\":true,\"valueName\":\"search_term_string\"}}],\"inLanguage\":\"pt-BR\"},{\"@type\":\"Organization\",\"@id\":\"https:\\\/\\\/redelitoralrs.com\\\/#organization\",\"name\":\"TV Litoral\",\"url\":\"https:\\\/\\\/redelitoralrs.com\\\/\",\"logo\":{\"@type\":\"ImageObject\",\"inLanguage\":\"pt-BR\",\"@id\":\"https:\\\/\\\/redelitoralrs.com\\\/#\\\/schema\\\/logo\\\/image\\\/\",\"url\":\"https:\\\/\\\/redelitoralrs.com\\\/wp-content\\\/uploads\\\/2024\\\/01\\\/faviconicon-1-1.png\",\"contentUrl\":\"https:\\\/\\\/redelitoralrs.com\\\/wp-content\\\/uploads\\\/2024\\\/01\\\/faviconicon-1-1.png\",\"width\":454,\"height\":454,\"caption\":\"TV Litoral\"},\"image\":{\"@id\":\"https:\\\/\\\/redelitoralrs.com\\\/#\\\/schema\\\/logo\\\/image\\\/\"},\"sameAs\":[\"https:\\\/\\\/www.facebook.com\\\/tvlitoralrsoficial\",\"https:\\\/\\\/www.instagram.com\\\/tvlitoral.rs\"]},{\"@type\":\"Person\",\"@id\":\"https:\\\/\\\/redelitoralrs.com\\\/#\\\/schema\\\/person\\\/9f8181f2a7359dd3986f05ebaf5bd68a\",\"name\":\"Reda\u00e7\u00e3o TV Litoral\",\"image\":{\"@type\":\"ImageObject\",\"inLanguage\":\"pt-BR\",\"@id\":\"https:\\\/\\\/redelitoralrs.com\\\/wp-content\\\/litespeed\\\/avatar\\\/779aafbb45e66c7f82733e21abb48259.jpg?ver=1777561602\",\"url\":\"https:\\\/\\\/redelitoralrs.com\\\/wp-content\\\/litespeed\\\/avatar\\\/779aafbb45e66c7f82733e21abb48259.jpg?ver=1777561602\",\"contentUrl\":\"https:\\\/\\\/redelitoralrs.com\\\/wp-content\\\/litespeed\\\/avatar\\\/779aafbb45e66c7f82733e21abb48259.jpg?ver=1777561602\",\"caption\":\"Reda\u00e7\u00e3o TV Litoral\"},\"description\":\"A Rede Litoral de Comunica\u00e7\u00e3o \u00e9 um grupo de m\u00eddia multiplataforma do Litoral Norte do RS. Com atua\u00e7\u00e3o em TV, r\u00e1dio, portal e redes sociais, levamos informa\u00e7\u00e3o, conte\u00fado e entretenimento \u00e0 comunidade, fortalecendo a comunica\u00e7\u00e3o local e impulsionando o desenvolvimento regional. Acompanhe atrav\u00e9s de @redelitoralrs.\",\"sameAs\":[\"https:\\\/\\\/redelitoralrs.com\",\"https:\\\/\\\/www.instagram.com\\\/redelitoralrs\",\"https:\\\/\\\/www.youtube.com\\\/@redelitoralrs\"],\"url\":\"https:\\\/\\\/redelitoralrs.com\\\/index.php\\\/author\\\/redacaotvlitoral\\\/\"}]}<\/script>\n<!-- \/ Yoast SEO plugin. -->","yoast_head_json":{"title":"Prefeito Ique Vedovato assume presid\u00eancia da Famurs e refor\u00e7a defesa dos munic\u00edpios ga\u00fachos - Rede Litoral RS","robots":{"index":"index","follow":"follow","max-snippet":"max-snippet:-1","max-image-preview":"max-image-preview:large","max-video-preview":"max-video-preview:-1"},"canonical":"https:\/\/redelitoralrs.com\/index.php\/2026\/04\/30\/prefeito-ique-vedovato-assume-presidencia-da-famurs-e-reforca-defesa-dos-municipios-gauchos\/","og_locale":"pt_BR","og_type":"article","og_title":"Prefeito Ique Vedovato assume presid\u00eancia da Famurs e refor\u00e7a defesa dos munic\u00edpios ga\u00fachos - Rede Litoral RS","og_description":"O prefeito de Imb\u00e9, Luiz Henrique Vedovato, assumiu nesta quinta-feira (30) a presid\u00eancia da Federa\u00e7\u00e3o das Associa\u00e7\u00f5es de Munic\u00edpios do Rio Grande do Sul para o per\u00edodo 2026\/2027. A posse ocorreu no Parque de Eventos de Imb\u00e9, no Litoral Norte, durante o Semin\u00e1rio Municipalismo em Foco, reunindo autoridades estaduais e lideran\u00e7as municipais. \u00c0 frente da [&hellip;]","og_url":"https:\/\/redelitoralrs.com\/index.php\/2026\/04\/30\/prefeito-ique-vedovato-assume-presidencia-da-famurs-e-reforca-defesa-dos-municipios-gauchos\/","og_site_name":"Rede Litoral RS","article_publisher":"https:\/\/www.facebook.com\/tvlitoralrsoficial","article_published_time":"2026-04-30T18:55:02+00:00","og_image":[{"width":700,"height":467,"url":"https:\/\/redelitoralrs.com\/wp-content\/uploads\/2026\/04\/maior_1000001419.jpg","type":"image\/jpeg"}],"author":"Reda\u00e7\u00e3o TV Litoral","twitter_card":"summary_large_image","twitter_misc":{"Escrito por":"Reda\u00e7\u00e3o TV Litoral","Est. tempo de leitura":"2 minutos"},"schema":{"@context":"https:\/\/schema.org","@graph":[{"@type":"Article","@id":"https:\/\/redelitoralrs.com\/index.php\/2026\/04\/30\/prefeito-ique-vedovato-assume-presidencia-da-famurs-e-reforca-defesa-dos-municipios-gauchos\/#article","isPartOf":{"@id":"https:\/\/redelitoralrs.com\/index.php\/2026\/04\/30\/prefeito-ique-vedovato-assume-presidencia-da-famurs-e-reforca-defesa-dos-municipios-gauchos\/"},"author":{"name":"Reda\u00e7\u00e3o TV Litoral","@id":"https:\/\/redelitoralrs.com\/#\/schema\/person\/9f8181f2a7359dd3986f05ebaf5bd68a"},"headline":"Prefeito Ique Vedovato assume presid\u00eancia da Famurs e refor\u00e7a defesa dos munic\u00edpios ga\u00fachos","datePublished":"2026-04-30T18:55:02+00:00","mainEntityOfPage":{"@id":"https:\/\/redelitoralrs.com\/index.php\/2026\/04\/30\/prefeito-ique-vedovato-assume-presidencia-da-famurs-e-reforca-defesa-dos-municipios-gauchos\/"},"wordCount":369,"commentCount":0,"publisher":{"@id":"https:\/\/redelitoralrs.com\/#organization"},"image":{"@id":"https:\/\/redelitoralrs.com\/index.php\/2026\/04\/30\/prefeito-ique-vedovato-assume-presidencia-da-famurs-e-reforca-defesa-dos-municipios-gauchos\/#primaryimage"},"thumbnailUrl":"https:\/\/redelitoralrs.com\/wp-content\/uploads\/2026\/04\/maior_1000001419.jpg","articleSection":["Imb\u00e9","\u00daltimas not\u00edcias"],"inLanguage":"pt-BR","potentialAction":[{"@type":"CommentAction","name":"Comment","target":["https:\/\/redelitoralrs.com\/index.php\/2026\/04\/30\/prefeito-ique-vedovato-assume-presidencia-da-famurs-e-reforca-defesa-dos-municipios-gauchos\/#respond"]}]},{"@type":"WebPage","@id":"https:\/\/redelitoralrs.com\/index.php\/2026\/04\/30\/prefeito-ique-vedovato-assume-presidencia-da-famurs-e-reforca-defesa-dos-municipios-gauchos\/","url":"https:\/\/redelitoralrs.com\/index.php\/2026\/04\/30\/prefeito-ique-vedovato-assume-presidencia-da-famurs-e-reforca-defesa-dos-municipios-gauchos\/","name":"Prefeito Ique Vedovato assume presid\u00eancia da Famurs e refor\u00e7a defesa dos munic\u00edpios ga\u00fachos - Rede Litoral RS","isPartOf":{"@id":"https:\/\/redelitoralrs.com\/#website"},"primaryImageOfPage":{"@id":"https:\/\/redelitoralrs.com\/index.php\/2026\/04\/30\/prefeito-ique-vedovato-assume-presidencia-da-famurs-e-reforca-defesa-dos-municipios-gauchos\/#primaryimage"},"image":{"@id":"https:\/\/redelitoralrs.com\/index.php\/2026\/04\/30\/prefeito-ique-vedovato-assume-presidencia-da-famurs-e-reforca-defesa-dos-municipios-gauchos\/#primaryimage"},"thumbnailUrl":"https:\/\/redelitoralrs.com\/wp-content\/uploads\/2026\/04\/maior_1000001419.jpg","datePublished":"2026-04-30T18:55:02+00:00","breadcrumb":{"@id":"https:\/\/redelitoralrs.com\/index.php\/2026\/04\/30\/prefeito-ique-vedovato-assume-presidencia-da-famurs-e-reforca-defesa-dos-municipios-gauchos\/#breadcrumb"},"inLanguage":"pt-BR","potentialAction":[{"@type":"ReadAction","target":["https:\/\/redelitoralrs.com\/index.php\/2026\/04\/30\/prefeito-ique-vedovato-assume-presidencia-da-famurs-e-reforca-defesa-dos-municipios-gauchos\/"]}]},{"@type":"ImageObject","inLanguage":"pt-BR","@id":"https:\/\/redelitoralrs.com\/index.php\/2026\/04\/30\/prefeito-ique-vedovato-assume-presidencia-da-famurs-e-reforca-defesa-dos-municipios-gauchos\/#primaryimage","url":"https:\/\/redelitoralrs.com\/wp-content\/uploads\/2026\/04\/maior_1000001419.jpg","contentUrl":"https:\/\/redelitoralrs.com\/wp-content\/uploads\/2026\/04\/maior_1000001419.jpg","width":700,"height":467,"caption":"Foto: Guilherme Pedrotti"},{"@type":"BreadcrumbList","@id":"https:\/\/redelitoralrs.com\/index.php\/2026\/04\/30\/prefeito-ique-vedovato-assume-presidencia-da-famurs-e-reforca-defesa-dos-municipios-gauchos\/#breadcrumb","itemListElement":[{"@type":"ListItem","position":1,"name":"In\u00edcio","item":"https:\/\/redelitoralrs.com\/"},{"@type":"ListItem","position":2,"name":"Prefeito Ique Vedovato assume presid\u00eancia da Famurs e refor\u00e7a defesa dos munic\u00edpios ga\u00fachos"}]},{"@type":"WebSite","@id":"https:\/\/redelitoralrs.com\/#website","url":"https:\/\/redelitoralrs.com\/","name":"TV Litoral","description":"Acompanhe tudo do litoral ga\u00facho com a cobertura completa e atualizada da Rede Litoral RS. Nossos jornalistas trazem as \u00faltimas not\u00edcias, os acontecimentos mais quentes e as hist\u00f3rias que importam sobre nosso amado litoral.","publisher":{"@id":"https:\/\/redelitoralrs.com\/#organization"},"potentialAction":[{"@type":"SearchAction","target":{"@type":"EntryPoint","urlTemplate":"https:\/\/redelitoralrs.com\/?s={search_term_string}"},"query-input":{"@type":"PropertyValueSpecification","valueRequired":true,"valueName":"search_term_string"}}],"inLanguage":"pt-BR"},{"@type":"Organization","@id":"https:\/\/redelitoralrs.com\/#organization","name":"TV Litoral","url":"https:\/\/redelitoralrs.com\/","logo":{"@type":"ImageObject","inLanguage":"pt-BR","@id":"https:\/\/redelitoralrs.com\/#\/schema\/logo\/image\/","url":"https:\/\/redelitoralrs.com\/wp-content\/uploads\/2024\/01\/faviconicon-1-1.png","contentUrl":"https:\/\/redelitoralrs.com\/wp-content\/uploads\/2024\/01\/faviconicon-1-1.png","width":454,"height":454,"caption":"TV Litoral"},"image":{"@id":"https:\/\/redelitoralrs.com\/#\/schema\/logo\/image\/"},"sameAs":["https:\/\/www.facebook.com\/tvlitoralrsoficial","https:\/\/www.instagram.com\/tvlitoral.rs"]},{"@type":"Person","@id":"https:\/\/redelitoralrs.com\/#\/schema\/person\/9f8181f2a7359dd3986f05ebaf5bd68a","name":"Reda\u00e7\u00e3o TV Litoral","image":{"@type":"ImageObject","inLanguage":"pt-BR","@id":"https:\/\/redelitoralrs.com\/wp-content\/litespeed\/avatar\/779aafbb45e66c7f82733e21abb48259.jpg?ver=1777561602","url":"https:\/\/redelitoralrs.com\/wp-content\/litespeed\/avatar\/779aafbb45e66c7f82733e21abb48259.jpg?ver=1777561602","contentUrl":"https:\/\/redelitoralrs.com\/wp-content\/litespeed\/avatar\/779aafbb45e66c7f82733e21abb48259.jpg?ver=1777561602","caption":"Reda\u00e7\u00e3o TV Litoral"},"description":"A Rede Litoral de Comunica\u00e7\u00e3o \u00e9 um grupo de m\u00eddia multiplataforma do Litoral Norte do RS. Com atua\u00e7\u00e3o em TV, r\u00e1dio, portal e redes sociais, levamos informa\u00e7\u00e3o, conte\u00fado e entretenimento \u00e0 comunidade, fortalecendo a comunica\u00e7\u00e3o local e impulsionando o desenvolvimento regional. Acompanhe atrav\u00e9s de @redelitoralrs.","sameAs":["https:\/\/redelitoralrs.com","https:\/\/www.instagram.com\/redelitoralrs","https:\/\/www.youtube.com\/@redelitoralrs"],"url":"https:\/\/redelitoralrs.com\/index.php\/author\/redacaotvlitoral\/"}]}},"_links":{"self":[{"href":"https:\/\/redelitoralrs.com\/index.php\/wp-json\/wp\/v2\/posts\/24895","targetHints":{"allow":["GET"]}}],"collection":[{"href":"https:\/\/redelitoralrs.com\/index.php\/wp-json\/wp\/v2\/posts"}],"about":[{"href":"https:\/\/redelitoralrs.com\/index.php\/wp-json\/wp\/v2\/types\/post"}],"author":[{"embeddable":true,"href":"https:\/\/redelitoralrs.com\/index.php\/wp-json\/wp\/v2\/users\/2"}],"replies":[{"embeddable":true,"href":"https:\/\/redelitoralrs.com\/index.php\/wp-json\/wp\/v2\/comments?post=24895"}],"version-history":[{"count":1,"href":"https:\/\/redelitoralrs.com\/index.php\/wp-json\/wp\/v2\/posts\/24895\/revisions"}],"predecessor-version":[{"id":24897,"href":"https:\/\/redelitoralrs.com\/index.php\/wp-json\/wp\/v2\/posts\/24895\/revisions\/24897"}],"wp:featuredmedia":[{"embeddable":true,"href":"https:\/\/redelitoralrs.com\/index.php\/wp-json\/wp\/v2\/media\/24896"}],"wp:attachment":[{"href":"https:\/\/redelitoralrs.com\/index.php\/wp-json\/wp\/v2\/media?parent=24895"}],"wp:term":[{"taxonomy":"category","embeddable":true,"href":"https:\/\/redelitoralrs.com\/index.php\/wp-json\/wp\/v2\/categories?post=24895"},{"taxonomy":"post_tag","embeddable":true,"href":"https:\/\/redelitoralrs.com\/index.php\/wp-json\/wp\/v2\/tags?post=24895"}],"curies":[{"name":"wp","href":"https:\/\/api.w.org\/{rel}","templated":true}]}}