{"id":24892,"date":"2026-04-30T15:42:49","date_gmt":"2026-04-30T18:42:49","guid":{"rendered":"https:\/\/redelitoralrs.com\/?p=24892"},"modified":"2026-04-30T15:42:50","modified_gmt":"2026-04-30T18:42:50","slug":"israel-intercepta-flotilha-com-destino-a-gaza-e-detem-mais-de-170-ativistas-em-aguas-proximas-a-grecia","status":"publish","type":"post","link":"https:\/\/redelitoralrs.com\/index.php\/2026\/04\/30\/israel-intercepta-flotilha-com-destino-a-gaza-e-detem-mais-de-170-ativistas-em-aguas-proximas-a-grecia\/","title":{"rendered":"Israel intercepta flotilha com destino a Gaza e det\u00e9m mais de 170 ativistas em \u00e1guas pr\u00f3ximas \u00e0 Gr\u00e9cia"},"content":{"rendered":"\n<p>Uma opera\u00e7\u00e3o militar de Israel resultou na intercepta\u00e7\u00e3o de uma flotilha humanit\u00e1ria que seguia em dire\u00e7\u00e3o \u00e0 Faixa de Gaza, com a deten\u00e7\u00e3o de ao menos 175 ativistas. A a\u00e7\u00e3o ocorreu nesta quinta-feira (30), em \u00e1guas pr\u00f3ximas \u00e0 Gr\u00e9cia, segundo informa\u00e7\u00f5es divulgadas pelo governo israelense.<\/p>\n\n\n\n<p>De acordo com o Minist\u00e9rio das Rela\u00e7\u00f5es Exteriores israelense, cerca de 20 embarca\u00e7\u00f5es foram abordadas. Os organizadores da miss\u00e3o afirmam que o n\u00famero de detidos pode chegar a 211 pessoas. A flotilha, composta por mais de 50 barcos, transportava ajuda humanit\u00e1ria destinada \u00e0 popula\u00e7\u00e3o palestina.<\/p>\n\n\n\n<p>O governo israelense informou que os ativistas ser\u00e3o levados para territ\u00f3rio grego ap\u00f3s um acordo entre os dois pa\u00edses. A intercepta\u00e7\u00e3o ocorreu em meio a um cen\u00e1rio de restri\u00e7\u00f5es ao acesso de suprimentos em Gaza, controlado por Israel, mesmo ap\u00f3s o cessar-fogo em vigor desde outubro.<\/p>\n\n\n\n<p>A opera\u00e7\u00e3o gerou rea\u00e7\u00e3o internacional. Pa\u00edses como It\u00e1lia, Alemanha e Fran\u00e7a manifestaram preocupa\u00e7\u00e3o com o epis\u00f3dio e pediram respeito ao direito internacional. J\u00e1 a Espanha fez uma condena\u00e7\u00e3o mais enf\u00e1tica \u00e0 a\u00e7\u00e3o israelense. Autoridades desses pa\u00edses confirmaram que h\u00e1 cidad\u00e3os nacionais entre os detidos.<\/p>\n\n\n\n<p>A flotilha partiu recentemente de cidades europeias como Marselha, Barcelona e Siracusa, com o objetivo de levar alimentos, medicamentos e outros insumos ao territ\u00f3rio palestino. Segundo os organizadores, as embarca\u00e7\u00f5es foram abordadas por for\u00e7as militares que ordenaram a rendi\u00e7\u00e3o dos ocupantes.<\/p>\n\n\n\n<p>Por outro lado, Israel afirmou que a opera\u00e7\u00e3o ocorreu de forma pac\u00edfica e sem v\u00edtimas, justificando a a\u00e7\u00e3o como necess\u00e1ria para evitar a viola\u00e7\u00e3o do bloqueio imposto \u00e0 regi\u00e3o. O governo tamb\u00e9m alegou ter encontrado itens irregulares em algumas embarca\u00e7\u00f5es, vers\u00e3o contestada pelos ativistas.<\/p>\n\n\n\n<p>Organiza\u00e7\u00f5es internacionais criticaram a intercepta\u00e7\u00e3o, apontando que a medida agrava a crise humanit\u00e1ria na regi\u00e3o. A Anistia Internacional classificou a a\u00e7\u00e3o como uma demonstra\u00e7\u00e3o da rigidez do bloqueio imposto ao territ\u00f3rio palestino.<\/p>\n\n\n\n<p>Entre os detidos est\u00e3o tamb\u00e9m cidad\u00e3os brasileiros que participavam da miss\u00e3o. Outros integrantes conseguiram escapar da abordagem e chegaram a \u00e1guas territoriais gregas.<\/p>\n\n\n\n<p>A Faixa de Gaza enfrenta uma crise humanit\u00e1ria agravada ap\u00f3s anos de bloqueio e, mais recentemente, pela guerra iniciada em outubro de 2023 entre Israel e o grupo Hamas. A escassez de alimentos, \u00e1gua e medicamentos segue sendo um dos principais desafios para a popula\u00e7\u00e3o local.<\/p>\n","protected":false},"excerpt":{"rendered":"<p>Uma opera\u00e7\u00e3o militar de Israel resultou na intercepta\u00e7\u00e3o de uma flotilha humanit\u00e1ria que seguia em dire\u00e7\u00e3o \u00e0 Faixa de Gaza, com a deten\u00e7\u00e3o de ao menos 175 ativistas. A a\u00e7\u00e3o ocorreu nesta quinta-feira (30), em \u00e1guas pr\u00f3ximas \u00e0 Gr\u00e9cia, segundo informa\u00e7\u00f5es divulgadas pelo governo israelense. De acordo com o Minist\u00e9rio das Rela\u00e7\u00f5es Exteriores israelense, cerca [&hellip;]<\/p>\n","protected":false},"author":2,"featured_media":24893,"comment_status":"open","ping_status":"open","sticky":false,"template":"","format":"standard","meta":{"_themeisle_gutenberg_block_has_review":false,"footnotes":""},"categories":[247,15],"tags":[],"class_list":["post-24892","post","type-post","status-publish","format-standard","has-post-thumbnail","hentry","category-mundo","category-noticias"],"yoast_head":"<!-- This site is optimized with the Yoast SEO plugin v27.4 - https:\/\/yoast.com\/product\/yoast-seo-wordpress\/ -->\n<title>Israel intercepta flotilha com destino a Gaza e det\u00e9m mais de 170 ativistas em \u00e1guas pr\u00f3ximas \u00e0 Gr\u00e9cia - Rede Litoral RS<\/title>\n<meta name=\"robots\" content=\"index, follow, max-snippet:-1, max-image-preview:large, max-video-preview:-1\" \/>\n<link rel=\"canonical\" href=\"https:\/\/redelitoralrs.com\/index.php\/2026\/04\/30\/israel-intercepta-flotilha-com-destino-a-gaza-e-detem-mais-de-170-ativistas-em-aguas-proximas-a-grecia\/\" \/>\n<meta property=\"og:locale\" content=\"pt_BR\" \/>\n<meta property=\"og:type\" content=\"article\" \/>\n<meta property=\"og:title\" content=\"Israel intercepta flotilha com destino a Gaza e det\u00e9m mais de 170 ativistas em \u00e1guas pr\u00f3ximas \u00e0 Gr\u00e9cia - Rede Litoral RS\" \/>\n<meta property=\"og:description\" content=\"Uma opera\u00e7\u00e3o militar de Israel resultou na intercepta\u00e7\u00e3o de uma flotilha humanit\u00e1ria que seguia em dire\u00e7\u00e3o \u00e0 Faixa de Gaza, com a deten\u00e7\u00e3o de ao menos 175 ativistas. A a\u00e7\u00e3o ocorreu nesta quinta-feira (30), em \u00e1guas pr\u00f3ximas \u00e0 Gr\u00e9cia, segundo informa\u00e7\u00f5es divulgadas pelo governo israelense. De acordo com o Minist\u00e9rio das Rela\u00e7\u00f5es Exteriores israelense, cerca [&hellip;]\" \/>\n<meta property=\"og:url\" content=\"https:\/\/redelitoralrs.com\/index.php\/2026\/04\/30\/israel-intercepta-flotilha-com-destino-a-gaza-e-detem-mais-de-170-ativistas-em-aguas-proximas-a-grecia\/\" \/>\n<meta property=\"og:site_name\" content=\"Rede Litoral RS\" \/>\n<meta property=\"article:publisher\" content=\"https:\/\/www.facebook.com\/tvlitoralrsoficial\" \/>\n<meta property=\"article:published_time\" content=\"2026-04-30T18:42:49+00:00\" \/>\n<meta property=\"article:modified_time\" content=\"2026-04-30T18:42:50+00:00\" \/>\n<meta property=\"og:image\" content=\"https:\/\/redelitoralrs.com\/wp-content\/uploads\/2026\/04\/flotilha-gaza.webp\" \/>\n\t<meta property=\"og:image:width\" content=\"1170\" \/>\n\t<meta property=\"og:image:height\" content=\"700\" \/>\n\t<meta property=\"og:image:type\" content=\"image\/webp\" \/>\n<meta name=\"author\" content=\"Reda\u00e7\u00e3o TV Litoral\" \/>\n<meta name=\"twitter:card\" content=\"summary_large_image\" \/>\n<meta name=\"twitter:label1\" content=\"Escrito por\" \/>\n\t<meta name=\"twitter:data1\" content=\"Reda\u00e7\u00e3o TV Litoral\" \/>\n\t<meta name=\"twitter:label2\" content=\"Est. tempo de leitura\" \/>\n\t<meta name=\"twitter:data2\" content=\"3 minutos\" \/>\n<script type=\"application\/ld+json\" class=\"yoast-schema-graph\">{\"@context\":\"https:\\\/\\\/schema.org\",\"@graph\":[{\"@type\":\"Article\",\"@id\":\"https:\\\/\\\/redelitoralrs.com\\\/index.php\\\/2026\\\/04\\\/30\\\/israel-intercepta-flotilha-com-destino-a-gaza-e-detem-mais-de-170-ativistas-em-aguas-proximas-a-grecia\\\/#article\",\"isPartOf\":{\"@id\":\"https:\\\/\\\/redelitoralrs.com\\\/index.php\\\/2026\\\/04\\\/30\\\/israel-intercepta-flotilha-com-destino-a-gaza-e-detem-mais-de-170-ativistas-em-aguas-proximas-a-grecia\\\/\"},\"author\":{\"name\":\"Reda\u00e7\u00e3o TV Litoral\",\"@id\":\"https:\\\/\\\/redelitoralrs.com\\\/#\\\/schema\\\/person\\\/9f8181f2a7359dd3986f05ebaf5bd68a\"},\"headline\":\"Israel intercepta flotilha com destino a Gaza e det\u00e9m mais de 170 ativistas em \u00e1guas pr\u00f3ximas \u00e0 Gr\u00e9cia\",\"datePublished\":\"2026-04-30T18:42:49+00:00\",\"dateModified\":\"2026-04-30T18:42:50+00:00\",\"mainEntityOfPage\":{\"@id\":\"https:\\\/\\\/redelitoralrs.com\\\/index.php\\\/2026\\\/04\\\/30\\\/israel-intercepta-flotilha-com-destino-a-gaza-e-detem-mais-de-170-ativistas-em-aguas-proximas-a-grecia\\\/\"},\"wordCount\":438,\"commentCount\":0,\"publisher\":{\"@id\":\"https:\\\/\\\/redelitoralrs.com\\\/#organization\"},\"image\":{\"@id\":\"https:\\\/\\\/redelitoralrs.com\\\/index.php\\\/2026\\\/04\\\/30\\\/israel-intercepta-flotilha-com-destino-a-gaza-e-detem-mais-de-170-ativistas-em-aguas-proximas-a-grecia\\\/#primaryimage\"},\"thumbnailUrl\":\"https:\\\/\\\/redelitoralrs.com\\\/wp-content\\\/uploads\\\/2026\\\/04\\\/flotilha-gaza.webp\",\"articleSection\":[\"Mundo\",\"\u00daltimas not\u00edcias\"],\"inLanguage\":\"pt-BR\",\"potentialAction\":[{\"@type\":\"CommentAction\",\"name\":\"Comment\",\"target\":[\"https:\\\/\\\/redelitoralrs.com\\\/index.php\\\/2026\\\/04\\\/30\\\/israel-intercepta-flotilha-com-destino-a-gaza-e-detem-mais-de-170-ativistas-em-aguas-proximas-a-grecia\\\/#respond\"]}]},{\"@type\":\"WebPage\",\"@id\":\"https:\\\/\\\/redelitoralrs.com\\\/index.php\\\/2026\\\/04\\\/30\\\/israel-intercepta-flotilha-com-destino-a-gaza-e-detem-mais-de-170-ativistas-em-aguas-proximas-a-grecia\\\/\",\"url\":\"https:\\\/\\\/redelitoralrs.com\\\/index.php\\\/2026\\\/04\\\/30\\\/israel-intercepta-flotilha-com-destino-a-gaza-e-detem-mais-de-170-ativistas-em-aguas-proximas-a-grecia\\\/\",\"name\":\"Israel intercepta flotilha com destino a Gaza e det\u00e9m mais de 170 ativistas em \u00e1guas pr\u00f3ximas \u00e0 Gr\u00e9cia - Rede Litoral RS\",\"isPartOf\":{\"@id\":\"https:\\\/\\\/redelitoralrs.com\\\/#website\"},\"primaryImageOfPage\":{\"@id\":\"https:\\\/\\\/redelitoralrs.com\\\/index.php\\\/2026\\\/04\\\/30\\\/israel-intercepta-flotilha-com-destino-a-gaza-e-detem-mais-de-170-ativistas-em-aguas-proximas-a-grecia\\\/#primaryimage\"},\"image\":{\"@id\":\"https:\\\/\\\/redelitoralrs.com\\\/index.php\\\/2026\\\/04\\\/30\\\/israel-intercepta-flotilha-com-destino-a-gaza-e-detem-mais-de-170-ativistas-em-aguas-proximas-a-grecia\\\/#primaryimage\"},\"thumbnailUrl\":\"https:\\\/\\\/redelitoralrs.com\\\/wp-content\\\/uploads\\\/2026\\\/04\\\/flotilha-gaza.webp\",\"datePublished\":\"2026-04-30T18:42:49+00:00\",\"dateModified\":\"2026-04-30T18:42:50+00:00\",\"breadcrumb\":{\"@id\":\"https:\\\/\\\/redelitoralrs.com\\\/index.php\\\/2026\\\/04\\\/30\\\/israel-intercepta-flotilha-com-destino-a-gaza-e-detem-mais-de-170-ativistas-em-aguas-proximas-a-grecia\\\/#breadcrumb\"},\"inLanguage\":\"pt-BR\",\"potentialAction\":[{\"@type\":\"ReadAction\",\"target\":[\"https:\\\/\\\/redelitoralrs.com\\\/index.php\\\/2026\\\/04\\\/30\\\/israel-intercepta-flotilha-com-destino-a-gaza-e-detem-mais-de-170-ativistas-em-aguas-proximas-a-grecia\\\/\"]}]},{\"@type\":\"ImageObject\",\"inLanguage\":\"pt-BR\",\"@id\":\"https:\\\/\\\/redelitoralrs.com\\\/index.php\\\/2026\\\/04\\\/30\\\/israel-intercepta-flotilha-com-destino-a-gaza-e-detem-mais-de-170-ativistas-em-aguas-proximas-a-grecia\\\/#primaryimage\",\"url\":\"https:\\\/\\\/redelitoralrs.com\\\/wp-content\\\/uploads\\\/2026\\\/04\\\/flotilha-gaza.webp\",\"contentUrl\":\"https:\\\/\\\/redelitoralrs.com\\\/wp-content\\\/uploads\\\/2026\\\/04\\\/flotilha-gaza.webp\",\"width\":1170,\"height\":700,\"caption\":\"Foto: Reprodu\u00e7\u00e3o\\\/Global Sumud Flotilla\"},{\"@type\":\"BreadcrumbList\",\"@id\":\"https:\\\/\\\/redelitoralrs.com\\\/index.php\\\/2026\\\/04\\\/30\\\/israel-intercepta-flotilha-com-destino-a-gaza-e-detem-mais-de-170-ativistas-em-aguas-proximas-a-grecia\\\/#breadcrumb\",\"itemListElement\":[{\"@type\":\"ListItem\",\"position\":1,\"name\":\"In\u00edcio\",\"item\":\"https:\\\/\\\/redelitoralrs.com\\\/\"},{\"@type\":\"ListItem\",\"position\":2,\"name\":\"Israel intercepta flotilha com destino a Gaza e det\u00e9m mais de 170 ativistas em \u00e1guas pr\u00f3ximas \u00e0 Gr\u00e9cia\"}]},{\"@type\":\"WebSite\",\"@id\":\"https:\\\/\\\/redelitoralrs.com\\\/#website\",\"url\":\"https:\\\/\\\/redelitoralrs.com\\\/\",\"name\":\"TV Litoral\",\"description\":\"Acompanhe tudo do litoral ga\u00facho com a cobertura completa e atualizada da Rede Litoral RS. Nossos jornalistas trazem as \u00faltimas not\u00edcias, os acontecimentos mais quentes e as hist\u00f3rias que importam sobre nosso amado litoral.\",\"publisher\":{\"@id\":\"https:\\\/\\\/redelitoralrs.com\\\/#organization\"},\"potentialAction\":[{\"@type\":\"SearchAction\",\"target\":{\"@type\":\"EntryPoint\",\"urlTemplate\":\"https:\\\/\\\/redelitoralrs.com\\\/?s={search_term_string}\"},\"query-input\":{\"@type\":\"PropertyValueSpecification\",\"valueRequired\":true,\"valueName\":\"search_term_string\"}}],\"inLanguage\":\"pt-BR\"},{\"@type\":\"Organization\",\"@id\":\"https:\\\/\\\/redelitoralrs.com\\\/#organization\",\"name\":\"TV Litoral\",\"url\":\"https:\\\/\\\/redelitoralrs.com\\\/\",\"logo\":{\"@type\":\"ImageObject\",\"inLanguage\":\"pt-BR\",\"@id\":\"https:\\\/\\\/redelitoralrs.com\\\/#\\\/schema\\\/logo\\\/image\\\/\",\"url\":\"https:\\\/\\\/redelitoralrs.com\\\/wp-content\\\/uploads\\\/2024\\\/01\\\/faviconicon-1-1.png\",\"contentUrl\":\"https:\\\/\\\/redelitoralrs.com\\\/wp-content\\\/uploads\\\/2024\\\/01\\\/faviconicon-1-1.png\",\"width\":454,\"height\":454,\"caption\":\"TV Litoral\"},\"image\":{\"@id\":\"https:\\\/\\\/redelitoralrs.com\\\/#\\\/schema\\\/logo\\\/image\\\/\"},\"sameAs\":[\"https:\\\/\\\/www.facebook.com\\\/tvlitoralrsoficial\",\"https:\\\/\\\/www.instagram.com\\\/tvlitoral.rs\"]},{\"@type\":\"Person\",\"@id\":\"https:\\\/\\\/redelitoralrs.com\\\/#\\\/schema\\\/person\\\/9f8181f2a7359dd3986f05ebaf5bd68a\",\"name\":\"Reda\u00e7\u00e3o TV Litoral\",\"image\":{\"@type\":\"ImageObject\",\"inLanguage\":\"pt-BR\",\"@id\":\"https:\\\/\\\/redelitoralrs.com\\\/wp-content\\\/litespeed\\\/avatar\\\/779aafbb45e66c7f82733e21abb48259.jpg?ver=1777561602\",\"url\":\"https:\\\/\\\/redelitoralrs.com\\\/wp-content\\\/litespeed\\\/avatar\\\/779aafbb45e66c7f82733e21abb48259.jpg?ver=1777561602\",\"contentUrl\":\"https:\\\/\\\/redelitoralrs.com\\\/wp-content\\\/litespeed\\\/avatar\\\/779aafbb45e66c7f82733e21abb48259.jpg?ver=1777561602\",\"caption\":\"Reda\u00e7\u00e3o TV Litoral\"},\"description\":\"A Rede Litoral de Comunica\u00e7\u00e3o \u00e9 um grupo de m\u00eddia multiplataforma do Litoral Norte do RS. Com atua\u00e7\u00e3o em TV, r\u00e1dio, portal e redes sociais, levamos informa\u00e7\u00e3o, conte\u00fado e entretenimento \u00e0 comunidade, fortalecendo a comunica\u00e7\u00e3o local e impulsionando o desenvolvimento regional. Acompanhe atrav\u00e9s de @redelitoralrs.\",\"sameAs\":[\"https:\\\/\\\/redelitoralrs.com\",\"https:\\\/\\\/www.instagram.com\\\/redelitoralrs\",\"https:\\\/\\\/www.youtube.com\\\/@redelitoralrs\"],\"url\":\"https:\\\/\\\/redelitoralrs.com\\\/index.php\\\/author\\\/redacaotvlitoral\\\/\"}]}<\/script>\n<!-- \/ Yoast SEO plugin. -->","yoast_head_json":{"title":"Israel intercepta flotilha com destino a Gaza e det\u00e9m mais de 170 ativistas em \u00e1guas pr\u00f3ximas \u00e0 Gr\u00e9cia - Rede Litoral RS","robots":{"index":"index","follow":"follow","max-snippet":"max-snippet:-1","max-image-preview":"max-image-preview:large","max-video-preview":"max-video-preview:-1"},"canonical":"https:\/\/redelitoralrs.com\/index.php\/2026\/04\/30\/israel-intercepta-flotilha-com-destino-a-gaza-e-detem-mais-de-170-ativistas-em-aguas-proximas-a-grecia\/","og_locale":"pt_BR","og_type":"article","og_title":"Israel intercepta flotilha com destino a Gaza e det\u00e9m mais de 170 ativistas em \u00e1guas pr\u00f3ximas \u00e0 Gr\u00e9cia - Rede Litoral RS","og_description":"Uma opera\u00e7\u00e3o militar de Israel resultou na intercepta\u00e7\u00e3o de uma flotilha humanit\u00e1ria que seguia em dire\u00e7\u00e3o \u00e0 Faixa de Gaza, com a deten\u00e7\u00e3o de ao menos 175 ativistas. A a\u00e7\u00e3o ocorreu nesta quinta-feira (30), em \u00e1guas pr\u00f3ximas \u00e0 Gr\u00e9cia, segundo informa\u00e7\u00f5es divulgadas pelo governo israelense. De acordo com o Minist\u00e9rio das Rela\u00e7\u00f5es Exteriores israelense, cerca [&hellip;]","og_url":"https:\/\/redelitoralrs.com\/index.php\/2026\/04\/30\/israel-intercepta-flotilha-com-destino-a-gaza-e-detem-mais-de-170-ativistas-em-aguas-proximas-a-grecia\/","og_site_name":"Rede Litoral RS","article_publisher":"https:\/\/www.facebook.com\/tvlitoralrsoficial","article_published_time":"2026-04-30T18:42:49+00:00","article_modified_time":"2026-04-30T18:42:50+00:00","og_image":[{"width":1170,"height":700,"url":"https:\/\/redelitoralrs.com\/wp-content\/uploads\/2026\/04\/flotilha-gaza.webp","type":"image\/webp"}],"author":"Reda\u00e7\u00e3o TV Litoral","twitter_card":"summary_large_image","twitter_misc":{"Escrito por":"Reda\u00e7\u00e3o TV Litoral","Est. tempo de leitura":"3 minutos"},"schema":{"@context":"https:\/\/schema.org","@graph":[{"@type":"Article","@id":"https:\/\/redelitoralrs.com\/index.php\/2026\/04\/30\/israel-intercepta-flotilha-com-destino-a-gaza-e-detem-mais-de-170-ativistas-em-aguas-proximas-a-grecia\/#article","isPartOf":{"@id":"https:\/\/redelitoralrs.com\/index.php\/2026\/04\/30\/israel-intercepta-flotilha-com-destino-a-gaza-e-detem-mais-de-170-ativistas-em-aguas-proximas-a-grecia\/"},"author":{"name":"Reda\u00e7\u00e3o TV Litoral","@id":"https:\/\/redelitoralrs.com\/#\/schema\/person\/9f8181f2a7359dd3986f05ebaf5bd68a"},"headline":"Israel intercepta flotilha com destino a Gaza e det\u00e9m mais de 170 ativistas em \u00e1guas pr\u00f3ximas \u00e0 Gr\u00e9cia","datePublished":"2026-04-30T18:42:49+00:00","dateModified":"2026-04-30T18:42:50+00:00","mainEntityOfPage":{"@id":"https:\/\/redelitoralrs.com\/index.php\/2026\/04\/30\/israel-intercepta-flotilha-com-destino-a-gaza-e-detem-mais-de-170-ativistas-em-aguas-proximas-a-grecia\/"},"wordCount":438,"commentCount":0,"publisher":{"@id":"https:\/\/redelitoralrs.com\/#organization"},"image":{"@id":"https:\/\/redelitoralrs.com\/index.php\/2026\/04\/30\/israel-intercepta-flotilha-com-destino-a-gaza-e-detem-mais-de-170-ativistas-em-aguas-proximas-a-grecia\/#primaryimage"},"thumbnailUrl":"https:\/\/redelitoralrs.com\/wp-content\/uploads\/2026\/04\/flotilha-gaza.webp","articleSection":["Mundo","\u00daltimas not\u00edcias"],"inLanguage":"pt-BR","potentialAction":[{"@type":"CommentAction","name":"Comment","target":["https:\/\/redelitoralrs.com\/index.php\/2026\/04\/30\/israel-intercepta-flotilha-com-destino-a-gaza-e-detem-mais-de-170-ativistas-em-aguas-proximas-a-grecia\/#respond"]}]},{"@type":"WebPage","@id":"https:\/\/redelitoralrs.com\/index.php\/2026\/04\/30\/israel-intercepta-flotilha-com-destino-a-gaza-e-detem-mais-de-170-ativistas-em-aguas-proximas-a-grecia\/","url":"https:\/\/redelitoralrs.com\/index.php\/2026\/04\/30\/israel-intercepta-flotilha-com-destino-a-gaza-e-detem-mais-de-170-ativistas-em-aguas-proximas-a-grecia\/","name":"Israel intercepta flotilha com destino a Gaza e det\u00e9m mais de 170 ativistas em \u00e1guas pr\u00f3ximas \u00e0 Gr\u00e9cia - Rede Litoral RS","isPartOf":{"@id":"https:\/\/redelitoralrs.com\/#website"},"primaryImageOfPage":{"@id":"https:\/\/redelitoralrs.com\/index.php\/2026\/04\/30\/israel-intercepta-flotilha-com-destino-a-gaza-e-detem-mais-de-170-ativistas-em-aguas-proximas-a-grecia\/#primaryimage"},"image":{"@id":"https:\/\/redelitoralrs.com\/index.php\/2026\/04\/30\/israel-intercepta-flotilha-com-destino-a-gaza-e-detem-mais-de-170-ativistas-em-aguas-proximas-a-grecia\/#primaryimage"},"thumbnailUrl":"https:\/\/redelitoralrs.com\/wp-content\/uploads\/2026\/04\/flotilha-gaza.webp","datePublished":"2026-04-30T18:42:49+00:00","dateModified":"2026-04-30T18:42:50+00:00","breadcrumb":{"@id":"https:\/\/redelitoralrs.com\/index.php\/2026\/04\/30\/israel-intercepta-flotilha-com-destino-a-gaza-e-detem-mais-de-170-ativistas-em-aguas-proximas-a-grecia\/#breadcrumb"},"inLanguage":"pt-BR","potentialAction":[{"@type":"ReadAction","target":["https:\/\/redelitoralrs.com\/index.php\/2026\/04\/30\/israel-intercepta-flotilha-com-destino-a-gaza-e-detem-mais-de-170-ativistas-em-aguas-proximas-a-grecia\/"]}]},{"@type":"ImageObject","inLanguage":"pt-BR","@id":"https:\/\/redelitoralrs.com\/index.php\/2026\/04\/30\/israel-intercepta-flotilha-com-destino-a-gaza-e-detem-mais-de-170-ativistas-em-aguas-proximas-a-grecia\/#primaryimage","url":"https:\/\/redelitoralrs.com\/wp-content\/uploads\/2026\/04\/flotilha-gaza.webp","contentUrl":"https:\/\/redelitoralrs.com\/wp-content\/uploads\/2026\/04\/flotilha-gaza.webp","width":1170,"height":700,"caption":"Foto: Reprodu\u00e7\u00e3o\/Global Sumud Flotilla"},{"@type":"BreadcrumbList","@id":"https:\/\/redelitoralrs.com\/index.php\/2026\/04\/30\/israel-intercepta-flotilha-com-destino-a-gaza-e-detem-mais-de-170-ativistas-em-aguas-proximas-a-grecia\/#breadcrumb","itemListElement":[{"@type":"ListItem","position":1,"name":"In\u00edcio","item":"https:\/\/redelitoralrs.com\/"},{"@type":"ListItem","position":2,"name":"Israel intercepta flotilha com destino a Gaza e det\u00e9m mais de 170 ativistas em \u00e1guas pr\u00f3ximas \u00e0 Gr\u00e9cia"}]},{"@type":"WebSite","@id":"https:\/\/redelitoralrs.com\/#website","url":"https:\/\/redelitoralrs.com\/","name":"TV Litoral","description":"Acompanhe tudo do litoral ga\u00facho com a cobertura completa e atualizada da Rede Litoral RS. Nossos jornalistas trazem as \u00faltimas not\u00edcias, os acontecimentos mais quentes e as hist\u00f3rias que importam sobre nosso amado litoral.","publisher":{"@id":"https:\/\/redelitoralrs.com\/#organization"},"potentialAction":[{"@type":"SearchAction","target":{"@type":"EntryPoint","urlTemplate":"https:\/\/redelitoralrs.com\/?s={search_term_string}"},"query-input":{"@type":"PropertyValueSpecification","valueRequired":true,"valueName":"search_term_string"}}],"inLanguage":"pt-BR"},{"@type":"Organization","@id":"https:\/\/redelitoralrs.com\/#organization","name":"TV Litoral","url":"https:\/\/redelitoralrs.com\/","logo":{"@type":"ImageObject","inLanguage":"pt-BR","@id":"https:\/\/redelitoralrs.com\/#\/schema\/logo\/image\/","url":"https:\/\/redelitoralrs.com\/wp-content\/uploads\/2024\/01\/faviconicon-1-1.png","contentUrl":"https:\/\/redelitoralrs.com\/wp-content\/uploads\/2024\/01\/faviconicon-1-1.png","width":454,"height":454,"caption":"TV Litoral"},"image":{"@id":"https:\/\/redelitoralrs.com\/#\/schema\/logo\/image\/"},"sameAs":["https:\/\/www.facebook.com\/tvlitoralrsoficial","https:\/\/www.instagram.com\/tvlitoral.rs"]},{"@type":"Person","@id":"https:\/\/redelitoralrs.com\/#\/schema\/person\/9f8181f2a7359dd3986f05ebaf5bd68a","name":"Reda\u00e7\u00e3o TV Litoral","image":{"@type":"ImageObject","inLanguage":"pt-BR","@id":"https:\/\/redelitoralrs.com\/wp-content\/litespeed\/avatar\/779aafbb45e66c7f82733e21abb48259.jpg?ver=1777561602","url":"https:\/\/redelitoralrs.com\/wp-content\/litespeed\/avatar\/779aafbb45e66c7f82733e21abb48259.jpg?ver=1777561602","contentUrl":"https:\/\/redelitoralrs.com\/wp-content\/litespeed\/avatar\/779aafbb45e66c7f82733e21abb48259.jpg?ver=1777561602","caption":"Reda\u00e7\u00e3o TV Litoral"},"description":"A Rede Litoral de Comunica\u00e7\u00e3o \u00e9 um grupo de m\u00eddia multiplataforma do Litoral Norte do RS. Com atua\u00e7\u00e3o em TV, r\u00e1dio, portal e redes sociais, levamos informa\u00e7\u00e3o, conte\u00fado e entretenimento \u00e0 comunidade, fortalecendo a comunica\u00e7\u00e3o local e impulsionando o desenvolvimento regional. Acompanhe atrav\u00e9s de @redelitoralrs.","sameAs":["https:\/\/redelitoralrs.com","https:\/\/www.instagram.com\/redelitoralrs","https:\/\/www.youtube.com\/@redelitoralrs"],"url":"https:\/\/redelitoralrs.com\/index.php\/author\/redacaotvlitoral\/"}]}},"_links":{"self":[{"href":"https:\/\/redelitoralrs.com\/index.php\/wp-json\/wp\/v2\/posts\/24892","targetHints":{"allow":["GET"]}}],"collection":[{"href":"https:\/\/redelitoralrs.com\/index.php\/wp-json\/wp\/v2\/posts"}],"about":[{"href":"https:\/\/redelitoralrs.com\/index.php\/wp-json\/wp\/v2\/types\/post"}],"author":[{"embeddable":true,"href":"https:\/\/redelitoralrs.com\/index.php\/wp-json\/wp\/v2\/users\/2"}],"replies":[{"embeddable":true,"href":"https:\/\/redelitoralrs.com\/index.php\/wp-json\/wp\/v2\/comments?post=24892"}],"version-history":[{"count":1,"href":"https:\/\/redelitoralrs.com\/index.php\/wp-json\/wp\/v2\/posts\/24892\/revisions"}],"predecessor-version":[{"id":24894,"href":"https:\/\/redelitoralrs.com\/index.php\/wp-json\/wp\/v2\/posts\/24892\/revisions\/24894"}],"wp:featuredmedia":[{"embeddable":true,"href":"https:\/\/redelitoralrs.com\/index.php\/wp-json\/wp\/v2\/media\/24893"}],"wp:attachment":[{"href":"https:\/\/redelitoralrs.com\/index.php\/wp-json\/wp\/v2\/media?parent=24892"}],"wp:term":[{"taxonomy":"category","embeddable":true,"href":"https:\/\/redelitoralrs.com\/index.php\/wp-json\/wp\/v2\/categories?post=24892"},{"taxonomy":"post_tag","embeddable":true,"href":"https:\/\/redelitoralrs.com\/index.php\/wp-json\/wp\/v2\/tags?post=24892"}],"curies":[{"name":"wp","href":"https:\/\/api.w.org\/{rel}","templated":true}]}}