{"id":24889,"date":"2026-04-30T15:36:25","date_gmt":"2026-04-30T18:36:25","guid":{"rendered":"https:\/\/redelitoralrs.com\/?p=24889"},"modified":"2026-04-30T15:36:26","modified_gmt":"2026-04-30T18:36:26","slug":"amazonas-se-torna-o-primeiro-estado-do-pais-a-universalizar-sinal-de-tv-publica-digital","status":"publish","type":"post","link":"https:\/\/redelitoralrs.com\/index.php\/2026\/04\/30\/amazonas-se-torna-o-primeiro-estado-do-pais-a-universalizar-sinal-de-tv-publica-digital\/","title":{"rendered":"Amazonas se torna o primeiro estado do pa\u00eds a universalizar sinal de TV p\u00fablica digital"},"content":{"rendered":"\n<p>O Amazonas passou a contar com sinal de TV p\u00fablica digital em todos os seus 62 munic\u00edpios, tornando-se o primeiro estado brasileiro a alcan\u00e7ar a universaliza\u00e7\u00e3o desse tipo de servi\u00e7o. A amplia\u00e7\u00e3o foi conclu\u00edda nesta quarta-feira (29), com a inaugura\u00e7\u00e3o de novas esta\u00e7\u00f5es em cidades do interior.<\/p>\n\n\n\n<p>A iniciativa \u00e9 coordenada pelo Minist\u00e9rio das Comunica\u00e7\u00f5es, em parceria com a Ag\u00eancia Nacional de Telecomunica\u00e7\u00f5es, e contou com investimentos de aproximadamente R$ 200 milh\u00f5es. Com isso, cerca de 4,3 milh\u00f5es de habitantes passam a ter acesso gratuito a canais p\u00fablicos com qualidade digital.<\/p>\n\n\n\n<p>A expans\u00e3o inclui a disponibiliza\u00e7\u00e3o de conte\u00fados da Rede Nacional de Comunica\u00e7\u00e3o P\u00fablica, que re\u00fane emissoras como a Empresa Brasil de Comunica\u00e7\u00e3o, respons\u00e1vel pela TV Brasil, Canal Gov e Canal Educa\u00e7\u00e3o. Tamb\u00e9m integram a programa\u00e7\u00e3o a TV Encontro das \u00c1guas, o Canal Sa\u00fade e emissoras legislativas, como TV C\u00e2mara, TV Senado e TV Assembleia.<\/p>\n\n\n\n<p>A medida amplia o acesso \u00e0 informa\u00e7\u00e3o, educa\u00e7\u00e3o e conte\u00fados culturais, especialmente em regi\u00f5es mais afastadas, onde a cobertura de servi\u00e7os de comunica\u00e7\u00e3o \u00e9 historicamente limitada. Al\u00e9m disso, a multiprograma\u00e7\u00e3o permite maior diversidade de conte\u00fados dispon\u00edveis \u00e0 popula\u00e7\u00e3o.<\/p>\n\n\n\n<p>Segundo o governo federal, a iniciativa integra uma estrat\u00e9gia mais ampla de expans\u00e3o da conectividade e inclus\u00e3o digital no pa\u00eds, com foco na democratiza\u00e7\u00e3o do acesso \u00e0 informa\u00e7\u00e3o e no fortalecimento da comunica\u00e7\u00e3o p\u00fablica em \u00e1reas remotas.<\/p>\n","protected":false},"excerpt":{"rendered":"<p>O Amazonas passou a contar com sinal de TV p\u00fablica digital em todos os seus 62 munic\u00edpios, tornando-se o primeiro estado brasileiro a alcan\u00e7ar a universaliza\u00e7\u00e3o desse tipo de servi\u00e7o. A amplia\u00e7\u00e3o foi conclu\u00edda nesta quarta-feira (29), com a inaugura\u00e7\u00e3o de novas esta\u00e7\u00f5es em cidades do interior. A iniciativa \u00e9 coordenada pelo Minist\u00e9rio das Comunica\u00e7\u00f5es, [&hellip;]<\/p>\n","protected":false},"author":2,"featured_media":24890,"comment_status":"open","ping_status":"open","sticky":false,"template":"","format":"standard","meta":{"_themeisle_gutenberg_block_has_review":false,"footnotes":""},"categories":[246,15],"tags":[],"class_list":["post-24889","post","type-post","status-publish","format-standard","has-post-thumbnail","hentry","category-brasil","category-noticias"],"yoast_head":"<!-- This site is optimized with the Yoast SEO plugin v27.4 - https:\/\/yoast.com\/product\/yoast-seo-wordpress\/ -->\n<title>Amazonas se torna o primeiro estado do pa\u00eds a universalizar sinal de TV p\u00fablica digital - Rede Litoral RS<\/title>\n<meta name=\"robots\" content=\"index, follow, max-snippet:-1, max-image-preview:large, max-video-preview:-1\" \/>\n<link rel=\"canonical\" href=\"https:\/\/redelitoralrs.com\/index.php\/2026\/04\/30\/amazonas-se-torna-o-primeiro-estado-do-pais-a-universalizar-sinal-de-tv-publica-digital\/\" \/>\n<meta property=\"og:locale\" content=\"pt_BR\" \/>\n<meta property=\"og:type\" content=\"article\" \/>\n<meta property=\"og:title\" content=\"Amazonas se torna o primeiro estado do pa\u00eds a universalizar sinal de TV p\u00fablica digital - Rede Litoral RS\" \/>\n<meta property=\"og:description\" content=\"O Amazonas passou a contar com sinal de TV p\u00fablica digital em todos os seus 62 munic\u00edpios, tornando-se o primeiro estado brasileiro a alcan\u00e7ar a universaliza\u00e7\u00e3o desse tipo de servi\u00e7o. A amplia\u00e7\u00e3o foi conclu\u00edda nesta quarta-feira (29), com a inaugura\u00e7\u00e3o de novas esta\u00e7\u00f5es em cidades do interior. A iniciativa \u00e9 coordenada pelo Minist\u00e9rio das Comunica\u00e7\u00f5es, [&hellip;]\" \/>\n<meta property=\"og:url\" content=\"https:\/\/redelitoralrs.com\/index.php\/2026\/04\/30\/amazonas-se-torna-o-primeiro-estado-do-pais-a-universalizar-sinal-de-tv-publica-digital\/\" \/>\n<meta property=\"og:site_name\" content=\"Rede Litoral RS\" \/>\n<meta property=\"article:publisher\" content=\"https:\/\/www.facebook.com\/tvlitoralrsoficial\" \/>\n<meta property=\"article:published_time\" content=\"2026-04-30T18:36:25+00:00\" \/>\n<meta property=\"article:modified_time\" content=\"2026-04-30T18:36:26+00:00\" \/>\n<meta property=\"og:image\" content=\"https:\/\/redelitoralrs.com\/wp-content\/uploads\/2026\/04\/tv002.webp\" \/>\n\t<meta property=\"og:image:width\" content=\"1170\" \/>\n\t<meta property=\"og:image:height\" content=\"700\" \/>\n\t<meta property=\"og:image:type\" content=\"image\/webp\" \/>\n<meta name=\"author\" content=\"Reda\u00e7\u00e3o TV Litoral\" \/>\n<meta name=\"twitter:card\" content=\"summary_large_image\" \/>\n<meta name=\"twitter:label1\" content=\"Escrito por\" \/>\n\t<meta name=\"twitter:data1\" content=\"Reda\u00e7\u00e3o TV Litoral\" \/>\n\t<meta name=\"twitter:label2\" content=\"Est. tempo de leitura\" \/>\n\t<meta name=\"twitter:data2\" content=\"2 minutos\" \/>\n<script type=\"application\/ld+json\" class=\"yoast-schema-graph\">{\"@context\":\"https:\\\/\\\/schema.org\",\"@graph\":[{\"@type\":\"Article\",\"@id\":\"https:\\\/\\\/redelitoralrs.com\\\/index.php\\\/2026\\\/04\\\/30\\\/amazonas-se-torna-o-primeiro-estado-do-pais-a-universalizar-sinal-de-tv-publica-digital\\\/#article\",\"isPartOf\":{\"@id\":\"https:\\\/\\\/redelitoralrs.com\\\/index.php\\\/2026\\\/04\\\/30\\\/amazonas-se-torna-o-primeiro-estado-do-pais-a-universalizar-sinal-de-tv-publica-digital\\\/\"},\"author\":{\"name\":\"Reda\u00e7\u00e3o TV Litoral\",\"@id\":\"https:\\\/\\\/redelitoralrs.com\\\/#\\\/schema\\\/person\\\/9f8181f2a7359dd3986f05ebaf5bd68a\"},\"headline\":\"Amazonas se torna o primeiro estado do pa\u00eds a universalizar sinal de TV p\u00fablica digital\",\"datePublished\":\"2026-04-30T18:36:25+00:00\",\"dateModified\":\"2026-04-30T18:36:26+00:00\",\"mainEntityOfPage\":{\"@id\":\"https:\\\/\\\/redelitoralrs.com\\\/index.php\\\/2026\\\/04\\\/30\\\/amazonas-se-torna-o-primeiro-estado-do-pais-a-universalizar-sinal-de-tv-publica-digital\\\/\"},\"wordCount\":276,\"commentCount\":0,\"publisher\":{\"@id\":\"https:\\\/\\\/redelitoralrs.com\\\/#organization\"},\"image\":{\"@id\":\"https:\\\/\\\/redelitoralrs.com\\\/index.php\\\/2026\\\/04\\\/30\\\/amazonas-se-torna-o-primeiro-estado-do-pais-a-universalizar-sinal-de-tv-publica-digital\\\/#primaryimage\"},\"thumbnailUrl\":\"https:\\\/\\\/redelitoralrs.com\\\/wp-content\\\/uploads\\\/2026\\\/04\\\/tv002.webp\",\"articleSection\":[\"Brasil\",\"\u00daltimas not\u00edcias\"],\"inLanguage\":\"pt-BR\",\"potentialAction\":[{\"@type\":\"CommentAction\",\"name\":\"Comment\",\"target\":[\"https:\\\/\\\/redelitoralrs.com\\\/index.php\\\/2026\\\/04\\\/30\\\/amazonas-se-torna-o-primeiro-estado-do-pais-a-universalizar-sinal-de-tv-publica-digital\\\/#respond\"]}]},{\"@type\":\"WebPage\",\"@id\":\"https:\\\/\\\/redelitoralrs.com\\\/index.php\\\/2026\\\/04\\\/30\\\/amazonas-se-torna-o-primeiro-estado-do-pais-a-universalizar-sinal-de-tv-publica-digital\\\/\",\"url\":\"https:\\\/\\\/redelitoralrs.com\\\/index.php\\\/2026\\\/04\\\/30\\\/amazonas-se-torna-o-primeiro-estado-do-pais-a-universalizar-sinal-de-tv-publica-digital\\\/\",\"name\":\"Amazonas se torna o primeiro estado do pa\u00eds a universalizar sinal de TV p\u00fablica digital - Rede Litoral RS\",\"isPartOf\":{\"@id\":\"https:\\\/\\\/redelitoralrs.com\\\/#website\"},\"primaryImageOfPage\":{\"@id\":\"https:\\\/\\\/redelitoralrs.com\\\/index.php\\\/2026\\\/04\\\/30\\\/amazonas-se-torna-o-primeiro-estado-do-pais-a-universalizar-sinal-de-tv-publica-digital\\\/#primaryimage\"},\"image\":{\"@id\":\"https:\\\/\\\/redelitoralrs.com\\\/index.php\\\/2026\\\/04\\\/30\\\/amazonas-se-torna-o-primeiro-estado-do-pais-a-universalizar-sinal-de-tv-publica-digital\\\/#primaryimage\"},\"thumbnailUrl\":\"https:\\\/\\\/redelitoralrs.com\\\/wp-content\\\/uploads\\\/2026\\\/04\\\/tv002.webp\",\"datePublished\":\"2026-04-30T18:36:25+00:00\",\"dateModified\":\"2026-04-30T18:36:26+00:00\",\"breadcrumb\":{\"@id\":\"https:\\\/\\\/redelitoralrs.com\\\/index.php\\\/2026\\\/04\\\/30\\\/amazonas-se-torna-o-primeiro-estado-do-pais-a-universalizar-sinal-de-tv-publica-digital\\\/#breadcrumb\"},\"inLanguage\":\"pt-BR\",\"potentialAction\":[{\"@type\":\"ReadAction\",\"target\":[\"https:\\\/\\\/redelitoralrs.com\\\/index.php\\\/2026\\\/04\\\/30\\\/amazonas-se-torna-o-primeiro-estado-do-pais-a-universalizar-sinal-de-tv-publica-digital\\\/\"]}]},{\"@type\":\"ImageObject\",\"inLanguage\":\"pt-BR\",\"@id\":\"https:\\\/\\\/redelitoralrs.com\\\/index.php\\\/2026\\\/04\\\/30\\\/amazonas-se-torna-o-primeiro-estado-do-pais-a-universalizar-sinal-de-tv-publica-digital\\\/#primaryimage\",\"url\":\"https:\\\/\\\/redelitoralrs.com\\\/wp-content\\\/uploads\\\/2026\\\/04\\\/tv002.webp\",\"contentUrl\":\"https:\\\/\\\/redelitoralrs.com\\\/wp-content\\\/uploads\\\/2026\\\/04\\\/tv002.webp\",\"width\":1170,\"height\":700,\"caption\":\"Foto: Reprodu\u00e7\u00e3o\\\/Ag\u00eancia Brasil\"},{\"@type\":\"BreadcrumbList\",\"@id\":\"https:\\\/\\\/redelitoralrs.com\\\/index.php\\\/2026\\\/04\\\/30\\\/amazonas-se-torna-o-primeiro-estado-do-pais-a-universalizar-sinal-de-tv-publica-digital\\\/#breadcrumb\",\"itemListElement\":[{\"@type\":\"ListItem\",\"position\":1,\"name\":\"In\u00edcio\",\"item\":\"https:\\\/\\\/redelitoralrs.com\\\/\"},{\"@type\":\"ListItem\",\"position\":2,\"name\":\"Amazonas se torna o primeiro estado do pa\u00eds a universalizar sinal de TV p\u00fablica digital\"}]},{\"@type\":\"WebSite\",\"@id\":\"https:\\\/\\\/redelitoralrs.com\\\/#website\",\"url\":\"https:\\\/\\\/redelitoralrs.com\\\/\",\"name\":\"TV Litoral\",\"description\":\"Acompanhe tudo do litoral ga\u00facho com a cobertura completa e atualizada da Rede Litoral RS. Nossos jornalistas trazem as \u00faltimas not\u00edcias, os acontecimentos mais quentes e as hist\u00f3rias que importam sobre nosso amado litoral.\",\"publisher\":{\"@id\":\"https:\\\/\\\/redelitoralrs.com\\\/#organization\"},\"potentialAction\":[{\"@type\":\"SearchAction\",\"target\":{\"@type\":\"EntryPoint\",\"urlTemplate\":\"https:\\\/\\\/redelitoralrs.com\\\/?s={search_term_string}\"},\"query-input\":{\"@type\":\"PropertyValueSpecification\",\"valueRequired\":true,\"valueName\":\"search_term_string\"}}],\"inLanguage\":\"pt-BR\"},{\"@type\":\"Organization\",\"@id\":\"https:\\\/\\\/redelitoralrs.com\\\/#organization\",\"name\":\"TV Litoral\",\"url\":\"https:\\\/\\\/redelitoralrs.com\\\/\",\"logo\":{\"@type\":\"ImageObject\",\"inLanguage\":\"pt-BR\",\"@id\":\"https:\\\/\\\/redelitoralrs.com\\\/#\\\/schema\\\/logo\\\/image\\\/\",\"url\":\"https:\\\/\\\/redelitoralrs.com\\\/wp-content\\\/uploads\\\/2024\\\/01\\\/faviconicon-1-1.png\",\"contentUrl\":\"https:\\\/\\\/redelitoralrs.com\\\/wp-content\\\/uploads\\\/2024\\\/01\\\/faviconicon-1-1.png\",\"width\":454,\"height\":454,\"caption\":\"TV Litoral\"},\"image\":{\"@id\":\"https:\\\/\\\/redelitoralrs.com\\\/#\\\/schema\\\/logo\\\/image\\\/\"},\"sameAs\":[\"https:\\\/\\\/www.facebook.com\\\/tvlitoralrsoficial\",\"https:\\\/\\\/www.instagram.com\\\/tvlitoral.rs\"]},{\"@type\":\"Person\",\"@id\":\"https:\\\/\\\/redelitoralrs.com\\\/#\\\/schema\\\/person\\\/9f8181f2a7359dd3986f05ebaf5bd68a\",\"name\":\"Reda\u00e7\u00e3o TV Litoral\",\"image\":{\"@type\":\"ImageObject\",\"inLanguage\":\"pt-BR\",\"@id\":\"https:\\\/\\\/redelitoralrs.com\\\/wp-content\\\/litespeed\\\/avatar\\\/779aafbb45e66c7f82733e21abb48259.jpg?ver=1777561602\",\"url\":\"https:\\\/\\\/redelitoralrs.com\\\/wp-content\\\/litespeed\\\/avatar\\\/779aafbb45e66c7f82733e21abb48259.jpg?ver=1777561602\",\"contentUrl\":\"https:\\\/\\\/redelitoralrs.com\\\/wp-content\\\/litespeed\\\/avatar\\\/779aafbb45e66c7f82733e21abb48259.jpg?ver=1777561602\",\"caption\":\"Reda\u00e7\u00e3o TV Litoral\"},\"description\":\"A Rede Litoral de Comunica\u00e7\u00e3o \u00e9 um grupo de m\u00eddia multiplataforma do Litoral Norte do RS. Com atua\u00e7\u00e3o em TV, r\u00e1dio, portal e redes sociais, levamos informa\u00e7\u00e3o, conte\u00fado e entretenimento \u00e0 comunidade, fortalecendo a comunica\u00e7\u00e3o local e impulsionando o desenvolvimento regional. Acompanhe atrav\u00e9s de @redelitoralrs.\",\"sameAs\":[\"https:\\\/\\\/redelitoralrs.com\",\"https:\\\/\\\/www.instagram.com\\\/redelitoralrs\",\"https:\\\/\\\/www.youtube.com\\\/@redelitoralrs\"],\"url\":\"https:\\\/\\\/redelitoralrs.com\\\/index.php\\\/author\\\/redacaotvlitoral\\\/\"}]}<\/script>\n<!-- \/ Yoast SEO plugin. -->","yoast_head_json":{"title":"Amazonas se torna o primeiro estado do pa\u00eds a universalizar sinal de TV p\u00fablica digital - Rede Litoral RS","robots":{"index":"index","follow":"follow","max-snippet":"max-snippet:-1","max-image-preview":"max-image-preview:large","max-video-preview":"max-video-preview:-1"},"canonical":"https:\/\/redelitoralrs.com\/index.php\/2026\/04\/30\/amazonas-se-torna-o-primeiro-estado-do-pais-a-universalizar-sinal-de-tv-publica-digital\/","og_locale":"pt_BR","og_type":"article","og_title":"Amazonas se torna o primeiro estado do pa\u00eds a universalizar sinal de TV p\u00fablica digital - Rede Litoral RS","og_description":"O Amazonas passou a contar com sinal de TV p\u00fablica digital em todos os seus 62 munic\u00edpios, tornando-se o primeiro estado brasileiro a alcan\u00e7ar a universaliza\u00e7\u00e3o desse tipo de servi\u00e7o. A amplia\u00e7\u00e3o foi conclu\u00edda nesta quarta-feira (29), com a inaugura\u00e7\u00e3o de novas esta\u00e7\u00f5es em cidades do interior. A iniciativa \u00e9 coordenada pelo Minist\u00e9rio das Comunica\u00e7\u00f5es, [&hellip;]","og_url":"https:\/\/redelitoralrs.com\/index.php\/2026\/04\/30\/amazonas-se-torna-o-primeiro-estado-do-pais-a-universalizar-sinal-de-tv-publica-digital\/","og_site_name":"Rede Litoral RS","article_publisher":"https:\/\/www.facebook.com\/tvlitoralrsoficial","article_published_time":"2026-04-30T18:36:25+00:00","article_modified_time":"2026-04-30T18:36:26+00:00","og_image":[{"width":1170,"height":700,"url":"https:\/\/redelitoralrs.com\/wp-content\/uploads\/2026\/04\/tv002.webp","type":"image\/webp"}],"author":"Reda\u00e7\u00e3o TV Litoral","twitter_card":"summary_large_image","twitter_misc":{"Escrito por":"Reda\u00e7\u00e3o TV Litoral","Est. tempo de leitura":"2 minutos"},"schema":{"@context":"https:\/\/schema.org","@graph":[{"@type":"Article","@id":"https:\/\/redelitoralrs.com\/index.php\/2026\/04\/30\/amazonas-se-torna-o-primeiro-estado-do-pais-a-universalizar-sinal-de-tv-publica-digital\/#article","isPartOf":{"@id":"https:\/\/redelitoralrs.com\/index.php\/2026\/04\/30\/amazonas-se-torna-o-primeiro-estado-do-pais-a-universalizar-sinal-de-tv-publica-digital\/"},"author":{"name":"Reda\u00e7\u00e3o TV Litoral","@id":"https:\/\/redelitoralrs.com\/#\/schema\/person\/9f8181f2a7359dd3986f05ebaf5bd68a"},"headline":"Amazonas se torna o primeiro estado do pa\u00eds a universalizar sinal de TV p\u00fablica digital","datePublished":"2026-04-30T18:36:25+00:00","dateModified":"2026-04-30T18:36:26+00:00","mainEntityOfPage":{"@id":"https:\/\/redelitoralrs.com\/index.php\/2026\/04\/30\/amazonas-se-torna-o-primeiro-estado-do-pais-a-universalizar-sinal-de-tv-publica-digital\/"},"wordCount":276,"commentCount":0,"publisher":{"@id":"https:\/\/redelitoralrs.com\/#organization"},"image":{"@id":"https:\/\/redelitoralrs.com\/index.php\/2026\/04\/30\/amazonas-se-torna-o-primeiro-estado-do-pais-a-universalizar-sinal-de-tv-publica-digital\/#primaryimage"},"thumbnailUrl":"https:\/\/redelitoralrs.com\/wp-content\/uploads\/2026\/04\/tv002.webp","articleSection":["Brasil","\u00daltimas not\u00edcias"],"inLanguage":"pt-BR","potentialAction":[{"@type":"CommentAction","name":"Comment","target":["https:\/\/redelitoralrs.com\/index.php\/2026\/04\/30\/amazonas-se-torna-o-primeiro-estado-do-pais-a-universalizar-sinal-de-tv-publica-digital\/#respond"]}]},{"@type":"WebPage","@id":"https:\/\/redelitoralrs.com\/index.php\/2026\/04\/30\/amazonas-se-torna-o-primeiro-estado-do-pais-a-universalizar-sinal-de-tv-publica-digital\/","url":"https:\/\/redelitoralrs.com\/index.php\/2026\/04\/30\/amazonas-se-torna-o-primeiro-estado-do-pais-a-universalizar-sinal-de-tv-publica-digital\/","name":"Amazonas se torna o primeiro estado do pa\u00eds a universalizar sinal de TV p\u00fablica digital - Rede Litoral RS","isPartOf":{"@id":"https:\/\/redelitoralrs.com\/#website"},"primaryImageOfPage":{"@id":"https:\/\/redelitoralrs.com\/index.php\/2026\/04\/30\/amazonas-se-torna-o-primeiro-estado-do-pais-a-universalizar-sinal-de-tv-publica-digital\/#primaryimage"},"image":{"@id":"https:\/\/redelitoralrs.com\/index.php\/2026\/04\/30\/amazonas-se-torna-o-primeiro-estado-do-pais-a-universalizar-sinal-de-tv-publica-digital\/#primaryimage"},"thumbnailUrl":"https:\/\/redelitoralrs.com\/wp-content\/uploads\/2026\/04\/tv002.webp","datePublished":"2026-04-30T18:36:25+00:00","dateModified":"2026-04-30T18:36:26+00:00","breadcrumb":{"@id":"https:\/\/redelitoralrs.com\/index.php\/2026\/04\/30\/amazonas-se-torna-o-primeiro-estado-do-pais-a-universalizar-sinal-de-tv-publica-digital\/#breadcrumb"},"inLanguage":"pt-BR","potentialAction":[{"@type":"ReadAction","target":["https:\/\/redelitoralrs.com\/index.php\/2026\/04\/30\/amazonas-se-torna-o-primeiro-estado-do-pais-a-universalizar-sinal-de-tv-publica-digital\/"]}]},{"@type":"ImageObject","inLanguage":"pt-BR","@id":"https:\/\/redelitoralrs.com\/index.php\/2026\/04\/30\/amazonas-se-torna-o-primeiro-estado-do-pais-a-universalizar-sinal-de-tv-publica-digital\/#primaryimage","url":"https:\/\/redelitoralrs.com\/wp-content\/uploads\/2026\/04\/tv002.webp","contentUrl":"https:\/\/redelitoralrs.com\/wp-content\/uploads\/2026\/04\/tv002.webp","width":1170,"height":700,"caption":"Foto: Reprodu\u00e7\u00e3o\/Ag\u00eancia Brasil"},{"@type":"BreadcrumbList","@id":"https:\/\/redelitoralrs.com\/index.php\/2026\/04\/30\/amazonas-se-torna-o-primeiro-estado-do-pais-a-universalizar-sinal-de-tv-publica-digital\/#breadcrumb","itemListElement":[{"@type":"ListItem","position":1,"name":"In\u00edcio","item":"https:\/\/redelitoralrs.com\/"},{"@type":"ListItem","position":2,"name":"Amazonas se torna o primeiro estado do pa\u00eds a universalizar sinal de TV p\u00fablica digital"}]},{"@type":"WebSite","@id":"https:\/\/redelitoralrs.com\/#website","url":"https:\/\/redelitoralrs.com\/","name":"TV Litoral","description":"Acompanhe tudo do litoral ga\u00facho com a cobertura completa e atualizada da Rede Litoral RS. Nossos jornalistas trazem as \u00faltimas not\u00edcias, os acontecimentos mais quentes e as hist\u00f3rias que importam sobre nosso amado litoral.","publisher":{"@id":"https:\/\/redelitoralrs.com\/#organization"},"potentialAction":[{"@type":"SearchAction","target":{"@type":"EntryPoint","urlTemplate":"https:\/\/redelitoralrs.com\/?s={search_term_string}"},"query-input":{"@type":"PropertyValueSpecification","valueRequired":true,"valueName":"search_term_string"}}],"inLanguage":"pt-BR"},{"@type":"Organization","@id":"https:\/\/redelitoralrs.com\/#organization","name":"TV Litoral","url":"https:\/\/redelitoralrs.com\/","logo":{"@type":"ImageObject","inLanguage":"pt-BR","@id":"https:\/\/redelitoralrs.com\/#\/schema\/logo\/image\/","url":"https:\/\/redelitoralrs.com\/wp-content\/uploads\/2024\/01\/faviconicon-1-1.png","contentUrl":"https:\/\/redelitoralrs.com\/wp-content\/uploads\/2024\/01\/faviconicon-1-1.png","width":454,"height":454,"caption":"TV Litoral"},"image":{"@id":"https:\/\/redelitoralrs.com\/#\/schema\/logo\/image\/"},"sameAs":["https:\/\/www.facebook.com\/tvlitoralrsoficial","https:\/\/www.instagram.com\/tvlitoral.rs"]},{"@type":"Person","@id":"https:\/\/redelitoralrs.com\/#\/schema\/person\/9f8181f2a7359dd3986f05ebaf5bd68a","name":"Reda\u00e7\u00e3o TV Litoral","image":{"@type":"ImageObject","inLanguage":"pt-BR","@id":"https:\/\/redelitoralrs.com\/wp-content\/litespeed\/avatar\/779aafbb45e66c7f82733e21abb48259.jpg?ver=1777561602","url":"https:\/\/redelitoralrs.com\/wp-content\/litespeed\/avatar\/779aafbb45e66c7f82733e21abb48259.jpg?ver=1777561602","contentUrl":"https:\/\/redelitoralrs.com\/wp-content\/litespeed\/avatar\/779aafbb45e66c7f82733e21abb48259.jpg?ver=1777561602","caption":"Reda\u00e7\u00e3o TV Litoral"},"description":"A Rede Litoral de Comunica\u00e7\u00e3o \u00e9 um grupo de m\u00eddia multiplataforma do Litoral Norte do RS. Com atua\u00e7\u00e3o em TV, r\u00e1dio, portal e redes sociais, levamos informa\u00e7\u00e3o, conte\u00fado e entretenimento \u00e0 comunidade, fortalecendo a comunica\u00e7\u00e3o local e impulsionando o desenvolvimento regional. Acompanhe atrav\u00e9s de @redelitoralrs.","sameAs":["https:\/\/redelitoralrs.com","https:\/\/www.instagram.com\/redelitoralrs","https:\/\/www.youtube.com\/@redelitoralrs"],"url":"https:\/\/redelitoralrs.com\/index.php\/author\/redacaotvlitoral\/"}]}},"_links":{"self":[{"href":"https:\/\/redelitoralrs.com\/index.php\/wp-json\/wp\/v2\/posts\/24889","targetHints":{"allow":["GET"]}}],"collection":[{"href":"https:\/\/redelitoralrs.com\/index.php\/wp-json\/wp\/v2\/posts"}],"about":[{"href":"https:\/\/redelitoralrs.com\/index.php\/wp-json\/wp\/v2\/types\/post"}],"author":[{"embeddable":true,"href":"https:\/\/redelitoralrs.com\/index.php\/wp-json\/wp\/v2\/users\/2"}],"replies":[{"embeddable":true,"href":"https:\/\/redelitoralrs.com\/index.php\/wp-json\/wp\/v2\/comments?post=24889"}],"version-history":[{"count":1,"href":"https:\/\/redelitoralrs.com\/index.php\/wp-json\/wp\/v2\/posts\/24889\/revisions"}],"predecessor-version":[{"id":24891,"href":"https:\/\/redelitoralrs.com\/index.php\/wp-json\/wp\/v2\/posts\/24889\/revisions\/24891"}],"wp:featuredmedia":[{"embeddable":true,"href":"https:\/\/redelitoralrs.com\/index.php\/wp-json\/wp\/v2\/media\/24890"}],"wp:attachment":[{"href":"https:\/\/redelitoralrs.com\/index.php\/wp-json\/wp\/v2\/media?parent=24889"}],"wp:term":[{"taxonomy":"category","embeddable":true,"href":"https:\/\/redelitoralrs.com\/index.php\/wp-json\/wp\/v2\/categories?post=24889"},{"taxonomy":"post_tag","embeddable":true,"href":"https:\/\/redelitoralrs.com\/index.php\/wp-json\/wp\/v2\/tags?post=24889"}],"curies":[{"name":"wp","href":"https:\/\/api.w.org\/{rel}","templated":true}]}}