{"id":24886,"date":"2026-04-30T15:34:16","date_gmt":"2026-04-30T18:34:16","guid":{"rendered":"https:\/\/redelitoralrs.com\/?p=24886"},"modified":"2026-04-30T15:34:17","modified_gmt":"2026-04-30T18:34:17","slug":"entrega-de-uniformes-da-rede-estadual-do-rs-deve-ser-concluida-ate-o-fim-de-maio","status":"publish","type":"post","link":"https:\/\/redelitoralrs.com\/index.php\/2026\/04\/30\/entrega-de-uniformes-da-rede-estadual-do-rs-deve-ser-concluida-ate-o-fim-de-maio\/","title":{"rendered":"Entrega de uniformes da rede estadual do RS deve ser conclu\u00edda at\u00e9 o fim de maio"},"content":{"rendered":"\n<p>A distribui\u00e7\u00e3o de uniformes escolares para alunos da rede estadual do Rio Grande do Sul deve ser finalizada at\u00e9 o final de maio, conforme previs\u00e3o da Secretaria da Educa\u00e7\u00e3o do Rio Grande do Sul. A entrega teve in\u00edcio no come\u00e7o de 2026 e inicialmente estava prevista para ser conclu\u00edda em mar\u00e7o.<\/p>\n\n\n\n<p>De acordo com a pasta, cerca de 90% das mais de 2,3 mil escolas estaduais j\u00e1 receberam os kits. No entanto, aproximadamente 216 institui\u00e7\u00f5es localizadas em Pelotas, Rio Grande e Bag\u00e9 ainda aguardam a entrega, o que representa cerca de 10% do total previsto. A secretaria informa que a distribui\u00e7\u00e3o nessas regi\u00f5es est\u00e1 em andamento.<\/p>\n\n\n\n<p>O atraso \u00e9 atribu\u00eddo \u00e0 complexidade log\u00edstica da opera\u00e7\u00e3o, que neste ano ocorre de forma unificada, com a entrega simult\u00e2nea de uniformes de ver\u00e3o e inverno para mais de 700 mil estudantes. Em anos anteriores, a distribui\u00e7\u00e3o era realizada em etapas separadas.<\/p>\n\n\n\n<p>Enquanto aguardam a chegada dos kits, algumas escolas t\u00eam adotado medidas alternativas, como a flexibiliza\u00e7\u00e3o do uso de uniforme, especialmente diante da queda nas temperaturas. A orienta\u00e7\u00e3o, nos casos em que os alunos ainda n\u00e3o receberam as pe\u00e7as ou n\u00e3o podem utilizar uniformes antigos, \u00e9 permitir o uso de roupas adequadas ao clima.<\/p>\n\n\n\n<p>A Seduc afirma que monitora o cumprimento dos prazos junto aos fornecedores e classifica o atraso como pontual.<\/p>\n","protected":false},"excerpt":{"rendered":"<p>A distribui\u00e7\u00e3o de uniformes escolares para alunos da rede estadual do Rio Grande do Sul deve ser finalizada at\u00e9 o final de maio, conforme previs\u00e3o da Secretaria da Educa\u00e7\u00e3o do Rio Grande do Sul. A entrega teve in\u00edcio no come\u00e7o de 2026 e inicialmente estava prevista para ser conclu\u00edda em mar\u00e7o. De acordo com a [&hellip;]<\/p>\n","protected":false},"author":2,"featured_media":24887,"comment_status":"open","ping_status":"open","sticky":false,"template":"","format":"standard","meta":{"_themeisle_gutenberg_block_has_review":false,"footnotes":""},"categories":[228,188,15],"tags":[],"class_list":["post-24886","post","type-post","status-publish","format-standard","has-post-thumbnail","hentry","category-educacao","category-rio-grande-do-sul","category-noticias"],"yoast_head":"<!-- This site is optimized with the Yoast SEO plugin v27.4 - https:\/\/yoast.com\/product\/yoast-seo-wordpress\/ -->\n<title>Entrega de uniformes da rede estadual do RS deve ser conclu\u00edda at\u00e9 o fim de maio - Rede Litoral RS<\/title>\n<meta name=\"robots\" content=\"index, follow, max-snippet:-1, max-image-preview:large, max-video-preview:-1\" \/>\n<link rel=\"canonical\" href=\"https:\/\/redelitoralrs.com\/index.php\/2026\/04\/30\/entrega-de-uniformes-da-rede-estadual-do-rs-deve-ser-concluida-ate-o-fim-de-maio\/\" \/>\n<meta property=\"og:locale\" content=\"pt_BR\" \/>\n<meta property=\"og:type\" content=\"article\" \/>\n<meta property=\"og:title\" content=\"Entrega de uniformes da rede estadual do RS deve ser conclu\u00edda at\u00e9 o fim de maio - Rede Litoral RS\" \/>\n<meta property=\"og:description\" content=\"A distribui\u00e7\u00e3o de uniformes escolares para alunos da rede estadual do Rio Grande do Sul deve ser finalizada at\u00e9 o final de maio, conforme previs\u00e3o da Secretaria da Educa\u00e7\u00e3o do Rio Grande do Sul. A entrega teve in\u00edcio no come\u00e7o de 2026 e inicialmente estava prevista para ser conclu\u00edda em mar\u00e7o. De acordo com a [&hellip;]\" \/>\n<meta property=\"og:url\" content=\"https:\/\/redelitoralrs.com\/index.php\/2026\/04\/30\/entrega-de-uniformes-da-rede-estadual-do-rs-deve-ser-concluida-ate-o-fim-de-maio\/\" \/>\n<meta property=\"og:site_name\" content=\"Rede Litoral RS\" \/>\n<meta property=\"article:publisher\" content=\"https:\/\/www.facebook.com\/tvlitoralrsoficial\" \/>\n<meta property=\"article:published_time\" content=\"2026-04-30T18:34:16+00:00\" \/>\n<meta property=\"article:modified_time\" content=\"2026-04-30T18:34:17+00:00\" \/>\n<meta property=\"og:image\" content=\"https:\/\/redelitoralrs.com\/wp-content\/uploads\/2026\/04\/5047490_d8af89bbb4528c5.webp\" \/>\n\t<meta property=\"og:image:width\" content=\"1400\" \/>\n\t<meta property=\"og:image:height\" content=\"932\" \/>\n\t<meta property=\"og:image:type\" content=\"image\/webp\" \/>\n<meta name=\"author\" content=\"Reda\u00e7\u00e3o TV Litoral\" \/>\n<meta name=\"twitter:card\" content=\"summary_large_image\" \/>\n<meta name=\"twitter:label1\" content=\"Escrito por\" \/>\n\t<meta name=\"twitter:data1\" content=\"Reda\u00e7\u00e3o TV Litoral\" \/>\n\t<meta name=\"twitter:label2\" content=\"Est. tempo de leitura\" \/>\n\t<meta name=\"twitter:data2\" content=\"2 minutos\" \/>\n<script type=\"application\/ld+json\" class=\"yoast-schema-graph\">{\"@context\":\"https:\\\/\\\/schema.org\",\"@graph\":[{\"@type\":\"Article\",\"@id\":\"https:\\\/\\\/redelitoralrs.com\\\/index.php\\\/2026\\\/04\\\/30\\\/entrega-de-uniformes-da-rede-estadual-do-rs-deve-ser-concluida-ate-o-fim-de-maio\\\/#article\",\"isPartOf\":{\"@id\":\"https:\\\/\\\/redelitoralrs.com\\\/index.php\\\/2026\\\/04\\\/30\\\/entrega-de-uniformes-da-rede-estadual-do-rs-deve-ser-concluida-ate-o-fim-de-maio\\\/\"},\"author\":{\"name\":\"Reda\u00e7\u00e3o TV Litoral\",\"@id\":\"https:\\\/\\\/redelitoralrs.com\\\/#\\\/schema\\\/person\\\/9f8181f2a7359dd3986f05ebaf5bd68a\"},\"headline\":\"Entrega de uniformes da rede estadual do RS deve ser conclu\u00edda at\u00e9 o fim de maio\",\"datePublished\":\"2026-04-30T18:34:16+00:00\",\"dateModified\":\"2026-04-30T18:34:17+00:00\",\"mainEntityOfPage\":{\"@id\":\"https:\\\/\\\/redelitoralrs.com\\\/index.php\\\/2026\\\/04\\\/30\\\/entrega-de-uniformes-da-rede-estadual-do-rs-deve-ser-concluida-ate-o-fim-de-maio\\\/\"},\"wordCount\":249,\"commentCount\":0,\"publisher\":{\"@id\":\"https:\\\/\\\/redelitoralrs.com\\\/#organization\"},\"image\":{\"@id\":\"https:\\\/\\\/redelitoralrs.com\\\/index.php\\\/2026\\\/04\\\/30\\\/entrega-de-uniformes-da-rede-estadual-do-rs-deve-ser-concluida-ate-o-fim-de-maio\\\/#primaryimage\"},\"thumbnailUrl\":\"https:\\\/\\\/redelitoralrs.com\\\/wp-content\\\/uploads\\\/2026\\\/04\\\/5047490_d8af89bbb4528c5.webp\",\"articleSection\":[\"Educa\u00e7\u00e3o\",\"Rio Grande do Sul\",\"\u00daltimas not\u00edcias\"],\"inLanguage\":\"pt-BR\",\"potentialAction\":[{\"@type\":\"CommentAction\",\"name\":\"Comment\",\"target\":[\"https:\\\/\\\/redelitoralrs.com\\\/index.php\\\/2026\\\/04\\\/30\\\/entrega-de-uniformes-da-rede-estadual-do-rs-deve-ser-concluida-ate-o-fim-de-maio\\\/#respond\"]}]},{\"@type\":\"WebPage\",\"@id\":\"https:\\\/\\\/redelitoralrs.com\\\/index.php\\\/2026\\\/04\\\/30\\\/entrega-de-uniformes-da-rede-estadual-do-rs-deve-ser-concluida-ate-o-fim-de-maio\\\/\",\"url\":\"https:\\\/\\\/redelitoralrs.com\\\/index.php\\\/2026\\\/04\\\/30\\\/entrega-de-uniformes-da-rede-estadual-do-rs-deve-ser-concluida-ate-o-fim-de-maio\\\/\",\"name\":\"Entrega de uniformes da rede estadual do RS deve ser conclu\u00edda at\u00e9 o fim de maio - Rede Litoral RS\",\"isPartOf\":{\"@id\":\"https:\\\/\\\/redelitoralrs.com\\\/#website\"},\"primaryImageOfPage\":{\"@id\":\"https:\\\/\\\/redelitoralrs.com\\\/index.php\\\/2026\\\/04\\\/30\\\/entrega-de-uniformes-da-rede-estadual-do-rs-deve-ser-concluida-ate-o-fim-de-maio\\\/#primaryimage\"},\"image\":{\"@id\":\"https:\\\/\\\/redelitoralrs.com\\\/index.php\\\/2026\\\/04\\\/30\\\/entrega-de-uniformes-da-rede-estadual-do-rs-deve-ser-concluida-ate-o-fim-de-maio\\\/#primaryimage\"},\"thumbnailUrl\":\"https:\\\/\\\/redelitoralrs.com\\\/wp-content\\\/uploads\\\/2026\\\/04\\\/5047490_d8af89bbb4528c5.webp\",\"datePublished\":\"2026-04-30T18:34:16+00:00\",\"dateModified\":\"2026-04-30T18:34:17+00:00\",\"breadcrumb\":{\"@id\":\"https:\\\/\\\/redelitoralrs.com\\\/index.php\\\/2026\\\/04\\\/30\\\/entrega-de-uniformes-da-rede-estadual-do-rs-deve-ser-concluida-ate-o-fim-de-maio\\\/#breadcrumb\"},\"inLanguage\":\"pt-BR\",\"potentialAction\":[{\"@type\":\"ReadAction\",\"target\":[\"https:\\\/\\\/redelitoralrs.com\\\/index.php\\\/2026\\\/04\\\/30\\\/entrega-de-uniformes-da-rede-estadual-do-rs-deve-ser-concluida-ate-o-fim-de-maio\\\/\"]}]},{\"@type\":\"ImageObject\",\"inLanguage\":\"pt-BR\",\"@id\":\"https:\\\/\\\/redelitoralrs.com\\\/index.php\\\/2026\\\/04\\\/30\\\/entrega-de-uniformes-da-rede-estadual-do-rs-deve-ser-concluida-ate-o-fim-de-maio\\\/#primaryimage\",\"url\":\"https:\\\/\\\/redelitoralrs.com\\\/wp-content\\\/uploads\\\/2026\\\/04\\\/5047490_d8af89bbb4528c5.webp\",\"contentUrl\":\"https:\\\/\\\/redelitoralrs.com\\\/wp-content\\\/uploads\\\/2026\\\/04\\\/5047490_d8af89bbb4528c5.webp\",\"width\":1400,\"height\":932,\"caption\":\"Foto: Rodrigo Ziebell \\\/ GVG\"},{\"@type\":\"BreadcrumbList\",\"@id\":\"https:\\\/\\\/redelitoralrs.com\\\/index.php\\\/2026\\\/04\\\/30\\\/entrega-de-uniformes-da-rede-estadual-do-rs-deve-ser-concluida-ate-o-fim-de-maio\\\/#breadcrumb\",\"itemListElement\":[{\"@type\":\"ListItem\",\"position\":1,\"name\":\"In\u00edcio\",\"item\":\"https:\\\/\\\/redelitoralrs.com\\\/\"},{\"@type\":\"ListItem\",\"position\":2,\"name\":\"Entrega de uniformes da rede estadual do RS deve ser conclu\u00edda at\u00e9 o fim de maio\"}]},{\"@type\":\"WebSite\",\"@id\":\"https:\\\/\\\/redelitoralrs.com\\\/#website\",\"url\":\"https:\\\/\\\/redelitoralrs.com\\\/\",\"name\":\"TV Litoral\",\"description\":\"Acompanhe tudo do litoral ga\u00facho com a cobertura completa e atualizada da Rede Litoral RS. Nossos jornalistas trazem as \u00faltimas not\u00edcias, os acontecimentos mais quentes e as hist\u00f3rias que importam sobre nosso amado litoral.\",\"publisher\":{\"@id\":\"https:\\\/\\\/redelitoralrs.com\\\/#organization\"},\"potentialAction\":[{\"@type\":\"SearchAction\",\"target\":{\"@type\":\"EntryPoint\",\"urlTemplate\":\"https:\\\/\\\/redelitoralrs.com\\\/?s={search_term_string}\"},\"query-input\":{\"@type\":\"PropertyValueSpecification\",\"valueRequired\":true,\"valueName\":\"search_term_string\"}}],\"inLanguage\":\"pt-BR\"},{\"@type\":\"Organization\",\"@id\":\"https:\\\/\\\/redelitoralrs.com\\\/#organization\",\"name\":\"TV Litoral\",\"url\":\"https:\\\/\\\/redelitoralrs.com\\\/\",\"logo\":{\"@type\":\"ImageObject\",\"inLanguage\":\"pt-BR\",\"@id\":\"https:\\\/\\\/redelitoralrs.com\\\/#\\\/schema\\\/logo\\\/image\\\/\",\"url\":\"https:\\\/\\\/redelitoralrs.com\\\/wp-content\\\/uploads\\\/2024\\\/01\\\/faviconicon-1-1.png\",\"contentUrl\":\"https:\\\/\\\/redelitoralrs.com\\\/wp-content\\\/uploads\\\/2024\\\/01\\\/faviconicon-1-1.png\",\"width\":454,\"height\":454,\"caption\":\"TV Litoral\"},\"image\":{\"@id\":\"https:\\\/\\\/redelitoralrs.com\\\/#\\\/schema\\\/logo\\\/image\\\/\"},\"sameAs\":[\"https:\\\/\\\/www.facebook.com\\\/tvlitoralrsoficial\",\"https:\\\/\\\/www.instagram.com\\\/tvlitoral.rs\"]},{\"@type\":\"Person\",\"@id\":\"https:\\\/\\\/redelitoralrs.com\\\/#\\\/schema\\\/person\\\/9f8181f2a7359dd3986f05ebaf5bd68a\",\"name\":\"Reda\u00e7\u00e3o TV Litoral\",\"image\":{\"@type\":\"ImageObject\",\"inLanguage\":\"pt-BR\",\"@id\":\"https:\\\/\\\/redelitoralrs.com\\\/wp-content\\\/litespeed\\\/avatar\\\/779aafbb45e66c7f82733e21abb48259.jpg?ver=1777561602\",\"url\":\"https:\\\/\\\/redelitoralrs.com\\\/wp-content\\\/litespeed\\\/avatar\\\/779aafbb45e66c7f82733e21abb48259.jpg?ver=1777561602\",\"contentUrl\":\"https:\\\/\\\/redelitoralrs.com\\\/wp-content\\\/litespeed\\\/avatar\\\/779aafbb45e66c7f82733e21abb48259.jpg?ver=1777561602\",\"caption\":\"Reda\u00e7\u00e3o TV Litoral\"},\"description\":\"A Rede Litoral de Comunica\u00e7\u00e3o \u00e9 um grupo de m\u00eddia multiplataforma do Litoral Norte do RS. Com atua\u00e7\u00e3o em TV, r\u00e1dio, portal e redes sociais, levamos informa\u00e7\u00e3o, conte\u00fado e entretenimento \u00e0 comunidade, fortalecendo a comunica\u00e7\u00e3o local e impulsionando o desenvolvimento regional. Acompanhe atrav\u00e9s de @redelitoralrs.\",\"sameAs\":[\"https:\\\/\\\/redelitoralrs.com\",\"https:\\\/\\\/www.instagram.com\\\/redelitoralrs\",\"https:\\\/\\\/www.youtube.com\\\/@redelitoralrs\"],\"url\":\"https:\\\/\\\/redelitoralrs.com\\\/index.php\\\/author\\\/redacaotvlitoral\\\/\"}]}<\/script>\n<!-- \/ Yoast SEO plugin. -->","yoast_head_json":{"title":"Entrega de uniformes da rede estadual do RS deve ser conclu\u00edda at\u00e9 o fim de maio - Rede Litoral RS","robots":{"index":"index","follow":"follow","max-snippet":"max-snippet:-1","max-image-preview":"max-image-preview:large","max-video-preview":"max-video-preview:-1"},"canonical":"https:\/\/redelitoralrs.com\/index.php\/2026\/04\/30\/entrega-de-uniformes-da-rede-estadual-do-rs-deve-ser-concluida-ate-o-fim-de-maio\/","og_locale":"pt_BR","og_type":"article","og_title":"Entrega de uniformes da rede estadual do RS deve ser conclu\u00edda at\u00e9 o fim de maio - Rede Litoral RS","og_description":"A distribui\u00e7\u00e3o de uniformes escolares para alunos da rede estadual do Rio Grande do Sul deve ser finalizada at\u00e9 o final de maio, conforme previs\u00e3o da Secretaria da Educa\u00e7\u00e3o do Rio Grande do Sul. A entrega teve in\u00edcio no come\u00e7o de 2026 e inicialmente estava prevista para ser conclu\u00edda em mar\u00e7o. De acordo com a [&hellip;]","og_url":"https:\/\/redelitoralrs.com\/index.php\/2026\/04\/30\/entrega-de-uniformes-da-rede-estadual-do-rs-deve-ser-concluida-ate-o-fim-de-maio\/","og_site_name":"Rede Litoral RS","article_publisher":"https:\/\/www.facebook.com\/tvlitoralrsoficial","article_published_time":"2026-04-30T18:34:16+00:00","article_modified_time":"2026-04-30T18:34:17+00:00","og_image":[{"width":1400,"height":932,"url":"https:\/\/redelitoralrs.com\/wp-content\/uploads\/2026\/04\/5047490_d8af89bbb4528c5.webp","type":"image\/webp"}],"author":"Reda\u00e7\u00e3o TV Litoral","twitter_card":"summary_large_image","twitter_misc":{"Escrito por":"Reda\u00e7\u00e3o TV Litoral","Est. tempo de leitura":"2 minutos"},"schema":{"@context":"https:\/\/schema.org","@graph":[{"@type":"Article","@id":"https:\/\/redelitoralrs.com\/index.php\/2026\/04\/30\/entrega-de-uniformes-da-rede-estadual-do-rs-deve-ser-concluida-ate-o-fim-de-maio\/#article","isPartOf":{"@id":"https:\/\/redelitoralrs.com\/index.php\/2026\/04\/30\/entrega-de-uniformes-da-rede-estadual-do-rs-deve-ser-concluida-ate-o-fim-de-maio\/"},"author":{"name":"Reda\u00e7\u00e3o TV Litoral","@id":"https:\/\/redelitoralrs.com\/#\/schema\/person\/9f8181f2a7359dd3986f05ebaf5bd68a"},"headline":"Entrega de uniformes da rede estadual do RS deve ser conclu\u00edda at\u00e9 o fim de maio","datePublished":"2026-04-30T18:34:16+00:00","dateModified":"2026-04-30T18:34:17+00:00","mainEntityOfPage":{"@id":"https:\/\/redelitoralrs.com\/index.php\/2026\/04\/30\/entrega-de-uniformes-da-rede-estadual-do-rs-deve-ser-concluida-ate-o-fim-de-maio\/"},"wordCount":249,"commentCount":0,"publisher":{"@id":"https:\/\/redelitoralrs.com\/#organization"},"image":{"@id":"https:\/\/redelitoralrs.com\/index.php\/2026\/04\/30\/entrega-de-uniformes-da-rede-estadual-do-rs-deve-ser-concluida-ate-o-fim-de-maio\/#primaryimage"},"thumbnailUrl":"https:\/\/redelitoralrs.com\/wp-content\/uploads\/2026\/04\/5047490_d8af89bbb4528c5.webp","articleSection":["Educa\u00e7\u00e3o","Rio Grande do Sul","\u00daltimas not\u00edcias"],"inLanguage":"pt-BR","potentialAction":[{"@type":"CommentAction","name":"Comment","target":["https:\/\/redelitoralrs.com\/index.php\/2026\/04\/30\/entrega-de-uniformes-da-rede-estadual-do-rs-deve-ser-concluida-ate-o-fim-de-maio\/#respond"]}]},{"@type":"WebPage","@id":"https:\/\/redelitoralrs.com\/index.php\/2026\/04\/30\/entrega-de-uniformes-da-rede-estadual-do-rs-deve-ser-concluida-ate-o-fim-de-maio\/","url":"https:\/\/redelitoralrs.com\/index.php\/2026\/04\/30\/entrega-de-uniformes-da-rede-estadual-do-rs-deve-ser-concluida-ate-o-fim-de-maio\/","name":"Entrega de uniformes da rede estadual do RS deve ser conclu\u00edda at\u00e9 o fim de maio - Rede Litoral RS","isPartOf":{"@id":"https:\/\/redelitoralrs.com\/#website"},"primaryImageOfPage":{"@id":"https:\/\/redelitoralrs.com\/index.php\/2026\/04\/30\/entrega-de-uniformes-da-rede-estadual-do-rs-deve-ser-concluida-ate-o-fim-de-maio\/#primaryimage"},"image":{"@id":"https:\/\/redelitoralrs.com\/index.php\/2026\/04\/30\/entrega-de-uniformes-da-rede-estadual-do-rs-deve-ser-concluida-ate-o-fim-de-maio\/#primaryimage"},"thumbnailUrl":"https:\/\/redelitoralrs.com\/wp-content\/uploads\/2026\/04\/5047490_d8af89bbb4528c5.webp","datePublished":"2026-04-30T18:34:16+00:00","dateModified":"2026-04-30T18:34:17+00:00","breadcrumb":{"@id":"https:\/\/redelitoralrs.com\/index.php\/2026\/04\/30\/entrega-de-uniformes-da-rede-estadual-do-rs-deve-ser-concluida-ate-o-fim-de-maio\/#breadcrumb"},"inLanguage":"pt-BR","potentialAction":[{"@type":"ReadAction","target":["https:\/\/redelitoralrs.com\/index.php\/2026\/04\/30\/entrega-de-uniformes-da-rede-estadual-do-rs-deve-ser-concluida-ate-o-fim-de-maio\/"]}]},{"@type":"ImageObject","inLanguage":"pt-BR","@id":"https:\/\/redelitoralrs.com\/index.php\/2026\/04\/30\/entrega-de-uniformes-da-rede-estadual-do-rs-deve-ser-concluida-ate-o-fim-de-maio\/#primaryimage","url":"https:\/\/redelitoralrs.com\/wp-content\/uploads\/2026\/04\/5047490_d8af89bbb4528c5.webp","contentUrl":"https:\/\/redelitoralrs.com\/wp-content\/uploads\/2026\/04\/5047490_d8af89bbb4528c5.webp","width":1400,"height":932,"caption":"Foto: Rodrigo Ziebell \/ GVG"},{"@type":"BreadcrumbList","@id":"https:\/\/redelitoralrs.com\/index.php\/2026\/04\/30\/entrega-de-uniformes-da-rede-estadual-do-rs-deve-ser-concluida-ate-o-fim-de-maio\/#breadcrumb","itemListElement":[{"@type":"ListItem","position":1,"name":"In\u00edcio","item":"https:\/\/redelitoralrs.com\/"},{"@type":"ListItem","position":2,"name":"Entrega de uniformes da rede estadual do RS deve ser conclu\u00edda at\u00e9 o fim de maio"}]},{"@type":"WebSite","@id":"https:\/\/redelitoralrs.com\/#website","url":"https:\/\/redelitoralrs.com\/","name":"TV Litoral","description":"Acompanhe tudo do litoral ga\u00facho com a cobertura completa e atualizada da Rede Litoral RS. Nossos jornalistas trazem as \u00faltimas not\u00edcias, os acontecimentos mais quentes e as hist\u00f3rias que importam sobre nosso amado litoral.","publisher":{"@id":"https:\/\/redelitoralrs.com\/#organization"},"potentialAction":[{"@type":"SearchAction","target":{"@type":"EntryPoint","urlTemplate":"https:\/\/redelitoralrs.com\/?s={search_term_string}"},"query-input":{"@type":"PropertyValueSpecification","valueRequired":true,"valueName":"search_term_string"}}],"inLanguage":"pt-BR"},{"@type":"Organization","@id":"https:\/\/redelitoralrs.com\/#organization","name":"TV Litoral","url":"https:\/\/redelitoralrs.com\/","logo":{"@type":"ImageObject","inLanguage":"pt-BR","@id":"https:\/\/redelitoralrs.com\/#\/schema\/logo\/image\/","url":"https:\/\/redelitoralrs.com\/wp-content\/uploads\/2024\/01\/faviconicon-1-1.png","contentUrl":"https:\/\/redelitoralrs.com\/wp-content\/uploads\/2024\/01\/faviconicon-1-1.png","width":454,"height":454,"caption":"TV Litoral"},"image":{"@id":"https:\/\/redelitoralrs.com\/#\/schema\/logo\/image\/"},"sameAs":["https:\/\/www.facebook.com\/tvlitoralrsoficial","https:\/\/www.instagram.com\/tvlitoral.rs"]},{"@type":"Person","@id":"https:\/\/redelitoralrs.com\/#\/schema\/person\/9f8181f2a7359dd3986f05ebaf5bd68a","name":"Reda\u00e7\u00e3o TV Litoral","image":{"@type":"ImageObject","inLanguage":"pt-BR","@id":"https:\/\/redelitoralrs.com\/wp-content\/litespeed\/avatar\/779aafbb45e66c7f82733e21abb48259.jpg?ver=1777561602","url":"https:\/\/redelitoralrs.com\/wp-content\/litespeed\/avatar\/779aafbb45e66c7f82733e21abb48259.jpg?ver=1777561602","contentUrl":"https:\/\/redelitoralrs.com\/wp-content\/litespeed\/avatar\/779aafbb45e66c7f82733e21abb48259.jpg?ver=1777561602","caption":"Reda\u00e7\u00e3o TV Litoral"},"description":"A Rede Litoral de Comunica\u00e7\u00e3o \u00e9 um grupo de m\u00eddia multiplataforma do Litoral Norte do RS. Com atua\u00e7\u00e3o em TV, r\u00e1dio, portal e redes sociais, levamos informa\u00e7\u00e3o, conte\u00fado e entretenimento \u00e0 comunidade, fortalecendo a comunica\u00e7\u00e3o local e impulsionando o desenvolvimento regional. Acompanhe atrav\u00e9s de @redelitoralrs.","sameAs":["https:\/\/redelitoralrs.com","https:\/\/www.instagram.com\/redelitoralrs","https:\/\/www.youtube.com\/@redelitoralrs"],"url":"https:\/\/redelitoralrs.com\/index.php\/author\/redacaotvlitoral\/"}]}},"_links":{"self":[{"href":"https:\/\/redelitoralrs.com\/index.php\/wp-json\/wp\/v2\/posts\/24886","targetHints":{"allow":["GET"]}}],"collection":[{"href":"https:\/\/redelitoralrs.com\/index.php\/wp-json\/wp\/v2\/posts"}],"about":[{"href":"https:\/\/redelitoralrs.com\/index.php\/wp-json\/wp\/v2\/types\/post"}],"author":[{"embeddable":true,"href":"https:\/\/redelitoralrs.com\/index.php\/wp-json\/wp\/v2\/users\/2"}],"replies":[{"embeddable":true,"href":"https:\/\/redelitoralrs.com\/index.php\/wp-json\/wp\/v2\/comments?post=24886"}],"version-history":[{"count":1,"href":"https:\/\/redelitoralrs.com\/index.php\/wp-json\/wp\/v2\/posts\/24886\/revisions"}],"predecessor-version":[{"id":24888,"href":"https:\/\/redelitoralrs.com\/index.php\/wp-json\/wp\/v2\/posts\/24886\/revisions\/24888"}],"wp:featuredmedia":[{"embeddable":true,"href":"https:\/\/redelitoralrs.com\/index.php\/wp-json\/wp\/v2\/media\/24887"}],"wp:attachment":[{"href":"https:\/\/redelitoralrs.com\/index.php\/wp-json\/wp\/v2\/media?parent=24886"}],"wp:term":[{"taxonomy":"category","embeddable":true,"href":"https:\/\/redelitoralrs.com\/index.php\/wp-json\/wp\/v2\/categories?post=24886"},{"taxonomy":"post_tag","embeddable":true,"href":"https:\/\/redelitoralrs.com\/index.php\/wp-json\/wp\/v2\/tags?post=24886"}],"curies":[{"name":"wp","href":"https:\/\/api.w.org\/{rel}","templated":true}]}}