{"id":24880,"date":"2026-04-30T15:27:52","date_gmt":"2026-04-30T18:27:52","guid":{"rendered":"https:\/\/redelitoralrs.com\/?p=24880"},"modified":"2026-04-30T15:27:53","modified_gmt":"2026-04-30T18:27:53","slug":"obra-para-conclusao-da-nova-ponte-do-guaiba-deve-iniciar-em-julho-preve-ministerio-dos-transportes","status":"publish","type":"post","link":"https:\/\/redelitoralrs.com\/index.php\/2026\/04\/30\/obra-para-conclusao-da-nova-ponte-do-guaiba-deve-iniciar-em-julho-preve-ministerio-dos-transportes\/","title":{"rendered":"Obra para conclus\u00e3o da nova ponte do Gua\u00edba deve iniciar em julho, prev\u00ea Minist\u00e9rio dos Transportes"},"content":{"rendered":"\n<p>A etapa final das obras da nova Ponte do Gua\u00edba, em Porto Alegre, deve come\u00e7ar em julho, conforme proje\u00e7\u00e3o apresentada pelo ministro dos Transportes, George Santoro, durante agenda na capital ga\u00facha nesta quarta-feira (29).<\/p>\n\n\n\n<p>A estimativa ocorre ap\u00f3s a homologa\u00e7\u00e3o da licita\u00e7\u00e3o, etapa que encerra o processo e autoriza a assinatura do contrato com o cons\u00f3rcio vencedor, al\u00e9m da emiss\u00e3o da ordem de servi\u00e7o para in\u00edcio dos trabalhos. A execu\u00e7\u00e3o ficar\u00e1 a cargo do Cons\u00f3rcio Cidade e Arteleste.<\/p>\n\n\n\n<p>A nova fase da obra contempla a constru\u00e7\u00e3o de quatro al\u00e7as de acesso no lado leste da ponte, consideradas essenciais para a integra\u00e7\u00e3o com o sistema vi\u00e1rio da zona norte da cidade. Atualmente, a estrutura opera de forma parcial, com limita\u00e7\u00f5es no fluxo de ve\u00edculos devido \u00e0 aus\u00eancia dessas conex\u00f5es.<\/p>\n\n\n\n<p>O investimento previsto para a conclus\u00e3o \u00e9 de aproximadamente R$ 525 milh\u00f5es. A expectativa do governo federal \u00e9 que, com a finaliza\u00e7\u00e3o das al\u00e7as, a ponte passe a operar plenamente, contribuindo para a redu\u00e7\u00e3o de congestionamentos e melhoria da log\u00edstica, especialmente na BR-116 e no acesso \u00e0 Regi\u00e3o Metropolitana.<\/p>\n\n\n\n<p>Para viabilizar o avan\u00e7o das obras, tamb\u00e9m ser\u00e1 necess\u00e1ria a desocupa\u00e7\u00e3o de \u00e1reas nas vilas Areia e Tio Zeca, onde cerca de 170 edifica\u00e7\u00f5es ainda precisam ser removidas. O processo envolve negocia\u00e7\u00f5es para indeniza\u00e7\u00e3o de moradores e comerciantes.<\/p>\n\n\n\n<p>Iniciada em 2014, a constru\u00e7\u00e3o da nova ponte teve previs\u00e3o inicial de conclus\u00e3o em 2017, mas sofreu atrasos ao longo dos anos. A estrutura foi parcialmente inaugurada em 2020 e, at\u00e9 o momento, j\u00e1 recebeu cerca de R$ 769 milh\u00f5es em investimentos.<\/p>\n","protected":false},"excerpt":{"rendered":"<p>A etapa final das obras da nova Ponte do Gua\u00edba, em Porto Alegre, deve come\u00e7ar em julho, conforme proje\u00e7\u00e3o apresentada pelo ministro dos Transportes, George Santoro, durante agenda na capital ga\u00facha nesta quarta-feira (29). A estimativa ocorre ap\u00f3s a homologa\u00e7\u00e3o da licita\u00e7\u00e3o, etapa que encerra o processo e autoriza a assinatura do contrato com o [&hellip;]<\/p>\n","protected":false},"author":2,"featured_media":24881,"comment_status":"open","ping_status":"open","sticky":false,"template":"","format":"standard","meta":{"_themeisle_gutenberg_block_has_review":false,"footnotes":""},"categories":[188,15],"tags":[],"class_list":["post-24880","post","type-post","status-publish","format-standard","has-post-thumbnail","hentry","category-rio-grande-do-sul","category-noticias"],"yoast_head":"<!-- This site is optimized with the Yoast SEO plugin v27.4 - https:\/\/yoast.com\/product\/yoast-seo-wordpress\/ -->\n<title>Obra para conclus\u00e3o da nova ponte do Gua\u00edba deve iniciar em julho, prev\u00ea Minist\u00e9rio dos Transportes - Rede Litoral RS<\/title>\n<meta name=\"robots\" content=\"index, follow, max-snippet:-1, max-image-preview:large, max-video-preview:-1\" \/>\n<link rel=\"canonical\" href=\"https:\/\/redelitoralrs.com\/index.php\/2026\/04\/30\/obra-para-conclusao-da-nova-ponte-do-guaiba-deve-iniciar-em-julho-preve-ministerio-dos-transportes\/\" \/>\n<meta property=\"og:locale\" content=\"pt_BR\" \/>\n<meta property=\"og:type\" content=\"article\" \/>\n<meta property=\"og:title\" content=\"Obra para conclus\u00e3o da nova ponte do Gua\u00edba deve iniciar em julho, prev\u00ea Minist\u00e9rio dos Transportes - Rede Litoral RS\" \/>\n<meta property=\"og:description\" content=\"A etapa final das obras da nova Ponte do Gua\u00edba, em Porto Alegre, deve come\u00e7ar em julho, conforme proje\u00e7\u00e3o apresentada pelo ministro dos Transportes, George Santoro, durante agenda na capital ga\u00facha nesta quarta-feira (29). A estimativa ocorre ap\u00f3s a homologa\u00e7\u00e3o da licita\u00e7\u00e3o, etapa que encerra o processo e autoriza a assinatura do contrato com o [&hellip;]\" \/>\n<meta property=\"og:url\" content=\"https:\/\/redelitoralrs.com\/index.php\/2026\/04\/30\/obra-para-conclusao-da-nova-ponte-do-guaiba-deve-iniciar-em-julho-preve-ministerio-dos-transportes\/\" \/>\n<meta property=\"og:site_name\" content=\"Rede Litoral RS\" \/>\n<meta property=\"article:publisher\" content=\"https:\/\/www.facebook.com\/tvlitoralrsoficial\" \/>\n<meta property=\"article:published_time\" content=\"2026-04-30T18:27:52+00:00\" \/>\n<meta property=\"article:modified_time\" content=\"2026-04-30T18:27:53+00:00\" \/>\n<meta property=\"og:image\" content=\"https:\/\/redelitoralrs.com\/wp-content\/uploads\/2026\/04\/4889208_951a847d146b50e.webp\" \/>\n\t<meta property=\"og:image:width\" content=\"1400\" \/>\n\t<meta property=\"og:image:height\" content=\"932\" \/>\n\t<meta property=\"og:image:type\" content=\"image\/webp\" \/>\n<meta name=\"author\" content=\"Reda\u00e7\u00e3o TV Litoral\" \/>\n<meta name=\"twitter:card\" content=\"summary_large_image\" \/>\n<meta name=\"twitter:label1\" content=\"Escrito por\" \/>\n\t<meta name=\"twitter:data1\" content=\"Reda\u00e7\u00e3o TV Litoral\" \/>\n\t<meta name=\"twitter:label2\" content=\"Est. tempo de leitura\" \/>\n\t<meta name=\"twitter:data2\" content=\"2 minutos\" \/>\n<script type=\"application\/ld+json\" class=\"yoast-schema-graph\">{\"@context\":\"https:\\\/\\\/schema.org\",\"@graph\":[{\"@type\":\"Article\",\"@id\":\"https:\\\/\\\/redelitoralrs.com\\\/index.php\\\/2026\\\/04\\\/30\\\/obra-para-conclusao-da-nova-ponte-do-guaiba-deve-iniciar-em-julho-preve-ministerio-dos-transportes\\\/#article\",\"isPartOf\":{\"@id\":\"https:\\\/\\\/redelitoralrs.com\\\/index.php\\\/2026\\\/04\\\/30\\\/obra-para-conclusao-da-nova-ponte-do-guaiba-deve-iniciar-em-julho-preve-ministerio-dos-transportes\\\/\"},\"author\":{\"name\":\"Reda\u00e7\u00e3o TV Litoral\",\"@id\":\"https:\\\/\\\/redelitoralrs.com\\\/#\\\/schema\\\/person\\\/9f8181f2a7359dd3986f05ebaf5bd68a\"},\"headline\":\"Obra para conclus\u00e3o da nova ponte do Gua\u00edba deve iniciar em julho, prev\u00ea Minist\u00e9rio dos Transportes\",\"datePublished\":\"2026-04-30T18:27:52+00:00\",\"dateModified\":\"2026-04-30T18:27:53+00:00\",\"mainEntityOfPage\":{\"@id\":\"https:\\\/\\\/redelitoralrs.com\\\/index.php\\\/2026\\\/04\\\/30\\\/obra-para-conclusao-da-nova-ponte-do-guaiba-deve-iniciar-em-julho-preve-ministerio-dos-transportes\\\/\"},\"wordCount\":305,\"commentCount\":0,\"publisher\":{\"@id\":\"https:\\\/\\\/redelitoralrs.com\\\/#organization\"},\"image\":{\"@id\":\"https:\\\/\\\/redelitoralrs.com\\\/index.php\\\/2026\\\/04\\\/30\\\/obra-para-conclusao-da-nova-ponte-do-guaiba-deve-iniciar-em-julho-preve-ministerio-dos-transportes\\\/#primaryimage\"},\"thumbnailUrl\":\"https:\\\/\\\/redelitoralrs.com\\\/wp-content\\\/uploads\\\/2026\\\/04\\\/4889208_951a847d146b50e.webp\",\"articleSection\":[\"Rio Grande do Sul\",\"\u00daltimas not\u00edcias\"],\"inLanguage\":\"pt-BR\",\"potentialAction\":[{\"@type\":\"CommentAction\",\"name\":\"Comment\",\"target\":[\"https:\\\/\\\/redelitoralrs.com\\\/index.php\\\/2026\\\/04\\\/30\\\/obra-para-conclusao-da-nova-ponte-do-guaiba-deve-iniciar-em-julho-preve-ministerio-dos-transportes\\\/#respond\"]}]},{\"@type\":\"WebPage\",\"@id\":\"https:\\\/\\\/redelitoralrs.com\\\/index.php\\\/2026\\\/04\\\/30\\\/obra-para-conclusao-da-nova-ponte-do-guaiba-deve-iniciar-em-julho-preve-ministerio-dos-transportes\\\/\",\"url\":\"https:\\\/\\\/redelitoralrs.com\\\/index.php\\\/2026\\\/04\\\/30\\\/obra-para-conclusao-da-nova-ponte-do-guaiba-deve-iniciar-em-julho-preve-ministerio-dos-transportes\\\/\",\"name\":\"Obra para conclus\u00e3o da nova ponte do Gua\u00edba deve iniciar em julho, prev\u00ea Minist\u00e9rio dos Transportes - Rede Litoral RS\",\"isPartOf\":{\"@id\":\"https:\\\/\\\/redelitoralrs.com\\\/#website\"},\"primaryImageOfPage\":{\"@id\":\"https:\\\/\\\/redelitoralrs.com\\\/index.php\\\/2026\\\/04\\\/30\\\/obra-para-conclusao-da-nova-ponte-do-guaiba-deve-iniciar-em-julho-preve-ministerio-dos-transportes\\\/#primaryimage\"},\"image\":{\"@id\":\"https:\\\/\\\/redelitoralrs.com\\\/index.php\\\/2026\\\/04\\\/30\\\/obra-para-conclusao-da-nova-ponte-do-guaiba-deve-iniciar-em-julho-preve-ministerio-dos-transportes\\\/#primaryimage\"},\"thumbnailUrl\":\"https:\\\/\\\/redelitoralrs.com\\\/wp-content\\\/uploads\\\/2026\\\/04\\\/4889208_951a847d146b50e.webp\",\"datePublished\":\"2026-04-30T18:27:52+00:00\",\"dateModified\":\"2026-04-30T18:27:53+00:00\",\"breadcrumb\":{\"@id\":\"https:\\\/\\\/redelitoralrs.com\\\/index.php\\\/2026\\\/04\\\/30\\\/obra-para-conclusao-da-nova-ponte-do-guaiba-deve-iniciar-em-julho-preve-ministerio-dos-transportes\\\/#breadcrumb\"},\"inLanguage\":\"pt-BR\",\"potentialAction\":[{\"@type\":\"ReadAction\",\"target\":[\"https:\\\/\\\/redelitoralrs.com\\\/index.php\\\/2026\\\/04\\\/30\\\/obra-para-conclusao-da-nova-ponte-do-guaiba-deve-iniciar-em-julho-preve-ministerio-dos-transportes\\\/\"]}]},{\"@type\":\"ImageObject\",\"inLanguage\":\"pt-BR\",\"@id\":\"https:\\\/\\\/redelitoralrs.com\\\/index.php\\\/2026\\\/04\\\/30\\\/obra-para-conclusao-da-nova-ponte-do-guaiba-deve-iniciar-em-julho-preve-ministerio-dos-transportes\\\/#primaryimage\",\"url\":\"https:\\\/\\\/redelitoralrs.com\\\/wp-content\\\/uploads\\\/2026\\\/04\\\/4889208_951a847d146b50e.webp\",\"contentUrl\":\"https:\\\/\\\/redelitoralrs.com\\\/wp-content\\\/uploads\\\/2026\\\/04\\\/4889208_951a847d146b50e.webp\",\"width\":1400,\"height\":932,\"caption\":\"Foto: Jonathan Heckler \\\/ Agencia RBS\"},{\"@type\":\"BreadcrumbList\",\"@id\":\"https:\\\/\\\/redelitoralrs.com\\\/index.php\\\/2026\\\/04\\\/30\\\/obra-para-conclusao-da-nova-ponte-do-guaiba-deve-iniciar-em-julho-preve-ministerio-dos-transportes\\\/#breadcrumb\",\"itemListElement\":[{\"@type\":\"ListItem\",\"position\":1,\"name\":\"In\u00edcio\",\"item\":\"https:\\\/\\\/redelitoralrs.com\\\/\"},{\"@type\":\"ListItem\",\"position\":2,\"name\":\"Obra para conclus\u00e3o da nova ponte do Gua\u00edba deve iniciar em julho, prev\u00ea Minist\u00e9rio dos Transportes\"}]},{\"@type\":\"WebSite\",\"@id\":\"https:\\\/\\\/redelitoralrs.com\\\/#website\",\"url\":\"https:\\\/\\\/redelitoralrs.com\\\/\",\"name\":\"TV Litoral\",\"description\":\"Acompanhe tudo do litoral ga\u00facho com a cobertura completa e atualizada da Rede Litoral RS. Nossos jornalistas trazem as \u00faltimas not\u00edcias, os acontecimentos mais quentes e as hist\u00f3rias que importam sobre nosso amado litoral.\",\"publisher\":{\"@id\":\"https:\\\/\\\/redelitoralrs.com\\\/#organization\"},\"potentialAction\":[{\"@type\":\"SearchAction\",\"target\":{\"@type\":\"EntryPoint\",\"urlTemplate\":\"https:\\\/\\\/redelitoralrs.com\\\/?s={search_term_string}\"},\"query-input\":{\"@type\":\"PropertyValueSpecification\",\"valueRequired\":true,\"valueName\":\"search_term_string\"}}],\"inLanguage\":\"pt-BR\"},{\"@type\":\"Organization\",\"@id\":\"https:\\\/\\\/redelitoralrs.com\\\/#organization\",\"name\":\"TV Litoral\",\"url\":\"https:\\\/\\\/redelitoralrs.com\\\/\",\"logo\":{\"@type\":\"ImageObject\",\"inLanguage\":\"pt-BR\",\"@id\":\"https:\\\/\\\/redelitoralrs.com\\\/#\\\/schema\\\/logo\\\/image\\\/\",\"url\":\"https:\\\/\\\/redelitoralrs.com\\\/wp-content\\\/uploads\\\/2024\\\/01\\\/faviconicon-1-1.png\",\"contentUrl\":\"https:\\\/\\\/redelitoralrs.com\\\/wp-content\\\/uploads\\\/2024\\\/01\\\/faviconicon-1-1.png\",\"width\":454,\"height\":454,\"caption\":\"TV Litoral\"},\"image\":{\"@id\":\"https:\\\/\\\/redelitoralrs.com\\\/#\\\/schema\\\/logo\\\/image\\\/\"},\"sameAs\":[\"https:\\\/\\\/www.facebook.com\\\/tvlitoralrsoficial\",\"https:\\\/\\\/www.instagram.com\\\/tvlitoral.rs\"]},{\"@type\":\"Person\",\"@id\":\"https:\\\/\\\/redelitoralrs.com\\\/#\\\/schema\\\/person\\\/9f8181f2a7359dd3986f05ebaf5bd68a\",\"name\":\"Reda\u00e7\u00e3o TV Litoral\",\"image\":{\"@type\":\"ImageObject\",\"inLanguage\":\"pt-BR\",\"@id\":\"https:\\\/\\\/redelitoralrs.com\\\/wp-content\\\/litespeed\\\/avatar\\\/779aafbb45e66c7f82733e21abb48259.jpg?ver=1777561602\",\"url\":\"https:\\\/\\\/redelitoralrs.com\\\/wp-content\\\/litespeed\\\/avatar\\\/779aafbb45e66c7f82733e21abb48259.jpg?ver=1777561602\",\"contentUrl\":\"https:\\\/\\\/redelitoralrs.com\\\/wp-content\\\/litespeed\\\/avatar\\\/779aafbb45e66c7f82733e21abb48259.jpg?ver=1777561602\",\"caption\":\"Reda\u00e7\u00e3o TV Litoral\"},\"description\":\"A Rede Litoral de Comunica\u00e7\u00e3o \u00e9 um grupo de m\u00eddia multiplataforma do Litoral Norte do RS. Com atua\u00e7\u00e3o em TV, r\u00e1dio, portal e redes sociais, levamos informa\u00e7\u00e3o, conte\u00fado e entretenimento \u00e0 comunidade, fortalecendo a comunica\u00e7\u00e3o local e impulsionando o desenvolvimento regional. Acompanhe atrav\u00e9s de @redelitoralrs.\",\"sameAs\":[\"https:\\\/\\\/redelitoralrs.com\",\"https:\\\/\\\/www.instagram.com\\\/redelitoralrs\",\"https:\\\/\\\/www.youtube.com\\\/@redelitoralrs\"],\"url\":\"https:\\\/\\\/redelitoralrs.com\\\/index.php\\\/author\\\/redacaotvlitoral\\\/\"}]}<\/script>\n<!-- \/ Yoast SEO plugin. -->","yoast_head_json":{"title":"Obra para conclus\u00e3o da nova ponte do Gua\u00edba deve iniciar em julho, prev\u00ea Minist\u00e9rio dos Transportes - Rede Litoral RS","robots":{"index":"index","follow":"follow","max-snippet":"max-snippet:-1","max-image-preview":"max-image-preview:large","max-video-preview":"max-video-preview:-1"},"canonical":"https:\/\/redelitoralrs.com\/index.php\/2026\/04\/30\/obra-para-conclusao-da-nova-ponte-do-guaiba-deve-iniciar-em-julho-preve-ministerio-dos-transportes\/","og_locale":"pt_BR","og_type":"article","og_title":"Obra para conclus\u00e3o da nova ponte do Gua\u00edba deve iniciar em julho, prev\u00ea Minist\u00e9rio dos Transportes - Rede Litoral RS","og_description":"A etapa final das obras da nova Ponte do Gua\u00edba, em Porto Alegre, deve come\u00e7ar em julho, conforme proje\u00e7\u00e3o apresentada pelo ministro dos Transportes, George Santoro, durante agenda na capital ga\u00facha nesta quarta-feira (29). A estimativa ocorre ap\u00f3s a homologa\u00e7\u00e3o da licita\u00e7\u00e3o, etapa que encerra o processo e autoriza a assinatura do contrato com o [&hellip;]","og_url":"https:\/\/redelitoralrs.com\/index.php\/2026\/04\/30\/obra-para-conclusao-da-nova-ponte-do-guaiba-deve-iniciar-em-julho-preve-ministerio-dos-transportes\/","og_site_name":"Rede Litoral RS","article_publisher":"https:\/\/www.facebook.com\/tvlitoralrsoficial","article_published_time":"2026-04-30T18:27:52+00:00","article_modified_time":"2026-04-30T18:27:53+00:00","og_image":[{"width":1400,"height":932,"url":"https:\/\/redelitoralrs.com\/wp-content\/uploads\/2026\/04\/4889208_951a847d146b50e.webp","type":"image\/webp"}],"author":"Reda\u00e7\u00e3o TV Litoral","twitter_card":"summary_large_image","twitter_misc":{"Escrito por":"Reda\u00e7\u00e3o TV Litoral","Est. tempo de leitura":"2 minutos"},"schema":{"@context":"https:\/\/schema.org","@graph":[{"@type":"Article","@id":"https:\/\/redelitoralrs.com\/index.php\/2026\/04\/30\/obra-para-conclusao-da-nova-ponte-do-guaiba-deve-iniciar-em-julho-preve-ministerio-dos-transportes\/#article","isPartOf":{"@id":"https:\/\/redelitoralrs.com\/index.php\/2026\/04\/30\/obra-para-conclusao-da-nova-ponte-do-guaiba-deve-iniciar-em-julho-preve-ministerio-dos-transportes\/"},"author":{"name":"Reda\u00e7\u00e3o TV Litoral","@id":"https:\/\/redelitoralrs.com\/#\/schema\/person\/9f8181f2a7359dd3986f05ebaf5bd68a"},"headline":"Obra para conclus\u00e3o da nova ponte do Gua\u00edba deve iniciar em julho, prev\u00ea Minist\u00e9rio dos Transportes","datePublished":"2026-04-30T18:27:52+00:00","dateModified":"2026-04-30T18:27:53+00:00","mainEntityOfPage":{"@id":"https:\/\/redelitoralrs.com\/index.php\/2026\/04\/30\/obra-para-conclusao-da-nova-ponte-do-guaiba-deve-iniciar-em-julho-preve-ministerio-dos-transportes\/"},"wordCount":305,"commentCount":0,"publisher":{"@id":"https:\/\/redelitoralrs.com\/#organization"},"image":{"@id":"https:\/\/redelitoralrs.com\/index.php\/2026\/04\/30\/obra-para-conclusao-da-nova-ponte-do-guaiba-deve-iniciar-em-julho-preve-ministerio-dos-transportes\/#primaryimage"},"thumbnailUrl":"https:\/\/redelitoralrs.com\/wp-content\/uploads\/2026\/04\/4889208_951a847d146b50e.webp","articleSection":["Rio Grande do Sul","\u00daltimas not\u00edcias"],"inLanguage":"pt-BR","potentialAction":[{"@type":"CommentAction","name":"Comment","target":["https:\/\/redelitoralrs.com\/index.php\/2026\/04\/30\/obra-para-conclusao-da-nova-ponte-do-guaiba-deve-iniciar-em-julho-preve-ministerio-dos-transportes\/#respond"]}]},{"@type":"WebPage","@id":"https:\/\/redelitoralrs.com\/index.php\/2026\/04\/30\/obra-para-conclusao-da-nova-ponte-do-guaiba-deve-iniciar-em-julho-preve-ministerio-dos-transportes\/","url":"https:\/\/redelitoralrs.com\/index.php\/2026\/04\/30\/obra-para-conclusao-da-nova-ponte-do-guaiba-deve-iniciar-em-julho-preve-ministerio-dos-transportes\/","name":"Obra para conclus\u00e3o da nova ponte do Gua\u00edba deve iniciar em julho, prev\u00ea Minist\u00e9rio dos Transportes - Rede Litoral RS","isPartOf":{"@id":"https:\/\/redelitoralrs.com\/#website"},"primaryImageOfPage":{"@id":"https:\/\/redelitoralrs.com\/index.php\/2026\/04\/30\/obra-para-conclusao-da-nova-ponte-do-guaiba-deve-iniciar-em-julho-preve-ministerio-dos-transportes\/#primaryimage"},"image":{"@id":"https:\/\/redelitoralrs.com\/index.php\/2026\/04\/30\/obra-para-conclusao-da-nova-ponte-do-guaiba-deve-iniciar-em-julho-preve-ministerio-dos-transportes\/#primaryimage"},"thumbnailUrl":"https:\/\/redelitoralrs.com\/wp-content\/uploads\/2026\/04\/4889208_951a847d146b50e.webp","datePublished":"2026-04-30T18:27:52+00:00","dateModified":"2026-04-30T18:27:53+00:00","breadcrumb":{"@id":"https:\/\/redelitoralrs.com\/index.php\/2026\/04\/30\/obra-para-conclusao-da-nova-ponte-do-guaiba-deve-iniciar-em-julho-preve-ministerio-dos-transportes\/#breadcrumb"},"inLanguage":"pt-BR","potentialAction":[{"@type":"ReadAction","target":["https:\/\/redelitoralrs.com\/index.php\/2026\/04\/30\/obra-para-conclusao-da-nova-ponte-do-guaiba-deve-iniciar-em-julho-preve-ministerio-dos-transportes\/"]}]},{"@type":"ImageObject","inLanguage":"pt-BR","@id":"https:\/\/redelitoralrs.com\/index.php\/2026\/04\/30\/obra-para-conclusao-da-nova-ponte-do-guaiba-deve-iniciar-em-julho-preve-ministerio-dos-transportes\/#primaryimage","url":"https:\/\/redelitoralrs.com\/wp-content\/uploads\/2026\/04\/4889208_951a847d146b50e.webp","contentUrl":"https:\/\/redelitoralrs.com\/wp-content\/uploads\/2026\/04\/4889208_951a847d146b50e.webp","width":1400,"height":932,"caption":"Foto: Jonathan Heckler \/ Agencia RBS"},{"@type":"BreadcrumbList","@id":"https:\/\/redelitoralrs.com\/index.php\/2026\/04\/30\/obra-para-conclusao-da-nova-ponte-do-guaiba-deve-iniciar-em-julho-preve-ministerio-dos-transportes\/#breadcrumb","itemListElement":[{"@type":"ListItem","position":1,"name":"In\u00edcio","item":"https:\/\/redelitoralrs.com\/"},{"@type":"ListItem","position":2,"name":"Obra para conclus\u00e3o da nova ponte do Gua\u00edba deve iniciar em julho, prev\u00ea Minist\u00e9rio dos Transportes"}]},{"@type":"WebSite","@id":"https:\/\/redelitoralrs.com\/#website","url":"https:\/\/redelitoralrs.com\/","name":"TV Litoral","description":"Acompanhe tudo do litoral ga\u00facho com a cobertura completa e atualizada da Rede Litoral RS. Nossos jornalistas trazem as \u00faltimas not\u00edcias, os acontecimentos mais quentes e as hist\u00f3rias que importam sobre nosso amado litoral.","publisher":{"@id":"https:\/\/redelitoralrs.com\/#organization"},"potentialAction":[{"@type":"SearchAction","target":{"@type":"EntryPoint","urlTemplate":"https:\/\/redelitoralrs.com\/?s={search_term_string}"},"query-input":{"@type":"PropertyValueSpecification","valueRequired":true,"valueName":"search_term_string"}}],"inLanguage":"pt-BR"},{"@type":"Organization","@id":"https:\/\/redelitoralrs.com\/#organization","name":"TV Litoral","url":"https:\/\/redelitoralrs.com\/","logo":{"@type":"ImageObject","inLanguage":"pt-BR","@id":"https:\/\/redelitoralrs.com\/#\/schema\/logo\/image\/","url":"https:\/\/redelitoralrs.com\/wp-content\/uploads\/2024\/01\/faviconicon-1-1.png","contentUrl":"https:\/\/redelitoralrs.com\/wp-content\/uploads\/2024\/01\/faviconicon-1-1.png","width":454,"height":454,"caption":"TV Litoral"},"image":{"@id":"https:\/\/redelitoralrs.com\/#\/schema\/logo\/image\/"},"sameAs":["https:\/\/www.facebook.com\/tvlitoralrsoficial","https:\/\/www.instagram.com\/tvlitoral.rs"]},{"@type":"Person","@id":"https:\/\/redelitoralrs.com\/#\/schema\/person\/9f8181f2a7359dd3986f05ebaf5bd68a","name":"Reda\u00e7\u00e3o TV Litoral","image":{"@type":"ImageObject","inLanguage":"pt-BR","@id":"https:\/\/redelitoralrs.com\/wp-content\/litespeed\/avatar\/779aafbb45e66c7f82733e21abb48259.jpg?ver=1777561602","url":"https:\/\/redelitoralrs.com\/wp-content\/litespeed\/avatar\/779aafbb45e66c7f82733e21abb48259.jpg?ver=1777561602","contentUrl":"https:\/\/redelitoralrs.com\/wp-content\/litespeed\/avatar\/779aafbb45e66c7f82733e21abb48259.jpg?ver=1777561602","caption":"Reda\u00e7\u00e3o TV Litoral"},"description":"A Rede Litoral de Comunica\u00e7\u00e3o \u00e9 um grupo de m\u00eddia multiplataforma do Litoral Norte do RS. Com atua\u00e7\u00e3o em TV, r\u00e1dio, portal e redes sociais, levamos informa\u00e7\u00e3o, conte\u00fado e entretenimento \u00e0 comunidade, fortalecendo a comunica\u00e7\u00e3o local e impulsionando o desenvolvimento regional. Acompanhe atrav\u00e9s de @redelitoralrs.","sameAs":["https:\/\/redelitoralrs.com","https:\/\/www.instagram.com\/redelitoralrs","https:\/\/www.youtube.com\/@redelitoralrs"],"url":"https:\/\/redelitoralrs.com\/index.php\/author\/redacaotvlitoral\/"}]}},"_links":{"self":[{"href":"https:\/\/redelitoralrs.com\/index.php\/wp-json\/wp\/v2\/posts\/24880","targetHints":{"allow":["GET"]}}],"collection":[{"href":"https:\/\/redelitoralrs.com\/index.php\/wp-json\/wp\/v2\/posts"}],"about":[{"href":"https:\/\/redelitoralrs.com\/index.php\/wp-json\/wp\/v2\/types\/post"}],"author":[{"embeddable":true,"href":"https:\/\/redelitoralrs.com\/index.php\/wp-json\/wp\/v2\/users\/2"}],"replies":[{"embeddable":true,"href":"https:\/\/redelitoralrs.com\/index.php\/wp-json\/wp\/v2\/comments?post=24880"}],"version-history":[{"count":1,"href":"https:\/\/redelitoralrs.com\/index.php\/wp-json\/wp\/v2\/posts\/24880\/revisions"}],"predecessor-version":[{"id":24882,"href":"https:\/\/redelitoralrs.com\/index.php\/wp-json\/wp\/v2\/posts\/24880\/revisions\/24882"}],"wp:featuredmedia":[{"embeddable":true,"href":"https:\/\/redelitoralrs.com\/index.php\/wp-json\/wp\/v2\/media\/24881"}],"wp:attachment":[{"href":"https:\/\/redelitoralrs.com\/index.php\/wp-json\/wp\/v2\/media?parent=24880"}],"wp:term":[{"taxonomy":"category","embeddable":true,"href":"https:\/\/redelitoralrs.com\/index.php\/wp-json\/wp\/v2\/categories?post=24880"},{"taxonomy":"post_tag","embeddable":true,"href":"https:\/\/redelitoralrs.com\/index.php\/wp-json\/wp\/v2\/tags?post=24880"}],"curies":[{"name":"wp","href":"https:\/\/api.w.org\/{rel}","templated":true}]}}