{"id":24877,"date":"2026-04-30T15:19:58","date_gmt":"2026-04-30T18:19:58","guid":{"rendered":"https:\/\/redelitoralrs.com\/?p=24877"},"modified":"2026-04-30T15:19:59","modified_gmt":"2026-04-30T18:19:59","slug":"pelotas-inaugura-primeira-casa-da-igualdade-racial-do-sul-do-brasil","status":"publish","type":"post","link":"https:\/\/redelitoralrs.com\/index.php\/2026\/04\/30\/pelotas-inaugura-primeira-casa-da-igualdade-racial-do-sul-do-brasil\/","title":{"rendered":"Pelotas inaugura primeira Casa da Igualdade Racial do Sul do Brasil"},"content":{"rendered":"\n<p>O Minist\u00e9rio da Igualdade Racial inaugurou, nesta quinta-feira (30), a primeira Casa da Igualdade Racial da Regi\u00e3o Sul do pa\u00eds, no munic\u00edpio de Pelotas. A unidade \u00e9 a terceira do Brasil e passa a oferecer atendimento jur\u00eddico, social e psicol\u00f3gico especializado no enfrentamento ao racismo.<\/p>\n\n\n\n<p>Localizada na regi\u00e3o central da cidade, a estrutura come\u00e7a a atender o p\u00fablico a partir da pr\u00f3xima segunda-feira (4), com funcionamento de segunda a sexta-feira, das 8h \u00e0s 17h. O espa\u00e7o foi criado para atuar como centro de refer\u00eancia regional, ampliando o acesso a servi\u00e7os de acolhimento e garantia de direitos da popula\u00e7\u00e3o negra.<\/p>\n\n\n\n<p>A iniciativa funciona em regime de coopera\u00e7\u00e3o entre o governo federal e o munic\u00edpio. A Prefeitura de Pelotas \u00e9 respons\u00e1vel pela cess\u00e3o e gest\u00e3o do espa\u00e7o f\u00edsico, enquanto o governo federal realiza a contrata\u00e7\u00e3o da equipe multidisciplinar, formada por profissionais das \u00e1reas jur\u00eddica, social e psicol\u00f3gica.<\/p>\n\n\n\n<p>A escolha do munic\u00edpio levou em considera\u00e7\u00e3o a ades\u00e3o ao Sistema Nacional de Promo\u00e7\u00e3o da Igualdade Racial e o hist\u00f3rico regional relacionado \u00e0 tem\u00e1tica. Al\u00e9m do atendimento direto \u00e0s v\u00edtimas de racismo, a unidade tamb\u00e9m deve promover atividades formativas, como oficinas e a\u00e7\u00f5es educativas voltadas \u00e0 conscientiza\u00e7\u00e3o e combate \u00e0 discrimina\u00e7\u00e3o.<\/p>\n\n\n\n<p>A agenda da ministra Rachel Barros no Estado incluiu ainda compromissos no munic\u00edpio de Rio Grande, onde foram discutidas iniciativas ligadas \u00e0 valoriza\u00e7\u00e3o da cultura afro-brasileira, como o projeto de cria\u00e7\u00e3o do Museu Nacional do Batuque.<\/p>\n","protected":false},"excerpt":{"rendered":"<p>O Minist\u00e9rio da Igualdade Racial inaugurou, nesta quinta-feira (30), a primeira Casa da Igualdade Racial da Regi\u00e3o Sul do pa\u00eds, no munic\u00edpio de Pelotas. A unidade \u00e9 a terceira do Brasil e passa a oferecer atendimento jur\u00eddico, social e psicol\u00f3gico especializado no enfrentamento ao racismo. Localizada na regi\u00e3o central da cidade, a estrutura come\u00e7a a [&hellip;]<\/p>\n","protected":false},"author":2,"featured_media":24878,"comment_status":"open","ping_status":"open","sticky":false,"template":"","format":"standard","meta":{"_themeisle_gutenberg_block_has_review":false,"footnotes":""},"categories":[188,15],"tags":[],"class_list":["post-24877","post","type-post","status-publish","format-standard","has-post-thumbnail","hentry","category-rio-grande-do-sul","category-noticias"],"yoast_head":"<!-- This site is optimized with the Yoast SEO plugin v27.4 - https:\/\/yoast.com\/product\/yoast-seo-wordpress\/ -->\n<title>Pelotas inaugura primeira Casa da Igualdade Racial do Sul do Brasil - Rede Litoral RS<\/title>\n<meta name=\"robots\" content=\"index, follow, max-snippet:-1, max-image-preview:large, max-video-preview:-1\" \/>\n<link rel=\"canonical\" href=\"https:\/\/redelitoralrs.com\/index.php\/2026\/04\/30\/pelotas-inaugura-primeira-casa-da-igualdade-racial-do-sul-do-brasil\/\" \/>\n<meta property=\"og:locale\" content=\"pt_BR\" \/>\n<meta property=\"og:type\" content=\"article\" \/>\n<meta property=\"og:title\" content=\"Pelotas inaugura primeira Casa da Igualdade Racial do Sul do Brasil - Rede Litoral RS\" \/>\n<meta property=\"og:description\" content=\"O Minist\u00e9rio da Igualdade Racial inaugurou, nesta quinta-feira (30), a primeira Casa da Igualdade Racial da Regi\u00e3o Sul do pa\u00eds, no munic\u00edpio de Pelotas. A unidade \u00e9 a terceira do Brasil e passa a oferecer atendimento jur\u00eddico, social e psicol\u00f3gico especializado no enfrentamento ao racismo. Localizada na regi\u00e3o central da cidade, a estrutura come\u00e7a a [&hellip;]\" \/>\n<meta property=\"og:url\" content=\"https:\/\/redelitoralrs.com\/index.php\/2026\/04\/30\/pelotas-inaugura-primeira-casa-da-igualdade-racial-do-sul-do-brasil\/\" \/>\n<meta property=\"og:site_name\" content=\"Rede Litoral RS\" \/>\n<meta property=\"article:publisher\" content=\"https:\/\/www.facebook.com\/tvlitoralrsoficial\" \/>\n<meta property=\"article:published_time\" content=\"2026-04-30T18:19:58+00:00\" \/>\n<meta property=\"article:modified_time\" content=\"2026-04-30T18:19:59+00:00\" \/>\n<meta property=\"og:image\" content=\"https:\/\/redelitoralrs.com\/wp-content\/uploads\/2026\/04\/6115835_6fedd1dc27adb79.webp\" \/>\n\t<meta property=\"og:image:width\" content=\"1400\" \/>\n\t<meta property=\"og:image:height\" content=\"932\" \/>\n\t<meta property=\"og:image:type\" content=\"image\/webp\" \/>\n<meta name=\"author\" content=\"Reda\u00e7\u00e3o TV Litoral\" \/>\n<meta name=\"twitter:card\" content=\"summary_large_image\" \/>\n<meta name=\"twitter:label1\" content=\"Escrito por\" \/>\n\t<meta name=\"twitter:data1\" content=\"Reda\u00e7\u00e3o TV Litoral\" \/>\n\t<meta name=\"twitter:label2\" content=\"Est. tempo de leitura\" \/>\n\t<meta name=\"twitter:data2\" content=\"2 minutos\" \/>\n<script type=\"application\/ld+json\" class=\"yoast-schema-graph\">{\"@context\":\"https:\\\/\\\/schema.org\",\"@graph\":[{\"@type\":\"Article\",\"@id\":\"https:\\\/\\\/redelitoralrs.com\\\/index.php\\\/2026\\\/04\\\/30\\\/pelotas-inaugura-primeira-casa-da-igualdade-racial-do-sul-do-brasil\\\/#article\",\"isPartOf\":{\"@id\":\"https:\\\/\\\/redelitoralrs.com\\\/index.php\\\/2026\\\/04\\\/30\\\/pelotas-inaugura-primeira-casa-da-igualdade-racial-do-sul-do-brasil\\\/\"},\"author\":{\"name\":\"Reda\u00e7\u00e3o TV Litoral\",\"@id\":\"https:\\\/\\\/redelitoralrs.com\\\/#\\\/schema\\\/person\\\/9f8181f2a7359dd3986f05ebaf5bd68a\"},\"headline\":\"Pelotas inaugura primeira Casa da Igualdade Racial do Sul do Brasil\",\"datePublished\":\"2026-04-30T18:19:58+00:00\",\"dateModified\":\"2026-04-30T18:19:59+00:00\",\"mainEntityOfPage\":{\"@id\":\"https:\\\/\\\/redelitoralrs.com\\\/index.php\\\/2026\\\/04\\\/30\\\/pelotas-inaugura-primeira-casa-da-igualdade-racial-do-sul-do-brasil\\\/\"},\"wordCount\":274,\"commentCount\":0,\"publisher\":{\"@id\":\"https:\\\/\\\/redelitoralrs.com\\\/#organization\"},\"image\":{\"@id\":\"https:\\\/\\\/redelitoralrs.com\\\/index.php\\\/2026\\\/04\\\/30\\\/pelotas-inaugura-primeira-casa-da-igualdade-racial-do-sul-do-brasil\\\/#primaryimage\"},\"thumbnailUrl\":\"https:\\\/\\\/redelitoralrs.com\\\/wp-content\\\/uploads\\\/2026\\\/04\\\/6115835_6fedd1dc27adb79.webp\",\"articleSection\":[\"Rio Grande do Sul\",\"\u00daltimas not\u00edcias\"],\"inLanguage\":\"pt-BR\",\"potentialAction\":[{\"@type\":\"CommentAction\",\"name\":\"Comment\",\"target\":[\"https:\\\/\\\/redelitoralrs.com\\\/index.php\\\/2026\\\/04\\\/30\\\/pelotas-inaugura-primeira-casa-da-igualdade-racial-do-sul-do-brasil\\\/#respond\"]}]},{\"@type\":\"WebPage\",\"@id\":\"https:\\\/\\\/redelitoralrs.com\\\/index.php\\\/2026\\\/04\\\/30\\\/pelotas-inaugura-primeira-casa-da-igualdade-racial-do-sul-do-brasil\\\/\",\"url\":\"https:\\\/\\\/redelitoralrs.com\\\/index.php\\\/2026\\\/04\\\/30\\\/pelotas-inaugura-primeira-casa-da-igualdade-racial-do-sul-do-brasil\\\/\",\"name\":\"Pelotas inaugura primeira Casa da Igualdade Racial do Sul do Brasil - Rede Litoral RS\",\"isPartOf\":{\"@id\":\"https:\\\/\\\/redelitoralrs.com\\\/#website\"},\"primaryImageOfPage\":{\"@id\":\"https:\\\/\\\/redelitoralrs.com\\\/index.php\\\/2026\\\/04\\\/30\\\/pelotas-inaugura-primeira-casa-da-igualdade-racial-do-sul-do-brasil\\\/#primaryimage\"},\"image\":{\"@id\":\"https:\\\/\\\/redelitoralrs.com\\\/index.php\\\/2026\\\/04\\\/30\\\/pelotas-inaugura-primeira-casa-da-igualdade-racial-do-sul-do-brasil\\\/#primaryimage\"},\"thumbnailUrl\":\"https:\\\/\\\/redelitoralrs.com\\\/wp-content\\\/uploads\\\/2026\\\/04\\\/6115835_6fedd1dc27adb79.webp\",\"datePublished\":\"2026-04-30T18:19:58+00:00\",\"dateModified\":\"2026-04-30T18:19:59+00:00\",\"breadcrumb\":{\"@id\":\"https:\\\/\\\/redelitoralrs.com\\\/index.php\\\/2026\\\/04\\\/30\\\/pelotas-inaugura-primeira-casa-da-igualdade-racial-do-sul-do-brasil\\\/#breadcrumb\"},\"inLanguage\":\"pt-BR\",\"potentialAction\":[{\"@type\":\"ReadAction\",\"target\":[\"https:\\\/\\\/redelitoralrs.com\\\/index.php\\\/2026\\\/04\\\/30\\\/pelotas-inaugura-primeira-casa-da-igualdade-racial-do-sul-do-brasil\\\/\"]}]},{\"@type\":\"ImageObject\",\"inLanguage\":\"pt-BR\",\"@id\":\"https:\\\/\\\/redelitoralrs.com\\\/index.php\\\/2026\\\/04\\\/30\\\/pelotas-inaugura-primeira-casa-da-igualdade-racial-do-sul-do-brasil\\\/#primaryimage\",\"url\":\"https:\\\/\\\/redelitoralrs.com\\\/wp-content\\\/uploads\\\/2026\\\/04\\\/6115835_6fedd1dc27adb79.webp\",\"contentUrl\":\"https:\\\/\\\/redelitoralrs.com\\\/wp-content\\\/uploads\\\/2026\\\/04\\\/6115835_6fedd1dc27adb79.webp\",\"width\":1400,\"height\":932,\"caption\":\"Foto: Igor Islab\u00e3o \\\/ Grupo RBS\"},{\"@type\":\"BreadcrumbList\",\"@id\":\"https:\\\/\\\/redelitoralrs.com\\\/index.php\\\/2026\\\/04\\\/30\\\/pelotas-inaugura-primeira-casa-da-igualdade-racial-do-sul-do-brasil\\\/#breadcrumb\",\"itemListElement\":[{\"@type\":\"ListItem\",\"position\":1,\"name\":\"In\u00edcio\",\"item\":\"https:\\\/\\\/redelitoralrs.com\\\/\"},{\"@type\":\"ListItem\",\"position\":2,\"name\":\"Pelotas inaugura primeira Casa da Igualdade Racial do Sul do Brasil\"}]},{\"@type\":\"WebSite\",\"@id\":\"https:\\\/\\\/redelitoralrs.com\\\/#website\",\"url\":\"https:\\\/\\\/redelitoralrs.com\\\/\",\"name\":\"TV Litoral\",\"description\":\"Acompanhe tudo do litoral ga\u00facho com a cobertura completa e atualizada da Rede Litoral RS. Nossos jornalistas trazem as \u00faltimas not\u00edcias, os acontecimentos mais quentes e as hist\u00f3rias que importam sobre nosso amado litoral.\",\"publisher\":{\"@id\":\"https:\\\/\\\/redelitoralrs.com\\\/#organization\"},\"potentialAction\":[{\"@type\":\"SearchAction\",\"target\":{\"@type\":\"EntryPoint\",\"urlTemplate\":\"https:\\\/\\\/redelitoralrs.com\\\/?s={search_term_string}\"},\"query-input\":{\"@type\":\"PropertyValueSpecification\",\"valueRequired\":true,\"valueName\":\"search_term_string\"}}],\"inLanguage\":\"pt-BR\"},{\"@type\":\"Organization\",\"@id\":\"https:\\\/\\\/redelitoralrs.com\\\/#organization\",\"name\":\"TV Litoral\",\"url\":\"https:\\\/\\\/redelitoralrs.com\\\/\",\"logo\":{\"@type\":\"ImageObject\",\"inLanguage\":\"pt-BR\",\"@id\":\"https:\\\/\\\/redelitoralrs.com\\\/#\\\/schema\\\/logo\\\/image\\\/\",\"url\":\"https:\\\/\\\/redelitoralrs.com\\\/wp-content\\\/uploads\\\/2024\\\/01\\\/faviconicon-1-1.png\",\"contentUrl\":\"https:\\\/\\\/redelitoralrs.com\\\/wp-content\\\/uploads\\\/2024\\\/01\\\/faviconicon-1-1.png\",\"width\":454,\"height\":454,\"caption\":\"TV Litoral\"},\"image\":{\"@id\":\"https:\\\/\\\/redelitoralrs.com\\\/#\\\/schema\\\/logo\\\/image\\\/\"},\"sameAs\":[\"https:\\\/\\\/www.facebook.com\\\/tvlitoralrsoficial\",\"https:\\\/\\\/www.instagram.com\\\/tvlitoral.rs\"]},{\"@type\":\"Person\",\"@id\":\"https:\\\/\\\/redelitoralrs.com\\\/#\\\/schema\\\/person\\\/9f8181f2a7359dd3986f05ebaf5bd68a\",\"name\":\"Reda\u00e7\u00e3o TV Litoral\",\"image\":{\"@type\":\"ImageObject\",\"inLanguage\":\"pt-BR\",\"@id\":\"https:\\\/\\\/redelitoralrs.com\\\/wp-content\\\/litespeed\\\/avatar\\\/779aafbb45e66c7f82733e21abb48259.jpg?ver=1777561602\",\"url\":\"https:\\\/\\\/redelitoralrs.com\\\/wp-content\\\/litespeed\\\/avatar\\\/779aafbb45e66c7f82733e21abb48259.jpg?ver=1777561602\",\"contentUrl\":\"https:\\\/\\\/redelitoralrs.com\\\/wp-content\\\/litespeed\\\/avatar\\\/779aafbb45e66c7f82733e21abb48259.jpg?ver=1777561602\",\"caption\":\"Reda\u00e7\u00e3o TV Litoral\"},\"description\":\"A Rede Litoral de Comunica\u00e7\u00e3o \u00e9 um grupo de m\u00eddia multiplataforma do Litoral Norte do RS. Com atua\u00e7\u00e3o em TV, r\u00e1dio, portal e redes sociais, levamos informa\u00e7\u00e3o, conte\u00fado e entretenimento \u00e0 comunidade, fortalecendo a comunica\u00e7\u00e3o local e impulsionando o desenvolvimento regional. Acompanhe atrav\u00e9s de @redelitoralrs.\",\"sameAs\":[\"https:\\\/\\\/redelitoralrs.com\",\"https:\\\/\\\/www.instagram.com\\\/redelitoralrs\",\"https:\\\/\\\/www.youtube.com\\\/@redelitoralrs\"],\"url\":\"https:\\\/\\\/redelitoralrs.com\\\/index.php\\\/author\\\/redacaotvlitoral\\\/\"}]}<\/script>\n<!-- \/ Yoast SEO plugin. -->","yoast_head_json":{"title":"Pelotas inaugura primeira Casa da Igualdade Racial do Sul do Brasil - Rede Litoral RS","robots":{"index":"index","follow":"follow","max-snippet":"max-snippet:-1","max-image-preview":"max-image-preview:large","max-video-preview":"max-video-preview:-1"},"canonical":"https:\/\/redelitoralrs.com\/index.php\/2026\/04\/30\/pelotas-inaugura-primeira-casa-da-igualdade-racial-do-sul-do-brasil\/","og_locale":"pt_BR","og_type":"article","og_title":"Pelotas inaugura primeira Casa da Igualdade Racial do Sul do Brasil - Rede Litoral RS","og_description":"O Minist\u00e9rio da Igualdade Racial inaugurou, nesta quinta-feira (30), a primeira Casa da Igualdade Racial da Regi\u00e3o Sul do pa\u00eds, no munic\u00edpio de Pelotas. A unidade \u00e9 a terceira do Brasil e passa a oferecer atendimento jur\u00eddico, social e psicol\u00f3gico especializado no enfrentamento ao racismo. Localizada na regi\u00e3o central da cidade, a estrutura come\u00e7a a [&hellip;]","og_url":"https:\/\/redelitoralrs.com\/index.php\/2026\/04\/30\/pelotas-inaugura-primeira-casa-da-igualdade-racial-do-sul-do-brasil\/","og_site_name":"Rede Litoral RS","article_publisher":"https:\/\/www.facebook.com\/tvlitoralrsoficial","article_published_time":"2026-04-30T18:19:58+00:00","article_modified_time":"2026-04-30T18:19:59+00:00","og_image":[{"width":1400,"height":932,"url":"https:\/\/redelitoralrs.com\/wp-content\/uploads\/2026\/04\/6115835_6fedd1dc27adb79.webp","type":"image\/webp"}],"author":"Reda\u00e7\u00e3o TV Litoral","twitter_card":"summary_large_image","twitter_misc":{"Escrito por":"Reda\u00e7\u00e3o TV Litoral","Est. tempo de leitura":"2 minutos"},"schema":{"@context":"https:\/\/schema.org","@graph":[{"@type":"Article","@id":"https:\/\/redelitoralrs.com\/index.php\/2026\/04\/30\/pelotas-inaugura-primeira-casa-da-igualdade-racial-do-sul-do-brasil\/#article","isPartOf":{"@id":"https:\/\/redelitoralrs.com\/index.php\/2026\/04\/30\/pelotas-inaugura-primeira-casa-da-igualdade-racial-do-sul-do-brasil\/"},"author":{"name":"Reda\u00e7\u00e3o TV Litoral","@id":"https:\/\/redelitoralrs.com\/#\/schema\/person\/9f8181f2a7359dd3986f05ebaf5bd68a"},"headline":"Pelotas inaugura primeira Casa da Igualdade Racial do Sul do Brasil","datePublished":"2026-04-30T18:19:58+00:00","dateModified":"2026-04-30T18:19:59+00:00","mainEntityOfPage":{"@id":"https:\/\/redelitoralrs.com\/index.php\/2026\/04\/30\/pelotas-inaugura-primeira-casa-da-igualdade-racial-do-sul-do-brasil\/"},"wordCount":274,"commentCount":0,"publisher":{"@id":"https:\/\/redelitoralrs.com\/#organization"},"image":{"@id":"https:\/\/redelitoralrs.com\/index.php\/2026\/04\/30\/pelotas-inaugura-primeira-casa-da-igualdade-racial-do-sul-do-brasil\/#primaryimage"},"thumbnailUrl":"https:\/\/redelitoralrs.com\/wp-content\/uploads\/2026\/04\/6115835_6fedd1dc27adb79.webp","articleSection":["Rio Grande do Sul","\u00daltimas not\u00edcias"],"inLanguage":"pt-BR","potentialAction":[{"@type":"CommentAction","name":"Comment","target":["https:\/\/redelitoralrs.com\/index.php\/2026\/04\/30\/pelotas-inaugura-primeira-casa-da-igualdade-racial-do-sul-do-brasil\/#respond"]}]},{"@type":"WebPage","@id":"https:\/\/redelitoralrs.com\/index.php\/2026\/04\/30\/pelotas-inaugura-primeira-casa-da-igualdade-racial-do-sul-do-brasil\/","url":"https:\/\/redelitoralrs.com\/index.php\/2026\/04\/30\/pelotas-inaugura-primeira-casa-da-igualdade-racial-do-sul-do-brasil\/","name":"Pelotas inaugura primeira Casa da Igualdade Racial do Sul do Brasil - Rede Litoral RS","isPartOf":{"@id":"https:\/\/redelitoralrs.com\/#website"},"primaryImageOfPage":{"@id":"https:\/\/redelitoralrs.com\/index.php\/2026\/04\/30\/pelotas-inaugura-primeira-casa-da-igualdade-racial-do-sul-do-brasil\/#primaryimage"},"image":{"@id":"https:\/\/redelitoralrs.com\/index.php\/2026\/04\/30\/pelotas-inaugura-primeira-casa-da-igualdade-racial-do-sul-do-brasil\/#primaryimage"},"thumbnailUrl":"https:\/\/redelitoralrs.com\/wp-content\/uploads\/2026\/04\/6115835_6fedd1dc27adb79.webp","datePublished":"2026-04-30T18:19:58+00:00","dateModified":"2026-04-30T18:19:59+00:00","breadcrumb":{"@id":"https:\/\/redelitoralrs.com\/index.php\/2026\/04\/30\/pelotas-inaugura-primeira-casa-da-igualdade-racial-do-sul-do-brasil\/#breadcrumb"},"inLanguage":"pt-BR","potentialAction":[{"@type":"ReadAction","target":["https:\/\/redelitoralrs.com\/index.php\/2026\/04\/30\/pelotas-inaugura-primeira-casa-da-igualdade-racial-do-sul-do-brasil\/"]}]},{"@type":"ImageObject","inLanguage":"pt-BR","@id":"https:\/\/redelitoralrs.com\/index.php\/2026\/04\/30\/pelotas-inaugura-primeira-casa-da-igualdade-racial-do-sul-do-brasil\/#primaryimage","url":"https:\/\/redelitoralrs.com\/wp-content\/uploads\/2026\/04\/6115835_6fedd1dc27adb79.webp","contentUrl":"https:\/\/redelitoralrs.com\/wp-content\/uploads\/2026\/04\/6115835_6fedd1dc27adb79.webp","width":1400,"height":932,"caption":"Foto: Igor Islab\u00e3o \/ Grupo RBS"},{"@type":"BreadcrumbList","@id":"https:\/\/redelitoralrs.com\/index.php\/2026\/04\/30\/pelotas-inaugura-primeira-casa-da-igualdade-racial-do-sul-do-brasil\/#breadcrumb","itemListElement":[{"@type":"ListItem","position":1,"name":"In\u00edcio","item":"https:\/\/redelitoralrs.com\/"},{"@type":"ListItem","position":2,"name":"Pelotas inaugura primeira Casa da Igualdade Racial do Sul do Brasil"}]},{"@type":"WebSite","@id":"https:\/\/redelitoralrs.com\/#website","url":"https:\/\/redelitoralrs.com\/","name":"TV Litoral","description":"Acompanhe tudo do litoral ga\u00facho com a cobertura completa e atualizada da Rede Litoral RS. Nossos jornalistas trazem as \u00faltimas not\u00edcias, os acontecimentos mais quentes e as hist\u00f3rias que importam sobre nosso amado litoral.","publisher":{"@id":"https:\/\/redelitoralrs.com\/#organization"},"potentialAction":[{"@type":"SearchAction","target":{"@type":"EntryPoint","urlTemplate":"https:\/\/redelitoralrs.com\/?s={search_term_string}"},"query-input":{"@type":"PropertyValueSpecification","valueRequired":true,"valueName":"search_term_string"}}],"inLanguage":"pt-BR"},{"@type":"Organization","@id":"https:\/\/redelitoralrs.com\/#organization","name":"TV Litoral","url":"https:\/\/redelitoralrs.com\/","logo":{"@type":"ImageObject","inLanguage":"pt-BR","@id":"https:\/\/redelitoralrs.com\/#\/schema\/logo\/image\/","url":"https:\/\/redelitoralrs.com\/wp-content\/uploads\/2024\/01\/faviconicon-1-1.png","contentUrl":"https:\/\/redelitoralrs.com\/wp-content\/uploads\/2024\/01\/faviconicon-1-1.png","width":454,"height":454,"caption":"TV Litoral"},"image":{"@id":"https:\/\/redelitoralrs.com\/#\/schema\/logo\/image\/"},"sameAs":["https:\/\/www.facebook.com\/tvlitoralrsoficial","https:\/\/www.instagram.com\/tvlitoral.rs"]},{"@type":"Person","@id":"https:\/\/redelitoralrs.com\/#\/schema\/person\/9f8181f2a7359dd3986f05ebaf5bd68a","name":"Reda\u00e7\u00e3o TV Litoral","image":{"@type":"ImageObject","inLanguage":"pt-BR","@id":"https:\/\/redelitoralrs.com\/wp-content\/litespeed\/avatar\/779aafbb45e66c7f82733e21abb48259.jpg?ver=1777561602","url":"https:\/\/redelitoralrs.com\/wp-content\/litespeed\/avatar\/779aafbb45e66c7f82733e21abb48259.jpg?ver=1777561602","contentUrl":"https:\/\/redelitoralrs.com\/wp-content\/litespeed\/avatar\/779aafbb45e66c7f82733e21abb48259.jpg?ver=1777561602","caption":"Reda\u00e7\u00e3o TV Litoral"},"description":"A Rede Litoral de Comunica\u00e7\u00e3o \u00e9 um grupo de m\u00eddia multiplataforma do Litoral Norte do RS. Com atua\u00e7\u00e3o em TV, r\u00e1dio, portal e redes sociais, levamos informa\u00e7\u00e3o, conte\u00fado e entretenimento \u00e0 comunidade, fortalecendo a comunica\u00e7\u00e3o local e impulsionando o desenvolvimento regional. Acompanhe atrav\u00e9s de @redelitoralrs.","sameAs":["https:\/\/redelitoralrs.com","https:\/\/www.instagram.com\/redelitoralrs","https:\/\/www.youtube.com\/@redelitoralrs"],"url":"https:\/\/redelitoralrs.com\/index.php\/author\/redacaotvlitoral\/"}]}},"_links":{"self":[{"href":"https:\/\/redelitoralrs.com\/index.php\/wp-json\/wp\/v2\/posts\/24877","targetHints":{"allow":["GET"]}}],"collection":[{"href":"https:\/\/redelitoralrs.com\/index.php\/wp-json\/wp\/v2\/posts"}],"about":[{"href":"https:\/\/redelitoralrs.com\/index.php\/wp-json\/wp\/v2\/types\/post"}],"author":[{"embeddable":true,"href":"https:\/\/redelitoralrs.com\/index.php\/wp-json\/wp\/v2\/users\/2"}],"replies":[{"embeddable":true,"href":"https:\/\/redelitoralrs.com\/index.php\/wp-json\/wp\/v2\/comments?post=24877"}],"version-history":[{"count":1,"href":"https:\/\/redelitoralrs.com\/index.php\/wp-json\/wp\/v2\/posts\/24877\/revisions"}],"predecessor-version":[{"id":24879,"href":"https:\/\/redelitoralrs.com\/index.php\/wp-json\/wp\/v2\/posts\/24877\/revisions\/24879"}],"wp:featuredmedia":[{"embeddable":true,"href":"https:\/\/redelitoralrs.com\/index.php\/wp-json\/wp\/v2\/media\/24878"}],"wp:attachment":[{"href":"https:\/\/redelitoralrs.com\/index.php\/wp-json\/wp\/v2\/media?parent=24877"}],"wp:term":[{"taxonomy":"category","embeddable":true,"href":"https:\/\/redelitoralrs.com\/index.php\/wp-json\/wp\/v2\/categories?post=24877"},{"taxonomy":"post_tag","embeddable":true,"href":"https:\/\/redelitoralrs.com\/index.php\/wp-json\/wp\/v2\/tags?post=24877"}],"curies":[{"name":"wp","href":"https:\/\/api.w.org\/{rel}","templated":true}]}}