{"id":24869,"date":"2026-04-30T14:39:02","date_gmt":"2026-04-30T17:39:02","guid":{"rendered":"https:\/\/redelitoralrs.com\/?p=24869"},"modified":"2026-04-30T15:06:01","modified_gmt":"2026-04-30T18:06:01","slug":"senado-rejeita-indicacao-de-jorge-messias-ao-stf-em-decisao-historica","status":"publish","type":"post","link":"https:\/\/redelitoralrs.com\/index.php\/2026\/04\/30\/senado-rejeita-indicacao-de-jorge-messias-ao-stf-em-decisao-historica\/","title":{"rendered":"Senado rejeita indica\u00e7\u00e3o de Jorge Messias ao STF em decis\u00e3o hist\u00f3rica"},"content":{"rendered":"\n<p>O Senado Federal do Brasil rejeitou, na noite de quarta-feira (29), a indica\u00e7\u00e3o de Jorge Rodrigo Ara\u00fajo Messias para o cargo de ministro do Supremo Tribunal Federal. A vota\u00e7\u00e3o terminou com 42 votos contr\u00e1rios e 34 favor\u00e1veis, n\u00famero insuficiente para alcan\u00e7ar a maioria necess\u00e1ria de 41 votos entre os 81 senadores. Com isso, o nome foi oficialmente arquivado.<\/p>\n\n\n\n<p>A decis\u00e3o marca um fato in\u00e9dito em mais de 130 anos, sendo a primeira vez nesse per\u00edodo que o plen\u00e1rio rejeita uma indica\u00e7\u00e3o para a Suprema Corte. Os \u00fanicos precedentes ocorreram em 1894, durante o governo do marechal Floriano Peixoto, quando cinco nomes foram recusados.<\/p>\n\n\n\n<p>A vota\u00e7\u00e3o ocorreu de forma r\u00e1pida, com dura\u00e7\u00e3o de pouco mais de sete minutos, ap\u00f3s a aprova\u00e7\u00e3o pr\u00e9via do nome na Comiss\u00e3o de Constitui\u00e7\u00e3o e Justi\u00e7a (CCJ), onde havia recebido 16 votos favor\u00e1veis e 11 contr\u00e1rios no mesmo dia.<\/p>\n\n\n\n<p>Indicado pelo presidente Luiz In\u00e1cio Lula da Silva, Messias havia sido escolhido para ocupar a vaga deixada por Lu\u00eds Roberto Barroso, que se aposentou antecipadamente em outubro de 2025.<\/p>\n\n\n\n<p>Antes da an\u00e1lise da indica\u00e7\u00e3o ao STF, o Senado aprovou outros nomes para cargos no sistema de Justi\u00e7a, incluindo vagas no Conselho Nacional de Justi\u00e7a (CNJ), no Conselho Nacional do Minist\u00e9rio P\u00fablico (CNMP), al\u00e9m da indica\u00e7\u00e3o de ministra para o Tribunal Superior do Trabalho (TST) e da defensora p\u00fablica-geral federal.<\/p>\n\n\n\n<p>A rejei\u00e7\u00e3o j\u00e1 apresentava sinais pr\u00e9vios em algumas bancadas estaduais, como a do Rio Grande do Sul. Entre os tr\u00eas senadores ga\u00fachos, apenas Paulo Paim votou favoravelmente \u00e0 indica\u00e7\u00e3o. J\u00e1 Hamilton Mour\u00e3o e Luiz Carlos Heinze se posicionaram contra, citando, entre os motivos, questionamentos sobre a proximidade do indicado com governos petistas e a necessidade de garantir independ\u00eancia entre os Poderes. O resultado no plen\u00e1rio confirmou o cen\u00e1rio de resist\u00eancia, mesmo ap\u00f3s a aprova\u00e7\u00e3o do nome na CCJ.<\/p>\n\n\n\n<p>Ap\u00f3s o resultado, o presidente do Senado, Davi Alcolumbre, encerrou a sess\u00e3o plen\u00e1ria.<\/p>\n","protected":false},"excerpt":{"rendered":"<p>O Senado Federal do Brasil rejeitou, na noite de quarta-feira (29), a indica\u00e7\u00e3o de Jorge Rodrigo Ara\u00fajo Messias para o cargo de ministro do Supremo Tribunal Federal. A vota\u00e7\u00e3o terminou com 42 votos contr\u00e1rios e 34 favor\u00e1veis, n\u00famero insuficiente para alcan\u00e7ar a maioria necess\u00e1ria de 41 votos entre os 81 senadores. Com isso, o nome [&hellip;]<\/p>\n","protected":false},"author":2,"featured_media":24870,"comment_status":"open","ping_status":"open","sticky":false,"template":"","format":"standard","meta":{"_themeisle_gutenberg_block_has_review":false,"footnotes":""},"categories":[246,16,15],"tags":[],"class_list":["post-24869","post","type-post","status-publish","format-standard","has-post-thumbnail","hentry","category-brasil","category-politica","category-noticias"],"yoast_head":"<!-- This site is optimized with the Yoast SEO plugin v27.4 - https:\/\/yoast.com\/product\/yoast-seo-wordpress\/ -->\n<title>Senado rejeita indica\u00e7\u00e3o de Jorge Messias ao STF em decis\u00e3o hist\u00f3rica - Rede Litoral RS<\/title>\n<meta name=\"robots\" content=\"index, follow, max-snippet:-1, max-image-preview:large, max-video-preview:-1\" \/>\n<link rel=\"canonical\" href=\"https:\/\/redelitoralrs.com\/index.php\/2026\/04\/30\/senado-rejeita-indicacao-de-jorge-messias-ao-stf-em-decisao-historica\/\" \/>\n<meta property=\"og:locale\" content=\"pt_BR\" \/>\n<meta property=\"og:type\" content=\"article\" \/>\n<meta property=\"og:title\" content=\"Senado rejeita indica\u00e7\u00e3o de Jorge Messias ao STF em decis\u00e3o hist\u00f3rica - Rede Litoral RS\" \/>\n<meta property=\"og:description\" content=\"O Senado Federal do Brasil rejeitou, na noite de quarta-feira (29), a indica\u00e7\u00e3o de Jorge Rodrigo Ara\u00fajo Messias para o cargo de ministro do Supremo Tribunal Federal. A vota\u00e7\u00e3o terminou com 42 votos contr\u00e1rios e 34 favor\u00e1veis, n\u00famero insuficiente para alcan\u00e7ar a maioria necess\u00e1ria de 41 votos entre os 81 senadores. Com isso, o nome [&hellip;]\" \/>\n<meta property=\"og:url\" content=\"https:\/\/redelitoralrs.com\/index.php\/2026\/04\/30\/senado-rejeita-indicacao-de-jorge-messias-ao-stf-em-decisao-historica\/\" \/>\n<meta property=\"og:site_name\" content=\"Rede Litoral RS\" \/>\n<meta property=\"article:publisher\" content=\"https:\/\/www.facebook.com\/tvlitoralrsoficial\" \/>\n<meta property=\"article:published_time\" content=\"2026-04-30T17:39:02+00:00\" \/>\n<meta property=\"article:modified_time\" content=\"2026-04-30T18:06:01+00:00\" \/>\n<meta property=\"og:image\" content=\"https:\/\/redelitoralrs.com\/wp-content\/uploads\/2026\/04\/0d9a3604.webp\" \/>\n\t<meta property=\"og:image:width\" content=\"1170\" \/>\n\t<meta property=\"og:image:height\" content=\"700\" \/>\n\t<meta property=\"og:image:type\" content=\"image\/webp\" \/>\n<meta name=\"author\" content=\"Reda\u00e7\u00e3o TV Litoral\" \/>\n<meta name=\"twitter:card\" content=\"summary_large_image\" \/>\n<meta name=\"twitter:label1\" content=\"Escrito por\" \/>\n\t<meta name=\"twitter:data1\" content=\"Reda\u00e7\u00e3o TV Litoral\" \/>\n\t<meta name=\"twitter:label2\" content=\"Est. tempo de leitura\" \/>\n\t<meta name=\"twitter:data2\" content=\"2 minutos\" \/>\n<script type=\"application\/ld+json\" class=\"yoast-schema-graph\">{\"@context\":\"https:\\\/\\\/schema.org\",\"@graph\":[{\"@type\":\"Article\",\"@id\":\"https:\\\/\\\/redelitoralrs.com\\\/index.php\\\/2026\\\/04\\\/30\\\/senado-rejeita-indicacao-de-jorge-messias-ao-stf-em-decisao-historica\\\/#article\",\"isPartOf\":{\"@id\":\"https:\\\/\\\/redelitoralrs.com\\\/index.php\\\/2026\\\/04\\\/30\\\/senado-rejeita-indicacao-de-jorge-messias-ao-stf-em-decisao-historica\\\/\"},\"author\":{\"name\":\"Reda\u00e7\u00e3o TV Litoral\",\"@id\":\"https:\\\/\\\/redelitoralrs.com\\\/#\\\/schema\\\/person\\\/9f8181f2a7359dd3986f05ebaf5bd68a\"},\"headline\":\"Senado rejeita indica\u00e7\u00e3o de Jorge Messias ao STF em decis\u00e3o hist\u00f3rica\",\"datePublished\":\"2026-04-30T17:39:02+00:00\",\"dateModified\":\"2026-04-30T18:06:01+00:00\",\"mainEntityOfPage\":{\"@id\":\"https:\\\/\\\/redelitoralrs.com\\\/index.php\\\/2026\\\/04\\\/30\\\/senado-rejeita-indicacao-de-jorge-messias-ao-stf-em-decisao-historica\\\/\"},\"wordCount\":365,\"commentCount\":0,\"publisher\":{\"@id\":\"https:\\\/\\\/redelitoralrs.com\\\/#organization\"},\"image\":{\"@id\":\"https:\\\/\\\/redelitoralrs.com\\\/index.php\\\/2026\\\/04\\\/30\\\/senado-rejeita-indicacao-de-jorge-messias-ao-stf-em-decisao-historica\\\/#primaryimage\"},\"thumbnailUrl\":\"https:\\\/\\\/redelitoralrs.com\\\/wp-content\\\/uploads\\\/2026\\\/04\\\/0d9a3604.webp\",\"articleSection\":[\"Brasil\",\"Pol\u00edtica\",\"\u00daltimas not\u00edcias\"],\"inLanguage\":\"pt-BR\",\"potentialAction\":[{\"@type\":\"CommentAction\",\"name\":\"Comment\",\"target\":[\"https:\\\/\\\/redelitoralrs.com\\\/index.php\\\/2026\\\/04\\\/30\\\/senado-rejeita-indicacao-de-jorge-messias-ao-stf-em-decisao-historica\\\/#respond\"]}]},{\"@type\":\"WebPage\",\"@id\":\"https:\\\/\\\/redelitoralrs.com\\\/index.php\\\/2026\\\/04\\\/30\\\/senado-rejeita-indicacao-de-jorge-messias-ao-stf-em-decisao-historica\\\/\",\"url\":\"https:\\\/\\\/redelitoralrs.com\\\/index.php\\\/2026\\\/04\\\/30\\\/senado-rejeita-indicacao-de-jorge-messias-ao-stf-em-decisao-historica\\\/\",\"name\":\"Senado rejeita indica\u00e7\u00e3o de Jorge Messias ao STF em decis\u00e3o hist\u00f3rica - Rede Litoral RS\",\"isPartOf\":{\"@id\":\"https:\\\/\\\/redelitoralrs.com\\\/#website\"},\"primaryImageOfPage\":{\"@id\":\"https:\\\/\\\/redelitoralrs.com\\\/index.php\\\/2026\\\/04\\\/30\\\/senado-rejeita-indicacao-de-jorge-messias-ao-stf-em-decisao-historica\\\/#primaryimage\"},\"image\":{\"@id\":\"https:\\\/\\\/redelitoralrs.com\\\/index.php\\\/2026\\\/04\\\/30\\\/senado-rejeita-indicacao-de-jorge-messias-ao-stf-em-decisao-historica\\\/#primaryimage\"},\"thumbnailUrl\":\"https:\\\/\\\/redelitoralrs.com\\\/wp-content\\\/uploads\\\/2026\\\/04\\\/0d9a3604.webp\",\"datePublished\":\"2026-04-30T17:39:02+00:00\",\"dateModified\":\"2026-04-30T18:06:01+00:00\",\"breadcrumb\":{\"@id\":\"https:\\\/\\\/redelitoralrs.com\\\/index.php\\\/2026\\\/04\\\/30\\\/senado-rejeita-indicacao-de-jorge-messias-ao-stf-em-decisao-historica\\\/#breadcrumb\"},\"inLanguage\":\"pt-BR\",\"potentialAction\":[{\"@type\":\"ReadAction\",\"target\":[\"https:\\\/\\\/redelitoralrs.com\\\/index.php\\\/2026\\\/04\\\/30\\\/senado-rejeita-indicacao-de-jorge-messias-ao-stf-em-decisao-historica\\\/\"]}]},{\"@type\":\"ImageObject\",\"inLanguage\":\"pt-BR\",\"@id\":\"https:\\\/\\\/redelitoralrs.com\\\/index.php\\\/2026\\\/04\\\/30\\\/senado-rejeita-indicacao-de-jorge-messias-ao-stf-em-decisao-historica\\\/#primaryimage\",\"url\":\"https:\\\/\\\/redelitoralrs.com\\\/wp-content\\\/uploads\\\/2026\\\/04\\\/0d9a3604.webp\",\"contentUrl\":\"https:\\\/\\\/redelitoralrs.com\\\/wp-content\\\/uploads\\\/2026\\\/04\\\/0d9a3604.webp\",\"width\":1170,\"height\":700,\"caption\":\"Foto: Lula Marques\\\/Ag\u00eancia Brasil\"},{\"@type\":\"BreadcrumbList\",\"@id\":\"https:\\\/\\\/redelitoralrs.com\\\/index.php\\\/2026\\\/04\\\/30\\\/senado-rejeita-indicacao-de-jorge-messias-ao-stf-em-decisao-historica\\\/#breadcrumb\",\"itemListElement\":[{\"@type\":\"ListItem\",\"position\":1,\"name\":\"In\u00edcio\",\"item\":\"https:\\\/\\\/redelitoralrs.com\\\/\"},{\"@type\":\"ListItem\",\"position\":2,\"name\":\"Senado rejeita indica\u00e7\u00e3o de Jorge Messias ao STF em decis\u00e3o hist\u00f3rica\"}]},{\"@type\":\"WebSite\",\"@id\":\"https:\\\/\\\/redelitoralrs.com\\\/#website\",\"url\":\"https:\\\/\\\/redelitoralrs.com\\\/\",\"name\":\"TV Litoral\",\"description\":\"Acompanhe tudo do litoral ga\u00facho com a cobertura completa e atualizada da Rede Litoral RS. Nossos jornalistas trazem as \u00faltimas not\u00edcias, os acontecimentos mais quentes e as hist\u00f3rias que importam sobre nosso amado litoral.\",\"publisher\":{\"@id\":\"https:\\\/\\\/redelitoralrs.com\\\/#organization\"},\"potentialAction\":[{\"@type\":\"SearchAction\",\"target\":{\"@type\":\"EntryPoint\",\"urlTemplate\":\"https:\\\/\\\/redelitoralrs.com\\\/?s={search_term_string}\"},\"query-input\":{\"@type\":\"PropertyValueSpecification\",\"valueRequired\":true,\"valueName\":\"search_term_string\"}}],\"inLanguage\":\"pt-BR\"},{\"@type\":\"Organization\",\"@id\":\"https:\\\/\\\/redelitoralrs.com\\\/#organization\",\"name\":\"TV Litoral\",\"url\":\"https:\\\/\\\/redelitoralrs.com\\\/\",\"logo\":{\"@type\":\"ImageObject\",\"inLanguage\":\"pt-BR\",\"@id\":\"https:\\\/\\\/redelitoralrs.com\\\/#\\\/schema\\\/logo\\\/image\\\/\",\"url\":\"https:\\\/\\\/redelitoralrs.com\\\/wp-content\\\/uploads\\\/2024\\\/01\\\/faviconicon-1-1.png\",\"contentUrl\":\"https:\\\/\\\/redelitoralrs.com\\\/wp-content\\\/uploads\\\/2024\\\/01\\\/faviconicon-1-1.png\",\"width\":454,\"height\":454,\"caption\":\"TV Litoral\"},\"image\":{\"@id\":\"https:\\\/\\\/redelitoralrs.com\\\/#\\\/schema\\\/logo\\\/image\\\/\"},\"sameAs\":[\"https:\\\/\\\/www.facebook.com\\\/tvlitoralrsoficial\",\"https:\\\/\\\/www.instagram.com\\\/tvlitoral.rs\"]},{\"@type\":\"Person\",\"@id\":\"https:\\\/\\\/redelitoralrs.com\\\/#\\\/schema\\\/person\\\/9f8181f2a7359dd3986f05ebaf5bd68a\",\"name\":\"Reda\u00e7\u00e3o TV Litoral\",\"image\":{\"@type\":\"ImageObject\",\"inLanguage\":\"pt-BR\",\"@id\":\"https:\\\/\\\/redelitoralrs.com\\\/wp-content\\\/litespeed\\\/avatar\\\/779aafbb45e66c7f82733e21abb48259.jpg?ver=1777561602\",\"url\":\"https:\\\/\\\/redelitoralrs.com\\\/wp-content\\\/litespeed\\\/avatar\\\/779aafbb45e66c7f82733e21abb48259.jpg?ver=1777561602\",\"contentUrl\":\"https:\\\/\\\/redelitoralrs.com\\\/wp-content\\\/litespeed\\\/avatar\\\/779aafbb45e66c7f82733e21abb48259.jpg?ver=1777561602\",\"caption\":\"Reda\u00e7\u00e3o TV Litoral\"},\"description\":\"A Rede Litoral de Comunica\u00e7\u00e3o \u00e9 um grupo de m\u00eddia multiplataforma do Litoral Norte do RS. Com atua\u00e7\u00e3o em TV, r\u00e1dio, portal e redes sociais, levamos informa\u00e7\u00e3o, conte\u00fado e entretenimento \u00e0 comunidade, fortalecendo a comunica\u00e7\u00e3o local e impulsionando o desenvolvimento regional. Acompanhe atrav\u00e9s de @redelitoralrs.\",\"sameAs\":[\"https:\\\/\\\/redelitoralrs.com\",\"https:\\\/\\\/www.instagram.com\\\/redelitoralrs\",\"https:\\\/\\\/www.youtube.com\\\/@redelitoralrs\"],\"url\":\"https:\\\/\\\/redelitoralrs.com\\\/index.php\\\/author\\\/redacaotvlitoral\\\/\"}]}<\/script>\n<!-- \/ Yoast SEO plugin. -->","yoast_head_json":{"title":"Senado rejeita indica\u00e7\u00e3o de Jorge Messias ao STF em decis\u00e3o hist\u00f3rica - Rede Litoral RS","robots":{"index":"index","follow":"follow","max-snippet":"max-snippet:-1","max-image-preview":"max-image-preview:large","max-video-preview":"max-video-preview:-1"},"canonical":"https:\/\/redelitoralrs.com\/index.php\/2026\/04\/30\/senado-rejeita-indicacao-de-jorge-messias-ao-stf-em-decisao-historica\/","og_locale":"pt_BR","og_type":"article","og_title":"Senado rejeita indica\u00e7\u00e3o de Jorge Messias ao STF em decis\u00e3o hist\u00f3rica - Rede Litoral RS","og_description":"O Senado Federal do Brasil rejeitou, na noite de quarta-feira (29), a indica\u00e7\u00e3o de Jorge Rodrigo Ara\u00fajo Messias para o cargo de ministro do Supremo Tribunal Federal. A vota\u00e7\u00e3o terminou com 42 votos contr\u00e1rios e 34 favor\u00e1veis, n\u00famero insuficiente para alcan\u00e7ar a maioria necess\u00e1ria de 41 votos entre os 81 senadores. Com isso, o nome [&hellip;]","og_url":"https:\/\/redelitoralrs.com\/index.php\/2026\/04\/30\/senado-rejeita-indicacao-de-jorge-messias-ao-stf-em-decisao-historica\/","og_site_name":"Rede Litoral RS","article_publisher":"https:\/\/www.facebook.com\/tvlitoralrsoficial","article_published_time":"2026-04-30T17:39:02+00:00","article_modified_time":"2026-04-30T18:06:01+00:00","og_image":[{"width":1170,"height":700,"url":"https:\/\/redelitoralrs.com\/wp-content\/uploads\/2026\/04\/0d9a3604.webp","type":"image\/webp"}],"author":"Reda\u00e7\u00e3o TV Litoral","twitter_card":"summary_large_image","twitter_misc":{"Escrito por":"Reda\u00e7\u00e3o TV Litoral","Est. tempo de leitura":"2 minutos"},"schema":{"@context":"https:\/\/schema.org","@graph":[{"@type":"Article","@id":"https:\/\/redelitoralrs.com\/index.php\/2026\/04\/30\/senado-rejeita-indicacao-de-jorge-messias-ao-stf-em-decisao-historica\/#article","isPartOf":{"@id":"https:\/\/redelitoralrs.com\/index.php\/2026\/04\/30\/senado-rejeita-indicacao-de-jorge-messias-ao-stf-em-decisao-historica\/"},"author":{"name":"Reda\u00e7\u00e3o TV Litoral","@id":"https:\/\/redelitoralrs.com\/#\/schema\/person\/9f8181f2a7359dd3986f05ebaf5bd68a"},"headline":"Senado rejeita indica\u00e7\u00e3o de Jorge Messias ao STF em decis\u00e3o hist\u00f3rica","datePublished":"2026-04-30T17:39:02+00:00","dateModified":"2026-04-30T18:06:01+00:00","mainEntityOfPage":{"@id":"https:\/\/redelitoralrs.com\/index.php\/2026\/04\/30\/senado-rejeita-indicacao-de-jorge-messias-ao-stf-em-decisao-historica\/"},"wordCount":365,"commentCount":0,"publisher":{"@id":"https:\/\/redelitoralrs.com\/#organization"},"image":{"@id":"https:\/\/redelitoralrs.com\/index.php\/2026\/04\/30\/senado-rejeita-indicacao-de-jorge-messias-ao-stf-em-decisao-historica\/#primaryimage"},"thumbnailUrl":"https:\/\/redelitoralrs.com\/wp-content\/uploads\/2026\/04\/0d9a3604.webp","articleSection":["Brasil","Pol\u00edtica","\u00daltimas not\u00edcias"],"inLanguage":"pt-BR","potentialAction":[{"@type":"CommentAction","name":"Comment","target":["https:\/\/redelitoralrs.com\/index.php\/2026\/04\/30\/senado-rejeita-indicacao-de-jorge-messias-ao-stf-em-decisao-historica\/#respond"]}]},{"@type":"WebPage","@id":"https:\/\/redelitoralrs.com\/index.php\/2026\/04\/30\/senado-rejeita-indicacao-de-jorge-messias-ao-stf-em-decisao-historica\/","url":"https:\/\/redelitoralrs.com\/index.php\/2026\/04\/30\/senado-rejeita-indicacao-de-jorge-messias-ao-stf-em-decisao-historica\/","name":"Senado rejeita indica\u00e7\u00e3o de Jorge Messias ao STF em decis\u00e3o hist\u00f3rica - Rede Litoral RS","isPartOf":{"@id":"https:\/\/redelitoralrs.com\/#website"},"primaryImageOfPage":{"@id":"https:\/\/redelitoralrs.com\/index.php\/2026\/04\/30\/senado-rejeita-indicacao-de-jorge-messias-ao-stf-em-decisao-historica\/#primaryimage"},"image":{"@id":"https:\/\/redelitoralrs.com\/index.php\/2026\/04\/30\/senado-rejeita-indicacao-de-jorge-messias-ao-stf-em-decisao-historica\/#primaryimage"},"thumbnailUrl":"https:\/\/redelitoralrs.com\/wp-content\/uploads\/2026\/04\/0d9a3604.webp","datePublished":"2026-04-30T17:39:02+00:00","dateModified":"2026-04-30T18:06:01+00:00","breadcrumb":{"@id":"https:\/\/redelitoralrs.com\/index.php\/2026\/04\/30\/senado-rejeita-indicacao-de-jorge-messias-ao-stf-em-decisao-historica\/#breadcrumb"},"inLanguage":"pt-BR","potentialAction":[{"@type":"ReadAction","target":["https:\/\/redelitoralrs.com\/index.php\/2026\/04\/30\/senado-rejeita-indicacao-de-jorge-messias-ao-stf-em-decisao-historica\/"]}]},{"@type":"ImageObject","inLanguage":"pt-BR","@id":"https:\/\/redelitoralrs.com\/index.php\/2026\/04\/30\/senado-rejeita-indicacao-de-jorge-messias-ao-stf-em-decisao-historica\/#primaryimage","url":"https:\/\/redelitoralrs.com\/wp-content\/uploads\/2026\/04\/0d9a3604.webp","contentUrl":"https:\/\/redelitoralrs.com\/wp-content\/uploads\/2026\/04\/0d9a3604.webp","width":1170,"height":700,"caption":"Foto: Lula Marques\/Ag\u00eancia Brasil"},{"@type":"BreadcrumbList","@id":"https:\/\/redelitoralrs.com\/index.php\/2026\/04\/30\/senado-rejeita-indicacao-de-jorge-messias-ao-stf-em-decisao-historica\/#breadcrumb","itemListElement":[{"@type":"ListItem","position":1,"name":"In\u00edcio","item":"https:\/\/redelitoralrs.com\/"},{"@type":"ListItem","position":2,"name":"Senado rejeita indica\u00e7\u00e3o de Jorge Messias ao STF em decis\u00e3o hist\u00f3rica"}]},{"@type":"WebSite","@id":"https:\/\/redelitoralrs.com\/#website","url":"https:\/\/redelitoralrs.com\/","name":"TV Litoral","description":"Acompanhe tudo do litoral ga\u00facho com a cobertura completa e atualizada da Rede Litoral RS. Nossos jornalistas trazem as \u00faltimas not\u00edcias, os acontecimentos mais quentes e as hist\u00f3rias que importam sobre nosso amado litoral.","publisher":{"@id":"https:\/\/redelitoralrs.com\/#organization"},"potentialAction":[{"@type":"SearchAction","target":{"@type":"EntryPoint","urlTemplate":"https:\/\/redelitoralrs.com\/?s={search_term_string}"},"query-input":{"@type":"PropertyValueSpecification","valueRequired":true,"valueName":"search_term_string"}}],"inLanguage":"pt-BR"},{"@type":"Organization","@id":"https:\/\/redelitoralrs.com\/#organization","name":"TV Litoral","url":"https:\/\/redelitoralrs.com\/","logo":{"@type":"ImageObject","inLanguage":"pt-BR","@id":"https:\/\/redelitoralrs.com\/#\/schema\/logo\/image\/","url":"https:\/\/redelitoralrs.com\/wp-content\/uploads\/2024\/01\/faviconicon-1-1.png","contentUrl":"https:\/\/redelitoralrs.com\/wp-content\/uploads\/2024\/01\/faviconicon-1-1.png","width":454,"height":454,"caption":"TV Litoral"},"image":{"@id":"https:\/\/redelitoralrs.com\/#\/schema\/logo\/image\/"},"sameAs":["https:\/\/www.facebook.com\/tvlitoralrsoficial","https:\/\/www.instagram.com\/tvlitoral.rs"]},{"@type":"Person","@id":"https:\/\/redelitoralrs.com\/#\/schema\/person\/9f8181f2a7359dd3986f05ebaf5bd68a","name":"Reda\u00e7\u00e3o TV Litoral","image":{"@type":"ImageObject","inLanguage":"pt-BR","@id":"https:\/\/redelitoralrs.com\/wp-content\/litespeed\/avatar\/779aafbb45e66c7f82733e21abb48259.jpg?ver=1777561602","url":"https:\/\/redelitoralrs.com\/wp-content\/litespeed\/avatar\/779aafbb45e66c7f82733e21abb48259.jpg?ver=1777561602","contentUrl":"https:\/\/redelitoralrs.com\/wp-content\/litespeed\/avatar\/779aafbb45e66c7f82733e21abb48259.jpg?ver=1777561602","caption":"Reda\u00e7\u00e3o TV Litoral"},"description":"A Rede Litoral de Comunica\u00e7\u00e3o \u00e9 um grupo de m\u00eddia multiplataforma do Litoral Norte do RS. Com atua\u00e7\u00e3o em TV, r\u00e1dio, portal e redes sociais, levamos informa\u00e7\u00e3o, conte\u00fado e entretenimento \u00e0 comunidade, fortalecendo a comunica\u00e7\u00e3o local e impulsionando o desenvolvimento regional. Acompanhe atrav\u00e9s de @redelitoralrs.","sameAs":["https:\/\/redelitoralrs.com","https:\/\/www.instagram.com\/redelitoralrs","https:\/\/www.youtube.com\/@redelitoralrs"],"url":"https:\/\/redelitoralrs.com\/index.php\/author\/redacaotvlitoral\/"}]}},"_links":{"self":[{"href":"https:\/\/redelitoralrs.com\/index.php\/wp-json\/wp\/v2\/posts\/24869","targetHints":{"allow":["GET"]}}],"collection":[{"href":"https:\/\/redelitoralrs.com\/index.php\/wp-json\/wp\/v2\/posts"}],"about":[{"href":"https:\/\/redelitoralrs.com\/index.php\/wp-json\/wp\/v2\/types\/post"}],"author":[{"embeddable":true,"href":"https:\/\/redelitoralrs.com\/index.php\/wp-json\/wp\/v2\/users\/2"}],"replies":[{"embeddable":true,"href":"https:\/\/redelitoralrs.com\/index.php\/wp-json\/wp\/v2\/comments?post=24869"}],"version-history":[{"count":2,"href":"https:\/\/redelitoralrs.com\/index.php\/wp-json\/wp\/v2\/posts\/24869\/revisions"}],"predecessor-version":[{"id":24876,"href":"https:\/\/redelitoralrs.com\/index.php\/wp-json\/wp\/v2\/posts\/24869\/revisions\/24876"}],"wp:featuredmedia":[{"embeddable":true,"href":"https:\/\/redelitoralrs.com\/index.php\/wp-json\/wp\/v2\/media\/24870"}],"wp:attachment":[{"href":"https:\/\/redelitoralrs.com\/index.php\/wp-json\/wp\/v2\/media?parent=24869"}],"wp:term":[{"taxonomy":"category","embeddable":true,"href":"https:\/\/redelitoralrs.com\/index.php\/wp-json\/wp\/v2\/categories?post=24869"},{"taxonomy":"post_tag","embeddable":true,"href":"https:\/\/redelitoralrs.com\/index.php\/wp-json\/wp\/v2\/tags?post=24869"}],"curies":[{"name":"wp","href":"https:\/\/api.w.org\/{rel}","templated":true}]}}