{"id":24863,"date":"2026-04-29T17:27:03","date_gmt":"2026-04-29T20:27:03","guid":{"rendered":"https:\/\/redelitoralrs.com\/?p=24863"},"modified":"2026-04-29T17:27:03","modified_gmt":"2026-04-29T20:27:03","slug":"atl-norte-realiza-assembleia-em-itati-e-apresenta-acoes-para-fortalecer-o-turismo-no-litoral-norte","status":"publish","type":"post","link":"https:\/\/redelitoralrs.com\/index.php\/2026\/04\/29\/atl-norte-realiza-assembleia-em-itati-e-apresenta-acoes-para-fortalecer-o-turismo-no-litoral-norte\/","title":{"rendered":"ATL Norte realiza assembleia em Itati e apresenta a\u00e7\u00f5es para fortalecer o turismo no Litoral Norte"},"content":{"rendered":"\n<p>A Associa\u00e7\u00e3o de Turismo do Litoral Norte realizou, na ter\u00e7a-feira (28), assembleia ordin\u00e1ria no munic\u00edpio de Itati, reunindo representantes do setor p\u00fablico e privado para apresentar a\u00e7\u00f5es recentes voltadas ao desenvolvimento do turismo regional.<\/p>\n\n\n\n<p>Entre os principais pontos da pauta, a entidade destacou o lan\u00e7amento de novos materiais promocionais para divulga\u00e7\u00e3o integrada dos destinos do Litoral Norte. O conte\u00fado foi apresentado durante a Ugart, onde a associa\u00e7\u00e3o tamb\u00e9m participou com o objetivo de ampliar parcerias institucionais e comerciais.<\/p>\n\n\n\n<p>Durante o encontro, foram detalhadas iniciativas voltadas \u00e0 qualifica\u00e7\u00e3o da promo\u00e7\u00e3o tur\u00edstica, com foco na valoriza\u00e7\u00e3o dos munic\u00edpios e no fortalecimento da regi\u00e3o como destino integrado. A assembleia contou com a participa\u00e7\u00e3o da presidente da entidade, Jucelaine Evaldt de Medeiros, e do vice-presidente Everton Barbosa.<\/p>\n\n\n\n<p>A ATL Norte \u00e9 composta por representantes do terceiro setor e de administra\u00e7\u00f5es municipais, atuando de forma articulada na promo\u00e7\u00e3o, planejamento e integra\u00e7\u00e3o do turismo no Litoral Norte do Rio Grande do Sul. As a\u00e7\u00f5es buscam ampliar a visibilidade da regi\u00e3o e estimular o crescimento do setor tur\u00edstico.<\/p>\n","protected":false},"excerpt":{"rendered":"<p>A Associa\u00e7\u00e3o de Turismo do Litoral Norte realizou, na ter\u00e7a-feira (28), assembleia ordin\u00e1ria no munic\u00edpio de Itati, reunindo representantes do setor p\u00fablico e privado para apresentar a\u00e7\u00f5es recentes voltadas ao desenvolvimento do turismo regional. Entre os principais pontos da pauta, a entidade destacou o lan\u00e7amento de novos materiais promocionais para divulga\u00e7\u00e3o integrada dos destinos do [&hellip;]<\/p>\n","protected":false},"author":2,"featured_media":24864,"comment_status":"open","ping_status":"open","sticky":false,"template":"","format":"standard","meta":{"_themeisle_gutenberg_block_has_review":false,"footnotes":""},"categories":[20,15],"tags":[],"class_list":["post-24863","post","type-post","status-publish","format-standard","has-post-thumbnail","hentry","category-litoral_norte","category-noticias"],"yoast_head":"<!-- This site is optimized with the Yoast SEO plugin v27.4 - https:\/\/yoast.com\/product\/yoast-seo-wordpress\/ -->\n<title>ATL Norte realiza assembleia em Itati e apresenta a\u00e7\u00f5es para fortalecer o turismo no Litoral Norte - Rede Litoral RS<\/title>\n<meta name=\"robots\" content=\"index, follow, max-snippet:-1, max-image-preview:large, max-video-preview:-1\" \/>\n<link rel=\"canonical\" href=\"https:\/\/redelitoralrs.com\/index.php\/2026\/04\/29\/atl-norte-realiza-assembleia-em-itati-e-apresenta-acoes-para-fortalecer-o-turismo-no-litoral-norte\/\" \/>\n<meta property=\"og:locale\" content=\"pt_BR\" \/>\n<meta property=\"og:type\" content=\"article\" \/>\n<meta property=\"og:title\" content=\"ATL Norte realiza assembleia em Itati e apresenta a\u00e7\u00f5es para fortalecer o turismo no Litoral Norte - Rede Litoral RS\" \/>\n<meta property=\"og:description\" content=\"A Associa\u00e7\u00e3o de Turismo do Litoral Norte realizou, na ter\u00e7a-feira (28), assembleia ordin\u00e1ria no munic\u00edpio de Itati, reunindo representantes do setor p\u00fablico e privado para apresentar a\u00e7\u00f5es recentes voltadas ao desenvolvimento do turismo regional. Entre os principais pontos da pauta, a entidade destacou o lan\u00e7amento de novos materiais promocionais para divulga\u00e7\u00e3o integrada dos destinos do [&hellip;]\" \/>\n<meta property=\"og:url\" content=\"https:\/\/redelitoralrs.com\/index.php\/2026\/04\/29\/atl-norte-realiza-assembleia-em-itati-e-apresenta-acoes-para-fortalecer-o-turismo-no-litoral-norte\/\" \/>\n<meta property=\"og:site_name\" content=\"Rede Litoral RS\" \/>\n<meta property=\"article:publisher\" content=\"https:\/\/www.facebook.com\/tvlitoralrsoficial\" \/>\n<meta property=\"article:published_time\" content=\"2026-04-29T20:27:03+00:00\" \/>\n<meta property=\"og:image\" content=\"https:\/\/redelitoralrs.com\/wp-content\/uploads\/2026\/04\/WhatsApp-Image-2026-04-29-at-14.25.16-1.jpeg\" \/>\n\t<meta property=\"og:image:width\" content=\"1599\" \/>\n\t<meta property=\"og:image:height\" content=\"899\" \/>\n\t<meta property=\"og:image:type\" content=\"image\/jpeg\" \/>\n<meta name=\"author\" content=\"Reda\u00e7\u00e3o TV Litoral\" \/>\n<meta name=\"twitter:card\" content=\"summary_large_image\" \/>\n<meta name=\"twitter:label1\" content=\"Escrito por\" \/>\n\t<meta name=\"twitter:data1\" content=\"Reda\u00e7\u00e3o TV Litoral\" \/>\n\t<meta name=\"twitter:label2\" content=\"Est. tempo de leitura\" \/>\n\t<meta name=\"twitter:data2\" content=\"2 minutos\" \/>\n<script type=\"application\/ld+json\" class=\"yoast-schema-graph\">{\"@context\":\"https:\\\/\\\/schema.org\",\"@graph\":[{\"@type\":\"Article\",\"@id\":\"https:\\\/\\\/redelitoralrs.com\\\/index.php\\\/2026\\\/04\\\/29\\\/atl-norte-realiza-assembleia-em-itati-e-apresenta-acoes-para-fortalecer-o-turismo-no-litoral-norte\\\/#article\",\"isPartOf\":{\"@id\":\"https:\\\/\\\/redelitoralrs.com\\\/index.php\\\/2026\\\/04\\\/29\\\/atl-norte-realiza-assembleia-em-itati-e-apresenta-acoes-para-fortalecer-o-turismo-no-litoral-norte\\\/\"},\"author\":{\"name\":\"Reda\u00e7\u00e3o TV Litoral\",\"@id\":\"https:\\\/\\\/redelitoralrs.com\\\/#\\\/schema\\\/person\\\/9f8181f2a7359dd3986f05ebaf5bd68a\"},\"headline\":\"ATL Norte realiza assembleia em Itati e apresenta a\u00e7\u00f5es para fortalecer o turismo no Litoral Norte\",\"datePublished\":\"2026-04-29T20:27:03+00:00\",\"mainEntityOfPage\":{\"@id\":\"https:\\\/\\\/redelitoralrs.com\\\/index.php\\\/2026\\\/04\\\/29\\\/atl-norte-realiza-assembleia-em-itati-e-apresenta-acoes-para-fortalecer-o-turismo-no-litoral-norte\\\/\"},\"wordCount\":209,\"commentCount\":0,\"publisher\":{\"@id\":\"https:\\\/\\\/redelitoralrs.com\\\/#organization\"},\"image\":{\"@id\":\"https:\\\/\\\/redelitoralrs.com\\\/index.php\\\/2026\\\/04\\\/29\\\/atl-norte-realiza-assembleia-em-itati-e-apresenta-acoes-para-fortalecer-o-turismo-no-litoral-norte\\\/#primaryimage\"},\"thumbnailUrl\":\"https:\\\/\\\/redelitoralrs.com\\\/wp-content\\\/uploads\\\/2026\\\/04\\\/WhatsApp-Image-2026-04-29-at-14.25.16-1.jpeg\",\"articleSection\":[\"Litoral Norte\",\"\u00daltimas not\u00edcias\"],\"inLanguage\":\"pt-BR\",\"potentialAction\":[{\"@type\":\"CommentAction\",\"name\":\"Comment\",\"target\":[\"https:\\\/\\\/redelitoralrs.com\\\/index.php\\\/2026\\\/04\\\/29\\\/atl-norte-realiza-assembleia-em-itati-e-apresenta-acoes-para-fortalecer-o-turismo-no-litoral-norte\\\/#respond\"]}]},{\"@type\":\"WebPage\",\"@id\":\"https:\\\/\\\/redelitoralrs.com\\\/index.php\\\/2026\\\/04\\\/29\\\/atl-norte-realiza-assembleia-em-itati-e-apresenta-acoes-para-fortalecer-o-turismo-no-litoral-norte\\\/\",\"url\":\"https:\\\/\\\/redelitoralrs.com\\\/index.php\\\/2026\\\/04\\\/29\\\/atl-norte-realiza-assembleia-em-itati-e-apresenta-acoes-para-fortalecer-o-turismo-no-litoral-norte\\\/\",\"name\":\"ATL Norte realiza assembleia em Itati e apresenta a\u00e7\u00f5es para fortalecer o turismo no Litoral Norte - Rede Litoral RS\",\"isPartOf\":{\"@id\":\"https:\\\/\\\/redelitoralrs.com\\\/#website\"},\"primaryImageOfPage\":{\"@id\":\"https:\\\/\\\/redelitoralrs.com\\\/index.php\\\/2026\\\/04\\\/29\\\/atl-norte-realiza-assembleia-em-itati-e-apresenta-acoes-para-fortalecer-o-turismo-no-litoral-norte\\\/#primaryimage\"},\"image\":{\"@id\":\"https:\\\/\\\/redelitoralrs.com\\\/index.php\\\/2026\\\/04\\\/29\\\/atl-norte-realiza-assembleia-em-itati-e-apresenta-acoes-para-fortalecer-o-turismo-no-litoral-norte\\\/#primaryimage\"},\"thumbnailUrl\":\"https:\\\/\\\/redelitoralrs.com\\\/wp-content\\\/uploads\\\/2026\\\/04\\\/WhatsApp-Image-2026-04-29-at-14.25.16-1.jpeg\",\"datePublished\":\"2026-04-29T20:27:03+00:00\",\"breadcrumb\":{\"@id\":\"https:\\\/\\\/redelitoralrs.com\\\/index.php\\\/2026\\\/04\\\/29\\\/atl-norte-realiza-assembleia-em-itati-e-apresenta-acoes-para-fortalecer-o-turismo-no-litoral-norte\\\/#breadcrumb\"},\"inLanguage\":\"pt-BR\",\"potentialAction\":[{\"@type\":\"ReadAction\",\"target\":[\"https:\\\/\\\/redelitoralrs.com\\\/index.php\\\/2026\\\/04\\\/29\\\/atl-norte-realiza-assembleia-em-itati-e-apresenta-acoes-para-fortalecer-o-turismo-no-litoral-norte\\\/\"]}]},{\"@type\":\"ImageObject\",\"inLanguage\":\"pt-BR\",\"@id\":\"https:\\\/\\\/redelitoralrs.com\\\/index.php\\\/2026\\\/04\\\/29\\\/atl-norte-realiza-assembleia-em-itati-e-apresenta-acoes-para-fortalecer-o-turismo-no-litoral-norte\\\/#primaryimage\",\"url\":\"https:\\\/\\\/redelitoralrs.com\\\/wp-content\\\/uploads\\\/2026\\\/04\\\/WhatsApp-Image-2026-04-29-at-14.25.16-1.jpeg\",\"contentUrl\":\"https:\\\/\\\/redelitoralrs.com\\\/wp-content\\\/uploads\\\/2026\\\/04\\\/WhatsApp-Image-2026-04-29-at-14.25.16-1.jpeg\",\"width\":1599,\"height\":899,\"caption\":\"Foto: Divulga\u00e7\u00e3o\"},{\"@type\":\"BreadcrumbList\",\"@id\":\"https:\\\/\\\/redelitoralrs.com\\\/index.php\\\/2026\\\/04\\\/29\\\/atl-norte-realiza-assembleia-em-itati-e-apresenta-acoes-para-fortalecer-o-turismo-no-litoral-norte\\\/#breadcrumb\",\"itemListElement\":[{\"@type\":\"ListItem\",\"position\":1,\"name\":\"In\u00edcio\",\"item\":\"https:\\\/\\\/redelitoralrs.com\\\/\"},{\"@type\":\"ListItem\",\"position\":2,\"name\":\"ATL Norte realiza assembleia em Itati e apresenta a\u00e7\u00f5es para fortalecer o turismo no Litoral Norte\"}]},{\"@type\":\"WebSite\",\"@id\":\"https:\\\/\\\/redelitoralrs.com\\\/#website\",\"url\":\"https:\\\/\\\/redelitoralrs.com\\\/\",\"name\":\"TV Litoral\",\"description\":\"Acompanhe tudo do litoral ga\u00facho com a cobertura completa e atualizada da Rede Litoral RS. Nossos jornalistas trazem as \u00faltimas not\u00edcias, os acontecimentos mais quentes e as hist\u00f3rias que importam sobre nosso amado litoral.\",\"publisher\":{\"@id\":\"https:\\\/\\\/redelitoralrs.com\\\/#organization\"},\"potentialAction\":[{\"@type\":\"SearchAction\",\"target\":{\"@type\":\"EntryPoint\",\"urlTemplate\":\"https:\\\/\\\/redelitoralrs.com\\\/?s={search_term_string}\"},\"query-input\":{\"@type\":\"PropertyValueSpecification\",\"valueRequired\":true,\"valueName\":\"search_term_string\"}}],\"inLanguage\":\"pt-BR\"},{\"@type\":\"Organization\",\"@id\":\"https:\\\/\\\/redelitoralrs.com\\\/#organization\",\"name\":\"TV Litoral\",\"url\":\"https:\\\/\\\/redelitoralrs.com\\\/\",\"logo\":{\"@type\":\"ImageObject\",\"inLanguage\":\"pt-BR\",\"@id\":\"https:\\\/\\\/redelitoralrs.com\\\/#\\\/schema\\\/logo\\\/image\\\/\",\"url\":\"https:\\\/\\\/redelitoralrs.com\\\/wp-content\\\/uploads\\\/2024\\\/01\\\/faviconicon-1-1.png\",\"contentUrl\":\"https:\\\/\\\/redelitoralrs.com\\\/wp-content\\\/uploads\\\/2024\\\/01\\\/faviconicon-1-1.png\",\"width\":454,\"height\":454,\"caption\":\"TV Litoral\"},\"image\":{\"@id\":\"https:\\\/\\\/redelitoralrs.com\\\/#\\\/schema\\\/logo\\\/image\\\/\"},\"sameAs\":[\"https:\\\/\\\/www.facebook.com\\\/tvlitoralrsoficial\",\"https:\\\/\\\/www.instagram.com\\\/tvlitoral.rs\"]},{\"@type\":\"Person\",\"@id\":\"https:\\\/\\\/redelitoralrs.com\\\/#\\\/schema\\\/person\\\/9f8181f2a7359dd3986f05ebaf5bd68a\",\"name\":\"Reda\u00e7\u00e3o TV Litoral\",\"image\":{\"@type\":\"ImageObject\",\"inLanguage\":\"pt-BR\",\"@id\":\"https:\\\/\\\/redelitoralrs.com\\\/wp-content\\\/litespeed\\\/avatar\\\/779aafbb45e66c7f82733e21abb48259.jpg?ver=1776956734\",\"url\":\"https:\\\/\\\/redelitoralrs.com\\\/wp-content\\\/litespeed\\\/avatar\\\/779aafbb45e66c7f82733e21abb48259.jpg?ver=1776956734\",\"contentUrl\":\"https:\\\/\\\/redelitoralrs.com\\\/wp-content\\\/litespeed\\\/avatar\\\/779aafbb45e66c7f82733e21abb48259.jpg?ver=1776956734\",\"caption\":\"Reda\u00e7\u00e3o TV Litoral\"},\"description\":\"A Rede Litoral de Comunica\u00e7\u00e3o \u00e9 um grupo de m\u00eddia multiplataforma do Litoral Norte do RS. Com atua\u00e7\u00e3o em TV, r\u00e1dio, portal e redes sociais, levamos informa\u00e7\u00e3o, conte\u00fado e entretenimento \u00e0 comunidade, fortalecendo a comunica\u00e7\u00e3o local e impulsionando o desenvolvimento regional. Acompanhe atrav\u00e9s de @redelitoralrs.\",\"sameAs\":[\"https:\\\/\\\/redelitoralrs.com\",\"https:\\\/\\\/www.instagram.com\\\/redelitoralrs\",\"https:\\\/\\\/www.youtube.com\\\/@redelitoralrs\"],\"url\":\"https:\\\/\\\/redelitoralrs.com\\\/index.php\\\/author\\\/redacaotvlitoral\\\/\"}]}<\/script>\n<!-- \/ Yoast SEO plugin. -->","yoast_head_json":{"title":"ATL Norte realiza assembleia em Itati e apresenta a\u00e7\u00f5es para fortalecer o turismo no Litoral Norte - Rede Litoral RS","robots":{"index":"index","follow":"follow","max-snippet":"max-snippet:-1","max-image-preview":"max-image-preview:large","max-video-preview":"max-video-preview:-1"},"canonical":"https:\/\/redelitoralrs.com\/index.php\/2026\/04\/29\/atl-norte-realiza-assembleia-em-itati-e-apresenta-acoes-para-fortalecer-o-turismo-no-litoral-norte\/","og_locale":"pt_BR","og_type":"article","og_title":"ATL Norte realiza assembleia em Itati e apresenta a\u00e7\u00f5es para fortalecer o turismo no Litoral Norte - Rede Litoral RS","og_description":"A Associa\u00e7\u00e3o de Turismo do Litoral Norte realizou, na ter\u00e7a-feira (28), assembleia ordin\u00e1ria no munic\u00edpio de Itati, reunindo representantes do setor p\u00fablico e privado para apresentar a\u00e7\u00f5es recentes voltadas ao desenvolvimento do turismo regional. Entre os principais pontos da pauta, a entidade destacou o lan\u00e7amento de novos materiais promocionais para divulga\u00e7\u00e3o integrada dos destinos do [&hellip;]","og_url":"https:\/\/redelitoralrs.com\/index.php\/2026\/04\/29\/atl-norte-realiza-assembleia-em-itati-e-apresenta-acoes-para-fortalecer-o-turismo-no-litoral-norte\/","og_site_name":"Rede Litoral RS","article_publisher":"https:\/\/www.facebook.com\/tvlitoralrsoficial","article_published_time":"2026-04-29T20:27:03+00:00","og_image":[{"width":1599,"height":899,"url":"https:\/\/redelitoralrs.com\/wp-content\/uploads\/2026\/04\/WhatsApp-Image-2026-04-29-at-14.25.16-1.jpeg","type":"image\/jpeg"}],"author":"Reda\u00e7\u00e3o TV Litoral","twitter_card":"summary_large_image","twitter_misc":{"Escrito por":"Reda\u00e7\u00e3o TV Litoral","Est. tempo de leitura":"2 minutos"},"schema":{"@context":"https:\/\/schema.org","@graph":[{"@type":"Article","@id":"https:\/\/redelitoralrs.com\/index.php\/2026\/04\/29\/atl-norte-realiza-assembleia-em-itati-e-apresenta-acoes-para-fortalecer-o-turismo-no-litoral-norte\/#article","isPartOf":{"@id":"https:\/\/redelitoralrs.com\/index.php\/2026\/04\/29\/atl-norte-realiza-assembleia-em-itati-e-apresenta-acoes-para-fortalecer-o-turismo-no-litoral-norte\/"},"author":{"name":"Reda\u00e7\u00e3o TV Litoral","@id":"https:\/\/redelitoralrs.com\/#\/schema\/person\/9f8181f2a7359dd3986f05ebaf5bd68a"},"headline":"ATL Norte realiza assembleia em Itati e apresenta a\u00e7\u00f5es para fortalecer o turismo no Litoral Norte","datePublished":"2026-04-29T20:27:03+00:00","mainEntityOfPage":{"@id":"https:\/\/redelitoralrs.com\/index.php\/2026\/04\/29\/atl-norte-realiza-assembleia-em-itati-e-apresenta-acoes-para-fortalecer-o-turismo-no-litoral-norte\/"},"wordCount":209,"commentCount":0,"publisher":{"@id":"https:\/\/redelitoralrs.com\/#organization"},"image":{"@id":"https:\/\/redelitoralrs.com\/index.php\/2026\/04\/29\/atl-norte-realiza-assembleia-em-itati-e-apresenta-acoes-para-fortalecer-o-turismo-no-litoral-norte\/#primaryimage"},"thumbnailUrl":"https:\/\/redelitoralrs.com\/wp-content\/uploads\/2026\/04\/WhatsApp-Image-2026-04-29-at-14.25.16-1.jpeg","articleSection":["Litoral Norte","\u00daltimas not\u00edcias"],"inLanguage":"pt-BR","potentialAction":[{"@type":"CommentAction","name":"Comment","target":["https:\/\/redelitoralrs.com\/index.php\/2026\/04\/29\/atl-norte-realiza-assembleia-em-itati-e-apresenta-acoes-para-fortalecer-o-turismo-no-litoral-norte\/#respond"]}]},{"@type":"WebPage","@id":"https:\/\/redelitoralrs.com\/index.php\/2026\/04\/29\/atl-norte-realiza-assembleia-em-itati-e-apresenta-acoes-para-fortalecer-o-turismo-no-litoral-norte\/","url":"https:\/\/redelitoralrs.com\/index.php\/2026\/04\/29\/atl-norte-realiza-assembleia-em-itati-e-apresenta-acoes-para-fortalecer-o-turismo-no-litoral-norte\/","name":"ATL Norte realiza assembleia em Itati e apresenta a\u00e7\u00f5es para fortalecer o turismo no Litoral Norte - Rede Litoral RS","isPartOf":{"@id":"https:\/\/redelitoralrs.com\/#website"},"primaryImageOfPage":{"@id":"https:\/\/redelitoralrs.com\/index.php\/2026\/04\/29\/atl-norte-realiza-assembleia-em-itati-e-apresenta-acoes-para-fortalecer-o-turismo-no-litoral-norte\/#primaryimage"},"image":{"@id":"https:\/\/redelitoralrs.com\/index.php\/2026\/04\/29\/atl-norte-realiza-assembleia-em-itati-e-apresenta-acoes-para-fortalecer-o-turismo-no-litoral-norte\/#primaryimage"},"thumbnailUrl":"https:\/\/redelitoralrs.com\/wp-content\/uploads\/2026\/04\/WhatsApp-Image-2026-04-29-at-14.25.16-1.jpeg","datePublished":"2026-04-29T20:27:03+00:00","breadcrumb":{"@id":"https:\/\/redelitoralrs.com\/index.php\/2026\/04\/29\/atl-norte-realiza-assembleia-em-itati-e-apresenta-acoes-para-fortalecer-o-turismo-no-litoral-norte\/#breadcrumb"},"inLanguage":"pt-BR","potentialAction":[{"@type":"ReadAction","target":["https:\/\/redelitoralrs.com\/index.php\/2026\/04\/29\/atl-norte-realiza-assembleia-em-itati-e-apresenta-acoes-para-fortalecer-o-turismo-no-litoral-norte\/"]}]},{"@type":"ImageObject","inLanguage":"pt-BR","@id":"https:\/\/redelitoralrs.com\/index.php\/2026\/04\/29\/atl-norte-realiza-assembleia-em-itati-e-apresenta-acoes-para-fortalecer-o-turismo-no-litoral-norte\/#primaryimage","url":"https:\/\/redelitoralrs.com\/wp-content\/uploads\/2026\/04\/WhatsApp-Image-2026-04-29-at-14.25.16-1.jpeg","contentUrl":"https:\/\/redelitoralrs.com\/wp-content\/uploads\/2026\/04\/WhatsApp-Image-2026-04-29-at-14.25.16-1.jpeg","width":1599,"height":899,"caption":"Foto: Divulga\u00e7\u00e3o"},{"@type":"BreadcrumbList","@id":"https:\/\/redelitoralrs.com\/index.php\/2026\/04\/29\/atl-norte-realiza-assembleia-em-itati-e-apresenta-acoes-para-fortalecer-o-turismo-no-litoral-norte\/#breadcrumb","itemListElement":[{"@type":"ListItem","position":1,"name":"In\u00edcio","item":"https:\/\/redelitoralrs.com\/"},{"@type":"ListItem","position":2,"name":"ATL Norte realiza assembleia em Itati e apresenta a\u00e7\u00f5es para fortalecer o turismo no Litoral Norte"}]},{"@type":"WebSite","@id":"https:\/\/redelitoralrs.com\/#website","url":"https:\/\/redelitoralrs.com\/","name":"TV Litoral","description":"Acompanhe tudo do litoral ga\u00facho com a cobertura completa e atualizada da Rede Litoral RS. Nossos jornalistas trazem as \u00faltimas not\u00edcias, os acontecimentos mais quentes e as hist\u00f3rias que importam sobre nosso amado litoral.","publisher":{"@id":"https:\/\/redelitoralrs.com\/#organization"},"potentialAction":[{"@type":"SearchAction","target":{"@type":"EntryPoint","urlTemplate":"https:\/\/redelitoralrs.com\/?s={search_term_string}"},"query-input":{"@type":"PropertyValueSpecification","valueRequired":true,"valueName":"search_term_string"}}],"inLanguage":"pt-BR"},{"@type":"Organization","@id":"https:\/\/redelitoralrs.com\/#organization","name":"TV Litoral","url":"https:\/\/redelitoralrs.com\/","logo":{"@type":"ImageObject","inLanguage":"pt-BR","@id":"https:\/\/redelitoralrs.com\/#\/schema\/logo\/image\/","url":"https:\/\/redelitoralrs.com\/wp-content\/uploads\/2024\/01\/faviconicon-1-1.png","contentUrl":"https:\/\/redelitoralrs.com\/wp-content\/uploads\/2024\/01\/faviconicon-1-1.png","width":454,"height":454,"caption":"TV Litoral"},"image":{"@id":"https:\/\/redelitoralrs.com\/#\/schema\/logo\/image\/"},"sameAs":["https:\/\/www.facebook.com\/tvlitoralrsoficial","https:\/\/www.instagram.com\/tvlitoral.rs"]},{"@type":"Person","@id":"https:\/\/redelitoralrs.com\/#\/schema\/person\/9f8181f2a7359dd3986f05ebaf5bd68a","name":"Reda\u00e7\u00e3o TV Litoral","image":{"@type":"ImageObject","inLanguage":"pt-BR","@id":"https:\/\/redelitoralrs.com\/wp-content\/litespeed\/avatar\/779aafbb45e66c7f82733e21abb48259.jpg?ver=1776956734","url":"https:\/\/redelitoralrs.com\/wp-content\/litespeed\/avatar\/779aafbb45e66c7f82733e21abb48259.jpg?ver=1776956734","contentUrl":"https:\/\/redelitoralrs.com\/wp-content\/litespeed\/avatar\/779aafbb45e66c7f82733e21abb48259.jpg?ver=1776956734","caption":"Reda\u00e7\u00e3o TV Litoral"},"description":"A Rede Litoral de Comunica\u00e7\u00e3o \u00e9 um grupo de m\u00eddia multiplataforma do Litoral Norte do RS. Com atua\u00e7\u00e3o em TV, r\u00e1dio, portal e redes sociais, levamos informa\u00e7\u00e3o, conte\u00fado e entretenimento \u00e0 comunidade, fortalecendo a comunica\u00e7\u00e3o local e impulsionando o desenvolvimento regional. Acompanhe atrav\u00e9s de @redelitoralrs.","sameAs":["https:\/\/redelitoralrs.com","https:\/\/www.instagram.com\/redelitoralrs","https:\/\/www.youtube.com\/@redelitoralrs"],"url":"https:\/\/redelitoralrs.com\/index.php\/author\/redacaotvlitoral\/"}]}},"_links":{"self":[{"href":"https:\/\/redelitoralrs.com\/index.php\/wp-json\/wp\/v2\/posts\/24863","targetHints":{"allow":["GET"]}}],"collection":[{"href":"https:\/\/redelitoralrs.com\/index.php\/wp-json\/wp\/v2\/posts"}],"about":[{"href":"https:\/\/redelitoralrs.com\/index.php\/wp-json\/wp\/v2\/types\/post"}],"author":[{"embeddable":true,"href":"https:\/\/redelitoralrs.com\/index.php\/wp-json\/wp\/v2\/users\/2"}],"replies":[{"embeddable":true,"href":"https:\/\/redelitoralrs.com\/index.php\/wp-json\/wp\/v2\/comments?post=24863"}],"version-history":[{"count":1,"href":"https:\/\/redelitoralrs.com\/index.php\/wp-json\/wp\/v2\/posts\/24863\/revisions"}],"predecessor-version":[{"id":24865,"href":"https:\/\/redelitoralrs.com\/index.php\/wp-json\/wp\/v2\/posts\/24863\/revisions\/24865"}],"wp:featuredmedia":[{"embeddable":true,"href":"https:\/\/redelitoralrs.com\/index.php\/wp-json\/wp\/v2\/media\/24864"}],"wp:attachment":[{"href":"https:\/\/redelitoralrs.com\/index.php\/wp-json\/wp\/v2\/media?parent=24863"}],"wp:term":[{"taxonomy":"category","embeddable":true,"href":"https:\/\/redelitoralrs.com\/index.php\/wp-json\/wp\/v2\/categories?post=24863"},{"taxonomy":"post_tag","embeddable":true,"href":"https:\/\/redelitoralrs.com\/index.php\/wp-json\/wp\/v2\/tags?post=24863"}],"curies":[{"name":"wp","href":"https:\/\/api.w.org\/{rel}","templated":true}]}}