{"id":24860,"date":"2026-04-29T17:22:32","date_gmt":"2026-04-29T20:22:32","guid":{"rendered":"https:\/\/redelitoralrs.com\/?p=24860"},"modified":"2026-04-29T17:22:33","modified_gmt":"2026-04-29T20:22:33","slug":"mais-de-800-cidades-tem-criancas-de-4-e-5-anos-fora-da-escola-aponta-levantamento","status":"publish","type":"post","link":"https:\/\/redelitoralrs.com\/index.php\/2026\/04\/29\/mais-de-800-cidades-tem-criancas-de-4-e-5-anos-fora-da-escola-aponta-levantamento\/","title":{"rendered":"Mais de 800 cidades t\u00eam crian\u00e7as de 4 e 5 anos fora da escola, aponta levantamento"},"content":{"rendered":"\n<p>Apesar da obrigatoriedade da matr\u00edcula na educa\u00e7\u00e3o infantil a partir dos 4 anos, ao menos uma em cada dez crian\u00e7as dessa faixa et\u00e1ria est\u00e1 fora da escola em 876 munic\u00edpios brasileiros. Os dados, referentes a 2025, indicam que 16% das cidades do pa\u00eds ainda n\u00e3o alcan\u00e7aram cobertura adequada no atendimento de crian\u00e7as de 4 e 5 anos.<\/p>\n\n\n\n<p>O levantamento foi elaborado pelo Interdisciplinaridade e Evid\u00eancias no Debate Educacional em parceria com institui\u00e7\u00f5es como o Banco Interamericano de Desenvolvimento e funda\u00e7\u00f5es privadas, com base em dados do Instituto Brasileiro de Geografia e Estat\u00edstica e do Censo Escolar.<\/p>\n\n\n\n<p>As desigualdades regionais s\u00e3o evidentes. A Regi\u00e3o Norte concentra os piores \u00edndices, com 29% dos munic\u00edpios apresentando menos de 90% das crian\u00e7as matriculadas. Em seguida aparecem Centro-Oeste (21%), Nordeste (17%) e Sudeste (13%). O Sul registra o melhor desempenho, ainda assim com 11% dos munic\u00edpios abaixo do patamar considerado adequado.<\/p>\n\n\n\n<p>O cen\u00e1rio \u00e9 ainda mais desafiador na faixa et\u00e1ria de at\u00e9 3 anos. Em 81% dos munic\u00edpios brasileiros \u2014 o equivalente a 4.485 cidades \u2014 menos de 60% das crian\u00e7as est\u00e3o matriculadas em creches. A meta estabelecida pelo Plano Nacional de Educa\u00e7\u00e3o (PNE) prev\u00ea atingir ao menos 60% de cobertura at\u00e9 2036.<\/p>\n\n\n\n<p>Entre as capitais, algumas j\u00e1 universalizaram o atendimento de crian\u00e7as de 4 e 5 anos, como Vit\u00f3ria, Curitiba, S\u00e3o Paulo e Belo Horizonte. Por outro lado, cidades como Macei\u00f3, Macap\u00e1 e Jo\u00e3o Pessoa apresentam os menores \u00edndices de cobertura nessa etapa.<\/p>\n\n\n\n<p>O estudo destaca que a responsabilidade pela oferta da educa\u00e7\u00e3o infantil \u00e9 dos munic\u00edpios, e que dados mais detalhados podem auxiliar na identifica\u00e7\u00e3o de crian\u00e7as fora da escola e no desenvolvimento de pol\u00edticas p\u00fablicas de busca ativa.<\/p>\n\n\n\n<p>Segundo dados oficiais do IBGE, divulgados em 2025, 93,5% das crian\u00e7as de 4 a 5 anos estavam matriculadas no pa\u00eds, enquanto entre 0 e 3 anos o \u00edndice era de 39,7%. Ainda assim, o novo indicador aponta que a realidade pode ser mais desigual em n\u00edvel local.<\/p>\n\n\n\n<p>O Minist\u00e9rio da Educa\u00e7\u00e3o informou que tem ampliado investimentos para apoiar os munic\u00edpios, com a\u00e7\u00f5es como o Compromisso Nacional pela Qualidade e Equidade na Educa\u00e7\u00e3o Infantil e a constru\u00e7\u00e3o de novas creches por meio do Novo PAC. A meta \u00e9 expandir o acesso e reduzir as desigualdades no atendimento educacional na primeira inf\u00e2ncia.<\/p>\n","protected":false},"excerpt":{"rendered":"<p>Apesar da obrigatoriedade da matr\u00edcula na educa\u00e7\u00e3o infantil a partir dos 4 anos, ao menos uma em cada dez crian\u00e7as dessa faixa et\u00e1ria est\u00e1 fora da escola em 876 munic\u00edpios brasileiros. Os dados, referentes a 2025, indicam que 16% das cidades do pa\u00eds ainda n\u00e3o alcan\u00e7aram cobertura adequada no atendimento de crian\u00e7as de 4 e [&hellip;]<\/p>\n","protected":false},"author":2,"featured_media":24861,"comment_status":"open","ping_status":"open","sticky":false,"template":"","format":"standard","meta":{"_themeisle_gutenberg_block_has_review":false,"footnotes":""},"categories":[246,228,15],"tags":[],"class_list":["post-24860","post","type-post","status-publish","format-standard","has-post-thumbnail","hentry","category-brasil","category-educacao","category-noticias"],"yoast_head":"<!-- This site is optimized with the Yoast SEO plugin v27.4 - https:\/\/yoast.com\/product\/yoast-seo-wordpress\/ -->\n<title>Mais de 800 cidades t\u00eam crian\u00e7as de 4 e 5 anos fora da escola, aponta levantamento - Rede Litoral RS<\/title>\n<meta name=\"robots\" content=\"index, follow, max-snippet:-1, max-image-preview:large, max-video-preview:-1\" \/>\n<link rel=\"canonical\" href=\"https:\/\/redelitoralrs.com\/index.php\/2026\/04\/29\/mais-de-800-cidades-tem-criancas-de-4-e-5-anos-fora-da-escola-aponta-levantamento\/\" \/>\n<meta property=\"og:locale\" content=\"pt_BR\" \/>\n<meta property=\"og:type\" content=\"article\" \/>\n<meta property=\"og:title\" content=\"Mais de 800 cidades t\u00eam crian\u00e7as de 4 e 5 anos fora da escola, aponta levantamento - Rede Litoral RS\" \/>\n<meta property=\"og:description\" content=\"Apesar da obrigatoriedade da matr\u00edcula na educa\u00e7\u00e3o infantil a partir dos 4 anos, ao menos uma em cada dez crian\u00e7as dessa faixa et\u00e1ria est\u00e1 fora da escola em 876 munic\u00edpios brasileiros. Os dados, referentes a 2025, indicam que 16% das cidades do pa\u00eds ainda n\u00e3o alcan\u00e7aram cobertura adequada no atendimento de crian\u00e7as de 4 e [&hellip;]\" \/>\n<meta property=\"og:url\" content=\"https:\/\/redelitoralrs.com\/index.php\/2026\/04\/29\/mais-de-800-cidades-tem-criancas-de-4-e-5-anos-fora-da-escola-aponta-levantamento\/\" \/>\n<meta property=\"og:site_name\" content=\"Rede Litoral RS\" \/>\n<meta property=\"article:publisher\" content=\"https:\/\/www.facebook.com\/tvlitoralrsoficial\" \/>\n<meta property=\"article:published_time\" content=\"2026-04-29T20:22:32+00:00\" \/>\n<meta property=\"article:modified_time\" content=\"2026-04-29T20:22:33+00:00\" \/>\n<meta property=\"og:image\" content=\"https:\/\/redelitoralrs.com\/wp-content\/uploads\/2026\/04\/52900113672_bec97787d3_o.webp\" \/>\n\t<meta property=\"og:image:width\" content=\"1170\" \/>\n\t<meta property=\"og:image:height\" content=\"700\" \/>\n\t<meta property=\"og:image:type\" content=\"image\/webp\" \/>\n<meta name=\"author\" content=\"Reda\u00e7\u00e3o TV Litoral\" \/>\n<meta name=\"twitter:card\" content=\"summary_large_image\" \/>\n<meta name=\"twitter:label1\" content=\"Escrito por\" \/>\n\t<meta name=\"twitter:data1\" content=\"Reda\u00e7\u00e3o TV Litoral\" \/>\n\t<meta name=\"twitter:label2\" content=\"Est. tempo de leitura\" \/>\n\t<meta name=\"twitter:data2\" content=\"3 minutos\" \/>\n<script type=\"application\/ld+json\" class=\"yoast-schema-graph\">{\"@context\":\"https:\\\/\\\/schema.org\",\"@graph\":[{\"@type\":\"Article\",\"@id\":\"https:\\\/\\\/redelitoralrs.com\\\/index.php\\\/2026\\\/04\\\/29\\\/mais-de-800-cidades-tem-criancas-de-4-e-5-anos-fora-da-escola-aponta-levantamento\\\/#article\",\"isPartOf\":{\"@id\":\"https:\\\/\\\/redelitoralrs.com\\\/index.php\\\/2026\\\/04\\\/29\\\/mais-de-800-cidades-tem-criancas-de-4-e-5-anos-fora-da-escola-aponta-levantamento\\\/\"},\"author\":{\"name\":\"Reda\u00e7\u00e3o TV Litoral\",\"@id\":\"https:\\\/\\\/redelitoralrs.com\\\/#\\\/schema\\\/person\\\/9f8181f2a7359dd3986f05ebaf5bd68a\"},\"headline\":\"Mais de 800 cidades t\u00eam crian\u00e7as de 4 e 5 anos fora da escola, aponta levantamento\",\"datePublished\":\"2026-04-29T20:22:32+00:00\",\"dateModified\":\"2026-04-29T20:22:33+00:00\",\"mainEntityOfPage\":{\"@id\":\"https:\\\/\\\/redelitoralrs.com\\\/index.php\\\/2026\\\/04\\\/29\\\/mais-de-800-cidades-tem-criancas-de-4-e-5-anos-fora-da-escola-aponta-levantamento\\\/\"},\"wordCount\":403,\"commentCount\":0,\"publisher\":{\"@id\":\"https:\\\/\\\/redelitoralrs.com\\\/#organization\"},\"image\":{\"@id\":\"https:\\\/\\\/redelitoralrs.com\\\/index.php\\\/2026\\\/04\\\/29\\\/mais-de-800-cidades-tem-criancas-de-4-e-5-anos-fora-da-escola-aponta-levantamento\\\/#primaryimage\"},\"thumbnailUrl\":\"https:\\\/\\\/redelitoralrs.com\\\/wp-content\\\/uploads\\\/2026\\\/04\\\/52900113672_bec97787d3_o.webp\",\"articleSection\":[\"Brasil\",\"Educa\u00e7\u00e3o\",\"\u00daltimas not\u00edcias\"],\"inLanguage\":\"pt-BR\",\"potentialAction\":[{\"@type\":\"CommentAction\",\"name\":\"Comment\",\"target\":[\"https:\\\/\\\/redelitoralrs.com\\\/index.php\\\/2026\\\/04\\\/29\\\/mais-de-800-cidades-tem-criancas-de-4-e-5-anos-fora-da-escola-aponta-levantamento\\\/#respond\"]}]},{\"@type\":\"WebPage\",\"@id\":\"https:\\\/\\\/redelitoralrs.com\\\/index.php\\\/2026\\\/04\\\/29\\\/mais-de-800-cidades-tem-criancas-de-4-e-5-anos-fora-da-escola-aponta-levantamento\\\/\",\"url\":\"https:\\\/\\\/redelitoralrs.com\\\/index.php\\\/2026\\\/04\\\/29\\\/mais-de-800-cidades-tem-criancas-de-4-e-5-anos-fora-da-escola-aponta-levantamento\\\/\",\"name\":\"Mais de 800 cidades t\u00eam crian\u00e7as de 4 e 5 anos fora da escola, aponta levantamento - Rede Litoral RS\",\"isPartOf\":{\"@id\":\"https:\\\/\\\/redelitoralrs.com\\\/#website\"},\"primaryImageOfPage\":{\"@id\":\"https:\\\/\\\/redelitoralrs.com\\\/index.php\\\/2026\\\/04\\\/29\\\/mais-de-800-cidades-tem-criancas-de-4-e-5-anos-fora-da-escola-aponta-levantamento\\\/#primaryimage\"},\"image\":{\"@id\":\"https:\\\/\\\/redelitoralrs.com\\\/index.php\\\/2026\\\/04\\\/29\\\/mais-de-800-cidades-tem-criancas-de-4-e-5-anos-fora-da-escola-aponta-levantamento\\\/#primaryimage\"},\"thumbnailUrl\":\"https:\\\/\\\/redelitoralrs.com\\\/wp-content\\\/uploads\\\/2026\\\/04\\\/52900113672_bec97787d3_o.webp\",\"datePublished\":\"2026-04-29T20:22:32+00:00\",\"dateModified\":\"2026-04-29T20:22:33+00:00\",\"breadcrumb\":{\"@id\":\"https:\\\/\\\/redelitoralrs.com\\\/index.php\\\/2026\\\/04\\\/29\\\/mais-de-800-cidades-tem-criancas-de-4-e-5-anos-fora-da-escola-aponta-levantamento\\\/#breadcrumb\"},\"inLanguage\":\"pt-BR\",\"potentialAction\":[{\"@type\":\"ReadAction\",\"target\":[\"https:\\\/\\\/redelitoralrs.com\\\/index.php\\\/2026\\\/04\\\/29\\\/mais-de-800-cidades-tem-criancas-de-4-e-5-anos-fora-da-escola-aponta-levantamento\\\/\"]}]},{\"@type\":\"ImageObject\",\"inLanguage\":\"pt-BR\",\"@id\":\"https:\\\/\\\/redelitoralrs.com\\\/index.php\\\/2026\\\/04\\\/29\\\/mais-de-800-cidades-tem-criancas-de-4-e-5-anos-fora-da-escola-aponta-levantamento\\\/#primaryimage\",\"url\":\"https:\\\/\\\/redelitoralrs.com\\\/wp-content\\\/uploads\\\/2026\\\/04\\\/52900113672_bec97787d3_o.webp\",\"contentUrl\":\"https:\\\/\\\/redelitoralrs.com\\\/wp-content\\\/uploads\\\/2026\\\/04\\\/52900113672_bec97787d3_o.webp\",\"width\":1170,\"height\":700,\"caption\":\"Foto: Angelo Miguel\\\/MEC\"},{\"@type\":\"BreadcrumbList\",\"@id\":\"https:\\\/\\\/redelitoralrs.com\\\/index.php\\\/2026\\\/04\\\/29\\\/mais-de-800-cidades-tem-criancas-de-4-e-5-anos-fora-da-escola-aponta-levantamento\\\/#breadcrumb\",\"itemListElement\":[{\"@type\":\"ListItem\",\"position\":1,\"name\":\"In\u00edcio\",\"item\":\"https:\\\/\\\/redelitoralrs.com\\\/\"},{\"@type\":\"ListItem\",\"position\":2,\"name\":\"Mais de 800 cidades t\u00eam crian\u00e7as de 4 e 5 anos fora da escola, aponta levantamento\"}]},{\"@type\":\"WebSite\",\"@id\":\"https:\\\/\\\/redelitoralrs.com\\\/#website\",\"url\":\"https:\\\/\\\/redelitoralrs.com\\\/\",\"name\":\"TV Litoral\",\"description\":\"Acompanhe tudo do litoral ga\u00facho com a cobertura completa e atualizada da Rede Litoral RS. Nossos jornalistas trazem as \u00faltimas not\u00edcias, os acontecimentos mais quentes e as hist\u00f3rias que importam sobre nosso amado litoral.\",\"publisher\":{\"@id\":\"https:\\\/\\\/redelitoralrs.com\\\/#organization\"},\"potentialAction\":[{\"@type\":\"SearchAction\",\"target\":{\"@type\":\"EntryPoint\",\"urlTemplate\":\"https:\\\/\\\/redelitoralrs.com\\\/?s={search_term_string}\"},\"query-input\":{\"@type\":\"PropertyValueSpecification\",\"valueRequired\":true,\"valueName\":\"search_term_string\"}}],\"inLanguage\":\"pt-BR\"},{\"@type\":\"Organization\",\"@id\":\"https:\\\/\\\/redelitoralrs.com\\\/#organization\",\"name\":\"TV Litoral\",\"url\":\"https:\\\/\\\/redelitoralrs.com\\\/\",\"logo\":{\"@type\":\"ImageObject\",\"inLanguage\":\"pt-BR\",\"@id\":\"https:\\\/\\\/redelitoralrs.com\\\/#\\\/schema\\\/logo\\\/image\\\/\",\"url\":\"https:\\\/\\\/redelitoralrs.com\\\/wp-content\\\/uploads\\\/2024\\\/01\\\/faviconicon-1-1.png\",\"contentUrl\":\"https:\\\/\\\/redelitoralrs.com\\\/wp-content\\\/uploads\\\/2024\\\/01\\\/faviconicon-1-1.png\",\"width\":454,\"height\":454,\"caption\":\"TV Litoral\"},\"image\":{\"@id\":\"https:\\\/\\\/redelitoralrs.com\\\/#\\\/schema\\\/logo\\\/image\\\/\"},\"sameAs\":[\"https:\\\/\\\/www.facebook.com\\\/tvlitoralrsoficial\",\"https:\\\/\\\/www.instagram.com\\\/tvlitoral.rs\"]},{\"@type\":\"Person\",\"@id\":\"https:\\\/\\\/redelitoralrs.com\\\/#\\\/schema\\\/person\\\/9f8181f2a7359dd3986f05ebaf5bd68a\",\"name\":\"Reda\u00e7\u00e3o TV Litoral\",\"image\":{\"@type\":\"ImageObject\",\"inLanguage\":\"pt-BR\",\"@id\":\"https:\\\/\\\/redelitoralrs.com\\\/wp-content\\\/litespeed\\\/avatar\\\/779aafbb45e66c7f82733e21abb48259.jpg?ver=1777561602\",\"url\":\"https:\\\/\\\/redelitoralrs.com\\\/wp-content\\\/litespeed\\\/avatar\\\/779aafbb45e66c7f82733e21abb48259.jpg?ver=1777561602\",\"contentUrl\":\"https:\\\/\\\/redelitoralrs.com\\\/wp-content\\\/litespeed\\\/avatar\\\/779aafbb45e66c7f82733e21abb48259.jpg?ver=1777561602\",\"caption\":\"Reda\u00e7\u00e3o TV Litoral\"},\"description\":\"A Rede Litoral de Comunica\u00e7\u00e3o \u00e9 um grupo de m\u00eddia multiplataforma do Litoral Norte do RS. Com atua\u00e7\u00e3o em TV, r\u00e1dio, portal e redes sociais, levamos informa\u00e7\u00e3o, conte\u00fado e entretenimento \u00e0 comunidade, fortalecendo a comunica\u00e7\u00e3o local e impulsionando o desenvolvimento regional. Acompanhe atrav\u00e9s de @redelitoralrs.\",\"sameAs\":[\"https:\\\/\\\/redelitoralrs.com\",\"https:\\\/\\\/www.instagram.com\\\/redelitoralrs\",\"https:\\\/\\\/www.youtube.com\\\/@redelitoralrs\"],\"url\":\"https:\\\/\\\/redelitoralrs.com\\\/index.php\\\/author\\\/redacaotvlitoral\\\/\"}]}<\/script>\n<!-- \/ Yoast SEO plugin. -->","yoast_head_json":{"title":"Mais de 800 cidades t\u00eam crian\u00e7as de 4 e 5 anos fora da escola, aponta levantamento - Rede Litoral RS","robots":{"index":"index","follow":"follow","max-snippet":"max-snippet:-1","max-image-preview":"max-image-preview:large","max-video-preview":"max-video-preview:-1"},"canonical":"https:\/\/redelitoralrs.com\/index.php\/2026\/04\/29\/mais-de-800-cidades-tem-criancas-de-4-e-5-anos-fora-da-escola-aponta-levantamento\/","og_locale":"pt_BR","og_type":"article","og_title":"Mais de 800 cidades t\u00eam crian\u00e7as de 4 e 5 anos fora da escola, aponta levantamento - Rede Litoral RS","og_description":"Apesar da obrigatoriedade da matr\u00edcula na educa\u00e7\u00e3o infantil a partir dos 4 anos, ao menos uma em cada dez crian\u00e7as dessa faixa et\u00e1ria est\u00e1 fora da escola em 876 munic\u00edpios brasileiros. Os dados, referentes a 2025, indicam que 16% das cidades do pa\u00eds ainda n\u00e3o alcan\u00e7aram cobertura adequada no atendimento de crian\u00e7as de 4 e [&hellip;]","og_url":"https:\/\/redelitoralrs.com\/index.php\/2026\/04\/29\/mais-de-800-cidades-tem-criancas-de-4-e-5-anos-fora-da-escola-aponta-levantamento\/","og_site_name":"Rede Litoral RS","article_publisher":"https:\/\/www.facebook.com\/tvlitoralrsoficial","article_published_time":"2026-04-29T20:22:32+00:00","article_modified_time":"2026-04-29T20:22:33+00:00","og_image":[{"width":1170,"height":700,"url":"https:\/\/redelitoralrs.com\/wp-content\/uploads\/2026\/04\/52900113672_bec97787d3_o.webp","type":"image\/webp"}],"author":"Reda\u00e7\u00e3o TV Litoral","twitter_card":"summary_large_image","twitter_misc":{"Escrito por":"Reda\u00e7\u00e3o TV Litoral","Est. tempo de leitura":"3 minutos"},"schema":{"@context":"https:\/\/schema.org","@graph":[{"@type":"Article","@id":"https:\/\/redelitoralrs.com\/index.php\/2026\/04\/29\/mais-de-800-cidades-tem-criancas-de-4-e-5-anos-fora-da-escola-aponta-levantamento\/#article","isPartOf":{"@id":"https:\/\/redelitoralrs.com\/index.php\/2026\/04\/29\/mais-de-800-cidades-tem-criancas-de-4-e-5-anos-fora-da-escola-aponta-levantamento\/"},"author":{"name":"Reda\u00e7\u00e3o TV Litoral","@id":"https:\/\/redelitoralrs.com\/#\/schema\/person\/9f8181f2a7359dd3986f05ebaf5bd68a"},"headline":"Mais de 800 cidades t\u00eam crian\u00e7as de 4 e 5 anos fora da escola, aponta levantamento","datePublished":"2026-04-29T20:22:32+00:00","dateModified":"2026-04-29T20:22:33+00:00","mainEntityOfPage":{"@id":"https:\/\/redelitoralrs.com\/index.php\/2026\/04\/29\/mais-de-800-cidades-tem-criancas-de-4-e-5-anos-fora-da-escola-aponta-levantamento\/"},"wordCount":403,"commentCount":0,"publisher":{"@id":"https:\/\/redelitoralrs.com\/#organization"},"image":{"@id":"https:\/\/redelitoralrs.com\/index.php\/2026\/04\/29\/mais-de-800-cidades-tem-criancas-de-4-e-5-anos-fora-da-escola-aponta-levantamento\/#primaryimage"},"thumbnailUrl":"https:\/\/redelitoralrs.com\/wp-content\/uploads\/2026\/04\/52900113672_bec97787d3_o.webp","articleSection":["Brasil","Educa\u00e7\u00e3o","\u00daltimas not\u00edcias"],"inLanguage":"pt-BR","potentialAction":[{"@type":"CommentAction","name":"Comment","target":["https:\/\/redelitoralrs.com\/index.php\/2026\/04\/29\/mais-de-800-cidades-tem-criancas-de-4-e-5-anos-fora-da-escola-aponta-levantamento\/#respond"]}]},{"@type":"WebPage","@id":"https:\/\/redelitoralrs.com\/index.php\/2026\/04\/29\/mais-de-800-cidades-tem-criancas-de-4-e-5-anos-fora-da-escola-aponta-levantamento\/","url":"https:\/\/redelitoralrs.com\/index.php\/2026\/04\/29\/mais-de-800-cidades-tem-criancas-de-4-e-5-anos-fora-da-escola-aponta-levantamento\/","name":"Mais de 800 cidades t\u00eam crian\u00e7as de 4 e 5 anos fora da escola, aponta levantamento - Rede Litoral RS","isPartOf":{"@id":"https:\/\/redelitoralrs.com\/#website"},"primaryImageOfPage":{"@id":"https:\/\/redelitoralrs.com\/index.php\/2026\/04\/29\/mais-de-800-cidades-tem-criancas-de-4-e-5-anos-fora-da-escola-aponta-levantamento\/#primaryimage"},"image":{"@id":"https:\/\/redelitoralrs.com\/index.php\/2026\/04\/29\/mais-de-800-cidades-tem-criancas-de-4-e-5-anos-fora-da-escola-aponta-levantamento\/#primaryimage"},"thumbnailUrl":"https:\/\/redelitoralrs.com\/wp-content\/uploads\/2026\/04\/52900113672_bec97787d3_o.webp","datePublished":"2026-04-29T20:22:32+00:00","dateModified":"2026-04-29T20:22:33+00:00","breadcrumb":{"@id":"https:\/\/redelitoralrs.com\/index.php\/2026\/04\/29\/mais-de-800-cidades-tem-criancas-de-4-e-5-anos-fora-da-escola-aponta-levantamento\/#breadcrumb"},"inLanguage":"pt-BR","potentialAction":[{"@type":"ReadAction","target":["https:\/\/redelitoralrs.com\/index.php\/2026\/04\/29\/mais-de-800-cidades-tem-criancas-de-4-e-5-anos-fora-da-escola-aponta-levantamento\/"]}]},{"@type":"ImageObject","inLanguage":"pt-BR","@id":"https:\/\/redelitoralrs.com\/index.php\/2026\/04\/29\/mais-de-800-cidades-tem-criancas-de-4-e-5-anos-fora-da-escola-aponta-levantamento\/#primaryimage","url":"https:\/\/redelitoralrs.com\/wp-content\/uploads\/2026\/04\/52900113672_bec97787d3_o.webp","contentUrl":"https:\/\/redelitoralrs.com\/wp-content\/uploads\/2026\/04\/52900113672_bec97787d3_o.webp","width":1170,"height":700,"caption":"Foto: Angelo Miguel\/MEC"},{"@type":"BreadcrumbList","@id":"https:\/\/redelitoralrs.com\/index.php\/2026\/04\/29\/mais-de-800-cidades-tem-criancas-de-4-e-5-anos-fora-da-escola-aponta-levantamento\/#breadcrumb","itemListElement":[{"@type":"ListItem","position":1,"name":"In\u00edcio","item":"https:\/\/redelitoralrs.com\/"},{"@type":"ListItem","position":2,"name":"Mais de 800 cidades t\u00eam crian\u00e7as de 4 e 5 anos fora da escola, aponta levantamento"}]},{"@type":"WebSite","@id":"https:\/\/redelitoralrs.com\/#website","url":"https:\/\/redelitoralrs.com\/","name":"TV Litoral","description":"Acompanhe tudo do litoral ga\u00facho com a cobertura completa e atualizada da Rede Litoral RS. Nossos jornalistas trazem as \u00faltimas not\u00edcias, os acontecimentos mais quentes e as hist\u00f3rias que importam sobre nosso amado litoral.","publisher":{"@id":"https:\/\/redelitoralrs.com\/#organization"},"potentialAction":[{"@type":"SearchAction","target":{"@type":"EntryPoint","urlTemplate":"https:\/\/redelitoralrs.com\/?s={search_term_string}"},"query-input":{"@type":"PropertyValueSpecification","valueRequired":true,"valueName":"search_term_string"}}],"inLanguage":"pt-BR"},{"@type":"Organization","@id":"https:\/\/redelitoralrs.com\/#organization","name":"TV Litoral","url":"https:\/\/redelitoralrs.com\/","logo":{"@type":"ImageObject","inLanguage":"pt-BR","@id":"https:\/\/redelitoralrs.com\/#\/schema\/logo\/image\/","url":"https:\/\/redelitoralrs.com\/wp-content\/uploads\/2024\/01\/faviconicon-1-1.png","contentUrl":"https:\/\/redelitoralrs.com\/wp-content\/uploads\/2024\/01\/faviconicon-1-1.png","width":454,"height":454,"caption":"TV Litoral"},"image":{"@id":"https:\/\/redelitoralrs.com\/#\/schema\/logo\/image\/"},"sameAs":["https:\/\/www.facebook.com\/tvlitoralrsoficial","https:\/\/www.instagram.com\/tvlitoral.rs"]},{"@type":"Person","@id":"https:\/\/redelitoralrs.com\/#\/schema\/person\/9f8181f2a7359dd3986f05ebaf5bd68a","name":"Reda\u00e7\u00e3o TV Litoral","image":{"@type":"ImageObject","inLanguage":"pt-BR","@id":"https:\/\/redelitoralrs.com\/wp-content\/litespeed\/avatar\/779aafbb45e66c7f82733e21abb48259.jpg?ver=1777561602","url":"https:\/\/redelitoralrs.com\/wp-content\/litespeed\/avatar\/779aafbb45e66c7f82733e21abb48259.jpg?ver=1777561602","contentUrl":"https:\/\/redelitoralrs.com\/wp-content\/litespeed\/avatar\/779aafbb45e66c7f82733e21abb48259.jpg?ver=1777561602","caption":"Reda\u00e7\u00e3o TV Litoral"},"description":"A Rede Litoral de Comunica\u00e7\u00e3o \u00e9 um grupo de m\u00eddia multiplataforma do Litoral Norte do RS. Com atua\u00e7\u00e3o em TV, r\u00e1dio, portal e redes sociais, levamos informa\u00e7\u00e3o, conte\u00fado e entretenimento \u00e0 comunidade, fortalecendo a comunica\u00e7\u00e3o local e impulsionando o desenvolvimento regional. Acompanhe atrav\u00e9s de @redelitoralrs.","sameAs":["https:\/\/redelitoralrs.com","https:\/\/www.instagram.com\/redelitoralrs","https:\/\/www.youtube.com\/@redelitoralrs"],"url":"https:\/\/redelitoralrs.com\/index.php\/author\/redacaotvlitoral\/"}]}},"_links":{"self":[{"href":"https:\/\/redelitoralrs.com\/index.php\/wp-json\/wp\/v2\/posts\/24860","targetHints":{"allow":["GET"]}}],"collection":[{"href":"https:\/\/redelitoralrs.com\/index.php\/wp-json\/wp\/v2\/posts"}],"about":[{"href":"https:\/\/redelitoralrs.com\/index.php\/wp-json\/wp\/v2\/types\/post"}],"author":[{"embeddable":true,"href":"https:\/\/redelitoralrs.com\/index.php\/wp-json\/wp\/v2\/users\/2"}],"replies":[{"embeddable":true,"href":"https:\/\/redelitoralrs.com\/index.php\/wp-json\/wp\/v2\/comments?post=24860"}],"version-history":[{"count":1,"href":"https:\/\/redelitoralrs.com\/index.php\/wp-json\/wp\/v2\/posts\/24860\/revisions"}],"predecessor-version":[{"id":24862,"href":"https:\/\/redelitoralrs.com\/index.php\/wp-json\/wp\/v2\/posts\/24860\/revisions\/24862"}],"wp:featuredmedia":[{"embeddable":true,"href":"https:\/\/redelitoralrs.com\/index.php\/wp-json\/wp\/v2\/media\/24861"}],"wp:attachment":[{"href":"https:\/\/redelitoralrs.com\/index.php\/wp-json\/wp\/v2\/media?parent=24860"}],"wp:term":[{"taxonomy":"category","embeddable":true,"href":"https:\/\/redelitoralrs.com\/index.php\/wp-json\/wp\/v2\/categories?post=24860"},{"taxonomy":"post_tag","embeddable":true,"href":"https:\/\/redelitoralrs.com\/index.php\/wp-json\/wp\/v2\/tags?post=24860"}],"curies":[{"name":"wp","href":"https:\/\/api.w.org\/{rel}","templated":true}]}}