{"id":24857,"date":"2026-04-29T17:16:36","date_gmt":"2026-04-29T20:16:36","guid":{"rendered":"https:\/\/redelitoralrs.com\/?p=24857"},"modified":"2026-04-29T17:16:36","modified_gmt":"2026-04-29T20:16:36","slug":"programa-alfabetiza-tche-premia-200-escolas-e-reconhece-instituicoes-do-litoral-norte-do-rs","status":"publish","type":"post","link":"https:\/\/redelitoralrs.com\/index.php\/2026\/04\/29\/programa-alfabetiza-tche-premia-200-escolas-e-reconhece-instituicoes-do-litoral-norte-do-rs\/","title":{"rendered":"Programa Alfabetiza Tch\u00ea premia 200 escolas e reconhece institui\u00e7\u00f5es do Litoral Norte do RS"},"content":{"rendered":"\n<p>O Governo do Rio Grande do Sul realizou, na segunda-feira (27), a premia\u00e7\u00e3o do Programa Alfabetiza Tch\u00ea, reconhecendo 200 escolas estaduais e municipais com os melhores indicadores de alfabetiza\u00e7\u00e3o no \u00faltimo ano. A cerim\u00f4nia ocorreu no audit\u00f3rio do Teatro da Ospa, em Porto Alegre, reunindo autoridades, educadores e estudantes.<\/p>\n\n\n\n<p>Participaram do evento o governador Eduardo Leite, o vice-governador Gabriel Souza e a secret\u00e1ria estadual da Educa\u00e7\u00e3o Raquel Teixeira. As institui\u00e7\u00f5es premiadas receber\u00e3o incentivos financeiros entre R$ 40 mil e R$ 80 mil, destinados a projetos pedag\u00f3gicos, al\u00e9m de assumirem o papel de escolas mentoras por um per\u00edodo de dois anos.<\/p>\n\n\n\n<p>Coordenado pela Secretaria da Educa\u00e7\u00e3o do Rio Grande do Sul, o programa conta com ades\u00e3o dos 497 munic\u00edpios ga\u00fachos em regime de colabora\u00e7\u00e3o e inclui a\u00e7\u00f5es como forma\u00e7\u00e3o de professores, capacita\u00e7\u00e3o de gestores e produ\u00e7\u00e3o de materiais pedag\u00f3gicos. Desde 2023, j\u00e1 foram investidos cerca de R$ 34 milh\u00f5es, com foco na alfabetiza\u00e7\u00e3o plena dos estudantes at\u00e9 o 2\u00ba ano do Ensino Fundamental.<\/p>\n\n\n\n<p>A premia\u00e7\u00e3o foi organizada por regi\u00f5es, contemplando escolas de todo o Estado. No Litoral Norte, \u00e1rea da 11\u00aa Coordenadoria Regional de Educa\u00e7\u00e3o, com sede em Os\u00f3rio, foram reconhecidas institui\u00e7\u00f5es dos munic\u00edpios de Cara\u00e1, Itati, Santo Ant\u00f4nio da Patrulha, Tramanda\u00ed e Tr\u00eas Cachoeiras.<\/p>\n\n\n\n<p>Entre as escolas premiadas na regi\u00e3o est\u00e3o a Escola Municipal Carlos Gomes, em Cara\u00e1; a Escola Professora Celita Nenes Neubert, em Itati; a Escola Nossa Senhora de F\u00e1tima, em Santo Ant\u00f4nio da Patrulha; as escolas Menino Manoel Luiz e Suely Vaccari Os\u00f3rio, em Tramanda\u00ed; al\u00e9m das escolas Dom Jos\u00e9 Barea e Fernando Ferrari, em Tr\u00eas Cachoeiras.<\/p>\n\n\n\n<p>A iniciativa busca elevar os \u00edndices de alfabetiza\u00e7\u00e3o no Estado e fortalecer a qualidade do ensino p\u00fablico, com foco nos anos iniciais da educa\u00e7\u00e3o b\u00e1sica.<\/p>\n","protected":false},"excerpt":{"rendered":"<p>O Governo do Rio Grande do Sul realizou, na segunda-feira (27), a premia\u00e7\u00e3o do Programa Alfabetiza Tch\u00ea, reconhecendo 200 escolas estaduais e municipais com os melhores indicadores de alfabetiza\u00e7\u00e3o no \u00faltimo ano. A cerim\u00f4nia ocorreu no audit\u00f3rio do Teatro da Ospa, em Porto Alegre, reunindo autoridades, educadores e estudantes. Participaram do evento o governador Eduardo [&hellip;]<\/p>\n","protected":false},"author":2,"featured_media":24858,"comment_status":"open","ping_status":"open","sticky":false,"template":"","format":"standard","meta":{"_themeisle_gutenberg_block_has_review":false,"footnotes":""},"categories":[228,20,15],"tags":[],"class_list":["post-24857","post","type-post","status-publish","format-standard","has-post-thumbnail","hentry","category-educacao","category-litoral_norte","category-noticias"],"yoast_head":"<!-- This site is optimized with the Yoast SEO plugin v27.4 - https:\/\/yoast.com\/product\/yoast-seo-wordpress\/ -->\n<title>Programa Alfabetiza Tch\u00ea premia 200 escolas e reconhece institui\u00e7\u00f5es do Litoral Norte do RS - Rede Litoral RS<\/title>\n<meta name=\"robots\" content=\"index, follow, max-snippet:-1, max-image-preview:large, max-video-preview:-1\" \/>\n<link rel=\"canonical\" href=\"https:\/\/redelitoralrs.com\/index.php\/2026\/04\/29\/programa-alfabetiza-tche-premia-200-escolas-e-reconhece-instituicoes-do-litoral-norte-do-rs\/\" \/>\n<meta property=\"og:locale\" content=\"pt_BR\" \/>\n<meta property=\"og:type\" content=\"article\" \/>\n<meta property=\"og:title\" content=\"Programa Alfabetiza Tch\u00ea premia 200 escolas e reconhece institui\u00e7\u00f5es do Litoral Norte do RS - Rede Litoral RS\" \/>\n<meta property=\"og:description\" content=\"O Governo do Rio Grande do Sul realizou, na segunda-feira (27), a premia\u00e7\u00e3o do Programa Alfabetiza Tch\u00ea, reconhecendo 200 escolas estaduais e municipais com os melhores indicadores de alfabetiza\u00e7\u00e3o no \u00faltimo ano. A cerim\u00f4nia ocorreu no audit\u00f3rio do Teatro da Ospa, em Porto Alegre, reunindo autoridades, educadores e estudantes. Participaram do evento o governador Eduardo [&hellip;]\" \/>\n<meta property=\"og:url\" content=\"https:\/\/redelitoralrs.com\/index.php\/2026\/04\/29\/programa-alfabetiza-tche-premia-200-escolas-e-reconhece-instituicoes-do-litoral-norte-do-rs\/\" \/>\n<meta property=\"og:site_name\" content=\"Rede Litoral RS\" \/>\n<meta property=\"article:publisher\" content=\"https:\/\/www.facebook.com\/tvlitoralrsoficial\" \/>\n<meta property=\"article:published_time\" content=\"2026-04-29T20:16:36+00:00\" \/>\n<meta property=\"og:image\" content=\"https:\/\/redelitoralrs.com\/wp-content\/uploads\/2026\/04\/27154436_336609_GDO.jpeg\" \/>\n\t<meta property=\"og:image:width\" content=\"800\" \/>\n\t<meta property=\"og:image:height\" content=\"533\" \/>\n\t<meta property=\"og:image:type\" content=\"image\/jpeg\" \/>\n<meta name=\"author\" content=\"Reda\u00e7\u00e3o TV Litoral\" \/>\n<meta name=\"twitter:card\" content=\"summary_large_image\" \/>\n<meta name=\"twitter:label1\" content=\"Escrito por\" \/>\n\t<meta name=\"twitter:data1\" content=\"Reda\u00e7\u00e3o TV Litoral\" \/>\n\t<meta name=\"twitter:label2\" content=\"Est. tempo de leitura\" \/>\n\t<meta name=\"twitter:data2\" content=\"2 minutos\" \/>\n<script type=\"application\/ld+json\" class=\"yoast-schema-graph\">{\"@context\":\"https:\\\/\\\/schema.org\",\"@graph\":[{\"@type\":\"Article\",\"@id\":\"https:\\\/\\\/redelitoralrs.com\\\/index.php\\\/2026\\\/04\\\/29\\\/programa-alfabetiza-tche-premia-200-escolas-e-reconhece-instituicoes-do-litoral-norte-do-rs\\\/#article\",\"isPartOf\":{\"@id\":\"https:\\\/\\\/redelitoralrs.com\\\/index.php\\\/2026\\\/04\\\/29\\\/programa-alfabetiza-tche-premia-200-escolas-e-reconhece-instituicoes-do-litoral-norte-do-rs\\\/\"},\"author\":{\"name\":\"Reda\u00e7\u00e3o TV Litoral\",\"@id\":\"https:\\\/\\\/redelitoralrs.com\\\/#\\\/schema\\\/person\\\/9f8181f2a7359dd3986f05ebaf5bd68a\"},\"headline\":\"Programa Alfabetiza Tch\u00ea premia 200 escolas e reconhece institui\u00e7\u00f5es do Litoral Norte do RS\",\"datePublished\":\"2026-04-29T20:16:36+00:00\",\"mainEntityOfPage\":{\"@id\":\"https:\\\/\\\/redelitoralrs.com\\\/index.php\\\/2026\\\/04\\\/29\\\/programa-alfabetiza-tche-premia-200-escolas-e-reconhece-instituicoes-do-litoral-norte-do-rs\\\/\"},\"wordCount\":332,\"commentCount\":0,\"publisher\":{\"@id\":\"https:\\\/\\\/redelitoralrs.com\\\/#organization\"},\"image\":{\"@id\":\"https:\\\/\\\/redelitoralrs.com\\\/index.php\\\/2026\\\/04\\\/29\\\/programa-alfabetiza-tche-premia-200-escolas-e-reconhece-instituicoes-do-litoral-norte-do-rs\\\/#primaryimage\"},\"thumbnailUrl\":\"https:\\\/\\\/redelitoralrs.com\\\/wp-content\\\/uploads\\\/2026\\\/04\\\/27154436_336609_GDO.jpeg\",\"articleSection\":[\"Educa\u00e7\u00e3o\",\"Litoral Norte\",\"\u00daltimas not\u00edcias\"],\"inLanguage\":\"pt-BR\",\"potentialAction\":[{\"@type\":\"CommentAction\",\"name\":\"Comment\",\"target\":[\"https:\\\/\\\/redelitoralrs.com\\\/index.php\\\/2026\\\/04\\\/29\\\/programa-alfabetiza-tche-premia-200-escolas-e-reconhece-instituicoes-do-litoral-norte-do-rs\\\/#respond\"]}]},{\"@type\":\"WebPage\",\"@id\":\"https:\\\/\\\/redelitoralrs.com\\\/index.php\\\/2026\\\/04\\\/29\\\/programa-alfabetiza-tche-premia-200-escolas-e-reconhece-instituicoes-do-litoral-norte-do-rs\\\/\",\"url\":\"https:\\\/\\\/redelitoralrs.com\\\/index.php\\\/2026\\\/04\\\/29\\\/programa-alfabetiza-tche-premia-200-escolas-e-reconhece-instituicoes-do-litoral-norte-do-rs\\\/\",\"name\":\"Programa Alfabetiza Tch\u00ea premia 200 escolas e reconhece institui\u00e7\u00f5es do Litoral Norte do RS - Rede Litoral RS\",\"isPartOf\":{\"@id\":\"https:\\\/\\\/redelitoralrs.com\\\/#website\"},\"primaryImageOfPage\":{\"@id\":\"https:\\\/\\\/redelitoralrs.com\\\/index.php\\\/2026\\\/04\\\/29\\\/programa-alfabetiza-tche-premia-200-escolas-e-reconhece-instituicoes-do-litoral-norte-do-rs\\\/#primaryimage\"},\"image\":{\"@id\":\"https:\\\/\\\/redelitoralrs.com\\\/index.php\\\/2026\\\/04\\\/29\\\/programa-alfabetiza-tche-premia-200-escolas-e-reconhece-instituicoes-do-litoral-norte-do-rs\\\/#primaryimage\"},\"thumbnailUrl\":\"https:\\\/\\\/redelitoralrs.com\\\/wp-content\\\/uploads\\\/2026\\\/04\\\/27154436_336609_GDO.jpeg\",\"datePublished\":\"2026-04-29T20:16:36+00:00\",\"breadcrumb\":{\"@id\":\"https:\\\/\\\/redelitoralrs.com\\\/index.php\\\/2026\\\/04\\\/29\\\/programa-alfabetiza-tche-premia-200-escolas-e-reconhece-instituicoes-do-litoral-norte-do-rs\\\/#breadcrumb\"},\"inLanguage\":\"pt-BR\",\"potentialAction\":[{\"@type\":\"ReadAction\",\"target\":[\"https:\\\/\\\/redelitoralrs.com\\\/index.php\\\/2026\\\/04\\\/29\\\/programa-alfabetiza-tche-premia-200-escolas-e-reconhece-instituicoes-do-litoral-norte-do-rs\\\/\"]}]},{\"@type\":\"ImageObject\",\"inLanguage\":\"pt-BR\",\"@id\":\"https:\\\/\\\/redelitoralrs.com\\\/index.php\\\/2026\\\/04\\\/29\\\/programa-alfabetiza-tche-premia-200-escolas-e-reconhece-instituicoes-do-litoral-norte-do-rs\\\/#primaryimage\",\"url\":\"https:\\\/\\\/redelitoralrs.com\\\/wp-content\\\/uploads\\\/2026\\\/04\\\/27154436_336609_GDO.jpeg\",\"contentUrl\":\"https:\\\/\\\/redelitoralrs.com\\\/wp-content\\\/uploads\\\/2026\\\/04\\\/27154436_336609_GDO.jpeg\",\"width\":800,\"height\":533,\"caption\":\"Foto: Vitor Rosa\\\/Secom\"},{\"@type\":\"BreadcrumbList\",\"@id\":\"https:\\\/\\\/redelitoralrs.com\\\/index.php\\\/2026\\\/04\\\/29\\\/programa-alfabetiza-tche-premia-200-escolas-e-reconhece-instituicoes-do-litoral-norte-do-rs\\\/#breadcrumb\",\"itemListElement\":[{\"@type\":\"ListItem\",\"position\":1,\"name\":\"In\u00edcio\",\"item\":\"https:\\\/\\\/redelitoralrs.com\\\/\"},{\"@type\":\"ListItem\",\"position\":2,\"name\":\"Programa Alfabetiza Tch\u00ea premia 200 escolas e reconhece institui\u00e7\u00f5es do Litoral Norte do RS\"}]},{\"@type\":\"WebSite\",\"@id\":\"https:\\\/\\\/redelitoralrs.com\\\/#website\",\"url\":\"https:\\\/\\\/redelitoralrs.com\\\/\",\"name\":\"TV Litoral\",\"description\":\"Acompanhe tudo do litoral ga\u00facho com a cobertura completa e atualizada da Rede Litoral RS. Nossos jornalistas trazem as \u00faltimas not\u00edcias, os acontecimentos mais quentes e as hist\u00f3rias que importam sobre nosso amado litoral.\",\"publisher\":{\"@id\":\"https:\\\/\\\/redelitoralrs.com\\\/#organization\"},\"potentialAction\":[{\"@type\":\"SearchAction\",\"target\":{\"@type\":\"EntryPoint\",\"urlTemplate\":\"https:\\\/\\\/redelitoralrs.com\\\/?s={search_term_string}\"},\"query-input\":{\"@type\":\"PropertyValueSpecification\",\"valueRequired\":true,\"valueName\":\"search_term_string\"}}],\"inLanguage\":\"pt-BR\"},{\"@type\":\"Organization\",\"@id\":\"https:\\\/\\\/redelitoralrs.com\\\/#organization\",\"name\":\"TV Litoral\",\"url\":\"https:\\\/\\\/redelitoralrs.com\\\/\",\"logo\":{\"@type\":\"ImageObject\",\"inLanguage\":\"pt-BR\",\"@id\":\"https:\\\/\\\/redelitoralrs.com\\\/#\\\/schema\\\/logo\\\/image\\\/\",\"url\":\"https:\\\/\\\/redelitoralrs.com\\\/wp-content\\\/uploads\\\/2024\\\/01\\\/faviconicon-1-1.png\",\"contentUrl\":\"https:\\\/\\\/redelitoralrs.com\\\/wp-content\\\/uploads\\\/2024\\\/01\\\/faviconicon-1-1.png\",\"width\":454,\"height\":454,\"caption\":\"TV Litoral\"},\"image\":{\"@id\":\"https:\\\/\\\/redelitoralrs.com\\\/#\\\/schema\\\/logo\\\/image\\\/\"},\"sameAs\":[\"https:\\\/\\\/www.facebook.com\\\/tvlitoralrsoficial\",\"https:\\\/\\\/www.instagram.com\\\/tvlitoral.rs\"]},{\"@type\":\"Person\",\"@id\":\"https:\\\/\\\/redelitoralrs.com\\\/#\\\/schema\\\/person\\\/9f8181f2a7359dd3986f05ebaf5bd68a\",\"name\":\"Reda\u00e7\u00e3o TV Litoral\",\"image\":{\"@type\":\"ImageObject\",\"inLanguage\":\"pt-BR\",\"@id\":\"https:\\\/\\\/redelitoralrs.com\\\/wp-content\\\/litespeed\\\/avatar\\\/779aafbb45e66c7f82733e21abb48259.jpg?ver=1776956734\",\"url\":\"https:\\\/\\\/redelitoralrs.com\\\/wp-content\\\/litespeed\\\/avatar\\\/779aafbb45e66c7f82733e21abb48259.jpg?ver=1776956734\",\"contentUrl\":\"https:\\\/\\\/redelitoralrs.com\\\/wp-content\\\/litespeed\\\/avatar\\\/779aafbb45e66c7f82733e21abb48259.jpg?ver=1776956734\",\"caption\":\"Reda\u00e7\u00e3o TV Litoral\"},\"description\":\"A Rede Litoral de Comunica\u00e7\u00e3o \u00e9 um grupo de m\u00eddia multiplataforma do Litoral Norte do RS. Com atua\u00e7\u00e3o em TV, r\u00e1dio, portal e redes sociais, levamos informa\u00e7\u00e3o, conte\u00fado e entretenimento \u00e0 comunidade, fortalecendo a comunica\u00e7\u00e3o local e impulsionando o desenvolvimento regional. Acompanhe atrav\u00e9s de @redelitoralrs.\",\"sameAs\":[\"https:\\\/\\\/redelitoralrs.com\",\"https:\\\/\\\/www.instagram.com\\\/redelitoralrs\",\"https:\\\/\\\/www.youtube.com\\\/@redelitoralrs\"],\"url\":\"https:\\\/\\\/redelitoralrs.com\\\/index.php\\\/author\\\/redacaotvlitoral\\\/\"}]}<\/script>\n<!-- \/ Yoast SEO plugin. -->","yoast_head_json":{"title":"Programa Alfabetiza Tch\u00ea premia 200 escolas e reconhece institui\u00e7\u00f5es do Litoral Norte do RS - Rede Litoral RS","robots":{"index":"index","follow":"follow","max-snippet":"max-snippet:-1","max-image-preview":"max-image-preview:large","max-video-preview":"max-video-preview:-1"},"canonical":"https:\/\/redelitoralrs.com\/index.php\/2026\/04\/29\/programa-alfabetiza-tche-premia-200-escolas-e-reconhece-instituicoes-do-litoral-norte-do-rs\/","og_locale":"pt_BR","og_type":"article","og_title":"Programa Alfabetiza Tch\u00ea premia 200 escolas e reconhece institui\u00e7\u00f5es do Litoral Norte do RS - Rede Litoral RS","og_description":"O Governo do Rio Grande do Sul realizou, na segunda-feira (27), a premia\u00e7\u00e3o do Programa Alfabetiza Tch\u00ea, reconhecendo 200 escolas estaduais e municipais com os melhores indicadores de alfabetiza\u00e7\u00e3o no \u00faltimo ano. A cerim\u00f4nia ocorreu no audit\u00f3rio do Teatro da Ospa, em Porto Alegre, reunindo autoridades, educadores e estudantes. Participaram do evento o governador Eduardo [&hellip;]","og_url":"https:\/\/redelitoralrs.com\/index.php\/2026\/04\/29\/programa-alfabetiza-tche-premia-200-escolas-e-reconhece-instituicoes-do-litoral-norte-do-rs\/","og_site_name":"Rede Litoral RS","article_publisher":"https:\/\/www.facebook.com\/tvlitoralrsoficial","article_published_time":"2026-04-29T20:16:36+00:00","og_image":[{"width":800,"height":533,"url":"https:\/\/redelitoralrs.com\/wp-content\/uploads\/2026\/04\/27154436_336609_GDO.jpeg","type":"image\/jpeg"}],"author":"Reda\u00e7\u00e3o TV Litoral","twitter_card":"summary_large_image","twitter_misc":{"Escrito por":"Reda\u00e7\u00e3o TV Litoral","Est. tempo de leitura":"2 minutos"},"schema":{"@context":"https:\/\/schema.org","@graph":[{"@type":"Article","@id":"https:\/\/redelitoralrs.com\/index.php\/2026\/04\/29\/programa-alfabetiza-tche-premia-200-escolas-e-reconhece-instituicoes-do-litoral-norte-do-rs\/#article","isPartOf":{"@id":"https:\/\/redelitoralrs.com\/index.php\/2026\/04\/29\/programa-alfabetiza-tche-premia-200-escolas-e-reconhece-instituicoes-do-litoral-norte-do-rs\/"},"author":{"name":"Reda\u00e7\u00e3o TV Litoral","@id":"https:\/\/redelitoralrs.com\/#\/schema\/person\/9f8181f2a7359dd3986f05ebaf5bd68a"},"headline":"Programa Alfabetiza Tch\u00ea premia 200 escolas e reconhece institui\u00e7\u00f5es do Litoral Norte do RS","datePublished":"2026-04-29T20:16:36+00:00","mainEntityOfPage":{"@id":"https:\/\/redelitoralrs.com\/index.php\/2026\/04\/29\/programa-alfabetiza-tche-premia-200-escolas-e-reconhece-instituicoes-do-litoral-norte-do-rs\/"},"wordCount":332,"commentCount":0,"publisher":{"@id":"https:\/\/redelitoralrs.com\/#organization"},"image":{"@id":"https:\/\/redelitoralrs.com\/index.php\/2026\/04\/29\/programa-alfabetiza-tche-premia-200-escolas-e-reconhece-instituicoes-do-litoral-norte-do-rs\/#primaryimage"},"thumbnailUrl":"https:\/\/redelitoralrs.com\/wp-content\/uploads\/2026\/04\/27154436_336609_GDO.jpeg","articleSection":["Educa\u00e7\u00e3o","Litoral Norte","\u00daltimas not\u00edcias"],"inLanguage":"pt-BR","potentialAction":[{"@type":"CommentAction","name":"Comment","target":["https:\/\/redelitoralrs.com\/index.php\/2026\/04\/29\/programa-alfabetiza-tche-premia-200-escolas-e-reconhece-instituicoes-do-litoral-norte-do-rs\/#respond"]}]},{"@type":"WebPage","@id":"https:\/\/redelitoralrs.com\/index.php\/2026\/04\/29\/programa-alfabetiza-tche-premia-200-escolas-e-reconhece-instituicoes-do-litoral-norte-do-rs\/","url":"https:\/\/redelitoralrs.com\/index.php\/2026\/04\/29\/programa-alfabetiza-tche-premia-200-escolas-e-reconhece-instituicoes-do-litoral-norte-do-rs\/","name":"Programa Alfabetiza Tch\u00ea premia 200 escolas e reconhece institui\u00e7\u00f5es do Litoral Norte do RS - Rede Litoral RS","isPartOf":{"@id":"https:\/\/redelitoralrs.com\/#website"},"primaryImageOfPage":{"@id":"https:\/\/redelitoralrs.com\/index.php\/2026\/04\/29\/programa-alfabetiza-tche-premia-200-escolas-e-reconhece-instituicoes-do-litoral-norte-do-rs\/#primaryimage"},"image":{"@id":"https:\/\/redelitoralrs.com\/index.php\/2026\/04\/29\/programa-alfabetiza-tche-premia-200-escolas-e-reconhece-instituicoes-do-litoral-norte-do-rs\/#primaryimage"},"thumbnailUrl":"https:\/\/redelitoralrs.com\/wp-content\/uploads\/2026\/04\/27154436_336609_GDO.jpeg","datePublished":"2026-04-29T20:16:36+00:00","breadcrumb":{"@id":"https:\/\/redelitoralrs.com\/index.php\/2026\/04\/29\/programa-alfabetiza-tche-premia-200-escolas-e-reconhece-instituicoes-do-litoral-norte-do-rs\/#breadcrumb"},"inLanguage":"pt-BR","potentialAction":[{"@type":"ReadAction","target":["https:\/\/redelitoralrs.com\/index.php\/2026\/04\/29\/programa-alfabetiza-tche-premia-200-escolas-e-reconhece-instituicoes-do-litoral-norte-do-rs\/"]}]},{"@type":"ImageObject","inLanguage":"pt-BR","@id":"https:\/\/redelitoralrs.com\/index.php\/2026\/04\/29\/programa-alfabetiza-tche-premia-200-escolas-e-reconhece-instituicoes-do-litoral-norte-do-rs\/#primaryimage","url":"https:\/\/redelitoralrs.com\/wp-content\/uploads\/2026\/04\/27154436_336609_GDO.jpeg","contentUrl":"https:\/\/redelitoralrs.com\/wp-content\/uploads\/2026\/04\/27154436_336609_GDO.jpeg","width":800,"height":533,"caption":"Foto: Vitor Rosa\/Secom"},{"@type":"BreadcrumbList","@id":"https:\/\/redelitoralrs.com\/index.php\/2026\/04\/29\/programa-alfabetiza-tche-premia-200-escolas-e-reconhece-instituicoes-do-litoral-norte-do-rs\/#breadcrumb","itemListElement":[{"@type":"ListItem","position":1,"name":"In\u00edcio","item":"https:\/\/redelitoralrs.com\/"},{"@type":"ListItem","position":2,"name":"Programa Alfabetiza Tch\u00ea premia 200 escolas e reconhece institui\u00e7\u00f5es do Litoral Norte do RS"}]},{"@type":"WebSite","@id":"https:\/\/redelitoralrs.com\/#website","url":"https:\/\/redelitoralrs.com\/","name":"TV Litoral","description":"Acompanhe tudo do litoral ga\u00facho com a cobertura completa e atualizada da Rede Litoral RS. Nossos jornalistas trazem as \u00faltimas not\u00edcias, os acontecimentos mais quentes e as hist\u00f3rias que importam sobre nosso amado litoral.","publisher":{"@id":"https:\/\/redelitoralrs.com\/#organization"},"potentialAction":[{"@type":"SearchAction","target":{"@type":"EntryPoint","urlTemplate":"https:\/\/redelitoralrs.com\/?s={search_term_string}"},"query-input":{"@type":"PropertyValueSpecification","valueRequired":true,"valueName":"search_term_string"}}],"inLanguage":"pt-BR"},{"@type":"Organization","@id":"https:\/\/redelitoralrs.com\/#organization","name":"TV Litoral","url":"https:\/\/redelitoralrs.com\/","logo":{"@type":"ImageObject","inLanguage":"pt-BR","@id":"https:\/\/redelitoralrs.com\/#\/schema\/logo\/image\/","url":"https:\/\/redelitoralrs.com\/wp-content\/uploads\/2024\/01\/faviconicon-1-1.png","contentUrl":"https:\/\/redelitoralrs.com\/wp-content\/uploads\/2024\/01\/faviconicon-1-1.png","width":454,"height":454,"caption":"TV Litoral"},"image":{"@id":"https:\/\/redelitoralrs.com\/#\/schema\/logo\/image\/"},"sameAs":["https:\/\/www.facebook.com\/tvlitoralrsoficial","https:\/\/www.instagram.com\/tvlitoral.rs"]},{"@type":"Person","@id":"https:\/\/redelitoralrs.com\/#\/schema\/person\/9f8181f2a7359dd3986f05ebaf5bd68a","name":"Reda\u00e7\u00e3o TV Litoral","image":{"@type":"ImageObject","inLanguage":"pt-BR","@id":"https:\/\/redelitoralrs.com\/wp-content\/litespeed\/avatar\/779aafbb45e66c7f82733e21abb48259.jpg?ver=1776956734","url":"https:\/\/redelitoralrs.com\/wp-content\/litespeed\/avatar\/779aafbb45e66c7f82733e21abb48259.jpg?ver=1776956734","contentUrl":"https:\/\/redelitoralrs.com\/wp-content\/litespeed\/avatar\/779aafbb45e66c7f82733e21abb48259.jpg?ver=1776956734","caption":"Reda\u00e7\u00e3o TV Litoral"},"description":"A Rede Litoral de Comunica\u00e7\u00e3o \u00e9 um grupo de m\u00eddia multiplataforma do Litoral Norte do RS. Com atua\u00e7\u00e3o em TV, r\u00e1dio, portal e redes sociais, levamos informa\u00e7\u00e3o, conte\u00fado e entretenimento \u00e0 comunidade, fortalecendo a comunica\u00e7\u00e3o local e impulsionando o desenvolvimento regional. Acompanhe atrav\u00e9s de @redelitoralrs.","sameAs":["https:\/\/redelitoralrs.com","https:\/\/www.instagram.com\/redelitoralrs","https:\/\/www.youtube.com\/@redelitoralrs"],"url":"https:\/\/redelitoralrs.com\/index.php\/author\/redacaotvlitoral\/"}]}},"_links":{"self":[{"href":"https:\/\/redelitoralrs.com\/index.php\/wp-json\/wp\/v2\/posts\/24857","targetHints":{"allow":["GET"]}}],"collection":[{"href":"https:\/\/redelitoralrs.com\/index.php\/wp-json\/wp\/v2\/posts"}],"about":[{"href":"https:\/\/redelitoralrs.com\/index.php\/wp-json\/wp\/v2\/types\/post"}],"author":[{"embeddable":true,"href":"https:\/\/redelitoralrs.com\/index.php\/wp-json\/wp\/v2\/users\/2"}],"replies":[{"embeddable":true,"href":"https:\/\/redelitoralrs.com\/index.php\/wp-json\/wp\/v2\/comments?post=24857"}],"version-history":[{"count":1,"href":"https:\/\/redelitoralrs.com\/index.php\/wp-json\/wp\/v2\/posts\/24857\/revisions"}],"predecessor-version":[{"id":24859,"href":"https:\/\/redelitoralrs.com\/index.php\/wp-json\/wp\/v2\/posts\/24857\/revisions\/24859"}],"wp:featuredmedia":[{"embeddable":true,"href":"https:\/\/redelitoralrs.com\/index.php\/wp-json\/wp\/v2\/media\/24858"}],"wp:attachment":[{"href":"https:\/\/redelitoralrs.com\/index.php\/wp-json\/wp\/v2\/media?parent=24857"}],"wp:term":[{"taxonomy":"category","embeddable":true,"href":"https:\/\/redelitoralrs.com\/index.php\/wp-json\/wp\/v2\/categories?post=24857"},{"taxonomy":"post_tag","embeddable":true,"href":"https:\/\/redelitoralrs.com\/index.php\/wp-json\/wp\/v2\/tags?post=24857"}],"curies":[{"name":"wp","href":"https:\/\/api.w.org\/{rel}","templated":true}]}}